{"id":92114,"date":"2022-05-04T02:38:14","date_gmt":"2022-05-04T05:38:14","guid":{"rendered":"http:\/\/infoecos.com.ar\/?p=92114"},"modified":"2022-05-06T03:36:58","modified_gmt":"2022-05-06T06:36:58","slug":"es-muy-parecido-a-las-peores-epocas-de-inundacion-en-el-distrito-dijo-el-secretario-de-obras-publicas-de-pehuajo","status":"publish","type":"post","link":"https:\/\/infoecos.com.ar\/index.php\/es-muy-parecido-a-las-peores-epocas-de-inundacion-en-el-distrito-dijo-el-secretario-de-obras-publicas-de-pehuajo\/","title":{"rendered":"\u00abEs muy parecido a las peores \u00e9pocas de inundaci\u00f3n en el distrito\u00bb, dijo Luis Fansi, secretario de Obras P\u00fablicas"},"content":{"rendered":"\n<p>El Intendente municipal de Pehuaj\u00f3, Pablo Zurro, acompa\u00f1ado por el Secretario de Obras P\u00fablicas, Ing. Luis Fanti y el Director de Caminos Rurales, Diego Montero, recorri\u00f3 los caminos rurales del distrito.  <\/p>\n\n\n\n<div class=\"wp-block-image\"><figure class=\"aligncenter size-large\"><img loading=\"lazy\" decoding=\"async\" width=\"640\" height=\"426\" src=\"http:\/\/infoecos.com.ar\/wp-content\/uploads\/2022\/05\/pehuajozurroagua.jpg\" alt=\"\" class=\"wp-image-92115\" srcset=\"https:\/\/infoecos.com.ar\/wp-content\/uploads\/2022\/05\/pehuajozurroagua.jpg 640w, https:\/\/infoecos.com.ar\/wp-content\/uploads\/2022\/05\/pehuajozurroagua-460x306.jpg 460w\" sizes=\"(max-width: 640px) 100vw, 640px\" \/><\/figure><\/div>\n\n\n\n<p>\u00abQuiero decirles que estamos tomando much\u00edsimas medidas en defensa de los caminos rurales de las localidades del partido de Pehuaj\u00f3. La lluvia anual de Pehuaj\u00f3 es de 877 mil\u00edmetros y en lo que va del a\u00f1o, en muchos lugares ya estamos cerca de los 800. Los caminos rurales est\u00e1n muy complicados por eso llamamos a emergencia para el d\u00eda 4, por eso volamos y es por eso que estamos trabajando much\u00edsimo. A la tasa rural la prorrogu\u00e9 60 d\u00edas y si la tengo que seguir prorrogando, lo seguir\u00e9 haciendo. Adem\u00e1s, mientras tanto, compramos tres motoniveladoras a un costo de $100 millones en la cual dos van a llegar en el mes de mayo y la otra en junio. Le vamos a pedir ayuda a la Provincia de Buenos Aires y a la Naci\u00f3n ya que m\u00e1s all\u00e1 de todo lo que tenemos, tuvimos que pedir camiones alquilados porque hay que hacer acarreo de tierra. Es muy complejo, la vertiente est\u00e1 muy alta, los caminos muy inundados y como siempre les digo, cuenten con nosotros porque Pehuaj\u00f3 es un estado presente y con mucho trabajo vamos a solucionar esto\u00bb, expres\u00f3 el mandatario comunal, lo que est\u00e1 reflejado en la p\u00e1gina oficial <strong>pehuajo.gob.ar<\/strong> &nbsp;<\/p>\n\n\n\n<div class=\"wp-block-image\"><figure class=\"aligncenter size-large\"><img loading=\"lazy\" decoding=\"async\" width=\"640\" height=\"480\" src=\"http:\/\/infoecos.com.ar\/wp-content\/uploads\/2022\/05\/pehuajoagua.jpg\" alt=\"\" class=\"wp-image-92116\" srcset=\"https:\/\/infoecos.com.ar\/wp-content\/uploads\/2022\/05\/pehuajoagua.jpg 640w, https:\/\/infoecos.com.ar\/wp-content\/uploads\/2022\/05\/pehuajoagua-460x345.jpg 460w\" sizes=\"(max-width: 640px) 100vw, 640px\" \/><\/figure><\/div>\n\n\n\n<p>En tanto el Secretario de Obras P\u00fablicas Luis Fanti, agreg\u00f3 \u00abEstamos en un lugar muy complicado, es muy parecido a las peores \u00e9pocas de inundaci\u00f3n en el distrito, ha llovido mucho en este sector lo cual el nivel del agua es muy alto ya que los niveles de lluvia en algunos sectores de Pehuaj\u00f3 est\u00e1 entre los 600-800 mil\u00edmetros lo que en promedio es de lluvia anual para esta regi\u00f3n\u00bb.<\/p>\n","protected":false},"excerpt":{"rendered":"<p>\u00abLa lluvia anual de Pehuaj\u00f3 es de 877 mil\u00edmetros y en lo que va del a\u00f1o, en muchos lugares ya estamos cerca de los 800\u00bb, apunt\u00f3 Zurro en recorrida por los caminos rurales<\/p>\n","protected":false},"author":2,"featured_media":92116,"comment_status":"closed","ping_status":"open","sticky":false,"template":"","format":"standard","meta":{"footnotes":""},"categories":[201,48],"tags":[5984],"class_list":["post-92114","post","type-post","status-publish","format-standard","has-post-thumbnail","hentry","category-inferior9","category-c2nota3","tag-situacion-hidrica"],"yoast_head":"<!-- This site is optimized with the Yoast SEO plugin v23.4 - https:\/\/yoast.com\/wordpress\/plugins\/seo\/ -->\n<title>&quot;Es muy parecido a las peores \u00e9pocas de inundaci\u00f3n en el distrito&quot;, dijo Luis Fansi, secretario de Obras P\u00fablicas - Infoecos<\/title>\n<meta name=\"robots\" content=\"index, follow, max-snippet:-1, max-image-preview:large, max-video-preview:-1\" \/>\n<link rel=\"canonical\" href=\"https:\/\/infoecos.com.ar\/index.php\/es-muy-parecido-a-las-peores-epocas-de-inundacion-en-el-distrito-dijo-el-secretario-de-obras-publicas-de-pehuajo\/\" \/>\n<meta property=\"og:locale\" content=\"es_ES\" \/>\n<meta property=\"og:type\" content=\"article\" \/>\n<meta property=\"og:title\" content=\"&quot;Es muy parecido a las peores \u00e9pocas de inundaci\u00f3n en el distrito&quot;, dijo Luis Fansi, secretario de Obras P\u00fablicas - Infoecos\" \/>\n<meta property=\"og:description\" content=\"&quot;La lluvia anual de Pehuaj\u00f3 es de 877 mil\u00edmetros y en lo que va del a\u00f1o, en muchos lugares ya estamos cerca de los 800&quot;, apunt\u00f3 Zurro en recorrida por los caminos rurales\" \/>\n<meta property=\"og:url\" content=\"https:\/\/infoecos.com.ar\/index.php\/es-muy-parecido-a-las-peores-epocas-de-inundacion-en-el-distrito-dijo-el-secretario-de-obras-publicas-de-pehuajo\/\" \/>\n<meta property=\"og:site_name\" content=\"Infoecos\" \/>\n<meta property=\"article:publisher\" content=\"https:\/\/www.facebook.com\/profile.php?id=100063200290284\" \/>\n<meta property=\"article:published_time\" content=\"2022-05-04T05:38:14+00:00\" \/>\n<meta property=\"article:modified_time\" content=\"2022-05-06T06:36:58+00:00\" \/>\n<meta property=\"og:image\" content=\"https:\/\/infoecos.com.ar\/wp-content\/uploads\/2022\/05\/pehuajoagua.jpg\" \/>\n\t<meta property=\"og:image:width\" content=\"640\" \/>\n\t<meta property=\"og:image:height\" content=\"480\" \/>\n\t<meta property=\"og:image:type\" content=\"image\/jpeg\" \/>\n<meta name=\"author\" content=\"Jorge Matheus\" \/>\n<meta name=\"twitter:card\" content=\"summary_large_image\" \/>\n<meta name=\"twitter:creator\" content=\"@infoecos\" \/>\n<meta name=\"twitter:site\" content=\"@infoecos\" \/>\n<meta name=\"twitter:label1\" content=\"Escrito por\" \/>\n\t<meta name=\"twitter:data1\" content=\"Jorge Matheus\" \/>\n\t<meta name=\"twitter:label2\" content=\"Tiempo de lectura\" \/>\n\t<meta name=\"twitter:data2\" content=\"2 minutos\" \/>\n<script type=\"application\/ld+json\" class=\"yoast-schema-graph\">{\"@context\":\"https:\/\/schema.org\",\"@graph\":[{\"@type\":\"Article\",\"@id\":\"https:\/\/infoecos.com.ar\/index.php\/es-muy-parecido-a-las-peores-epocas-de-inundacion-en-el-distrito-dijo-el-secretario-de-obras-publicas-de-pehuajo\/#article\",\"isPartOf\":{\"@id\":\"https:\/\/infoecos.com.ar\/index.php\/es-muy-parecido-a-las-peores-epocas-de-inundacion-en-el-distrito-dijo-el-secretario-de-obras-publicas-de-pehuajo\/\"},\"author\":{\"name\":\"Jorge Matheus\",\"@id\":\"https:\/\/infoecos.com.ar\/#\/schema\/person\/8f5ace5ce73b4b4aac4b7245aee6f191\"},\"headline\":\"\u00abEs muy parecido a las peores \u00e9pocas de inundaci\u00f3n en el distrito\u00bb, dijo Luis Fansi, secretario de Obras P\u00fablicas\",\"datePublished\":\"2022-05-04T05:38:14+00:00\",\"dateModified\":\"2022-05-06T06:36:58+00:00\",\"mainEntityOfPage\":{\"@id\":\"https:\/\/infoecos.com.ar\/index.php\/es-muy-parecido-a-las-peores-epocas-de-inundacion-en-el-distrito-dijo-el-secretario-de-obras-publicas-de-pehuajo\/\"},\"wordCount\":338,\"publisher\":{\"@id\":\"https:\/\/infoecos.com.ar\/#organization\"},\"image\":{\"@id\":\"https:\/\/infoecos.com.ar\/index.php\/es-muy-parecido-a-las-peores-epocas-de-inundacion-en-el-distrito-dijo-el-secretario-de-obras-publicas-de-pehuajo\/#primaryimage\"},\"thumbnailUrl\":\"https:\/\/infoecos.com.ar\/wp-content\/uploads\/2022\/05\/pehuajoagua.jpg\",\"keywords\":[\"SITUACI\u00d3N H\u00cdDRICA\"],\"articleSection\":[\"Bloque inferior - 9\",\"C2 N3\"],\"inLanguage\":\"es\"},{\"@type\":\"WebPage\",\"@id\":\"https:\/\/infoecos.com.ar\/index.php\/es-muy-parecido-a-las-peores-epocas-de-inundacion-en-el-distrito-dijo-el-secretario-de-obras-publicas-de-pehuajo\/\",\"url\":\"https:\/\/infoecos.com.ar\/index.php\/es-muy-parecido-a-las-peores-epocas-de-inundacion-en-el-distrito-dijo-el-secretario-de-obras-publicas-de-pehuajo\/\",\"name\":\"\\\"Es muy parecido a las peores \u00e9pocas de inundaci\u00f3n en el distrito\\\", dijo Luis Fansi, secretario de Obras P\u00fablicas - Infoecos\",\"isPartOf\":{\"@id\":\"https:\/\/infoecos.com.ar\/#website\"},\"primaryImageOfPage\":{\"@id\":\"https:\/\/infoecos.com.ar\/index.php\/es-muy-parecido-a-las-peores-epocas-de-inundacion-en-el-distrito-dijo-el-secretario-de-obras-publicas-de-pehuajo\/#primaryimage\"},\"image\":{\"@id\":\"https:\/\/infoecos.com.ar\/index.php\/es-muy-parecido-a-las-peores-epocas-de-inundacion-en-el-distrito-dijo-el-secretario-de-obras-publicas-de-pehuajo\/#primaryimage\"},\"thumbnailUrl\":\"https:\/\/infoecos.com.ar\/wp-content\/uploads\/2022\/05\/pehuajoagua.jpg\",\"datePublished\":\"2022-05-04T05:38:14+00:00\",\"dateModified\":\"2022-05-06T06:36:58+00:00\",\"breadcrumb\":{\"@id\":\"https:\/\/infoecos.com.ar\/index.php\/es-muy-parecido-a-las-peores-epocas-de-inundacion-en-el-distrito-dijo-el-secretario-de-obras-publicas-de-pehuajo\/#breadcrumb\"},\"inLanguage\":\"es\",\"potentialAction\":[{\"@type\":\"ReadAction\",\"target\":[\"https:\/\/infoecos.com.ar\/index.php\/es-muy-parecido-a-las-peores-epocas-de-inundacion-en-el-distrito-dijo-el-secretario-de-obras-publicas-de-pehuajo\/\"]}]},{\"@type\":\"ImageObject\",\"inLanguage\":\"es\",\"@id\":\"https:\/\/infoecos.com.ar\/index.php\/es-muy-parecido-a-las-peores-epocas-de-inundacion-en-el-distrito-dijo-el-secretario-de-obras-publicas-de-pehuajo\/#primaryimage\",\"url\":\"https:\/\/infoecos.com.ar\/wp-content\/uploads\/2022\/05\/pehuajoagua.jpg\",\"contentUrl\":\"https:\/\/infoecos.com.ar\/wp-content\/uploads\/2022\/05\/pehuajoagua.jpg\",\"width\":640,\"height\":480},{\"@type\":\"BreadcrumbList\",\"@id\":\"https:\/\/infoecos.com.ar\/index.php\/es-muy-parecido-a-las-peores-epocas-de-inundacion-en-el-distrito-dijo-el-secretario-de-obras-publicas-de-pehuajo\/#breadcrumb\",\"itemListElement\":[{\"@type\":\"ListItem\",\"position\":1,\"name\":\"Portada\",\"item\":\"https:\/\/infoecos.com.ar\/\"},{\"@type\":\"ListItem\",\"position\":2,\"name\":\"\u00abEs muy parecido a las peores \u00e9pocas de inundaci\u00f3n en el distrito\u00bb, dijo Luis Fansi, secretario de Obras P\u00fablicas\"}]},{\"@type\":\"WebSite\",\"@id\":\"https:\/\/infoecos.com.ar\/#website\",\"url\":\"https:\/\/infoecos.com.ar\/\",\"name\":\"Infoecos\",\"description\":\"Noticias de trenque lauquen y la zona\",\"publisher\":{\"@id\":\"https:\/\/infoecos.com.ar\/#organization\"},\"alternateName\":\"Noticias\",\"potentialAction\":[{\"@type\":\"SearchAction\",\"target\":{\"@type\":\"EntryPoint\",\"urlTemplate\":\"https:\/\/infoecos.com.ar\/?s={search_term_string}\"},\"query-input\":{\"@type\":\"PropertyValueSpecification\",\"valueRequired\":true,\"valueName\":\"search_term_string\"}}],\"inLanguage\":\"es\"},{\"@type\":\"Organization\",\"@id\":\"https:\/\/infoecos.com.ar\/#organization\",\"name\":\"Infoecos\",\"alternateName\":\"Noticias\",\"url\":\"https:\/\/infoecos.com.ar\/\",\"logo\":{\"@type\":\"ImageObject\",\"inLanguage\":\"es\",\"@id\":\"https:\/\/infoecos.com.ar\/#\/schema\/logo\/image\/\",\"url\":\"https:\/\/infoecos.com.ar\/wp-content\/uploads\/2024\/03\/cropped-logo.png\",\"contentUrl\":\"https:\/\/infoecos.com.ar\/wp-content\/uploads\/2024\/03\/cropped-logo.png\",\"width\":374,\"height\":90,\"caption\":\"Infoecos\"},\"image\":{\"@id\":\"https:\/\/infoecos.com.ar\/#\/schema\/logo\/image\/\"},\"sameAs\":[\"https:\/\/www.facebook.com\/profile.php?id=100063200290284\",\"https:\/\/x.com\/infoecos\"]},{\"@type\":\"Person\",\"@id\":\"https:\/\/infoecos.com.ar\/#\/schema\/person\/8f5ace5ce73b4b4aac4b7245aee6f191\",\"name\":\"Jorge Matheus\",\"url\":\"https:\/\/infoecos.com.ar\/index.php\/author\/jomatheus\/\"}]}<\/script>\n<!-- \/ Yoast SEO plugin. -->","yoast_head_json":{"title":"\"Es muy parecido a las peores \u00e9pocas de inundaci\u00f3n en el distrito\", dijo Luis Fansi, secretario de Obras P\u00fablicas - Infoecos","robots":{"index":"index","follow":"follow","max-snippet":"max-snippet:-1","max-image-preview":"max-image-preview:large","max-video-preview":"max-video-preview:-1"},"canonical":"https:\/\/infoecos.com.ar\/index.php\/es-muy-parecido-a-las-peores-epocas-de-inundacion-en-el-distrito-dijo-el-secretario-de-obras-publicas-de-pehuajo\/","og_locale":"es_ES","og_type":"article","og_title":"\"Es muy parecido a las peores \u00e9pocas de inundaci\u00f3n en el distrito\", dijo Luis Fansi, secretario de Obras P\u00fablicas - Infoecos","og_description":"\"La lluvia anual de Pehuaj\u00f3 es de 877 mil\u00edmetros y en lo que va del a\u00f1o, en muchos lugares ya estamos cerca de los 800\", apunt\u00f3 Zurro en recorrida por los caminos rurales","og_url":"https:\/\/infoecos.com.ar\/index.php\/es-muy-parecido-a-las-peores-epocas-de-inundacion-en-el-distrito-dijo-el-secretario-de-obras-publicas-de-pehuajo\/","og_site_name":"Infoecos","article_publisher":"https:\/\/www.facebook.com\/profile.php?id=100063200290284","article_published_time":"2022-05-04T05:38:14+00:00","article_modified_time":"2022-05-06T06:36:58+00:00","og_image":[{"width":640,"height":480,"url":"https:\/\/infoecos.com.ar\/wp-content\/uploads\/2022\/05\/pehuajoagua.jpg","type":"image\/jpeg"}],"author":"Jorge Matheus","twitter_card":"summary_large_image","twitter_creator":"@infoecos","twitter_site":"@infoecos","twitter_misc":{"Escrito por":"Jorge Matheus","Tiempo de lectura":"2 minutos"},"schema":{"@context":"https:\/\/schema.org","@graph":[{"@type":"Article","@id":"https:\/\/infoecos.com.ar\/index.php\/es-muy-parecido-a-las-peores-epocas-de-inundacion-en-el-distrito-dijo-el-secretario-de-obras-publicas-de-pehuajo\/#article","isPartOf":{"@id":"https:\/\/infoecos.com.ar\/index.php\/es-muy-parecido-a-las-peores-epocas-de-inundacion-en-el-distrito-dijo-el-secretario-de-obras-publicas-de-pehuajo\/"},"author":{"name":"Jorge Matheus","@id":"https:\/\/infoecos.com.ar\/#\/schema\/person\/8f5ace5ce73b4b4aac4b7245aee6f191"},"headline":"\u00abEs muy parecido a las peores \u00e9pocas de inundaci\u00f3n en el distrito\u00bb, dijo Luis Fansi, secretario de Obras P\u00fablicas","datePublished":"2022-05-04T05:38:14+00:00","dateModified":"2022-05-06T06:36:58+00:00","mainEntityOfPage":{"@id":"https:\/\/infoecos.com.ar\/index.php\/es-muy-parecido-a-las-peores-epocas-de-inundacion-en-el-distrito-dijo-el-secretario-de-obras-publicas-de-pehuajo\/"},"wordCount":338,"publisher":{"@id":"https:\/\/infoecos.com.ar\/#organization"},"image":{"@id":"https:\/\/infoecos.com.ar\/index.php\/es-muy-parecido-a-las-peores-epocas-de-inundacion-en-el-distrito-dijo-el-secretario-de-obras-publicas-de-pehuajo\/#primaryimage"},"thumbnailUrl":"https:\/\/infoecos.com.ar\/wp-content\/uploads\/2022\/05\/pehuajoagua.jpg","keywords":["SITUACI\u00d3N H\u00cdDRICA"],"articleSection":["Bloque inferior - 9","C2 N3"],"inLanguage":"es"},{"@type":"WebPage","@id":"https:\/\/infoecos.com.ar\/index.php\/es-muy-parecido-a-las-peores-epocas-de-inundacion-en-el-distrito-dijo-el-secretario-de-obras-publicas-de-pehuajo\/","url":"https:\/\/infoecos.com.ar\/index.php\/es-muy-parecido-a-las-peores-epocas-de-inundacion-en-el-distrito-dijo-el-secretario-de-obras-publicas-de-pehuajo\/","name":"\"Es muy parecido a las peores \u00e9pocas de inundaci\u00f3n en el distrito\", dijo Luis Fansi, secretario de Obras P\u00fablicas - Infoecos","isPartOf":{"@id":"https:\/\/infoecos.com.ar\/#website"},"primaryImageOfPage":{"@id":"https:\/\/infoecos.com.ar\/index.php\/es-muy-parecido-a-las-peores-epocas-de-inundacion-en-el-distrito-dijo-el-secretario-de-obras-publicas-de-pehuajo\/#primaryimage"},"image":{"@id":"https:\/\/infoecos.com.ar\/index.php\/es-muy-parecido-a-las-peores-epocas-de-inundacion-en-el-distrito-dijo-el-secretario-de-obras-publicas-de-pehuajo\/#primaryimage"},"thumbnailUrl":"https:\/\/infoecos.com.ar\/wp-content\/uploads\/2022\/05\/pehuajoagua.jpg","datePublished":"2022-05-04T05:38:14+00:00","dateModified":"2022-05-06T06:36:58+00:00","breadcrumb":{"@id":"https:\/\/infoecos.com.ar\/index.php\/es-muy-parecido-a-las-peores-epocas-de-inundacion-en-el-distrito-dijo-el-secretario-de-obras-publicas-de-pehuajo\/#breadcrumb"},"inLanguage":"es","potentialAction":[{"@type":"ReadAction","target":["https:\/\/infoecos.com.ar\/index.php\/es-muy-parecido-a-las-peores-epocas-de-inundacion-en-el-distrito-dijo-el-secretario-de-obras-publicas-de-pehuajo\/"]}]},{"@type":"ImageObject","inLanguage":"es","@id":"https:\/\/infoecos.com.ar\/index.php\/es-muy-parecido-a-las-peores-epocas-de-inundacion-en-el-distrito-dijo-el-secretario-de-obras-publicas-de-pehuajo\/#primaryimage","url":"https:\/\/infoecos.com.ar\/wp-content\/uploads\/2022\/05\/pehuajoagua.jpg","contentUrl":"https:\/\/infoecos.com.ar\/wp-content\/uploads\/2022\/05\/pehuajoagua.jpg","width":640,"height":480},{"@type":"BreadcrumbList","@id":"https:\/\/infoecos.com.ar\/index.php\/es-muy-parecido-a-las-peores-epocas-de-inundacion-en-el-distrito-dijo-el-secretario-de-obras-publicas-de-pehuajo\/#breadcrumb","itemListElement":[{"@type":"ListItem","position":1,"name":"Portada","item":"https:\/\/infoecos.com.ar\/"},{"@type":"ListItem","position":2,"name":"\u00abEs muy parecido a las peores \u00e9pocas de inundaci\u00f3n en el distrito\u00bb, dijo Luis Fansi, secretario de Obras P\u00fablicas"}]},{"@type":"WebSite","@id":"https:\/\/infoecos.com.ar\/#website","url":"https:\/\/infoecos.com.ar\/","name":"Infoecos","description":"Noticias de trenque lauquen y la zona","publisher":{"@id":"https:\/\/infoecos.com.ar\/#organization"},"alternateName":"Noticias","potentialAction":[{"@type":"SearchAction","target":{"@type":"EntryPoint","urlTemplate":"https:\/\/infoecos.com.ar\/?s={search_term_string}"},"query-input":{"@type":"PropertyValueSpecification","valueRequired":true,"valueName":"search_term_string"}}],"inLanguage":"es"},{"@type":"Organization","@id":"https:\/\/infoecos.com.ar\/#organization","name":"Infoecos","alternateName":"Noticias","url":"https:\/\/infoecos.com.ar\/","logo":{"@type":"ImageObject","inLanguage":"es","@id":"https:\/\/infoecos.com.ar\/#\/schema\/logo\/image\/","url":"https:\/\/infoecos.com.ar\/wp-content\/uploads\/2024\/03\/cropped-logo.png","contentUrl":"https:\/\/infoecos.com.ar\/wp-content\/uploads\/2024\/03\/cropped-logo.png","width":374,"height":90,"caption":"Infoecos"},"image":{"@id":"https:\/\/infoecos.com.ar\/#\/schema\/logo\/image\/"},"sameAs":["https:\/\/www.facebook.com\/profile.php?id=100063200290284","https:\/\/x.com\/infoecos"]},{"@type":"Person","@id":"https:\/\/infoecos.com.ar\/#\/schema\/person\/8f5ace5ce73b4b4aac4b7245aee6f191","name":"Jorge Matheus","url":"https:\/\/infoecos.com.ar\/index.php\/author\/jomatheus\/"}]}},"featured_image_urls":{"full":["https:\/\/infoecos.com.ar\/wp-content\/uploads\/2022\/05\/pehuajoagua.jpg",640,480,false],"thumbnail":["https:\/\/infoecos.com.ar\/wp-content\/uploads\/2022\/05\/pehuajoagua-150x150.jpg",150,150,true],"medium":["https:\/\/infoecos.com.ar\/wp-content\/uploads\/2022\/05\/pehuajoagua-460x345.jpg",460,345,true],"medium_large":["https:\/\/infoecos.com.ar\/wp-content\/uploads\/2022\/05\/pehuajoagua.jpg",640,480,false],"large":["https:\/\/infoecos.com.ar\/wp-content\/uploads\/2022\/05\/pehuajoagua.jpg",640,480,false],"1536x1536":["https:\/\/infoecos.com.ar\/wp-content\/uploads\/2022\/05\/pehuajoagua.jpg",640,480,false],"2048x2048":["https:\/\/infoecos.com.ar\/wp-content\/uploads\/2022\/05\/pehuajoagua.jpg",640,480,false],"covernews-slider-full":["https:\/\/infoecos.com.ar\/wp-content\/uploads\/2022\/05\/pehuajoagua.jpg",640,480,false],"covernews-slider-center":["https:\/\/infoecos.com.ar\/wp-content\/uploads\/2022\/05\/pehuajoagua.jpg",640,480,false],"covernews-featured":["https:\/\/infoecos.com.ar\/wp-content\/uploads\/2022\/05\/pehuajoagua.jpg",640,480,false],"covernews-medium":["https:\/\/infoecos.com.ar\/wp-content\/uploads\/2022\/05\/pehuajoagua-640x380.jpg",540,321,true],"covernews-medium-square":["https:\/\/infoecos.com.ar\/wp-content\/uploads\/2022\/05\/pehuajoagua-640x450.jpg",356,250,true]},"author_info":{"info":["Jorge Matheus"]},"category_info":"<a href=\"https:\/\/infoecos.com.ar\/index.php\/category\/inferior9\/\" rel=\"category tag\">Bloque inferior - 9<\/a> <a href=\"https:\/\/infoecos.com.ar\/index.php\/category\/c2nota3\/\" rel=\"category tag\">C2 N3<\/a>","tag_info":"C2 N3","comment_count":"0","_links":{"self":[{"href":"https:\/\/infoecos.com.ar\/index.php\/wp-json\/wp\/v2\/posts\/92114"}],"collection":[{"href":"https:\/\/infoecos.com.ar\/index.php\/wp-json\/wp\/v2\/posts"}],"about":[{"href":"https:\/\/infoecos.com.ar\/index.php\/wp-json\/wp\/v2\/types\/post"}],"author":[{"embeddable":true,"href":"https:\/\/infoecos.com.ar\/index.php\/wp-json\/wp\/v2\/users\/2"}],"replies":[{"embeddable":true,"href":"https:\/\/infoecos.com.ar\/index.php\/wp-json\/wp\/v2\/comments?post=92114"}],"version-history":[{"count":2,"href":"https:\/\/infoecos.com.ar\/index.php\/wp-json\/wp\/v2\/posts\/92114\/revisions"}],"predecessor-version":[{"id":92118,"href":"https:\/\/infoecos.com.ar\/index.php\/wp-json\/wp\/v2\/posts\/92114\/revisions\/92118"}],"wp:featuredmedia":[{"embeddable":true,"href":"https:\/\/infoecos.com.ar\/index.php\/wp-json\/wp\/v2\/media\/92116"}],"wp:attachment":[{"href":"https:\/\/infoecos.com.ar\/index.php\/wp-json\/wp\/v2\/media?parent=92114"}],"wp:term":[{"taxonomy":"category","embeddable":true,"href":"https:\/\/infoecos.com.ar\/index.php\/wp-json\/wp\/v2\/categories?post=92114"},{"taxonomy":"post_tag","embeddable":true,"href":"https:\/\/infoecos.com.ar\/index.php\/wp-json\/wp\/v2\/tags?post=92114"}],"curies":[{"name":"wp","href":"https:\/\/api.w.org\/{rel}","templated":true}]}}