{"id":92175,"date":"2022-05-05T01:12:49","date_gmt":"2022-05-05T04:12:49","guid":{"rendered":"http:\/\/infoecos.com.ar\/?p=92175"},"modified":"2022-05-06T03:34:01","modified_gmt":"2022-05-06T06:34:01","slug":"se-remodela-y-amplia-la-unidad-sanitaria-de-la-localidad-de-bayauca","status":"publish","type":"post","link":"https:\/\/infoecos.com.ar\/index.php\/se-remodela-y-amplia-la-unidad-sanitaria-de-la-localidad-de-bayauca\/","title":{"rendered":"Se remodela y ampl\u00eda la Unidad Sanitaria de la localidad de Bayauca"},"content":{"rendered":"\n<p>Se realizan trabajos de remodelaci\u00f3n y se construye una ampliaci\u00f3n del lugar con ladrillos sustentables en la Unidad Sanitaria de la localidad de Bayauca. <\/p>\n\n\n\n<p>El&nbsp;Jefe&nbsp;Comunal de Lincoln, junto al&nbsp;Jefe&nbsp;de Gabinete, Ram\u00f3n Parera; la delegada municipal de&nbsp;Bayauca, Viviana Fardos; y funcionarios del Departamento Ejecutivo, supervisaron el estado de avance de la obra.<\/p>\n\n\n\n<div class=\"wp-block-image\"><figure class=\"aligncenter size-large is-resized\"><img loading=\"lazy\" decoding=\"async\" src=\"http:\/\/infoecos.com.ar\/wp-content\/uploads\/2022\/05\/DSC_0487-920x613.jpg\" alt=\"\" class=\"wp-image-92176\" width=\"719\" height=\"478\" srcset=\"https:\/\/infoecos.com.ar\/wp-content\/uploads\/2022\/05\/DSC_0487-920x613.jpg 920w, https:\/\/infoecos.com.ar\/wp-content\/uploads\/2022\/05\/DSC_0487-460x307.jpg 460w, https:\/\/infoecos.com.ar\/wp-content\/uploads\/2022\/05\/DSC_0487-768x512.jpg 768w, https:\/\/infoecos.com.ar\/wp-content\/uploads\/2022\/05\/DSC_0487-1536x1020.jpg 1536w, https:\/\/infoecos.com.ar\/wp-content\/uploads\/2022\/05\/DSC_0487-675x450.jpg 675w\" sizes=\"(max-width: 719px) 100vw, 719px\" \/><\/figure><\/div>\n\n\n\n<p>\u201cSeguimos invirtiendo en Salud; como siempre digo, invertir en salud es invertir en lo m\u00e1s preciado que tenemos que es la vida\u201d, remarc\u00f3 Serenal. Y agreg\u00f3: \u201cEn este caso, tambi\u00e9n hay que resaltar que estamos haciendo la primera ampliaci\u00f3n con ladrillos reciclables, fruto del convenio que tenemos con la Cooperativa de Trabajo y Reciclaje de&nbsp;Bayauca&nbsp;y gracias al compromiso de miles de vecinos que reciclan hoy conjugamos este hermoso proyecto que une medio ambiente y salud\u201d.&nbsp;<\/p>\n\n\n\n<p>En detalle, en la Unidad Sanitaria de&nbsp;Bayauca&nbsp;se construye un nuevo consultorio de atenci\u00f3n levantado&nbsp;\u00edntegramente&nbsp;con ladrillos sustentables fabricados por la Cooperativa de Trabajo y Reciclaje de la&nbsp;localidad; se reconstruy\u00f3 a nuevo y se ampli\u00f3 la red de gas, y se colocar\u00e1n 4 nuevos calefactores. Asimismo, en el exterior se realiz\u00f3 un ingreso de emergencia para la entrada de la ambulancia y se proyecta la construcci\u00f3n de una galer\u00eda de estacionamiento para la misma.&nbsp;&nbsp;<\/p>\n","protected":false},"excerpt":{"rendered":"<p>El Jefe Comunal de Lincoln, junto al Jefe de Gabinete, Ram\u00f3n Parera; la delegada municipal de Bayauca, Viviana Fardos; y funcionarios del Departamento Ejecutivo, supervisaron el estado de avance<\/p>\n","protected":false},"author":2,"featured_media":92176,"comment_status":"closed","ping_status":"open","sticky":false,"template":"","format":"standard","meta":{"footnotes":""},"categories":[41],"tags":[5985],"class_list":["post-92175","post","type-post","status-publish","format-standard","has-post-thumbnail","hentry","category-inferior2","tag-autoridades-linquenas-en-el-lugar"],"yoast_head":"<!-- This site is optimized with the Yoast SEO plugin v23.4 - https:\/\/yoast.com\/wordpress\/plugins\/seo\/ -->\n<title>Se remodela y ampl\u00eda la Unidad Sanitaria de la localidad de Bayauca - Infoecos<\/title>\n<meta name=\"robots\" content=\"index, follow, max-snippet:-1, max-image-preview:large, max-video-preview:-1\" \/>\n<link rel=\"canonical\" href=\"https:\/\/infoecos.com.ar\/index.php\/se-remodela-y-amplia-la-unidad-sanitaria-de-la-localidad-de-bayauca\/\" \/>\n<meta property=\"og:locale\" content=\"es_ES\" \/>\n<meta property=\"og:type\" content=\"article\" \/>\n<meta property=\"og:title\" content=\"Se remodela y ampl\u00eda la Unidad Sanitaria de la localidad de Bayauca - Infoecos\" \/>\n<meta property=\"og:description\" content=\"El Jefe Comunal de Lincoln, junto al Jefe de Gabinete, Ram\u00f3n Parera; la delegada municipal de Bayauca, Viviana Fardos; y funcionarios del Departamento Ejecutivo, supervisaron el estado de avance\" \/>\n<meta property=\"og:url\" content=\"https:\/\/infoecos.com.ar\/index.php\/se-remodela-y-amplia-la-unidad-sanitaria-de-la-localidad-de-bayauca\/\" \/>\n<meta property=\"og:site_name\" content=\"Infoecos\" \/>\n<meta property=\"article:publisher\" content=\"https:\/\/www.facebook.com\/profile.php?id=100063200290284\" \/>\n<meta property=\"article:published_time\" content=\"2022-05-05T04:12:49+00:00\" \/>\n<meta property=\"article:modified_time\" content=\"2022-05-06T06:34:01+00:00\" \/>\n<meta property=\"og:image\" content=\"https:\/\/infoecos.com.ar\/wp-content\/uploads\/2022\/05\/DSC_0487-920x613.jpg\" \/>\n\t<meta property=\"og:image:width\" content=\"920\" \/>\n\t<meta property=\"og:image:height\" content=\"613\" \/>\n\t<meta property=\"og:image:type\" content=\"image\/jpeg\" \/>\n<meta name=\"author\" content=\"Jorge Matheus\" \/>\n<meta name=\"twitter:card\" content=\"summary_large_image\" \/>\n<meta name=\"twitter:creator\" content=\"@infoecos\" \/>\n<meta name=\"twitter:site\" content=\"@infoecos\" \/>\n<meta name=\"twitter:label1\" content=\"Escrito por\" \/>\n\t<meta name=\"twitter:data1\" content=\"Jorge Matheus\" \/>\n\t<meta name=\"twitter:label2\" content=\"Tiempo de lectura\" \/>\n\t<meta name=\"twitter:data2\" content=\"1 minuto\" \/>\n<script type=\"application\/ld+json\" class=\"yoast-schema-graph\">{\"@context\":\"https:\/\/schema.org\",\"@graph\":[{\"@type\":\"Article\",\"@id\":\"https:\/\/infoecos.com.ar\/index.php\/se-remodela-y-amplia-la-unidad-sanitaria-de-la-localidad-de-bayauca\/#article\",\"isPartOf\":{\"@id\":\"https:\/\/infoecos.com.ar\/index.php\/se-remodela-y-amplia-la-unidad-sanitaria-de-la-localidad-de-bayauca\/\"},\"author\":{\"name\":\"Jorge Matheus\",\"@id\":\"https:\/\/infoecos.com.ar\/#\/schema\/person\/8f5ace5ce73b4b4aac4b7245aee6f191\"},\"headline\":\"Se remodela y ampl\u00eda la Unidad Sanitaria de la localidad de Bayauca\",\"datePublished\":\"2022-05-05T04:12:49+00:00\",\"dateModified\":\"2022-05-06T06:34:01+00:00\",\"mainEntityOfPage\":{\"@id\":\"https:\/\/infoecos.com.ar\/index.php\/se-remodela-y-amplia-la-unidad-sanitaria-de-la-localidad-de-bayauca\/\"},\"wordCount\":247,\"publisher\":{\"@id\":\"https:\/\/infoecos.com.ar\/#organization\"},\"image\":{\"@id\":\"https:\/\/infoecos.com.ar\/index.php\/se-remodela-y-amplia-la-unidad-sanitaria-de-la-localidad-de-bayauca\/#primaryimage\"},\"thumbnailUrl\":\"https:\/\/infoecos.com.ar\/wp-content\/uploads\/2022\/05\/DSC_0487.jpg\",\"keywords\":[\"AUTORIDADES LINQUE\u00d1AS EN EL LUGAR\"],\"articleSection\":[\"Bloque inferior - 2\"],\"inLanguage\":\"es\"},{\"@type\":\"WebPage\",\"@id\":\"https:\/\/infoecos.com.ar\/index.php\/se-remodela-y-amplia-la-unidad-sanitaria-de-la-localidad-de-bayauca\/\",\"url\":\"https:\/\/infoecos.com.ar\/index.php\/se-remodela-y-amplia-la-unidad-sanitaria-de-la-localidad-de-bayauca\/\",\"name\":\"Se remodela y ampl\u00eda la Unidad Sanitaria de la localidad de Bayauca - Infoecos\",\"isPartOf\":{\"@id\":\"https:\/\/infoecos.com.ar\/#website\"},\"primaryImageOfPage\":{\"@id\":\"https:\/\/infoecos.com.ar\/index.php\/se-remodela-y-amplia-la-unidad-sanitaria-de-la-localidad-de-bayauca\/#primaryimage\"},\"image\":{\"@id\":\"https:\/\/infoecos.com.ar\/index.php\/se-remodela-y-amplia-la-unidad-sanitaria-de-la-localidad-de-bayauca\/#primaryimage\"},\"thumbnailUrl\":\"https:\/\/infoecos.com.ar\/wp-content\/uploads\/2022\/05\/DSC_0487.jpg\",\"datePublished\":\"2022-05-05T04:12:49+00:00\",\"dateModified\":\"2022-05-06T06:34:01+00:00\",\"breadcrumb\":{\"@id\":\"https:\/\/infoecos.com.ar\/index.php\/se-remodela-y-amplia-la-unidad-sanitaria-de-la-localidad-de-bayauca\/#breadcrumb\"},\"inLanguage\":\"es\",\"potentialAction\":[{\"@type\":\"ReadAction\",\"target\":[\"https:\/\/infoecos.com.ar\/index.php\/se-remodela-y-amplia-la-unidad-sanitaria-de-la-localidad-de-bayauca\/\"]}]},{\"@type\":\"ImageObject\",\"inLanguage\":\"es\",\"@id\":\"https:\/\/infoecos.com.ar\/index.php\/se-remodela-y-amplia-la-unidad-sanitaria-de-la-localidad-de-bayauca\/#primaryimage\",\"url\":\"https:\/\/infoecos.com.ar\/wp-content\/uploads\/2022\/05\/DSC_0487.jpg\",\"contentUrl\":\"https:\/\/infoecos.com.ar\/wp-content\/uploads\/2022\/05\/DSC_0487.jpg\",\"width\":2362,\"height\":1575},{\"@type\":\"BreadcrumbList\",\"@id\":\"https:\/\/infoecos.com.ar\/index.php\/se-remodela-y-amplia-la-unidad-sanitaria-de-la-localidad-de-bayauca\/#breadcrumb\",\"itemListElement\":[{\"@type\":\"ListItem\",\"position\":1,\"name\":\"Portada\",\"item\":\"https:\/\/infoecos.com.ar\/\"},{\"@type\":\"ListItem\",\"position\":2,\"name\":\"Se remodela y ampl\u00eda la Unidad Sanitaria de la localidad de Bayauca\"}]},{\"@type\":\"WebSite\",\"@id\":\"https:\/\/infoecos.com.ar\/#website\",\"url\":\"https:\/\/infoecos.com.ar\/\",\"name\":\"Infoecos\",\"description\":\"Noticias de trenque lauquen y la zona\",\"publisher\":{\"@id\":\"https:\/\/infoecos.com.ar\/#organization\"},\"alternateName\":\"Noticias\",\"potentialAction\":[{\"@type\":\"SearchAction\",\"target\":{\"@type\":\"EntryPoint\",\"urlTemplate\":\"https:\/\/infoecos.com.ar\/?s={search_term_string}\"},\"query-input\":{\"@type\":\"PropertyValueSpecification\",\"valueRequired\":true,\"valueName\":\"search_term_string\"}}],\"inLanguage\":\"es\"},{\"@type\":\"Organization\",\"@id\":\"https:\/\/infoecos.com.ar\/#organization\",\"name\":\"Infoecos\",\"alternateName\":\"Noticias\",\"url\":\"https:\/\/infoecos.com.ar\/\",\"logo\":{\"@type\":\"ImageObject\",\"inLanguage\":\"es\",\"@id\":\"https:\/\/infoecos.com.ar\/#\/schema\/logo\/image\/\",\"url\":\"https:\/\/infoecos.com.ar\/wp-content\/uploads\/2024\/03\/cropped-logo.png\",\"contentUrl\":\"https:\/\/infoecos.com.ar\/wp-content\/uploads\/2024\/03\/cropped-logo.png\",\"width\":374,\"height\":90,\"caption\":\"Infoecos\"},\"image\":{\"@id\":\"https:\/\/infoecos.com.ar\/#\/schema\/logo\/image\/\"},\"sameAs\":[\"https:\/\/www.facebook.com\/profile.php?id=100063200290284\",\"https:\/\/x.com\/infoecos\"]},{\"@type\":\"Person\",\"@id\":\"https:\/\/infoecos.com.ar\/#\/schema\/person\/8f5ace5ce73b4b4aac4b7245aee6f191\",\"name\":\"Jorge Matheus\",\"url\":\"https:\/\/infoecos.com.ar\/index.php\/author\/jomatheus\/\"}]}<\/script>\n<!-- \/ Yoast SEO plugin. -->","yoast_head_json":{"title":"Se remodela y ampl\u00eda la Unidad Sanitaria de la localidad de Bayauca - Infoecos","robots":{"index":"index","follow":"follow","max-snippet":"max-snippet:-1","max-image-preview":"max-image-preview:large","max-video-preview":"max-video-preview:-1"},"canonical":"https:\/\/infoecos.com.ar\/index.php\/se-remodela-y-amplia-la-unidad-sanitaria-de-la-localidad-de-bayauca\/","og_locale":"es_ES","og_type":"article","og_title":"Se remodela y ampl\u00eda la Unidad Sanitaria de la localidad de Bayauca - Infoecos","og_description":"El Jefe Comunal de Lincoln, junto al Jefe de Gabinete, Ram\u00f3n Parera; la delegada municipal de Bayauca, Viviana Fardos; y funcionarios del Departamento Ejecutivo, supervisaron el estado de avance","og_url":"https:\/\/infoecos.com.ar\/index.php\/se-remodela-y-amplia-la-unidad-sanitaria-de-la-localidad-de-bayauca\/","og_site_name":"Infoecos","article_publisher":"https:\/\/www.facebook.com\/profile.php?id=100063200290284","article_published_time":"2022-05-05T04:12:49+00:00","article_modified_time":"2022-05-06T06:34:01+00:00","og_image":[{"width":920,"height":613,"url":"https:\/\/infoecos.com.ar\/wp-content\/uploads\/2022\/05\/DSC_0487-920x613.jpg","type":"image\/jpeg"}],"author":"Jorge Matheus","twitter_card":"summary_large_image","twitter_creator":"@infoecos","twitter_site":"@infoecos","twitter_misc":{"Escrito por":"Jorge Matheus","Tiempo de lectura":"1 minuto"},"schema":{"@context":"https:\/\/schema.org","@graph":[{"@type":"Article","@id":"https:\/\/infoecos.com.ar\/index.php\/se-remodela-y-amplia-la-unidad-sanitaria-de-la-localidad-de-bayauca\/#article","isPartOf":{"@id":"https:\/\/infoecos.com.ar\/index.php\/se-remodela-y-amplia-la-unidad-sanitaria-de-la-localidad-de-bayauca\/"},"author":{"name":"Jorge Matheus","@id":"https:\/\/infoecos.com.ar\/#\/schema\/person\/8f5ace5ce73b4b4aac4b7245aee6f191"},"headline":"Se remodela y ampl\u00eda la Unidad Sanitaria de la localidad de Bayauca","datePublished":"2022-05-05T04:12:49+00:00","dateModified":"2022-05-06T06:34:01+00:00","mainEntityOfPage":{"@id":"https:\/\/infoecos.com.ar\/index.php\/se-remodela-y-amplia-la-unidad-sanitaria-de-la-localidad-de-bayauca\/"},"wordCount":247,"publisher":{"@id":"https:\/\/infoecos.com.ar\/#organization"},"image":{"@id":"https:\/\/infoecos.com.ar\/index.php\/se-remodela-y-amplia-la-unidad-sanitaria-de-la-localidad-de-bayauca\/#primaryimage"},"thumbnailUrl":"https:\/\/infoecos.com.ar\/wp-content\/uploads\/2022\/05\/DSC_0487.jpg","keywords":["AUTORIDADES LINQUE\u00d1AS EN EL LUGAR"],"articleSection":["Bloque inferior - 2"],"inLanguage":"es"},{"@type":"WebPage","@id":"https:\/\/infoecos.com.ar\/index.php\/se-remodela-y-amplia-la-unidad-sanitaria-de-la-localidad-de-bayauca\/","url":"https:\/\/infoecos.com.ar\/index.php\/se-remodela-y-amplia-la-unidad-sanitaria-de-la-localidad-de-bayauca\/","name":"Se remodela y ampl\u00eda la Unidad Sanitaria de la localidad de Bayauca - Infoecos","isPartOf":{"@id":"https:\/\/infoecos.com.ar\/#website"},"primaryImageOfPage":{"@id":"https:\/\/infoecos.com.ar\/index.php\/se-remodela-y-amplia-la-unidad-sanitaria-de-la-localidad-de-bayauca\/#primaryimage"},"image":{"@id":"https:\/\/infoecos.com.ar\/index.php\/se-remodela-y-amplia-la-unidad-sanitaria-de-la-localidad-de-bayauca\/#primaryimage"},"thumbnailUrl":"https:\/\/infoecos.com.ar\/wp-content\/uploads\/2022\/05\/DSC_0487.jpg","datePublished":"2022-05-05T04:12:49+00:00","dateModified":"2022-05-06T06:34:01+00:00","breadcrumb":{"@id":"https:\/\/infoecos.com.ar\/index.php\/se-remodela-y-amplia-la-unidad-sanitaria-de-la-localidad-de-bayauca\/#breadcrumb"},"inLanguage":"es","potentialAction":[{"@type":"ReadAction","target":["https:\/\/infoecos.com.ar\/index.php\/se-remodela-y-amplia-la-unidad-sanitaria-de-la-localidad-de-bayauca\/"]}]},{"@type":"ImageObject","inLanguage":"es","@id":"https:\/\/infoecos.com.ar\/index.php\/se-remodela-y-amplia-la-unidad-sanitaria-de-la-localidad-de-bayauca\/#primaryimage","url":"https:\/\/infoecos.com.ar\/wp-content\/uploads\/2022\/05\/DSC_0487.jpg","contentUrl":"https:\/\/infoecos.com.ar\/wp-content\/uploads\/2022\/05\/DSC_0487.jpg","width":2362,"height":1575},{"@type":"BreadcrumbList","@id":"https:\/\/infoecos.com.ar\/index.php\/se-remodela-y-amplia-la-unidad-sanitaria-de-la-localidad-de-bayauca\/#breadcrumb","itemListElement":[{"@type":"ListItem","position":1,"name":"Portada","item":"https:\/\/infoecos.com.ar\/"},{"@type":"ListItem","position":2,"name":"Se remodela y ampl\u00eda la Unidad Sanitaria de la localidad de Bayauca"}]},{"@type":"WebSite","@id":"https:\/\/infoecos.com.ar\/#website","url":"https:\/\/infoecos.com.ar\/","name":"Infoecos","description":"Noticias de trenque lauquen y la zona","publisher":{"@id":"https:\/\/infoecos.com.ar\/#organization"},"alternateName":"Noticias","potentialAction":[{"@type":"SearchAction","target":{"@type":"EntryPoint","urlTemplate":"https:\/\/infoecos.com.ar\/?s={search_term_string}"},"query-input":{"@type":"PropertyValueSpecification","valueRequired":true,"valueName":"search_term_string"}}],"inLanguage":"es"},{"@type":"Organization","@id":"https:\/\/infoecos.com.ar\/#organization","name":"Infoecos","alternateName":"Noticias","url":"https:\/\/infoecos.com.ar\/","logo":{"@type":"ImageObject","inLanguage":"es","@id":"https:\/\/infoecos.com.ar\/#\/schema\/logo\/image\/","url":"https:\/\/infoecos.com.ar\/wp-content\/uploads\/2024\/03\/cropped-logo.png","contentUrl":"https:\/\/infoecos.com.ar\/wp-content\/uploads\/2024\/03\/cropped-logo.png","width":374,"height":90,"caption":"Infoecos"},"image":{"@id":"https:\/\/infoecos.com.ar\/#\/schema\/logo\/image\/"},"sameAs":["https:\/\/www.facebook.com\/profile.php?id=100063200290284","https:\/\/x.com\/infoecos"]},{"@type":"Person","@id":"https:\/\/infoecos.com.ar\/#\/schema\/person\/8f5ace5ce73b4b4aac4b7245aee6f191","name":"Jorge Matheus","url":"https:\/\/infoecos.com.ar\/index.php\/author\/jomatheus\/"}]}},"featured_image_urls":{"full":["https:\/\/infoecos.com.ar\/wp-content\/uploads\/2022\/05\/DSC_0487.jpg",2362,1575,false],"thumbnail":["https:\/\/infoecos.com.ar\/wp-content\/uploads\/2022\/05\/DSC_0487-150x150.jpg",150,150,true],"medium":["https:\/\/infoecos.com.ar\/wp-content\/uploads\/2022\/05\/DSC_0487-460x307.jpg",460,307,true],"medium_large":["https:\/\/infoecos.com.ar\/wp-content\/uploads\/2022\/05\/DSC_0487-768x512.jpg",640,427,true],"large":["https:\/\/infoecos.com.ar\/wp-content\/uploads\/2022\/05\/DSC_0487-920x613.jpg",640,426,true],"1536x1536":["https:\/\/infoecos.com.ar\/wp-content\/uploads\/2022\/05\/DSC_0487-1536x1024.jpg",1536,1024,true],"2048x2048":["https:\/\/infoecos.com.ar\/wp-content\/uploads\/2022\/05\/DSC_0487-2048x1366.jpg",2048,1366,true],"covernews-slider-full":["https:\/\/infoecos.com.ar\/wp-content\/uploads\/2022\/05\/DSC_0487-1536x1020.jpg",1077,715,true],"covernews-slider-center":["https:\/\/infoecos.com.ar\/wp-content\/uploads\/2022\/05\/DSC_0487-936x897.jpg",522,500,true],"covernews-featured":["https:\/\/infoecos.com.ar\/wp-content\/uploads\/2022\/05\/DSC_0487-1024x683.jpg",1024,683,true],"covernews-medium":["https:\/\/infoecos.com.ar\/wp-content\/uploads\/2022\/05\/DSC_0487-720x380.jpg",540,285,true],"covernews-medium-square":["https:\/\/infoecos.com.ar\/wp-content\/uploads\/2022\/05\/DSC_0487-675x450.jpg",375,250,true]},"author_info":{"info":["Jorge Matheus"]},"category_info":"<a href=\"https:\/\/infoecos.com.ar\/index.php\/category\/inferior2\/\" rel=\"category tag\">Bloque inferior - 2<\/a>","tag_info":"Bloque inferior - 2","comment_count":"0","_links":{"self":[{"href":"https:\/\/infoecos.com.ar\/index.php\/wp-json\/wp\/v2\/posts\/92175"}],"collection":[{"href":"https:\/\/infoecos.com.ar\/index.php\/wp-json\/wp\/v2\/posts"}],"about":[{"href":"https:\/\/infoecos.com.ar\/index.php\/wp-json\/wp\/v2\/types\/post"}],"author":[{"embeddable":true,"href":"https:\/\/infoecos.com.ar\/index.php\/wp-json\/wp\/v2\/users\/2"}],"replies":[{"embeddable":true,"href":"https:\/\/infoecos.com.ar\/index.php\/wp-json\/wp\/v2\/comments?post=92175"}],"version-history":[{"count":2,"href":"https:\/\/infoecos.com.ar\/index.php\/wp-json\/wp\/v2\/posts\/92175\/revisions"}],"predecessor-version":[{"id":92282,"href":"https:\/\/infoecos.com.ar\/index.php\/wp-json\/wp\/v2\/posts\/92175\/revisions\/92282"}],"wp:featuredmedia":[{"embeddable":true,"href":"https:\/\/infoecos.com.ar\/index.php\/wp-json\/wp\/v2\/media\/92176"}],"wp:attachment":[{"href":"https:\/\/infoecos.com.ar\/index.php\/wp-json\/wp\/v2\/media?parent=92175"}],"wp:term":[{"taxonomy":"category","embeddable":true,"href":"https:\/\/infoecos.com.ar\/index.php\/wp-json\/wp\/v2\/categories?post=92175"},{"taxonomy":"post_tag","embeddable":true,"href":"https:\/\/infoecos.com.ar\/index.php\/wp-json\/wp\/v2\/tags?post=92175"}],"curies":[{"name":"wp","href":"https:\/\/api.w.org\/{rel}","templated":true}]}}