{"id":92329,"date":"2022-05-08T03:58:44","date_gmt":"2022-05-08T06:58:44","guid":{"rendered":"http:\/\/infoecos.com.ar\/?p=92329"},"modified":"2022-05-10T01:09:43","modified_gmt":"2022-05-10T04:09:43","slug":"se-abrio-el-viernes-la-corresponsalia-consular-de-italia-en-trenque-lauquen","status":"publish","type":"post","link":"https:\/\/infoecos.com.ar\/index.php\/se-abrio-el-viernes-la-corresponsalia-consular-de-italia-en-trenque-lauquen\/","title":{"rendered":"Se abri\u00f3 el viernes la Corresponsal\u00eda Consular de Italia en Trenque Lauquen"},"content":{"rendered":"\n<p>En el marco de la apertura de la Corresponsal\u00eda Consular de Italia en Trenque Lauquen, el secretario de Gobierno, Gustavo Marchabalo, y el secretario de Gesti\u00f3n y Planificaci\u00f3n, Mart\u00edn Borraz\u00e1s, acompa\u00f1ados por el diputado Provincial Valent\u00edn Miranda recibieron el viernes la visita de dirigentes del Consulado Italiano y autoridades locales de la Sociedad Italiana de Socorros Mutuos.<\/p>\n\n\n\n<div class=\"wp-block-image\"><figure class=\"alignright size-large is-resized\"><img loading=\"lazy\" decoding=\"async\" src=\"http:\/\/infoecos.com.ar\/wp-content\/uploads\/2022\/05\/TLCONSULADODEITALIA-920x414.jpg\" alt=\"\" class=\"wp-image-92330\" width=\"351\" height=\"157\" srcset=\"https:\/\/infoecos.com.ar\/wp-content\/uploads\/2022\/05\/TLCONSULADODEITALIA-920x414.jpg 920w, https:\/\/infoecos.com.ar\/wp-content\/uploads\/2022\/05\/TLCONSULADODEITALIA-460x207.jpg 460w, https:\/\/infoecos.com.ar\/wp-content\/uploads\/2022\/05\/TLCONSULADODEITALIA-768x346.jpg 768w, https:\/\/infoecos.com.ar\/wp-content\/uploads\/2022\/05\/TLCONSULADODEITALIA-1536x691.jpg 1536w, https:\/\/infoecos.com.ar\/wp-content\/uploads\/2022\/05\/TLCONSULADODEITALIA-1024x461.jpg 1024w, https:\/\/infoecos.com.ar\/wp-content\/uploads\/2022\/05\/TLCONSULADODEITALIA.jpg 1600w\" sizes=\"(max-width: 351px) 100vw, 351px\" \/><figcaption>Trenque Lauquen &#8211; Consulado Italia<\/figcaption><\/figure><\/div>\n\n\n\n<p>La comitiva estuvo integrada por el C\u00f3nsul General del Consulado General de Italia en La Plata, Dott. Filippo Romano; el. Dirigente Scol\u00e1stico del Consulado General de Italia en La Plata, Prof. Riccardo Marola; la presidenta de la Sociedad Italiana de Trenque Lauquen y titular de la Corresponsal\u00eda, Carla Ricciardi; y Santiago Traverso que es revisor de cuentas de la actual conducci\u00f3n institucional.<\/p>\n\n\n\n<p>Luego del encuentro en el Municipio, los funcionarios municipales participaron de la inauguraci\u00f3n oficial de la Corresponsal\u00eda Consolare di Trenque Lauquen, del Consolato Generale d`Italia in La Plata, en Trenque Lauquen.<\/p>\n\n\n\n<div class=\"wp-block-image\"><figure class=\"alignright size-large is-resized\"><img loading=\"lazy\" decoding=\"async\" src=\"http:\/\/infoecos.com.ar\/wp-content\/uploads\/2022\/05\/CONSULADODEITALIA1-920x414.jpg\" alt=\"\" class=\"wp-image-92331\" width=\"354\" height=\"158\" srcset=\"https:\/\/infoecos.com.ar\/wp-content\/uploads\/2022\/05\/CONSULADODEITALIA1-920x414.jpg 920w, https:\/\/infoecos.com.ar\/wp-content\/uploads\/2022\/05\/CONSULADODEITALIA1-460x207.jpg 460w, https:\/\/infoecos.com.ar\/wp-content\/uploads\/2022\/05\/CONSULADODEITALIA1-768x346.jpg 768w, https:\/\/infoecos.com.ar\/wp-content\/uploads\/2022\/05\/CONSULADODEITALIA1-1536x691.jpg 1536w, https:\/\/infoecos.com.ar\/wp-content\/uploads\/2022\/05\/CONSULADODEITALIA1-1024x461.jpg 1024w, https:\/\/infoecos.com.ar\/wp-content\/uploads\/2022\/05\/CONSULADODEITALIA1.jpg 1600w\" sizes=\"(max-width: 354px) 100vw, 354px\" \/><figcaption>Trenque Lauquen &#8211; Consulado Italia<\/figcaption><\/figure><\/div>\n\n\n\n<p>La Corresponsal\u00eda Consular tiene como funci\u00f3n principal la asistencia subsidiaria a la comunidad italiana, recepci\u00f3n de consultas sobre tr\u00e1mites para obtenci\u00f3n de ciudadan\u00eda italiana, pasaporte y actualizaci\u00f3n de datos, entre otras diligencias con alcance regional.<\/p>\n\n\n\n<p>La oficina estar\u00e1 a Cargo de Carla Ricciardi, fue nombrada para los distritos de Trenque Lauquen, General Villegas, Rivadavia, Carlos Tejedor, Pellegrini, Tres Lomas y Salliquel\u00f3.<\/p>\n","protected":false},"excerpt":{"rendered":"<p>La oficina estar\u00e1 a Cargo de Carla Ricciardi. Fue nombrada para los distritos de Trenque Lauquen, General Villegas, Rivadavia, Carlos Tejedor, Pellegrini, Tres Lomas y Salliquel\u00f3<\/p>\n","protected":false},"author":2,"featured_media":92332,"comment_status":"closed","ping_status":"open","sticky":false,"template":"","format":"standard","meta":{"footnotes":""},"categories":[51],"tags":[6011],"class_list":["post-92329","post","type-post","status-publish","format-standard","has-post-thumbnail","hentry","category-c2nota4","tag-con-alcance-regional"],"yoast_head":"<!-- This site is optimized with the Yoast SEO plugin v23.4 - https:\/\/yoast.com\/wordpress\/plugins\/seo\/ -->\n<title>Se abri\u00f3 el viernes la Corresponsal\u00eda Consular de Italia en Trenque Lauquen - Infoecos<\/title>\n<meta name=\"robots\" content=\"index, follow, max-snippet:-1, max-image-preview:large, max-video-preview:-1\" \/>\n<link rel=\"canonical\" href=\"https:\/\/infoecos.com.ar\/index.php\/se-abrio-el-viernes-la-corresponsalia-consular-de-italia-en-trenque-lauquen\/\" \/>\n<meta property=\"og:locale\" content=\"es_ES\" \/>\n<meta property=\"og:type\" content=\"article\" \/>\n<meta property=\"og:title\" content=\"Se abri\u00f3 el viernes la Corresponsal\u00eda Consular de Italia en Trenque Lauquen - Infoecos\" \/>\n<meta property=\"og:description\" content=\"La oficina estar\u00e1 a Cargo de Carla Ricciardi. Fue nombrada para los distritos de Trenque Lauquen, General Villegas, Rivadavia, Carlos Tejedor, Pellegrini, Tres Lomas y Salliquel\u00f3\" \/>\n<meta property=\"og:url\" content=\"https:\/\/infoecos.com.ar\/index.php\/se-abrio-el-viernes-la-corresponsalia-consular-de-italia-en-trenque-lauquen\/\" \/>\n<meta property=\"og:site_name\" content=\"Infoecos\" \/>\n<meta property=\"article:publisher\" content=\"https:\/\/www.facebook.com\/profile.php?id=100063200290284\" \/>\n<meta property=\"article:published_time\" content=\"2022-05-08T06:58:44+00:00\" \/>\n<meta property=\"article:modified_time\" content=\"2022-05-10T04:09:43+00:00\" \/>\n<meta property=\"og:image\" content=\"https:\/\/infoecos.com.ar\/wp-content\/uploads\/2022\/05\/CONSULADODEITALIA2.jpg\" \/>\n\t<meta property=\"og:image:width\" content=\"1600\" \/>\n\t<meta property=\"og:image:height\" content=\"720\" \/>\n\t<meta property=\"og:image:type\" content=\"image\/jpeg\" \/>\n<meta name=\"author\" content=\"Jorge Matheus\" \/>\n<meta name=\"twitter:card\" content=\"summary_large_image\" \/>\n<meta name=\"twitter:creator\" content=\"@infoecos\" \/>\n<meta name=\"twitter:site\" content=\"@infoecos\" \/>\n<meta name=\"twitter:label1\" content=\"Escrito por\" \/>\n\t<meta name=\"twitter:data1\" content=\"Jorge Matheus\" \/>\n\t<meta name=\"twitter:label2\" content=\"Tiempo de lectura\" \/>\n\t<meta name=\"twitter:data2\" content=\"1 minuto\" \/>\n<script type=\"application\/ld+json\" class=\"yoast-schema-graph\">{\"@context\":\"https:\/\/schema.org\",\"@graph\":[{\"@type\":\"Article\",\"@id\":\"https:\/\/infoecos.com.ar\/index.php\/se-abrio-el-viernes-la-corresponsalia-consular-de-italia-en-trenque-lauquen\/#article\",\"isPartOf\":{\"@id\":\"https:\/\/infoecos.com.ar\/index.php\/se-abrio-el-viernes-la-corresponsalia-consular-de-italia-en-trenque-lauquen\/\"},\"author\":{\"name\":\"Jorge Matheus\",\"@id\":\"https:\/\/infoecos.com.ar\/#\/schema\/person\/8f5ace5ce73b4b4aac4b7245aee6f191\"},\"headline\":\"Se abri\u00f3 el viernes la Corresponsal\u00eda Consular de Italia en Trenque Lauquen\",\"datePublished\":\"2022-05-08T06:58:44+00:00\",\"dateModified\":\"2022-05-10T04:09:43+00:00\",\"mainEntityOfPage\":{\"@id\":\"https:\/\/infoecos.com.ar\/index.php\/se-abrio-el-viernes-la-corresponsalia-consular-de-italia-en-trenque-lauquen\/\"},\"wordCount\":255,\"publisher\":{\"@id\":\"https:\/\/infoecos.com.ar\/#organization\"},\"image\":{\"@id\":\"https:\/\/infoecos.com.ar\/index.php\/se-abrio-el-viernes-la-corresponsalia-consular-de-italia-en-trenque-lauquen\/#primaryimage\"},\"thumbnailUrl\":\"https:\/\/infoecos.com.ar\/wp-content\/uploads\/2022\/05\/CONSULADODEITALIA2.jpg\",\"keywords\":[\"CON ALCANCE REGIONAL\"],\"articleSection\":[\"C2 N4\"],\"inLanguage\":\"es\"},{\"@type\":\"WebPage\",\"@id\":\"https:\/\/infoecos.com.ar\/index.php\/se-abrio-el-viernes-la-corresponsalia-consular-de-italia-en-trenque-lauquen\/\",\"url\":\"https:\/\/infoecos.com.ar\/index.php\/se-abrio-el-viernes-la-corresponsalia-consular-de-italia-en-trenque-lauquen\/\",\"name\":\"Se abri\u00f3 el viernes la Corresponsal\u00eda Consular de Italia en Trenque Lauquen - Infoecos\",\"isPartOf\":{\"@id\":\"https:\/\/infoecos.com.ar\/#website\"},\"primaryImageOfPage\":{\"@id\":\"https:\/\/infoecos.com.ar\/index.php\/se-abrio-el-viernes-la-corresponsalia-consular-de-italia-en-trenque-lauquen\/#primaryimage\"},\"image\":{\"@id\":\"https:\/\/infoecos.com.ar\/index.php\/se-abrio-el-viernes-la-corresponsalia-consular-de-italia-en-trenque-lauquen\/#primaryimage\"},\"thumbnailUrl\":\"https:\/\/infoecos.com.ar\/wp-content\/uploads\/2022\/05\/CONSULADODEITALIA2.jpg\",\"datePublished\":\"2022-05-08T06:58:44+00:00\",\"dateModified\":\"2022-05-10T04:09:43+00:00\",\"breadcrumb\":{\"@id\":\"https:\/\/infoecos.com.ar\/index.php\/se-abrio-el-viernes-la-corresponsalia-consular-de-italia-en-trenque-lauquen\/#breadcrumb\"},\"inLanguage\":\"es\",\"potentialAction\":[{\"@type\":\"ReadAction\",\"target\":[\"https:\/\/infoecos.com.ar\/index.php\/se-abrio-el-viernes-la-corresponsalia-consular-de-italia-en-trenque-lauquen\/\"]}]},{\"@type\":\"ImageObject\",\"inLanguage\":\"es\",\"@id\":\"https:\/\/infoecos.com.ar\/index.php\/se-abrio-el-viernes-la-corresponsalia-consular-de-italia-en-trenque-lauquen\/#primaryimage\",\"url\":\"https:\/\/infoecos.com.ar\/wp-content\/uploads\/2022\/05\/CONSULADODEITALIA2.jpg\",\"contentUrl\":\"https:\/\/infoecos.com.ar\/wp-content\/uploads\/2022\/05\/CONSULADODEITALIA2.jpg\",\"width\":1600,\"height\":720},{\"@type\":\"BreadcrumbList\",\"@id\":\"https:\/\/infoecos.com.ar\/index.php\/se-abrio-el-viernes-la-corresponsalia-consular-de-italia-en-trenque-lauquen\/#breadcrumb\",\"itemListElement\":[{\"@type\":\"ListItem\",\"position\":1,\"name\":\"Portada\",\"item\":\"https:\/\/infoecos.com.ar\/\"},{\"@type\":\"ListItem\",\"position\":2,\"name\":\"Se abri\u00f3 el viernes la Corresponsal\u00eda Consular de Italia en Trenque Lauquen\"}]},{\"@type\":\"WebSite\",\"@id\":\"https:\/\/infoecos.com.ar\/#website\",\"url\":\"https:\/\/infoecos.com.ar\/\",\"name\":\"Infoecos\",\"description\":\"Noticias de trenque lauquen y la zona\",\"publisher\":{\"@id\":\"https:\/\/infoecos.com.ar\/#organization\"},\"alternateName\":\"Noticias\",\"potentialAction\":[{\"@type\":\"SearchAction\",\"target\":{\"@type\":\"EntryPoint\",\"urlTemplate\":\"https:\/\/infoecos.com.ar\/?s={search_term_string}\"},\"query-input\":{\"@type\":\"PropertyValueSpecification\",\"valueRequired\":true,\"valueName\":\"search_term_string\"}}],\"inLanguage\":\"es\"},{\"@type\":\"Organization\",\"@id\":\"https:\/\/infoecos.com.ar\/#organization\",\"name\":\"Infoecos\",\"alternateName\":\"Noticias\",\"url\":\"https:\/\/infoecos.com.ar\/\",\"logo\":{\"@type\":\"ImageObject\",\"inLanguage\":\"es\",\"@id\":\"https:\/\/infoecos.com.ar\/#\/schema\/logo\/image\/\",\"url\":\"https:\/\/infoecos.com.ar\/wp-content\/uploads\/2024\/03\/cropped-logo.png\",\"contentUrl\":\"https:\/\/infoecos.com.ar\/wp-content\/uploads\/2024\/03\/cropped-logo.png\",\"width\":374,\"height\":90,\"caption\":\"Infoecos\"},\"image\":{\"@id\":\"https:\/\/infoecos.com.ar\/#\/schema\/logo\/image\/\"},\"sameAs\":[\"https:\/\/www.facebook.com\/profile.php?id=100063200290284\",\"https:\/\/x.com\/infoecos\"]},{\"@type\":\"Person\",\"@id\":\"https:\/\/infoecos.com.ar\/#\/schema\/person\/8f5ace5ce73b4b4aac4b7245aee6f191\",\"name\":\"Jorge Matheus\",\"url\":\"https:\/\/infoecos.com.ar\/index.php\/author\/jomatheus\/\"}]}<\/script>\n<!-- \/ Yoast SEO plugin. -->","yoast_head_json":{"title":"Se abri\u00f3 el viernes la Corresponsal\u00eda Consular de Italia en Trenque Lauquen - Infoecos","robots":{"index":"index","follow":"follow","max-snippet":"max-snippet:-1","max-image-preview":"max-image-preview:large","max-video-preview":"max-video-preview:-1"},"canonical":"https:\/\/infoecos.com.ar\/index.php\/se-abrio-el-viernes-la-corresponsalia-consular-de-italia-en-trenque-lauquen\/","og_locale":"es_ES","og_type":"article","og_title":"Se abri\u00f3 el viernes la Corresponsal\u00eda Consular de Italia en Trenque Lauquen - Infoecos","og_description":"La oficina estar\u00e1 a Cargo de Carla Ricciardi. Fue nombrada para los distritos de Trenque Lauquen, General Villegas, Rivadavia, Carlos Tejedor, Pellegrini, Tres Lomas y Salliquel\u00f3","og_url":"https:\/\/infoecos.com.ar\/index.php\/se-abrio-el-viernes-la-corresponsalia-consular-de-italia-en-trenque-lauquen\/","og_site_name":"Infoecos","article_publisher":"https:\/\/www.facebook.com\/profile.php?id=100063200290284","article_published_time":"2022-05-08T06:58:44+00:00","article_modified_time":"2022-05-10T04:09:43+00:00","og_image":[{"width":1600,"height":720,"url":"https:\/\/infoecos.com.ar\/wp-content\/uploads\/2022\/05\/CONSULADODEITALIA2.jpg","type":"image\/jpeg"}],"author":"Jorge Matheus","twitter_card":"summary_large_image","twitter_creator":"@infoecos","twitter_site":"@infoecos","twitter_misc":{"Escrito por":"Jorge Matheus","Tiempo de lectura":"1 minuto"},"schema":{"@context":"https:\/\/schema.org","@graph":[{"@type":"Article","@id":"https:\/\/infoecos.com.ar\/index.php\/se-abrio-el-viernes-la-corresponsalia-consular-de-italia-en-trenque-lauquen\/#article","isPartOf":{"@id":"https:\/\/infoecos.com.ar\/index.php\/se-abrio-el-viernes-la-corresponsalia-consular-de-italia-en-trenque-lauquen\/"},"author":{"name":"Jorge Matheus","@id":"https:\/\/infoecos.com.ar\/#\/schema\/person\/8f5ace5ce73b4b4aac4b7245aee6f191"},"headline":"Se abri\u00f3 el viernes la Corresponsal\u00eda Consular de Italia en Trenque Lauquen","datePublished":"2022-05-08T06:58:44+00:00","dateModified":"2022-05-10T04:09:43+00:00","mainEntityOfPage":{"@id":"https:\/\/infoecos.com.ar\/index.php\/se-abrio-el-viernes-la-corresponsalia-consular-de-italia-en-trenque-lauquen\/"},"wordCount":255,"publisher":{"@id":"https:\/\/infoecos.com.ar\/#organization"},"image":{"@id":"https:\/\/infoecos.com.ar\/index.php\/se-abrio-el-viernes-la-corresponsalia-consular-de-italia-en-trenque-lauquen\/#primaryimage"},"thumbnailUrl":"https:\/\/infoecos.com.ar\/wp-content\/uploads\/2022\/05\/CONSULADODEITALIA2.jpg","keywords":["CON ALCANCE REGIONAL"],"articleSection":["C2 N4"],"inLanguage":"es"},{"@type":"WebPage","@id":"https:\/\/infoecos.com.ar\/index.php\/se-abrio-el-viernes-la-corresponsalia-consular-de-italia-en-trenque-lauquen\/","url":"https:\/\/infoecos.com.ar\/index.php\/se-abrio-el-viernes-la-corresponsalia-consular-de-italia-en-trenque-lauquen\/","name":"Se abri\u00f3 el viernes la Corresponsal\u00eda Consular de Italia en Trenque Lauquen - Infoecos","isPartOf":{"@id":"https:\/\/infoecos.com.ar\/#website"},"primaryImageOfPage":{"@id":"https:\/\/infoecos.com.ar\/index.php\/se-abrio-el-viernes-la-corresponsalia-consular-de-italia-en-trenque-lauquen\/#primaryimage"},"image":{"@id":"https:\/\/infoecos.com.ar\/index.php\/se-abrio-el-viernes-la-corresponsalia-consular-de-italia-en-trenque-lauquen\/#primaryimage"},"thumbnailUrl":"https:\/\/infoecos.com.ar\/wp-content\/uploads\/2022\/05\/CONSULADODEITALIA2.jpg","datePublished":"2022-05-08T06:58:44+00:00","dateModified":"2022-05-10T04:09:43+00:00","breadcrumb":{"@id":"https:\/\/infoecos.com.ar\/index.php\/se-abrio-el-viernes-la-corresponsalia-consular-de-italia-en-trenque-lauquen\/#breadcrumb"},"inLanguage":"es","potentialAction":[{"@type":"ReadAction","target":["https:\/\/infoecos.com.ar\/index.php\/se-abrio-el-viernes-la-corresponsalia-consular-de-italia-en-trenque-lauquen\/"]}]},{"@type":"ImageObject","inLanguage":"es","@id":"https:\/\/infoecos.com.ar\/index.php\/se-abrio-el-viernes-la-corresponsalia-consular-de-italia-en-trenque-lauquen\/#primaryimage","url":"https:\/\/infoecos.com.ar\/wp-content\/uploads\/2022\/05\/CONSULADODEITALIA2.jpg","contentUrl":"https:\/\/infoecos.com.ar\/wp-content\/uploads\/2022\/05\/CONSULADODEITALIA2.jpg","width":1600,"height":720},{"@type":"BreadcrumbList","@id":"https:\/\/infoecos.com.ar\/index.php\/se-abrio-el-viernes-la-corresponsalia-consular-de-italia-en-trenque-lauquen\/#breadcrumb","itemListElement":[{"@type":"ListItem","position":1,"name":"Portada","item":"https:\/\/infoecos.com.ar\/"},{"@type":"ListItem","position":2,"name":"Se abri\u00f3 el viernes la Corresponsal\u00eda Consular de Italia en Trenque Lauquen"}]},{"@type":"WebSite","@id":"https:\/\/infoecos.com.ar\/#website","url":"https:\/\/infoecos.com.ar\/","name":"Infoecos","description":"Noticias de trenque lauquen y la zona","publisher":{"@id":"https:\/\/infoecos.com.ar\/#organization"},"alternateName":"Noticias","potentialAction":[{"@type":"SearchAction","target":{"@type":"EntryPoint","urlTemplate":"https:\/\/infoecos.com.ar\/?s={search_term_string}"},"query-input":{"@type":"PropertyValueSpecification","valueRequired":true,"valueName":"search_term_string"}}],"inLanguage":"es"},{"@type":"Organization","@id":"https:\/\/infoecos.com.ar\/#organization","name":"Infoecos","alternateName":"Noticias","url":"https:\/\/infoecos.com.ar\/","logo":{"@type":"ImageObject","inLanguage":"es","@id":"https:\/\/infoecos.com.ar\/#\/schema\/logo\/image\/","url":"https:\/\/infoecos.com.ar\/wp-content\/uploads\/2024\/03\/cropped-logo.png","contentUrl":"https:\/\/infoecos.com.ar\/wp-content\/uploads\/2024\/03\/cropped-logo.png","width":374,"height":90,"caption":"Infoecos"},"image":{"@id":"https:\/\/infoecos.com.ar\/#\/schema\/logo\/image\/"},"sameAs":["https:\/\/www.facebook.com\/profile.php?id=100063200290284","https:\/\/x.com\/infoecos"]},{"@type":"Person","@id":"https:\/\/infoecos.com.ar\/#\/schema\/person\/8f5ace5ce73b4b4aac4b7245aee6f191","name":"Jorge Matheus","url":"https:\/\/infoecos.com.ar\/index.php\/author\/jomatheus\/"}]}},"featured_image_urls":{"full":["https:\/\/infoecos.com.ar\/wp-content\/uploads\/2022\/05\/CONSULADODEITALIA2.jpg",1600,720,false],"thumbnail":["https:\/\/infoecos.com.ar\/wp-content\/uploads\/2022\/05\/CONSULADODEITALIA2-150x150.jpg",150,150,true],"medium":["https:\/\/infoecos.com.ar\/wp-content\/uploads\/2022\/05\/CONSULADODEITALIA2-460x207.jpg",460,207,true],"medium_large":["https:\/\/infoecos.com.ar\/wp-content\/uploads\/2022\/05\/CONSULADODEITALIA2-768x346.jpg",640,288,true],"large":["https:\/\/infoecos.com.ar\/wp-content\/uploads\/2022\/05\/CONSULADODEITALIA2-920x414.jpg",640,288,true],"1536x1536":["https:\/\/infoecos.com.ar\/wp-content\/uploads\/2022\/05\/CONSULADODEITALIA2-1536x691.jpg",1536,691,true],"2048x2048":["https:\/\/infoecos.com.ar\/wp-content\/uploads\/2022\/05\/CONSULADODEITALIA2.jpg",1600,720,false],"covernews-slider-full":["https:\/\/infoecos.com.ar\/wp-content\/uploads\/2022\/05\/CONSULADODEITALIA2-1536x720.jpg",1115,523,true],"covernews-slider-center":["https:\/\/infoecos.com.ar\/wp-content\/uploads\/2022\/05\/CONSULADODEITALIA2-936x720.jpg",650,500,true],"covernews-featured":["https:\/\/infoecos.com.ar\/wp-content\/uploads\/2022\/05\/CONSULADODEITALIA2-1024x461.jpg",1024,461,true],"covernews-medium":["https:\/\/infoecos.com.ar\/wp-content\/uploads\/2022\/05\/CONSULADODEITALIA2-720x380.jpg",540,285,true],"covernews-medium-square":["https:\/\/infoecos.com.ar\/wp-content\/uploads\/2022\/05\/CONSULADODEITALIA2-675x450.jpg",375,250,true]},"author_info":{"info":["Jorge Matheus"]},"category_info":"<a href=\"https:\/\/infoecos.com.ar\/index.php\/category\/c2nota4\/\" rel=\"category tag\">C2 N4<\/a>","tag_info":"C2 N4","comment_count":"0","_links":{"self":[{"href":"https:\/\/infoecos.com.ar\/index.php\/wp-json\/wp\/v2\/posts\/92329"}],"collection":[{"href":"https:\/\/infoecos.com.ar\/index.php\/wp-json\/wp\/v2\/posts"}],"about":[{"href":"https:\/\/infoecos.com.ar\/index.php\/wp-json\/wp\/v2\/types\/post"}],"author":[{"embeddable":true,"href":"https:\/\/infoecos.com.ar\/index.php\/wp-json\/wp\/v2\/users\/2"}],"replies":[{"embeddable":true,"href":"https:\/\/infoecos.com.ar\/index.php\/wp-json\/wp\/v2\/comments?post=92329"}],"version-history":[{"count":2,"href":"https:\/\/infoecos.com.ar\/index.php\/wp-json\/wp\/v2\/posts\/92329\/revisions"}],"predecessor-version":[{"id":92334,"href":"https:\/\/infoecos.com.ar\/index.php\/wp-json\/wp\/v2\/posts\/92329\/revisions\/92334"}],"wp:featuredmedia":[{"embeddable":true,"href":"https:\/\/infoecos.com.ar\/index.php\/wp-json\/wp\/v2\/media\/92332"}],"wp:attachment":[{"href":"https:\/\/infoecos.com.ar\/index.php\/wp-json\/wp\/v2\/media?parent=92329"}],"wp:term":[{"taxonomy":"category","embeddable":true,"href":"https:\/\/infoecos.com.ar\/index.php\/wp-json\/wp\/v2\/categories?post=92329"},{"taxonomy":"post_tag","embeddable":true,"href":"https:\/\/infoecos.com.ar\/index.php\/wp-json\/wp\/v2\/tags?post=92329"}],"curies":[{"name":"wp","href":"https:\/\/api.w.org\/{rel}","templated":true}]}}