{"id":92335,"date":"2022-05-08T04:09:57","date_gmt":"2022-05-08T07:09:57","guid":{"rendered":"http:\/\/infoecos.com.ar\/?p=92335"},"modified":"2022-05-10T01:09:13","modified_gmt":"2022-05-10T04:09:13","slug":"arquitectos-pehuajenses-recorrieron-y-fotografiaron-la-obra-de-salamone-en-tres-lomas","status":"publish","type":"post","link":"https:\/\/infoecos.com.ar\/index.php\/arquitectos-pehuajenses-recorrieron-y-fotografiaron-la-obra-de-salamone-en-tres-lomas\/","title":{"rendered":"Arquitectos pehuajenses recorrieron y fotografiaron la obra de Salamone en Tres Lomas"},"content":{"rendered":"\n<p>El Intendente Municipal de Tres Lomas, Jorge Carrera, acompa\u00f1ado por la Directora de Cultura y DDHH, Camila Paredes Oterm\u00edn y la Coordinadora del Museo Hist\u00f3rico Municipal, Malena Cuadrado Bigliani, recibi\u00f3 a integrantes del Colegio de Arquitectos de Pehuaj\u00f3, quienes visitaron Tres Lomas con el objetivo de recorrer la obra de Francisco Salamone.<\/p>\n\n\n\n<div class=\"wp-block-image\"><figure class=\"aligncenter size-large is-resized\"><img loading=\"lazy\" decoding=\"async\" src=\"http:\/\/infoecos.com.ar\/wp-content\/uploads\/2022\/05\/Salamone-1-920x743.jpg\" alt=\"\" class=\"wp-image-92336\" width=\"422\" height=\"341\" srcset=\"https:\/\/infoecos.com.ar\/wp-content\/uploads\/2022\/05\/Salamone-1-920x743.jpg 920w, https:\/\/infoecos.com.ar\/wp-content\/uploads\/2022\/05\/Salamone-1-460x372.jpg 460w, https:\/\/infoecos.com.ar\/wp-content\/uploads\/2022\/05\/Salamone-1-768x621.jpg 768w, https:\/\/infoecos.com.ar\/wp-content\/uploads\/2022\/05\/Salamone-1-1536x1241.jpg 1536w, https:\/\/infoecos.com.ar\/wp-content\/uploads\/2022\/05\/Salamone-1-2048x1655.jpg 2048w, https:\/\/infoecos.com.ar\/wp-content\/uploads\/2022\/05\/Salamone-1-1024x827.jpg 1024w\" sizes=\"(max-width: 422px) 100vw, 422px\" \/><\/figure><\/div>\n\n\n\n<p>Los visitantes estuvieron en la Delegaci\u00f3n Municipal, la Plaza Principal y el Matadero, con el fin de tomar fotograf\u00edas para presentar en una muestra fotogr\u00e1fica de arquitectura bonaerense.<\/p>\n\n\n\n<div class=\"wp-block-image\"><figure class=\"aligncenter size-large is-resized\"><img loading=\"lazy\" decoding=\"async\" src=\"http:\/\/infoecos.com.ar\/wp-content\/uploads\/2022\/05\/Salamone-2-920x694.jpg\" alt=\"\" class=\"wp-image-92337\" width=\"414\" height=\"311\" srcset=\"https:\/\/infoecos.com.ar\/wp-content\/uploads\/2022\/05\/Salamone-2-920x694.jpg 920w, https:\/\/infoecos.com.ar\/wp-content\/uploads\/2022\/05\/Salamone-2-460x347.jpg 460w, https:\/\/infoecos.com.ar\/wp-content\/uploads\/2022\/05\/Salamone-2-768x579.jpg 768w, https:\/\/infoecos.com.ar\/wp-content\/uploads\/2022\/05\/Salamone-2-1536x1158.jpg 1536w, https:\/\/infoecos.com.ar\/wp-content\/uploads\/2022\/05\/Salamone-2-2048x1544.jpg 2048w, https:\/\/infoecos.com.ar\/wp-content\/uploads\/2022\/05\/Salamone-2-1024x772.jpg 1024w\" sizes=\"(max-width: 414px) 100vw, 414px\" \/><\/figure><\/div>\n\n\n\n<p><\/p>\n","protected":false},"excerpt":{"rendered":"<p>Los visitantes estuvieron en la Delegaci\u00f3n Municipal, la Plaza Principal y el Matadero, con el fin de tomar fotograf\u00edas para presentar en una muestra fotogr\u00e1fica de arquitectura bonaerense<\/p>\n","protected":false},"author":2,"featured_media":92336,"comment_status":"closed","ping_status":"open","sticky":false,"template":"","format":"standard","meta":{"footnotes":""},"categories":[50],"tags":[6012],"class_list":["post-92335","post","type-post","status-publish","format-standard","has-post-thumbnail","hentry","category-c1nota4","tag-estuvieron-con-el-intendente"],"yoast_head":"<!-- This site is optimized with the Yoast SEO plugin v23.4 - https:\/\/yoast.com\/wordpress\/plugins\/seo\/ -->\n<title>Arquitectos pehuajenses recorrieron y fotografiaron la obra de Salamone en Tres Lomas - Infoecos<\/title>\n<meta name=\"robots\" content=\"index, follow, max-snippet:-1, max-image-preview:large, max-video-preview:-1\" \/>\n<link rel=\"canonical\" href=\"https:\/\/infoecos.com.ar\/index.php\/arquitectos-pehuajenses-recorrieron-y-fotografiaron-la-obra-de-salamone-en-tres-lomas\/\" \/>\n<meta property=\"og:locale\" content=\"es_ES\" \/>\n<meta property=\"og:type\" content=\"article\" \/>\n<meta property=\"og:title\" content=\"Arquitectos pehuajenses recorrieron y fotografiaron la obra de Salamone en Tres Lomas - Infoecos\" \/>\n<meta property=\"og:description\" content=\"Los visitantes estuvieron en la Delegaci\u00f3n Municipal, la Plaza Principal y el Matadero, con el fin de tomar fotograf\u00edas para presentar en una muestra fotogr\u00e1fica de arquitectura bonaerense\" \/>\n<meta property=\"og:url\" content=\"https:\/\/infoecos.com.ar\/index.php\/arquitectos-pehuajenses-recorrieron-y-fotografiaron-la-obra-de-salamone-en-tres-lomas\/\" \/>\n<meta property=\"og:site_name\" content=\"Infoecos\" \/>\n<meta property=\"article:publisher\" content=\"https:\/\/www.facebook.com\/profile.php?id=100063200290284\" \/>\n<meta property=\"article:published_time\" content=\"2022-05-08T07:09:57+00:00\" \/>\n<meta property=\"article:modified_time\" content=\"2022-05-10T04:09:13+00:00\" \/>\n<meta property=\"og:image\" content=\"https:\/\/infoecos.com.ar\/wp-content\/uploads\/2022\/05\/Salamone-1-scaled.jpg\" \/>\n\t<meta property=\"og:image:width\" content=\"2560\" \/>\n\t<meta property=\"og:image:height\" content=\"2069\" \/>\n\t<meta property=\"og:image:type\" content=\"image\/jpeg\" \/>\n<meta name=\"author\" content=\"Jorge Matheus\" \/>\n<meta name=\"twitter:card\" content=\"summary_large_image\" \/>\n<meta name=\"twitter:creator\" content=\"@infoecos\" \/>\n<meta name=\"twitter:site\" content=\"@infoecos\" \/>\n<meta name=\"twitter:label1\" content=\"Escrito por\" \/>\n\t<meta name=\"twitter:data1\" content=\"Jorge Matheus\" \/>\n<script type=\"application\/ld+json\" class=\"yoast-schema-graph\">{\"@context\":\"https:\/\/schema.org\",\"@graph\":[{\"@type\":\"Article\",\"@id\":\"https:\/\/infoecos.com.ar\/index.php\/arquitectos-pehuajenses-recorrieron-y-fotografiaron-la-obra-de-salamone-en-tres-lomas\/#article\",\"isPartOf\":{\"@id\":\"https:\/\/infoecos.com.ar\/index.php\/arquitectos-pehuajenses-recorrieron-y-fotografiaron-la-obra-de-salamone-en-tres-lomas\/\"},\"author\":{\"name\":\"Jorge Matheus\",\"@id\":\"https:\/\/infoecos.com.ar\/#\/schema\/person\/8f5ace5ce73b4b4aac4b7245aee6f191\"},\"headline\":\"Arquitectos pehuajenses recorrieron y fotografiaron la obra de Salamone en Tres Lomas\",\"datePublished\":\"2022-05-08T07:09:57+00:00\",\"dateModified\":\"2022-05-10T04:09:13+00:00\",\"mainEntityOfPage\":{\"@id\":\"https:\/\/infoecos.com.ar\/index.php\/arquitectos-pehuajenses-recorrieron-y-fotografiaron-la-obra-de-salamone-en-tres-lomas\/\"},\"wordCount\":98,\"publisher\":{\"@id\":\"https:\/\/infoecos.com.ar\/#organization\"},\"image\":{\"@id\":\"https:\/\/infoecos.com.ar\/index.php\/arquitectos-pehuajenses-recorrieron-y-fotografiaron-la-obra-de-salamone-en-tres-lomas\/#primaryimage\"},\"thumbnailUrl\":\"https:\/\/infoecos.com.ar\/wp-content\/uploads\/2022\/05\/Salamone-1-scaled.jpg\",\"keywords\":[\"ESTUVIERON CON EL INTENDENTE\"],\"articleSection\":[\"C1 N4\"],\"inLanguage\":\"es\"},{\"@type\":\"WebPage\",\"@id\":\"https:\/\/infoecos.com.ar\/index.php\/arquitectos-pehuajenses-recorrieron-y-fotografiaron-la-obra-de-salamone-en-tres-lomas\/\",\"url\":\"https:\/\/infoecos.com.ar\/index.php\/arquitectos-pehuajenses-recorrieron-y-fotografiaron-la-obra-de-salamone-en-tres-lomas\/\",\"name\":\"Arquitectos pehuajenses recorrieron y fotografiaron la obra de Salamone en Tres Lomas - Infoecos\",\"isPartOf\":{\"@id\":\"https:\/\/infoecos.com.ar\/#website\"},\"primaryImageOfPage\":{\"@id\":\"https:\/\/infoecos.com.ar\/index.php\/arquitectos-pehuajenses-recorrieron-y-fotografiaron-la-obra-de-salamone-en-tres-lomas\/#primaryimage\"},\"image\":{\"@id\":\"https:\/\/infoecos.com.ar\/index.php\/arquitectos-pehuajenses-recorrieron-y-fotografiaron-la-obra-de-salamone-en-tres-lomas\/#primaryimage\"},\"thumbnailUrl\":\"https:\/\/infoecos.com.ar\/wp-content\/uploads\/2022\/05\/Salamone-1-scaled.jpg\",\"datePublished\":\"2022-05-08T07:09:57+00:00\",\"dateModified\":\"2022-05-10T04:09:13+00:00\",\"breadcrumb\":{\"@id\":\"https:\/\/infoecos.com.ar\/index.php\/arquitectos-pehuajenses-recorrieron-y-fotografiaron-la-obra-de-salamone-en-tres-lomas\/#breadcrumb\"},\"inLanguage\":\"es\",\"potentialAction\":[{\"@type\":\"ReadAction\",\"target\":[\"https:\/\/infoecos.com.ar\/index.php\/arquitectos-pehuajenses-recorrieron-y-fotografiaron-la-obra-de-salamone-en-tres-lomas\/\"]}]},{\"@type\":\"ImageObject\",\"inLanguage\":\"es\",\"@id\":\"https:\/\/infoecos.com.ar\/index.php\/arquitectos-pehuajenses-recorrieron-y-fotografiaron-la-obra-de-salamone-en-tres-lomas\/#primaryimage\",\"url\":\"https:\/\/infoecos.com.ar\/wp-content\/uploads\/2022\/05\/Salamone-1-scaled.jpg\",\"contentUrl\":\"https:\/\/infoecos.com.ar\/wp-content\/uploads\/2022\/05\/Salamone-1-scaled.jpg\",\"width\":2560,\"height\":2069},{\"@type\":\"BreadcrumbList\",\"@id\":\"https:\/\/infoecos.com.ar\/index.php\/arquitectos-pehuajenses-recorrieron-y-fotografiaron-la-obra-de-salamone-en-tres-lomas\/#breadcrumb\",\"itemListElement\":[{\"@type\":\"ListItem\",\"position\":1,\"name\":\"Portada\",\"item\":\"https:\/\/infoecos.com.ar\/\"},{\"@type\":\"ListItem\",\"position\":2,\"name\":\"Arquitectos pehuajenses recorrieron y fotografiaron la obra de Salamone en Tres Lomas\"}]},{\"@type\":\"WebSite\",\"@id\":\"https:\/\/infoecos.com.ar\/#website\",\"url\":\"https:\/\/infoecos.com.ar\/\",\"name\":\"Infoecos\",\"description\":\"Noticias de trenque lauquen y la zona\",\"publisher\":{\"@id\":\"https:\/\/infoecos.com.ar\/#organization\"},\"alternateName\":\"Noticias\",\"potentialAction\":[{\"@type\":\"SearchAction\",\"target\":{\"@type\":\"EntryPoint\",\"urlTemplate\":\"https:\/\/infoecos.com.ar\/?s={search_term_string}\"},\"query-input\":{\"@type\":\"PropertyValueSpecification\",\"valueRequired\":true,\"valueName\":\"search_term_string\"}}],\"inLanguage\":\"es\"},{\"@type\":\"Organization\",\"@id\":\"https:\/\/infoecos.com.ar\/#organization\",\"name\":\"Infoecos\",\"alternateName\":\"Noticias\",\"url\":\"https:\/\/infoecos.com.ar\/\",\"logo\":{\"@type\":\"ImageObject\",\"inLanguage\":\"es\",\"@id\":\"https:\/\/infoecos.com.ar\/#\/schema\/logo\/image\/\",\"url\":\"https:\/\/infoecos.com.ar\/wp-content\/uploads\/2024\/03\/cropped-logo.png\",\"contentUrl\":\"https:\/\/infoecos.com.ar\/wp-content\/uploads\/2024\/03\/cropped-logo.png\",\"width\":374,\"height\":90,\"caption\":\"Infoecos\"},\"image\":{\"@id\":\"https:\/\/infoecos.com.ar\/#\/schema\/logo\/image\/\"},\"sameAs\":[\"https:\/\/www.facebook.com\/profile.php?id=100063200290284\",\"https:\/\/x.com\/infoecos\"]},{\"@type\":\"Person\",\"@id\":\"https:\/\/infoecos.com.ar\/#\/schema\/person\/8f5ace5ce73b4b4aac4b7245aee6f191\",\"name\":\"Jorge Matheus\",\"url\":\"https:\/\/infoecos.com.ar\/index.php\/author\/jomatheus\/\"}]}<\/script>\n<!-- \/ Yoast SEO plugin. -->","yoast_head_json":{"title":"Arquitectos pehuajenses recorrieron y fotografiaron la obra de Salamone en Tres Lomas - Infoecos","robots":{"index":"index","follow":"follow","max-snippet":"max-snippet:-1","max-image-preview":"max-image-preview:large","max-video-preview":"max-video-preview:-1"},"canonical":"https:\/\/infoecos.com.ar\/index.php\/arquitectos-pehuajenses-recorrieron-y-fotografiaron-la-obra-de-salamone-en-tres-lomas\/","og_locale":"es_ES","og_type":"article","og_title":"Arquitectos pehuajenses recorrieron y fotografiaron la obra de Salamone en Tres Lomas - Infoecos","og_description":"Los visitantes estuvieron en la Delegaci\u00f3n Municipal, la Plaza Principal y el Matadero, con el fin de tomar fotograf\u00edas para presentar en una muestra fotogr\u00e1fica de arquitectura bonaerense","og_url":"https:\/\/infoecos.com.ar\/index.php\/arquitectos-pehuajenses-recorrieron-y-fotografiaron-la-obra-de-salamone-en-tres-lomas\/","og_site_name":"Infoecos","article_publisher":"https:\/\/www.facebook.com\/profile.php?id=100063200290284","article_published_time":"2022-05-08T07:09:57+00:00","article_modified_time":"2022-05-10T04:09:13+00:00","og_image":[{"width":2560,"height":2069,"url":"https:\/\/infoecos.com.ar\/wp-content\/uploads\/2022\/05\/Salamone-1-scaled.jpg","type":"image\/jpeg"}],"author":"Jorge Matheus","twitter_card":"summary_large_image","twitter_creator":"@infoecos","twitter_site":"@infoecos","twitter_misc":{"Escrito por":"Jorge Matheus"},"schema":{"@context":"https:\/\/schema.org","@graph":[{"@type":"Article","@id":"https:\/\/infoecos.com.ar\/index.php\/arquitectos-pehuajenses-recorrieron-y-fotografiaron-la-obra-de-salamone-en-tres-lomas\/#article","isPartOf":{"@id":"https:\/\/infoecos.com.ar\/index.php\/arquitectos-pehuajenses-recorrieron-y-fotografiaron-la-obra-de-salamone-en-tres-lomas\/"},"author":{"name":"Jorge Matheus","@id":"https:\/\/infoecos.com.ar\/#\/schema\/person\/8f5ace5ce73b4b4aac4b7245aee6f191"},"headline":"Arquitectos pehuajenses recorrieron y fotografiaron la obra de Salamone en Tres Lomas","datePublished":"2022-05-08T07:09:57+00:00","dateModified":"2022-05-10T04:09:13+00:00","mainEntityOfPage":{"@id":"https:\/\/infoecos.com.ar\/index.php\/arquitectos-pehuajenses-recorrieron-y-fotografiaron-la-obra-de-salamone-en-tres-lomas\/"},"wordCount":98,"publisher":{"@id":"https:\/\/infoecos.com.ar\/#organization"},"image":{"@id":"https:\/\/infoecos.com.ar\/index.php\/arquitectos-pehuajenses-recorrieron-y-fotografiaron-la-obra-de-salamone-en-tres-lomas\/#primaryimage"},"thumbnailUrl":"https:\/\/infoecos.com.ar\/wp-content\/uploads\/2022\/05\/Salamone-1-scaled.jpg","keywords":["ESTUVIERON CON EL INTENDENTE"],"articleSection":["C1 N4"],"inLanguage":"es"},{"@type":"WebPage","@id":"https:\/\/infoecos.com.ar\/index.php\/arquitectos-pehuajenses-recorrieron-y-fotografiaron-la-obra-de-salamone-en-tres-lomas\/","url":"https:\/\/infoecos.com.ar\/index.php\/arquitectos-pehuajenses-recorrieron-y-fotografiaron-la-obra-de-salamone-en-tres-lomas\/","name":"Arquitectos pehuajenses recorrieron y fotografiaron la obra de Salamone en Tres Lomas - Infoecos","isPartOf":{"@id":"https:\/\/infoecos.com.ar\/#website"},"primaryImageOfPage":{"@id":"https:\/\/infoecos.com.ar\/index.php\/arquitectos-pehuajenses-recorrieron-y-fotografiaron-la-obra-de-salamone-en-tres-lomas\/#primaryimage"},"image":{"@id":"https:\/\/infoecos.com.ar\/index.php\/arquitectos-pehuajenses-recorrieron-y-fotografiaron-la-obra-de-salamone-en-tres-lomas\/#primaryimage"},"thumbnailUrl":"https:\/\/infoecos.com.ar\/wp-content\/uploads\/2022\/05\/Salamone-1-scaled.jpg","datePublished":"2022-05-08T07:09:57+00:00","dateModified":"2022-05-10T04:09:13+00:00","breadcrumb":{"@id":"https:\/\/infoecos.com.ar\/index.php\/arquitectos-pehuajenses-recorrieron-y-fotografiaron-la-obra-de-salamone-en-tres-lomas\/#breadcrumb"},"inLanguage":"es","potentialAction":[{"@type":"ReadAction","target":["https:\/\/infoecos.com.ar\/index.php\/arquitectos-pehuajenses-recorrieron-y-fotografiaron-la-obra-de-salamone-en-tres-lomas\/"]}]},{"@type":"ImageObject","inLanguage":"es","@id":"https:\/\/infoecos.com.ar\/index.php\/arquitectos-pehuajenses-recorrieron-y-fotografiaron-la-obra-de-salamone-en-tres-lomas\/#primaryimage","url":"https:\/\/infoecos.com.ar\/wp-content\/uploads\/2022\/05\/Salamone-1-scaled.jpg","contentUrl":"https:\/\/infoecos.com.ar\/wp-content\/uploads\/2022\/05\/Salamone-1-scaled.jpg","width":2560,"height":2069},{"@type":"BreadcrumbList","@id":"https:\/\/infoecos.com.ar\/index.php\/arquitectos-pehuajenses-recorrieron-y-fotografiaron-la-obra-de-salamone-en-tres-lomas\/#breadcrumb","itemListElement":[{"@type":"ListItem","position":1,"name":"Portada","item":"https:\/\/infoecos.com.ar\/"},{"@type":"ListItem","position":2,"name":"Arquitectos pehuajenses recorrieron y fotografiaron la obra de Salamone en Tres Lomas"}]},{"@type":"WebSite","@id":"https:\/\/infoecos.com.ar\/#website","url":"https:\/\/infoecos.com.ar\/","name":"Infoecos","description":"Noticias de trenque lauquen y la zona","publisher":{"@id":"https:\/\/infoecos.com.ar\/#organization"},"alternateName":"Noticias","potentialAction":[{"@type":"SearchAction","target":{"@type":"EntryPoint","urlTemplate":"https:\/\/infoecos.com.ar\/?s={search_term_string}"},"query-input":{"@type":"PropertyValueSpecification","valueRequired":true,"valueName":"search_term_string"}}],"inLanguage":"es"},{"@type":"Organization","@id":"https:\/\/infoecos.com.ar\/#organization","name":"Infoecos","alternateName":"Noticias","url":"https:\/\/infoecos.com.ar\/","logo":{"@type":"ImageObject","inLanguage":"es","@id":"https:\/\/infoecos.com.ar\/#\/schema\/logo\/image\/","url":"https:\/\/infoecos.com.ar\/wp-content\/uploads\/2024\/03\/cropped-logo.png","contentUrl":"https:\/\/infoecos.com.ar\/wp-content\/uploads\/2024\/03\/cropped-logo.png","width":374,"height":90,"caption":"Infoecos"},"image":{"@id":"https:\/\/infoecos.com.ar\/#\/schema\/logo\/image\/"},"sameAs":["https:\/\/www.facebook.com\/profile.php?id=100063200290284","https:\/\/x.com\/infoecos"]},{"@type":"Person","@id":"https:\/\/infoecos.com.ar\/#\/schema\/person\/8f5ace5ce73b4b4aac4b7245aee6f191","name":"Jorge Matheus","url":"https:\/\/infoecos.com.ar\/index.php\/author\/jomatheus\/"}]}},"featured_image_urls":{"full":["https:\/\/infoecos.com.ar\/wp-content\/uploads\/2022\/05\/Salamone-1-scaled.jpg",2560,2069,false],"thumbnail":["https:\/\/infoecos.com.ar\/wp-content\/uploads\/2022\/05\/Salamone-1-150x150.jpg",150,150,true],"medium":["https:\/\/infoecos.com.ar\/wp-content\/uploads\/2022\/05\/Salamone-1-460x372.jpg",460,372,true],"medium_large":["https:\/\/infoecos.com.ar\/wp-content\/uploads\/2022\/05\/Salamone-1-768x621.jpg",640,518,true],"large":["https:\/\/infoecos.com.ar\/wp-content\/uploads\/2022\/05\/Salamone-1-920x743.jpg",640,517,true],"1536x1536":["https:\/\/infoecos.com.ar\/wp-content\/uploads\/2022\/05\/Salamone-1-1536x1241.jpg",1536,1241,true],"2048x2048":["https:\/\/infoecos.com.ar\/wp-content\/uploads\/2022\/05\/Salamone-1-2048x1655.jpg",2048,1655,true],"covernews-slider-full":["https:\/\/infoecos.com.ar\/wp-content\/uploads\/2022\/05\/Salamone-1-1536x1020.jpg",1077,715,true],"covernews-slider-center":["https:\/\/infoecos.com.ar\/wp-content\/uploads\/2022\/05\/Salamone-1-936x897.jpg",522,500,true],"covernews-featured":["https:\/\/infoecos.com.ar\/wp-content\/uploads\/2022\/05\/Salamone-1-1024x827.jpg",1024,827,true],"covernews-medium":["https:\/\/infoecos.com.ar\/wp-content\/uploads\/2022\/05\/Salamone-1-720x380.jpg",540,285,true],"covernews-medium-square":["https:\/\/infoecos.com.ar\/wp-content\/uploads\/2022\/05\/Salamone-1-675x450.jpg",375,250,true]},"author_info":{"info":["Jorge Matheus"]},"category_info":"<a href=\"https:\/\/infoecos.com.ar\/index.php\/category\/c1nota4\/\" rel=\"category tag\">C1 N4<\/a>","tag_info":"C1 N4","comment_count":"0","_links":{"self":[{"href":"https:\/\/infoecos.com.ar\/index.php\/wp-json\/wp\/v2\/posts\/92335"}],"collection":[{"href":"https:\/\/infoecos.com.ar\/index.php\/wp-json\/wp\/v2\/posts"}],"about":[{"href":"https:\/\/infoecos.com.ar\/index.php\/wp-json\/wp\/v2\/types\/post"}],"author":[{"embeddable":true,"href":"https:\/\/infoecos.com.ar\/index.php\/wp-json\/wp\/v2\/users\/2"}],"replies":[{"embeddable":true,"href":"https:\/\/infoecos.com.ar\/index.php\/wp-json\/wp\/v2\/comments?post=92335"}],"version-history":[{"count":1,"href":"https:\/\/infoecos.com.ar\/index.php\/wp-json\/wp\/v2\/posts\/92335\/revisions"}],"predecessor-version":[{"id":92338,"href":"https:\/\/infoecos.com.ar\/index.php\/wp-json\/wp\/v2\/posts\/92335\/revisions\/92338"}],"wp:featuredmedia":[{"embeddable":true,"href":"https:\/\/infoecos.com.ar\/index.php\/wp-json\/wp\/v2\/media\/92336"}],"wp:attachment":[{"href":"https:\/\/infoecos.com.ar\/index.php\/wp-json\/wp\/v2\/media?parent=92335"}],"wp:term":[{"taxonomy":"category","embeddable":true,"href":"https:\/\/infoecos.com.ar\/index.php\/wp-json\/wp\/v2\/categories?post=92335"},{"taxonomy":"post_tag","embeddable":true,"href":"https:\/\/infoecos.com.ar\/index.php\/wp-json\/wp\/v2\/tags?post=92335"}],"curies":[{"name":"wp","href":"https:\/\/api.w.org\/{rel}","templated":true}]}}