{"id":92358,"date":"2022-05-09T15:05:13","date_gmt":"2022-05-09T18:05:13","guid":{"rendered":"http:\/\/infoecos.com.ar\/?p=92358"},"modified":"2022-05-09T15:05:13","modified_gmt":"2022-05-09T18:05:13","slug":"que-se-recuerda-hoy-9-de-mayo-2022","status":"publish","type":"post","link":"https:\/\/infoecos.com.ar\/index.php\/que-se-recuerda-hoy-9-de-mayo-2022\/","title":{"rendered":"Que se recuerda hoy 9 de Mayo 2022"},"content":{"rendered":"\n<div class=\"wp-block-image\"><figure class=\"aligncenter size-large is-resized\"><img loading=\"lazy\" decoding=\"async\" src=\"http:\/\/infoecos.com.ar\/wp-content\/uploads\/2022\/05\/rene-favaloro-920x582.jpg\" alt=\"\" class=\"wp-image-92359\" width=\"485\" height=\"307\" srcset=\"https:\/\/infoecos.com.ar\/wp-content\/uploads\/2022\/05\/rene-favaloro-920x582.jpg 920w, https:\/\/infoecos.com.ar\/wp-content\/uploads\/2022\/05\/rene-favaloro-460x291.jpg 460w, https:\/\/infoecos.com.ar\/wp-content\/uploads\/2022\/05\/rene-favaloro-768x485.jpg 768w, https:\/\/infoecos.com.ar\/wp-content\/uploads\/2022\/05\/rene-favaloro-1536x971.jpg 1536w, https:\/\/infoecos.com.ar\/wp-content\/uploads\/2022\/05\/rene-favaloro-2048x1295.jpg 2048w, https:\/\/infoecos.com.ar\/wp-content\/uploads\/2022\/05\/rene-favaloro-1024x647.jpg 1024w\" sizes=\"(max-width: 485px) 100vw, 485px\" \/><figcaption>DR. RENE FAVALORO.\rFOTO: CARLOS VILLOLDO\/PLZ PHOTO.<\/figcaption><\/figure><\/div>\n\n\n\n<ul class=\"wp-block-list\"><li><strong>1960 &#8211; P\u00cdLDORA ANTICONCEPTIVA.<\/strong>\u00a0Se autoriza por primera vez en EEUU la venta de una p\u00edldora anticonceptiva, uno de los medicamentos con mayor significado cultural y mayor impacto demogr\u00e1fico que adem\u00e1s da lugar a una revoluci\u00f3n sexual en favor de los derechos de la mujer.<\/li><li><\/li><li><strong>1943 &#8211; MASACRE CHANGJIAO.<\/strong>\u00a0M\u00e1s de 30.000 personas son asesinadas durante una incursi\u00f3n del ej\u00e9rcito japon\u00e9s en el pueblo chino de Changjiao, durante la guerra con China. La masacre fue ordenada por el general japon\u00e9s Shunroku Hata, quien al final de la guerra fue condenado a cadena perpetua.<\/li><li><\/li><li><strong>1952 &#8211; ADRIANA VARELA.<\/strong>\u00a0Nace en la ciudad bonaerense de Avellaneda la cantante de tangos Beatriz Adriana Lichinchi, conocida art\u00edsticamente como Adriana Varela o por su apodo \u00abLa Gata\u00bb Varela, quien lleva grabados m\u00e1s de 15 discos y obtuvo los Premios Konex de 1995 y 2015 y los de la Asociaci\u00f3n de Cronistas de Espect\u00e1culos (ACE) de 1993 y 1994.<\/li><li><\/li><li><strong>1967 &#8211; BYPASS.<\/strong>\u00a0El cardiocirujano Ren\u00e9 Favaloro realiza en la Cleveland Clinic (Ohio, EEUU) la primera operaci\u00f3n de bypass de arterias coronarias. La primera operaci\u00f3n de bypass hab\u00eda sido realizada en arterias del cuello por el neurocirujano argentino Alfredo Carrea, en 1951.<\/li><li><\/li><li><strong>2020 &#8211; D\u00cdA INTERNACIONAL DE LAS AVES MIGRATORIAS.<\/strong>\u00a0Declarado en 2006 por las Organizaci\u00f3n de las Naciones Unidas para concientizar a la poblaci\u00f3n mundial sobre el cuidado y la conservaci\u00f3n de esas especies.<\/li><li><\/li><li><strong>1867 &#8211; BUENOS AIRES F\u00daTBOL CLUB.<\/strong>\u00a0Los hermanos Thomas y James Hogg, junto a otros miembros de la colectividad brit\u00e1nica en Argentina, fundan el Buenos Aires Football Club, el primer club de f\u00fatbol del pa\u00eds y de Sudam\u00e9rica. El equipo comenz\u00f3 practicando f\u00fatbol pero luego adoptar\u00eda las leyes del rugby.<\/li><li><\/li><li><strong>1949 &#8211; ADRI\u00c1N PAENZA.<\/strong>\u00a0Nace en Buenos Aires el periodista, matem\u00e1tico y acad\u00e9mico Adri\u00e1n Paenza, ganador de cuatro premios Mart\u00edn Fierro y dos Konex.<\/li><li><\/li><li><strong>1962 &#8211; DAVID GAHAN.<\/strong>\u00a0Nace en la ciudad inglesa de Epping el cantante David Gahan, vocalista y l\u00edder de la banda de m\u00fasica electr\u00f3nica Depeche Mode, con la que grab\u00f3 m\u00e1s de veinte discos.<\/li><li><\/li><li><strong>1945 &#8211; D\u00cdA DE LA VICTORIA.<\/strong>\u00a0Se celebra en Rusia, en conmemoraci\u00f3n de la victoria de la antigua Uni\u00f3n Sovi\u00e9tica y EEUU, Francia y Reino Unido, entre otros de sus aliados, sobre la Alemania nazi en la Segunda Guerra Mundial.<\/li><li><\/li><li><strong>2012<\/strong> &#8211; El Senado argentino sanciona la Ley 26.743, conocida como\u00a0<strong>Ley de Identidad de G\u00e9nero<\/strong>, que reconoce el derecho a tener la identidad sexual autopercibida en el documento nacional de identidad, as\u00ed como el acceso a la atenci\u00f3n sanitaria integral de personas trans.<\/li><li><\/li><li><strong>D\u00eda Internacional de las Aves Migratorias<\/strong>. Declarado en 2006 por las Organizaci\u00f3n de las Naciones Unidas paraconcientizar a la poblaci\u00f3n mundial sobre el cuidado y la conservaci\u00f3n de esas especies.<\/li><\/ul>\n","protected":false},"excerpt":{"rendered":"<p>1967 &#8211; BYPASS. El cardiocirujano Ren\u00e9 Favaloro realiza en la Cleveland Clinic (Ohio, EEUU) la primera operaci\u00f3n de bypass de arterias coronarias. La primera operaci\u00f3n de bypass hab\u00eda sido realizada en arterias del cuello por el neurocirujano argentino Alfredo Carrea, en 1951<\/p>\n","protected":false},"author":2,"featured_media":92359,"comment_status":"closed","ping_status":"open","sticky":false,"template":"","format":"standard","meta":{"footnotes":""},"categories":[1614],"tags":[4736],"class_list":["post-92358","post","type-post","status-publish","format-standard","has-post-thumbnail","hentry","category-c2nota7","tag-efemerides"],"yoast_head":"<!-- This site is optimized with the Yoast SEO plugin v23.4 - https:\/\/yoast.com\/wordpress\/plugins\/seo\/ -->\n<title>Que se recuerda hoy 9 de Mayo 2022 - Infoecos<\/title>\n<meta name=\"robots\" content=\"index, follow, max-snippet:-1, max-image-preview:large, max-video-preview:-1\" \/>\n<link rel=\"canonical\" href=\"https:\/\/infoecos.com.ar\/index.php\/que-se-recuerda-hoy-9-de-mayo-2022\/\" \/>\n<meta property=\"og:locale\" content=\"es_ES\" \/>\n<meta property=\"og:type\" content=\"article\" \/>\n<meta property=\"og:title\" content=\"Que se recuerda hoy 9 de Mayo 2022 - Infoecos\" \/>\n<meta property=\"og:description\" content=\"1967 - BYPASS. El cardiocirujano Ren\u00e9 Favaloro realiza en la Cleveland Clinic (Ohio, EEUU) la primera operaci\u00f3n de bypass de arterias coronarias. La primera operaci\u00f3n de bypass hab\u00eda sido realizada en arterias del cuello por el neurocirujano argentino Alfredo Carrea, en 1951\" \/>\n<meta property=\"og:url\" content=\"https:\/\/infoecos.com.ar\/index.php\/que-se-recuerda-hoy-9-de-mayo-2022\/\" \/>\n<meta property=\"og:site_name\" content=\"Infoecos\" \/>\n<meta property=\"article:publisher\" content=\"https:\/\/www.facebook.com\/profile.php?id=100063200290284\" \/>\n<meta property=\"article:published_time\" content=\"2022-05-09T18:05:13+00:00\" \/>\n<meta property=\"og:image\" content=\"https:\/\/infoecos.com.ar\/wp-content\/uploads\/2022\/05\/rene-favaloro.jpg\" \/>\n\t<meta property=\"og:image:width\" content=\"2362\" \/>\n\t<meta property=\"og:image:height\" content=\"1493\" \/>\n\t<meta property=\"og:image:type\" content=\"image\/jpeg\" \/>\n<meta name=\"author\" content=\"Jorge Matheus\" \/>\n<meta name=\"twitter:card\" content=\"summary_large_image\" \/>\n<meta name=\"twitter:creator\" content=\"@infoecos\" \/>\n<meta name=\"twitter:site\" content=\"@infoecos\" \/>\n<meta name=\"twitter:label1\" content=\"Escrito por\" \/>\n\t<meta name=\"twitter:data1\" content=\"Jorge Matheus\" \/>\n\t<meta name=\"twitter:label2\" content=\"Tiempo de lectura\" \/>\n\t<meta name=\"twitter:data2\" content=\"2 minutos\" \/>\n<script type=\"application\/ld+json\" class=\"yoast-schema-graph\">{\"@context\":\"https:\/\/schema.org\",\"@graph\":[{\"@type\":\"Article\",\"@id\":\"https:\/\/infoecos.com.ar\/index.php\/que-se-recuerda-hoy-9-de-mayo-2022\/#article\",\"isPartOf\":{\"@id\":\"https:\/\/infoecos.com.ar\/index.php\/que-se-recuerda-hoy-9-de-mayo-2022\/\"},\"author\":{\"name\":\"Jorge Matheus\",\"@id\":\"https:\/\/infoecos.com.ar\/#\/schema\/person\/8f5ace5ce73b4b4aac4b7245aee6f191\"},\"headline\":\"Que se recuerda hoy 9 de Mayo 2022\",\"datePublished\":\"2022-05-09T18:05:13+00:00\",\"dateModified\":\"2022-05-09T18:05:13+00:00\",\"mainEntityOfPage\":{\"@id\":\"https:\/\/infoecos.com.ar\/index.php\/que-se-recuerda-hoy-9-de-mayo-2022\/\"},\"wordCount\":491,\"publisher\":{\"@id\":\"https:\/\/infoecos.com.ar\/#organization\"},\"image\":{\"@id\":\"https:\/\/infoecos.com.ar\/index.php\/que-se-recuerda-hoy-9-de-mayo-2022\/#primaryimage\"},\"thumbnailUrl\":\"https:\/\/infoecos.com.ar\/wp-content\/uploads\/2022\/05\/rene-favaloro.jpg\",\"keywords\":[\"EFEM\u00c9RIDES\"],\"articleSection\":[\"C2 N7\"],\"inLanguage\":\"es\"},{\"@type\":\"WebPage\",\"@id\":\"https:\/\/infoecos.com.ar\/index.php\/que-se-recuerda-hoy-9-de-mayo-2022\/\",\"url\":\"https:\/\/infoecos.com.ar\/index.php\/que-se-recuerda-hoy-9-de-mayo-2022\/\",\"name\":\"Que se recuerda hoy 9 de Mayo 2022 - Infoecos\",\"isPartOf\":{\"@id\":\"https:\/\/infoecos.com.ar\/#website\"},\"primaryImageOfPage\":{\"@id\":\"https:\/\/infoecos.com.ar\/index.php\/que-se-recuerda-hoy-9-de-mayo-2022\/#primaryimage\"},\"image\":{\"@id\":\"https:\/\/infoecos.com.ar\/index.php\/que-se-recuerda-hoy-9-de-mayo-2022\/#primaryimage\"},\"thumbnailUrl\":\"https:\/\/infoecos.com.ar\/wp-content\/uploads\/2022\/05\/rene-favaloro.jpg\",\"datePublished\":\"2022-05-09T18:05:13+00:00\",\"dateModified\":\"2022-05-09T18:05:13+00:00\",\"breadcrumb\":{\"@id\":\"https:\/\/infoecos.com.ar\/index.php\/que-se-recuerda-hoy-9-de-mayo-2022\/#breadcrumb\"},\"inLanguage\":\"es\",\"potentialAction\":[{\"@type\":\"ReadAction\",\"target\":[\"https:\/\/infoecos.com.ar\/index.php\/que-se-recuerda-hoy-9-de-mayo-2022\/\"]}]},{\"@type\":\"ImageObject\",\"inLanguage\":\"es\",\"@id\":\"https:\/\/infoecos.com.ar\/index.php\/que-se-recuerda-hoy-9-de-mayo-2022\/#primaryimage\",\"url\":\"https:\/\/infoecos.com.ar\/wp-content\/uploads\/2022\/05\/rene-favaloro.jpg\",\"contentUrl\":\"https:\/\/infoecos.com.ar\/wp-content\/uploads\/2022\/05\/rene-favaloro.jpg\",\"width\":2362,\"height\":1493,\"caption\":\"DR. RENE FAVALORO. FOTO: CARLOS VILLOLDO\/PLZ PHOTO.\"},{\"@type\":\"BreadcrumbList\",\"@id\":\"https:\/\/infoecos.com.ar\/index.php\/que-se-recuerda-hoy-9-de-mayo-2022\/#breadcrumb\",\"itemListElement\":[{\"@type\":\"ListItem\",\"position\":1,\"name\":\"Portada\",\"item\":\"https:\/\/infoecos.com.ar\/\"},{\"@type\":\"ListItem\",\"position\":2,\"name\":\"Que se recuerda hoy 9 de Mayo 2022\"}]},{\"@type\":\"WebSite\",\"@id\":\"https:\/\/infoecos.com.ar\/#website\",\"url\":\"https:\/\/infoecos.com.ar\/\",\"name\":\"Infoecos\",\"description\":\"Noticias de trenque lauquen y la zona\",\"publisher\":{\"@id\":\"https:\/\/infoecos.com.ar\/#organization\"},\"alternateName\":\"Noticias\",\"potentialAction\":[{\"@type\":\"SearchAction\",\"target\":{\"@type\":\"EntryPoint\",\"urlTemplate\":\"https:\/\/infoecos.com.ar\/?s={search_term_string}\"},\"query-input\":{\"@type\":\"PropertyValueSpecification\",\"valueRequired\":true,\"valueName\":\"search_term_string\"}}],\"inLanguage\":\"es\"},{\"@type\":\"Organization\",\"@id\":\"https:\/\/infoecos.com.ar\/#organization\",\"name\":\"Infoecos\",\"alternateName\":\"Noticias\",\"url\":\"https:\/\/infoecos.com.ar\/\",\"logo\":{\"@type\":\"ImageObject\",\"inLanguage\":\"es\",\"@id\":\"https:\/\/infoecos.com.ar\/#\/schema\/logo\/image\/\",\"url\":\"https:\/\/infoecos.com.ar\/wp-content\/uploads\/2024\/03\/cropped-logo.png\",\"contentUrl\":\"https:\/\/infoecos.com.ar\/wp-content\/uploads\/2024\/03\/cropped-logo.png\",\"width\":374,\"height\":90,\"caption\":\"Infoecos\"},\"image\":{\"@id\":\"https:\/\/infoecos.com.ar\/#\/schema\/logo\/image\/\"},\"sameAs\":[\"https:\/\/www.facebook.com\/profile.php?id=100063200290284\",\"https:\/\/x.com\/infoecos\"]},{\"@type\":\"Person\",\"@id\":\"https:\/\/infoecos.com.ar\/#\/schema\/person\/8f5ace5ce73b4b4aac4b7245aee6f191\",\"name\":\"Jorge Matheus\",\"url\":\"https:\/\/infoecos.com.ar\/index.php\/author\/jomatheus\/\"}]}<\/script>\n<!-- \/ Yoast SEO plugin. -->","yoast_head_json":{"title":"Que se recuerda hoy 9 de Mayo 2022 - Infoecos","robots":{"index":"index","follow":"follow","max-snippet":"max-snippet:-1","max-image-preview":"max-image-preview:large","max-video-preview":"max-video-preview:-1"},"canonical":"https:\/\/infoecos.com.ar\/index.php\/que-se-recuerda-hoy-9-de-mayo-2022\/","og_locale":"es_ES","og_type":"article","og_title":"Que se recuerda hoy 9 de Mayo 2022 - Infoecos","og_description":"1967 - BYPASS. El cardiocirujano Ren\u00e9 Favaloro realiza en la Cleveland Clinic (Ohio, EEUU) la primera operaci\u00f3n de bypass de arterias coronarias. La primera operaci\u00f3n de bypass hab\u00eda sido realizada en arterias del cuello por el neurocirujano argentino Alfredo Carrea, en 1951","og_url":"https:\/\/infoecos.com.ar\/index.php\/que-se-recuerda-hoy-9-de-mayo-2022\/","og_site_name":"Infoecos","article_publisher":"https:\/\/www.facebook.com\/profile.php?id=100063200290284","article_published_time":"2022-05-09T18:05:13+00:00","og_image":[{"width":2362,"height":1493,"url":"https:\/\/infoecos.com.ar\/wp-content\/uploads\/2022\/05\/rene-favaloro.jpg","type":"image\/jpeg"}],"author":"Jorge Matheus","twitter_card":"summary_large_image","twitter_creator":"@infoecos","twitter_site":"@infoecos","twitter_misc":{"Escrito por":"Jorge Matheus","Tiempo de lectura":"2 minutos"},"schema":{"@context":"https:\/\/schema.org","@graph":[{"@type":"Article","@id":"https:\/\/infoecos.com.ar\/index.php\/que-se-recuerda-hoy-9-de-mayo-2022\/#article","isPartOf":{"@id":"https:\/\/infoecos.com.ar\/index.php\/que-se-recuerda-hoy-9-de-mayo-2022\/"},"author":{"name":"Jorge Matheus","@id":"https:\/\/infoecos.com.ar\/#\/schema\/person\/8f5ace5ce73b4b4aac4b7245aee6f191"},"headline":"Que se recuerda hoy 9 de Mayo 2022","datePublished":"2022-05-09T18:05:13+00:00","dateModified":"2022-05-09T18:05:13+00:00","mainEntityOfPage":{"@id":"https:\/\/infoecos.com.ar\/index.php\/que-se-recuerda-hoy-9-de-mayo-2022\/"},"wordCount":491,"publisher":{"@id":"https:\/\/infoecos.com.ar\/#organization"},"image":{"@id":"https:\/\/infoecos.com.ar\/index.php\/que-se-recuerda-hoy-9-de-mayo-2022\/#primaryimage"},"thumbnailUrl":"https:\/\/infoecos.com.ar\/wp-content\/uploads\/2022\/05\/rene-favaloro.jpg","keywords":["EFEM\u00c9RIDES"],"articleSection":["C2 N7"],"inLanguage":"es"},{"@type":"WebPage","@id":"https:\/\/infoecos.com.ar\/index.php\/que-se-recuerda-hoy-9-de-mayo-2022\/","url":"https:\/\/infoecos.com.ar\/index.php\/que-se-recuerda-hoy-9-de-mayo-2022\/","name":"Que se recuerda hoy 9 de Mayo 2022 - Infoecos","isPartOf":{"@id":"https:\/\/infoecos.com.ar\/#website"},"primaryImageOfPage":{"@id":"https:\/\/infoecos.com.ar\/index.php\/que-se-recuerda-hoy-9-de-mayo-2022\/#primaryimage"},"image":{"@id":"https:\/\/infoecos.com.ar\/index.php\/que-se-recuerda-hoy-9-de-mayo-2022\/#primaryimage"},"thumbnailUrl":"https:\/\/infoecos.com.ar\/wp-content\/uploads\/2022\/05\/rene-favaloro.jpg","datePublished":"2022-05-09T18:05:13+00:00","dateModified":"2022-05-09T18:05:13+00:00","breadcrumb":{"@id":"https:\/\/infoecos.com.ar\/index.php\/que-se-recuerda-hoy-9-de-mayo-2022\/#breadcrumb"},"inLanguage":"es","potentialAction":[{"@type":"ReadAction","target":["https:\/\/infoecos.com.ar\/index.php\/que-se-recuerda-hoy-9-de-mayo-2022\/"]}]},{"@type":"ImageObject","inLanguage":"es","@id":"https:\/\/infoecos.com.ar\/index.php\/que-se-recuerda-hoy-9-de-mayo-2022\/#primaryimage","url":"https:\/\/infoecos.com.ar\/wp-content\/uploads\/2022\/05\/rene-favaloro.jpg","contentUrl":"https:\/\/infoecos.com.ar\/wp-content\/uploads\/2022\/05\/rene-favaloro.jpg","width":2362,"height":1493,"caption":"DR. RENE FAVALORO. FOTO: CARLOS VILLOLDO\/PLZ PHOTO."},{"@type":"BreadcrumbList","@id":"https:\/\/infoecos.com.ar\/index.php\/que-se-recuerda-hoy-9-de-mayo-2022\/#breadcrumb","itemListElement":[{"@type":"ListItem","position":1,"name":"Portada","item":"https:\/\/infoecos.com.ar\/"},{"@type":"ListItem","position":2,"name":"Que se recuerda hoy 9 de Mayo 2022"}]},{"@type":"WebSite","@id":"https:\/\/infoecos.com.ar\/#website","url":"https:\/\/infoecos.com.ar\/","name":"Infoecos","description":"Noticias de trenque lauquen y la zona","publisher":{"@id":"https:\/\/infoecos.com.ar\/#organization"},"alternateName":"Noticias","potentialAction":[{"@type":"SearchAction","target":{"@type":"EntryPoint","urlTemplate":"https:\/\/infoecos.com.ar\/?s={search_term_string}"},"query-input":{"@type":"PropertyValueSpecification","valueRequired":true,"valueName":"search_term_string"}}],"inLanguage":"es"},{"@type":"Organization","@id":"https:\/\/infoecos.com.ar\/#organization","name":"Infoecos","alternateName":"Noticias","url":"https:\/\/infoecos.com.ar\/","logo":{"@type":"ImageObject","inLanguage":"es","@id":"https:\/\/infoecos.com.ar\/#\/schema\/logo\/image\/","url":"https:\/\/infoecos.com.ar\/wp-content\/uploads\/2024\/03\/cropped-logo.png","contentUrl":"https:\/\/infoecos.com.ar\/wp-content\/uploads\/2024\/03\/cropped-logo.png","width":374,"height":90,"caption":"Infoecos"},"image":{"@id":"https:\/\/infoecos.com.ar\/#\/schema\/logo\/image\/"},"sameAs":["https:\/\/www.facebook.com\/profile.php?id=100063200290284","https:\/\/x.com\/infoecos"]},{"@type":"Person","@id":"https:\/\/infoecos.com.ar\/#\/schema\/person\/8f5ace5ce73b4b4aac4b7245aee6f191","name":"Jorge Matheus","url":"https:\/\/infoecos.com.ar\/index.php\/author\/jomatheus\/"}]}},"featured_image_urls":{"full":["https:\/\/infoecos.com.ar\/wp-content\/uploads\/2022\/05\/rene-favaloro.jpg",2362,1493,false],"thumbnail":["https:\/\/infoecos.com.ar\/wp-content\/uploads\/2022\/05\/rene-favaloro-150x150.jpg",150,150,true],"medium":["https:\/\/infoecos.com.ar\/wp-content\/uploads\/2022\/05\/rene-favaloro-460x291.jpg",460,291,true],"medium_large":["https:\/\/infoecos.com.ar\/wp-content\/uploads\/2022\/05\/rene-favaloro-768x485.jpg",640,404,true],"large":["https:\/\/infoecos.com.ar\/wp-content\/uploads\/2022\/05\/rene-favaloro-920x582.jpg",640,405,true],"1536x1536":["https:\/\/infoecos.com.ar\/wp-content\/uploads\/2022\/05\/rene-favaloro-1536x971.jpg",1536,971,true],"2048x2048":["https:\/\/infoecos.com.ar\/wp-content\/uploads\/2022\/05\/rene-favaloro-2048x1295.jpg",2048,1295,true],"covernews-slider-full":["https:\/\/infoecos.com.ar\/wp-content\/uploads\/2022\/05\/rene-favaloro-1536x1020.jpg",1077,715,true],"covernews-slider-center":["https:\/\/infoecos.com.ar\/wp-content\/uploads\/2022\/05\/rene-favaloro-936x897.jpg",522,500,true],"covernews-featured":["https:\/\/infoecos.com.ar\/wp-content\/uploads\/2022\/05\/rene-favaloro-1024x647.jpg",1024,647,true],"covernews-medium":["https:\/\/infoecos.com.ar\/wp-content\/uploads\/2022\/05\/rene-favaloro-720x380.jpg",540,285,true],"covernews-medium-square":["https:\/\/infoecos.com.ar\/wp-content\/uploads\/2022\/05\/rene-favaloro-675x450.jpg",375,250,true]},"author_info":{"info":["Jorge Matheus"]},"category_info":"<a href=\"https:\/\/infoecos.com.ar\/index.php\/category\/c2nota7\/\" rel=\"category tag\">C2 N7<\/a>","tag_info":"C2 N7","comment_count":"0","_links":{"self":[{"href":"https:\/\/infoecos.com.ar\/index.php\/wp-json\/wp\/v2\/posts\/92358"}],"collection":[{"href":"https:\/\/infoecos.com.ar\/index.php\/wp-json\/wp\/v2\/posts"}],"about":[{"href":"https:\/\/infoecos.com.ar\/index.php\/wp-json\/wp\/v2\/types\/post"}],"author":[{"embeddable":true,"href":"https:\/\/infoecos.com.ar\/index.php\/wp-json\/wp\/v2\/users\/2"}],"replies":[{"embeddable":true,"href":"https:\/\/infoecos.com.ar\/index.php\/wp-json\/wp\/v2\/comments?post=92358"}],"version-history":[{"count":1,"href":"https:\/\/infoecos.com.ar\/index.php\/wp-json\/wp\/v2\/posts\/92358\/revisions"}],"predecessor-version":[{"id":92360,"href":"https:\/\/infoecos.com.ar\/index.php\/wp-json\/wp\/v2\/posts\/92358\/revisions\/92360"}],"wp:featuredmedia":[{"embeddable":true,"href":"https:\/\/infoecos.com.ar\/index.php\/wp-json\/wp\/v2\/media\/92359"}],"wp:attachment":[{"href":"https:\/\/infoecos.com.ar\/index.php\/wp-json\/wp\/v2\/media?parent=92358"}],"wp:term":[{"taxonomy":"category","embeddable":true,"href":"https:\/\/infoecos.com.ar\/index.php\/wp-json\/wp\/v2\/categories?post=92358"},{"taxonomy":"post_tag","embeddable":true,"href":"https:\/\/infoecos.com.ar\/index.php\/wp-json\/wp\/v2\/tags?post=92358"}],"curies":[{"name":"wp","href":"https:\/\/api.w.org\/{rel}","templated":true}]}}