{"id":92399,"date":"2022-05-09T21:15:37","date_gmt":"2022-05-10T00:15:37","guid":{"rendered":"http:\/\/infoecos.com.ar\/?p=92399"},"modified":"2022-05-13T02:09:14","modified_gmt":"2022-05-13T05:09:14","slug":"obras-del-muralista-y-escultor-hector-coco-rodriguez-fedele-se-exhiben-en-el-concejo-deliberante-de-trenque-lauquen","status":"publish","type":"post","link":"https:\/\/infoecos.com.ar\/index.php\/obras-del-muralista-y-escultor-hector-coco-rodriguez-fedele-se-exhiben-en-el-concejo-deliberante-de-trenque-lauquen\/","title":{"rendered":"Obras del muralista y escultor H\u00e9ctor \u00abCoco\u00bb Rodr\u00edguez Fedele se exhiben en el Concejo Deliberante de Trenque Lauquen"},"content":{"rendered":"\n<p>Obras de H\u00e9ctor \u201cCoco\u201d Rodr\u00edguez Fedele, se exhiben en el Concejo Deliberante de Trenque Lauquen.<\/p>\n\n\n\n<p>La muestra es con entrada libre y gratuita, durante dos semanas, en el hall central del legislativo local y forma parte del proyecto \u00abCultura Deliberante\u00bb. Se puede visitar de 7 a 13 y de 16 a 22. <\/p>\n\n\n\n<div class=\"wp-block-image\"><figure class=\"aligncenter size-large is-resized\"><img loading=\"lazy\" decoding=\"async\" src=\"http:\/\/infoecos.com.ar\/wp-content\/uploads\/2022\/05\/20220509_210149_4-920x665.jpg\" alt=\"\" class=\"wp-image-92401\" width=\"567\" height=\"410\" srcset=\"https:\/\/infoecos.com.ar\/wp-content\/uploads\/2022\/05\/20220509_210149_4-920x665.jpg 920w, https:\/\/infoecos.com.ar\/wp-content\/uploads\/2022\/05\/20220509_210149_4-460x332.jpg 460w, https:\/\/infoecos.com.ar\/wp-content\/uploads\/2022\/05\/20220509_210149_4-768x555.jpg 768w, https:\/\/infoecos.com.ar\/wp-content\/uploads\/2022\/05\/20220509_210149_4-1536x1110.jpg 1536w, https:\/\/infoecos.com.ar\/wp-content\/uploads\/2022\/05\/20220509_210149_4-1024x740.jpg 1024w, https:\/\/infoecos.com.ar\/wp-content\/uploads\/2022\/05\/20220509_210149_4.jpg 1922w\" sizes=\"(max-width: 567px) 100vw, 567px\" \/><figcaption>Un original de Rodr\u00edguez Fedele (colecci\u00f3n particular)<\/figcaption><\/figure><\/div>\n\n\n\n<p>Fue uno de los fundadores e integr\u00f3 el Movimiento Nacional de Muralistas. Organiz\u00f3 y particip\u00f3 en m\u00e1s de 20 encuentros de muralistas en distintas ciudades del pa\u00eds. Entre sus murales merecen destacarse los realizados en el Sindicato de M\u00fasicos de Mar del Plata, el Instituto Juan Manuel Estrada de Pellegrini, mural en San Bernardo, General Madariaga, Villa Gesell, la C\u00fapula de la Direcci\u00f3n de Turismo de Luj\u00e1n, y en Trenque Lauquen, el Concejo Deliberante, el Hotel El Faro, Banco de la Provincia de Buenos Aires, Municipalidad, Cooperativa El\u00e9ctrica y el Club de Leones.Entre otros reconocimientos, en 1989 gan\u00f3 el concurso para realizar en la ciudad de Santa Rosa, capital de la provincia de La Pampa, un monumento en bronce a los ca\u00eddos en Malvinas.<\/p>\n\n\n\n<div class=\"wp-block-image\"><figure class=\"aligncenter size-large is-resized\"><img loading=\"lazy\" decoding=\"async\" src=\"http:\/\/infoecos.com.ar\/wp-content\/uploads\/P1020754-920x690.jpg\" alt=\"\" class=\"wp-image-24325\" width=\"513\" height=\"385\"\/><figcaption>Santa Rosa &#8211; Monumento a Caidos en Malvinas &#8211; Autor: Rodr\u00edguez Fedele<\/figcaption><\/figure><\/div>\n\n\n\n<p>De 1989 hasta el 2001 dict\u00f3 clases en el Centro Polivalente de Arte de Trenque Lauquen. <\/p>\n\n\n\n<p>Fedele falleci\u00f3 en setiembre de 2001.<\/p>\n","protected":false},"excerpt":{"rendered":"<p>Forma parte del proyecto \u00abCultura Deliberante\u00bb. Se puede visitar de 7 a 13 y de 16 a 22. <\/p>\n","protected":false},"author":2,"featured_media":92401,"comment_status":"closed","ping_status":"open","sticky":false,"template":"","format":"standard","meta":{"footnotes":""},"categories":[1335],"tags":[6018],"class_list":["post-92399","post","type-post","status-publish","format-standard","has-post-thumbnail","hentry","category-inferior15","tag-en-el-hall-central-del-legislativo"],"yoast_head":"<!-- This site is optimized with the Yoast SEO plugin v23.4 - https:\/\/yoast.com\/wordpress\/plugins\/seo\/ -->\n<title>Obras del muralista y escultor H\u00e9ctor &quot;Coco&quot; Rodr\u00edguez Fedele se exhiben en el Concejo Deliberante de Trenque Lauquen - Infoecos<\/title>\n<meta name=\"robots\" content=\"index, follow, max-snippet:-1, max-image-preview:large, max-video-preview:-1\" \/>\n<link rel=\"canonical\" href=\"https:\/\/infoecos.com.ar\/index.php\/obras-del-muralista-y-escultor-hector-coco-rodriguez-fedele-se-exhiben-en-el-concejo-deliberante-de-trenque-lauquen\/\" \/>\n<meta property=\"og:locale\" content=\"es_ES\" \/>\n<meta property=\"og:type\" content=\"article\" \/>\n<meta property=\"og:title\" content=\"Obras del muralista y escultor H\u00e9ctor &quot;Coco&quot; Rodr\u00edguez Fedele se exhiben en el Concejo Deliberante de Trenque Lauquen - Infoecos\" \/>\n<meta property=\"og:description\" content=\"Forma parte del proyecto &quot;Cultura Deliberante&quot;. Se puede visitar de 7 a 13 y de 16 a 22.\" \/>\n<meta property=\"og:url\" content=\"https:\/\/infoecos.com.ar\/index.php\/obras-del-muralista-y-escultor-hector-coco-rodriguez-fedele-se-exhiben-en-el-concejo-deliberante-de-trenque-lauquen\/\" \/>\n<meta property=\"og:site_name\" content=\"Infoecos\" \/>\n<meta property=\"article:publisher\" content=\"https:\/\/www.facebook.com\/profile.php?id=100063200290284\" \/>\n<meta property=\"article:published_time\" content=\"2022-05-10T00:15:37+00:00\" \/>\n<meta property=\"article:modified_time\" content=\"2022-05-13T05:09:14+00:00\" \/>\n<meta property=\"og:image\" content=\"https:\/\/infoecos.com.ar\/wp-content\/uploads\/2022\/05\/20220509_210149_4.jpg\" \/>\n\t<meta property=\"og:image:width\" content=\"1922\" \/>\n\t<meta property=\"og:image:height\" content=\"1389\" \/>\n\t<meta property=\"og:image:type\" content=\"image\/jpeg\" \/>\n<meta name=\"author\" content=\"Jorge Matheus\" \/>\n<meta name=\"twitter:card\" content=\"summary_large_image\" \/>\n<meta name=\"twitter:creator\" content=\"@infoecos\" \/>\n<meta name=\"twitter:site\" content=\"@infoecos\" \/>\n<meta name=\"twitter:label1\" content=\"Escrito por\" \/>\n\t<meta name=\"twitter:data1\" content=\"Jorge Matheus\" \/>\n\t<meta name=\"twitter:label2\" content=\"Tiempo de lectura\" \/>\n\t<meta name=\"twitter:data2\" content=\"1 minuto\" \/>\n<script type=\"application\/ld+json\" class=\"yoast-schema-graph\">{\"@context\":\"https:\/\/schema.org\",\"@graph\":[{\"@type\":\"Article\",\"@id\":\"https:\/\/infoecos.com.ar\/index.php\/obras-del-muralista-y-escultor-hector-coco-rodriguez-fedele-se-exhiben-en-el-concejo-deliberante-de-trenque-lauquen\/#article\",\"isPartOf\":{\"@id\":\"https:\/\/infoecos.com.ar\/index.php\/obras-del-muralista-y-escultor-hector-coco-rodriguez-fedele-se-exhiben-en-el-concejo-deliberante-de-trenque-lauquen\/\"},\"author\":{\"name\":\"Jorge Matheus\",\"@id\":\"https:\/\/infoecos.com.ar\/#\/schema\/person\/8f5ace5ce73b4b4aac4b7245aee6f191\"},\"headline\":\"Obras del muralista y escultor H\u00e9ctor \u00abCoco\u00bb Rodr\u00edguez Fedele se exhiben en el Concejo Deliberante de Trenque Lauquen\",\"datePublished\":\"2022-05-10T00:15:37+00:00\",\"dateModified\":\"2022-05-13T05:09:14+00:00\",\"mainEntityOfPage\":{\"@id\":\"https:\/\/infoecos.com.ar\/index.php\/obras-del-muralista-y-escultor-hector-coco-rodriguez-fedele-se-exhiben-en-el-concejo-deliberante-de-trenque-lauquen\/\"},\"wordCount\":242,\"publisher\":{\"@id\":\"https:\/\/infoecos.com.ar\/#organization\"},\"image\":{\"@id\":\"https:\/\/infoecos.com.ar\/index.php\/obras-del-muralista-y-escultor-hector-coco-rodriguez-fedele-se-exhiben-en-el-concejo-deliberante-de-trenque-lauquen\/#primaryimage\"},\"thumbnailUrl\":\"https:\/\/infoecos.com.ar\/wp-content\/uploads\/2022\/05\/20220509_210149_4.jpg\",\"keywords\":[\"EN EL HALL CENTRAL DEL LEGISLATIVO\"],\"articleSection\":[\"Bloque inferior - 15\"],\"inLanguage\":\"es\"},{\"@type\":\"WebPage\",\"@id\":\"https:\/\/infoecos.com.ar\/index.php\/obras-del-muralista-y-escultor-hector-coco-rodriguez-fedele-se-exhiben-en-el-concejo-deliberante-de-trenque-lauquen\/\",\"url\":\"https:\/\/infoecos.com.ar\/index.php\/obras-del-muralista-y-escultor-hector-coco-rodriguez-fedele-se-exhiben-en-el-concejo-deliberante-de-trenque-lauquen\/\",\"name\":\"Obras del muralista y escultor H\u00e9ctor \\\"Coco\\\" Rodr\u00edguez Fedele se exhiben en el Concejo Deliberante de Trenque Lauquen - Infoecos\",\"isPartOf\":{\"@id\":\"https:\/\/infoecos.com.ar\/#website\"},\"primaryImageOfPage\":{\"@id\":\"https:\/\/infoecos.com.ar\/index.php\/obras-del-muralista-y-escultor-hector-coco-rodriguez-fedele-se-exhiben-en-el-concejo-deliberante-de-trenque-lauquen\/#primaryimage\"},\"image\":{\"@id\":\"https:\/\/infoecos.com.ar\/index.php\/obras-del-muralista-y-escultor-hector-coco-rodriguez-fedele-se-exhiben-en-el-concejo-deliberante-de-trenque-lauquen\/#primaryimage\"},\"thumbnailUrl\":\"https:\/\/infoecos.com.ar\/wp-content\/uploads\/2022\/05\/20220509_210149_4.jpg\",\"datePublished\":\"2022-05-10T00:15:37+00:00\",\"dateModified\":\"2022-05-13T05:09:14+00:00\",\"breadcrumb\":{\"@id\":\"https:\/\/infoecos.com.ar\/index.php\/obras-del-muralista-y-escultor-hector-coco-rodriguez-fedele-se-exhiben-en-el-concejo-deliberante-de-trenque-lauquen\/#breadcrumb\"},\"inLanguage\":\"es\",\"potentialAction\":[{\"@type\":\"ReadAction\",\"target\":[\"https:\/\/infoecos.com.ar\/index.php\/obras-del-muralista-y-escultor-hector-coco-rodriguez-fedele-se-exhiben-en-el-concejo-deliberante-de-trenque-lauquen\/\"]}]},{\"@type\":\"ImageObject\",\"inLanguage\":\"es\",\"@id\":\"https:\/\/infoecos.com.ar\/index.php\/obras-del-muralista-y-escultor-hector-coco-rodriguez-fedele-se-exhiben-en-el-concejo-deliberante-de-trenque-lauquen\/#primaryimage\",\"url\":\"https:\/\/infoecos.com.ar\/wp-content\/uploads\/2022\/05\/20220509_210149_4.jpg\",\"contentUrl\":\"https:\/\/infoecos.com.ar\/wp-content\/uploads\/2022\/05\/20220509_210149_4.jpg\",\"width\":1922,\"height\":1389},{\"@type\":\"BreadcrumbList\",\"@id\":\"https:\/\/infoecos.com.ar\/index.php\/obras-del-muralista-y-escultor-hector-coco-rodriguez-fedele-se-exhiben-en-el-concejo-deliberante-de-trenque-lauquen\/#breadcrumb\",\"itemListElement\":[{\"@type\":\"ListItem\",\"position\":1,\"name\":\"Portada\",\"item\":\"https:\/\/infoecos.com.ar\/\"},{\"@type\":\"ListItem\",\"position\":2,\"name\":\"Obras del muralista y escultor H\u00e9ctor \u00abCoco\u00bb Rodr\u00edguez Fedele se exhiben en el Concejo Deliberante de Trenque Lauquen\"}]},{\"@type\":\"WebSite\",\"@id\":\"https:\/\/infoecos.com.ar\/#website\",\"url\":\"https:\/\/infoecos.com.ar\/\",\"name\":\"Infoecos\",\"description\":\"Noticias de trenque lauquen y la zona\",\"publisher\":{\"@id\":\"https:\/\/infoecos.com.ar\/#organization\"},\"alternateName\":\"Noticias\",\"potentialAction\":[{\"@type\":\"SearchAction\",\"target\":{\"@type\":\"EntryPoint\",\"urlTemplate\":\"https:\/\/infoecos.com.ar\/?s={search_term_string}\"},\"query-input\":{\"@type\":\"PropertyValueSpecification\",\"valueRequired\":true,\"valueName\":\"search_term_string\"}}],\"inLanguage\":\"es\"},{\"@type\":\"Organization\",\"@id\":\"https:\/\/infoecos.com.ar\/#organization\",\"name\":\"Infoecos\",\"alternateName\":\"Noticias\",\"url\":\"https:\/\/infoecos.com.ar\/\",\"logo\":{\"@type\":\"ImageObject\",\"inLanguage\":\"es\",\"@id\":\"https:\/\/infoecos.com.ar\/#\/schema\/logo\/image\/\",\"url\":\"https:\/\/infoecos.com.ar\/wp-content\/uploads\/2024\/03\/cropped-logo.png\",\"contentUrl\":\"https:\/\/infoecos.com.ar\/wp-content\/uploads\/2024\/03\/cropped-logo.png\",\"width\":374,\"height\":90,\"caption\":\"Infoecos\"},\"image\":{\"@id\":\"https:\/\/infoecos.com.ar\/#\/schema\/logo\/image\/\"},\"sameAs\":[\"https:\/\/www.facebook.com\/profile.php?id=100063200290284\",\"https:\/\/x.com\/infoecos\"]},{\"@type\":\"Person\",\"@id\":\"https:\/\/infoecos.com.ar\/#\/schema\/person\/8f5ace5ce73b4b4aac4b7245aee6f191\",\"name\":\"Jorge Matheus\",\"url\":\"https:\/\/infoecos.com.ar\/index.php\/author\/jomatheus\/\"}]}<\/script>\n<!-- \/ Yoast SEO plugin. -->","yoast_head_json":{"title":"Obras del muralista y escultor H\u00e9ctor \"Coco\" Rodr\u00edguez Fedele se exhiben en el Concejo Deliberante de Trenque Lauquen - Infoecos","robots":{"index":"index","follow":"follow","max-snippet":"max-snippet:-1","max-image-preview":"max-image-preview:large","max-video-preview":"max-video-preview:-1"},"canonical":"https:\/\/infoecos.com.ar\/index.php\/obras-del-muralista-y-escultor-hector-coco-rodriguez-fedele-se-exhiben-en-el-concejo-deliberante-de-trenque-lauquen\/","og_locale":"es_ES","og_type":"article","og_title":"Obras del muralista y escultor H\u00e9ctor \"Coco\" Rodr\u00edguez Fedele se exhiben en el Concejo Deliberante de Trenque Lauquen - Infoecos","og_description":"Forma parte del proyecto \"Cultura Deliberante\". Se puede visitar de 7 a 13 y de 16 a 22.","og_url":"https:\/\/infoecos.com.ar\/index.php\/obras-del-muralista-y-escultor-hector-coco-rodriguez-fedele-se-exhiben-en-el-concejo-deliberante-de-trenque-lauquen\/","og_site_name":"Infoecos","article_publisher":"https:\/\/www.facebook.com\/profile.php?id=100063200290284","article_published_time":"2022-05-10T00:15:37+00:00","article_modified_time":"2022-05-13T05:09:14+00:00","og_image":[{"width":1922,"height":1389,"url":"https:\/\/infoecos.com.ar\/wp-content\/uploads\/2022\/05\/20220509_210149_4.jpg","type":"image\/jpeg"}],"author":"Jorge Matheus","twitter_card":"summary_large_image","twitter_creator":"@infoecos","twitter_site":"@infoecos","twitter_misc":{"Escrito por":"Jorge Matheus","Tiempo de lectura":"1 minuto"},"schema":{"@context":"https:\/\/schema.org","@graph":[{"@type":"Article","@id":"https:\/\/infoecos.com.ar\/index.php\/obras-del-muralista-y-escultor-hector-coco-rodriguez-fedele-se-exhiben-en-el-concejo-deliberante-de-trenque-lauquen\/#article","isPartOf":{"@id":"https:\/\/infoecos.com.ar\/index.php\/obras-del-muralista-y-escultor-hector-coco-rodriguez-fedele-se-exhiben-en-el-concejo-deliberante-de-trenque-lauquen\/"},"author":{"name":"Jorge Matheus","@id":"https:\/\/infoecos.com.ar\/#\/schema\/person\/8f5ace5ce73b4b4aac4b7245aee6f191"},"headline":"Obras del muralista y escultor H\u00e9ctor \u00abCoco\u00bb Rodr\u00edguez Fedele se exhiben en el Concejo Deliberante de Trenque Lauquen","datePublished":"2022-05-10T00:15:37+00:00","dateModified":"2022-05-13T05:09:14+00:00","mainEntityOfPage":{"@id":"https:\/\/infoecos.com.ar\/index.php\/obras-del-muralista-y-escultor-hector-coco-rodriguez-fedele-se-exhiben-en-el-concejo-deliberante-de-trenque-lauquen\/"},"wordCount":242,"publisher":{"@id":"https:\/\/infoecos.com.ar\/#organization"},"image":{"@id":"https:\/\/infoecos.com.ar\/index.php\/obras-del-muralista-y-escultor-hector-coco-rodriguez-fedele-se-exhiben-en-el-concejo-deliberante-de-trenque-lauquen\/#primaryimage"},"thumbnailUrl":"https:\/\/infoecos.com.ar\/wp-content\/uploads\/2022\/05\/20220509_210149_4.jpg","keywords":["EN EL HALL CENTRAL DEL LEGISLATIVO"],"articleSection":["Bloque inferior - 15"],"inLanguage":"es"},{"@type":"WebPage","@id":"https:\/\/infoecos.com.ar\/index.php\/obras-del-muralista-y-escultor-hector-coco-rodriguez-fedele-se-exhiben-en-el-concejo-deliberante-de-trenque-lauquen\/","url":"https:\/\/infoecos.com.ar\/index.php\/obras-del-muralista-y-escultor-hector-coco-rodriguez-fedele-se-exhiben-en-el-concejo-deliberante-de-trenque-lauquen\/","name":"Obras del muralista y escultor H\u00e9ctor \"Coco\" Rodr\u00edguez Fedele se exhiben en el Concejo Deliberante de Trenque Lauquen - Infoecos","isPartOf":{"@id":"https:\/\/infoecos.com.ar\/#website"},"primaryImageOfPage":{"@id":"https:\/\/infoecos.com.ar\/index.php\/obras-del-muralista-y-escultor-hector-coco-rodriguez-fedele-se-exhiben-en-el-concejo-deliberante-de-trenque-lauquen\/#primaryimage"},"image":{"@id":"https:\/\/infoecos.com.ar\/index.php\/obras-del-muralista-y-escultor-hector-coco-rodriguez-fedele-se-exhiben-en-el-concejo-deliberante-de-trenque-lauquen\/#primaryimage"},"thumbnailUrl":"https:\/\/infoecos.com.ar\/wp-content\/uploads\/2022\/05\/20220509_210149_4.jpg","datePublished":"2022-05-10T00:15:37+00:00","dateModified":"2022-05-13T05:09:14+00:00","breadcrumb":{"@id":"https:\/\/infoecos.com.ar\/index.php\/obras-del-muralista-y-escultor-hector-coco-rodriguez-fedele-se-exhiben-en-el-concejo-deliberante-de-trenque-lauquen\/#breadcrumb"},"inLanguage":"es","potentialAction":[{"@type":"ReadAction","target":["https:\/\/infoecos.com.ar\/index.php\/obras-del-muralista-y-escultor-hector-coco-rodriguez-fedele-se-exhiben-en-el-concejo-deliberante-de-trenque-lauquen\/"]}]},{"@type":"ImageObject","inLanguage":"es","@id":"https:\/\/infoecos.com.ar\/index.php\/obras-del-muralista-y-escultor-hector-coco-rodriguez-fedele-se-exhiben-en-el-concejo-deliberante-de-trenque-lauquen\/#primaryimage","url":"https:\/\/infoecos.com.ar\/wp-content\/uploads\/2022\/05\/20220509_210149_4.jpg","contentUrl":"https:\/\/infoecos.com.ar\/wp-content\/uploads\/2022\/05\/20220509_210149_4.jpg","width":1922,"height":1389},{"@type":"BreadcrumbList","@id":"https:\/\/infoecos.com.ar\/index.php\/obras-del-muralista-y-escultor-hector-coco-rodriguez-fedele-se-exhiben-en-el-concejo-deliberante-de-trenque-lauquen\/#breadcrumb","itemListElement":[{"@type":"ListItem","position":1,"name":"Portada","item":"https:\/\/infoecos.com.ar\/"},{"@type":"ListItem","position":2,"name":"Obras del muralista y escultor H\u00e9ctor \u00abCoco\u00bb Rodr\u00edguez Fedele se exhiben en el Concejo Deliberante de Trenque Lauquen"}]},{"@type":"WebSite","@id":"https:\/\/infoecos.com.ar\/#website","url":"https:\/\/infoecos.com.ar\/","name":"Infoecos","description":"Noticias de trenque lauquen y la zona","publisher":{"@id":"https:\/\/infoecos.com.ar\/#organization"},"alternateName":"Noticias","potentialAction":[{"@type":"SearchAction","target":{"@type":"EntryPoint","urlTemplate":"https:\/\/infoecos.com.ar\/?s={search_term_string}"},"query-input":{"@type":"PropertyValueSpecification","valueRequired":true,"valueName":"search_term_string"}}],"inLanguage":"es"},{"@type":"Organization","@id":"https:\/\/infoecos.com.ar\/#organization","name":"Infoecos","alternateName":"Noticias","url":"https:\/\/infoecos.com.ar\/","logo":{"@type":"ImageObject","inLanguage":"es","@id":"https:\/\/infoecos.com.ar\/#\/schema\/logo\/image\/","url":"https:\/\/infoecos.com.ar\/wp-content\/uploads\/2024\/03\/cropped-logo.png","contentUrl":"https:\/\/infoecos.com.ar\/wp-content\/uploads\/2024\/03\/cropped-logo.png","width":374,"height":90,"caption":"Infoecos"},"image":{"@id":"https:\/\/infoecos.com.ar\/#\/schema\/logo\/image\/"},"sameAs":["https:\/\/www.facebook.com\/profile.php?id=100063200290284","https:\/\/x.com\/infoecos"]},{"@type":"Person","@id":"https:\/\/infoecos.com.ar\/#\/schema\/person\/8f5ace5ce73b4b4aac4b7245aee6f191","name":"Jorge Matheus","url":"https:\/\/infoecos.com.ar\/index.php\/author\/jomatheus\/"}]}},"featured_image_urls":{"full":["https:\/\/infoecos.com.ar\/wp-content\/uploads\/2022\/05\/20220509_210149_4.jpg",1922,1389,false],"thumbnail":["https:\/\/infoecos.com.ar\/wp-content\/uploads\/2022\/05\/20220509_210149_4-150x150.jpg",150,150,true],"medium":["https:\/\/infoecos.com.ar\/wp-content\/uploads\/2022\/05\/20220509_210149_4-460x332.jpg",460,332,true],"medium_large":["https:\/\/infoecos.com.ar\/wp-content\/uploads\/2022\/05\/20220509_210149_4-768x555.jpg",640,463,true],"large":["https:\/\/infoecos.com.ar\/wp-content\/uploads\/2022\/05\/20220509_210149_4-920x665.jpg",640,463,true],"1536x1536":["https:\/\/infoecos.com.ar\/wp-content\/uploads\/2022\/05\/20220509_210149_4-1536x1110.jpg",1536,1110,true],"2048x2048":["https:\/\/infoecos.com.ar\/wp-content\/uploads\/2022\/05\/20220509_210149_4.jpg",1922,1389,false],"covernews-slider-full":["https:\/\/infoecos.com.ar\/wp-content\/uploads\/2022\/05\/20220509_210149_4-1536x1020.jpg",1077,715,true],"covernews-slider-center":["https:\/\/infoecos.com.ar\/wp-content\/uploads\/2022\/05\/20220509_210149_4-936x897.jpg",522,500,true],"covernews-featured":["https:\/\/infoecos.com.ar\/wp-content\/uploads\/2022\/05\/20220509_210149_4-1024x740.jpg",1024,740,true],"covernews-medium":["https:\/\/infoecos.com.ar\/wp-content\/uploads\/2022\/05\/20220509_210149_4-720x380.jpg",540,285,true],"covernews-medium-square":["https:\/\/infoecos.com.ar\/wp-content\/uploads\/2022\/05\/20220509_210149_4-675x450.jpg",375,250,true]},"author_info":{"info":["Jorge Matheus"]},"category_info":"<a href=\"https:\/\/infoecos.com.ar\/index.php\/category\/inferior15\/\" rel=\"category tag\">Bloque inferior - 15<\/a>","tag_info":"Bloque inferior - 15","comment_count":"0","_links":{"self":[{"href":"https:\/\/infoecos.com.ar\/index.php\/wp-json\/wp\/v2\/posts\/92399"}],"collection":[{"href":"https:\/\/infoecos.com.ar\/index.php\/wp-json\/wp\/v2\/posts"}],"about":[{"href":"https:\/\/infoecos.com.ar\/index.php\/wp-json\/wp\/v2\/types\/post"}],"author":[{"embeddable":true,"href":"https:\/\/infoecos.com.ar\/index.php\/wp-json\/wp\/v2\/users\/2"}],"replies":[{"embeddable":true,"href":"https:\/\/infoecos.com.ar\/index.php\/wp-json\/wp\/v2\/comments?post=92399"}],"version-history":[{"count":1,"href":"https:\/\/infoecos.com.ar\/index.php\/wp-json\/wp\/v2\/posts\/92399\/revisions"}],"predecessor-version":[{"id":92402,"href":"https:\/\/infoecos.com.ar\/index.php\/wp-json\/wp\/v2\/posts\/92399\/revisions\/92402"}],"wp:featuredmedia":[{"embeddable":true,"href":"https:\/\/infoecos.com.ar\/index.php\/wp-json\/wp\/v2\/media\/92401"}],"wp:attachment":[{"href":"https:\/\/infoecos.com.ar\/index.php\/wp-json\/wp\/v2\/media?parent=92399"}],"wp:term":[{"taxonomy":"category","embeddable":true,"href":"https:\/\/infoecos.com.ar\/index.php\/wp-json\/wp\/v2\/categories?post=92399"},{"taxonomy":"post_tag","embeddable":true,"href":"https:\/\/infoecos.com.ar\/index.php\/wp-json\/wp\/v2\/tags?post=92399"}],"curies":[{"name":"wp","href":"https:\/\/api.w.org\/{rel}","templated":true}]}}