{"id":92425,"date":"2022-05-10T14:55:16","date_gmt":"2022-05-10T17:55:16","guid":{"rendered":"http:\/\/infoecos.com.ar\/?p=92425"},"modified":"2022-05-12T03:42:36","modified_gmt":"2022-05-12T06:42:36","slug":"fondo-de-infraestructura-municipal-trenque-lauquen-recibira-cerca-de-110-millones-de-pesos","status":"publish","type":"post","link":"https:\/\/infoecos.com.ar\/index.php\/fondo-de-infraestructura-municipal-trenque-lauquen-recibira-cerca-de-110-millones-de-pesos\/","title":{"rendered":"Fondo de Infraestructura Municipal: Trenque Lauquen recibir\u00e1 cerca de 110 millones de pesos"},"content":{"rendered":"\n<p>El gobernador de la provincia de Buenos Aires, Axel Kicillof, dio a conocer las 119 obras que se realizar\u00e1n en los municipios de toda la provincia con los recursos del Fondo de Infraestructura Municipal. <\/p>\n\n\n\n<div class=\"wp-block-image\"><figure class=\"aligncenter size-large is-resized\"><img loading=\"lazy\" decoding=\"async\" src=\"http:\/\/infoecos.com.ar\/wp-content\/uploads\/2022\/05\/2022_05_10-AK-Salon-Dorado__sge4269-920x613.jpg\" alt=\"\" class=\"wp-image-92429\" width=\"508\" height=\"338\" srcset=\"https:\/\/infoecos.com.ar\/wp-content\/uploads\/2022\/05\/2022_05_10-AK-Salon-Dorado__sge4269-920x613.jpg 920w, https:\/\/infoecos.com.ar\/wp-content\/uploads\/2022\/05\/2022_05_10-AK-Salon-Dorado__sge4269-460x307.jpg 460w, https:\/\/infoecos.com.ar\/wp-content\/uploads\/2022\/05\/2022_05_10-AK-Salon-Dorado__sge4269-768x512.jpg 768w, https:\/\/infoecos.com.ar\/wp-content\/uploads\/2022\/05\/2022_05_10-AK-Salon-Dorado__sge4269-1536x1020.jpg 1536w, https:\/\/infoecos.com.ar\/wp-content\/uploads\/2022\/05\/2022_05_10-AK-Salon-Dorado__sge4269-2048x1365.jpg 2048w, https:\/\/infoecos.com.ar\/wp-content\/uploads\/2022\/05\/2022_05_10-AK-Salon-Dorado__sge4269-1024x683.jpg 1024w, https:\/\/infoecos.com.ar\/wp-content\/uploads\/2022\/05\/2022_05_10-AK-Salon-Dorado__sge4269-675x450.jpg 675w\" sizes=\"(max-width: 508px) 100vw, 508px\" \/><figcaption>Kicillof Fondo de Infraestructura Municipal<\/figcaption><\/figure><\/div>\n\n\n\n<p>Distritos de las secciones 4\u00b0, 6\u00b0 y 7\u00b0:<\/p>\n\n\n\n<ul class=\"wp-block-list\"><li><strong>Adolfo Alsina:&nbsp;$54.088.900<\/strong><\/li><li><strong>Bah\u00eda Blanca:&nbsp;<\/strong>Iluminaci\u00f3n de calles Salliquel\u00f3, Melipal y recambio en macrocentro &#8211;&nbsp;<strong>$104.426.539;&nbsp;<\/strong>Pavimentaci\u00f3n (FIM I &#8211;&nbsp;<strong>$70.323.076;&nbsp;<\/strong>FIM II &#8211;&nbsp;<strong>$70.071.131;&nbsp;<\/strong>FIM III &#8211;&nbsp;<strong>$82.727.219<\/strong><\/li><li><strong>Bol\u00edvar:&nbsp;<\/strong>Iluminaci\u00f3n y repavimentaci\u00f3n de parque municipal &#8211;<strong>&nbsp;$83.685.05<\/strong>0<\/li><\/ul>\n\n\n\n<div class=\"wp-block-image\"><figure class=\"aligncenter size-large is-resized\"><img loading=\"lazy\" decoding=\"async\" src=\"http:\/\/infoecos.com.ar\/wp-content\/uploads\/2022\/05\/MG_0033_2-920x613.jpg\" alt=\"\" class=\"wp-image-92430\" width=\"503\" height=\"335\" srcset=\"https:\/\/infoecos.com.ar\/wp-content\/uploads\/2022\/05\/MG_0033_2-920x613.jpg 920w, https:\/\/infoecos.com.ar\/wp-content\/uploads\/2022\/05\/MG_0033_2-460x307.jpg 460w, https:\/\/infoecos.com.ar\/wp-content\/uploads\/2022\/05\/MG_0033_2-768x512.jpg 768w, https:\/\/infoecos.com.ar\/wp-content\/uploads\/2022\/05\/MG_0033_2-1536x1020.jpg 1536w, https:\/\/infoecos.com.ar\/wp-content\/uploads\/2022\/05\/MG_0033_2-2048x1365.jpg 2048w, https:\/\/infoecos.com.ar\/wp-content\/uploads\/2022\/05\/MG_0033_2-1024x683.jpg 1024w, https:\/\/infoecos.com.ar\/wp-content\/uploads\/2022\/05\/MG_0033_2-675x450.jpg 675w\" sizes=\"(max-width: 503px) 100vw, 503px\" \/><figcaption>Kicillof con Nardini <\/figcaption><\/figure><\/div>\n\n\n\n<ul class=\"wp-block-list\"><li><strong>Carlos Casares:&nbsp;<\/strong>Ampliaci\u00f3n Hospital Dr. Julio F. Ramos, unidad de cuidados intensivos &#8211;&nbsp;<strong>$65.389.650<\/strong><\/li><li><strong>Chivilcoy:<\/strong>&nbsp;Cord\u00f3n cuneta y carpeta asf\u00e1ltica en Moquehua &#8211;&nbsp;<strong>$34.376.032;<\/strong>&nbsp;Carpeta asf\u00e1ltica en 8 cuadras de ciudad cabecera &#8211;&nbsp;<strong>$22.000.000<\/strong><\/li><li><strong>Coronel Pringles:&nbsp;<\/strong>Programa pavimento urbano &#8211;&nbsp;<strong>$60.614.350<\/strong><\/li><li><strong>Coronel Su\u00e1rez:&nbsp;<\/strong>Red de gas en Pueblo San Jos\u00e9 &#8211;<strong>&nbsp;$3.999.997;&nbsp;<\/strong>Recuperaci\u00f3n de espacio p\u00fablico balneario Samuel Davies &#8211;<strong>&nbsp;$19.934.076;&nbsp;<\/strong>Pavimentaci\u00f3n y repavimentaci\u00f3n Av. Casey &#8211;<strong>&nbsp;$25.990.825;&nbsp;<\/strong>Iluminaci\u00f3n peatonal senda de la salud Av. Casey y Teodosio &#8211;<strong>&nbsp;$8.940.966<\/strong><\/li><\/ul>\n\n\n\n<div class=\"wp-block-image\"><figure class=\"aligncenter size-large is-resized\"><img loading=\"lazy\" decoding=\"async\" src=\"http:\/\/infoecos.com.ar\/wp-content\/uploads\/2022\/05\/2022_05_10-AK-Salon-Dorado__sge4183-920x613.jpg\" alt=\"\" class=\"wp-image-92431\" width=\"507\" height=\"337\" srcset=\"https:\/\/infoecos.com.ar\/wp-content\/uploads\/2022\/05\/2022_05_10-AK-Salon-Dorado__sge4183-920x613.jpg 920w, https:\/\/infoecos.com.ar\/wp-content\/uploads\/2022\/05\/2022_05_10-AK-Salon-Dorado__sge4183-460x307.jpg 460w, https:\/\/infoecos.com.ar\/wp-content\/uploads\/2022\/05\/2022_05_10-AK-Salon-Dorado__sge4183-768x512.jpg 768w, https:\/\/infoecos.com.ar\/wp-content\/uploads\/2022\/05\/2022_05_10-AK-Salon-Dorado__sge4183-1536x1020.jpg 1536w, https:\/\/infoecos.com.ar\/wp-content\/uploads\/2022\/05\/2022_05_10-AK-Salon-Dorado__sge4183-2048x1365.jpg 2048w, https:\/\/infoecos.com.ar\/wp-content\/uploads\/2022\/05\/2022_05_10-AK-Salon-Dorado__sge4183-1024x683.jpg 1024w, https:\/\/infoecos.com.ar\/wp-content\/uploads\/2022\/05\/2022_05_10-AK-Salon-Dorado__sge4183-675x450.jpg 675w\" sizes=\"(max-width: 507px) 100vw, 507px\" \/><figcaption>Kicillof Fondo de Infraestructura <\/figcaption><\/figure><\/div>\n\n\n\n<ul class=\"wp-block-list\"><li><strong>Florentino Ameghino:<\/strong>&nbsp;Puesta en valor de calles del distrito &#8211;&nbsp;<strong>$27.764.400<\/strong><\/li><li><strong>General Pinto:<\/strong>&nbsp;Construcci\u00f3n de pavimento &#8211;&nbsp;<strong>$44.776.298<\/strong><\/li><li><strong>General Villegas:&nbsp;<\/strong>Cord\u00f3n cuneta y pavimentaci\u00f3n en zona norte de Coronel Charlone<strong>&nbsp;&#8211; $51.711.144;&nbsp;<\/strong>Pavimentaci\u00f3n en Piedritas &#8211;&nbsp;<strong>$43.254.256<\/strong><\/li><li><strong>Guamin\u00ed:&nbsp;$49.481.450<\/strong><\/li><li><strong>Hip\u00f3lito Yirigoyen:&nbsp;<\/strong>Pavimento en Henderson&nbsp;<strong>&#8211; $28.322.000<\/strong><\/li><\/ul>\n\n\n\n<div class=\"wp-block-image\"><figure class=\"aligncenter size-large is-resized\"><img loading=\"lazy\" decoding=\"async\" src=\"http:\/\/infoecos.com.ar\/wp-content\/uploads\/2022\/05\/MG_0173_2-920x613.jpg\" alt=\"\" class=\"wp-image-92432\" width=\"520\" height=\"346\" srcset=\"https:\/\/infoecos.com.ar\/wp-content\/uploads\/2022\/05\/MG_0173_2-920x613.jpg 920w, https:\/\/infoecos.com.ar\/wp-content\/uploads\/2022\/05\/MG_0173_2-460x307.jpg 460w, https:\/\/infoecos.com.ar\/wp-content\/uploads\/2022\/05\/MG_0173_2-768x512.jpg 768w, https:\/\/infoecos.com.ar\/wp-content\/uploads\/2022\/05\/MG_0173_2-1536x1020.jpg 1536w, https:\/\/infoecos.com.ar\/wp-content\/uploads\/2022\/05\/MG_0173_2-2048x1365.jpg 2048w, https:\/\/infoecos.com.ar\/wp-content\/uploads\/2022\/05\/MG_0173_2-1024x683.jpg 1024w, https:\/\/infoecos.com.ar\/wp-content\/uploads\/2022\/05\/MG_0173_2-675x450.jpg 675w\" sizes=\"(max-width: 520px) 100vw, 520px\" \/><figcaption>Fondo de Infraestructura Municipal obras en los distritos<\/figcaption><\/figure><\/div>\n\n\n\n<ul class=\"wp-block-list\"><li><strong>Jun\u00edn:\u00a0<\/strong>Cord\u00f3n cuneta y estabilizado hidr\u00e1ulico con cambios de sumideros &#8211;\u00a0<strong>$79.999.990<\/strong><\/li><li><strong>Laprida:\u00a0<\/strong>Renovaci\u00f3n de veredas en Av. Pereyra &#8211;<strong>\u00a0$32.381.462<\/strong><\/li><li><strong>Lincoln:\u00a0<\/strong>Cord\u00f3n cuneta &#8211;<strong>\u00a0$87.862.800<\/strong><\/li><li><strong>Pellegrini:\u00a0<\/strong>Repavimentaci\u00f3n &#8211;\u00a0<strong>$19.690.250<\/strong><\/li><li><strong>Pu\u00e1n:<\/strong>\u00a0Repavimentaci\u00f3n &#8211;<strong>\u00a0$73.422.150<\/strong><\/li><li><strong>Rivadavia:<\/strong>\u00a0Mejorado de calles &#8211;\u00a0<strong>$26.264.220;<\/strong>\u00a0Cord\u00f3n cuneta &#8211;\u00a0<strong>$30.635.780<\/strong><\/li><li><strong>Tornquist:<\/strong>\u00a0Construcci\u00f3n de cord\u00f3n cuneta y pavimentos &#8211;<strong>\u00a0$52.807.100<\/strong><\/li><\/ul>\n\n\n\n<p><strong>Los proyectos presentados por Trenque Lauquen:<\/strong><\/p>\n\n\n\n<p>Proyecto integral de iluminaci\u00f3n LED para los Barrios Indio Trompa y Esperanza.<\/p>\n\n\n\n<p>Reemplazo de pozos de gran caudal por pozos someros, puesta en funcionamiento de pozos fuera de servicio y adecuaci\u00f3n de sistemas de protecci\u00f3n y manifold (alternativa automatizada) de algunos pozos en la lente de Mari Lauquen, conforme el programa de trabajos establecidos en la auditor\u00eda del a\u00f1o 2019.<\/p>\n\n\n\n<p>Puesta en valor y reformas del Parque Municipal Villegas<\/p>\n\n\n\n<p>En Treinta de Agosto, drenajes pluviales de la calle Liniers, algo que permitir\u00e1 mejorar el escurrimiento de agua de lluvias de ese sector, conforme el Plan Hidr\u00e1ulico realizado por la Facultad de Ingenier\u00eda de la Universidad de La Plata. Adem\u00e1s, finalizada esta obra se podr\u00e1 proyectar la obra de cordones y pavimento correspondiente.<\/p>\n\n\n\n<div class=\"wp-block-image\"><figure class=\"aligncenter size-large is-resized\"><img loading=\"lazy\" decoding=\"async\" src=\"http:\/\/infoecos.com.ar\/wp-content\/uploads\/2022\/05\/MG_0185_2-920x613.jpg\" alt=\"\" class=\"wp-image-92433\" width=\"523\" height=\"348\" srcset=\"https:\/\/infoecos.com.ar\/wp-content\/uploads\/2022\/05\/MG_0185_2-920x613.jpg 920w, https:\/\/infoecos.com.ar\/wp-content\/uploads\/2022\/05\/MG_0185_2-460x307.jpg 460w, https:\/\/infoecos.com.ar\/wp-content\/uploads\/2022\/05\/MG_0185_2-768x512.jpg 768w, https:\/\/infoecos.com.ar\/wp-content\/uploads\/2022\/05\/MG_0185_2-1536x1020.jpg 1536w, https:\/\/infoecos.com.ar\/wp-content\/uploads\/2022\/05\/MG_0185_2-2048x1365.jpg 2048w, https:\/\/infoecos.com.ar\/wp-content\/uploads\/2022\/05\/MG_0185_2-1024x683.jpg 1024w, https:\/\/infoecos.com.ar\/wp-content\/uploads\/2022\/05\/MG_0185_2-675x450.jpg 675w\" sizes=\"(max-width: 523px) 100vw, 523px\" \/><figcaption>Fern\u00e1ndez &#8211; intendente Trenque Lauquen<\/figcaption><\/figure><\/div>\n\n\n\n<figure class=\"wp-block-gallery columns-3 is-cropped wp-block-gallery-1 is-layout-flex wp-block-gallery-is-layout-flex\"><ul class=\"blocks-gallery-grid\"><li class=\"blocks-gallery-item\"><figure><img loading=\"lazy\" decoding=\"async\" width=\"920\" height=\"613\" src=\"http:\/\/infoecos.com.ar\/wp-content\/uploads\/2022\/05\/MG_0005_2-920x613.jpg\" alt=\"\" data-id=\"92436\" data-full-url=\"http:\/\/infoecos.com.ar\/wp-content\/uploads\/2022\/05\/MG_0005_2-scaled.jpg\" data-link=\"http:\/\/infoecos.com.ar\/index.php\/fondo-de-infraestructura-municipal-trenque-lauquen-recibira-cerca-de-110-millones-de-pesos\/mg_0005_2\/\" class=\"wp-image-92436\" srcset=\"https:\/\/infoecos.com.ar\/wp-content\/uploads\/2022\/05\/MG_0005_2-920x613.jpg 920w, https:\/\/infoecos.com.ar\/wp-content\/uploads\/2022\/05\/MG_0005_2-460x307.jpg 460w, https:\/\/infoecos.com.ar\/wp-content\/uploads\/2022\/05\/MG_0005_2-768x512.jpg 768w, https:\/\/infoecos.com.ar\/wp-content\/uploads\/2022\/05\/MG_0005_2-1536x1024.jpg 1536w, https:\/\/infoecos.com.ar\/wp-content\/uploads\/2022\/05\/MG_0005_2-2048x1365.jpg 2048w, https:\/\/infoecos.com.ar\/wp-content\/uploads\/2022\/05\/MG_0005_2-1024x683.jpg 1024w, https:\/\/infoecos.com.ar\/wp-content\/uploads\/2022\/05\/MG_0005_2-675x450.jpg 675w\" sizes=\"(max-width: 920px) 100vw, 920px\" \/><\/figure><\/li><li class=\"blocks-gallery-item\"><figure><img loading=\"lazy\" decoding=\"async\" width=\"920\" height=\"613\" src=\"http:\/\/infoecos.com.ar\/wp-content\/uploads\/2022\/05\/MG_0007_2-920x613.jpg\" alt=\"\" data-id=\"92437\" data-full-url=\"http:\/\/infoecos.com.ar\/wp-content\/uploads\/2022\/05\/MG_0007_2-scaled.jpg\" data-link=\"http:\/\/infoecos.com.ar\/index.php\/fondo-de-infraestructura-municipal-trenque-lauquen-recibira-cerca-de-110-millones-de-pesos\/mg_0007_2\/\" class=\"wp-image-92437\" srcset=\"https:\/\/infoecos.com.ar\/wp-content\/uploads\/2022\/05\/MG_0007_2-920x613.jpg 920w, https:\/\/infoecos.com.ar\/wp-content\/uploads\/2022\/05\/MG_0007_2-460x307.jpg 460w, https:\/\/infoecos.com.ar\/wp-content\/uploads\/2022\/05\/MG_0007_2-768x512.jpg 768w, https:\/\/infoecos.com.ar\/wp-content\/uploads\/2022\/05\/MG_0007_2-1536x1024.jpg 1536w, https:\/\/infoecos.com.ar\/wp-content\/uploads\/2022\/05\/MG_0007_2-2048x1365.jpg 2048w, https:\/\/infoecos.com.ar\/wp-content\/uploads\/2022\/05\/MG_0007_2-1024x683.jpg 1024w, https:\/\/infoecos.com.ar\/wp-content\/uploads\/2022\/05\/MG_0007_2-675x450.jpg 675w\" sizes=\"(max-width: 920px) 100vw, 920px\" \/><\/figure><\/li><li class=\"blocks-gallery-item\"><figure><img loading=\"lazy\" decoding=\"async\" width=\"920\" height=\"613\" src=\"http:\/\/infoecos.com.ar\/wp-content\/uploads\/2022\/05\/MG_0009_2-920x613.jpg\" alt=\"\" data-id=\"92438\" data-full-url=\"http:\/\/infoecos.com.ar\/wp-content\/uploads\/2022\/05\/MG_0009_2-scaled.jpg\" data-link=\"http:\/\/infoecos.com.ar\/index.php\/fondo-de-infraestructura-municipal-trenque-lauquen-recibira-cerca-de-110-millones-de-pesos\/mg_0009_2\/\" class=\"wp-image-92438\" srcset=\"https:\/\/infoecos.com.ar\/wp-content\/uploads\/2022\/05\/MG_0009_2-920x613.jpg 920w, https:\/\/infoecos.com.ar\/wp-content\/uploads\/2022\/05\/MG_0009_2-460x307.jpg 460w, https:\/\/infoecos.com.ar\/wp-content\/uploads\/2022\/05\/MG_0009_2-768x512.jpg 768w, https:\/\/infoecos.com.ar\/wp-content\/uploads\/2022\/05\/MG_0009_2-1536x1024.jpg 1536w, https:\/\/infoecos.com.ar\/wp-content\/uploads\/2022\/05\/MG_0009_2-2048x1365.jpg 2048w, https:\/\/infoecos.com.ar\/wp-content\/uploads\/2022\/05\/MG_0009_2-1024x683.jpg 1024w, https:\/\/infoecos.com.ar\/wp-content\/uploads\/2022\/05\/MG_0009_2-675x450.jpg 675w\" sizes=\"(max-width: 920px) 100vw, 920px\" \/><\/figure><\/li><li class=\"blocks-gallery-item\"><figure><img loading=\"lazy\" decoding=\"async\" width=\"920\" height=\"613\" src=\"http:\/\/infoecos.com.ar\/wp-content\/uploads\/2022\/05\/MG_0023_2-920x613.jpg\" alt=\"\" data-id=\"92439\" data-full-url=\"http:\/\/infoecos.com.ar\/wp-content\/uploads\/2022\/05\/MG_0023_2-scaled.jpg\" data-link=\"http:\/\/infoecos.com.ar\/index.php\/fondo-de-infraestructura-municipal-trenque-lauquen-recibira-cerca-de-110-millones-de-pesos\/mg_0023_2\/\" class=\"wp-image-92439\" srcset=\"https:\/\/infoecos.com.ar\/wp-content\/uploads\/2022\/05\/MG_0023_2-920x613.jpg 920w, https:\/\/infoecos.com.ar\/wp-content\/uploads\/2022\/05\/MG_0023_2-460x307.jpg 460w, https:\/\/infoecos.com.ar\/wp-content\/uploads\/2022\/05\/MG_0023_2-768x512.jpg 768w, https:\/\/infoecos.com.ar\/wp-content\/uploads\/2022\/05\/MG_0023_2-1536x1024.jpg 1536w, https:\/\/infoecos.com.ar\/wp-content\/uploads\/2022\/05\/MG_0023_2-2048x1365.jpg 2048w, https:\/\/infoecos.com.ar\/wp-content\/uploads\/2022\/05\/MG_0023_2-1024x683.jpg 1024w, https:\/\/infoecos.com.ar\/wp-content\/uploads\/2022\/05\/MG_0023_2-675x450.jpg 675w\" sizes=\"(max-width: 920px) 100vw, 920px\" \/><\/figure><\/li><li class=\"blocks-gallery-item\"><figure><img loading=\"lazy\" decoding=\"async\" width=\"920\" height=\"613\" src=\"http:\/\/infoecos.com.ar\/wp-content\/uploads\/2022\/05\/MG_0033_2-1-920x613.jpg\" alt=\"\" data-id=\"92440\" data-full-url=\"http:\/\/infoecos.com.ar\/wp-content\/uploads\/2022\/05\/MG_0033_2-1-scaled.jpg\" data-link=\"http:\/\/infoecos.com.ar\/index.php\/fondo-de-infraestructura-municipal-trenque-lauquen-recibira-cerca-de-110-millones-de-pesos\/mg_0033_2-1\/\" class=\"wp-image-92440\" srcset=\"https:\/\/infoecos.com.ar\/wp-content\/uploads\/2022\/05\/MG_0033_2-1-920x613.jpg 920w, https:\/\/infoecos.com.ar\/wp-content\/uploads\/2022\/05\/MG_0033_2-1-460x307.jpg 460w, https:\/\/infoecos.com.ar\/wp-content\/uploads\/2022\/05\/MG_0033_2-1-768x512.jpg 768w, https:\/\/infoecos.com.ar\/wp-content\/uploads\/2022\/05\/MG_0033_2-1-1536x1024.jpg 1536w, https:\/\/infoecos.com.ar\/wp-content\/uploads\/2022\/05\/MG_0033_2-1-2048x1365.jpg 2048w, https:\/\/infoecos.com.ar\/wp-content\/uploads\/2022\/05\/MG_0033_2-1-1024x683.jpg 1024w, https:\/\/infoecos.com.ar\/wp-content\/uploads\/2022\/05\/MG_0033_2-1-675x450.jpg 675w\" sizes=\"(max-width: 920px) 100vw, 920px\" \/><\/figure><\/li><li class=\"blocks-gallery-item\"><figure><img loading=\"lazy\" decoding=\"async\" width=\"920\" height=\"613\" src=\"http:\/\/infoecos.com.ar\/wp-content\/uploads\/2022\/05\/MG_0056_2-920x613.jpg\" alt=\"\" data-id=\"92441\" data-full-url=\"http:\/\/infoecos.com.ar\/wp-content\/uploads\/2022\/05\/MG_0056_2-scaled.jpg\" data-link=\"http:\/\/infoecos.com.ar\/index.php\/fondo-de-infraestructura-municipal-trenque-lauquen-recibira-cerca-de-110-millones-de-pesos\/mg_0056_2\/\" class=\"wp-image-92441\" srcset=\"https:\/\/infoecos.com.ar\/wp-content\/uploads\/2022\/05\/MG_0056_2-920x613.jpg 920w, https:\/\/infoecos.com.ar\/wp-content\/uploads\/2022\/05\/MG_0056_2-460x307.jpg 460w, https:\/\/infoecos.com.ar\/wp-content\/uploads\/2022\/05\/MG_0056_2-768x512.jpg 768w, https:\/\/infoecos.com.ar\/wp-content\/uploads\/2022\/05\/MG_0056_2-1536x1024.jpg 1536w, https:\/\/infoecos.com.ar\/wp-content\/uploads\/2022\/05\/MG_0056_2-2048x1365.jpg 2048w, https:\/\/infoecos.com.ar\/wp-content\/uploads\/2022\/05\/MG_0056_2-1024x683.jpg 1024w, https:\/\/infoecos.com.ar\/wp-content\/uploads\/2022\/05\/MG_0056_2-675x450.jpg 675w\" sizes=\"(max-width: 920px) 100vw, 920px\" \/><\/figure><\/li><li class=\"blocks-gallery-item\"><figure><img loading=\"lazy\" decoding=\"async\" width=\"920\" height=\"613\" src=\"http:\/\/infoecos.com.ar\/wp-content\/uploads\/2022\/05\/MG_0058_3-920x613.jpg\" alt=\"\" data-id=\"92442\" data-full-url=\"http:\/\/infoecos.com.ar\/wp-content\/uploads\/2022\/05\/MG_0058_3-scaled.jpg\" data-link=\"http:\/\/infoecos.com.ar\/index.php\/fondo-de-infraestructura-municipal-trenque-lauquen-recibira-cerca-de-110-millones-de-pesos\/mg_0058_3\/\" class=\"wp-image-92442\" srcset=\"https:\/\/infoecos.com.ar\/wp-content\/uploads\/2022\/05\/MG_0058_3-920x613.jpg 920w, https:\/\/infoecos.com.ar\/wp-content\/uploads\/2022\/05\/MG_0058_3-460x307.jpg 460w, https:\/\/infoecos.com.ar\/wp-content\/uploads\/2022\/05\/MG_0058_3-768x512.jpg 768w, https:\/\/infoecos.com.ar\/wp-content\/uploads\/2022\/05\/MG_0058_3-1536x1024.jpg 1536w, https:\/\/infoecos.com.ar\/wp-content\/uploads\/2022\/05\/MG_0058_3-2048x1365.jpg 2048w, https:\/\/infoecos.com.ar\/wp-content\/uploads\/2022\/05\/MG_0058_3-1024x683.jpg 1024w, https:\/\/infoecos.com.ar\/wp-content\/uploads\/2022\/05\/MG_0058_3-675x450.jpg 675w\" sizes=\"(max-width: 920px) 100vw, 920px\" \/><figcaption class=\"blocks-gallery-item__caption\">Kicillof Fondo de Infraestructura<\/figcaption><\/figure><\/li><li class=\"blocks-gallery-item\"><figure><img loading=\"lazy\" decoding=\"async\" width=\"920\" height=\"613\" src=\"http:\/\/infoecos.com.ar\/wp-content\/uploads\/2022\/05\/MG_0060_3-920x613.jpg\" alt=\"\" data-id=\"92443\" data-full-url=\"http:\/\/infoecos.com.ar\/wp-content\/uploads\/2022\/05\/MG_0060_3-scaled.jpg\" data-link=\"http:\/\/infoecos.com.ar\/index.php\/fondo-de-infraestructura-municipal-trenque-lauquen-recibira-cerca-de-110-millones-de-pesos\/mg_0060_3\/\" class=\"wp-image-92443\" srcset=\"https:\/\/infoecos.com.ar\/wp-content\/uploads\/2022\/05\/MG_0060_3-920x613.jpg 920w, https:\/\/infoecos.com.ar\/wp-content\/uploads\/2022\/05\/MG_0060_3-460x307.jpg 460w, https:\/\/infoecos.com.ar\/wp-content\/uploads\/2022\/05\/MG_0060_3-768x512.jpg 768w, https:\/\/infoecos.com.ar\/wp-content\/uploads\/2022\/05\/MG_0060_3-1536x1024.jpg 1536w, https:\/\/infoecos.com.ar\/wp-content\/uploads\/2022\/05\/MG_0060_3-2048x1365.jpg 2048w, https:\/\/infoecos.com.ar\/wp-content\/uploads\/2022\/05\/MG_0060_3-1024x683.jpg 1024w, https:\/\/infoecos.com.ar\/wp-content\/uploads\/2022\/05\/MG_0060_3-675x450.jpg 675w\" sizes=\"(max-width: 920px) 100vw, 920px\" \/><figcaption class=\"blocks-gallery-item__caption\">Kicillof Fondo de Infraestructura<\/figcaption><\/figure><\/li><li class=\"blocks-gallery-item\"><figure><img loading=\"lazy\" decoding=\"async\" width=\"920\" height=\"613\" src=\"http:\/\/infoecos.com.ar\/wp-content\/uploads\/2022\/05\/MG_0072_2-1-920x613.jpg\" alt=\"\" data-id=\"92444\" data-full-url=\"http:\/\/infoecos.com.ar\/wp-content\/uploads\/2022\/05\/MG_0072_2-1-scaled.jpg\" data-link=\"http:\/\/infoecos.com.ar\/index.php\/fondo-de-infraestructura-municipal-trenque-lauquen-recibira-cerca-de-110-millones-de-pesos\/mg_0072_2-1\/\" class=\"wp-image-92444\" srcset=\"https:\/\/infoecos.com.ar\/wp-content\/uploads\/2022\/05\/MG_0072_2-1-920x613.jpg 920w, https:\/\/infoecos.com.ar\/wp-content\/uploads\/2022\/05\/MG_0072_2-1-460x307.jpg 460w, https:\/\/infoecos.com.ar\/wp-content\/uploads\/2022\/05\/MG_0072_2-1-768x512.jpg 768w, https:\/\/infoecos.com.ar\/wp-content\/uploads\/2022\/05\/MG_0072_2-1-1536x1024.jpg 1536w, https:\/\/infoecos.com.ar\/wp-content\/uploads\/2022\/05\/MG_0072_2-1-2048x1365.jpg 2048w, https:\/\/infoecos.com.ar\/wp-content\/uploads\/2022\/05\/MG_0072_2-1-1024x683.jpg 1024w, https:\/\/infoecos.com.ar\/wp-content\/uploads\/2022\/05\/MG_0072_2-1-675x450.jpg 675w\" sizes=\"(max-width: 920px) 100vw, 920px\" \/><figcaption class=\"blocks-gallery-item__caption\">Kicillof Fondo de Infraestructura<\/figcaption><\/figure><\/li><li class=\"blocks-gallery-item\"><figure><img loading=\"lazy\" decoding=\"async\" width=\"920\" height=\"613\" src=\"http:\/\/infoecos.com.ar\/wp-content\/uploads\/2022\/05\/MG_0072_2-920x613.jpg\" alt=\"\" data-id=\"92445\" data-full-url=\"http:\/\/infoecos.com.ar\/wp-content\/uploads\/2022\/05\/MG_0072_2-scaled.jpg\" data-link=\"http:\/\/infoecos.com.ar\/index.php\/fondo-de-infraestructura-municipal-trenque-lauquen-recibira-cerca-de-110-millones-de-pesos\/mg_0072_2\/\" class=\"wp-image-92445\" srcset=\"https:\/\/infoecos.com.ar\/wp-content\/uploads\/2022\/05\/MG_0072_2-920x613.jpg 920w, https:\/\/infoecos.com.ar\/wp-content\/uploads\/2022\/05\/MG_0072_2-460x307.jpg 460w, https:\/\/infoecos.com.ar\/wp-content\/uploads\/2022\/05\/MG_0072_2-768x512.jpg 768w, https:\/\/infoecos.com.ar\/wp-content\/uploads\/2022\/05\/MG_0072_2-1536x1024.jpg 1536w, https:\/\/infoecos.com.ar\/wp-content\/uploads\/2022\/05\/MG_0072_2-2048x1365.jpg 2048w, https:\/\/infoecos.com.ar\/wp-content\/uploads\/2022\/05\/MG_0072_2-1024x683.jpg 1024w, https:\/\/infoecos.com.ar\/wp-content\/uploads\/2022\/05\/MG_0072_2-675x450.jpg 675w\" sizes=\"(max-width: 920px) 100vw, 920px\" \/><figcaption class=\"blocks-gallery-item__caption\">Kicillof Fondo de Infraestructura<\/figcaption><\/figure><\/li><li class=\"blocks-gallery-item\"><figure><img loading=\"lazy\" decoding=\"async\" width=\"920\" height=\"613\" src=\"http:\/\/infoecos.com.ar\/wp-content\/uploads\/2022\/05\/MG_0085_2-920x613.jpg\" alt=\"\" data-id=\"92446\" data-full-url=\"http:\/\/infoecos.com.ar\/wp-content\/uploads\/2022\/05\/MG_0085_2-scaled.jpg\" data-link=\"http:\/\/infoecos.com.ar\/index.php\/fondo-de-infraestructura-municipal-trenque-lauquen-recibira-cerca-de-110-millones-de-pesos\/mg_0085_2\/\" class=\"wp-image-92446\" srcset=\"https:\/\/infoecos.com.ar\/wp-content\/uploads\/2022\/05\/MG_0085_2-920x613.jpg 920w, https:\/\/infoecos.com.ar\/wp-content\/uploads\/2022\/05\/MG_0085_2-460x307.jpg 460w, https:\/\/infoecos.com.ar\/wp-content\/uploads\/2022\/05\/MG_0085_2-768x512.jpg 768w, https:\/\/infoecos.com.ar\/wp-content\/uploads\/2022\/05\/MG_0085_2-1536x1024.jpg 1536w, https:\/\/infoecos.com.ar\/wp-content\/uploads\/2022\/05\/MG_0085_2-2048x1365.jpg 2048w, https:\/\/infoecos.com.ar\/wp-content\/uploads\/2022\/05\/MG_0085_2-1024x683.jpg 1024w, https:\/\/infoecos.com.ar\/wp-content\/uploads\/2022\/05\/MG_0085_2-675x450.jpg 675w\" sizes=\"(max-width: 920px) 100vw, 920px\" \/><figcaption class=\"blocks-gallery-item__caption\">Kicillof Fondo de Infraestructura<\/figcaption><\/figure><\/li><li class=\"blocks-gallery-item\"><figure><img loading=\"lazy\" decoding=\"async\" width=\"920\" height=\"550\" src=\"http:\/\/infoecos.com.ar\/wp-content\/uploads\/2022\/05\/MG_0094_2-920x550.jpg\" alt=\"\" data-id=\"92447\" data-full-url=\"http:\/\/infoecos.com.ar\/wp-content\/uploads\/2022\/05\/MG_0094_2-scaled.jpg\" data-link=\"http:\/\/infoecos.com.ar\/index.php\/fondo-de-infraestructura-municipal-trenque-lauquen-recibira-cerca-de-110-millones-de-pesos\/mg_0094_2\/\" class=\"wp-image-92447\" srcset=\"https:\/\/infoecos.com.ar\/wp-content\/uploads\/2022\/05\/MG_0094_2-920x550.jpg 920w, https:\/\/infoecos.com.ar\/wp-content\/uploads\/2022\/05\/MG_0094_2-460x275.jpg 460w, https:\/\/infoecos.com.ar\/wp-content\/uploads\/2022\/05\/MG_0094_2-768x459.jpg 768w, https:\/\/infoecos.com.ar\/wp-content\/uploads\/2022\/05\/MG_0094_2-1536x919.jpg 1536w, https:\/\/infoecos.com.ar\/wp-content\/uploads\/2022\/05\/MG_0094_2-2048x1225.jpg 2048w, https:\/\/infoecos.com.ar\/wp-content\/uploads\/2022\/05\/MG_0094_2-1024x612.jpg 1024w\" sizes=\"(max-width: 920px) 100vw, 920px\" \/><figcaption class=\"blocks-gallery-item__caption\">Kicillof Fondo de Infraestructura<\/figcaption><\/figure><\/li><li class=\"blocks-gallery-item\"><figure><img loading=\"lazy\" decoding=\"async\" width=\"920\" height=\"613\" src=\"http:\/\/infoecos.com.ar\/wp-content\/uploads\/2022\/05\/MG_0114_3-920x613.jpg\" alt=\"\" data-id=\"92448\" data-full-url=\"http:\/\/infoecos.com.ar\/wp-content\/uploads\/2022\/05\/MG_0114_3-scaled.jpg\" data-link=\"http:\/\/infoecos.com.ar\/index.php\/fondo-de-infraestructura-municipal-trenque-lauquen-recibira-cerca-de-110-millones-de-pesos\/mg_0114_3\/\" class=\"wp-image-92448\" srcset=\"https:\/\/infoecos.com.ar\/wp-content\/uploads\/2022\/05\/MG_0114_3-920x613.jpg 920w, https:\/\/infoecos.com.ar\/wp-content\/uploads\/2022\/05\/MG_0114_3-460x307.jpg 460w, https:\/\/infoecos.com.ar\/wp-content\/uploads\/2022\/05\/MG_0114_3-768x512.jpg 768w, https:\/\/infoecos.com.ar\/wp-content\/uploads\/2022\/05\/MG_0114_3-1536x1024.jpg 1536w, https:\/\/infoecos.com.ar\/wp-content\/uploads\/2022\/05\/MG_0114_3-2048x1365.jpg 2048w, https:\/\/infoecos.com.ar\/wp-content\/uploads\/2022\/05\/MG_0114_3-1024x683.jpg 1024w, https:\/\/infoecos.com.ar\/wp-content\/uploads\/2022\/05\/MG_0114_3-675x450.jpg 675w\" sizes=\"(max-width: 920px) 100vw, 920px\" \/><figcaption class=\"blocks-gallery-item__caption\">Kicillof Fondo de Infraestructura<\/figcaption><\/figure><\/li><li class=\"blocks-gallery-item\"><figure><img loading=\"lazy\" decoding=\"async\" width=\"920\" height=\"613\" src=\"http:\/\/infoecos.com.ar\/wp-content\/uploads\/2022\/05\/MG_0162_2-920x613.jpg\" alt=\"\" data-id=\"92449\" data-full-url=\"http:\/\/infoecos.com.ar\/wp-content\/uploads\/2022\/05\/MG_0162_2-scaled.jpg\" data-link=\"http:\/\/infoecos.com.ar\/index.php\/fondo-de-infraestructura-municipal-trenque-lauquen-recibira-cerca-de-110-millones-de-pesos\/mg_0162_2\/\" class=\"wp-image-92449\" srcset=\"https:\/\/infoecos.com.ar\/wp-content\/uploads\/2022\/05\/MG_0162_2-920x613.jpg 920w, https:\/\/infoecos.com.ar\/wp-content\/uploads\/2022\/05\/MG_0162_2-460x307.jpg 460w, https:\/\/infoecos.com.ar\/wp-content\/uploads\/2022\/05\/MG_0162_2-768x512.jpg 768w, https:\/\/infoecos.com.ar\/wp-content\/uploads\/2022\/05\/MG_0162_2-1536x1024.jpg 1536w, https:\/\/infoecos.com.ar\/wp-content\/uploads\/2022\/05\/MG_0162_2-2048x1365.jpg 2048w, https:\/\/infoecos.com.ar\/wp-content\/uploads\/2022\/05\/MG_0162_2-1024x683.jpg 1024w, https:\/\/infoecos.com.ar\/wp-content\/uploads\/2022\/05\/MG_0162_2-675x450.jpg 675w\" sizes=\"(max-width: 920px) 100vw, 920px\" \/><figcaption class=\"blocks-gallery-item__caption\">Kicillof Fondo de Infraestructura<\/figcaption><\/figure><\/li><li class=\"blocks-gallery-item\"><figure><img loading=\"lazy\" decoding=\"async\" width=\"920\" height=\"613\" src=\"http:\/\/infoecos.com.ar\/wp-content\/uploads\/2022\/05\/MG_0167_2-920x613.jpg\" alt=\"\" data-id=\"92450\" data-full-url=\"http:\/\/infoecos.com.ar\/wp-content\/uploads\/2022\/05\/MG_0167_2-scaled.jpg\" data-link=\"http:\/\/infoecos.com.ar\/index.php\/fondo-de-infraestructura-municipal-trenque-lauquen-recibira-cerca-de-110-millones-de-pesos\/mg_0167_2\/\" class=\"wp-image-92450\" srcset=\"https:\/\/infoecos.com.ar\/wp-content\/uploads\/2022\/05\/MG_0167_2-920x613.jpg 920w, https:\/\/infoecos.com.ar\/wp-content\/uploads\/2022\/05\/MG_0167_2-460x307.jpg 460w, https:\/\/infoecos.com.ar\/wp-content\/uploads\/2022\/05\/MG_0167_2-768x512.jpg 768w, https:\/\/infoecos.com.ar\/wp-content\/uploads\/2022\/05\/MG_0167_2-1536x1024.jpg 1536w, https:\/\/infoecos.com.ar\/wp-content\/uploads\/2022\/05\/MG_0167_2-2048x1365.jpg 2048w, https:\/\/infoecos.com.ar\/wp-content\/uploads\/2022\/05\/MG_0167_2-1024x683.jpg 1024w, https:\/\/infoecos.com.ar\/wp-content\/uploads\/2022\/05\/MG_0167_2-675x450.jpg 675w\" sizes=\"(max-width: 920px) 100vw, 920px\" \/><figcaption class=\"blocks-gallery-item__caption\">Kicillof Fondo de Infraestructura<\/figcaption><\/figure><\/li><li class=\"blocks-gallery-item\"><figure><img loading=\"lazy\" decoding=\"async\" width=\"920\" height=\"613\" src=\"http:\/\/infoecos.com.ar\/wp-content\/uploads\/2022\/05\/MG_0173_2-1-920x613.jpg\" alt=\"\" data-id=\"92451\" data-full-url=\"http:\/\/infoecos.com.ar\/wp-content\/uploads\/2022\/05\/MG_0173_2-1-scaled.jpg\" data-link=\"http:\/\/infoecos.com.ar\/index.php\/fondo-de-infraestructura-municipal-trenque-lauquen-recibira-cerca-de-110-millones-de-pesos\/mg_0173_2-1\/\" class=\"wp-image-92451\" srcset=\"https:\/\/infoecos.com.ar\/wp-content\/uploads\/2022\/05\/MG_0173_2-1-920x613.jpg 920w, https:\/\/infoecos.com.ar\/wp-content\/uploads\/2022\/05\/MG_0173_2-1-460x307.jpg 460w, https:\/\/infoecos.com.ar\/wp-content\/uploads\/2022\/05\/MG_0173_2-1-768x512.jpg 768w, https:\/\/infoecos.com.ar\/wp-content\/uploads\/2022\/05\/MG_0173_2-1-1536x1024.jpg 1536w, https:\/\/infoecos.com.ar\/wp-content\/uploads\/2022\/05\/MG_0173_2-1-2048x1365.jpg 2048w, https:\/\/infoecos.com.ar\/wp-content\/uploads\/2022\/05\/MG_0173_2-1-1024x683.jpg 1024w, https:\/\/infoecos.com.ar\/wp-content\/uploads\/2022\/05\/MG_0173_2-1-675x450.jpg 675w\" sizes=\"(max-width: 920px) 100vw, 920px\" \/><figcaption class=\"blocks-gallery-item__caption\">Kicillof Fondo de Infraestructura<\/figcaption><\/figure><\/li><li class=\"blocks-gallery-item\"><figure><img loading=\"lazy\" decoding=\"async\" width=\"920\" height=\"613\" src=\"http:\/\/infoecos.com.ar\/wp-content\/uploads\/2022\/05\/MG_0181_2-920x613.jpg\" alt=\"\" data-id=\"92452\" data-full-url=\"http:\/\/infoecos.com.ar\/wp-content\/uploads\/2022\/05\/MG_0181_2-scaled.jpg\" data-link=\"http:\/\/infoecos.com.ar\/index.php\/fondo-de-infraestructura-municipal-trenque-lauquen-recibira-cerca-de-110-millones-de-pesos\/mg_0181_2\/\" class=\"wp-image-92452\" srcset=\"https:\/\/infoecos.com.ar\/wp-content\/uploads\/2022\/05\/MG_0181_2-920x613.jpg 920w, https:\/\/infoecos.com.ar\/wp-content\/uploads\/2022\/05\/MG_0181_2-460x306.jpg 460w, https:\/\/infoecos.com.ar\/wp-content\/uploads\/2022\/05\/MG_0181_2-768x512.jpg 768w, https:\/\/infoecos.com.ar\/wp-content\/uploads\/2022\/05\/MG_0181_2-1536x1023.jpg 1536w, https:\/\/infoecos.com.ar\/wp-content\/uploads\/2022\/05\/MG_0181_2-2048x1364.jpg 2048w, https:\/\/infoecos.com.ar\/wp-content\/uploads\/2022\/05\/MG_0181_2-1024x682.jpg 1024w, https:\/\/infoecos.com.ar\/wp-content\/uploads\/2022\/05\/MG_0181_2-675x450.jpg 675w\" sizes=\"(max-width: 920px) 100vw, 920px\" \/><figcaption class=\"blocks-gallery-item__caption\">Kicillof Fondo de Infraestructura<\/figcaption><\/figure><\/li><li class=\"blocks-gallery-item\"><figure><img loading=\"lazy\" decoding=\"async\" width=\"920\" height=\"613\" src=\"http:\/\/infoecos.com.ar\/wp-content\/uploads\/2022\/05\/MG_0185_2-1-920x613.jpg\" alt=\"\" data-id=\"92453\" data-full-url=\"http:\/\/infoecos.com.ar\/wp-content\/uploads\/2022\/05\/MG_0185_2-1-scaled.jpg\" data-link=\"http:\/\/infoecos.com.ar\/index.php\/fondo-de-infraestructura-municipal-trenque-lauquen-recibira-cerca-de-110-millones-de-pesos\/mg_0185_2-1\/\" class=\"wp-image-92453\" srcset=\"https:\/\/infoecos.com.ar\/wp-content\/uploads\/2022\/05\/MG_0185_2-1-920x613.jpg 920w, https:\/\/infoecos.com.ar\/wp-content\/uploads\/2022\/05\/MG_0185_2-1-460x307.jpg 460w, https:\/\/infoecos.com.ar\/wp-content\/uploads\/2022\/05\/MG_0185_2-1-768x512.jpg 768w, https:\/\/infoecos.com.ar\/wp-content\/uploads\/2022\/05\/MG_0185_2-1-1536x1024.jpg 1536w, https:\/\/infoecos.com.ar\/wp-content\/uploads\/2022\/05\/MG_0185_2-1-2048x1365.jpg 2048w, https:\/\/infoecos.com.ar\/wp-content\/uploads\/2022\/05\/MG_0185_2-1-1024x683.jpg 1024w, https:\/\/infoecos.com.ar\/wp-content\/uploads\/2022\/05\/MG_0185_2-1-675x450.jpg 675w\" sizes=\"(max-width: 920px) 100vw, 920px\" \/><figcaption class=\"blocks-gallery-item__caption\">Kicillof Fondo de Infraestructura<\/figcaption><\/figure><\/li><li class=\"blocks-gallery-item\"><figure><img loading=\"lazy\" decoding=\"async\" width=\"920\" height=\"613\" src=\"http:\/\/infoecos.com.ar\/wp-content\/uploads\/2022\/05\/MG_0191_2-920x613.jpg\" alt=\"\" data-id=\"92454\" data-full-url=\"http:\/\/infoecos.com.ar\/wp-content\/uploads\/2022\/05\/MG_0191_2-scaled.jpg\" data-link=\"http:\/\/infoecos.com.ar\/index.php\/fondo-de-infraestructura-municipal-trenque-lauquen-recibira-cerca-de-110-millones-de-pesos\/mg_0191_2\/\" class=\"wp-image-92454\" srcset=\"https:\/\/infoecos.com.ar\/wp-content\/uploads\/2022\/05\/MG_0191_2-920x613.jpg 920w, https:\/\/infoecos.com.ar\/wp-content\/uploads\/2022\/05\/MG_0191_2-460x307.jpg 460w, https:\/\/infoecos.com.ar\/wp-content\/uploads\/2022\/05\/MG_0191_2-768x512.jpg 768w, https:\/\/infoecos.com.ar\/wp-content\/uploads\/2022\/05\/MG_0191_2-1536x1024.jpg 1536w, https:\/\/infoecos.com.ar\/wp-content\/uploads\/2022\/05\/MG_0191_2-2048x1365.jpg 2048w, https:\/\/infoecos.com.ar\/wp-content\/uploads\/2022\/05\/MG_0191_2-1024x683.jpg 1024w, https:\/\/infoecos.com.ar\/wp-content\/uploads\/2022\/05\/MG_0191_2-675x450.jpg 675w\" sizes=\"(max-width: 920px) 100vw, 920px\" \/><figcaption class=\"blocks-gallery-item__caption\">Kicillof Fondo de Infraestructura<\/figcaption><\/figure><\/li><li class=\"blocks-gallery-item\"><figure><img loading=\"lazy\" decoding=\"async\" width=\"920\" height=\"613\" src=\"http:\/\/infoecos.com.ar\/wp-content\/uploads\/2022\/05\/MG_0202_2-920x613.jpg\" alt=\"\" data-id=\"92455\" data-full-url=\"http:\/\/infoecos.com.ar\/wp-content\/uploads\/2022\/05\/MG_0202_2-scaled.jpg\" data-link=\"http:\/\/infoecos.com.ar\/index.php\/fondo-de-infraestructura-municipal-trenque-lauquen-recibira-cerca-de-110-millones-de-pesos\/mg_0202_2\/\" class=\"wp-image-92455\" srcset=\"https:\/\/infoecos.com.ar\/wp-content\/uploads\/2022\/05\/MG_0202_2-920x613.jpg 920w, https:\/\/infoecos.com.ar\/wp-content\/uploads\/2022\/05\/MG_0202_2-460x307.jpg 460w, https:\/\/infoecos.com.ar\/wp-content\/uploads\/2022\/05\/MG_0202_2-768x512.jpg 768w, https:\/\/infoecos.com.ar\/wp-content\/uploads\/2022\/05\/MG_0202_2-1536x1024.jpg 1536w, https:\/\/infoecos.com.ar\/wp-content\/uploads\/2022\/05\/MG_0202_2-2048x1365.jpg 2048w, https:\/\/infoecos.com.ar\/wp-content\/uploads\/2022\/05\/MG_0202_2-1024x683.jpg 1024w, https:\/\/infoecos.com.ar\/wp-content\/uploads\/2022\/05\/MG_0202_2-675x450.jpg 675w\" sizes=\"(max-width: 920px) 100vw, 920px\" \/><figcaption class=\"blocks-gallery-item__caption\">Kicillof Fondo de Infraestructura<\/figcaption><\/figure><\/li><li class=\"blocks-gallery-item\"><figure><img loading=\"lazy\" decoding=\"async\" width=\"920\" height=\"613\" src=\"http:\/\/infoecos.com.ar\/wp-content\/uploads\/2022\/05\/MG_0217_2-920x613.jpg\" alt=\"\" data-id=\"92456\" data-full-url=\"http:\/\/infoecos.com.ar\/wp-content\/uploads\/2022\/05\/MG_0217_2-scaled.jpg\" data-link=\"http:\/\/infoecos.com.ar\/index.php\/fondo-de-infraestructura-municipal-trenque-lauquen-recibira-cerca-de-110-millones-de-pesos\/mg_0217_2\/\" class=\"wp-image-92456\" srcset=\"https:\/\/infoecos.com.ar\/wp-content\/uploads\/2022\/05\/MG_0217_2-920x613.jpg 920w, https:\/\/infoecos.com.ar\/wp-content\/uploads\/2022\/05\/MG_0217_2-460x307.jpg 460w, https:\/\/infoecos.com.ar\/wp-content\/uploads\/2022\/05\/MG_0217_2-768x512.jpg 768w, https:\/\/infoecos.com.ar\/wp-content\/uploads\/2022\/05\/MG_0217_2-1536x1024.jpg 1536w, https:\/\/infoecos.com.ar\/wp-content\/uploads\/2022\/05\/MG_0217_2-2048x1365.jpg 2048w, https:\/\/infoecos.com.ar\/wp-content\/uploads\/2022\/05\/MG_0217_2-1024x683.jpg 1024w, https:\/\/infoecos.com.ar\/wp-content\/uploads\/2022\/05\/MG_0217_2-675x450.jpg 675w\" sizes=\"(max-width: 920px) 100vw, 920px\" \/><figcaption class=\"blocks-gallery-item__caption\">Kicillof Fondo de Infraestructura<\/figcaption><\/figure><\/li><li class=\"blocks-gallery-item\"><figure><img loading=\"lazy\" decoding=\"async\" width=\"920\" height=\"613\" src=\"http:\/\/infoecos.com.ar\/wp-content\/uploads\/2022\/05\/MG_0220_2-920x613.jpg\" alt=\"\" data-id=\"92457\" data-full-url=\"http:\/\/infoecos.com.ar\/wp-content\/uploads\/2022\/05\/MG_0220_2-scaled.jpg\" data-link=\"http:\/\/infoecos.com.ar\/index.php\/fondo-de-infraestructura-municipal-trenque-lauquen-recibira-cerca-de-110-millones-de-pesos\/mg_0220_2\/\" class=\"wp-image-92457\" srcset=\"https:\/\/infoecos.com.ar\/wp-content\/uploads\/2022\/05\/MG_0220_2-920x613.jpg 920w, https:\/\/infoecos.com.ar\/wp-content\/uploads\/2022\/05\/MG_0220_2-460x307.jpg 460w, https:\/\/infoecos.com.ar\/wp-content\/uploads\/2022\/05\/MG_0220_2-768x512.jpg 768w, https:\/\/infoecos.com.ar\/wp-content\/uploads\/2022\/05\/MG_0220_2-1536x1024.jpg 1536w, https:\/\/infoecos.com.ar\/wp-content\/uploads\/2022\/05\/MG_0220_2-2048x1365.jpg 2048w, https:\/\/infoecos.com.ar\/wp-content\/uploads\/2022\/05\/MG_0220_2-1024x683.jpg 1024w, https:\/\/infoecos.com.ar\/wp-content\/uploads\/2022\/05\/MG_0220_2-675x450.jpg 675w\" sizes=\"(max-width: 920px) 100vw, 920px\" \/><figcaption class=\"blocks-gallery-item__caption\">Kicillof Fondo de Infraestructura<\/figcaption><\/figure><\/li><li class=\"blocks-gallery-item\"><figure><img loading=\"lazy\" decoding=\"async\" width=\"920\" height=\"613\" src=\"http:\/\/infoecos.com.ar\/wp-content\/uploads\/2022\/05\/MG_0221_2-920x613.jpg\" alt=\"\" data-id=\"92458\" data-full-url=\"http:\/\/infoecos.com.ar\/wp-content\/uploads\/2022\/05\/MG_0221_2-scaled.jpg\" data-link=\"http:\/\/infoecos.com.ar\/index.php\/fondo-de-infraestructura-municipal-trenque-lauquen-recibira-cerca-de-110-millones-de-pesos\/mg_0221_2\/\" class=\"wp-image-92458\" srcset=\"https:\/\/infoecos.com.ar\/wp-content\/uploads\/2022\/05\/MG_0221_2-920x613.jpg 920w, https:\/\/infoecos.com.ar\/wp-content\/uploads\/2022\/05\/MG_0221_2-460x307.jpg 460w, https:\/\/infoecos.com.ar\/wp-content\/uploads\/2022\/05\/MG_0221_2-768x512.jpg 768w, https:\/\/infoecos.com.ar\/wp-content\/uploads\/2022\/05\/MG_0221_2-1536x1024.jpg 1536w, https:\/\/infoecos.com.ar\/wp-content\/uploads\/2022\/05\/MG_0221_2-2048x1365.jpg 2048w, https:\/\/infoecos.com.ar\/wp-content\/uploads\/2022\/05\/MG_0221_2-1024x683.jpg 1024w, https:\/\/infoecos.com.ar\/wp-content\/uploads\/2022\/05\/MG_0221_2-675x450.jpg 675w\" sizes=\"(max-width: 920px) 100vw, 920px\" \/><figcaption class=\"blocks-gallery-item__caption\">Kicillof Fondo de Infraestructura<\/figcaption><\/figure><\/li><li class=\"blocks-gallery-item\"><figure><img loading=\"lazy\" decoding=\"async\" width=\"920\" height=\"613\" src=\"http:\/\/infoecos.com.ar\/wp-content\/uploads\/2022\/05\/MG_0224_3-920x613.jpg\" alt=\"\" data-id=\"92459\" data-full-url=\"http:\/\/infoecos.com.ar\/wp-content\/uploads\/2022\/05\/MG_0224_3-scaled.jpg\" data-link=\"http:\/\/infoecos.com.ar\/index.php\/fondo-de-infraestructura-municipal-trenque-lauquen-recibira-cerca-de-110-millones-de-pesos\/mg_0224_3\/\" class=\"wp-image-92459\" srcset=\"https:\/\/infoecos.com.ar\/wp-content\/uploads\/2022\/05\/MG_0224_3-920x613.jpg 920w, https:\/\/infoecos.com.ar\/wp-content\/uploads\/2022\/05\/MG_0224_3-460x307.jpg 460w, https:\/\/infoecos.com.ar\/wp-content\/uploads\/2022\/05\/MG_0224_3-768x512.jpg 768w, https:\/\/infoecos.com.ar\/wp-content\/uploads\/2022\/05\/MG_0224_3-1536x1024.jpg 1536w, https:\/\/infoecos.com.ar\/wp-content\/uploads\/2022\/05\/MG_0224_3-2048x1365.jpg 2048w, https:\/\/infoecos.com.ar\/wp-content\/uploads\/2022\/05\/MG_0224_3-1024x683.jpg 1024w, https:\/\/infoecos.com.ar\/wp-content\/uploads\/2022\/05\/MG_0224_3-675x450.jpg 675w\" sizes=\"(max-width: 920px) 100vw, 920px\" \/><figcaption class=\"blocks-gallery-item__caption\">Kicillof Fondo de Infraestructura<\/figcaption><\/figure><\/li><li class=\"blocks-gallery-item\"><figure><img loading=\"lazy\" decoding=\"async\" width=\"920\" height=\"613\" src=\"http:\/\/infoecos.com.ar\/wp-content\/uploads\/2022\/05\/2022_05_10-AK-Salon-Dorado__sge4063-920x613.jpg\" alt=\"\" data-id=\"92460\" data-full-url=\"http:\/\/infoecos.com.ar\/wp-content\/uploads\/2022\/05\/2022_05_10-AK-Salon-Dorado__sge4063-scaled.jpg\" data-link=\"http:\/\/infoecos.com.ar\/index.php\/fondo-de-infraestructura-municipal-trenque-lauquen-recibira-cerca-de-110-millones-de-pesos\/2022_05_10-ak-salon-dorado__sge4063\/\" class=\"wp-image-92460\" srcset=\"https:\/\/infoecos.com.ar\/wp-content\/uploads\/2022\/05\/2022_05_10-AK-Salon-Dorado__sge4063-920x613.jpg 920w, https:\/\/infoecos.com.ar\/wp-content\/uploads\/2022\/05\/2022_05_10-AK-Salon-Dorado__sge4063-460x307.jpg 460w, https:\/\/infoecos.com.ar\/wp-content\/uploads\/2022\/05\/2022_05_10-AK-Salon-Dorado__sge4063-768x512.jpg 768w, https:\/\/infoecos.com.ar\/wp-content\/uploads\/2022\/05\/2022_05_10-AK-Salon-Dorado__sge4063-1536x1024.jpg 1536w, https:\/\/infoecos.com.ar\/wp-content\/uploads\/2022\/05\/2022_05_10-AK-Salon-Dorado__sge4063-2048x1365.jpg 2048w, https:\/\/infoecos.com.ar\/wp-content\/uploads\/2022\/05\/2022_05_10-AK-Salon-Dorado__sge4063-1024x683.jpg 1024w, https:\/\/infoecos.com.ar\/wp-content\/uploads\/2022\/05\/2022_05_10-AK-Salon-Dorado__sge4063-675x450.jpg 675w\" sizes=\"(max-width: 920px) 100vw, 920px\" \/><figcaption class=\"blocks-gallery-item__caption\">Kicillof Fondo de Infraestructura<\/figcaption><\/figure><\/li><li class=\"blocks-gallery-item\"><figure><img loading=\"lazy\" decoding=\"async\" width=\"920\" height=\"613\" src=\"http:\/\/infoecos.com.ar\/wp-content\/uploads\/2022\/05\/2022_05_10-AK-Salon-Dorado__sge4067-920x613.jpg\" alt=\"\" data-id=\"92461\" data-full-url=\"http:\/\/infoecos.com.ar\/wp-content\/uploads\/2022\/05\/2022_05_10-AK-Salon-Dorado__sge4067-scaled.jpg\" data-link=\"http:\/\/infoecos.com.ar\/index.php\/fondo-de-infraestructura-municipal-trenque-lauquen-recibira-cerca-de-110-millones-de-pesos\/2022_05_10-ak-salon-dorado__sge4067\/\" class=\"wp-image-92461\" srcset=\"https:\/\/infoecos.com.ar\/wp-content\/uploads\/2022\/05\/2022_05_10-AK-Salon-Dorado__sge4067-920x613.jpg 920w, https:\/\/infoecos.com.ar\/wp-content\/uploads\/2022\/05\/2022_05_10-AK-Salon-Dorado__sge4067-460x307.jpg 460w, https:\/\/infoecos.com.ar\/wp-content\/uploads\/2022\/05\/2022_05_10-AK-Salon-Dorado__sge4067-768x512.jpg 768w, https:\/\/infoecos.com.ar\/wp-content\/uploads\/2022\/05\/2022_05_10-AK-Salon-Dorado__sge4067-1536x1024.jpg 1536w, https:\/\/infoecos.com.ar\/wp-content\/uploads\/2022\/05\/2022_05_10-AK-Salon-Dorado__sge4067-2048x1365.jpg 2048w, https:\/\/infoecos.com.ar\/wp-content\/uploads\/2022\/05\/2022_05_10-AK-Salon-Dorado__sge4067-1024x683.jpg 1024w, https:\/\/infoecos.com.ar\/wp-content\/uploads\/2022\/05\/2022_05_10-AK-Salon-Dorado__sge4067-675x450.jpg 675w\" sizes=\"(max-width: 920px) 100vw, 920px\" \/><figcaption class=\"blocks-gallery-item__caption\">Kicillof Fondo de Infraestructura<\/figcaption><\/figure><\/li><li class=\"blocks-gallery-item\"><figure><img loading=\"lazy\" decoding=\"async\" width=\"920\" height=\"613\" src=\"http:\/\/infoecos.com.ar\/wp-content\/uploads\/2022\/05\/2022_05_10-AK-Salon-Dorado__sge4070-920x613.jpg\" alt=\"\" data-id=\"92462\" data-full-url=\"http:\/\/infoecos.com.ar\/wp-content\/uploads\/2022\/05\/2022_05_10-AK-Salon-Dorado__sge4070-scaled.jpg\" data-link=\"http:\/\/infoecos.com.ar\/index.php\/fondo-de-infraestructura-municipal-trenque-lauquen-recibira-cerca-de-110-millones-de-pesos\/2022_05_10-ak-salon-dorado__sge4070\/\" class=\"wp-image-92462\" srcset=\"https:\/\/infoecos.com.ar\/wp-content\/uploads\/2022\/05\/2022_05_10-AK-Salon-Dorado__sge4070-920x613.jpg 920w, https:\/\/infoecos.com.ar\/wp-content\/uploads\/2022\/05\/2022_05_10-AK-Salon-Dorado__sge4070-460x307.jpg 460w, https:\/\/infoecos.com.ar\/wp-content\/uploads\/2022\/05\/2022_05_10-AK-Salon-Dorado__sge4070-768x512.jpg 768w, https:\/\/infoecos.com.ar\/wp-content\/uploads\/2022\/05\/2022_05_10-AK-Salon-Dorado__sge4070-1536x1024.jpg 1536w, https:\/\/infoecos.com.ar\/wp-content\/uploads\/2022\/05\/2022_05_10-AK-Salon-Dorado__sge4070-2048x1366.jpg 2048w, https:\/\/infoecos.com.ar\/wp-content\/uploads\/2022\/05\/2022_05_10-AK-Salon-Dorado__sge4070-1024x683.jpg 1024w, https:\/\/infoecos.com.ar\/wp-content\/uploads\/2022\/05\/2022_05_10-AK-Salon-Dorado__sge4070-675x450.jpg 675w\" sizes=\"(max-width: 920px) 100vw, 920px\" \/><figcaption class=\"blocks-gallery-item__caption\">Kicillof Fondo de Infraestructura<\/figcaption><\/figure><\/li><li class=\"blocks-gallery-item\"><figure><img loading=\"lazy\" decoding=\"async\" width=\"920\" height=\"613\" src=\"http:\/\/infoecos.com.ar\/wp-content\/uploads\/2022\/05\/2022_05_10-AK-Salon-Dorado__sge4107-920x613.jpg\" alt=\"\" data-id=\"92463\" data-full-url=\"http:\/\/infoecos.com.ar\/wp-content\/uploads\/2022\/05\/2022_05_10-AK-Salon-Dorado__sge4107-scaled.jpg\" data-link=\"http:\/\/infoecos.com.ar\/index.php\/fondo-de-infraestructura-municipal-trenque-lauquen-recibira-cerca-de-110-millones-de-pesos\/2022_05_10-ak-salon-dorado__sge4107\/\" class=\"wp-image-92463\" srcset=\"https:\/\/infoecos.com.ar\/wp-content\/uploads\/2022\/05\/2022_05_10-AK-Salon-Dorado__sge4107-920x613.jpg 920w, https:\/\/infoecos.com.ar\/wp-content\/uploads\/2022\/05\/2022_05_10-AK-Salon-Dorado__sge4107-460x307.jpg 460w, https:\/\/infoecos.com.ar\/wp-content\/uploads\/2022\/05\/2022_05_10-AK-Salon-Dorado__sge4107-768x512.jpg 768w, https:\/\/infoecos.com.ar\/wp-content\/uploads\/2022\/05\/2022_05_10-AK-Salon-Dorado__sge4107-1536x1024.jpg 1536w, https:\/\/infoecos.com.ar\/wp-content\/uploads\/2022\/05\/2022_05_10-AK-Salon-Dorado__sge4107-2048x1365.jpg 2048w, https:\/\/infoecos.com.ar\/wp-content\/uploads\/2022\/05\/2022_05_10-AK-Salon-Dorado__sge4107-1024x683.jpg 1024w, https:\/\/infoecos.com.ar\/wp-content\/uploads\/2022\/05\/2022_05_10-AK-Salon-Dorado__sge4107-675x450.jpg 675w\" sizes=\"(max-width: 920px) 100vw, 920px\" \/><figcaption class=\"blocks-gallery-item__caption\">Kicillof Fondo de Infraestructura<\/figcaption><\/figure><\/li><li class=\"blocks-gallery-item\"><figure><img loading=\"lazy\" decoding=\"async\" width=\"920\" height=\"613\" src=\"http:\/\/infoecos.com.ar\/wp-content\/uploads\/2022\/05\/2022_05_10-AK-Salon-Dorado__sge4110-920x613.jpg\" alt=\"\" data-id=\"92464\" data-full-url=\"http:\/\/infoecos.com.ar\/wp-content\/uploads\/2022\/05\/2022_05_10-AK-Salon-Dorado__sge4110-scaled.jpg\" data-link=\"http:\/\/infoecos.com.ar\/index.php\/fondo-de-infraestructura-municipal-trenque-lauquen-recibira-cerca-de-110-millones-de-pesos\/2022_05_10-ak-salon-dorado__sge4110\/\" class=\"wp-image-92464\" srcset=\"https:\/\/infoecos.com.ar\/wp-content\/uploads\/2022\/05\/2022_05_10-AK-Salon-Dorado__sge4110-920x613.jpg 920w, https:\/\/infoecos.com.ar\/wp-content\/uploads\/2022\/05\/2022_05_10-AK-Salon-Dorado__sge4110-460x307.jpg 460w, https:\/\/infoecos.com.ar\/wp-content\/uploads\/2022\/05\/2022_05_10-AK-Salon-Dorado__sge4110-768x512.jpg 768w, https:\/\/infoecos.com.ar\/wp-content\/uploads\/2022\/05\/2022_05_10-AK-Salon-Dorado__sge4110-1536x1024.jpg 1536w, https:\/\/infoecos.com.ar\/wp-content\/uploads\/2022\/05\/2022_05_10-AK-Salon-Dorado__sge4110-2048x1365.jpg 2048w, https:\/\/infoecos.com.ar\/wp-content\/uploads\/2022\/05\/2022_05_10-AK-Salon-Dorado__sge4110-1024x683.jpg 1024w, https:\/\/infoecos.com.ar\/wp-content\/uploads\/2022\/05\/2022_05_10-AK-Salon-Dorado__sge4110-675x450.jpg 675w\" sizes=\"(max-width: 920px) 100vw, 920px\" \/><figcaption class=\"blocks-gallery-item__caption\">Kicillof Fondo de Infraestructura<\/figcaption><\/figure><\/li><li class=\"blocks-gallery-item\"><figure><img loading=\"lazy\" decoding=\"async\" width=\"920\" height=\"613\" src=\"http:\/\/infoecos.com.ar\/wp-content\/uploads\/2022\/05\/2022_05_10-AK-Salon-Dorado__sge4111-920x613.jpg\" alt=\"\" data-id=\"92465\" data-full-url=\"http:\/\/infoecos.com.ar\/wp-content\/uploads\/2022\/05\/2022_05_10-AK-Salon-Dorado__sge4111-scaled.jpg\" data-link=\"http:\/\/infoecos.com.ar\/index.php\/fondo-de-infraestructura-municipal-trenque-lauquen-recibira-cerca-de-110-millones-de-pesos\/2022_05_10-ak-salon-dorado__sge4111\/\" class=\"wp-image-92465\" srcset=\"https:\/\/infoecos.com.ar\/wp-content\/uploads\/2022\/05\/2022_05_10-AK-Salon-Dorado__sge4111-920x613.jpg 920w, https:\/\/infoecos.com.ar\/wp-content\/uploads\/2022\/05\/2022_05_10-AK-Salon-Dorado__sge4111-460x307.jpg 460w, https:\/\/infoecos.com.ar\/wp-content\/uploads\/2022\/05\/2022_05_10-AK-Salon-Dorado__sge4111-768x512.jpg 768w, https:\/\/infoecos.com.ar\/wp-content\/uploads\/2022\/05\/2022_05_10-AK-Salon-Dorado__sge4111-1536x1024.jpg 1536w, https:\/\/infoecos.com.ar\/wp-content\/uploads\/2022\/05\/2022_05_10-AK-Salon-Dorado__sge4111-2048x1365.jpg 2048w, https:\/\/infoecos.com.ar\/wp-content\/uploads\/2022\/05\/2022_05_10-AK-Salon-Dorado__sge4111-1024x683.jpg 1024w, https:\/\/infoecos.com.ar\/wp-content\/uploads\/2022\/05\/2022_05_10-AK-Salon-Dorado__sge4111-675x450.jpg 675w\" sizes=\"(max-width: 920px) 100vw, 920px\" \/><figcaption class=\"blocks-gallery-item__caption\">Kicillof Fondo de Infraestructura<\/figcaption><\/figure><\/li><li class=\"blocks-gallery-item\"><figure><img loading=\"lazy\" decoding=\"async\" width=\"920\" height=\"613\" src=\"http:\/\/infoecos.com.ar\/wp-content\/uploads\/2022\/05\/2022_05_10-AK-Salon-Dorado__sge4113-920x613.jpg\" alt=\"\" data-id=\"92466\" data-full-url=\"http:\/\/infoecos.com.ar\/wp-content\/uploads\/2022\/05\/2022_05_10-AK-Salon-Dorado__sge4113-scaled.jpg\" data-link=\"http:\/\/infoecos.com.ar\/index.php\/fondo-de-infraestructura-municipal-trenque-lauquen-recibira-cerca-de-110-millones-de-pesos\/2022_05_10-ak-salon-dorado__sge4113\/\" class=\"wp-image-92466\" srcset=\"https:\/\/infoecos.com.ar\/wp-content\/uploads\/2022\/05\/2022_05_10-AK-Salon-Dorado__sge4113-920x613.jpg 920w, https:\/\/infoecos.com.ar\/wp-content\/uploads\/2022\/05\/2022_05_10-AK-Salon-Dorado__sge4113-460x307.jpg 460w, https:\/\/infoecos.com.ar\/wp-content\/uploads\/2022\/05\/2022_05_10-AK-Salon-Dorado__sge4113-768x512.jpg 768w, https:\/\/infoecos.com.ar\/wp-content\/uploads\/2022\/05\/2022_05_10-AK-Salon-Dorado__sge4113-1536x1024.jpg 1536w, https:\/\/infoecos.com.ar\/wp-content\/uploads\/2022\/05\/2022_05_10-AK-Salon-Dorado__sge4113-2048x1365.jpg 2048w, https:\/\/infoecos.com.ar\/wp-content\/uploads\/2022\/05\/2022_05_10-AK-Salon-Dorado__sge4113-1024x683.jpg 1024w, https:\/\/infoecos.com.ar\/wp-content\/uploads\/2022\/05\/2022_05_10-AK-Salon-Dorado__sge4113-675x450.jpg 675w\" sizes=\"(max-width: 920px) 100vw, 920px\" \/><figcaption class=\"blocks-gallery-item__caption\">Kicillof Fondo de Infraestructura<\/figcaption><\/figure><\/li><li class=\"blocks-gallery-item\"><figure><img loading=\"lazy\" decoding=\"async\" width=\"920\" height=\"613\" src=\"http:\/\/infoecos.com.ar\/wp-content\/uploads\/2022\/05\/2022_05_10-AK-Salon-Dorado__sge4118-920x613.jpg\" alt=\"\" data-id=\"92467\" data-full-url=\"http:\/\/infoecos.com.ar\/wp-content\/uploads\/2022\/05\/2022_05_10-AK-Salon-Dorado__sge4118-scaled.jpg\" data-link=\"http:\/\/infoecos.com.ar\/index.php\/fondo-de-infraestructura-municipal-trenque-lauquen-recibira-cerca-de-110-millones-de-pesos\/2022_05_10-ak-salon-dorado__sge4118\/\" class=\"wp-image-92467\" srcset=\"https:\/\/infoecos.com.ar\/wp-content\/uploads\/2022\/05\/2022_05_10-AK-Salon-Dorado__sge4118-920x613.jpg 920w, https:\/\/infoecos.com.ar\/wp-content\/uploads\/2022\/05\/2022_05_10-AK-Salon-Dorado__sge4118-460x307.jpg 460w, https:\/\/infoecos.com.ar\/wp-content\/uploads\/2022\/05\/2022_05_10-AK-Salon-Dorado__sge4118-768x512.jpg 768w, https:\/\/infoecos.com.ar\/wp-content\/uploads\/2022\/05\/2022_05_10-AK-Salon-Dorado__sge4118-1536x1024.jpg 1536w, https:\/\/infoecos.com.ar\/wp-content\/uploads\/2022\/05\/2022_05_10-AK-Salon-Dorado__sge4118-2048x1365.jpg 2048w, https:\/\/infoecos.com.ar\/wp-content\/uploads\/2022\/05\/2022_05_10-AK-Salon-Dorado__sge4118-1024x683.jpg 1024w, https:\/\/infoecos.com.ar\/wp-content\/uploads\/2022\/05\/2022_05_10-AK-Salon-Dorado__sge4118-675x450.jpg 675w\" sizes=\"(max-width: 920px) 100vw, 920px\" \/><figcaption class=\"blocks-gallery-item__caption\">Kicillof Fondo de Infraestructura<\/figcaption><\/figure><\/li><li class=\"blocks-gallery-item\"><figure><img loading=\"lazy\" decoding=\"async\" width=\"920\" height=\"613\" src=\"http:\/\/infoecos.com.ar\/wp-content\/uploads\/2022\/05\/2022_05_10-AK-Salon-Dorado__sge4124-920x613.jpg\" alt=\"\" data-id=\"92468\" data-full-url=\"http:\/\/infoecos.com.ar\/wp-content\/uploads\/2022\/05\/2022_05_10-AK-Salon-Dorado__sge4124-scaled.jpg\" data-link=\"http:\/\/infoecos.com.ar\/index.php\/fondo-de-infraestructura-municipal-trenque-lauquen-recibira-cerca-de-110-millones-de-pesos\/2022_05_10-ak-salon-dorado__sge4124\/\" class=\"wp-image-92468\" srcset=\"https:\/\/infoecos.com.ar\/wp-content\/uploads\/2022\/05\/2022_05_10-AK-Salon-Dorado__sge4124-920x613.jpg 920w, https:\/\/infoecos.com.ar\/wp-content\/uploads\/2022\/05\/2022_05_10-AK-Salon-Dorado__sge4124-460x307.jpg 460w, https:\/\/infoecos.com.ar\/wp-content\/uploads\/2022\/05\/2022_05_10-AK-Salon-Dorado__sge4124-768x512.jpg 768w, https:\/\/infoecos.com.ar\/wp-content\/uploads\/2022\/05\/2022_05_10-AK-Salon-Dorado__sge4124-1536x1024.jpg 1536w, https:\/\/infoecos.com.ar\/wp-content\/uploads\/2022\/05\/2022_05_10-AK-Salon-Dorado__sge4124-2048x1365.jpg 2048w, https:\/\/infoecos.com.ar\/wp-content\/uploads\/2022\/05\/2022_05_10-AK-Salon-Dorado__sge4124-1024x683.jpg 1024w, https:\/\/infoecos.com.ar\/wp-content\/uploads\/2022\/05\/2022_05_10-AK-Salon-Dorado__sge4124-675x450.jpg 675w\" sizes=\"(max-width: 920px) 100vw, 920px\" \/><figcaption class=\"blocks-gallery-item__caption\">Kicillof Fondo de Infraestructura<\/figcaption><\/figure><\/li><li class=\"blocks-gallery-item\"><figure><img loading=\"lazy\" decoding=\"async\" width=\"920\" height=\"613\" src=\"http:\/\/infoecos.com.ar\/wp-content\/uploads\/2022\/05\/2022_05_10-AK-Salon-Dorado__sge4129-920x613.jpg\" alt=\"\" data-id=\"92469\" data-full-url=\"http:\/\/infoecos.com.ar\/wp-content\/uploads\/2022\/05\/2022_05_10-AK-Salon-Dorado__sge4129-scaled.jpg\" data-link=\"http:\/\/infoecos.com.ar\/index.php\/fondo-de-infraestructura-municipal-trenque-lauquen-recibira-cerca-de-110-millones-de-pesos\/2022_05_10-ak-salon-dorado__sge4129\/\" class=\"wp-image-92469\" srcset=\"https:\/\/infoecos.com.ar\/wp-content\/uploads\/2022\/05\/2022_05_10-AK-Salon-Dorado__sge4129-920x613.jpg 920w, https:\/\/infoecos.com.ar\/wp-content\/uploads\/2022\/05\/2022_05_10-AK-Salon-Dorado__sge4129-460x307.jpg 460w, https:\/\/infoecos.com.ar\/wp-content\/uploads\/2022\/05\/2022_05_10-AK-Salon-Dorado__sge4129-768x512.jpg 768w, https:\/\/infoecos.com.ar\/wp-content\/uploads\/2022\/05\/2022_05_10-AK-Salon-Dorado__sge4129-1536x1024.jpg 1536w, https:\/\/infoecos.com.ar\/wp-content\/uploads\/2022\/05\/2022_05_10-AK-Salon-Dorado__sge4129-2048x1365.jpg 2048w, https:\/\/infoecos.com.ar\/wp-content\/uploads\/2022\/05\/2022_05_10-AK-Salon-Dorado__sge4129-1024x683.jpg 1024w, https:\/\/infoecos.com.ar\/wp-content\/uploads\/2022\/05\/2022_05_10-AK-Salon-Dorado__sge4129-675x450.jpg 675w\" sizes=\"(max-width: 920px) 100vw, 920px\" \/><\/figure><\/li><li class=\"blocks-gallery-item\"><figure><img loading=\"lazy\" decoding=\"async\" width=\"920\" height=\"613\" src=\"http:\/\/infoecos.com.ar\/wp-content\/uploads\/2022\/05\/2022_05_10-AK-Salon-Dorado__sge4178-920x613.jpg\" alt=\"\" data-id=\"92470\" data-full-url=\"http:\/\/infoecos.com.ar\/wp-content\/uploads\/2022\/05\/2022_05_10-AK-Salon-Dorado__sge4178-scaled.jpg\" data-link=\"http:\/\/infoecos.com.ar\/index.php\/fondo-de-infraestructura-municipal-trenque-lauquen-recibira-cerca-de-110-millones-de-pesos\/2022_05_10-ak-salon-dorado__sge4178\/\" class=\"wp-image-92470\" srcset=\"https:\/\/infoecos.com.ar\/wp-content\/uploads\/2022\/05\/2022_05_10-AK-Salon-Dorado__sge4178-920x613.jpg 920w, https:\/\/infoecos.com.ar\/wp-content\/uploads\/2022\/05\/2022_05_10-AK-Salon-Dorado__sge4178-460x307.jpg 460w, https:\/\/infoecos.com.ar\/wp-content\/uploads\/2022\/05\/2022_05_10-AK-Salon-Dorado__sge4178-768x512.jpg 768w, https:\/\/infoecos.com.ar\/wp-content\/uploads\/2022\/05\/2022_05_10-AK-Salon-Dorado__sge4178-1536x1024.jpg 1536w, https:\/\/infoecos.com.ar\/wp-content\/uploads\/2022\/05\/2022_05_10-AK-Salon-Dorado__sge4178-2048x1365.jpg 2048w, https:\/\/infoecos.com.ar\/wp-content\/uploads\/2022\/05\/2022_05_10-AK-Salon-Dorado__sge4178-1024x683.jpg 1024w, https:\/\/infoecos.com.ar\/wp-content\/uploads\/2022\/05\/2022_05_10-AK-Salon-Dorado__sge4178-675x450.jpg 675w\" sizes=\"(max-width: 920px) 100vw, 920px\" \/><\/figure><\/li><li class=\"blocks-gallery-item\"><figure><img loading=\"lazy\" decoding=\"async\" width=\"920\" height=\"613\" src=\"http:\/\/infoecos.com.ar\/wp-content\/uploads\/2022\/05\/2022_05_10-AK-Salon-Dorado__sge4183-1-920x613.jpg\" alt=\"\" data-id=\"92471\" data-full-url=\"http:\/\/infoecos.com.ar\/wp-content\/uploads\/2022\/05\/2022_05_10-AK-Salon-Dorado__sge4183-1-scaled.jpg\" data-link=\"http:\/\/infoecos.com.ar\/index.php\/fondo-de-infraestructura-municipal-trenque-lauquen-recibira-cerca-de-110-millones-de-pesos\/2022_05_10-ak-salon-dorado__sge4183-1\/\" class=\"wp-image-92471\" srcset=\"https:\/\/infoecos.com.ar\/wp-content\/uploads\/2022\/05\/2022_05_10-AK-Salon-Dorado__sge4183-1-920x613.jpg 920w, https:\/\/infoecos.com.ar\/wp-content\/uploads\/2022\/05\/2022_05_10-AK-Salon-Dorado__sge4183-1-460x307.jpg 460w, https:\/\/infoecos.com.ar\/wp-content\/uploads\/2022\/05\/2022_05_10-AK-Salon-Dorado__sge4183-1-768x512.jpg 768w, https:\/\/infoecos.com.ar\/wp-content\/uploads\/2022\/05\/2022_05_10-AK-Salon-Dorado__sge4183-1-1536x1024.jpg 1536w, https:\/\/infoecos.com.ar\/wp-content\/uploads\/2022\/05\/2022_05_10-AK-Salon-Dorado__sge4183-1-2048x1365.jpg 2048w, https:\/\/infoecos.com.ar\/wp-content\/uploads\/2022\/05\/2022_05_10-AK-Salon-Dorado__sge4183-1-1024x683.jpg 1024w, https:\/\/infoecos.com.ar\/wp-content\/uploads\/2022\/05\/2022_05_10-AK-Salon-Dorado__sge4183-1-675x450.jpg 675w\" sizes=\"(max-width: 920px) 100vw, 920px\" \/><\/figure><\/li><li class=\"blocks-gallery-item\"><figure><img loading=\"lazy\" decoding=\"async\" width=\"920\" height=\"613\" src=\"http:\/\/infoecos.com.ar\/wp-content\/uploads\/2022\/05\/2022_05_10-AK-Salon-Dorado__sge4186-920x613.jpg\" alt=\"\" data-id=\"92472\" data-full-url=\"http:\/\/infoecos.com.ar\/wp-content\/uploads\/2022\/05\/2022_05_10-AK-Salon-Dorado__sge4186-scaled.jpg\" data-link=\"http:\/\/infoecos.com.ar\/index.php\/fondo-de-infraestructura-municipal-trenque-lauquen-recibira-cerca-de-110-millones-de-pesos\/2022_05_10-ak-salon-dorado__sge4186\/\" class=\"wp-image-92472\" srcset=\"https:\/\/infoecos.com.ar\/wp-content\/uploads\/2022\/05\/2022_05_10-AK-Salon-Dorado__sge4186-920x613.jpg 920w, https:\/\/infoecos.com.ar\/wp-content\/uploads\/2022\/05\/2022_05_10-AK-Salon-Dorado__sge4186-460x307.jpg 460w, https:\/\/infoecos.com.ar\/wp-content\/uploads\/2022\/05\/2022_05_10-AK-Salon-Dorado__sge4186-768x512.jpg 768w, https:\/\/infoecos.com.ar\/wp-content\/uploads\/2022\/05\/2022_05_10-AK-Salon-Dorado__sge4186-1536x1024.jpg 1536w, https:\/\/infoecos.com.ar\/wp-content\/uploads\/2022\/05\/2022_05_10-AK-Salon-Dorado__sge4186-2048x1365.jpg 2048w, https:\/\/infoecos.com.ar\/wp-content\/uploads\/2022\/05\/2022_05_10-AK-Salon-Dorado__sge4186-1024x683.jpg 1024w, https:\/\/infoecos.com.ar\/wp-content\/uploads\/2022\/05\/2022_05_10-AK-Salon-Dorado__sge4186-675x450.jpg 675w\" sizes=\"(max-width: 920px) 100vw, 920px\" \/><figcaption class=\"blocks-gallery-item__caption\">Kicillof Fondo de Infraestructura<\/figcaption><\/figure><\/li><li class=\"blocks-gallery-item\"><figure><img loading=\"lazy\" decoding=\"async\" width=\"920\" height=\"613\" src=\"http:\/\/infoecos.com.ar\/wp-content\/uploads\/2022\/05\/2022_05_10-AK-Salon-Dorado__sge4198-920x613.jpg\" alt=\"\" data-id=\"92473\" data-full-url=\"http:\/\/infoecos.com.ar\/wp-content\/uploads\/2022\/05\/2022_05_10-AK-Salon-Dorado__sge4198-scaled.jpg\" data-link=\"http:\/\/infoecos.com.ar\/index.php\/fondo-de-infraestructura-municipal-trenque-lauquen-recibira-cerca-de-110-millones-de-pesos\/2022_05_10-ak-salon-dorado__sge4198\/\" class=\"wp-image-92473\" srcset=\"https:\/\/infoecos.com.ar\/wp-content\/uploads\/2022\/05\/2022_05_10-AK-Salon-Dorado__sge4198-920x613.jpg 920w, https:\/\/infoecos.com.ar\/wp-content\/uploads\/2022\/05\/2022_05_10-AK-Salon-Dorado__sge4198-460x307.jpg 460w, https:\/\/infoecos.com.ar\/wp-content\/uploads\/2022\/05\/2022_05_10-AK-Salon-Dorado__sge4198-768x512.jpg 768w, https:\/\/infoecos.com.ar\/wp-content\/uploads\/2022\/05\/2022_05_10-AK-Salon-Dorado__sge4198-1536x1024.jpg 1536w, https:\/\/infoecos.com.ar\/wp-content\/uploads\/2022\/05\/2022_05_10-AK-Salon-Dorado__sge4198-2048x1365.jpg 2048w, https:\/\/infoecos.com.ar\/wp-content\/uploads\/2022\/05\/2022_05_10-AK-Salon-Dorado__sge4198-1024x683.jpg 1024w, https:\/\/infoecos.com.ar\/wp-content\/uploads\/2022\/05\/2022_05_10-AK-Salon-Dorado__sge4198-675x450.jpg 675w\" sizes=\"(max-width: 920px) 100vw, 920px\" \/><figcaption class=\"blocks-gallery-item__caption\">Kicillof Fondo de Infraestructura<\/figcaption><\/figure><\/li><li class=\"blocks-gallery-item\"><figure><img loading=\"lazy\" decoding=\"async\" width=\"920\" height=\"613\" src=\"http:\/\/infoecos.com.ar\/wp-content\/uploads\/2022\/05\/2022_05_10-AK-Salon-Dorado__sge4232-920x613.jpg\" alt=\"\" data-id=\"92474\" data-full-url=\"http:\/\/infoecos.com.ar\/wp-content\/uploads\/2022\/05\/2022_05_10-AK-Salon-Dorado__sge4232-scaled.jpg\" data-link=\"http:\/\/infoecos.com.ar\/index.php\/fondo-de-infraestructura-municipal-trenque-lauquen-recibira-cerca-de-110-millones-de-pesos\/2022_05_10-ak-salon-dorado__sge4232\/\" class=\"wp-image-92474\" srcset=\"https:\/\/infoecos.com.ar\/wp-content\/uploads\/2022\/05\/2022_05_10-AK-Salon-Dorado__sge4232-920x613.jpg 920w, https:\/\/infoecos.com.ar\/wp-content\/uploads\/2022\/05\/2022_05_10-AK-Salon-Dorado__sge4232-460x307.jpg 460w, https:\/\/infoecos.com.ar\/wp-content\/uploads\/2022\/05\/2022_05_10-AK-Salon-Dorado__sge4232-768x512.jpg 768w, https:\/\/infoecos.com.ar\/wp-content\/uploads\/2022\/05\/2022_05_10-AK-Salon-Dorado__sge4232-1536x1024.jpg 1536w, https:\/\/infoecos.com.ar\/wp-content\/uploads\/2022\/05\/2022_05_10-AK-Salon-Dorado__sge4232-2048x1365.jpg 2048w, https:\/\/infoecos.com.ar\/wp-content\/uploads\/2022\/05\/2022_05_10-AK-Salon-Dorado__sge4232-1024x683.jpg 1024w, https:\/\/infoecos.com.ar\/wp-content\/uploads\/2022\/05\/2022_05_10-AK-Salon-Dorado__sge4232-675x450.jpg 675w\" sizes=\"(max-width: 920px) 100vw, 920px\" \/><figcaption class=\"blocks-gallery-item__caption\">Kicillof Fondo de Infraestructura<\/figcaption><\/figure><\/li><li class=\"blocks-gallery-item\"><figure><img loading=\"lazy\" decoding=\"async\" width=\"920\" height=\"613\" src=\"http:\/\/infoecos.com.ar\/wp-content\/uploads\/2022\/05\/2022_05_10-AK-Salon-Dorado__sge4235-920x613.jpg\" alt=\"\" data-id=\"92475\" data-full-url=\"http:\/\/infoecos.com.ar\/wp-content\/uploads\/2022\/05\/2022_05_10-AK-Salon-Dorado__sge4235-scaled.jpg\" data-link=\"http:\/\/infoecos.com.ar\/index.php\/fondo-de-infraestructura-municipal-trenque-lauquen-recibira-cerca-de-110-millones-de-pesos\/2022_05_10-ak-salon-dorado__sge4235\/\" class=\"wp-image-92475\" srcset=\"https:\/\/infoecos.com.ar\/wp-content\/uploads\/2022\/05\/2022_05_10-AK-Salon-Dorado__sge4235-920x613.jpg 920w, https:\/\/infoecos.com.ar\/wp-content\/uploads\/2022\/05\/2022_05_10-AK-Salon-Dorado__sge4235-460x307.jpg 460w, https:\/\/infoecos.com.ar\/wp-content\/uploads\/2022\/05\/2022_05_10-AK-Salon-Dorado__sge4235-768x512.jpg 768w, https:\/\/infoecos.com.ar\/wp-content\/uploads\/2022\/05\/2022_05_10-AK-Salon-Dorado__sge4235-1536x1024.jpg 1536w, https:\/\/infoecos.com.ar\/wp-content\/uploads\/2022\/05\/2022_05_10-AK-Salon-Dorado__sge4235-2048x1365.jpg 2048w, https:\/\/infoecos.com.ar\/wp-content\/uploads\/2022\/05\/2022_05_10-AK-Salon-Dorado__sge4235-1024x683.jpg 1024w, https:\/\/infoecos.com.ar\/wp-content\/uploads\/2022\/05\/2022_05_10-AK-Salon-Dorado__sge4235-675x450.jpg 675w\" sizes=\"(max-width: 920px) 100vw, 920px\" \/><figcaption class=\"blocks-gallery-item__caption\">Kicillof Fondo de Infraestructura<\/figcaption><\/figure><\/li><li class=\"blocks-gallery-item\"><figure><img loading=\"lazy\" decoding=\"async\" width=\"920\" height=\"613\" src=\"http:\/\/infoecos.com.ar\/wp-content\/uploads\/2022\/05\/2022_05_10-AK-Salon-Dorado__sge4238-920x613.jpg\" alt=\"\" data-id=\"92476\" data-full-url=\"http:\/\/infoecos.com.ar\/wp-content\/uploads\/2022\/05\/2022_05_10-AK-Salon-Dorado__sge4238-scaled.jpg\" data-link=\"http:\/\/infoecos.com.ar\/index.php\/fondo-de-infraestructura-municipal-trenque-lauquen-recibira-cerca-de-110-millones-de-pesos\/2022_05_10-ak-salon-dorado__sge4238\/\" class=\"wp-image-92476\" srcset=\"https:\/\/infoecos.com.ar\/wp-content\/uploads\/2022\/05\/2022_05_10-AK-Salon-Dorado__sge4238-920x613.jpg 920w, https:\/\/infoecos.com.ar\/wp-content\/uploads\/2022\/05\/2022_05_10-AK-Salon-Dorado__sge4238-460x307.jpg 460w, https:\/\/infoecos.com.ar\/wp-content\/uploads\/2022\/05\/2022_05_10-AK-Salon-Dorado__sge4238-768x512.jpg 768w, https:\/\/infoecos.com.ar\/wp-content\/uploads\/2022\/05\/2022_05_10-AK-Salon-Dorado__sge4238-1536x1024.jpg 1536w, https:\/\/infoecos.com.ar\/wp-content\/uploads\/2022\/05\/2022_05_10-AK-Salon-Dorado__sge4238-2048x1366.jpg 2048w, https:\/\/infoecos.com.ar\/wp-content\/uploads\/2022\/05\/2022_05_10-AK-Salon-Dorado__sge4238-1024x683.jpg 1024w, https:\/\/infoecos.com.ar\/wp-content\/uploads\/2022\/05\/2022_05_10-AK-Salon-Dorado__sge4238-675x450.jpg 675w\" sizes=\"(max-width: 920px) 100vw, 920px\" \/><figcaption class=\"blocks-gallery-item__caption\">Kicillof Fondo de Infraestructura<\/figcaption><\/figure><\/li><li class=\"blocks-gallery-item\"><figure><img loading=\"lazy\" decoding=\"async\" width=\"920\" height=\"613\" src=\"http:\/\/infoecos.com.ar\/wp-content\/uploads\/2022\/05\/2022_05_10-AK-Salon-Dorado__sge4239-920x613.jpg\" alt=\"\" data-id=\"92477\" data-full-url=\"http:\/\/infoecos.com.ar\/wp-content\/uploads\/2022\/05\/2022_05_10-AK-Salon-Dorado__sge4239-scaled.jpg\" data-link=\"http:\/\/infoecos.com.ar\/index.php\/fondo-de-infraestructura-municipal-trenque-lauquen-recibira-cerca-de-110-millones-de-pesos\/2022_05_10-ak-salon-dorado__sge4239\/\" class=\"wp-image-92477\" srcset=\"https:\/\/infoecos.com.ar\/wp-content\/uploads\/2022\/05\/2022_05_10-AK-Salon-Dorado__sge4239-920x613.jpg 920w, https:\/\/infoecos.com.ar\/wp-content\/uploads\/2022\/05\/2022_05_10-AK-Salon-Dorado__sge4239-460x307.jpg 460w, https:\/\/infoecos.com.ar\/wp-content\/uploads\/2022\/05\/2022_05_10-AK-Salon-Dorado__sge4239-768x512.jpg 768w, https:\/\/infoecos.com.ar\/wp-content\/uploads\/2022\/05\/2022_05_10-AK-Salon-Dorado__sge4239-1536x1024.jpg 1536w, https:\/\/infoecos.com.ar\/wp-content\/uploads\/2022\/05\/2022_05_10-AK-Salon-Dorado__sge4239-2048x1365.jpg 2048w, https:\/\/infoecos.com.ar\/wp-content\/uploads\/2022\/05\/2022_05_10-AK-Salon-Dorado__sge4239-1024x683.jpg 1024w, https:\/\/infoecos.com.ar\/wp-content\/uploads\/2022\/05\/2022_05_10-AK-Salon-Dorado__sge4239-675x450.jpg 675w\" sizes=\"(max-width: 920px) 100vw, 920px\" \/><figcaption class=\"blocks-gallery-item__caption\">Kicillof Fondo de Infraestructura<\/figcaption><\/figure><\/li><li class=\"blocks-gallery-item\"><figure><img loading=\"lazy\" decoding=\"async\" width=\"920\" height=\"613\" src=\"http:\/\/infoecos.com.ar\/wp-content\/uploads\/2022\/05\/2022_05_10-AK-Salon-Dorado__sge4248-920x613.jpg\" alt=\"\" data-id=\"92478\" data-full-url=\"http:\/\/infoecos.com.ar\/wp-content\/uploads\/2022\/05\/2022_05_10-AK-Salon-Dorado__sge4248-scaled.jpg\" data-link=\"http:\/\/infoecos.com.ar\/index.php\/fondo-de-infraestructura-municipal-trenque-lauquen-recibira-cerca-de-110-millones-de-pesos\/2022_05_10-ak-salon-dorado__sge4248\/\" class=\"wp-image-92478\" srcset=\"https:\/\/infoecos.com.ar\/wp-content\/uploads\/2022\/05\/2022_05_10-AK-Salon-Dorado__sge4248-920x613.jpg 920w, https:\/\/infoecos.com.ar\/wp-content\/uploads\/2022\/05\/2022_05_10-AK-Salon-Dorado__sge4248-460x307.jpg 460w, https:\/\/infoecos.com.ar\/wp-content\/uploads\/2022\/05\/2022_05_10-AK-Salon-Dorado__sge4248-768x512.jpg 768w, https:\/\/infoecos.com.ar\/wp-content\/uploads\/2022\/05\/2022_05_10-AK-Salon-Dorado__sge4248-1536x1024.jpg 1536w, https:\/\/infoecos.com.ar\/wp-content\/uploads\/2022\/05\/2022_05_10-AK-Salon-Dorado__sge4248-2048x1365.jpg 2048w, https:\/\/infoecos.com.ar\/wp-content\/uploads\/2022\/05\/2022_05_10-AK-Salon-Dorado__sge4248-1024x683.jpg 1024w, https:\/\/infoecos.com.ar\/wp-content\/uploads\/2022\/05\/2022_05_10-AK-Salon-Dorado__sge4248-675x450.jpg 675w\" sizes=\"(max-width: 920px) 100vw, 920px\" \/><figcaption class=\"blocks-gallery-item__caption\">Kicillof Fondo de Infraestructura<\/figcaption><\/figure><\/li><li class=\"blocks-gallery-item\"><figure><img loading=\"lazy\" decoding=\"async\" width=\"920\" height=\"613\" src=\"http:\/\/infoecos.com.ar\/wp-content\/uploads\/2022\/05\/2022_05_10-AK-Salon-Dorado__sge4255-920x613.jpg\" alt=\"\" data-id=\"92479\" data-full-url=\"http:\/\/infoecos.com.ar\/wp-content\/uploads\/2022\/05\/2022_05_10-AK-Salon-Dorado__sge4255-scaled.jpg\" data-link=\"http:\/\/infoecos.com.ar\/index.php\/fondo-de-infraestructura-municipal-trenque-lauquen-recibira-cerca-de-110-millones-de-pesos\/2022_05_10-ak-salon-dorado__sge4255\/\" class=\"wp-image-92479\" srcset=\"https:\/\/infoecos.com.ar\/wp-content\/uploads\/2022\/05\/2022_05_10-AK-Salon-Dorado__sge4255-920x613.jpg 920w, https:\/\/infoecos.com.ar\/wp-content\/uploads\/2022\/05\/2022_05_10-AK-Salon-Dorado__sge4255-460x307.jpg 460w, https:\/\/infoecos.com.ar\/wp-content\/uploads\/2022\/05\/2022_05_10-AK-Salon-Dorado__sge4255-768x512.jpg 768w, https:\/\/infoecos.com.ar\/wp-content\/uploads\/2022\/05\/2022_05_10-AK-Salon-Dorado__sge4255-1536x1024.jpg 1536w, https:\/\/infoecos.com.ar\/wp-content\/uploads\/2022\/05\/2022_05_10-AK-Salon-Dorado__sge4255-2048x1365.jpg 2048w, https:\/\/infoecos.com.ar\/wp-content\/uploads\/2022\/05\/2022_05_10-AK-Salon-Dorado__sge4255-1024x683.jpg 1024w, https:\/\/infoecos.com.ar\/wp-content\/uploads\/2022\/05\/2022_05_10-AK-Salon-Dorado__sge4255-675x450.jpg 675w\" sizes=\"(max-width: 920px) 100vw, 920px\" \/><figcaption class=\"blocks-gallery-item__caption\">Kicillof Fondo de Infraestructura<\/figcaption><\/figure><\/li><li class=\"blocks-gallery-item\"><figure><img loading=\"lazy\" decoding=\"async\" width=\"920\" height=\"613\" src=\"http:\/\/infoecos.com.ar\/wp-content\/uploads\/2022\/05\/2022_05_10-AK-Salon-Dorado__sge4269-1-920x613.jpg\" alt=\"\" data-id=\"92480\" data-full-url=\"http:\/\/infoecos.com.ar\/wp-content\/uploads\/2022\/05\/2022_05_10-AK-Salon-Dorado__sge4269-1-scaled.jpg\" data-link=\"http:\/\/infoecos.com.ar\/index.php\/fondo-de-infraestructura-municipal-trenque-lauquen-recibira-cerca-de-110-millones-de-pesos\/2022_05_10-ak-salon-dorado__sge4269-1\/\" class=\"wp-image-92480\" srcset=\"https:\/\/infoecos.com.ar\/wp-content\/uploads\/2022\/05\/2022_05_10-AK-Salon-Dorado__sge4269-1-920x613.jpg 920w, https:\/\/infoecos.com.ar\/wp-content\/uploads\/2022\/05\/2022_05_10-AK-Salon-Dorado__sge4269-1-460x307.jpg 460w, https:\/\/infoecos.com.ar\/wp-content\/uploads\/2022\/05\/2022_05_10-AK-Salon-Dorado__sge4269-1-768x512.jpg 768w, https:\/\/infoecos.com.ar\/wp-content\/uploads\/2022\/05\/2022_05_10-AK-Salon-Dorado__sge4269-1-1536x1024.jpg 1536w, https:\/\/infoecos.com.ar\/wp-content\/uploads\/2022\/05\/2022_05_10-AK-Salon-Dorado__sge4269-1-2048x1365.jpg 2048w, https:\/\/infoecos.com.ar\/wp-content\/uploads\/2022\/05\/2022_05_10-AK-Salon-Dorado__sge4269-1-1024x683.jpg 1024w, https:\/\/infoecos.com.ar\/wp-content\/uploads\/2022\/05\/2022_05_10-AK-Salon-Dorado__sge4269-1-675x450.jpg 675w\" sizes=\"(max-width: 920px) 100vw, 920px\" \/><figcaption class=\"blocks-gallery-item__caption\">Kicillof Fondo de Infraestructura<\/figcaption><\/figure><\/li><li class=\"blocks-gallery-item\"><figure><img loading=\"lazy\" decoding=\"async\" width=\"920\" height=\"613\" src=\"http:\/\/infoecos.com.ar\/wp-content\/uploads\/2022\/05\/2022_05_10-AK-Salon-Dorado__sge4276-920x613.jpg\" alt=\"\" data-id=\"92481\" data-full-url=\"http:\/\/infoecos.com.ar\/wp-content\/uploads\/2022\/05\/2022_05_10-AK-Salon-Dorado__sge4276-scaled.jpg\" data-link=\"http:\/\/infoecos.com.ar\/index.php\/fondo-de-infraestructura-municipal-trenque-lauquen-recibira-cerca-de-110-millones-de-pesos\/2022_05_10-ak-salon-dorado__sge4276\/\" class=\"wp-image-92481\" srcset=\"https:\/\/infoecos.com.ar\/wp-content\/uploads\/2022\/05\/2022_05_10-AK-Salon-Dorado__sge4276-920x613.jpg 920w, https:\/\/infoecos.com.ar\/wp-content\/uploads\/2022\/05\/2022_05_10-AK-Salon-Dorado__sge4276-460x307.jpg 460w, https:\/\/infoecos.com.ar\/wp-content\/uploads\/2022\/05\/2022_05_10-AK-Salon-Dorado__sge4276-768x512.jpg 768w, https:\/\/infoecos.com.ar\/wp-content\/uploads\/2022\/05\/2022_05_10-AK-Salon-Dorado__sge4276-1536x1024.jpg 1536w, https:\/\/infoecos.com.ar\/wp-content\/uploads\/2022\/05\/2022_05_10-AK-Salon-Dorado__sge4276-2048x1365.jpg 2048w, https:\/\/infoecos.com.ar\/wp-content\/uploads\/2022\/05\/2022_05_10-AK-Salon-Dorado__sge4276-1024x683.jpg 1024w, https:\/\/infoecos.com.ar\/wp-content\/uploads\/2022\/05\/2022_05_10-AK-Salon-Dorado__sge4276-675x450.jpg 675w\" sizes=\"(max-width: 920px) 100vw, 920px\" \/><figcaption class=\"blocks-gallery-item__caption\">Kicillof Fondo de Infraestructura<\/figcaption><\/figure><\/li><\/ul><\/figure>\n\n\n\n<ul class=\"wp-block-list\"><li><strong>Trenque Lauquen:&nbsp;<\/strong>Repotenciaci\u00f3n bater\u00eda de pozos Mari Lauquen &#8211;&nbsp;<strong>$22.000.000;&nbsp;<\/strong>Desag\u00fces pluviales Calle Liniers &#8211;<strong>&nbsp;$13.229.028;&nbsp;<\/strong>Puesta en valor del alumbrado p\u00fablico &#8211;&nbsp;<strong>$17.000.000;&nbsp;<\/strong>Remodelaci\u00f3n en Parque municipal &#8211;&nbsp;<strong>$57.000.221<\/strong><\/li><\/ul>\n","protected":false},"excerpt":{"rendered":"<p>Los montos que reciben distintos distritos de la 4\u00b0, 6\u00b0 y 7\u00b0 secci\u00f3n electoral<\/p>\n","protected":false},"author":2,"featured_media":92433,"comment_status":"closed","ping_status":"open","sticky":false,"template":"","format":"standard","meta":{"footnotes":""},"categories":[48],"tags":[6042],"class_list":["post-92425","post","type-post","status-publish","format-standard","has-post-thumbnail","hentry","category-c2nota3","tag-iluminacion-agua-pluviales-parque"],"yoast_head":"<!-- This site is optimized with the Yoast SEO plugin v23.4 - https:\/\/yoast.com\/wordpress\/plugins\/seo\/ -->\n<title>Fondo de Infraestructura Municipal: Trenque Lauquen recibir\u00e1 cerca de 110 millones de pesos - Infoecos<\/title>\n<meta name=\"robots\" content=\"index, follow, max-snippet:-1, max-image-preview:large, max-video-preview:-1\" \/>\n<link rel=\"canonical\" href=\"https:\/\/infoecos.com.ar\/index.php\/fondo-de-infraestructura-municipal-trenque-lauquen-recibira-cerca-de-110-millones-de-pesos\/\" \/>\n<meta property=\"og:locale\" content=\"es_ES\" \/>\n<meta property=\"og:type\" content=\"article\" \/>\n<meta property=\"og:title\" content=\"Fondo de Infraestructura Municipal: Trenque Lauquen recibir\u00e1 cerca de 110 millones de pesos - Infoecos\" \/>\n<meta property=\"og:description\" content=\"Los montos que reciben distintos distritos de la 4\u00b0, 6\u00b0 y 7\u00b0 secci\u00f3n electoral\" \/>\n<meta property=\"og:url\" content=\"https:\/\/infoecos.com.ar\/index.php\/fondo-de-infraestructura-municipal-trenque-lauquen-recibira-cerca-de-110-millones-de-pesos\/\" \/>\n<meta property=\"og:site_name\" content=\"Infoecos\" \/>\n<meta property=\"article:publisher\" content=\"https:\/\/www.facebook.com\/profile.php?id=100063200290284\" \/>\n<meta property=\"article:published_time\" content=\"2022-05-10T17:55:16+00:00\" \/>\n<meta property=\"article:modified_time\" content=\"2022-05-12T06:42:36+00:00\" \/>\n<meta property=\"og:image\" content=\"https:\/\/infoecos.com.ar\/wp-content\/uploads\/2022\/05\/MG_0185_2-scaled.jpg\" \/>\n\t<meta property=\"og:image:width\" content=\"2560\" \/>\n\t<meta property=\"og:image:height\" content=\"1707\" \/>\n\t<meta property=\"og:image:type\" content=\"image\/jpeg\" \/>\n<meta name=\"author\" content=\"Jorge Matheus\" \/>\n<meta name=\"twitter:card\" content=\"summary_large_image\" \/>\n<meta name=\"twitter:creator\" content=\"@infoecos\" \/>\n<meta name=\"twitter:site\" content=\"@infoecos\" \/>\n<meta name=\"twitter:label1\" content=\"Escrito por\" \/>\n\t<meta name=\"twitter:data1\" content=\"Jorge Matheus\" \/>\n\t<meta name=\"twitter:label2\" content=\"Tiempo de lectura\" \/>\n\t<meta name=\"twitter:data2\" content=\"3 minutos\" \/>\n<script type=\"application\/ld+json\" class=\"yoast-schema-graph\">{\"@context\":\"https:\/\/schema.org\",\"@graph\":[{\"@type\":\"Article\",\"@id\":\"https:\/\/infoecos.com.ar\/index.php\/fondo-de-infraestructura-municipal-trenque-lauquen-recibira-cerca-de-110-millones-de-pesos\/#article\",\"isPartOf\":{\"@id\":\"https:\/\/infoecos.com.ar\/index.php\/fondo-de-infraestructura-municipal-trenque-lauquen-recibira-cerca-de-110-millones-de-pesos\/\"},\"author\":{\"name\":\"Jorge Matheus\",\"@id\":\"https:\/\/infoecos.com.ar\/#\/schema\/person\/8f5ace5ce73b4b4aac4b7245aee6f191\"},\"headline\":\"Fondo de Infraestructura Municipal: Trenque Lauquen recibir\u00e1 cerca de 110 millones de pesos\",\"datePublished\":\"2022-05-10T17:55:16+00:00\",\"dateModified\":\"2022-05-12T06:42:36+00:00\",\"mainEntityOfPage\":{\"@id\":\"https:\/\/infoecos.com.ar\/index.php\/fondo-de-infraestructura-municipal-trenque-lauquen-recibira-cerca-de-110-millones-de-pesos\/\"},\"wordCount\":657,\"publisher\":{\"@id\":\"https:\/\/infoecos.com.ar\/#organization\"},\"image\":{\"@id\":\"https:\/\/infoecos.com.ar\/index.php\/fondo-de-infraestructura-municipal-trenque-lauquen-recibira-cerca-de-110-millones-de-pesos\/#primaryimage\"},\"thumbnailUrl\":\"https:\/\/infoecos.com.ar\/wp-content\/uploads\/2022\/05\/MG_0185_2-scaled.jpg\",\"keywords\":[\"ILUMINACI\u00d3N-AGUA-PLUVIALES-PARQUE\"],\"articleSection\":[\"C2 N3\"],\"inLanguage\":\"es\"},{\"@type\":\"WebPage\",\"@id\":\"https:\/\/infoecos.com.ar\/index.php\/fondo-de-infraestructura-municipal-trenque-lauquen-recibira-cerca-de-110-millones-de-pesos\/\",\"url\":\"https:\/\/infoecos.com.ar\/index.php\/fondo-de-infraestructura-municipal-trenque-lauquen-recibira-cerca-de-110-millones-de-pesos\/\",\"name\":\"Fondo de Infraestructura Municipal: Trenque Lauquen recibir\u00e1 cerca de 110 millones de pesos - Infoecos\",\"isPartOf\":{\"@id\":\"https:\/\/infoecos.com.ar\/#website\"},\"primaryImageOfPage\":{\"@id\":\"https:\/\/infoecos.com.ar\/index.php\/fondo-de-infraestructura-municipal-trenque-lauquen-recibira-cerca-de-110-millones-de-pesos\/#primaryimage\"},\"image\":{\"@id\":\"https:\/\/infoecos.com.ar\/index.php\/fondo-de-infraestructura-municipal-trenque-lauquen-recibira-cerca-de-110-millones-de-pesos\/#primaryimage\"},\"thumbnailUrl\":\"https:\/\/infoecos.com.ar\/wp-content\/uploads\/2022\/05\/MG_0185_2-scaled.jpg\",\"datePublished\":\"2022-05-10T17:55:16+00:00\",\"dateModified\":\"2022-05-12T06:42:36+00:00\",\"breadcrumb\":{\"@id\":\"https:\/\/infoecos.com.ar\/index.php\/fondo-de-infraestructura-municipal-trenque-lauquen-recibira-cerca-de-110-millones-de-pesos\/#breadcrumb\"},\"inLanguage\":\"es\",\"potentialAction\":[{\"@type\":\"ReadAction\",\"target\":[\"https:\/\/infoecos.com.ar\/index.php\/fondo-de-infraestructura-municipal-trenque-lauquen-recibira-cerca-de-110-millones-de-pesos\/\"]}]},{\"@type\":\"ImageObject\",\"inLanguage\":\"es\",\"@id\":\"https:\/\/infoecos.com.ar\/index.php\/fondo-de-infraestructura-municipal-trenque-lauquen-recibira-cerca-de-110-millones-de-pesos\/#primaryimage\",\"url\":\"https:\/\/infoecos.com.ar\/wp-content\/uploads\/2022\/05\/MG_0185_2-scaled.jpg\",\"contentUrl\":\"https:\/\/infoecos.com.ar\/wp-content\/uploads\/2022\/05\/MG_0185_2-scaled.jpg\",\"width\":2560,\"height\":1707},{\"@type\":\"BreadcrumbList\",\"@id\":\"https:\/\/infoecos.com.ar\/index.php\/fondo-de-infraestructura-municipal-trenque-lauquen-recibira-cerca-de-110-millones-de-pesos\/#breadcrumb\",\"itemListElement\":[{\"@type\":\"ListItem\",\"position\":1,\"name\":\"Portada\",\"item\":\"https:\/\/infoecos.com.ar\/\"},{\"@type\":\"ListItem\",\"position\":2,\"name\":\"Fondo de Infraestructura Municipal: Trenque Lauquen recibir\u00e1 cerca de 110 millones de pesos\"}]},{\"@type\":\"WebSite\",\"@id\":\"https:\/\/infoecos.com.ar\/#website\",\"url\":\"https:\/\/infoecos.com.ar\/\",\"name\":\"Infoecos\",\"description\":\"Noticias de trenque lauquen y la zona\",\"publisher\":{\"@id\":\"https:\/\/infoecos.com.ar\/#organization\"},\"alternateName\":\"Noticias\",\"potentialAction\":[{\"@type\":\"SearchAction\",\"target\":{\"@type\":\"EntryPoint\",\"urlTemplate\":\"https:\/\/infoecos.com.ar\/?s={search_term_string}\"},\"query-input\":{\"@type\":\"PropertyValueSpecification\",\"valueRequired\":true,\"valueName\":\"search_term_string\"}}],\"inLanguage\":\"es\"},{\"@type\":\"Organization\",\"@id\":\"https:\/\/infoecos.com.ar\/#organization\",\"name\":\"Infoecos\",\"alternateName\":\"Noticias\",\"url\":\"https:\/\/infoecos.com.ar\/\",\"logo\":{\"@type\":\"ImageObject\",\"inLanguage\":\"es\",\"@id\":\"https:\/\/infoecos.com.ar\/#\/schema\/logo\/image\/\",\"url\":\"https:\/\/infoecos.com.ar\/wp-content\/uploads\/2024\/03\/cropped-logo.png\",\"contentUrl\":\"https:\/\/infoecos.com.ar\/wp-content\/uploads\/2024\/03\/cropped-logo.png\",\"width\":374,\"height\":90,\"caption\":\"Infoecos\"},\"image\":{\"@id\":\"https:\/\/infoecos.com.ar\/#\/schema\/logo\/image\/\"},\"sameAs\":[\"https:\/\/www.facebook.com\/profile.php?id=100063200290284\",\"https:\/\/x.com\/infoecos\"]},{\"@type\":\"Person\",\"@id\":\"https:\/\/infoecos.com.ar\/#\/schema\/person\/8f5ace5ce73b4b4aac4b7245aee6f191\",\"name\":\"Jorge Matheus\",\"url\":\"https:\/\/infoecos.com.ar\/index.php\/author\/jomatheus\/\"}]}<\/script>\n<!-- \/ Yoast SEO plugin. -->","yoast_head_json":{"title":"Fondo de Infraestructura Municipal: Trenque Lauquen recibir\u00e1 cerca de 110 millones de pesos - Infoecos","robots":{"index":"index","follow":"follow","max-snippet":"max-snippet:-1","max-image-preview":"max-image-preview:large","max-video-preview":"max-video-preview:-1"},"canonical":"https:\/\/infoecos.com.ar\/index.php\/fondo-de-infraestructura-municipal-trenque-lauquen-recibira-cerca-de-110-millones-de-pesos\/","og_locale":"es_ES","og_type":"article","og_title":"Fondo de Infraestructura Municipal: Trenque Lauquen recibir\u00e1 cerca de 110 millones de pesos - Infoecos","og_description":"Los montos que reciben distintos distritos de la 4\u00b0, 6\u00b0 y 7\u00b0 secci\u00f3n electoral","og_url":"https:\/\/infoecos.com.ar\/index.php\/fondo-de-infraestructura-municipal-trenque-lauquen-recibira-cerca-de-110-millones-de-pesos\/","og_site_name":"Infoecos","article_publisher":"https:\/\/www.facebook.com\/profile.php?id=100063200290284","article_published_time":"2022-05-10T17:55:16+00:00","article_modified_time":"2022-05-12T06:42:36+00:00","og_image":[{"width":2560,"height":1707,"url":"https:\/\/infoecos.com.ar\/wp-content\/uploads\/2022\/05\/MG_0185_2-scaled.jpg","type":"image\/jpeg"}],"author":"Jorge Matheus","twitter_card":"summary_large_image","twitter_creator":"@infoecos","twitter_site":"@infoecos","twitter_misc":{"Escrito por":"Jorge Matheus","Tiempo de lectura":"3 minutos"},"schema":{"@context":"https:\/\/schema.org","@graph":[{"@type":"Article","@id":"https:\/\/infoecos.com.ar\/index.php\/fondo-de-infraestructura-municipal-trenque-lauquen-recibira-cerca-de-110-millones-de-pesos\/#article","isPartOf":{"@id":"https:\/\/infoecos.com.ar\/index.php\/fondo-de-infraestructura-municipal-trenque-lauquen-recibira-cerca-de-110-millones-de-pesos\/"},"author":{"name":"Jorge Matheus","@id":"https:\/\/infoecos.com.ar\/#\/schema\/person\/8f5ace5ce73b4b4aac4b7245aee6f191"},"headline":"Fondo de Infraestructura Municipal: Trenque Lauquen recibir\u00e1 cerca de 110 millones de pesos","datePublished":"2022-05-10T17:55:16+00:00","dateModified":"2022-05-12T06:42:36+00:00","mainEntityOfPage":{"@id":"https:\/\/infoecos.com.ar\/index.php\/fondo-de-infraestructura-municipal-trenque-lauquen-recibira-cerca-de-110-millones-de-pesos\/"},"wordCount":657,"publisher":{"@id":"https:\/\/infoecos.com.ar\/#organization"},"image":{"@id":"https:\/\/infoecos.com.ar\/index.php\/fondo-de-infraestructura-municipal-trenque-lauquen-recibira-cerca-de-110-millones-de-pesos\/#primaryimage"},"thumbnailUrl":"https:\/\/infoecos.com.ar\/wp-content\/uploads\/2022\/05\/MG_0185_2-scaled.jpg","keywords":["ILUMINACI\u00d3N-AGUA-PLUVIALES-PARQUE"],"articleSection":["C2 N3"],"inLanguage":"es"},{"@type":"WebPage","@id":"https:\/\/infoecos.com.ar\/index.php\/fondo-de-infraestructura-municipal-trenque-lauquen-recibira-cerca-de-110-millones-de-pesos\/","url":"https:\/\/infoecos.com.ar\/index.php\/fondo-de-infraestructura-municipal-trenque-lauquen-recibira-cerca-de-110-millones-de-pesos\/","name":"Fondo de Infraestructura Municipal: Trenque Lauquen recibir\u00e1 cerca de 110 millones de pesos - Infoecos","isPartOf":{"@id":"https:\/\/infoecos.com.ar\/#website"},"primaryImageOfPage":{"@id":"https:\/\/infoecos.com.ar\/index.php\/fondo-de-infraestructura-municipal-trenque-lauquen-recibira-cerca-de-110-millones-de-pesos\/#primaryimage"},"image":{"@id":"https:\/\/infoecos.com.ar\/index.php\/fondo-de-infraestructura-municipal-trenque-lauquen-recibira-cerca-de-110-millones-de-pesos\/#primaryimage"},"thumbnailUrl":"https:\/\/infoecos.com.ar\/wp-content\/uploads\/2022\/05\/MG_0185_2-scaled.jpg","datePublished":"2022-05-10T17:55:16+00:00","dateModified":"2022-05-12T06:42:36+00:00","breadcrumb":{"@id":"https:\/\/infoecos.com.ar\/index.php\/fondo-de-infraestructura-municipal-trenque-lauquen-recibira-cerca-de-110-millones-de-pesos\/#breadcrumb"},"inLanguage":"es","potentialAction":[{"@type":"ReadAction","target":["https:\/\/infoecos.com.ar\/index.php\/fondo-de-infraestructura-municipal-trenque-lauquen-recibira-cerca-de-110-millones-de-pesos\/"]}]},{"@type":"ImageObject","inLanguage":"es","@id":"https:\/\/infoecos.com.ar\/index.php\/fondo-de-infraestructura-municipal-trenque-lauquen-recibira-cerca-de-110-millones-de-pesos\/#primaryimage","url":"https:\/\/infoecos.com.ar\/wp-content\/uploads\/2022\/05\/MG_0185_2-scaled.jpg","contentUrl":"https:\/\/infoecos.com.ar\/wp-content\/uploads\/2022\/05\/MG_0185_2-scaled.jpg","width":2560,"height":1707},{"@type":"BreadcrumbList","@id":"https:\/\/infoecos.com.ar\/index.php\/fondo-de-infraestructura-municipal-trenque-lauquen-recibira-cerca-de-110-millones-de-pesos\/#breadcrumb","itemListElement":[{"@type":"ListItem","position":1,"name":"Portada","item":"https:\/\/infoecos.com.ar\/"},{"@type":"ListItem","position":2,"name":"Fondo de Infraestructura Municipal: Trenque Lauquen recibir\u00e1 cerca de 110 millones de pesos"}]},{"@type":"WebSite","@id":"https:\/\/infoecos.com.ar\/#website","url":"https:\/\/infoecos.com.ar\/","name":"Infoecos","description":"Noticias de trenque lauquen y la zona","publisher":{"@id":"https:\/\/infoecos.com.ar\/#organization"},"alternateName":"Noticias","potentialAction":[{"@type":"SearchAction","target":{"@type":"EntryPoint","urlTemplate":"https:\/\/infoecos.com.ar\/?s={search_term_string}"},"query-input":{"@type":"PropertyValueSpecification","valueRequired":true,"valueName":"search_term_string"}}],"inLanguage":"es"},{"@type":"Organization","@id":"https:\/\/infoecos.com.ar\/#organization","name":"Infoecos","alternateName":"Noticias","url":"https:\/\/infoecos.com.ar\/","logo":{"@type":"ImageObject","inLanguage":"es","@id":"https:\/\/infoecos.com.ar\/#\/schema\/logo\/image\/","url":"https:\/\/infoecos.com.ar\/wp-content\/uploads\/2024\/03\/cropped-logo.png","contentUrl":"https:\/\/infoecos.com.ar\/wp-content\/uploads\/2024\/03\/cropped-logo.png","width":374,"height":90,"caption":"Infoecos"},"image":{"@id":"https:\/\/infoecos.com.ar\/#\/schema\/logo\/image\/"},"sameAs":["https:\/\/www.facebook.com\/profile.php?id=100063200290284","https:\/\/x.com\/infoecos"]},{"@type":"Person","@id":"https:\/\/infoecos.com.ar\/#\/schema\/person\/8f5ace5ce73b4b4aac4b7245aee6f191","name":"Jorge Matheus","url":"https:\/\/infoecos.com.ar\/index.php\/author\/jomatheus\/"}]}},"featured_image_urls":{"full":["https:\/\/infoecos.com.ar\/wp-content\/uploads\/2022\/05\/MG_0185_2-scaled.jpg",2560,1707,false],"thumbnail":["https:\/\/infoecos.com.ar\/wp-content\/uploads\/2022\/05\/MG_0185_2-150x150.jpg",150,150,true],"medium":["https:\/\/infoecos.com.ar\/wp-content\/uploads\/2022\/05\/MG_0185_2-460x307.jpg",460,307,true],"medium_large":["https:\/\/infoecos.com.ar\/wp-content\/uploads\/2022\/05\/MG_0185_2-768x512.jpg",640,427,true],"large":["https:\/\/infoecos.com.ar\/wp-content\/uploads\/2022\/05\/MG_0185_2-920x613.jpg",640,426,true],"1536x1536":["https:\/\/infoecos.com.ar\/wp-content\/uploads\/2022\/05\/MG_0185_2-1536x1024.jpg",1536,1024,true],"2048x2048":["https:\/\/infoecos.com.ar\/wp-content\/uploads\/2022\/05\/MG_0185_2-2048x1365.jpg",2048,1365,true],"covernews-slider-full":["https:\/\/infoecos.com.ar\/wp-content\/uploads\/2022\/05\/MG_0185_2-1536x1020.jpg",1077,715,true],"covernews-slider-center":["https:\/\/infoecos.com.ar\/wp-content\/uploads\/2022\/05\/MG_0185_2-936x897.jpg",522,500,true],"covernews-featured":["https:\/\/infoecos.com.ar\/wp-content\/uploads\/2022\/05\/MG_0185_2-1024x683.jpg",1024,683,true],"covernews-medium":["https:\/\/infoecos.com.ar\/wp-content\/uploads\/2022\/05\/MG_0185_2-720x380.jpg",540,285,true],"covernews-medium-square":["https:\/\/infoecos.com.ar\/wp-content\/uploads\/2022\/05\/MG_0185_2-675x450.jpg",375,250,true]},"author_info":{"info":["Jorge Matheus"]},"category_info":"<a href=\"https:\/\/infoecos.com.ar\/index.php\/category\/c2nota3\/\" rel=\"category tag\">C2 N3<\/a>","tag_info":"C2 N3","comment_count":"0","_links":{"self":[{"href":"https:\/\/infoecos.com.ar\/index.php\/wp-json\/wp\/v2\/posts\/92425"}],"collection":[{"href":"https:\/\/infoecos.com.ar\/index.php\/wp-json\/wp\/v2\/posts"}],"about":[{"href":"https:\/\/infoecos.com.ar\/index.php\/wp-json\/wp\/v2\/types\/post"}],"author":[{"embeddable":true,"href":"https:\/\/infoecos.com.ar\/index.php\/wp-json\/wp\/v2\/users\/2"}],"replies":[{"embeddable":true,"href":"https:\/\/infoecos.com.ar\/index.php\/wp-json\/wp\/v2\/comments?post=92425"}],"version-history":[{"count":5,"href":"https:\/\/infoecos.com.ar\/index.php\/wp-json\/wp\/v2\/posts\/92425\/revisions"}],"predecessor-version":[{"id":92620,"href":"https:\/\/infoecos.com.ar\/index.php\/wp-json\/wp\/v2\/posts\/92425\/revisions\/92620"}],"wp:featuredmedia":[{"embeddable":true,"href":"https:\/\/infoecos.com.ar\/index.php\/wp-json\/wp\/v2\/media\/92433"}],"wp:attachment":[{"href":"https:\/\/infoecos.com.ar\/index.php\/wp-json\/wp\/v2\/media?parent=92425"}],"wp:term":[{"taxonomy":"category","embeddable":true,"href":"https:\/\/infoecos.com.ar\/index.php\/wp-json\/wp\/v2\/categories?post=92425"},{"taxonomy":"post_tag","embeddable":true,"href":"https:\/\/infoecos.com.ar\/index.php\/wp-json\/wp\/v2\/tags?post=92425"}],"curies":[{"name":"wp","href":"https:\/\/api.w.org\/{rel}","templated":true}]}}