{"id":92488,"date":"2022-05-10T16:51:41","date_gmt":"2022-05-10T19:51:41","guid":{"rendered":"http:\/\/infoecos.com.ar\/?p=92488"},"modified":"2022-05-13T02:08:06","modified_gmt":"2022-05-13T05:08:06","slug":"se-realizan-obras-de-extension-de-la-red-de-gas-natural-en-el-barrio-juan-cruz-de-trenque-lauquen","status":"publish","type":"post","link":"https:\/\/infoecos.com.ar\/index.php\/se-realizan-obras-de-extension-de-la-red-de-gas-natural-en-el-barrio-juan-cruz-de-trenque-lauquen\/","title":{"rendered":"Se realizan obras de extensi\u00f3n de la red de gas natural en el Barrio Juan Cruz de Trenque Lauquen"},"content":{"rendered":"\n<p>Los secretarios de Gobierno y de Gesti\u00f3n y Planificaci\u00f3n del Municipio de Trenque Lauquen, Gustavo Marchabalo y&nbsp; Mart\u00edn Borraz\u00e1s, respectivamente, estuvieron este lunes en el barrio Juan Cruz para supervisar el inicio de la obra de extensi\u00f3n de la red de gas natural que la empresa Camuzzi Gas Pampeana comenz\u00f3 a ejecutar en este sector de la ciudad, en el marco de la operatoria impulsada por la municipalidad de Trenque Lauquen para facilitar a los vecinos\/as el acceso a este servicio.<\/p>\n\n\n\n<div class=\"wp-block-image\"><figure class=\"aligncenter size-large is-resized\"><img loading=\"lazy\" decoding=\"async\" src=\"http:\/\/infoecos.com.ar\/wp-content\/uploads\/2022\/05\/Obra-de-gas-2-920x690.jpg\" alt=\"\" class=\"wp-image-92489\" width=\"536\" height=\"402\" srcset=\"https:\/\/infoecos.com.ar\/wp-content\/uploads\/2022\/05\/Obra-de-gas-2-920x690.jpg 920w, https:\/\/infoecos.com.ar\/wp-content\/uploads\/2022\/05\/Obra-de-gas-2-460x345.jpg 460w, https:\/\/infoecos.com.ar\/wp-content\/uploads\/2022\/05\/Obra-de-gas-2-768x576.jpg 768w, https:\/\/infoecos.com.ar\/wp-content\/uploads\/2022\/05\/Obra-de-gas-2-1536x1152.jpg 1536w, https:\/\/infoecos.com.ar\/wp-content\/uploads\/2022\/05\/Obra-de-gas-2-1024x768.jpg 1024w, https:\/\/infoecos.com.ar\/wp-content\/uploads\/2022\/05\/Obra-de-gas-2.jpg 1600w\" sizes=\"(max-width: 536px) 100vw, 536px\" \/><figcaption>Trenque Lauquen obras de gas<\/figcaption><\/figure><\/div>\n\n\n\n<p>En el barrio, que se encuentra ubicado detr\u00e1s de la Ruta Nacional n\u00ba 5 a la altura de la calle Paul Harris y Regimiento Tres de Caballer\u00eda, los funcionarios conversaron con los representantes de la empresa Camuzzi Gas Pampeana, con los vecinos\/as y tambi\u00e9n la comisi\u00f3n del barrio.<\/p>\n\n\n\n<p>\u201cEl barrio Juan Cruz y el barrio San Benito fueron los \u00faltimos dos sectores con los cuales la municipalidad ha colaborado para lograr la extensi\u00f3n de la red de gas natural para que los vecinos\/as puedan tener este nuevo servicio\u201d, coment\u00f3 el secretario de Gobierno, Gustavo Marchabalo.<\/p>\n\n\n\n<div class=\"wp-block-image\"><figure class=\"aligncenter size-large is-resized\"><img loading=\"lazy\" decoding=\"async\" src=\"http:\/\/infoecos.com.ar\/wp-content\/uploads\/2022\/05\/Obra-de-gas-1-920x690.jpg\" alt=\"\" class=\"wp-image-92490\" width=\"534\" height=\"401\" srcset=\"https:\/\/infoecos.com.ar\/wp-content\/uploads\/2022\/05\/Obra-de-gas-1-920x690.jpg 920w, https:\/\/infoecos.com.ar\/wp-content\/uploads\/2022\/05\/Obra-de-gas-1-460x345.jpg 460w, https:\/\/infoecos.com.ar\/wp-content\/uploads\/2022\/05\/Obra-de-gas-1-768x576.jpg 768w, https:\/\/infoecos.com.ar\/wp-content\/uploads\/2022\/05\/Obra-de-gas-1-1536x1152.jpg 1536w, https:\/\/infoecos.com.ar\/wp-content\/uploads\/2022\/05\/Obra-de-gas-1-1024x768.jpg 1024w, https:\/\/infoecos.com.ar\/wp-content\/uploads\/2022\/05\/Obra-de-gas-1.jpg 1600w\" sizes=\"(max-width: 534px) 100vw, 534px\" \/><figcaption>Trenque Lauquen obras de gas<\/figcaption><\/figure><\/div>\n\n\n\n<p>\u201cSiempre que podemos participar y colaborar para que otro barrio tenga un nuevo servicio, y en definitiva se traduzca en una mejor calidad de vida para los vecinos\/as, nos pone muy contentos\u201d, se\u00f1al\u00f3.<\/p>\n\n\n\n<p>Acerca de la metodolog\u00eda de trabajo, Marchabalo explic\u00f3 que \u201cla venimos aplicando desde hace dos a\u00f1os y ya llevamos alrededor de ocho barrios donde hemos podido acordar con Camuzzi Gas y los vecinos\/as\u201d.<\/p>\n","protected":false},"excerpt":{"rendered":"<p>Se encuentra ubicado detr\u00e1s de la Ruta Nacional n\u00ba 5 a la altura de la calle Paul Harris y Regimiento Tres de Caballer\u00eda<\/p>\n","protected":false},"author":2,"featured_media":92491,"comment_status":"closed","ping_status":"open","sticky":false,"template":"","format":"standard","meta":{"footnotes":""},"categories":[1333],"tags":[6022],"class_list":["post-92488","post","type-post","status-publish","format-standard","has-post-thumbnail","hentry","category-inferior13","tag-colaboracion-municipal"],"yoast_head":"<!-- This site is optimized with the Yoast SEO plugin v23.4 - https:\/\/yoast.com\/wordpress\/plugins\/seo\/ -->\n<title>Se realizan obras de extensi\u00f3n de la red de gas natural en el Barrio Juan Cruz de Trenque Lauquen - Infoecos<\/title>\n<meta name=\"robots\" content=\"index, follow, max-snippet:-1, max-image-preview:large, max-video-preview:-1\" \/>\n<link rel=\"canonical\" href=\"https:\/\/infoecos.com.ar\/index.php\/se-realizan-obras-de-extension-de-la-red-de-gas-natural-en-el-barrio-juan-cruz-de-trenque-lauquen\/\" \/>\n<meta property=\"og:locale\" content=\"es_ES\" \/>\n<meta property=\"og:type\" content=\"article\" \/>\n<meta property=\"og:title\" content=\"Se realizan obras de extensi\u00f3n de la red de gas natural en el Barrio Juan Cruz de Trenque Lauquen - Infoecos\" \/>\n<meta property=\"og:description\" content=\"Se encuentra ubicado detr\u00e1s de la Ruta Nacional n\u00ba 5 a la altura de la calle Paul Harris y Regimiento Tres de Caballer\u00eda\" \/>\n<meta property=\"og:url\" content=\"https:\/\/infoecos.com.ar\/index.php\/se-realizan-obras-de-extension-de-la-red-de-gas-natural-en-el-barrio-juan-cruz-de-trenque-lauquen\/\" \/>\n<meta property=\"og:site_name\" content=\"Infoecos\" \/>\n<meta property=\"article:publisher\" content=\"https:\/\/www.facebook.com\/profile.php?id=100063200290284\" \/>\n<meta property=\"article:published_time\" content=\"2022-05-10T19:51:41+00:00\" \/>\n<meta property=\"article:modified_time\" content=\"2022-05-13T05:08:06+00:00\" \/>\n<meta property=\"og:image\" content=\"https:\/\/infoecos.com.ar\/wp-content\/uploads\/2022\/05\/Obra-de-gas-8.jpg\" \/>\n\t<meta property=\"og:image:width\" content=\"1200\" \/>\n\t<meta property=\"og:image:height\" content=\"1600\" \/>\n\t<meta property=\"og:image:type\" content=\"image\/jpeg\" \/>\n<meta name=\"author\" content=\"Jorge Matheus\" \/>\n<meta name=\"twitter:card\" content=\"summary_large_image\" \/>\n<meta name=\"twitter:creator\" content=\"@infoecos\" \/>\n<meta name=\"twitter:site\" content=\"@infoecos\" \/>\n<meta name=\"twitter:label1\" content=\"Escrito por\" \/>\n\t<meta name=\"twitter:data1\" content=\"Jorge Matheus\" \/>\n\t<meta name=\"twitter:label2\" content=\"Tiempo de lectura\" \/>\n\t<meta name=\"twitter:data2\" content=\"1 minuto\" \/>\n<script type=\"application\/ld+json\" class=\"yoast-schema-graph\">{\"@context\":\"https:\/\/schema.org\",\"@graph\":[{\"@type\":\"Article\",\"@id\":\"https:\/\/infoecos.com.ar\/index.php\/se-realizan-obras-de-extension-de-la-red-de-gas-natural-en-el-barrio-juan-cruz-de-trenque-lauquen\/#article\",\"isPartOf\":{\"@id\":\"https:\/\/infoecos.com.ar\/index.php\/se-realizan-obras-de-extension-de-la-red-de-gas-natural-en-el-barrio-juan-cruz-de-trenque-lauquen\/\"},\"author\":{\"name\":\"Jorge Matheus\",\"@id\":\"https:\/\/infoecos.com.ar\/#\/schema\/person\/8f5ace5ce73b4b4aac4b7245aee6f191\"},\"headline\":\"Se realizan obras de extensi\u00f3n de la red de gas natural en el Barrio Juan Cruz de Trenque Lauquen\",\"datePublished\":\"2022-05-10T19:51:41+00:00\",\"dateModified\":\"2022-05-13T05:08:06+00:00\",\"mainEntityOfPage\":{\"@id\":\"https:\/\/infoecos.com.ar\/index.php\/se-realizan-obras-de-extension-de-la-red-de-gas-natural-en-el-barrio-juan-cruz-de-trenque-lauquen\/\"},\"wordCount\":290,\"publisher\":{\"@id\":\"https:\/\/infoecos.com.ar\/#organization\"},\"image\":{\"@id\":\"https:\/\/infoecos.com.ar\/index.php\/se-realizan-obras-de-extension-de-la-red-de-gas-natural-en-el-barrio-juan-cruz-de-trenque-lauquen\/#primaryimage\"},\"thumbnailUrl\":\"https:\/\/infoecos.com.ar\/wp-content\/uploads\/2022\/05\/Obra-de-gas-8.jpg\",\"keywords\":[\"COLABORACI\u00d3N MUNICIPAL\"],\"articleSection\":[\"Bloque inferior - 13\"],\"inLanguage\":\"es\"},{\"@type\":\"WebPage\",\"@id\":\"https:\/\/infoecos.com.ar\/index.php\/se-realizan-obras-de-extension-de-la-red-de-gas-natural-en-el-barrio-juan-cruz-de-trenque-lauquen\/\",\"url\":\"https:\/\/infoecos.com.ar\/index.php\/se-realizan-obras-de-extension-de-la-red-de-gas-natural-en-el-barrio-juan-cruz-de-trenque-lauquen\/\",\"name\":\"Se realizan obras de extensi\u00f3n de la red de gas natural en el Barrio Juan Cruz de Trenque Lauquen - Infoecos\",\"isPartOf\":{\"@id\":\"https:\/\/infoecos.com.ar\/#website\"},\"primaryImageOfPage\":{\"@id\":\"https:\/\/infoecos.com.ar\/index.php\/se-realizan-obras-de-extension-de-la-red-de-gas-natural-en-el-barrio-juan-cruz-de-trenque-lauquen\/#primaryimage\"},\"image\":{\"@id\":\"https:\/\/infoecos.com.ar\/index.php\/se-realizan-obras-de-extension-de-la-red-de-gas-natural-en-el-barrio-juan-cruz-de-trenque-lauquen\/#primaryimage\"},\"thumbnailUrl\":\"https:\/\/infoecos.com.ar\/wp-content\/uploads\/2022\/05\/Obra-de-gas-8.jpg\",\"datePublished\":\"2022-05-10T19:51:41+00:00\",\"dateModified\":\"2022-05-13T05:08:06+00:00\",\"breadcrumb\":{\"@id\":\"https:\/\/infoecos.com.ar\/index.php\/se-realizan-obras-de-extension-de-la-red-de-gas-natural-en-el-barrio-juan-cruz-de-trenque-lauquen\/#breadcrumb\"},\"inLanguage\":\"es\",\"potentialAction\":[{\"@type\":\"ReadAction\",\"target\":[\"https:\/\/infoecos.com.ar\/index.php\/se-realizan-obras-de-extension-de-la-red-de-gas-natural-en-el-barrio-juan-cruz-de-trenque-lauquen\/\"]}]},{\"@type\":\"ImageObject\",\"inLanguage\":\"es\",\"@id\":\"https:\/\/infoecos.com.ar\/index.php\/se-realizan-obras-de-extension-de-la-red-de-gas-natural-en-el-barrio-juan-cruz-de-trenque-lauquen\/#primaryimage\",\"url\":\"https:\/\/infoecos.com.ar\/wp-content\/uploads\/2022\/05\/Obra-de-gas-8.jpg\",\"contentUrl\":\"https:\/\/infoecos.com.ar\/wp-content\/uploads\/2022\/05\/Obra-de-gas-8.jpg\",\"width\":1200,\"height\":1600},{\"@type\":\"BreadcrumbList\",\"@id\":\"https:\/\/infoecos.com.ar\/index.php\/se-realizan-obras-de-extension-de-la-red-de-gas-natural-en-el-barrio-juan-cruz-de-trenque-lauquen\/#breadcrumb\",\"itemListElement\":[{\"@type\":\"ListItem\",\"position\":1,\"name\":\"Portada\",\"item\":\"https:\/\/infoecos.com.ar\/\"},{\"@type\":\"ListItem\",\"position\":2,\"name\":\"Se realizan obras de extensi\u00f3n de la red de gas natural en el Barrio Juan Cruz de Trenque Lauquen\"}]},{\"@type\":\"WebSite\",\"@id\":\"https:\/\/infoecos.com.ar\/#website\",\"url\":\"https:\/\/infoecos.com.ar\/\",\"name\":\"Infoecos\",\"description\":\"Noticias de trenque lauquen y la zona\",\"publisher\":{\"@id\":\"https:\/\/infoecos.com.ar\/#organization\"},\"alternateName\":\"Noticias\",\"potentialAction\":[{\"@type\":\"SearchAction\",\"target\":{\"@type\":\"EntryPoint\",\"urlTemplate\":\"https:\/\/infoecos.com.ar\/?s={search_term_string}\"},\"query-input\":{\"@type\":\"PropertyValueSpecification\",\"valueRequired\":true,\"valueName\":\"search_term_string\"}}],\"inLanguage\":\"es\"},{\"@type\":\"Organization\",\"@id\":\"https:\/\/infoecos.com.ar\/#organization\",\"name\":\"Infoecos\",\"alternateName\":\"Noticias\",\"url\":\"https:\/\/infoecos.com.ar\/\",\"logo\":{\"@type\":\"ImageObject\",\"inLanguage\":\"es\",\"@id\":\"https:\/\/infoecos.com.ar\/#\/schema\/logo\/image\/\",\"url\":\"https:\/\/infoecos.com.ar\/wp-content\/uploads\/2024\/03\/cropped-logo.png\",\"contentUrl\":\"https:\/\/infoecos.com.ar\/wp-content\/uploads\/2024\/03\/cropped-logo.png\",\"width\":374,\"height\":90,\"caption\":\"Infoecos\"},\"image\":{\"@id\":\"https:\/\/infoecos.com.ar\/#\/schema\/logo\/image\/\"},\"sameAs\":[\"https:\/\/www.facebook.com\/profile.php?id=100063200290284\",\"https:\/\/x.com\/infoecos\"]},{\"@type\":\"Person\",\"@id\":\"https:\/\/infoecos.com.ar\/#\/schema\/person\/8f5ace5ce73b4b4aac4b7245aee6f191\",\"name\":\"Jorge Matheus\",\"url\":\"https:\/\/infoecos.com.ar\/index.php\/author\/jomatheus\/\"}]}<\/script>\n<!-- \/ Yoast SEO plugin. -->","yoast_head_json":{"title":"Se realizan obras de extensi\u00f3n de la red de gas natural en el Barrio Juan Cruz de Trenque Lauquen - Infoecos","robots":{"index":"index","follow":"follow","max-snippet":"max-snippet:-1","max-image-preview":"max-image-preview:large","max-video-preview":"max-video-preview:-1"},"canonical":"https:\/\/infoecos.com.ar\/index.php\/se-realizan-obras-de-extension-de-la-red-de-gas-natural-en-el-barrio-juan-cruz-de-trenque-lauquen\/","og_locale":"es_ES","og_type":"article","og_title":"Se realizan obras de extensi\u00f3n de la red de gas natural en el Barrio Juan Cruz de Trenque Lauquen - Infoecos","og_description":"Se encuentra ubicado detr\u00e1s de la Ruta Nacional n\u00ba 5 a la altura de la calle Paul Harris y Regimiento Tres de Caballer\u00eda","og_url":"https:\/\/infoecos.com.ar\/index.php\/se-realizan-obras-de-extension-de-la-red-de-gas-natural-en-el-barrio-juan-cruz-de-trenque-lauquen\/","og_site_name":"Infoecos","article_publisher":"https:\/\/www.facebook.com\/profile.php?id=100063200290284","article_published_time":"2022-05-10T19:51:41+00:00","article_modified_time":"2022-05-13T05:08:06+00:00","og_image":[{"width":1200,"height":1600,"url":"https:\/\/infoecos.com.ar\/wp-content\/uploads\/2022\/05\/Obra-de-gas-8.jpg","type":"image\/jpeg"}],"author":"Jorge Matheus","twitter_card":"summary_large_image","twitter_creator":"@infoecos","twitter_site":"@infoecos","twitter_misc":{"Escrito por":"Jorge Matheus","Tiempo de lectura":"1 minuto"},"schema":{"@context":"https:\/\/schema.org","@graph":[{"@type":"Article","@id":"https:\/\/infoecos.com.ar\/index.php\/se-realizan-obras-de-extension-de-la-red-de-gas-natural-en-el-barrio-juan-cruz-de-trenque-lauquen\/#article","isPartOf":{"@id":"https:\/\/infoecos.com.ar\/index.php\/se-realizan-obras-de-extension-de-la-red-de-gas-natural-en-el-barrio-juan-cruz-de-trenque-lauquen\/"},"author":{"name":"Jorge Matheus","@id":"https:\/\/infoecos.com.ar\/#\/schema\/person\/8f5ace5ce73b4b4aac4b7245aee6f191"},"headline":"Se realizan obras de extensi\u00f3n de la red de gas natural en el Barrio Juan Cruz de Trenque Lauquen","datePublished":"2022-05-10T19:51:41+00:00","dateModified":"2022-05-13T05:08:06+00:00","mainEntityOfPage":{"@id":"https:\/\/infoecos.com.ar\/index.php\/se-realizan-obras-de-extension-de-la-red-de-gas-natural-en-el-barrio-juan-cruz-de-trenque-lauquen\/"},"wordCount":290,"publisher":{"@id":"https:\/\/infoecos.com.ar\/#organization"},"image":{"@id":"https:\/\/infoecos.com.ar\/index.php\/se-realizan-obras-de-extension-de-la-red-de-gas-natural-en-el-barrio-juan-cruz-de-trenque-lauquen\/#primaryimage"},"thumbnailUrl":"https:\/\/infoecos.com.ar\/wp-content\/uploads\/2022\/05\/Obra-de-gas-8.jpg","keywords":["COLABORACI\u00d3N MUNICIPAL"],"articleSection":["Bloque inferior - 13"],"inLanguage":"es"},{"@type":"WebPage","@id":"https:\/\/infoecos.com.ar\/index.php\/se-realizan-obras-de-extension-de-la-red-de-gas-natural-en-el-barrio-juan-cruz-de-trenque-lauquen\/","url":"https:\/\/infoecos.com.ar\/index.php\/se-realizan-obras-de-extension-de-la-red-de-gas-natural-en-el-barrio-juan-cruz-de-trenque-lauquen\/","name":"Se realizan obras de extensi\u00f3n de la red de gas natural en el Barrio Juan Cruz de Trenque Lauquen - Infoecos","isPartOf":{"@id":"https:\/\/infoecos.com.ar\/#website"},"primaryImageOfPage":{"@id":"https:\/\/infoecos.com.ar\/index.php\/se-realizan-obras-de-extension-de-la-red-de-gas-natural-en-el-barrio-juan-cruz-de-trenque-lauquen\/#primaryimage"},"image":{"@id":"https:\/\/infoecos.com.ar\/index.php\/se-realizan-obras-de-extension-de-la-red-de-gas-natural-en-el-barrio-juan-cruz-de-trenque-lauquen\/#primaryimage"},"thumbnailUrl":"https:\/\/infoecos.com.ar\/wp-content\/uploads\/2022\/05\/Obra-de-gas-8.jpg","datePublished":"2022-05-10T19:51:41+00:00","dateModified":"2022-05-13T05:08:06+00:00","breadcrumb":{"@id":"https:\/\/infoecos.com.ar\/index.php\/se-realizan-obras-de-extension-de-la-red-de-gas-natural-en-el-barrio-juan-cruz-de-trenque-lauquen\/#breadcrumb"},"inLanguage":"es","potentialAction":[{"@type":"ReadAction","target":["https:\/\/infoecos.com.ar\/index.php\/se-realizan-obras-de-extension-de-la-red-de-gas-natural-en-el-barrio-juan-cruz-de-trenque-lauquen\/"]}]},{"@type":"ImageObject","inLanguage":"es","@id":"https:\/\/infoecos.com.ar\/index.php\/se-realizan-obras-de-extension-de-la-red-de-gas-natural-en-el-barrio-juan-cruz-de-trenque-lauquen\/#primaryimage","url":"https:\/\/infoecos.com.ar\/wp-content\/uploads\/2022\/05\/Obra-de-gas-8.jpg","contentUrl":"https:\/\/infoecos.com.ar\/wp-content\/uploads\/2022\/05\/Obra-de-gas-8.jpg","width":1200,"height":1600},{"@type":"BreadcrumbList","@id":"https:\/\/infoecos.com.ar\/index.php\/se-realizan-obras-de-extension-de-la-red-de-gas-natural-en-el-barrio-juan-cruz-de-trenque-lauquen\/#breadcrumb","itemListElement":[{"@type":"ListItem","position":1,"name":"Portada","item":"https:\/\/infoecos.com.ar\/"},{"@type":"ListItem","position":2,"name":"Se realizan obras de extensi\u00f3n de la red de gas natural en el Barrio Juan Cruz de Trenque Lauquen"}]},{"@type":"WebSite","@id":"https:\/\/infoecos.com.ar\/#website","url":"https:\/\/infoecos.com.ar\/","name":"Infoecos","description":"Noticias de trenque lauquen y la zona","publisher":{"@id":"https:\/\/infoecos.com.ar\/#organization"},"alternateName":"Noticias","potentialAction":[{"@type":"SearchAction","target":{"@type":"EntryPoint","urlTemplate":"https:\/\/infoecos.com.ar\/?s={search_term_string}"},"query-input":{"@type":"PropertyValueSpecification","valueRequired":true,"valueName":"search_term_string"}}],"inLanguage":"es"},{"@type":"Organization","@id":"https:\/\/infoecos.com.ar\/#organization","name":"Infoecos","alternateName":"Noticias","url":"https:\/\/infoecos.com.ar\/","logo":{"@type":"ImageObject","inLanguage":"es","@id":"https:\/\/infoecos.com.ar\/#\/schema\/logo\/image\/","url":"https:\/\/infoecos.com.ar\/wp-content\/uploads\/2024\/03\/cropped-logo.png","contentUrl":"https:\/\/infoecos.com.ar\/wp-content\/uploads\/2024\/03\/cropped-logo.png","width":374,"height":90,"caption":"Infoecos"},"image":{"@id":"https:\/\/infoecos.com.ar\/#\/schema\/logo\/image\/"},"sameAs":["https:\/\/www.facebook.com\/profile.php?id=100063200290284","https:\/\/x.com\/infoecos"]},{"@type":"Person","@id":"https:\/\/infoecos.com.ar\/#\/schema\/person\/8f5ace5ce73b4b4aac4b7245aee6f191","name":"Jorge Matheus","url":"https:\/\/infoecos.com.ar\/index.php\/author\/jomatheus\/"}]}},"featured_image_urls":{"full":["https:\/\/infoecos.com.ar\/wp-content\/uploads\/2022\/05\/Obra-de-gas-8.jpg",1200,1600,false],"thumbnail":["https:\/\/infoecos.com.ar\/wp-content\/uploads\/2022\/05\/Obra-de-gas-8-150x150.jpg",150,150,true],"medium":["https:\/\/infoecos.com.ar\/wp-content\/uploads\/2022\/05\/Obra-de-gas-8-345x460.jpg",345,460,true],"medium_large":["https:\/\/infoecos.com.ar\/wp-content\/uploads\/2022\/05\/Obra-de-gas-8-768x1024.jpg",640,853,true],"large":["https:\/\/infoecos.com.ar\/wp-content\/uploads\/2022\/05\/Obra-de-gas-8-690x920.jpg",640,853,true],"1536x1536":["https:\/\/infoecos.com.ar\/wp-content\/uploads\/2022\/05\/Obra-de-gas-8-1152x1536.jpg",1152,1536,true],"2048x2048":["https:\/\/infoecos.com.ar\/wp-content\/uploads\/2022\/05\/Obra-de-gas-8.jpg",1200,1600,false],"covernews-slider-full":["https:\/\/infoecos.com.ar\/wp-content\/uploads\/2022\/05\/Obra-de-gas-8-1200x1020.jpg",841,715,true],"covernews-slider-center":["https:\/\/infoecos.com.ar\/wp-content\/uploads\/2022\/05\/Obra-de-gas-8-936x897.jpg",522,500,true],"covernews-featured":["https:\/\/infoecos.com.ar\/wp-content\/uploads\/2022\/05\/Obra-de-gas-8-1024x1365.jpg",1024,1365,true],"covernews-medium":["https:\/\/infoecos.com.ar\/wp-content\/uploads\/2022\/05\/Obra-de-gas-8-720x380.jpg",540,285,true],"covernews-medium-square":["https:\/\/infoecos.com.ar\/wp-content\/uploads\/2022\/05\/Obra-de-gas-8-675x450.jpg",375,250,true]},"author_info":{"info":["Jorge Matheus"]},"category_info":"<a href=\"https:\/\/infoecos.com.ar\/index.php\/category\/inferior13\/\" rel=\"category tag\">Bloque inferior - 13<\/a>","tag_info":"Bloque inferior - 13","comment_count":"0","_links":{"self":[{"href":"https:\/\/infoecos.com.ar\/index.php\/wp-json\/wp\/v2\/posts\/92488"}],"collection":[{"href":"https:\/\/infoecos.com.ar\/index.php\/wp-json\/wp\/v2\/posts"}],"about":[{"href":"https:\/\/infoecos.com.ar\/index.php\/wp-json\/wp\/v2\/types\/post"}],"author":[{"embeddable":true,"href":"https:\/\/infoecos.com.ar\/index.php\/wp-json\/wp\/v2\/users\/2"}],"replies":[{"embeddable":true,"href":"https:\/\/infoecos.com.ar\/index.php\/wp-json\/wp\/v2\/comments?post=92488"}],"version-history":[{"count":2,"href":"https:\/\/infoecos.com.ar\/index.php\/wp-json\/wp\/v2\/posts\/92488\/revisions"}],"predecessor-version":[{"id":92555,"href":"https:\/\/infoecos.com.ar\/index.php\/wp-json\/wp\/v2\/posts\/92488\/revisions\/92555"}],"wp:featuredmedia":[{"embeddable":true,"href":"https:\/\/infoecos.com.ar\/index.php\/wp-json\/wp\/v2\/media\/92491"}],"wp:attachment":[{"href":"https:\/\/infoecos.com.ar\/index.php\/wp-json\/wp\/v2\/media?parent=92488"}],"wp:term":[{"taxonomy":"category","embeddable":true,"href":"https:\/\/infoecos.com.ar\/index.php\/wp-json\/wp\/v2\/categories?post=92488"},{"taxonomy":"post_tag","embeddable":true,"href":"https:\/\/infoecos.com.ar\/index.php\/wp-json\/wp\/v2\/tags?post=92488"}],"curies":[{"name":"wp","href":"https:\/\/api.w.org\/{rel}","templated":true}]}}