{"id":92584,"date":"2022-05-12T02:21:46","date_gmt":"2022-05-12T05:21:46","guid":{"rendered":"http:\/\/infoecos.com.ar\/?p=92584"},"modified":"2022-05-13T02:03:28","modified_gmt":"2022-05-13T05:03:28","slug":"el-intendente-de-rivadavia-que-viene-avanzando-el-proyecto-de-llegada-del-gas-natural-a-america","status":"publish","type":"post","link":"https:\/\/infoecos.com.ar\/index.php\/el-intendente-de-rivadavia-que-viene-avanzando-el-proyecto-de-llegada-del-gas-natural-a-america\/","title":{"rendered":"El intendente de Rivadavia dijo que viene avanzando el proyecto de llegada del gas natural a Am\u00e9rica"},"content":{"rendered":"\n<p class=\"wp-block-paragraph\">El Intendente Municipal de Rivadavia en declaraciones que formul\u00f3 a <strong>Master FM 102.1<\/strong> de la ciudad de Am\u00e9rica y que reproduce el sitio <strong>masternews.com.ar<\/strong> se\u00f1al\u00f3 que viene avanzando el proyecto de llegada del gasoducto desde General Villegas.<\/p>\n\n\n\n<div class=\"wp-block-image\"><figure class=\"aligncenter size-large is-resized\"><img loading=\"lazy\" decoding=\"async\" src=\"http:\/\/infoecos.com.ar\/wp-content\/uploads\/reynoso_restricciones_ingreso_transporte.jpg\" alt=\"\" class=\"wp-image-65241\" width=\"614\" height=\"320\" srcset=\"https:\/\/infoecos.com.ar\/wp-content\/uploads\/reynoso_restricciones_ingreso_transporte.jpg 787w, https:\/\/infoecos.com.ar\/wp-content\/uploads\/reynoso_restricciones_ingreso_transporte-460x240.jpg 460w, https:\/\/infoecos.com.ar\/wp-content\/uploads\/reynoso_restricciones_ingreso_transporte-768x400.jpg 768w\" sizes=\"auto, (max-width: 614px) 100vw, 614px\" \/><\/figure><\/div>\n\n\n\n<p class=\"wp-block-paragraph\">El mandatario comunal coment\u00f3 a los colegas que \u00ablas charlas con la gente de Camuzzi son permanentes y el proyecto ya viene avanzado\u201d. Apunt\u00f3 Javier Reynoso que \u201cen estos d\u00edas por cuestiones de que Villegas necesita mucho personal a ra\u00edz de los cambios que vienen realizando, no ha habido reuniones, pero hubo avances\u00bb. Expuso que la empresa ya se puso en contacto con propietarios de establecimientos rurales donde van a ir las estaciones de rebaje. <\/p>\n\n\n\n<p class=\"wp-block-paragraph\">Reynoso explic\u00f3 que el \u00abel cambio en Villegas esta insumiendo mucho tiempo e incluso tuvo que ir personal de Am\u00e9rica all\u00ed a trabajar porque el gas que recib\u00eda Villegas obliga a tener que cambiar las v\u00e1lvulas del tendido urbano y adem\u00e1s rehabilitar todos lo picos domiciliarios con los artefactos de cada hogar. Am\u00e9rica no va a tener esta problem\u00e1tica porque estamos recibiendo GNC por lo que solo conectando el gasoducto no necesitar\u00edamos realizar ning\u00fan cambio en el tendido domiciliario\u201d.<\/p>\n","protected":false},"excerpt":{"rendered":"<p>Apunt\u00f3 Javier Reynoso que \u201cen estos d\u00edas por cuestiones de que Villegas necesita mucho personal a ra\u00edz de los cambios que vienen realizando, no ha habido reuniones, pero hubo avances\u00bb<\/p>\n","protected":false},"author":2,"featured_media":78291,"comment_status":"closed","ping_status":"open","sticky":false,"template":"","format":"standard","meta":{"footnotes":""},"categories":[44],"tags":[6046],"class_list":["post-92584","post","type-post","status-publish","format-standard","has-post-thumbnail","hentry","category-inferior5","tag-importante-para-crecer"],"featured_image_urls":{"full":["https:\/\/infoecos.com.ar\/wp-content\/uploads\/2021\/05\/reynosojavierconbarbijo.jpg",854,480,false],"thumbnail":["https:\/\/infoecos.com.ar\/wp-content\/uploads\/2021\/05\/reynosojavierconbarbijo-150x150.jpg",150,150,true],"medium":["https:\/\/infoecos.com.ar\/wp-content\/uploads\/2021\/05\/reynosojavierconbarbijo-460x259.jpg",460,259,true],"medium_large":["https:\/\/infoecos.com.ar\/wp-content\/uploads\/2021\/05\/reynosojavierconbarbijo-768x432.jpg",640,360,true],"large":["https:\/\/infoecos.com.ar\/wp-content\/uploads\/2021\/05\/reynosojavierconbarbijo.jpg",640,360,false],"1536x1536":["https:\/\/infoecos.com.ar\/wp-content\/uploads\/2021\/05\/reynosojavierconbarbijo.jpg",854,480,false],"2048x2048":["https:\/\/infoecos.com.ar\/wp-content\/uploads\/2021\/05\/reynosojavierconbarbijo.jpg",854,480,false],"covernews-slider-full":["https:\/\/infoecos.com.ar\/wp-content\/uploads\/2021\/05\/reynosojavierconbarbijo.jpg",854,480,false],"covernews-slider-center":["https:\/\/infoecos.com.ar\/wp-content\/uploads\/2021\/05\/reynosojavierconbarbijo.jpg",800,450,false],"covernews-featured":["https:\/\/infoecos.com.ar\/wp-content\/uploads\/2021\/05\/reynosojavierconbarbijo.jpg",854,480,false],"covernews-medium":["https:\/\/infoecos.com.ar\/wp-content\/uploads\/2021\/05\/reynosojavierconbarbijo-720x380.jpg",540,285,true],"covernews-medium-square":["https:\/\/infoecos.com.ar\/wp-content\/uploads\/2021\/05\/reynosojavierconbarbijo-675x450.jpg",375,250,true]},"author_info":{"info":["Jorge Matheus"]},"category_info":"<a href=\"https:\/\/infoecos.com.ar\/index.php\/category\/inferior5\/\" rel=\"category tag\">Bloque inferior - 5<\/a>","tag_info":"Bloque inferior - 5","comment_count":"0","_links":{"self":[{"href":"https:\/\/infoecos.com.ar\/index.php\/wp-json\/wp\/v2\/posts\/92584","targetHints":{"allow":["GET"]}}],"collection":[{"href":"https:\/\/infoecos.com.ar\/index.php\/wp-json\/wp\/v2\/posts"}],"about":[{"href":"https:\/\/infoecos.com.ar\/index.php\/wp-json\/wp\/v2\/types\/post"}],"author":[{"embeddable":true,"href":"https:\/\/infoecos.com.ar\/index.php\/wp-json\/wp\/v2\/users\/2"}],"replies":[{"embeddable":true,"href":"https:\/\/infoecos.com.ar\/index.php\/wp-json\/wp\/v2\/comments?post=92584"}],"version-history":[{"count":2,"href":"https:\/\/infoecos.com.ar\/index.php\/wp-json\/wp\/v2\/posts\/92584\/revisions"}],"predecessor-version":[{"id":92604,"href":"https:\/\/infoecos.com.ar\/index.php\/wp-json\/wp\/v2\/posts\/92584\/revisions\/92604"}],"wp:featuredmedia":[{"embeddable":true,"href":"https:\/\/infoecos.com.ar\/index.php\/wp-json\/wp\/v2\/media\/78291"}],"wp:attachment":[{"href":"https:\/\/infoecos.com.ar\/index.php\/wp-json\/wp\/v2\/media?parent=92584"}],"wp:term":[{"taxonomy":"category","embeddable":true,"href":"https:\/\/infoecos.com.ar\/index.php\/wp-json\/wp\/v2\/categories?post=92584"},{"taxonomy":"post_tag","embeddable":true,"href":"https:\/\/infoecos.com.ar\/index.php\/wp-json\/wp\/v2\/tags?post=92584"}],"curies":[{"name":"wp","href":"https:\/\/api.w.org\/{rel}","templated":true}]}}