{"id":92600,"date":"2022-05-12T02:55:24","date_gmt":"2022-05-12T05:55:24","guid":{"rendered":"http:\/\/infoecos.com.ar\/?p=92600"},"modified":"2022-05-13T02:00:28","modified_gmt":"2022-05-13T05:00:28","slug":"se-abrira-el-lunes-16-la-inscripcion-para-lotes-con-servicios-de-procrear-ii","status":"publish","type":"post","link":"https:\/\/infoecos.com.ar\/index.php\/se-abrira-el-lunes-16-la-inscripcion-para-lotes-con-servicios-de-procrear-ii\/","title":{"rendered":"Se abrir\u00e1 el lunes 16 la inscripci\u00f3n para Lotes con Servicios de Procrear II"},"content":{"rendered":"\n<p>El Ministerio de Desarrollo Territorial y H\u00e1bitat de Naci\u00f3n anunci\u00f3 la apertura de inscripciones para Lotes con Servicios de Procrear II para el pr\u00f3ximo lunes 16 de mayo de 2022, que implica el financiamiento para edificar una vivienda de hasta 60 m2 en uno de los terrenos generados a partir de este programa y del Plan Nacional de Suelo Urbano.<\/p>\n\n\n\n<div class=\"wp-block-image\"><figure class=\"aligncenter size-large is-resized\"><img loading=\"lazy\" decoding=\"async\" src=\"http:\/\/infoecos.com.ar\/wp-content\/uploads\/Recorrida-por-30-de-Agosto-6-920x552.jpg\" alt=\"\" class=\"wp-image-45727\" width=\"566\" height=\"340\"\/><figcaption>Terrenos (archivo)<\/figcaption><\/figure><\/div>\n\n\n\n<p>Los municipios bonaerenses en donde se podr\u00e1 adquirir un terreno son Adolfo Alsina, Bah\u00eda Blanca, Benito Ju\u00e1rez, Berazategui, Berisso, Carmen De Areco, Chacabuco, Coronel Pringles, Coronel Su\u00e1rez, Exaltaci\u00f3n De La Cruz, General Lamadrid, General Villegas, Hurlingham, La Plata, Las Flores, Lober\u00eda, Lobos, Mar Chiquita (Coronel Vidal), Mar Del Plata (243, 244 y 244A), Moreno, Olavarr\u00eda (Pickelado), Luj\u00e1n (Open Door), Pergamino, Pila, Saladillo, San Miguel del Monte, San Nicol\u00e1s De Los Arroyos, Tandil (Garbellini), Tornquist, Trenque Lauquen, Tres Lomas y Villa Gesell.<\/p>\n\n\n\n<p>Los interesados e interesadas podr\u00e1n inscribirse a trav\u00e9s de la p\u00e1gina del&nbsp;ministerio de Desarrollo Territorial y H\u00e1bitat para acceder al lote y al cr\u00e9dito a tasa cero, que se actualiza a partir de la f\u00f3rmula Casa Propia, y que tiene en cuenta el coeficiente de variaci\u00f3n salarial, brindando previsibilidad a las familias adjudicatarias.<\/p>\n","protected":false},"excerpt":{"rendered":"<p>Entre otros distritos de esta zona: Adolfo Alsina, Su\u00e1rez, Villegas, Tres Lomas, Trenque Lauquen<\/p>\n","protected":false},"author":2,"featured_media":45727,"comment_status":"closed","ping_status":"open","sticky":false,"template":"","format":"standard","meta":{"footnotes":""},"categories":[48],"tags":[6038],"class_list":["post-92600","post","type-post","status-publish","format-standard","has-post-thumbnail","hentry","category-c2nota3","tag-vivienda-de-hasta-60-m2"],"yoast_head":"<!-- This site is optimized with the Yoast SEO plugin v23.4 - https:\/\/yoast.com\/wordpress\/plugins\/seo\/ -->\n<title>Se abrir\u00e1 el lunes 16 la inscripci\u00f3n para Lotes con Servicios de Procrear II - Infoecos<\/title>\n<meta name=\"robots\" content=\"index, follow, max-snippet:-1, max-image-preview:large, max-video-preview:-1\" \/>\n<link rel=\"canonical\" href=\"https:\/\/infoecos.com.ar\/index.php\/se-abrira-el-lunes-16-la-inscripcion-para-lotes-con-servicios-de-procrear-ii\/\" \/>\n<meta property=\"og:locale\" content=\"es_ES\" \/>\n<meta property=\"og:type\" content=\"article\" \/>\n<meta property=\"og:title\" content=\"Se abrir\u00e1 el lunes 16 la inscripci\u00f3n para Lotes con Servicios de Procrear II - Infoecos\" \/>\n<meta property=\"og:description\" content=\"Entre otros distritos de esta zona: Adolfo Alsina, Su\u00e1rez, Villegas, Tres Lomas, Trenque Lauquen\" \/>\n<meta property=\"og:url\" content=\"https:\/\/infoecos.com.ar\/index.php\/se-abrira-el-lunes-16-la-inscripcion-para-lotes-con-servicios-de-procrear-ii\/\" \/>\n<meta property=\"og:site_name\" content=\"Infoecos\" \/>\n<meta property=\"article:publisher\" content=\"https:\/\/www.facebook.com\/profile.php?id=100063200290284\" \/>\n<meta property=\"article:published_time\" content=\"2022-05-12T05:55:24+00:00\" \/>\n<meta property=\"article:modified_time\" content=\"2022-05-13T05:00:28+00:00\" \/>\n<meta property=\"og:image\" content=\"https:\/\/infoecos.com.ar\/wp-content\/uploads\/Recorrida-por-30-de-Agosto-6.jpg\" \/>\n\t<meta property=\"og:image:width\" content=\"1016\" \/>\n\t<meta property=\"og:image:height\" content=\"610\" \/>\n\t<meta property=\"og:image:type\" content=\"image\/jpeg\" \/>\n<meta name=\"author\" content=\"Jorge Matheus\" \/>\n<meta name=\"twitter:card\" content=\"summary_large_image\" \/>\n<meta name=\"twitter:creator\" content=\"@infoecos\" \/>\n<meta name=\"twitter:site\" content=\"@infoecos\" \/>\n<meta name=\"twitter:label1\" content=\"Escrito por\" \/>\n\t<meta name=\"twitter:data1\" content=\"Jorge Matheus\" \/>\n\t<meta name=\"twitter:label2\" content=\"Tiempo de lectura\" \/>\n\t<meta name=\"twitter:data2\" content=\"1 minuto\" \/>\n<script type=\"application\/ld+json\" class=\"yoast-schema-graph\">{\"@context\":\"https:\/\/schema.org\",\"@graph\":[{\"@type\":\"Article\",\"@id\":\"https:\/\/infoecos.com.ar\/index.php\/se-abrira-el-lunes-16-la-inscripcion-para-lotes-con-servicios-de-procrear-ii\/#article\",\"isPartOf\":{\"@id\":\"https:\/\/infoecos.com.ar\/index.php\/se-abrira-el-lunes-16-la-inscripcion-para-lotes-con-servicios-de-procrear-ii\/\"},\"author\":{\"name\":\"Jorge Matheus\",\"@id\":\"https:\/\/infoecos.com.ar\/#\/schema\/person\/8f5ace5ce73b4b4aac4b7245aee6f191\"},\"headline\":\"Se abrir\u00e1 el lunes 16 la inscripci\u00f3n para Lotes con Servicios de Procrear II\",\"datePublished\":\"2022-05-12T05:55:24+00:00\",\"dateModified\":\"2022-05-13T05:00:28+00:00\",\"mainEntityOfPage\":{\"@id\":\"https:\/\/infoecos.com.ar\/index.php\/se-abrira-el-lunes-16-la-inscripcion-para-lotes-con-servicios-de-procrear-ii\/\"},\"wordCount\":225,\"publisher\":{\"@id\":\"https:\/\/infoecos.com.ar\/#organization\"},\"image\":{\"@id\":\"https:\/\/infoecos.com.ar\/index.php\/se-abrira-el-lunes-16-la-inscripcion-para-lotes-con-servicios-de-procrear-ii\/#primaryimage\"},\"thumbnailUrl\":\"\",\"keywords\":[\"VIVIENDA DE HASTA 60 M2\"],\"articleSection\":[\"C2 N3\"],\"inLanguage\":\"es\"},{\"@type\":\"WebPage\",\"@id\":\"https:\/\/infoecos.com.ar\/index.php\/se-abrira-el-lunes-16-la-inscripcion-para-lotes-con-servicios-de-procrear-ii\/\",\"url\":\"https:\/\/infoecos.com.ar\/index.php\/se-abrira-el-lunes-16-la-inscripcion-para-lotes-con-servicios-de-procrear-ii\/\",\"name\":\"Se abrir\u00e1 el lunes 16 la inscripci\u00f3n para Lotes con Servicios de Procrear II - Infoecos\",\"isPartOf\":{\"@id\":\"https:\/\/infoecos.com.ar\/#website\"},\"primaryImageOfPage\":{\"@id\":\"https:\/\/infoecos.com.ar\/index.php\/se-abrira-el-lunes-16-la-inscripcion-para-lotes-con-servicios-de-procrear-ii\/#primaryimage\"},\"image\":{\"@id\":\"https:\/\/infoecos.com.ar\/index.php\/se-abrira-el-lunes-16-la-inscripcion-para-lotes-con-servicios-de-procrear-ii\/#primaryimage\"},\"thumbnailUrl\":\"\",\"datePublished\":\"2022-05-12T05:55:24+00:00\",\"dateModified\":\"2022-05-13T05:00:28+00:00\",\"breadcrumb\":{\"@id\":\"https:\/\/infoecos.com.ar\/index.php\/se-abrira-el-lunes-16-la-inscripcion-para-lotes-con-servicios-de-procrear-ii\/#breadcrumb\"},\"inLanguage\":\"es\",\"potentialAction\":[{\"@type\":\"ReadAction\",\"target\":[\"https:\/\/infoecos.com.ar\/index.php\/se-abrira-el-lunes-16-la-inscripcion-para-lotes-con-servicios-de-procrear-ii\/\"]}]},{\"@type\":\"ImageObject\",\"inLanguage\":\"es\",\"@id\":\"https:\/\/infoecos.com.ar\/index.php\/se-abrira-el-lunes-16-la-inscripcion-para-lotes-con-servicios-de-procrear-ii\/#primaryimage\",\"url\":\"\",\"contentUrl\":\"\"},{\"@type\":\"BreadcrumbList\",\"@id\":\"https:\/\/infoecos.com.ar\/index.php\/se-abrira-el-lunes-16-la-inscripcion-para-lotes-con-servicios-de-procrear-ii\/#breadcrumb\",\"itemListElement\":[{\"@type\":\"ListItem\",\"position\":1,\"name\":\"Portada\",\"item\":\"https:\/\/infoecos.com.ar\/\"},{\"@type\":\"ListItem\",\"position\":2,\"name\":\"Se abrir\u00e1 el lunes 16 la inscripci\u00f3n para Lotes con Servicios de Procrear II\"}]},{\"@type\":\"WebSite\",\"@id\":\"https:\/\/infoecos.com.ar\/#website\",\"url\":\"https:\/\/infoecos.com.ar\/\",\"name\":\"Infoecos\",\"description\":\"Noticias de trenque lauquen y la zona\",\"publisher\":{\"@id\":\"https:\/\/infoecos.com.ar\/#organization\"},\"alternateName\":\"Noticias\",\"potentialAction\":[{\"@type\":\"SearchAction\",\"target\":{\"@type\":\"EntryPoint\",\"urlTemplate\":\"https:\/\/infoecos.com.ar\/?s={search_term_string}\"},\"query-input\":{\"@type\":\"PropertyValueSpecification\",\"valueRequired\":true,\"valueName\":\"search_term_string\"}}],\"inLanguage\":\"es\"},{\"@type\":\"Organization\",\"@id\":\"https:\/\/infoecos.com.ar\/#organization\",\"name\":\"Infoecos\",\"alternateName\":\"Noticias\",\"url\":\"https:\/\/infoecos.com.ar\/\",\"logo\":{\"@type\":\"ImageObject\",\"inLanguage\":\"es\",\"@id\":\"https:\/\/infoecos.com.ar\/#\/schema\/logo\/image\/\",\"url\":\"https:\/\/infoecos.com.ar\/wp-content\/uploads\/2024\/03\/cropped-logo.png\",\"contentUrl\":\"https:\/\/infoecos.com.ar\/wp-content\/uploads\/2024\/03\/cropped-logo.png\",\"width\":374,\"height\":90,\"caption\":\"Infoecos\"},\"image\":{\"@id\":\"https:\/\/infoecos.com.ar\/#\/schema\/logo\/image\/\"},\"sameAs\":[\"https:\/\/www.facebook.com\/profile.php?id=100063200290284\",\"https:\/\/x.com\/infoecos\"]},{\"@type\":\"Person\",\"@id\":\"https:\/\/infoecos.com.ar\/#\/schema\/person\/8f5ace5ce73b4b4aac4b7245aee6f191\",\"name\":\"Jorge Matheus\",\"url\":\"https:\/\/infoecos.com.ar\/index.php\/author\/jomatheus\/\"}]}<\/script>\n<!-- \/ Yoast SEO plugin. -->","yoast_head_json":{"title":"Se abrir\u00e1 el lunes 16 la inscripci\u00f3n para Lotes con Servicios de Procrear II - Infoecos","robots":{"index":"index","follow":"follow","max-snippet":"max-snippet:-1","max-image-preview":"max-image-preview:large","max-video-preview":"max-video-preview:-1"},"canonical":"https:\/\/infoecos.com.ar\/index.php\/se-abrira-el-lunes-16-la-inscripcion-para-lotes-con-servicios-de-procrear-ii\/","og_locale":"es_ES","og_type":"article","og_title":"Se abrir\u00e1 el lunes 16 la inscripci\u00f3n para Lotes con Servicios de Procrear II - Infoecos","og_description":"Entre otros distritos de esta zona: Adolfo Alsina, Su\u00e1rez, Villegas, Tres Lomas, Trenque Lauquen","og_url":"https:\/\/infoecos.com.ar\/index.php\/se-abrira-el-lunes-16-la-inscripcion-para-lotes-con-servicios-de-procrear-ii\/","og_site_name":"Infoecos","article_publisher":"https:\/\/www.facebook.com\/profile.php?id=100063200290284","article_published_time":"2022-05-12T05:55:24+00:00","article_modified_time":"2022-05-13T05:00:28+00:00","og_image":[{"width":1016,"height":610,"url":"https:\/\/infoecos.com.ar\/wp-content\/uploads\/Recorrida-por-30-de-Agosto-6.jpg","type":"image\/jpeg"}],"author":"Jorge Matheus","twitter_card":"summary_large_image","twitter_creator":"@infoecos","twitter_site":"@infoecos","twitter_misc":{"Escrito por":"Jorge Matheus","Tiempo de lectura":"1 minuto"},"schema":{"@context":"https:\/\/schema.org","@graph":[{"@type":"Article","@id":"https:\/\/infoecos.com.ar\/index.php\/se-abrira-el-lunes-16-la-inscripcion-para-lotes-con-servicios-de-procrear-ii\/#article","isPartOf":{"@id":"https:\/\/infoecos.com.ar\/index.php\/se-abrira-el-lunes-16-la-inscripcion-para-lotes-con-servicios-de-procrear-ii\/"},"author":{"name":"Jorge Matheus","@id":"https:\/\/infoecos.com.ar\/#\/schema\/person\/8f5ace5ce73b4b4aac4b7245aee6f191"},"headline":"Se abrir\u00e1 el lunes 16 la inscripci\u00f3n para Lotes con Servicios de Procrear II","datePublished":"2022-05-12T05:55:24+00:00","dateModified":"2022-05-13T05:00:28+00:00","mainEntityOfPage":{"@id":"https:\/\/infoecos.com.ar\/index.php\/se-abrira-el-lunes-16-la-inscripcion-para-lotes-con-servicios-de-procrear-ii\/"},"wordCount":225,"publisher":{"@id":"https:\/\/infoecos.com.ar\/#organization"},"image":{"@id":"https:\/\/infoecos.com.ar\/index.php\/se-abrira-el-lunes-16-la-inscripcion-para-lotes-con-servicios-de-procrear-ii\/#primaryimage"},"thumbnailUrl":"","keywords":["VIVIENDA DE HASTA 60 M2"],"articleSection":["C2 N3"],"inLanguage":"es"},{"@type":"WebPage","@id":"https:\/\/infoecos.com.ar\/index.php\/se-abrira-el-lunes-16-la-inscripcion-para-lotes-con-servicios-de-procrear-ii\/","url":"https:\/\/infoecos.com.ar\/index.php\/se-abrira-el-lunes-16-la-inscripcion-para-lotes-con-servicios-de-procrear-ii\/","name":"Se abrir\u00e1 el lunes 16 la inscripci\u00f3n para Lotes con Servicios de Procrear II - Infoecos","isPartOf":{"@id":"https:\/\/infoecos.com.ar\/#website"},"primaryImageOfPage":{"@id":"https:\/\/infoecos.com.ar\/index.php\/se-abrira-el-lunes-16-la-inscripcion-para-lotes-con-servicios-de-procrear-ii\/#primaryimage"},"image":{"@id":"https:\/\/infoecos.com.ar\/index.php\/se-abrira-el-lunes-16-la-inscripcion-para-lotes-con-servicios-de-procrear-ii\/#primaryimage"},"thumbnailUrl":"","datePublished":"2022-05-12T05:55:24+00:00","dateModified":"2022-05-13T05:00:28+00:00","breadcrumb":{"@id":"https:\/\/infoecos.com.ar\/index.php\/se-abrira-el-lunes-16-la-inscripcion-para-lotes-con-servicios-de-procrear-ii\/#breadcrumb"},"inLanguage":"es","potentialAction":[{"@type":"ReadAction","target":["https:\/\/infoecos.com.ar\/index.php\/se-abrira-el-lunes-16-la-inscripcion-para-lotes-con-servicios-de-procrear-ii\/"]}]},{"@type":"ImageObject","inLanguage":"es","@id":"https:\/\/infoecos.com.ar\/index.php\/se-abrira-el-lunes-16-la-inscripcion-para-lotes-con-servicios-de-procrear-ii\/#primaryimage","url":"","contentUrl":""},{"@type":"BreadcrumbList","@id":"https:\/\/infoecos.com.ar\/index.php\/se-abrira-el-lunes-16-la-inscripcion-para-lotes-con-servicios-de-procrear-ii\/#breadcrumb","itemListElement":[{"@type":"ListItem","position":1,"name":"Portada","item":"https:\/\/infoecos.com.ar\/"},{"@type":"ListItem","position":2,"name":"Se abrir\u00e1 el lunes 16 la inscripci\u00f3n para Lotes con Servicios de Procrear II"}]},{"@type":"WebSite","@id":"https:\/\/infoecos.com.ar\/#website","url":"https:\/\/infoecos.com.ar\/","name":"Infoecos","description":"Noticias de trenque lauquen y la zona","publisher":{"@id":"https:\/\/infoecos.com.ar\/#organization"},"alternateName":"Noticias","potentialAction":[{"@type":"SearchAction","target":{"@type":"EntryPoint","urlTemplate":"https:\/\/infoecos.com.ar\/?s={search_term_string}"},"query-input":{"@type":"PropertyValueSpecification","valueRequired":true,"valueName":"search_term_string"}}],"inLanguage":"es"},{"@type":"Organization","@id":"https:\/\/infoecos.com.ar\/#organization","name":"Infoecos","alternateName":"Noticias","url":"https:\/\/infoecos.com.ar\/","logo":{"@type":"ImageObject","inLanguage":"es","@id":"https:\/\/infoecos.com.ar\/#\/schema\/logo\/image\/","url":"https:\/\/infoecos.com.ar\/wp-content\/uploads\/2024\/03\/cropped-logo.png","contentUrl":"https:\/\/infoecos.com.ar\/wp-content\/uploads\/2024\/03\/cropped-logo.png","width":374,"height":90,"caption":"Infoecos"},"image":{"@id":"https:\/\/infoecos.com.ar\/#\/schema\/logo\/image\/"},"sameAs":["https:\/\/www.facebook.com\/profile.php?id=100063200290284","https:\/\/x.com\/infoecos"]},{"@type":"Person","@id":"https:\/\/infoecos.com.ar\/#\/schema\/person\/8f5ace5ce73b4b4aac4b7245aee6f191","name":"Jorge Matheus","url":"https:\/\/infoecos.com.ar\/index.php\/author\/jomatheus\/"}]}},"featured_image_urls":{"full":"","thumbnail":"","medium":"","medium_large":"","large":"","1536x1536":"","2048x2048":"","covernews-slider-full":"","covernews-slider-center":"","covernews-featured":"","covernews-medium":"","covernews-medium-square":""},"author_info":{"info":["Jorge Matheus"]},"category_info":"<a href=\"https:\/\/infoecos.com.ar\/index.php\/category\/c2nota3\/\" rel=\"category tag\">C2 N3<\/a>","tag_info":"C2 N3","comment_count":"0","_links":{"self":[{"href":"https:\/\/infoecos.com.ar\/index.php\/wp-json\/wp\/v2\/posts\/92600"}],"collection":[{"href":"https:\/\/infoecos.com.ar\/index.php\/wp-json\/wp\/v2\/posts"}],"about":[{"href":"https:\/\/infoecos.com.ar\/index.php\/wp-json\/wp\/v2\/types\/post"}],"author":[{"embeddable":true,"href":"https:\/\/infoecos.com.ar\/index.php\/wp-json\/wp\/v2\/users\/2"}],"replies":[{"embeddable":true,"href":"https:\/\/infoecos.com.ar\/index.php\/wp-json\/wp\/v2\/comments?post=92600"}],"version-history":[{"count":2,"href":"https:\/\/infoecos.com.ar\/index.php\/wp-json\/wp\/v2\/posts\/92600\/revisions"}],"predecessor-version":[{"id":92668,"href":"https:\/\/infoecos.com.ar\/index.php\/wp-json\/wp\/v2\/posts\/92600\/revisions\/92668"}],"wp:featuredmedia":[{"embeddable":true,"href":"https:\/\/infoecos.com.ar\/index.php\/wp-json\/"}],"wp:attachment":[{"href":"https:\/\/infoecos.com.ar\/index.php\/wp-json\/wp\/v2\/media?parent=92600"}],"wp:term":[{"taxonomy":"category","embeddable":true,"href":"https:\/\/infoecos.com.ar\/index.php\/wp-json\/wp\/v2\/categories?post=92600"},{"taxonomy":"post_tag","embeddable":true,"href":"https:\/\/infoecos.com.ar\/index.php\/wp-json\/wp\/v2\/tags?post=92600"}],"curies":[{"name":"wp","href":"https:\/\/api.w.org\/{rel}","templated":true}]}}