{"id":92611,"date":"2022-05-12T03:27:53","date_gmt":"2022-05-12T06:27:53","guid":{"rendered":"http:\/\/infoecos.com.ar\/?p=92611"},"modified":"2022-05-12T13:51:43","modified_gmt":"2022-05-12T16:51:43","slug":"el-gobernador-kicillof-y-la-coparticipacion-si-la-corte-falla-favor-de-larreta-perjudica-a-las-provincias","status":"publish","type":"post","link":"https:\/\/infoecos.com.ar\/index.php\/el-gobernador-kicillof-y-la-coparticipacion-si-la-corte-falla-favor-de-larreta-perjudica-a-las-provincias\/","title":{"rendered":"El gobernador Kicillof y la coparticipaci\u00f3n: \u00absi la corte falla a favor de Larreta, perjudica a las provincias\u00bb"},"content":{"rendered":"\n<p>El gobernador de la Provincia, Axel Kicillof, se refiri\u00f3 a la situaci\u00f3n de la coparticipaci\u00f3n y remarc\u00f3 que \u201csi la Corte falla a favor de Larreta, perjudica a las provincias\u201d en el medio del conflicto que mantienen Naci\u00f3n y CABA por los recursos coparticipables del traspaso de la Polic\u00eda Federal. <\/p>\n\n\n\n<div class=\"wp-block-image\"><figure class=\"aligncenter size-large is-resized\"><img loading=\"lazy\" decoding=\"async\" src=\"http:\/\/infoecos.com.ar\/wp-content\/uploads\/2022\/04\/kicilloffv.jpg\" alt=\"\" class=\"wp-image-91550\" width=\"600\" height=\"337\" srcset=\"https:\/\/infoecos.com.ar\/wp-content\/uploads\/2022\/04\/kicilloffv.jpg 873w, https:\/\/infoecos.com.ar\/wp-content\/uploads\/2022\/04\/kicilloffv-460x259.jpg 460w, https:\/\/infoecos.com.ar\/wp-content\/uploads\/2022\/04\/kicilloffv-768x432.jpg 768w\" sizes=\"(max-width: 600px) 100vw, 600px\" \/><\/figure><\/div>\n\n\n\n<p>\u201cNos reunimos 17 gobernadores y mediante una nota le pedimos a la Corte que nos reconozca la participaci\u00f3n en esta situaci\u00f3n. Si la Corte falla a favor de Larreta, perjudica a las provincias\u201d dijo Kicillof, luego de que se conociera que las negociaciones entre la administraci\u00f3n Nacional y la de Capital no llegaron a buen puerto. Y agreg\u00f3: \u201cA pocos d\u00edas de asumir, el expresidente Mauricio Macri resolvi\u00f3 multiplicar por m\u00e1s de 3 la coparticipaci\u00f3n a CABA de manera injustificada, sin ninguna raz\u00f3n, y llev\u00f3 los ingresos de la Ciudad de 1,40 a 3,75\u201d.<\/p>\n\n\n\n<p>En ese sentido, calific\u00f3 como un \u201cfavor\u201d a Larreta, ya que \u201cla Ciudad es el lugar donde el macrismo hace pie. CABA se vio beneficiada y los gobernadores protestaron porque son recursos que hay que distribuir entre todas la provincias en base a la situaci\u00f3n social, necesidades de infraestructura y cantidad de habitantes\u201d.<\/p>\n\n\n\n<p>Kicillof argument\u00f3 que el Presidente \u201csac\u00f3 una ley en el Congreso donde el financiamiento por el traspaso de la polic\u00eda viene asociada a los gastos\u201d y all\u00ed sostuvo que \u201cLarreta cuestion\u00f3 eso en la Justicia y ahora la Corte debe resolver\u00bb.<\/p>\n","protected":false},"excerpt":{"rendered":"<p>En el medio del conflicto que mantienen Naci\u00f3n y CABA por los recursos coparticipables del traspaso de la Polic\u00eda Federal<\/p>\n","protected":false},"author":2,"featured_media":92612,"comment_status":"closed","ping_status":"open","sticky":false,"template":"","format":"standard","meta":{"footnotes":""},"categories":[40],"tags":[1767],"class_list":["post-92611","post","type-post","status-publish","format-standard","has-post-thumbnail","hentry","category-inferior1","tag-politica-y-economia-3"],"yoast_head":"<!-- This site is optimized with the Yoast SEO plugin v23.4 - https:\/\/yoast.com\/wordpress\/plugins\/seo\/ -->\n<title>El gobernador Kicillof y la coparticipaci\u00f3n: &quot;si la corte falla a favor de Larreta, perjudica a las provincias&quot; - Infoecos<\/title>\n<meta name=\"robots\" content=\"index, follow, max-snippet:-1, max-image-preview:large, max-video-preview:-1\" \/>\n<link rel=\"canonical\" href=\"https:\/\/infoecos.com.ar\/index.php\/el-gobernador-kicillof-y-la-coparticipacion-si-la-corte-falla-favor-de-larreta-perjudica-a-las-provincias\/\" \/>\n<meta property=\"og:locale\" content=\"es_ES\" \/>\n<meta property=\"og:type\" content=\"article\" \/>\n<meta property=\"og:title\" content=\"El gobernador Kicillof y la coparticipaci\u00f3n: &quot;si la corte falla a favor de Larreta, perjudica a las provincias&quot; - Infoecos\" \/>\n<meta property=\"og:description\" content=\"En el medio del conflicto que mantienen Naci\u00f3n y CABA por los recursos coparticipables del traspaso de la Polic\u00eda Federal\" \/>\n<meta property=\"og:url\" content=\"https:\/\/infoecos.com.ar\/index.php\/el-gobernador-kicillof-y-la-coparticipacion-si-la-corte-falla-favor-de-larreta-perjudica-a-las-provincias\/\" \/>\n<meta property=\"og:site_name\" content=\"Infoecos\" \/>\n<meta property=\"article:publisher\" content=\"https:\/\/www.facebook.com\/profile.php?id=100063200290284\" \/>\n<meta property=\"article:published_time\" content=\"2022-05-12T06:27:53+00:00\" \/>\n<meta property=\"article:modified_time\" content=\"2022-05-12T16:51:43+00:00\" \/>\n<meta property=\"og:image\" content=\"https:\/\/infoecos.com.ar\/wp-content\/uploads\/2022\/05\/kicillofencanuelas.jpg\" \/>\n\t<meta property=\"og:image:width\" content=\"2048\" \/>\n\t<meta property=\"og:image:height\" content=\"1365\" \/>\n\t<meta property=\"og:image:type\" content=\"image\/jpeg\" \/>\n<meta name=\"author\" content=\"Jorge Matheus\" \/>\n<meta name=\"twitter:card\" content=\"summary_large_image\" \/>\n<meta name=\"twitter:creator\" content=\"@infoecos\" \/>\n<meta name=\"twitter:site\" content=\"@infoecos\" \/>\n<meta name=\"twitter:label1\" content=\"Escrito por\" \/>\n\t<meta name=\"twitter:data1\" content=\"Jorge Matheus\" \/>\n\t<meta name=\"twitter:label2\" content=\"Tiempo de lectura\" \/>\n\t<meta name=\"twitter:data2\" content=\"1 minuto\" \/>\n<script type=\"application\/ld+json\" class=\"yoast-schema-graph\">{\"@context\":\"https:\/\/schema.org\",\"@graph\":[{\"@type\":\"Article\",\"@id\":\"https:\/\/infoecos.com.ar\/index.php\/el-gobernador-kicillof-y-la-coparticipacion-si-la-corte-falla-favor-de-larreta-perjudica-a-las-provincias\/#article\",\"isPartOf\":{\"@id\":\"https:\/\/infoecos.com.ar\/index.php\/el-gobernador-kicillof-y-la-coparticipacion-si-la-corte-falla-favor-de-larreta-perjudica-a-las-provincias\/\"},\"author\":{\"name\":\"Jorge Matheus\",\"@id\":\"https:\/\/infoecos.com.ar\/#\/schema\/person\/8f5ace5ce73b4b4aac4b7245aee6f191\"},\"headline\":\"El gobernador Kicillof y la coparticipaci\u00f3n: \u00absi la corte falla a favor de Larreta, perjudica a las provincias\u00bb\",\"datePublished\":\"2022-05-12T06:27:53+00:00\",\"dateModified\":\"2022-05-12T16:51:43+00:00\",\"mainEntityOfPage\":{\"@id\":\"https:\/\/infoecos.com.ar\/index.php\/el-gobernador-kicillof-y-la-coparticipacion-si-la-corte-falla-favor-de-larreta-perjudica-a-las-provincias\/\"},\"wordCount\":266,\"publisher\":{\"@id\":\"https:\/\/infoecos.com.ar\/#organization\"},\"image\":{\"@id\":\"https:\/\/infoecos.com.ar\/index.php\/el-gobernador-kicillof-y-la-coparticipacion-si-la-corte-falla-favor-de-larreta-perjudica-a-las-provincias\/#primaryimage\"},\"thumbnailUrl\":\"https:\/\/infoecos.com.ar\/wp-content\/uploads\/2022\/05\/kicillofencanuelas.jpg\",\"keywords\":[\"POL\u00cdTICA Y ECONOM\u00cdA\"],\"articleSection\":[\"Bloque inferior - 1\"],\"inLanguage\":\"es\"},{\"@type\":\"WebPage\",\"@id\":\"https:\/\/infoecos.com.ar\/index.php\/el-gobernador-kicillof-y-la-coparticipacion-si-la-corte-falla-favor-de-larreta-perjudica-a-las-provincias\/\",\"url\":\"https:\/\/infoecos.com.ar\/index.php\/el-gobernador-kicillof-y-la-coparticipacion-si-la-corte-falla-favor-de-larreta-perjudica-a-las-provincias\/\",\"name\":\"El gobernador Kicillof y la coparticipaci\u00f3n: \\\"si la corte falla a favor de Larreta, perjudica a las provincias\\\" - Infoecos\",\"isPartOf\":{\"@id\":\"https:\/\/infoecos.com.ar\/#website\"},\"primaryImageOfPage\":{\"@id\":\"https:\/\/infoecos.com.ar\/index.php\/el-gobernador-kicillof-y-la-coparticipacion-si-la-corte-falla-favor-de-larreta-perjudica-a-las-provincias\/#primaryimage\"},\"image\":{\"@id\":\"https:\/\/infoecos.com.ar\/index.php\/el-gobernador-kicillof-y-la-coparticipacion-si-la-corte-falla-favor-de-larreta-perjudica-a-las-provincias\/#primaryimage\"},\"thumbnailUrl\":\"https:\/\/infoecos.com.ar\/wp-content\/uploads\/2022\/05\/kicillofencanuelas.jpg\",\"datePublished\":\"2022-05-12T06:27:53+00:00\",\"dateModified\":\"2022-05-12T16:51:43+00:00\",\"breadcrumb\":{\"@id\":\"https:\/\/infoecos.com.ar\/index.php\/el-gobernador-kicillof-y-la-coparticipacion-si-la-corte-falla-favor-de-larreta-perjudica-a-las-provincias\/#breadcrumb\"},\"inLanguage\":\"es\",\"potentialAction\":[{\"@type\":\"ReadAction\",\"target\":[\"https:\/\/infoecos.com.ar\/index.php\/el-gobernador-kicillof-y-la-coparticipacion-si-la-corte-falla-favor-de-larreta-perjudica-a-las-provincias\/\"]}]},{\"@type\":\"ImageObject\",\"inLanguage\":\"es\",\"@id\":\"https:\/\/infoecos.com.ar\/index.php\/el-gobernador-kicillof-y-la-coparticipacion-si-la-corte-falla-favor-de-larreta-perjudica-a-las-provincias\/#primaryimage\",\"url\":\"https:\/\/infoecos.com.ar\/wp-content\/uploads\/2022\/05\/kicillofencanuelas.jpg\",\"contentUrl\":\"https:\/\/infoecos.com.ar\/wp-content\/uploads\/2022\/05\/kicillofencanuelas.jpg\",\"width\":2048,\"height\":1365},{\"@type\":\"BreadcrumbList\",\"@id\":\"https:\/\/infoecos.com.ar\/index.php\/el-gobernador-kicillof-y-la-coparticipacion-si-la-corte-falla-favor-de-larreta-perjudica-a-las-provincias\/#breadcrumb\",\"itemListElement\":[{\"@type\":\"ListItem\",\"position\":1,\"name\":\"Portada\",\"item\":\"https:\/\/infoecos.com.ar\/\"},{\"@type\":\"ListItem\",\"position\":2,\"name\":\"El gobernador Kicillof y la coparticipaci\u00f3n: \u00absi la corte falla a favor de Larreta, perjudica a las provincias\u00bb\"}]},{\"@type\":\"WebSite\",\"@id\":\"https:\/\/infoecos.com.ar\/#website\",\"url\":\"https:\/\/infoecos.com.ar\/\",\"name\":\"Infoecos\",\"description\":\"Noticias de trenque lauquen y la zona\",\"publisher\":{\"@id\":\"https:\/\/infoecos.com.ar\/#organization\"},\"alternateName\":\"Noticias\",\"potentialAction\":[{\"@type\":\"SearchAction\",\"target\":{\"@type\":\"EntryPoint\",\"urlTemplate\":\"https:\/\/infoecos.com.ar\/?s={search_term_string}\"},\"query-input\":{\"@type\":\"PropertyValueSpecification\",\"valueRequired\":true,\"valueName\":\"search_term_string\"}}],\"inLanguage\":\"es\"},{\"@type\":\"Organization\",\"@id\":\"https:\/\/infoecos.com.ar\/#organization\",\"name\":\"Infoecos\",\"alternateName\":\"Noticias\",\"url\":\"https:\/\/infoecos.com.ar\/\",\"logo\":{\"@type\":\"ImageObject\",\"inLanguage\":\"es\",\"@id\":\"https:\/\/infoecos.com.ar\/#\/schema\/logo\/image\/\",\"url\":\"https:\/\/infoecos.com.ar\/wp-content\/uploads\/2024\/03\/cropped-logo.png\",\"contentUrl\":\"https:\/\/infoecos.com.ar\/wp-content\/uploads\/2024\/03\/cropped-logo.png\",\"width\":374,\"height\":90,\"caption\":\"Infoecos\"},\"image\":{\"@id\":\"https:\/\/infoecos.com.ar\/#\/schema\/logo\/image\/\"},\"sameAs\":[\"https:\/\/www.facebook.com\/profile.php?id=100063200290284\",\"https:\/\/x.com\/infoecos\"]},{\"@type\":\"Person\",\"@id\":\"https:\/\/infoecos.com.ar\/#\/schema\/person\/8f5ace5ce73b4b4aac4b7245aee6f191\",\"name\":\"Jorge Matheus\",\"url\":\"https:\/\/infoecos.com.ar\/index.php\/author\/jomatheus\/\"}]}<\/script>\n<!-- \/ Yoast SEO plugin. -->","yoast_head_json":{"title":"El gobernador Kicillof y la coparticipaci\u00f3n: \"si la corte falla a favor de Larreta, perjudica a las provincias\" - Infoecos","robots":{"index":"index","follow":"follow","max-snippet":"max-snippet:-1","max-image-preview":"max-image-preview:large","max-video-preview":"max-video-preview:-1"},"canonical":"https:\/\/infoecos.com.ar\/index.php\/el-gobernador-kicillof-y-la-coparticipacion-si-la-corte-falla-favor-de-larreta-perjudica-a-las-provincias\/","og_locale":"es_ES","og_type":"article","og_title":"El gobernador Kicillof y la coparticipaci\u00f3n: \"si la corte falla a favor de Larreta, perjudica a las provincias\" - Infoecos","og_description":"En el medio del conflicto que mantienen Naci\u00f3n y CABA por los recursos coparticipables del traspaso de la Polic\u00eda Federal","og_url":"https:\/\/infoecos.com.ar\/index.php\/el-gobernador-kicillof-y-la-coparticipacion-si-la-corte-falla-favor-de-larreta-perjudica-a-las-provincias\/","og_site_name":"Infoecos","article_publisher":"https:\/\/www.facebook.com\/profile.php?id=100063200290284","article_published_time":"2022-05-12T06:27:53+00:00","article_modified_time":"2022-05-12T16:51:43+00:00","og_image":[{"width":2048,"height":1365,"url":"https:\/\/infoecos.com.ar\/wp-content\/uploads\/2022\/05\/kicillofencanuelas.jpg","type":"image\/jpeg"}],"author":"Jorge Matheus","twitter_card":"summary_large_image","twitter_creator":"@infoecos","twitter_site":"@infoecos","twitter_misc":{"Escrito por":"Jorge Matheus","Tiempo de lectura":"1 minuto"},"schema":{"@context":"https:\/\/schema.org","@graph":[{"@type":"Article","@id":"https:\/\/infoecos.com.ar\/index.php\/el-gobernador-kicillof-y-la-coparticipacion-si-la-corte-falla-favor-de-larreta-perjudica-a-las-provincias\/#article","isPartOf":{"@id":"https:\/\/infoecos.com.ar\/index.php\/el-gobernador-kicillof-y-la-coparticipacion-si-la-corte-falla-favor-de-larreta-perjudica-a-las-provincias\/"},"author":{"name":"Jorge Matheus","@id":"https:\/\/infoecos.com.ar\/#\/schema\/person\/8f5ace5ce73b4b4aac4b7245aee6f191"},"headline":"El gobernador Kicillof y la coparticipaci\u00f3n: \u00absi la corte falla a favor de Larreta, perjudica a las provincias\u00bb","datePublished":"2022-05-12T06:27:53+00:00","dateModified":"2022-05-12T16:51:43+00:00","mainEntityOfPage":{"@id":"https:\/\/infoecos.com.ar\/index.php\/el-gobernador-kicillof-y-la-coparticipacion-si-la-corte-falla-favor-de-larreta-perjudica-a-las-provincias\/"},"wordCount":266,"publisher":{"@id":"https:\/\/infoecos.com.ar\/#organization"},"image":{"@id":"https:\/\/infoecos.com.ar\/index.php\/el-gobernador-kicillof-y-la-coparticipacion-si-la-corte-falla-favor-de-larreta-perjudica-a-las-provincias\/#primaryimage"},"thumbnailUrl":"https:\/\/infoecos.com.ar\/wp-content\/uploads\/2022\/05\/kicillofencanuelas.jpg","keywords":["POL\u00cdTICA Y ECONOM\u00cdA"],"articleSection":["Bloque inferior - 1"],"inLanguage":"es"},{"@type":"WebPage","@id":"https:\/\/infoecos.com.ar\/index.php\/el-gobernador-kicillof-y-la-coparticipacion-si-la-corte-falla-favor-de-larreta-perjudica-a-las-provincias\/","url":"https:\/\/infoecos.com.ar\/index.php\/el-gobernador-kicillof-y-la-coparticipacion-si-la-corte-falla-favor-de-larreta-perjudica-a-las-provincias\/","name":"El gobernador Kicillof y la coparticipaci\u00f3n: \"si la corte falla a favor de Larreta, perjudica a las provincias\" - Infoecos","isPartOf":{"@id":"https:\/\/infoecos.com.ar\/#website"},"primaryImageOfPage":{"@id":"https:\/\/infoecos.com.ar\/index.php\/el-gobernador-kicillof-y-la-coparticipacion-si-la-corte-falla-favor-de-larreta-perjudica-a-las-provincias\/#primaryimage"},"image":{"@id":"https:\/\/infoecos.com.ar\/index.php\/el-gobernador-kicillof-y-la-coparticipacion-si-la-corte-falla-favor-de-larreta-perjudica-a-las-provincias\/#primaryimage"},"thumbnailUrl":"https:\/\/infoecos.com.ar\/wp-content\/uploads\/2022\/05\/kicillofencanuelas.jpg","datePublished":"2022-05-12T06:27:53+00:00","dateModified":"2022-05-12T16:51:43+00:00","breadcrumb":{"@id":"https:\/\/infoecos.com.ar\/index.php\/el-gobernador-kicillof-y-la-coparticipacion-si-la-corte-falla-favor-de-larreta-perjudica-a-las-provincias\/#breadcrumb"},"inLanguage":"es","potentialAction":[{"@type":"ReadAction","target":["https:\/\/infoecos.com.ar\/index.php\/el-gobernador-kicillof-y-la-coparticipacion-si-la-corte-falla-favor-de-larreta-perjudica-a-las-provincias\/"]}]},{"@type":"ImageObject","inLanguage":"es","@id":"https:\/\/infoecos.com.ar\/index.php\/el-gobernador-kicillof-y-la-coparticipacion-si-la-corte-falla-favor-de-larreta-perjudica-a-las-provincias\/#primaryimage","url":"https:\/\/infoecos.com.ar\/wp-content\/uploads\/2022\/05\/kicillofencanuelas.jpg","contentUrl":"https:\/\/infoecos.com.ar\/wp-content\/uploads\/2022\/05\/kicillofencanuelas.jpg","width":2048,"height":1365},{"@type":"BreadcrumbList","@id":"https:\/\/infoecos.com.ar\/index.php\/el-gobernador-kicillof-y-la-coparticipacion-si-la-corte-falla-favor-de-larreta-perjudica-a-las-provincias\/#breadcrumb","itemListElement":[{"@type":"ListItem","position":1,"name":"Portada","item":"https:\/\/infoecos.com.ar\/"},{"@type":"ListItem","position":2,"name":"El gobernador Kicillof y la coparticipaci\u00f3n: \u00absi la corte falla a favor de Larreta, perjudica a las provincias\u00bb"}]},{"@type":"WebSite","@id":"https:\/\/infoecos.com.ar\/#website","url":"https:\/\/infoecos.com.ar\/","name":"Infoecos","description":"Noticias de trenque lauquen y la zona","publisher":{"@id":"https:\/\/infoecos.com.ar\/#organization"},"alternateName":"Noticias","potentialAction":[{"@type":"SearchAction","target":{"@type":"EntryPoint","urlTemplate":"https:\/\/infoecos.com.ar\/?s={search_term_string}"},"query-input":{"@type":"PropertyValueSpecification","valueRequired":true,"valueName":"search_term_string"}}],"inLanguage":"es"},{"@type":"Organization","@id":"https:\/\/infoecos.com.ar\/#organization","name":"Infoecos","alternateName":"Noticias","url":"https:\/\/infoecos.com.ar\/","logo":{"@type":"ImageObject","inLanguage":"es","@id":"https:\/\/infoecos.com.ar\/#\/schema\/logo\/image\/","url":"https:\/\/infoecos.com.ar\/wp-content\/uploads\/2024\/03\/cropped-logo.png","contentUrl":"https:\/\/infoecos.com.ar\/wp-content\/uploads\/2024\/03\/cropped-logo.png","width":374,"height":90,"caption":"Infoecos"},"image":{"@id":"https:\/\/infoecos.com.ar\/#\/schema\/logo\/image\/"},"sameAs":["https:\/\/www.facebook.com\/profile.php?id=100063200290284","https:\/\/x.com\/infoecos"]},{"@type":"Person","@id":"https:\/\/infoecos.com.ar\/#\/schema\/person\/8f5ace5ce73b4b4aac4b7245aee6f191","name":"Jorge Matheus","url":"https:\/\/infoecos.com.ar\/index.php\/author\/jomatheus\/"}]}},"featured_image_urls":{"full":["https:\/\/infoecos.com.ar\/wp-content\/uploads\/2022\/05\/kicillofencanuelas.jpg",2048,1365,false],"thumbnail":["https:\/\/infoecos.com.ar\/wp-content\/uploads\/2022\/05\/kicillofencanuelas-150x150.jpg",150,150,true],"medium":["https:\/\/infoecos.com.ar\/wp-content\/uploads\/2022\/05\/kicillofencanuelas-460x307.jpg",460,307,true],"medium_large":["https:\/\/infoecos.com.ar\/wp-content\/uploads\/2022\/05\/kicillofencanuelas-768x512.jpg",640,427,true],"large":["https:\/\/infoecos.com.ar\/wp-content\/uploads\/2022\/05\/kicillofencanuelas-920x613.jpg",640,426,true],"1536x1536":["https:\/\/infoecos.com.ar\/wp-content\/uploads\/2022\/05\/kicillofencanuelas-1536x1024.jpg",1536,1024,true],"2048x2048":["https:\/\/infoecos.com.ar\/wp-content\/uploads\/2022\/05\/kicillofencanuelas.jpg",2048,1365,false],"covernews-slider-full":["https:\/\/infoecos.com.ar\/wp-content\/uploads\/2022\/05\/kicillofencanuelas-1536x1020.jpg",1077,715,true],"covernews-slider-center":["https:\/\/infoecos.com.ar\/wp-content\/uploads\/2022\/05\/kicillofencanuelas-936x897.jpg",522,500,true],"covernews-featured":["https:\/\/infoecos.com.ar\/wp-content\/uploads\/2022\/05\/kicillofencanuelas-1024x683.jpg",1024,683,true],"covernews-medium":["https:\/\/infoecos.com.ar\/wp-content\/uploads\/2022\/05\/kicillofencanuelas-720x380.jpg",540,285,true],"covernews-medium-square":["https:\/\/infoecos.com.ar\/wp-content\/uploads\/2022\/05\/kicillofencanuelas-675x450.jpg",375,250,true]},"author_info":{"info":["Jorge Matheus"]},"category_info":"<a href=\"https:\/\/infoecos.com.ar\/index.php\/category\/inferior1\/\" rel=\"category tag\">Bloque inferior - 1<\/a>","tag_info":"Bloque inferior - 1","comment_count":"0","_links":{"self":[{"href":"https:\/\/infoecos.com.ar\/index.php\/wp-json\/wp\/v2\/posts\/92611"}],"collection":[{"href":"https:\/\/infoecos.com.ar\/index.php\/wp-json\/wp\/v2\/posts"}],"about":[{"href":"https:\/\/infoecos.com.ar\/index.php\/wp-json\/wp\/v2\/types\/post"}],"author":[{"embeddable":true,"href":"https:\/\/infoecos.com.ar\/index.php\/wp-json\/wp\/v2\/users\/2"}],"replies":[{"embeddable":true,"href":"https:\/\/infoecos.com.ar\/index.php\/wp-json\/wp\/v2\/comments?post=92611"}],"version-history":[{"count":2,"href":"https:\/\/infoecos.com.ar\/index.php\/wp-json\/wp\/v2\/posts\/92611\/revisions"}],"predecessor-version":[{"id":92614,"href":"https:\/\/infoecos.com.ar\/index.php\/wp-json\/wp\/v2\/posts\/92611\/revisions\/92614"}],"wp:featuredmedia":[{"embeddable":true,"href":"https:\/\/infoecos.com.ar\/index.php\/wp-json\/wp\/v2\/media\/92612"}],"wp:attachment":[{"href":"https:\/\/infoecos.com.ar\/index.php\/wp-json\/wp\/v2\/media?parent=92611"}],"wp:term":[{"taxonomy":"category","embeddable":true,"href":"https:\/\/infoecos.com.ar\/index.php\/wp-json\/wp\/v2\/categories?post=92611"},{"taxonomy":"post_tag","embeddable":true,"href":"https:\/\/infoecos.com.ar\/index.php\/wp-json\/wp\/v2\/tags?post=92611"}],"curies":[{"name":"wp","href":"https:\/\/api.w.org\/{rel}","templated":true}]}}