{"id":92659,"date":"2022-05-13T01:23:36","date_gmt":"2022-05-13T04:23:36","guid":{"rendered":"http:\/\/infoecos.com.ar\/?p=92659"},"modified":"2022-05-16T00:48:40","modified_gmt":"2022-05-16T03:48:40","slug":"convocado-para-el-lunes-amplio-temario-y-el-pedido-de-licencia-del-intendente-fernandez","status":"publish","type":"post","link":"https:\/\/infoecos.com.ar\/index.php\/convocado-para-el-lunes-amplio-temario-y-el-pedido-de-licencia-del-intendente-fernandez\/","title":{"rendered":"Se re\u00fane este lunes el Concejo Deliberante de Trenque Lauquen: amplio temario"},"content":{"rendered":"\n<p>Est\u00e1 convocado el Concejo Deliberante de Trenque Lauquen para este lunes a la 5ta. Sesi\u00f3n Ordinaria del a\u00f1o. Tratar\u00e1n, entre otros temas, la Rendici\u00f3n de Cuentas 2021 remitida por el Departamento Ejecutivo, un pedido de licencia del intendente municipal por el t\u00e9rmino de 16 d\u00edas (desde el 17 de mayo hasta el 1ro. de junio), y varias iniciativas sancionadas el a\u00f1o pasado por el Concejo Deliberante Juvenil.<\/p>\n\n\n\n<div class=\"wp-block-image\"><figure class=\"alignright size-large is-resized\"><img loading=\"lazy\" decoding=\"async\" src=\"http:\/\/infoecos.com.ar\/wp-content\/uploads\/concejod.jpg\" alt=\"\" class=\"wp-image-61711\" width=\"448\" height=\"231\" srcset=\"https:\/\/infoecos.com.ar\/wp-content\/uploads\/concejod.jpg 825w, https:\/\/infoecos.com.ar\/wp-content\/uploads\/concejod-460x237.jpg 460w, https:\/\/infoecos.com.ar\/wp-content\/uploads\/concejod-768x396.jpg 768w\" sizes=\"(max-width: 448px) 100vw, 448px\" \/><figcaption>Concejo Deliberante de Trenque Lauquen<\/figcaption><\/figure><\/div>\n\n\n\n<p><strong>El Orden del D\u00eda de la Sesi\u00f3n incluye tambi\u00e9n:<\/strong><\/p>\n\n\n\n<ul class=\"wp-block-list\"><li>Adhesi\u00f3n a la Resoluci\u00f3n 17\/2022 del HCD de Rivadavia, por la que solicita a Vialidad Nacional y al Gobierno Provincial, el mantenimiento de banquinas en la RN 33; bacheo del tramo Trenque Lauquen \u2013 Am\u00e9rica \u2013 General Villegas y repavimentaci\u00f3n de dicha cinta asf\u00e1ltica. <\/li><li>Autorizaci\u00f3n para que el Ejecutivo acepte la oferta de la Empresa Mori Olavarr\u00eda S.A., presentada por Licitaci\u00f3n Privada N\u00b0 10\/2021, para la adquisici\u00f3n y colocaci\u00f3n de pavimento intertrabado en Plaza San Mart\u00edn. <\/li><li>Autorizaci\u00f3n para enajenar a favor del Sr. Daniel Antonio Parravicini, un inmueble ubicado en el Sector Industrial Planificado.<\/li><li>Obra de Alumbrado P\u00fablico Peatonal Led, en calle Wisocky entre Almafuerte Norte y Almafuerte Sur (acera impar) de nuestra ciudad.<\/li><\/ul>\n\n\n\n<div class=\"wp-block-image\"><figure class=\"alignright size-large is-resized\"><img loading=\"lazy\" decoding=\"async\" src=\"http:\/\/infoecos.com.ar\/wp-content\/uploads\/2021\/10\/concejodeliberante6-920x689.jpg\" alt=\"\" class=\"wp-image-88221\" width=\"433\" height=\"324\" srcset=\"https:\/\/infoecos.com.ar\/wp-content\/uploads\/2021\/10\/concejodeliberante6-920x689.jpg 920w, https:\/\/infoecos.com.ar\/wp-content\/uploads\/2021\/10\/concejodeliberante6-460x345.jpg 460w, https:\/\/infoecos.com.ar\/wp-content\/uploads\/2021\/10\/concejodeliberante6-768x575.jpg 768w, https:\/\/infoecos.com.ar\/wp-content\/uploads\/2021\/10\/concejodeliberante6-1024x767.jpg 1024w, https:\/\/infoecos.com.ar\/wp-content\/uploads\/2021\/10\/concejodeliberante6.jpg 1280w\" sizes=\"(max-width: 433px) 100vw, 433px\" \/><\/figure><\/div>\n\n\n\n<p><strong>Ser\u00e1n tratados en el recinto varios pedidos dirigidos al Departamento Ejecutivo, impulsados en 2021 por los concejales juveniles:<\/strong><\/p>\n\n\n\n<ul class=\"wp-block-list\"><li>Mejoras en la se\u00f1alizaci\u00f3n de Rotondas, Accesos, Canales y entradas a Parques del distrito. <\/li><li>Reemplazo de cestos de basura que han sufrido da\u00f1os de gravedad y a su vez ampl\u00ede la colocaci\u00f3n de los mismos.<\/li><li>Construcci\u00f3n de un Jard\u00edn Maternal nocturno en Trenque Lauquen.<\/li><li>La implementaci\u00f3n de la Ordenanza 4694\/17, \u201cRegulaci\u00f3n Interrelaciones entre personas y animales\u201d, d\u00e1ndole prioridad a los Art\u00edculos 20, 21 y 22. <\/li><li>Pedido para que la UEGD destine una partida econ\u00f3mica para la realizaci\u00f3n de los accesos para personas con discapacidad, en las diferentes Instituciones Educativas del distrito.<\/li><\/ul>\n\n\n\n<div class=\"wp-block-image\"><figure class=\"alignright size-large is-resized\"><img loading=\"lazy\" decoding=\"async\" src=\"http:\/\/infoecos.com.ar\/wp-content\/uploads\/29695476_1917537088259322_9055755117209657751_n.jpg\" alt=\"\" class=\"wp-image-46088\" width=\"429\" height=\"322\"\/><figcaption>Trenque Lauquen &#8211; Concejo Deliberante<\/figcaption><\/figure><\/div>\n\n\n\n<p><strong>Ser\u00e1n remitidos a las Comisiones correspondientes los siguientes Proyectos de Ordenanza:<\/strong><\/p>\n\n\n\n<ul class=\"wp-block-list\"><li>Convalida Convenio de Adhesi\u00f3n con la Secretar\u00eda de Obras P\u00fablicas del Ministerio de Obras P\u00fablicas de la Naci\u00f3n, para la financiaci\u00f3n y ejecuci\u00f3n del Proyecto \u201cSUM Centro 802\u201d, en el marco del plan \u201cArgentina Hace\u201d.<\/li><li>Acepta la donaci\u00f3n efectuada por los Sres. Gerardo, Alberto, Marcelo y V\u00edctor Miranda, consistente en una colecci\u00f3n completa de Cajas de F\u00f3sforos (3.524 cajas y sobres), que pertenecieran a su padre Sr. Gerardo An\u00edbal Miranda, con destino al Museo C\u00edvico Almafuerte.<\/li><li>Modifica el Inciso d) del Art\u00edculo 11\u00b0 de la Ordenanza 4596\/16 \u2013 Sistema de Estacionamiento Medido, el cual dispone el porcentaje de comisi\u00f3n que percibir\u00e1n los comercios o entidades que oficien como punto de venta.<\/li><li>Acepta la donaci\u00f3n efectuada por el Periodista local Mart\u00edn Ram\u00edrez Barrios del Libro de su autor\u00eda \u201cVida y Obra historias trenquelauquenses\u201d, con destino a la biblioteca del Concejo.<\/li><li>Acepta la donaci\u00f3n efectuada por la Dra. Marta Cohen del libro de su autor\u00eda \u201cUn mundo en Pandemia, lecciones y desaf\u00edos del coronavirus\u201d, con destino a la biblioteca del Concejo.<\/li><li>Acepta la donaci\u00f3n efectuada por el Periodista local Mart\u00edn Ram\u00edrez Barrios, de veinte (20) copias, del libro de su autor\u00eda \u201cVida y Obra historias trenquelauquenses\u201d, con destino al desarrollo de la Edici\u00f3n 2022 del Programa Concejo Deliberante Juvenil.<\/li><li>Acepta la donaci\u00f3n del Sr. Ricardo Bernal del libro de su autor\u00eda \u201cBicicleta, salud, vida y libertad\u201d, con destino a la biblioteca del Concejo.<\/li><li>Crea en el \u00e1mbito del Partido de Trenque Lauquen, el Programa de Padrinazgo de Espacios Verdes P\u00fablicos.<\/li><li>Autoriza instrumentar las Leyes de Tr\u00e1nsito, para reducir la velocidad vehicular en calle Freyre, entre Vignau y Carmen Granada, de la ciudad de Trenque Lauquen.<\/li><\/ul>\n\n\n\n<p><strong>Ser\u00e1 tratado en el recinto: <\/strong><\/p>\n\n\n\n<ul class=\"wp-block-list\"><li>Decreto por el cual ser\u00e1 declarada de Inter\u00e9s Legislativo y Educativo, la presentaci\u00f3n del libro de cuentos infantil, \u201cSoy panadero, y vos?\u201d, de la profesora Mar\u00eda Laura Burcaizea.<\/li><\/ul>\n\n\n\n<p><strong>El Cuerpo tratar\u00e1 el lunes dos Resoluciones: <\/strong><\/p>\n\n\n\n<ul class=\"wp-block-list\"><li>Manifestaciones de respaldo para la decisi\u00f3n tomada por el Consejo Directivo del Colegio de Farmac\u00e9uticos de Trenque Lauquen, de sumar los fines de semana y feriados una segunda farmacia de turno en la ciudad. <\/li><li>La implementaci\u00f3n en la Provincia, de Boletas \u00danicas de Sufragios para las elecciones a llevarse a cabo en esta provincia y los diversos Municipios que la integran.<\/li><\/ul>\n\n\n\n<div class=\"wp-block-image\"><figure class=\"alignright size-large is-resized\"><img loading=\"lazy\" decoding=\"async\" src=\"http:\/\/infoecos.com.ar\/wp-content\/uploads\/2022\/04\/7f5d0849-1566-49f1-808f-44743edd74a2-920x451.jpg\" alt=\"\" class=\"wp-image-90911\" width=\"461\" height=\"224\"\/><\/figure><\/div>\n\n\n\n<p><strong>La bancada Unidad Peronista remiti\u00f3 seis Comunicaciones para ser puestas a votaci\u00f3n:<\/strong><\/p>\n\n\n\n<p>Pedidos para el Ejecutivo Municipal. <\/p>\n\n\n\n<ul class=\"wp-block-list\"><li>Informe sobre los montos determinados por aplicaci\u00f3n de los Art\u00edculos 15\u00b0 y 17\u00b0 de la Ordenanza 4596\/16 -de Estacionamiento Medido- a fin de financiar el Cr\u00e9dito para el Boleto Universitario y Terciario establecido por la Ordenanza 4946\/19.<\/li><li>Creaci\u00f3n de una Sala de Primeros Auxilios en la Ampliaci\u00f3n Urbana. <\/li><li>Construcci\u00f3n de un puente peatonal en calle Baldovino entre el 1300 y el 1400. <\/li><li>Colocaci\u00f3n de luminarias y c\u00e1maras de seguridad, y revestimiento de hormig\u00f3n en el canal de calle Maldonado entre Presidente Uriburu y Llamb\u00edas. <\/li><li>Respuesta a los vecinos de 30 de Agosto, que solicitan planes de vivienda para la localidad.<\/li><li>Firma de un convenio con la Provincia y la Naci\u00f3n, para la compactaci\u00f3n de veh\u00edculos secuestrados. <\/li><li>Dar cumplimiento al art\u00edculo 5\u00b0 de la Ordenanza n\u00b0 5104\/20, conformando el \u201cConsejo Consultivo de Cannabis Medicinal\u201d.4<\/li><\/ul>\n\n\n\n<div class=\"wp-block-image\"><figure class=\"alignright size-large is-resized\"><img loading=\"lazy\" decoding=\"async\" src=\"http:\/\/infoecos.com.ar\/wp-content\/uploads\/hcd-1.jpg\" alt=\"\" class=\"wp-image-61999\" width=\"457\" height=\"457\" srcset=\"https:\/\/infoecos.com.ar\/wp-content\/uploads\/hcd-1.jpg 678w, https:\/\/infoecos.com.ar\/wp-content\/uploads\/hcd-1-460x460.jpg 460w, https:\/\/infoecos.com.ar\/wp-content\/uploads\/hcd-1-150x150.jpg 150w\" sizes=\"(max-width: 457px) 100vw, 457px\" \/><figcaption>Trenque Lauquen &#8211; Concejo Deliberante (logo)<\/figcaption><\/figure><\/div>\n\n\n\n<p><strong>La bancada de concejales del Frente de Todos suma cinco pedidos para el Ejecutivo<\/strong>: <\/p>\n\n\n\n<ul class=\"wp-block-list\"><li>Informe sobre la factibilidad de construir una plaza dentro de la zona comprendida por la intersecci\u00f3n de las calles Roque S. Pe\u00f1a, Espain y San Mart\u00edn, de 30 de Agosto.<\/li><li>Informe la cantidad de actores de la Econom\u00eda Social alcanzados por la Ordenanza 4589\/16, que dispon\u00eda distintos beneficios. <\/li><li>Analice y gestione junto a Vialidad Nacional la construcci\u00f3n de una garita en la intersecci\u00f3n de la Ruta Nacional N\u00b0 33 y el acceso Padre Dutra, de 30 de Agosto. <\/li><li>Informe respecto del Fondo Municipal de Emergencia Sanitaria.<\/li><li>Informe sobre la factibilidad de construir una plaza, dentro de la zona comprendida por la intersecci\u00f3n de las calles Freyre, Kienast entre Vignau y Rod\u00f3n.<\/li><\/ul>\n\n\n\n<div class=\"wp-block-image\"><figure class=\"alignright size-large is-resized\"><img loading=\"lazy\" decoding=\"async\" src=\"http:\/\/infoecos.com.ar\/wp-content\/uploads\/17632434_1484594201553615_8825000664030977191_o-920x517.jpg\" alt=\"\" class=\"wp-image-34098\" width=\"435\" height=\"244\"\/><figcaption>Trenque Lauquen &#8211; Concejo Deliberante<\/figcaption><\/figure><\/div>\n\n\n\n<p><strong>Dos solicitudes impulsadas por el bloque de Juntos:<\/strong><\/p>\n\n\n\n<ul class=\"wp-block-list\"><li>Una dirigida al Gerente General del Banco de la Provincia, a fin de gestionar la instalaci\u00f3n de nuevos cajeros autom\u00e1ticos, terminal de auto gesti\u00f3n y la incorporaci\u00f3n de m\u00e1s personal en la sucursal 30 de Agosto y la instalaci\u00f3n de un cajero en la localidad de Beruti. <\/li><li>La segunda est\u00e1 destinada al Gobernador Bonaerense, para que arbitre los medios jur\u00eddicos y presupuestarios iniciando el proceso de expropiaci\u00f3n que permitan el resarcimiento econ\u00f3mico a los productores y\/o titulares de dominio que sus predios fueron afectados y destinados como reservorio h\u00eddrico en el distrito.<\/li><\/ul>\n","protected":false},"excerpt":{"rendered":"<p>5ta. Sesi\u00f3n Ordinaria del a\u00f1o. Tratar\u00e1n, entre otros temas, la Rendici\u00f3n de Cuentas 2021 remitida por el Departamento Ejecutivo<\/p>\n","protected":false},"author":2,"featured_media":61711,"comment_status":"closed","ping_status":"open","sticky":false,"template":"","format":"standard","meta":{"footnotes":""},"categories":[1323],"tags":[6052],"class_list":["post-92659","post","type-post","status-publish","format-standard","has-post-thumbnail","hentry","category-c2nota5","tag-concejo-deliberante-t-lauquen"],"yoast_head":"<!-- This site is optimized with the Yoast SEO plugin v23.4 - https:\/\/yoast.com\/wordpress\/plugins\/seo\/ -->\n<title>Se re\u00fane este lunes el Concejo Deliberante de Trenque Lauquen: amplio temario - Infoecos<\/title>\n<meta name=\"robots\" content=\"index, follow, max-snippet:-1, max-image-preview:large, max-video-preview:-1\" \/>\n<link rel=\"canonical\" href=\"https:\/\/infoecos.com.ar\/index.php\/convocado-para-el-lunes-amplio-temario-y-el-pedido-de-licencia-del-intendente-fernandez\/\" \/>\n<meta property=\"og:locale\" content=\"es_ES\" \/>\n<meta property=\"og:type\" content=\"article\" \/>\n<meta property=\"og:title\" content=\"Se re\u00fane este lunes el Concejo Deliberante de Trenque Lauquen: amplio temario - Infoecos\" \/>\n<meta property=\"og:description\" content=\"5ta. Sesi\u00f3n Ordinaria del a\u00f1o. Tratar\u00e1n, entre otros temas, la Rendici\u00f3n de Cuentas 2021 remitida por el Departamento Ejecutivo\" \/>\n<meta property=\"og:url\" content=\"https:\/\/infoecos.com.ar\/index.php\/convocado-para-el-lunes-amplio-temario-y-el-pedido-de-licencia-del-intendente-fernandez\/\" \/>\n<meta property=\"og:site_name\" content=\"Infoecos\" \/>\n<meta property=\"article:publisher\" content=\"https:\/\/www.facebook.com\/profile.php?id=100063200290284\" \/>\n<meta property=\"article:published_time\" content=\"2022-05-13T04:23:36+00:00\" \/>\n<meta property=\"article:modified_time\" content=\"2022-05-16T03:48:40+00:00\" \/>\n<meta property=\"og:image\" content=\"https:\/\/infoecos.com.ar\/wp-content\/uploads\/concejod.jpg\" \/>\n\t<meta property=\"og:image:width\" content=\"825\" \/>\n\t<meta property=\"og:image:height\" content=\"425\" \/>\n\t<meta property=\"og:image:type\" content=\"image\/jpeg\" \/>\n<meta name=\"author\" content=\"Jorge Matheus\" \/>\n<meta name=\"twitter:card\" content=\"summary_large_image\" \/>\n<meta name=\"twitter:creator\" content=\"@infoecos\" \/>\n<meta name=\"twitter:site\" content=\"@infoecos\" \/>\n<meta name=\"twitter:label1\" content=\"Escrito por\" \/>\n\t<meta name=\"twitter:data1\" content=\"Jorge Matheus\" \/>\n\t<meta name=\"twitter:label2\" content=\"Tiempo de lectura\" \/>\n\t<meta name=\"twitter:data2\" content=\"6 minutos\" \/>\n<script type=\"application\/ld+json\" class=\"yoast-schema-graph\">{\"@context\":\"https:\/\/schema.org\",\"@graph\":[{\"@type\":\"Article\",\"@id\":\"https:\/\/infoecos.com.ar\/index.php\/convocado-para-el-lunes-amplio-temario-y-el-pedido-de-licencia-del-intendente-fernandez\/#article\",\"isPartOf\":{\"@id\":\"https:\/\/infoecos.com.ar\/index.php\/convocado-para-el-lunes-amplio-temario-y-el-pedido-de-licencia-del-intendente-fernandez\/\"},\"author\":{\"name\":\"Jorge Matheus\",\"@id\":\"https:\/\/infoecos.com.ar\/#\/schema\/person\/8f5ace5ce73b4b4aac4b7245aee6f191\"},\"headline\":\"Se re\u00fane este lunes el Concejo Deliberante de Trenque Lauquen: amplio temario\",\"datePublished\":\"2022-05-13T04:23:36+00:00\",\"dateModified\":\"2022-05-16T03:48:40+00:00\",\"mainEntityOfPage\":{\"@id\":\"https:\/\/infoecos.com.ar\/index.php\/convocado-para-el-lunes-amplio-temario-y-el-pedido-de-licencia-del-intendente-fernandez\/\"},\"wordCount\":1171,\"publisher\":{\"@id\":\"https:\/\/infoecos.com.ar\/#organization\"},\"image\":{\"@id\":\"https:\/\/infoecos.com.ar\/index.php\/convocado-para-el-lunes-amplio-temario-y-el-pedido-de-licencia-del-intendente-fernandez\/#primaryimage\"},\"thumbnailUrl\":\"https:\/\/infoecos.com.ar\/wp-content\/uploads\/concejod.jpg\",\"keywords\":[\"CONCEJO DELIBERANTE T.LAUQUEN\"],\"articleSection\":[\"C2 N5\"],\"inLanguage\":\"es\"},{\"@type\":\"WebPage\",\"@id\":\"https:\/\/infoecos.com.ar\/index.php\/convocado-para-el-lunes-amplio-temario-y-el-pedido-de-licencia-del-intendente-fernandez\/\",\"url\":\"https:\/\/infoecos.com.ar\/index.php\/convocado-para-el-lunes-amplio-temario-y-el-pedido-de-licencia-del-intendente-fernandez\/\",\"name\":\"Se re\u00fane este lunes el Concejo Deliberante de Trenque Lauquen: amplio temario - Infoecos\",\"isPartOf\":{\"@id\":\"https:\/\/infoecos.com.ar\/#website\"},\"primaryImageOfPage\":{\"@id\":\"https:\/\/infoecos.com.ar\/index.php\/convocado-para-el-lunes-amplio-temario-y-el-pedido-de-licencia-del-intendente-fernandez\/#primaryimage\"},\"image\":{\"@id\":\"https:\/\/infoecos.com.ar\/index.php\/convocado-para-el-lunes-amplio-temario-y-el-pedido-de-licencia-del-intendente-fernandez\/#primaryimage\"},\"thumbnailUrl\":\"https:\/\/infoecos.com.ar\/wp-content\/uploads\/concejod.jpg\",\"datePublished\":\"2022-05-13T04:23:36+00:00\",\"dateModified\":\"2022-05-16T03:48:40+00:00\",\"breadcrumb\":{\"@id\":\"https:\/\/infoecos.com.ar\/index.php\/convocado-para-el-lunes-amplio-temario-y-el-pedido-de-licencia-del-intendente-fernandez\/#breadcrumb\"},\"inLanguage\":\"es\",\"potentialAction\":[{\"@type\":\"ReadAction\",\"target\":[\"https:\/\/infoecos.com.ar\/index.php\/convocado-para-el-lunes-amplio-temario-y-el-pedido-de-licencia-del-intendente-fernandez\/\"]}]},{\"@type\":\"ImageObject\",\"inLanguage\":\"es\",\"@id\":\"https:\/\/infoecos.com.ar\/index.php\/convocado-para-el-lunes-amplio-temario-y-el-pedido-de-licencia-del-intendente-fernandez\/#primaryimage\",\"url\":\"https:\/\/infoecos.com.ar\/wp-content\/uploads\/concejod.jpg\",\"contentUrl\":\"https:\/\/infoecos.com.ar\/wp-content\/uploads\/concejod.jpg\",\"width\":825,\"height\":425,\"caption\":\"Concejo Deliberante de Trenque Lauquen\"},{\"@type\":\"BreadcrumbList\",\"@id\":\"https:\/\/infoecos.com.ar\/index.php\/convocado-para-el-lunes-amplio-temario-y-el-pedido-de-licencia-del-intendente-fernandez\/#breadcrumb\",\"itemListElement\":[{\"@type\":\"ListItem\",\"position\":1,\"name\":\"Portada\",\"item\":\"https:\/\/infoecos.com.ar\/\"},{\"@type\":\"ListItem\",\"position\":2,\"name\":\"Se re\u00fane este lunes el Concejo Deliberante de Trenque Lauquen: amplio temario\"}]},{\"@type\":\"WebSite\",\"@id\":\"https:\/\/infoecos.com.ar\/#website\",\"url\":\"https:\/\/infoecos.com.ar\/\",\"name\":\"Infoecos\",\"description\":\"Noticias de trenque lauquen y la zona\",\"publisher\":{\"@id\":\"https:\/\/infoecos.com.ar\/#organization\"},\"alternateName\":\"Noticias\",\"potentialAction\":[{\"@type\":\"SearchAction\",\"target\":{\"@type\":\"EntryPoint\",\"urlTemplate\":\"https:\/\/infoecos.com.ar\/?s={search_term_string}\"},\"query-input\":{\"@type\":\"PropertyValueSpecification\",\"valueRequired\":true,\"valueName\":\"search_term_string\"}}],\"inLanguage\":\"es\"},{\"@type\":\"Organization\",\"@id\":\"https:\/\/infoecos.com.ar\/#organization\",\"name\":\"Infoecos\",\"alternateName\":\"Noticias\",\"url\":\"https:\/\/infoecos.com.ar\/\",\"logo\":{\"@type\":\"ImageObject\",\"inLanguage\":\"es\",\"@id\":\"https:\/\/infoecos.com.ar\/#\/schema\/logo\/image\/\",\"url\":\"https:\/\/infoecos.com.ar\/wp-content\/uploads\/2024\/03\/cropped-logo.png\",\"contentUrl\":\"https:\/\/infoecos.com.ar\/wp-content\/uploads\/2024\/03\/cropped-logo.png\",\"width\":374,\"height\":90,\"caption\":\"Infoecos\"},\"image\":{\"@id\":\"https:\/\/infoecos.com.ar\/#\/schema\/logo\/image\/\"},\"sameAs\":[\"https:\/\/www.facebook.com\/profile.php?id=100063200290284\",\"https:\/\/x.com\/infoecos\"]},{\"@type\":\"Person\",\"@id\":\"https:\/\/infoecos.com.ar\/#\/schema\/person\/8f5ace5ce73b4b4aac4b7245aee6f191\",\"name\":\"Jorge Matheus\",\"url\":\"https:\/\/infoecos.com.ar\/index.php\/author\/jomatheus\/\"}]}<\/script>\n<!-- \/ Yoast SEO plugin. -->","yoast_head_json":{"title":"Se re\u00fane este lunes el Concejo Deliberante de Trenque Lauquen: amplio temario - Infoecos","robots":{"index":"index","follow":"follow","max-snippet":"max-snippet:-1","max-image-preview":"max-image-preview:large","max-video-preview":"max-video-preview:-1"},"canonical":"https:\/\/infoecos.com.ar\/index.php\/convocado-para-el-lunes-amplio-temario-y-el-pedido-de-licencia-del-intendente-fernandez\/","og_locale":"es_ES","og_type":"article","og_title":"Se re\u00fane este lunes el Concejo Deliberante de Trenque Lauquen: amplio temario - Infoecos","og_description":"5ta. Sesi\u00f3n Ordinaria del a\u00f1o. Tratar\u00e1n, entre otros temas, la Rendici\u00f3n de Cuentas 2021 remitida por el Departamento Ejecutivo","og_url":"https:\/\/infoecos.com.ar\/index.php\/convocado-para-el-lunes-amplio-temario-y-el-pedido-de-licencia-del-intendente-fernandez\/","og_site_name":"Infoecos","article_publisher":"https:\/\/www.facebook.com\/profile.php?id=100063200290284","article_published_time":"2022-05-13T04:23:36+00:00","article_modified_time":"2022-05-16T03:48:40+00:00","og_image":[{"width":825,"height":425,"url":"https:\/\/infoecos.com.ar\/wp-content\/uploads\/concejod.jpg","type":"image\/jpeg"}],"author":"Jorge Matheus","twitter_card":"summary_large_image","twitter_creator":"@infoecos","twitter_site":"@infoecos","twitter_misc":{"Escrito por":"Jorge Matheus","Tiempo de lectura":"6 minutos"},"schema":{"@context":"https:\/\/schema.org","@graph":[{"@type":"Article","@id":"https:\/\/infoecos.com.ar\/index.php\/convocado-para-el-lunes-amplio-temario-y-el-pedido-de-licencia-del-intendente-fernandez\/#article","isPartOf":{"@id":"https:\/\/infoecos.com.ar\/index.php\/convocado-para-el-lunes-amplio-temario-y-el-pedido-de-licencia-del-intendente-fernandez\/"},"author":{"name":"Jorge Matheus","@id":"https:\/\/infoecos.com.ar\/#\/schema\/person\/8f5ace5ce73b4b4aac4b7245aee6f191"},"headline":"Se re\u00fane este lunes el Concejo Deliberante de Trenque Lauquen: amplio temario","datePublished":"2022-05-13T04:23:36+00:00","dateModified":"2022-05-16T03:48:40+00:00","mainEntityOfPage":{"@id":"https:\/\/infoecos.com.ar\/index.php\/convocado-para-el-lunes-amplio-temario-y-el-pedido-de-licencia-del-intendente-fernandez\/"},"wordCount":1171,"publisher":{"@id":"https:\/\/infoecos.com.ar\/#organization"},"image":{"@id":"https:\/\/infoecos.com.ar\/index.php\/convocado-para-el-lunes-amplio-temario-y-el-pedido-de-licencia-del-intendente-fernandez\/#primaryimage"},"thumbnailUrl":"https:\/\/infoecos.com.ar\/wp-content\/uploads\/concejod.jpg","keywords":["CONCEJO DELIBERANTE T.LAUQUEN"],"articleSection":["C2 N5"],"inLanguage":"es"},{"@type":"WebPage","@id":"https:\/\/infoecos.com.ar\/index.php\/convocado-para-el-lunes-amplio-temario-y-el-pedido-de-licencia-del-intendente-fernandez\/","url":"https:\/\/infoecos.com.ar\/index.php\/convocado-para-el-lunes-amplio-temario-y-el-pedido-de-licencia-del-intendente-fernandez\/","name":"Se re\u00fane este lunes el Concejo Deliberante de Trenque Lauquen: amplio temario - Infoecos","isPartOf":{"@id":"https:\/\/infoecos.com.ar\/#website"},"primaryImageOfPage":{"@id":"https:\/\/infoecos.com.ar\/index.php\/convocado-para-el-lunes-amplio-temario-y-el-pedido-de-licencia-del-intendente-fernandez\/#primaryimage"},"image":{"@id":"https:\/\/infoecos.com.ar\/index.php\/convocado-para-el-lunes-amplio-temario-y-el-pedido-de-licencia-del-intendente-fernandez\/#primaryimage"},"thumbnailUrl":"https:\/\/infoecos.com.ar\/wp-content\/uploads\/concejod.jpg","datePublished":"2022-05-13T04:23:36+00:00","dateModified":"2022-05-16T03:48:40+00:00","breadcrumb":{"@id":"https:\/\/infoecos.com.ar\/index.php\/convocado-para-el-lunes-amplio-temario-y-el-pedido-de-licencia-del-intendente-fernandez\/#breadcrumb"},"inLanguage":"es","potentialAction":[{"@type":"ReadAction","target":["https:\/\/infoecos.com.ar\/index.php\/convocado-para-el-lunes-amplio-temario-y-el-pedido-de-licencia-del-intendente-fernandez\/"]}]},{"@type":"ImageObject","inLanguage":"es","@id":"https:\/\/infoecos.com.ar\/index.php\/convocado-para-el-lunes-amplio-temario-y-el-pedido-de-licencia-del-intendente-fernandez\/#primaryimage","url":"https:\/\/infoecos.com.ar\/wp-content\/uploads\/concejod.jpg","contentUrl":"https:\/\/infoecos.com.ar\/wp-content\/uploads\/concejod.jpg","width":825,"height":425,"caption":"Concejo Deliberante de Trenque Lauquen"},{"@type":"BreadcrumbList","@id":"https:\/\/infoecos.com.ar\/index.php\/convocado-para-el-lunes-amplio-temario-y-el-pedido-de-licencia-del-intendente-fernandez\/#breadcrumb","itemListElement":[{"@type":"ListItem","position":1,"name":"Portada","item":"https:\/\/infoecos.com.ar\/"},{"@type":"ListItem","position":2,"name":"Se re\u00fane este lunes el Concejo Deliberante de Trenque Lauquen: amplio temario"}]},{"@type":"WebSite","@id":"https:\/\/infoecos.com.ar\/#website","url":"https:\/\/infoecos.com.ar\/","name":"Infoecos","description":"Noticias de trenque lauquen y la zona","publisher":{"@id":"https:\/\/infoecos.com.ar\/#organization"},"alternateName":"Noticias","potentialAction":[{"@type":"SearchAction","target":{"@type":"EntryPoint","urlTemplate":"https:\/\/infoecos.com.ar\/?s={search_term_string}"},"query-input":{"@type":"PropertyValueSpecification","valueRequired":true,"valueName":"search_term_string"}}],"inLanguage":"es"},{"@type":"Organization","@id":"https:\/\/infoecos.com.ar\/#organization","name":"Infoecos","alternateName":"Noticias","url":"https:\/\/infoecos.com.ar\/","logo":{"@type":"ImageObject","inLanguage":"es","@id":"https:\/\/infoecos.com.ar\/#\/schema\/logo\/image\/","url":"https:\/\/infoecos.com.ar\/wp-content\/uploads\/2024\/03\/cropped-logo.png","contentUrl":"https:\/\/infoecos.com.ar\/wp-content\/uploads\/2024\/03\/cropped-logo.png","width":374,"height":90,"caption":"Infoecos"},"image":{"@id":"https:\/\/infoecos.com.ar\/#\/schema\/logo\/image\/"},"sameAs":["https:\/\/www.facebook.com\/profile.php?id=100063200290284","https:\/\/x.com\/infoecos"]},{"@type":"Person","@id":"https:\/\/infoecos.com.ar\/#\/schema\/person\/8f5ace5ce73b4b4aac4b7245aee6f191","name":"Jorge Matheus","url":"https:\/\/infoecos.com.ar\/index.php\/author\/jomatheus\/"}]}},"featured_image_urls":{"full":["https:\/\/infoecos.com.ar\/wp-content\/uploads\/concejod.jpg",825,425,false],"thumbnail":["https:\/\/infoecos.com.ar\/wp-content\/uploads\/concejod-150x150.jpg",150,150,true],"medium":["https:\/\/infoecos.com.ar\/wp-content\/uploads\/concejod-460x237.jpg",460,237,true],"medium_large":["https:\/\/infoecos.com.ar\/wp-content\/uploads\/concejod-768x396.jpg",640,330,true],"large":["https:\/\/infoecos.com.ar\/wp-content\/uploads\/concejod.jpg",640,330,false],"1536x1536":["https:\/\/infoecos.com.ar\/wp-content\/uploads\/concejod.jpg",825,425,false],"2048x2048":["https:\/\/infoecos.com.ar\/wp-content\/uploads\/concejod.jpg",825,425,false],"covernews-slider-full":["https:\/\/infoecos.com.ar\/wp-content\/uploads\/concejod.jpg",825,425,false],"covernews-slider-center":["https:\/\/infoecos.com.ar\/wp-content\/uploads\/concejod.jpg",800,412,false],"covernews-featured":["https:\/\/infoecos.com.ar\/wp-content\/uploads\/concejod.jpg",825,425,false],"covernews-medium":["https:\/\/infoecos.com.ar\/wp-content\/uploads\/concejod-720x380.jpg",540,285,true],"covernews-medium-square":["https:\/\/infoecos.com.ar\/wp-content\/uploads\/concejod-675x425.jpg",397,250,true]},"author_info":{"info":["Jorge Matheus"]},"category_info":"<a href=\"https:\/\/infoecos.com.ar\/index.php\/category\/c2nota5\/\" rel=\"category tag\">C2 N5<\/a>","tag_info":"C2 N5","comment_count":"0","_links":{"self":[{"href":"https:\/\/infoecos.com.ar\/index.php\/wp-json\/wp\/v2\/posts\/92659"}],"collection":[{"href":"https:\/\/infoecos.com.ar\/index.php\/wp-json\/wp\/v2\/posts"}],"about":[{"href":"https:\/\/infoecos.com.ar\/index.php\/wp-json\/wp\/v2\/types\/post"}],"author":[{"embeddable":true,"href":"https:\/\/infoecos.com.ar\/index.php\/wp-json\/wp\/v2\/users\/2"}],"replies":[{"embeddable":true,"href":"https:\/\/infoecos.com.ar\/index.php\/wp-json\/wp\/v2\/comments?post=92659"}],"version-history":[{"count":3,"href":"https:\/\/infoecos.com.ar\/index.php\/wp-json\/wp\/v2\/posts\/92659\/revisions"}],"predecessor-version":[{"id":92735,"href":"https:\/\/infoecos.com.ar\/index.php\/wp-json\/wp\/v2\/posts\/92659\/revisions\/92735"}],"wp:featuredmedia":[{"embeddable":true,"href":"https:\/\/infoecos.com.ar\/index.php\/wp-json\/wp\/v2\/media\/61711"}],"wp:attachment":[{"href":"https:\/\/infoecos.com.ar\/index.php\/wp-json\/wp\/v2\/media?parent=92659"}],"wp:term":[{"taxonomy":"category","embeddable":true,"href":"https:\/\/infoecos.com.ar\/index.php\/wp-json\/wp\/v2\/categories?post=92659"},{"taxonomy":"post_tag","embeddable":true,"href":"https:\/\/infoecos.com.ar\/index.php\/wp-json\/wp\/v2\/tags?post=92659"}],"curies":[{"name":"wp","href":"https:\/\/api.w.org\/{rel}","templated":true}]}}