{"id":92688,"date":"2022-05-15T16:51:34","date_gmt":"2022-05-15T19:51:34","guid":{"rendered":"http:\/\/infoecos.com.ar\/?p=92688"},"modified":"2022-05-16T15:19:59","modified_gmt":"2022-05-16T18:19:59","slug":"el-concejo-deliberante-de-trenque-lauquen-trata-este-lunes-el-pedido-de-licencia-de-fernandez","status":"publish","type":"post","link":"https:\/\/infoecos.com.ar\/index.php\/el-concejo-deliberante-de-trenque-lauquen-trata-este-lunes-el-pedido-de-licencia-de-fernandez\/","title":{"rendered":"El Concejo Deliberante de Trenque Lauquen trata este lunes el pedido de licencia de Fern\u00e1ndez"},"content":{"rendered":"\n<p>El Concejo Deliberante de Trenque Lauquen  tratar\u00e1 este lunes, en su quinta Sesi\u00f3n Ordinaria del a\u00f1o, un pedido de licencia del intendente municipal, Miguel Fern\u00e1ndez, por el t\u00e9rmino de 16 d\u00edas, desde este martes y hasta el mi\u00e9rcoles 1\u00ba de junio inclusive.<\/p>\n\n\n\n<div class=\"wp-block-image\"><figure class=\"aligncenter size-large is-resized\"><img loading=\"lazy\" decoding=\"async\" src=\"http:\/\/infoecos.com.ar\/wp-content\/uploads\/DSC_2969-920x614.jpg\" alt=\"\" class=\"wp-image-58643\" width=\"479\" height=\"319\"\/><\/figure><\/div>\n\n\n\n<p>Ser\u00e1 reemplazado en forma interina por Esteban Vidal, quien fue primer candidato a concejal por la lista ganadora en las elecciones de 2019.<\/p>\n\n\n\n<p>El temario completo de la sesi\u00f3n puede leerse en la informaci\u00f3n bajo este t\u00edtulo: <\/p>\n\n\n\n<p><strong>Convocado para el lunes: amplio temario y el pedido de licencia del intendente Fern\u00e1ndez<\/strong><\/p>\n","protected":false},"excerpt":{"rendered":"<p>Ser\u00e1 reemplazado en forma interina por Esteban Vidal, quien fue primer candidato a concejal por la lista ganadora en las elecciones de 2019<\/p>\n","protected":false},"author":2,"featured_media":58643,"comment_status":"closed","ping_status":"open","sticky":false,"template":"","format":"standard","meta":{"footnotes":""},"categories":[50],"tags":[6066],"class_list":["post-92688","post","type-post","status-publish","format-standard","has-post-thumbnail","hentry","category-c1nota4","tag-por-16-dias"],"yoast_head":"<!-- This site is optimized with the Yoast SEO plugin v23.4 - https:\/\/yoast.com\/wordpress\/plugins\/seo\/ -->\n<title>El Concejo Deliberante de Trenque Lauquen trata este lunes el pedido de licencia de Fern\u00e1ndez - Infoecos<\/title>\n<meta name=\"robots\" content=\"index, follow, max-snippet:-1, max-image-preview:large, max-video-preview:-1\" \/>\n<link rel=\"canonical\" href=\"https:\/\/infoecos.com.ar\/index.php\/el-concejo-deliberante-de-trenque-lauquen-trata-este-lunes-el-pedido-de-licencia-de-fernandez\/\" \/>\n<meta property=\"og:locale\" content=\"es_ES\" \/>\n<meta property=\"og:type\" content=\"article\" \/>\n<meta property=\"og:title\" content=\"El Concejo Deliberante de Trenque Lauquen trata este lunes el pedido de licencia de Fern\u00e1ndez - Infoecos\" \/>\n<meta property=\"og:description\" content=\"Ser\u00e1 reemplazado en forma interina por Esteban Vidal, quien fue primer candidato a concejal por la lista ganadora en las elecciones de 2019\" \/>\n<meta property=\"og:url\" content=\"https:\/\/infoecos.com.ar\/index.php\/el-concejo-deliberante-de-trenque-lauquen-trata-este-lunes-el-pedido-de-licencia-de-fernandez\/\" \/>\n<meta property=\"og:site_name\" content=\"Infoecos\" \/>\n<meta property=\"article:publisher\" content=\"https:\/\/www.facebook.com\/profile.php?id=100063200290284\" \/>\n<meta property=\"article:published_time\" content=\"2022-05-15T19:51:34+00:00\" \/>\n<meta property=\"article:modified_time\" content=\"2022-05-16T18:19:59+00:00\" \/>\n<meta property=\"og:image\" content=\"https:\/\/infoecos.com.ar\/wp-content\/uploads\/DSC_2969.jpg\" \/>\n\t<meta property=\"og:image:width\" content=\"1969\" \/>\n\t<meta property=\"og:image:height\" content=\"1314\" \/>\n\t<meta property=\"og:image:type\" content=\"image\/jpeg\" \/>\n<meta name=\"author\" content=\"Jorge Matheus\" \/>\n<meta name=\"twitter:card\" content=\"summary_large_image\" \/>\n<meta name=\"twitter:creator\" content=\"@infoecos\" \/>\n<meta name=\"twitter:site\" content=\"@infoecos\" \/>\n<meta name=\"twitter:label1\" content=\"Escrito por\" \/>\n\t<meta name=\"twitter:data1\" content=\"Jorge Matheus\" \/>\n\t<meta name=\"twitter:label2\" content=\"Tiempo de lectura\" \/>\n\t<meta name=\"twitter:data2\" content=\"1 minuto\" \/>\n<script type=\"application\/ld+json\" class=\"yoast-schema-graph\">{\"@context\":\"https:\/\/schema.org\",\"@graph\":[{\"@type\":\"Article\",\"@id\":\"https:\/\/infoecos.com.ar\/index.php\/el-concejo-deliberante-de-trenque-lauquen-trata-este-lunes-el-pedido-de-licencia-de-fernandez\/#article\",\"isPartOf\":{\"@id\":\"https:\/\/infoecos.com.ar\/index.php\/el-concejo-deliberante-de-trenque-lauquen-trata-este-lunes-el-pedido-de-licencia-de-fernandez\/\"},\"author\":{\"name\":\"Jorge Matheus\",\"@id\":\"https:\/\/infoecos.com.ar\/#\/schema\/person\/8f5ace5ce73b4b4aac4b7245aee6f191\"},\"headline\":\"El Concejo Deliberante de Trenque Lauquen trata este lunes el pedido de licencia de Fern\u00e1ndez\",\"datePublished\":\"2022-05-15T19:51:34+00:00\",\"dateModified\":\"2022-05-16T18:19:59+00:00\",\"mainEntityOfPage\":{\"@id\":\"https:\/\/infoecos.com.ar\/index.php\/el-concejo-deliberante-de-trenque-lauquen-trata-este-lunes-el-pedido-de-licencia-de-fernandez\/\"},\"wordCount\":116,\"publisher\":{\"@id\":\"https:\/\/infoecos.com.ar\/#organization\"},\"image\":{\"@id\":\"https:\/\/infoecos.com.ar\/index.php\/el-concejo-deliberante-de-trenque-lauquen-trata-este-lunes-el-pedido-de-licencia-de-fernandez\/#primaryimage\"},\"thumbnailUrl\":\"\",\"keywords\":[\"POR 16 D\u00cdAS\"],\"articleSection\":[\"C1 N4\"],\"inLanguage\":\"es\"},{\"@type\":\"WebPage\",\"@id\":\"https:\/\/infoecos.com.ar\/index.php\/el-concejo-deliberante-de-trenque-lauquen-trata-este-lunes-el-pedido-de-licencia-de-fernandez\/\",\"url\":\"https:\/\/infoecos.com.ar\/index.php\/el-concejo-deliberante-de-trenque-lauquen-trata-este-lunes-el-pedido-de-licencia-de-fernandez\/\",\"name\":\"El Concejo Deliberante de Trenque Lauquen trata este lunes el pedido de licencia de Fern\u00e1ndez - Infoecos\",\"isPartOf\":{\"@id\":\"https:\/\/infoecos.com.ar\/#website\"},\"primaryImageOfPage\":{\"@id\":\"https:\/\/infoecos.com.ar\/index.php\/el-concejo-deliberante-de-trenque-lauquen-trata-este-lunes-el-pedido-de-licencia-de-fernandez\/#primaryimage\"},\"image\":{\"@id\":\"https:\/\/infoecos.com.ar\/index.php\/el-concejo-deliberante-de-trenque-lauquen-trata-este-lunes-el-pedido-de-licencia-de-fernandez\/#primaryimage\"},\"thumbnailUrl\":\"\",\"datePublished\":\"2022-05-15T19:51:34+00:00\",\"dateModified\":\"2022-05-16T18:19:59+00:00\",\"breadcrumb\":{\"@id\":\"https:\/\/infoecos.com.ar\/index.php\/el-concejo-deliberante-de-trenque-lauquen-trata-este-lunes-el-pedido-de-licencia-de-fernandez\/#breadcrumb\"},\"inLanguage\":\"es\",\"potentialAction\":[{\"@type\":\"ReadAction\",\"target\":[\"https:\/\/infoecos.com.ar\/index.php\/el-concejo-deliberante-de-trenque-lauquen-trata-este-lunes-el-pedido-de-licencia-de-fernandez\/\"]}]},{\"@type\":\"ImageObject\",\"inLanguage\":\"es\",\"@id\":\"https:\/\/infoecos.com.ar\/index.php\/el-concejo-deliberante-de-trenque-lauquen-trata-este-lunes-el-pedido-de-licencia-de-fernandez\/#primaryimage\",\"url\":\"\",\"contentUrl\":\"\"},{\"@type\":\"BreadcrumbList\",\"@id\":\"https:\/\/infoecos.com.ar\/index.php\/el-concejo-deliberante-de-trenque-lauquen-trata-este-lunes-el-pedido-de-licencia-de-fernandez\/#breadcrumb\",\"itemListElement\":[{\"@type\":\"ListItem\",\"position\":1,\"name\":\"Portada\",\"item\":\"https:\/\/infoecos.com.ar\/\"},{\"@type\":\"ListItem\",\"position\":2,\"name\":\"El Concejo Deliberante de Trenque Lauquen trata este lunes el pedido de licencia de Fern\u00e1ndez\"}]},{\"@type\":\"WebSite\",\"@id\":\"https:\/\/infoecos.com.ar\/#website\",\"url\":\"https:\/\/infoecos.com.ar\/\",\"name\":\"Infoecos\",\"description\":\"Noticias de trenque lauquen y la zona\",\"publisher\":{\"@id\":\"https:\/\/infoecos.com.ar\/#organization\"},\"alternateName\":\"Noticias\",\"potentialAction\":[{\"@type\":\"SearchAction\",\"target\":{\"@type\":\"EntryPoint\",\"urlTemplate\":\"https:\/\/infoecos.com.ar\/?s={search_term_string}\"},\"query-input\":{\"@type\":\"PropertyValueSpecification\",\"valueRequired\":true,\"valueName\":\"search_term_string\"}}],\"inLanguage\":\"es\"},{\"@type\":\"Organization\",\"@id\":\"https:\/\/infoecos.com.ar\/#organization\",\"name\":\"Infoecos\",\"alternateName\":\"Noticias\",\"url\":\"https:\/\/infoecos.com.ar\/\",\"logo\":{\"@type\":\"ImageObject\",\"inLanguage\":\"es\",\"@id\":\"https:\/\/infoecos.com.ar\/#\/schema\/logo\/image\/\",\"url\":\"https:\/\/infoecos.com.ar\/wp-content\/uploads\/2024\/03\/cropped-logo.png\",\"contentUrl\":\"https:\/\/infoecos.com.ar\/wp-content\/uploads\/2024\/03\/cropped-logo.png\",\"width\":374,\"height\":90,\"caption\":\"Infoecos\"},\"image\":{\"@id\":\"https:\/\/infoecos.com.ar\/#\/schema\/logo\/image\/\"},\"sameAs\":[\"https:\/\/www.facebook.com\/profile.php?id=100063200290284\",\"https:\/\/x.com\/infoecos\"]},{\"@type\":\"Person\",\"@id\":\"https:\/\/infoecos.com.ar\/#\/schema\/person\/8f5ace5ce73b4b4aac4b7245aee6f191\",\"name\":\"Jorge Matheus\",\"url\":\"https:\/\/infoecos.com.ar\/index.php\/author\/jomatheus\/\"}]}<\/script>\n<!-- \/ Yoast SEO plugin. -->","yoast_head_json":{"title":"El Concejo Deliberante de Trenque Lauquen trata este lunes el pedido de licencia de Fern\u00e1ndez - Infoecos","robots":{"index":"index","follow":"follow","max-snippet":"max-snippet:-1","max-image-preview":"max-image-preview:large","max-video-preview":"max-video-preview:-1"},"canonical":"https:\/\/infoecos.com.ar\/index.php\/el-concejo-deliberante-de-trenque-lauquen-trata-este-lunes-el-pedido-de-licencia-de-fernandez\/","og_locale":"es_ES","og_type":"article","og_title":"El Concejo Deliberante de Trenque Lauquen trata este lunes el pedido de licencia de Fern\u00e1ndez - Infoecos","og_description":"Ser\u00e1 reemplazado en forma interina por Esteban Vidal, quien fue primer candidato a concejal por la lista ganadora en las elecciones de 2019","og_url":"https:\/\/infoecos.com.ar\/index.php\/el-concejo-deliberante-de-trenque-lauquen-trata-este-lunes-el-pedido-de-licencia-de-fernandez\/","og_site_name":"Infoecos","article_publisher":"https:\/\/www.facebook.com\/profile.php?id=100063200290284","article_published_time":"2022-05-15T19:51:34+00:00","article_modified_time":"2022-05-16T18:19:59+00:00","og_image":[{"width":1969,"height":1314,"url":"https:\/\/infoecos.com.ar\/wp-content\/uploads\/DSC_2969.jpg","type":"image\/jpeg"}],"author":"Jorge Matheus","twitter_card":"summary_large_image","twitter_creator":"@infoecos","twitter_site":"@infoecos","twitter_misc":{"Escrito por":"Jorge Matheus","Tiempo de lectura":"1 minuto"},"schema":{"@context":"https:\/\/schema.org","@graph":[{"@type":"Article","@id":"https:\/\/infoecos.com.ar\/index.php\/el-concejo-deliberante-de-trenque-lauquen-trata-este-lunes-el-pedido-de-licencia-de-fernandez\/#article","isPartOf":{"@id":"https:\/\/infoecos.com.ar\/index.php\/el-concejo-deliberante-de-trenque-lauquen-trata-este-lunes-el-pedido-de-licencia-de-fernandez\/"},"author":{"name":"Jorge Matheus","@id":"https:\/\/infoecos.com.ar\/#\/schema\/person\/8f5ace5ce73b4b4aac4b7245aee6f191"},"headline":"El Concejo Deliberante de Trenque Lauquen trata este lunes el pedido de licencia de Fern\u00e1ndez","datePublished":"2022-05-15T19:51:34+00:00","dateModified":"2022-05-16T18:19:59+00:00","mainEntityOfPage":{"@id":"https:\/\/infoecos.com.ar\/index.php\/el-concejo-deliberante-de-trenque-lauquen-trata-este-lunes-el-pedido-de-licencia-de-fernandez\/"},"wordCount":116,"publisher":{"@id":"https:\/\/infoecos.com.ar\/#organization"},"image":{"@id":"https:\/\/infoecos.com.ar\/index.php\/el-concejo-deliberante-de-trenque-lauquen-trata-este-lunes-el-pedido-de-licencia-de-fernandez\/#primaryimage"},"thumbnailUrl":"","keywords":["POR 16 D\u00cdAS"],"articleSection":["C1 N4"],"inLanguage":"es"},{"@type":"WebPage","@id":"https:\/\/infoecos.com.ar\/index.php\/el-concejo-deliberante-de-trenque-lauquen-trata-este-lunes-el-pedido-de-licencia-de-fernandez\/","url":"https:\/\/infoecos.com.ar\/index.php\/el-concejo-deliberante-de-trenque-lauquen-trata-este-lunes-el-pedido-de-licencia-de-fernandez\/","name":"El Concejo Deliberante de Trenque Lauquen trata este lunes el pedido de licencia de Fern\u00e1ndez - Infoecos","isPartOf":{"@id":"https:\/\/infoecos.com.ar\/#website"},"primaryImageOfPage":{"@id":"https:\/\/infoecos.com.ar\/index.php\/el-concejo-deliberante-de-trenque-lauquen-trata-este-lunes-el-pedido-de-licencia-de-fernandez\/#primaryimage"},"image":{"@id":"https:\/\/infoecos.com.ar\/index.php\/el-concejo-deliberante-de-trenque-lauquen-trata-este-lunes-el-pedido-de-licencia-de-fernandez\/#primaryimage"},"thumbnailUrl":"","datePublished":"2022-05-15T19:51:34+00:00","dateModified":"2022-05-16T18:19:59+00:00","breadcrumb":{"@id":"https:\/\/infoecos.com.ar\/index.php\/el-concejo-deliberante-de-trenque-lauquen-trata-este-lunes-el-pedido-de-licencia-de-fernandez\/#breadcrumb"},"inLanguage":"es","potentialAction":[{"@type":"ReadAction","target":["https:\/\/infoecos.com.ar\/index.php\/el-concejo-deliberante-de-trenque-lauquen-trata-este-lunes-el-pedido-de-licencia-de-fernandez\/"]}]},{"@type":"ImageObject","inLanguage":"es","@id":"https:\/\/infoecos.com.ar\/index.php\/el-concejo-deliberante-de-trenque-lauquen-trata-este-lunes-el-pedido-de-licencia-de-fernandez\/#primaryimage","url":"","contentUrl":""},{"@type":"BreadcrumbList","@id":"https:\/\/infoecos.com.ar\/index.php\/el-concejo-deliberante-de-trenque-lauquen-trata-este-lunes-el-pedido-de-licencia-de-fernandez\/#breadcrumb","itemListElement":[{"@type":"ListItem","position":1,"name":"Portada","item":"https:\/\/infoecos.com.ar\/"},{"@type":"ListItem","position":2,"name":"El Concejo Deliberante de Trenque Lauquen trata este lunes el pedido de licencia de Fern\u00e1ndez"}]},{"@type":"WebSite","@id":"https:\/\/infoecos.com.ar\/#website","url":"https:\/\/infoecos.com.ar\/","name":"Infoecos","description":"Noticias de trenque lauquen y la zona","publisher":{"@id":"https:\/\/infoecos.com.ar\/#organization"},"alternateName":"Noticias","potentialAction":[{"@type":"SearchAction","target":{"@type":"EntryPoint","urlTemplate":"https:\/\/infoecos.com.ar\/?s={search_term_string}"},"query-input":{"@type":"PropertyValueSpecification","valueRequired":true,"valueName":"search_term_string"}}],"inLanguage":"es"},{"@type":"Organization","@id":"https:\/\/infoecos.com.ar\/#organization","name":"Infoecos","alternateName":"Noticias","url":"https:\/\/infoecos.com.ar\/","logo":{"@type":"ImageObject","inLanguage":"es","@id":"https:\/\/infoecos.com.ar\/#\/schema\/logo\/image\/","url":"https:\/\/infoecos.com.ar\/wp-content\/uploads\/2024\/03\/cropped-logo.png","contentUrl":"https:\/\/infoecos.com.ar\/wp-content\/uploads\/2024\/03\/cropped-logo.png","width":374,"height":90,"caption":"Infoecos"},"image":{"@id":"https:\/\/infoecos.com.ar\/#\/schema\/logo\/image\/"},"sameAs":["https:\/\/www.facebook.com\/profile.php?id=100063200290284","https:\/\/x.com\/infoecos"]},{"@type":"Person","@id":"https:\/\/infoecos.com.ar\/#\/schema\/person\/8f5ace5ce73b4b4aac4b7245aee6f191","name":"Jorge Matheus","url":"https:\/\/infoecos.com.ar\/index.php\/author\/jomatheus\/"}]}},"featured_image_urls":{"full":"","thumbnail":"","medium":"","medium_large":"","large":"","1536x1536":"","2048x2048":"","covernews-slider-full":"","covernews-slider-center":"","covernews-featured":"","covernews-medium":"","covernews-medium-square":""},"author_info":{"info":["Jorge Matheus"]},"category_info":"<a href=\"https:\/\/infoecos.com.ar\/index.php\/category\/c1nota4\/\" rel=\"category tag\">C1 N4<\/a>","tag_info":"C1 N4","comment_count":"0","_links":{"self":[{"href":"https:\/\/infoecos.com.ar\/index.php\/wp-json\/wp\/v2\/posts\/92688"}],"collection":[{"href":"https:\/\/infoecos.com.ar\/index.php\/wp-json\/wp\/v2\/posts"}],"about":[{"href":"https:\/\/infoecos.com.ar\/index.php\/wp-json\/wp\/v2\/types\/post"}],"author":[{"embeddable":true,"href":"https:\/\/infoecos.com.ar\/index.php\/wp-json\/wp\/v2\/users\/2"}],"replies":[{"embeddable":true,"href":"https:\/\/infoecos.com.ar\/index.php\/wp-json\/wp\/v2\/comments?post=92688"}],"version-history":[{"count":1,"href":"https:\/\/infoecos.com.ar\/index.php\/wp-json\/wp\/v2\/posts\/92688\/revisions"}],"predecessor-version":[{"id":92689,"href":"https:\/\/infoecos.com.ar\/index.php\/wp-json\/wp\/v2\/posts\/92688\/revisions\/92689"}],"wp:featuredmedia":[{"embeddable":true,"href":"https:\/\/infoecos.com.ar\/index.php\/wp-json\/"}],"wp:attachment":[{"href":"https:\/\/infoecos.com.ar\/index.php\/wp-json\/wp\/v2\/media?parent=92688"}],"wp:term":[{"taxonomy":"category","embeddable":true,"href":"https:\/\/infoecos.com.ar\/index.php\/wp-json\/wp\/v2\/categories?post=92688"},{"taxonomy":"post_tag","embeddable":true,"href":"https:\/\/infoecos.com.ar\/index.php\/wp-json\/wp\/v2\/tags?post=92688"}],"curies":[{"name":"wp","href":"https:\/\/api.w.org\/{rel}","templated":true}]}}