{"id":92690,"date":"2022-05-15T17:05:15","date_gmt":"2022-05-15T20:05:15","guid":{"rendered":"http:\/\/infoecos.com.ar\/?p=92690"},"modified":"2022-05-16T15:27:11","modified_gmt":"2022-05-16T18:27:11","slug":"t-lauquen-se-elevara-un-pedido-de-emergencia-como-prorroga-en-el-pago-de-impuestos-para-el-sector-rural","status":"publish","type":"post","link":"https:\/\/infoecos.com.ar\/index.php\/t-lauquen-se-elevara-un-pedido-de-emergencia-como-prorroga-en-el-pago-de-impuestos-para-el-sector-rural\/","title":{"rendered":"T.Lauquen: Se elevar\u00e1 un pedido de emergencia como pr\u00f3rroga en el pago de impuestos para el sector rural"},"content":{"rendered":"\n<p>El Comit\u00e9 de Cuenca de Trenque Lauquen decidi\u00f3 elevar un pedido de emergencia como pr\u00f3rroga en el pago de impuestos para el sector de la producci\u00f3n.<\/p>\n\n\n\n<div class=\"wp-block-image\"><figure class=\"aligncenter size-large is-resized\"><img loading=\"lazy\" decoding=\"async\" src=\"http:\/\/infoecos.com.ar\/wp-content\/uploads\/2022\/05\/Comite-de-Cuenca-6.jpg\" alt=\"\" class=\"wp-image-92691\" width=\"342\" height=\"228\" srcset=\"https:\/\/infoecos.com.ar\/wp-content\/uploads\/2022\/05\/Comite-de-Cuenca-6.jpg 852w, https:\/\/infoecos.com.ar\/wp-content\/uploads\/2022\/05\/Comite-de-Cuenca-6-460x307.jpg 460w, https:\/\/infoecos.com.ar\/wp-content\/uploads\/2022\/05\/Comite-de-Cuenca-6-768x512.jpg 768w, https:\/\/infoecos.com.ar\/wp-content\/uploads\/2022\/05\/Comite-de-Cuenca-6-675x450.jpg 675w\" sizes=\"(max-width: 342px) 100vw, 342px\" \/><\/figure><\/div>\n\n\n\n<p>Los productores que consideren estar en emergencia, deber\u00e1n presentarse antes del 15 de junio pr\u00f3ximo en la Municipalidad o en la Sociedad Rural de Trenque Lauquen para solicitar los formularios de Solicitud. Una vez analizadas las presentaciones de los productores ser\u00e1 evaluada la necesidad de solicitar la Emergencia Agropecuaria.<\/p>\n\n\n\n<div class=\"wp-block-image\"><figure class=\"aligncenter size-large is-resized\"><img loading=\"lazy\" decoding=\"async\" src=\"http:\/\/infoecos.com.ar\/wp-content\/uploads\/2022\/05\/Comite-de-Cuenca-1-1.jpg\" alt=\"\" class=\"wp-image-92692\" width=\"335\" height=\"223\" srcset=\"https:\/\/infoecos.com.ar\/wp-content\/uploads\/2022\/05\/Comite-de-Cuenca-1-1.jpg 852w, https:\/\/infoecos.com.ar\/wp-content\/uploads\/2022\/05\/Comite-de-Cuenca-1-1-460x307.jpg 460w, https:\/\/infoecos.com.ar\/wp-content\/uploads\/2022\/05\/Comite-de-Cuenca-1-1-768x512.jpg 768w, https:\/\/infoecos.com.ar\/wp-content\/uploads\/2022\/05\/Comite-de-Cuenca-1-1-675x450.jpg 675w\" sizes=\"(max-width: 335px) 100vw, 335px\" \/><\/figure><\/div>\n\n\n\n<p>Se convino en el encuentro realizado en las postrimer\u00edas de la semana anterior impulsar el proyecto de ley del diputado Provincial Valent\u00edn Mirada vinculado a la situaci\u00f3n de los productores ubicados en la zona afectada por la laguna El Hinojo &#8211; Las Tunas y acelerar la promulgaci\u00f3n de los decretos que habilitan a ARBA a depurar los padrones de deudores del Impuesto Inmobiliario, donde figuran las partidas afectadas por inundaciones.<\/p>\n\n\n\n<div class=\"wp-block-image\"><figure class=\"aligncenter size-large is-resized\"><img loading=\"lazy\" decoding=\"async\" src=\"http:\/\/infoecos.com.ar\/wp-content\/uploads\/2022\/05\/Comite-de-Cuenca-2.jpg\" alt=\"\" class=\"wp-image-92693\" width=\"328\" height=\"219\" srcset=\"https:\/\/infoecos.com.ar\/wp-content\/uploads\/2022\/05\/Comite-de-Cuenca-2.jpg 852w, https:\/\/infoecos.com.ar\/wp-content\/uploads\/2022\/05\/Comite-de-Cuenca-2-460x307.jpg 460w, https:\/\/infoecos.com.ar\/wp-content\/uploads\/2022\/05\/Comite-de-Cuenca-2-768x512.jpg 768w, https:\/\/infoecos.com.ar\/wp-content\/uploads\/2022\/05\/Comite-de-Cuenca-2-675x450.jpg 675w\" sizes=\"(max-width: 328px) 100vw, 328px\" \/><\/figure><\/div>\n\n\n\n<p>Con relaci\u00f3n al Bajo San Ricardo, en la reuni\u00f3n del comit\u00e9, fue recibido el informe hidr\u00e1ulico que se\u00f1ala c\u00f3mo afectan las obras existentes y proyectadas. El Dr Dar\u00edo Culaciatti coment\u00f3 los alcances del mismo en cuanto a su aplicaci\u00f3n a los expedientes abiertos en la Autoridad del Agua para desactivar la obra. Y sostuvo que hasta la fecha no llegaron los antecedentes que autoricen la obra ni su habilitaci\u00f3n.<\/p>\n\n\n\n<p>Este informe junto con otra documentaci\u00f3n adjunta se entregar\u00e1 a las autoridades provinciales para que resuelvan el conflicto a la mayor brevedad posible.<\/p>\n","protected":false},"excerpt":{"rendered":"<p>Los productores que consideren estar en emergencia, deber\u00e1n presentarse antes del 15 de junio pr\u00f3ximo en la Municipalidad o en la Sociedad Rural de Trenque Lauquen para solicitar los formularios de solicitud <\/p>\n","protected":false},"author":2,"featured_media":92691,"comment_status":"closed","ping_status":"open","sticky":false,"template":"","format":"standard","meta":{"footnotes":""},"categories":[51],"tags":[5984],"class_list":["post-92690","post","type-post","status-publish","format-standard","has-post-thumbnail","hentry","category-c2nota4","tag-situacion-hidrica"],"yoast_head":"<!-- This site is optimized with the Yoast SEO plugin v23.4 - https:\/\/yoast.com\/wordpress\/plugins\/seo\/ -->\n<title>T.Lauquen: Se elevar\u00e1 un pedido de emergencia como pr\u00f3rroga en el pago de impuestos para el sector rural - Infoecos<\/title>\n<meta name=\"robots\" content=\"index, follow, max-snippet:-1, max-image-preview:large, max-video-preview:-1\" \/>\n<link rel=\"canonical\" href=\"https:\/\/infoecos.com.ar\/index.php\/t-lauquen-se-elevara-un-pedido-de-emergencia-como-prorroga-en-el-pago-de-impuestos-para-el-sector-rural\/\" \/>\n<meta property=\"og:locale\" content=\"es_ES\" \/>\n<meta property=\"og:type\" content=\"article\" \/>\n<meta property=\"og:title\" content=\"T.Lauquen: Se elevar\u00e1 un pedido de emergencia como pr\u00f3rroga en el pago de impuestos para el sector rural - Infoecos\" \/>\n<meta property=\"og:description\" content=\"Los productores que consideren estar en emergencia, deber\u00e1n presentarse antes del 15 de junio pr\u00f3ximo en la Municipalidad o en la Sociedad Rural de Trenque Lauquen para solicitar los formularios de solicitud\" \/>\n<meta property=\"og:url\" content=\"https:\/\/infoecos.com.ar\/index.php\/t-lauquen-se-elevara-un-pedido-de-emergencia-como-prorroga-en-el-pago-de-impuestos-para-el-sector-rural\/\" \/>\n<meta property=\"og:site_name\" content=\"Infoecos\" \/>\n<meta property=\"article:publisher\" content=\"https:\/\/www.facebook.com\/profile.php?id=100063200290284\" \/>\n<meta property=\"article:published_time\" content=\"2022-05-15T20:05:15+00:00\" \/>\n<meta property=\"article:modified_time\" content=\"2022-05-16T18:27:11+00:00\" \/>\n<meta property=\"og:image\" content=\"https:\/\/infoecos.com.ar\/wp-content\/uploads\/2022\/05\/Comite-de-Cuenca-6.jpg\" \/>\n\t<meta property=\"og:image:width\" content=\"852\" \/>\n\t<meta property=\"og:image:height\" content=\"568\" \/>\n\t<meta property=\"og:image:type\" content=\"image\/jpeg\" \/>\n<meta name=\"author\" content=\"Jorge Matheus\" \/>\n<meta name=\"twitter:card\" content=\"summary_large_image\" \/>\n<meta name=\"twitter:creator\" content=\"@infoecos\" \/>\n<meta name=\"twitter:site\" content=\"@infoecos\" \/>\n<meta name=\"twitter:label1\" content=\"Escrito por\" \/>\n\t<meta name=\"twitter:data1\" content=\"Jorge Matheus\" \/>\n\t<meta name=\"twitter:label2\" content=\"Tiempo de lectura\" \/>\n\t<meta name=\"twitter:data2\" content=\"1 minuto\" \/>\n<script type=\"application\/ld+json\" class=\"yoast-schema-graph\">{\"@context\":\"https:\/\/schema.org\",\"@graph\":[{\"@type\":\"Article\",\"@id\":\"https:\/\/infoecos.com.ar\/index.php\/t-lauquen-se-elevara-un-pedido-de-emergencia-como-prorroga-en-el-pago-de-impuestos-para-el-sector-rural\/#article\",\"isPartOf\":{\"@id\":\"https:\/\/infoecos.com.ar\/index.php\/t-lauquen-se-elevara-un-pedido-de-emergencia-como-prorroga-en-el-pago-de-impuestos-para-el-sector-rural\/\"},\"author\":{\"name\":\"Jorge Matheus\",\"@id\":\"https:\/\/infoecos.com.ar\/#\/schema\/person\/8f5ace5ce73b4b4aac4b7245aee6f191\"},\"headline\":\"T.Lauquen: Se elevar\u00e1 un pedido de emergencia como pr\u00f3rroga en el pago de impuestos para el sector rural\",\"datePublished\":\"2022-05-15T20:05:15+00:00\",\"dateModified\":\"2022-05-16T18:27:11+00:00\",\"mainEntityOfPage\":{\"@id\":\"https:\/\/infoecos.com.ar\/index.php\/t-lauquen-se-elevara-un-pedido-de-emergencia-como-prorroga-en-el-pago-de-impuestos-para-el-sector-rural\/\"},\"wordCount\":273,\"publisher\":{\"@id\":\"https:\/\/infoecos.com.ar\/#organization\"},\"image\":{\"@id\":\"https:\/\/infoecos.com.ar\/index.php\/t-lauquen-se-elevara-un-pedido-de-emergencia-como-prorroga-en-el-pago-de-impuestos-para-el-sector-rural\/#primaryimage\"},\"thumbnailUrl\":\"https:\/\/infoecos.com.ar\/wp-content\/uploads\/2022\/05\/Comite-de-Cuenca-6.jpg\",\"keywords\":[\"SITUACI\u00d3N H\u00cdDRICA\"],\"articleSection\":[\"C2 N4\"],\"inLanguage\":\"es\"},{\"@type\":\"WebPage\",\"@id\":\"https:\/\/infoecos.com.ar\/index.php\/t-lauquen-se-elevara-un-pedido-de-emergencia-como-prorroga-en-el-pago-de-impuestos-para-el-sector-rural\/\",\"url\":\"https:\/\/infoecos.com.ar\/index.php\/t-lauquen-se-elevara-un-pedido-de-emergencia-como-prorroga-en-el-pago-de-impuestos-para-el-sector-rural\/\",\"name\":\"T.Lauquen: Se elevar\u00e1 un pedido de emergencia como pr\u00f3rroga en el pago de impuestos para el sector rural - Infoecos\",\"isPartOf\":{\"@id\":\"https:\/\/infoecos.com.ar\/#website\"},\"primaryImageOfPage\":{\"@id\":\"https:\/\/infoecos.com.ar\/index.php\/t-lauquen-se-elevara-un-pedido-de-emergencia-como-prorroga-en-el-pago-de-impuestos-para-el-sector-rural\/#primaryimage\"},\"image\":{\"@id\":\"https:\/\/infoecos.com.ar\/index.php\/t-lauquen-se-elevara-un-pedido-de-emergencia-como-prorroga-en-el-pago-de-impuestos-para-el-sector-rural\/#primaryimage\"},\"thumbnailUrl\":\"https:\/\/infoecos.com.ar\/wp-content\/uploads\/2022\/05\/Comite-de-Cuenca-6.jpg\",\"datePublished\":\"2022-05-15T20:05:15+00:00\",\"dateModified\":\"2022-05-16T18:27:11+00:00\",\"breadcrumb\":{\"@id\":\"https:\/\/infoecos.com.ar\/index.php\/t-lauquen-se-elevara-un-pedido-de-emergencia-como-prorroga-en-el-pago-de-impuestos-para-el-sector-rural\/#breadcrumb\"},\"inLanguage\":\"es\",\"potentialAction\":[{\"@type\":\"ReadAction\",\"target\":[\"https:\/\/infoecos.com.ar\/index.php\/t-lauquen-se-elevara-un-pedido-de-emergencia-como-prorroga-en-el-pago-de-impuestos-para-el-sector-rural\/\"]}]},{\"@type\":\"ImageObject\",\"inLanguage\":\"es\",\"@id\":\"https:\/\/infoecos.com.ar\/index.php\/t-lauquen-se-elevara-un-pedido-de-emergencia-como-prorroga-en-el-pago-de-impuestos-para-el-sector-rural\/#primaryimage\",\"url\":\"https:\/\/infoecos.com.ar\/wp-content\/uploads\/2022\/05\/Comite-de-Cuenca-6.jpg\",\"contentUrl\":\"https:\/\/infoecos.com.ar\/wp-content\/uploads\/2022\/05\/Comite-de-Cuenca-6.jpg\",\"width\":852,\"height\":568},{\"@type\":\"BreadcrumbList\",\"@id\":\"https:\/\/infoecos.com.ar\/index.php\/t-lauquen-se-elevara-un-pedido-de-emergencia-como-prorroga-en-el-pago-de-impuestos-para-el-sector-rural\/#breadcrumb\",\"itemListElement\":[{\"@type\":\"ListItem\",\"position\":1,\"name\":\"Portada\",\"item\":\"https:\/\/infoecos.com.ar\/\"},{\"@type\":\"ListItem\",\"position\":2,\"name\":\"T.Lauquen: Se elevar\u00e1 un pedido de emergencia como pr\u00f3rroga en el pago de impuestos para el sector rural\"}]},{\"@type\":\"WebSite\",\"@id\":\"https:\/\/infoecos.com.ar\/#website\",\"url\":\"https:\/\/infoecos.com.ar\/\",\"name\":\"Infoecos\",\"description\":\"Noticias de trenque lauquen y la zona\",\"publisher\":{\"@id\":\"https:\/\/infoecos.com.ar\/#organization\"},\"alternateName\":\"Noticias\",\"potentialAction\":[{\"@type\":\"SearchAction\",\"target\":{\"@type\":\"EntryPoint\",\"urlTemplate\":\"https:\/\/infoecos.com.ar\/?s={search_term_string}\"},\"query-input\":{\"@type\":\"PropertyValueSpecification\",\"valueRequired\":true,\"valueName\":\"search_term_string\"}}],\"inLanguage\":\"es\"},{\"@type\":\"Organization\",\"@id\":\"https:\/\/infoecos.com.ar\/#organization\",\"name\":\"Infoecos\",\"alternateName\":\"Noticias\",\"url\":\"https:\/\/infoecos.com.ar\/\",\"logo\":{\"@type\":\"ImageObject\",\"inLanguage\":\"es\",\"@id\":\"https:\/\/infoecos.com.ar\/#\/schema\/logo\/image\/\",\"url\":\"https:\/\/infoecos.com.ar\/wp-content\/uploads\/2024\/03\/cropped-logo.png\",\"contentUrl\":\"https:\/\/infoecos.com.ar\/wp-content\/uploads\/2024\/03\/cropped-logo.png\",\"width\":374,\"height\":90,\"caption\":\"Infoecos\"},\"image\":{\"@id\":\"https:\/\/infoecos.com.ar\/#\/schema\/logo\/image\/\"},\"sameAs\":[\"https:\/\/www.facebook.com\/profile.php?id=100063200290284\",\"https:\/\/x.com\/infoecos\"]},{\"@type\":\"Person\",\"@id\":\"https:\/\/infoecos.com.ar\/#\/schema\/person\/8f5ace5ce73b4b4aac4b7245aee6f191\",\"name\":\"Jorge Matheus\",\"url\":\"https:\/\/infoecos.com.ar\/index.php\/author\/jomatheus\/\"}]}<\/script>\n<!-- \/ Yoast SEO plugin. -->","yoast_head_json":{"title":"T.Lauquen: Se elevar\u00e1 un pedido de emergencia como pr\u00f3rroga en el pago de impuestos para el sector rural - Infoecos","robots":{"index":"index","follow":"follow","max-snippet":"max-snippet:-1","max-image-preview":"max-image-preview:large","max-video-preview":"max-video-preview:-1"},"canonical":"https:\/\/infoecos.com.ar\/index.php\/t-lauquen-se-elevara-un-pedido-de-emergencia-como-prorroga-en-el-pago-de-impuestos-para-el-sector-rural\/","og_locale":"es_ES","og_type":"article","og_title":"T.Lauquen: Se elevar\u00e1 un pedido de emergencia como pr\u00f3rroga en el pago de impuestos para el sector rural - Infoecos","og_description":"Los productores que consideren estar en emergencia, deber\u00e1n presentarse antes del 15 de junio pr\u00f3ximo en la Municipalidad o en la Sociedad Rural de Trenque Lauquen para solicitar los formularios de solicitud","og_url":"https:\/\/infoecos.com.ar\/index.php\/t-lauquen-se-elevara-un-pedido-de-emergencia-como-prorroga-en-el-pago-de-impuestos-para-el-sector-rural\/","og_site_name":"Infoecos","article_publisher":"https:\/\/www.facebook.com\/profile.php?id=100063200290284","article_published_time":"2022-05-15T20:05:15+00:00","article_modified_time":"2022-05-16T18:27:11+00:00","og_image":[{"width":852,"height":568,"url":"https:\/\/infoecos.com.ar\/wp-content\/uploads\/2022\/05\/Comite-de-Cuenca-6.jpg","type":"image\/jpeg"}],"author":"Jorge Matheus","twitter_card":"summary_large_image","twitter_creator":"@infoecos","twitter_site":"@infoecos","twitter_misc":{"Escrito por":"Jorge Matheus","Tiempo de lectura":"1 minuto"},"schema":{"@context":"https:\/\/schema.org","@graph":[{"@type":"Article","@id":"https:\/\/infoecos.com.ar\/index.php\/t-lauquen-se-elevara-un-pedido-de-emergencia-como-prorroga-en-el-pago-de-impuestos-para-el-sector-rural\/#article","isPartOf":{"@id":"https:\/\/infoecos.com.ar\/index.php\/t-lauquen-se-elevara-un-pedido-de-emergencia-como-prorroga-en-el-pago-de-impuestos-para-el-sector-rural\/"},"author":{"name":"Jorge Matheus","@id":"https:\/\/infoecos.com.ar\/#\/schema\/person\/8f5ace5ce73b4b4aac4b7245aee6f191"},"headline":"T.Lauquen: Se elevar\u00e1 un pedido de emergencia como pr\u00f3rroga en el pago de impuestos para el sector rural","datePublished":"2022-05-15T20:05:15+00:00","dateModified":"2022-05-16T18:27:11+00:00","mainEntityOfPage":{"@id":"https:\/\/infoecos.com.ar\/index.php\/t-lauquen-se-elevara-un-pedido-de-emergencia-como-prorroga-en-el-pago-de-impuestos-para-el-sector-rural\/"},"wordCount":273,"publisher":{"@id":"https:\/\/infoecos.com.ar\/#organization"},"image":{"@id":"https:\/\/infoecos.com.ar\/index.php\/t-lauquen-se-elevara-un-pedido-de-emergencia-como-prorroga-en-el-pago-de-impuestos-para-el-sector-rural\/#primaryimage"},"thumbnailUrl":"https:\/\/infoecos.com.ar\/wp-content\/uploads\/2022\/05\/Comite-de-Cuenca-6.jpg","keywords":["SITUACI\u00d3N H\u00cdDRICA"],"articleSection":["C2 N4"],"inLanguage":"es"},{"@type":"WebPage","@id":"https:\/\/infoecos.com.ar\/index.php\/t-lauquen-se-elevara-un-pedido-de-emergencia-como-prorroga-en-el-pago-de-impuestos-para-el-sector-rural\/","url":"https:\/\/infoecos.com.ar\/index.php\/t-lauquen-se-elevara-un-pedido-de-emergencia-como-prorroga-en-el-pago-de-impuestos-para-el-sector-rural\/","name":"T.Lauquen: Se elevar\u00e1 un pedido de emergencia como pr\u00f3rroga en el pago de impuestos para el sector rural - Infoecos","isPartOf":{"@id":"https:\/\/infoecos.com.ar\/#website"},"primaryImageOfPage":{"@id":"https:\/\/infoecos.com.ar\/index.php\/t-lauquen-se-elevara-un-pedido-de-emergencia-como-prorroga-en-el-pago-de-impuestos-para-el-sector-rural\/#primaryimage"},"image":{"@id":"https:\/\/infoecos.com.ar\/index.php\/t-lauquen-se-elevara-un-pedido-de-emergencia-como-prorroga-en-el-pago-de-impuestos-para-el-sector-rural\/#primaryimage"},"thumbnailUrl":"https:\/\/infoecos.com.ar\/wp-content\/uploads\/2022\/05\/Comite-de-Cuenca-6.jpg","datePublished":"2022-05-15T20:05:15+00:00","dateModified":"2022-05-16T18:27:11+00:00","breadcrumb":{"@id":"https:\/\/infoecos.com.ar\/index.php\/t-lauquen-se-elevara-un-pedido-de-emergencia-como-prorroga-en-el-pago-de-impuestos-para-el-sector-rural\/#breadcrumb"},"inLanguage":"es","potentialAction":[{"@type":"ReadAction","target":["https:\/\/infoecos.com.ar\/index.php\/t-lauquen-se-elevara-un-pedido-de-emergencia-como-prorroga-en-el-pago-de-impuestos-para-el-sector-rural\/"]}]},{"@type":"ImageObject","inLanguage":"es","@id":"https:\/\/infoecos.com.ar\/index.php\/t-lauquen-se-elevara-un-pedido-de-emergencia-como-prorroga-en-el-pago-de-impuestos-para-el-sector-rural\/#primaryimage","url":"https:\/\/infoecos.com.ar\/wp-content\/uploads\/2022\/05\/Comite-de-Cuenca-6.jpg","contentUrl":"https:\/\/infoecos.com.ar\/wp-content\/uploads\/2022\/05\/Comite-de-Cuenca-6.jpg","width":852,"height":568},{"@type":"BreadcrumbList","@id":"https:\/\/infoecos.com.ar\/index.php\/t-lauquen-se-elevara-un-pedido-de-emergencia-como-prorroga-en-el-pago-de-impuestos-para-el-sector-rural\/#breadcrumb","itemListElement":[{"@type":"ListItem","position":1,"name":"Portada","item":"https:\/\/infoecos.com.ar\/"},{"@type":"ListItem","position":2,"name":"T.Lauquen: Se elevar\u00e1 un pedido de emergencia como pr\u00f3rroga en el pago de impuestos para el sector rural"}]},{"@type":"WebSite","@id":"https:\/\/infoecos.com.ar\/#website","url":"https:\/\/infoecos.com.ar\/","name":"Infoecos","description":"Noticias de trenque lauquen y la zona","publisher":{"@id":"https:\/\/infoecos.com.ar\/#organization"},"alternateName":"Noticias","potentialAction":[{"@type":"SearchAction","target":{"@type":"EntryPoint","urlTemplate":"https:\/\/infoecos.com.ar\/?s={search_term_string}"},"query-input":{"@type":"PropertyValueSpecification","valueRequired":true,"valueName":"search_term_string"}}],"inLanguage":"es"},{"@type":"Organization","@id":"https:\/\/infoecos.com.ar\/#organization","name":"Infoecos","alternateName":"Noticias","url":"https:\/\/infoecos.com.ar\/","logo":{"@type":"ImageObject","inLanguage":"es","@id":"https:\/\/infoecos.com.ar\/#\/schema\/logo\/image\/","url":"https:\/\/infoecos.com.ar\/wp-content\/uploads\/2024\/03\/cropped-logo.png","contentUrl":"https:\/\/infoecos.com.ar\/wp-content\/uploads\/2024\/03\/cropped-logo.png","width":374,"height":90,"caption":"Infoecos"},"image":{"@id":"https:\/\/infoecos.com.ar\/#\/schema\/logo\/image\/"},"sameAs":["https:\/\/www.facebook.com\/profile.php?id=100063200290284","https:\/\/x.com\/infoecos"]},{"@type":"Person","@id":"https:\/\/infoecos.com.ar\/#\/schema\/person\/8f5ace5ce73b4b4aac4b7245aee6f191","name":"Jorge Matheus","url":"https:\/\/infoecos.com.ar\/index.php\/author\/jomatheus\/"}]}},"featured_image_urls":{"full":["https:\/\/infoecos.com.ar\/wp-content\/uploads\/2022\/05\/Comite-de-Cuenca-6.jpg",852,568,false],"thumbnail":["https:\/\/infoecos.com.ar\/wp-content\/uploads\/2022\/05\/Comite-de-Cuenca-6-150x150.jpg",150,150,true],"medium":["https:\/\/infoecos.com.ar\/wp-content\/uploads\/2022\/05\/Comite-de-Cuenca-6-460x307.jpg",460,307,true],"medium_large":["https:\/\/infoecos.com.ar\/wp-content\/uploads\/2022\/05\/Comite-de-Cuenca-6-768x512.jpg",640,427,true],"large":["https:\/\/infoecos.com.ar\/wp-content\/uploads\/2022\/05\/Comite-de-Cuenca-6.jpg",640,427,false],"1536x1536":["https:\/\/infoecos.com.ar\/wp-content\/uploads\/2022\/05\/Comite-de-Cuenca-6.jpg",852,568,false],"2048x2048":["https:\/\/infoecos.com.ar\/wp-content\/uploads\/2022\/05\/Comite-de-Cuenca-6.jpg",852,568,false],"covernews-slider-full":["https:\/\/infoecos.com.ar\/wp-content\/uploads\/2022\/05\/Comite-de-Cuenca-6.jpg",852,568,false],"covernews-slider-center":["https:\/\/infoecos.com.ar\/wp-content\/uploads\/2022\/05\/Comite-de-Cuenca-6.jpg",750,500,false],"covernews-featured":["https:\/\/infoecos.com.ar\/wp-content\/uploads\/2022\/05\/Comite-de-Cuenca-6.jpg",852,568,false],"covernews-medium":["https:\/\/infoecos.com.ar\/wp-content\/uploads\/2022\/05\/Comite-de-Cuenca-6-720x380.jpg",540,285,true],"covernews-medium-square":["https:\/\/infoecos.com.ar\/wp-content\/uploads\/2022\/05\/Comite-de-Cuenca-6-675x450.jpg",375,250,true]},"author_info":{"info":["Jorge Matheus"]},"category_info":"<a href=\"https:\/\/infoecos.com.ar\/index.php\/category\/c2nota4\/\" rel=\"category tag\">C2 N4<\/a>","tag_info":"C2 N4","comment_count":"0","_links":{"self":[{"href":"https:\/\/infoecos.com.ar\/index.php\/wp-json\/wp\/v2\/posts\/92690"}],"collection":[{"href":"https:\/\/infoecos.com.ar\/index.php\/wp-json\/wp\/v2\/posts"}],"about":[{"href":"https:\/\/infoecos.com.ar\/index.php\/wp-json\/wp\/v2\/types\/post"}],"author":[{"embeddable":true,"href":"https:\/\/infoecos.com.ar\/index.php\/wp-json\/wp\/v2\/users\/2"}],"replies":[{"embeddable":true,"href":"https:\/\/infoecos.com.ar\/index.php\/wp-json\/wp\/v2\/comments?post=92690"}],"version-history":[{"count":1,"href":"https:\/\/infoecos.com.ar\/index.php\/wp-json\/wp\/v2\/posts\/92690\/revisions"}],"predecessor-version":[{"id":92694,"href":"https:\/\/infoecos.com.ar\/index.php\/wp-json\/wp\/v2\/posts\/92690\/revisions\/92694"}],"wp:featuredmedia":[{"embeddable":true,"href":"https:\/\/infoecos.com.ar\/index.php\/wp-json\/wp\/v2\/media\/92691"}],"wp:attachment":[{"href":"https:\/\/infoecos.com.ar\/index.php\/wp-json\/wp\/v2\/media?parent=92690"}],"wp:term":[{"taxonomy":"category","embeddable":true,"href":"https:\/\/infoecos.com.ar\/index.php\/wp-json\/wp\/v2\/categories?post=92690"},{"taxonomy":"post_tag","embeddable":true,"href":"https:\/\/infoecos.com.ar\/index.php\/wp-json\/wp\/v2\/tags?post=92690"}],"curies":[{"name":"wp","href":"https:\/\/api.w.org\/{rel}","templated":true}]}}