{"id":92695,"date":"2022-05-15T17:22:18","date_gmt":"2022-05-15T20:22:18","guid":{"rendered":"http:\/\/infoecos.com.ar\/?p=92695"},"modified":"2022-05-17T04:54:44","modified_gmt":"2022-05-17T07:54:44","slug":"centros-comerciales-a-cielo-abierto-en-la-region-el-nucleamiento-empresarial-incentivando-distrito-por-distrito","status":"publish","type":"post","link":"https:\/\/infoecos.com.ar\/index.php\/centros-comerciales-a-cielo-abierto-en-la-region-el-nucleamiento-empresarial-incentivando-distrito-por-distrito\/","title":{"rendered":"Centros comerciales a cielo abierto en la regi\u00f3n: el Nucleamiento Empresarial incentivando distrito por distrito"},"content":{"rendered":"\n<p>La conducci\u00f3n del Nucleamiento Empresarial del Noroeste viene realizando una intensa actividad en la regi\u00f3n con el  fin de fortalecer la iniciativa de creaci\u00f3n de los Centros Comerciales a Cielo Abierto.<\/p>\n\n\n\n<div class=\"wp-block-image\"><figure class=\"aligncenter size-large is-resized\"><img loading=\"lazy\" decoding=\"async\" src=\"http:\/\/infoecos.com.ar\/wp-content\/uploads\/2022\/05\/nucleamientoengeneralvillegas-920x690.jpg\" alt=\"\" class=\"wp-image-92696\" width=\"272\" height=\"204\" srcset=\"https:\/\/infoecos.com.ar\/wp-content\/uploads\/2022\/05\/nucleamientoengeneralvillegas-920x690.jpg 920w, https:\/\/infoecos.com.ar\/wp-content\/uploads\/2022\/05\/nucleamientoengeneralvillegas-460x345.jpg 460w, https:\/\/infoecos.com.ar\/wp-content\/uploads\/2022\/05\/nucleamientoengeneralvillegas-768x576.jpg 768w, https:\/\/infoecos.com.ar\/wp-content\/uploads\/2022\/05\/nucleamientoengeneralvillegas-1024x768.jpg 1024w, https:\/\/infoecos.com.ar\/wp-content\/uploads\/2022\/05\/nucleamientoengeneralvillegas.jpg 1320w\" sizes=\"(max-width: 272px) 100vw, 272px\" \/><\/figure><\/div>\n\n\n\n<p>La semana anterior encabezado por la titular del agrupamiento Mar\u00eda Carolina Olgu\u00edn estuvieron en los distritos de Carlos Casares, Florentino Ameghino, General Viamonte y General Villegas. En todos los casos mantienen reuniones con las entidades adheridas y funcionarios municipales. <\/p>\n\n\n\n<div class=\"wp-block-image\"><figure class=\"aligncenter size-large is-resized\"><img loading=\"lazy\" decoding=\"async\" src=\"http:\/\/infoecos.com.ar\/wp-content\/uploads\/2022\/05\/nucleamientoen-florentinoameghino.jpg\" alt=\"\" class=\"wp-image-92697\" width=\"258\" height=\"194\" srcset=\"https:\/\/infoecos.com.ar\/wp-content\/uploads\/2022\/05\/nucleamientoen-florentinoameghino.jpg 720w, https:\/\/infoecos.com.ar\/wp-content\/uploads\/2022\/05\/nucleamientoen-florentinoameghino-460x345.jpg 460w\" sizes=\"(max-width: 258px) 100vw, 258px\" \/><\/figure><\/div>\n\n\n\n<p>Los Centros Comerciales a Cielo Abierto deben estar conformados por asociaciones de comerciantes independientes, localizadas en un determinado entorno comercial y urbano, con el objetivo de mejorar la calidad del servicio, la competitividad y la fidelidad de la clientela mediante la gesti\u00f3n unificada de procesos comunes y la creaci\u00f3n de una identidad propia fundida con la de los barrios.<\/p>\n\n\n\n<div class=\"wp-block-image\"><figure class=\"aligncenter size-large is-resized\"><img loading=\"lazy\" decoding=\"async\" src=\"http:\/\/infoecos.com.ar\/wp-content\/uploads\/2022\/05\/nucleamientoengeneralviamonte.jpg\" alt=\"\" class=\"wp-image-92698\" width=\"315\" height=\"236\" srcset=\"https:\/\/infoecos.com.ar\/wp-content\/uploads\/2022\/05\/nucleamientoengeneralviamonte.jpg 720w, https:\/\/infoecos.com.ar\/wp-content\/uploads\/2022\/05\/nucleamientoengeneralviamonte-460x345.jpg 460w\" sizes=\"(max-width: 315px) 100vw, 315px\" \/><\/figure><\/div>\n\n\n\n<p>En todas las visitas, de acuerdo a lo que se desprende de la informaci\u00f3n que se publica en el sitio del nucleamiento, la propuesta es recepcionada favorablemente, se\u00f1al\u00e1ndose que \u00abes una nueva chances para hacer m\u00e1s y mejores condiciones laborales para los bonaerenses\u00bb.<\/p>\n","protected":false},"excerpt":{"rendered":"<p>En todas las visitas, de acuerdo a lo que se desprende de la informaci\u00f3n que se publica en el sitio del nucleamiento, la propuesta es recepcionada favorablemente<\/p>\n","protected":false},"author":2,"featured_media":92697,"comment_status":"closed","ping_status":"open","sticky":false,"template":"","format":"standard","meta":{"footnotes":""},"categories":[201],"tags":[6055],"class_list":["post-92695","post","type-post","status-publish","format-standard","has-post-thumbnail","hentry","category-inferior9","tag-casares-viamonte-villegas"],"yoast_head":"<!-- This site is optimized with the Yoast SEO plugin v23.4 - https:\/\/yoast.com\/wordpress\/plugins\/seo\/ -->\n<title>Centros comerciales a cielo abierto en la regi\u00f3n: el Nucleamiento Empresarial incentivando distrito por distrito - Infoecos<\/title>\n<meta name=\"robots\" content=\"index, follow, max-snippet:-1, max-image-preview:large, max-video-preview:-1\" \/>\n<link rel=\"canonical\" href=\"https:\/\/infoecos.com.ar\/index.php\/centros-comerciales-a-cielo-abierto-en-la-region-el-nucleamiento-empresarial-incentivando-distrito-por-distrito\/\" \/>\n<meta property=\"og:locale\" content=\"es_ES\" \/>\n<meta property=\"og:type\" content=\"article\" \/>\n<meta property=\"og:title\" content=\"Centros comerciales a cielo abierto en la regi\u00f3n: el Nucleamiento Empresarial incentivando distrito por distrito - Infoecos\" \/>\n<meta property=\"og:description\" content=\"En todas las visitas, de acuerdo a lo que se desprende de la informaci\u00f3n que se publica en el sitio del nucleamiento, la propuesta es recepcionada favorablemente\" \/>\n<meta property=\"og:url\" content=\"https:\/\/infoecos.com.ar\/index.php\/centros-comerciales-a-cielo-abierto-en-la-region-el-nucleamiento-empresarial-incentivando-distrito-por-distrito\/\" \/>\n<meta property=\"og:site_name\" content=\"Infoecos\" \/>\n<meta property=\"article:publisher\" content=\"https:\/\/www.facebook.com\/profile.php?id=100063200290284\" \/>\n<meta property=\"article:published_time\" content=\"2022-05-15T20:22:18+00:00\" \/>\n<meta property=\"article:modified_time\" content=\"2022-05-17T07:54:44+00:00\" \/>\n<meta property=\"og:image\" content=\"https:\/\/infoecos.com.ar\/wp-content\/uploads\/2022\/05\/nucleamientoen-florentinoameghino.jpg\" \/>\n\t<meta property=\"og:image:width\" content=\"720\" \/>\n\t<meta property=\"og:image:height\" content=\"540\" \/>\n\t<meta property=\"og:image:type\" content=\"image\/jpeg\" \/>\n<meta name=\"author\" content=\"Jorge Matheus\" \/>\n<meta name=\"twitter:card\" content=\"summary_large_image\" \/>\n<meta name=\"twitter:creator\" content=\"@infoecos\" \/>\n<meta name=\"twitter:site\" content=\"@infoecos\" \/>\n<meta name=\"twitter:label1\" content=\"Escrito por\" \/>\n\t<meta name=\"twitter:data1\" content=\"Jorge Matheus\" \/>\n\t<meta name=\"twitter:label2\" content=\"Tiempo de lectura\" \/>\n\t<meta name=\"twitter:data2\" content=\"1 minuto\" \/>\n<script type=\"application\/ld+json\" class=\"yoast-schema-graph\">{\"@context\":\"https:\/\/schema.org\",\"@graph\":[{\"@type\":\"Article\",\"@id\":\"https:\/\/infoecos.com.ar\/index.php\/centros-comerciales-a-cielo-abierto-en-la-region-el-nucleamiento-empresarial-incentivando-distrito-por-distrito\/#article\",\"isPartOf\":{\"@id\":\"https:\/\/infoecos.com.ar\/index.php\/centros-comerciales-a-cielo-abierto-en-la-region-el-nucleamiento-empresarial-incentivando-distrito-por-distrito\/\"},\"author\":{\"name\":\"Jorge Matheus\",\"@id\":\"https:\/\/infoecos.com.ar\/#\/schema\/person\/8f5ace5ce73b4b4aac4b7245aee6f191\"},\"headline\":\"Centros comerciales a cielo abierto en la regi\u00f3n: el Nucleamiento Empresarial incentivando distrito por distrito\",\"datePublished\":\"2022-05-15T20:22:18+00:00\",\"dateModified\":\"2022-05-17T07:54:44+00:00\",\"mainEntityOfPage\":{\"@id\":\"https:\/\/infoecos.com.ar\/index.php\/centros-comerciales-a-cielo-abierto-en-la-region-el-nucleamiento-empresarial-incentivando-distrito-por-distrito\/\"},\"wordCount\":199,\"publisher\":{\"@id\":\"https:\/\/infoecos.com.ar\/#organization\"},\"image\":{\"@id\":\"https:\/\/infoecos.com.ar\/index.php\/centros-comerciales-a-cielo-abierto-en-la-region-el-nucleamiento-empresarial-incentivando-distrito-por-distrito\/#primaryimage\"},\"thumbnailUrl\":\"https:\/\/infoecos.com.ar\/wp-content\/uploads\/2022\/05\/nucleamientoen-florentinoameghino.jpg\",\"keywords\":[\"Casares-Viamonte-Villegas\"],\"articleSection\":[\"Bloque inferior - 9\"],\"inLanguage\":\"es\"},{\"@type\":\"WebPage\",\"@id\":\"https:\/\/infoecos.com.ar\/index.php\/centros-comerciales-a-cielo-abierto-en-la-region-el-nucleamiento-empresarial-incentivando-distrito-por-distrito\/\",\"url\":\"https:\/\/infoecos.com.ar\/index.php\/centros-comerciales-a-cielo-abierto-en-la-region-el-nucleamiento-empresarial-incentivando-distrito-por-distrito\/\",\"name\":\"Centros comerciales a cielo abierto en la regi\u00f3n: el Nucleamiento Empresarial incentivando distrito por distrito - Infoecos\",\"isPartOf\":{\"@id\":\"https:\/\/infoecos.com.ar\/#website\"},\"primaryImageOfPage\":{\"@id\":\"https:\/\/infoecos.com.ar\/index.php\/centros-comerciales-a-cielo-abierto-en-la-region-el-nucleamiento-empresarial-incentivando-distrito-por-distrito\/#primaryimage\"},\"image\":{\"@id\":\"https:\/\/infoecos.com.ar\/index.php\/centros-comerciales-a-cielo-abierto-en-la-region-el-nucleamiento-empresarial-incentivando-distrito-por-distrito\/#primaryimage\"},\"thumbnailUrl\":\"https:\/\/infoecos.com.ar\/wp-content\/uploads\/2022\/05\/nucleamientoen-florentinoameghino.jpg\",\"datePublished\":\"2022-05-15T20:22:18+00:00\",\"dateModified\":\"2022-05-17T07:54:44+00:00\",\"breadcrumb\":{\"@id\":\"https:\/\/infoecos.com.ar\/index.php\/centros-comerciales-a-cielo-abierto-en-la-region-el-nucleamiento-empresarial-incentivando-distrito-por-distrito\/#breadcrumb\"},\"inLanguage\":\"es\",\"potentialAction\":[{\"@type\":\"ReadAction\",\"target\":[\"https:\/\/infoecos.com.ar\/index.php\/centros-comerciales-a-cielo-abierto-en-la-region-el-nucleamiento-empresarial-incentivando-distrito-por-distrito\/\"]}]},{\"@type\":\"ImageObject\",\"inLanguage\":\"es\",\"@id\":\"https:\/\/infoecos.com.ar\/index.php\/centros-comerciales-a-cielo-abierto-en-la-region-el-nucleamiento-empresarial-incentivando-distrito-por-distrito\/#primaryimage\",\"url\":\"https:\/\/infoecos.com.ar\/wp-content\/uploads\/2022\/05\/nucleamientoen-florentinoameghino.jpg\",\"contentUrl\":\"https:\/\/infoecos.com.ar\/wp-content\/uploads\/2022\/05\/nucleamientoen-florentinoameghino.jpg\",\"width\":720,\"height\":540},{\"@type\":\"BreadcrumbList\",\"@id\":\"https:\/\/infoecos.com.ar\/index.php\/centros-comerciales-a-cielo-abierto-en-la-region-el-nucleamiento-empresarial-incentivando-distrito-por-distrito\/#breadcrumb\",\"itemListElement\":[{\"@type\":\"ListItem\",\"position\":1,\"name\":\"Portada\",\"item\":\"https:\/\/infoecos.com.ar\/\"},{\"@type\":\"ListItem\",\"position\":2,\"name\":\"Centros comerciales a cielo abierto en la regi\u00f3n: el Nucleamiento Empresarial incentivando distrito por distrito\"}]},{\"@type\":\"WebSite\",\"@id\":\"https:\/\/infoecos.com.ar\/#website\",\"url\":\"https:\/\/infoecos.com.ar\/\",\"name\":\"Infoecos\",\"description\":\"Noticias de trenque lauquen y la zona\",\"publisher\":{\"@id\":\"https:\/\/infoecos.com.ar\/#organization\"},\"alternateName\":\"Noticias\",\"potentialAction\":[{\"@type\":\"SearchAction\",\"target\":{\"@type\":\"EntryPoint\",\"urlTemplate\":\"https:\/\/infoecos.com.ar\/?s={search_term_string}\"},\"query-input\":{\"@type\":\"PropertyValueSpecification\",\"valueRequired\":true,\"valueName\":\"search_term_string\"}}],\"inLanguage\":\"es\"},{\"@type\":\"Organization\",\"@id\":\"https:\/\/infoecos.com.ar\/#organization\",\"name\":\"Infoecos\",\"alternateName\":\"Noticias\",\"url\":\"https:\/\/infoecos.com.ar\/\",\"logo\":{\"@type\":\"ImageObject\",\"inLanguage\":\"es\",\"@id\":\"https:\/\/infoecos.com.ar\/#\/schema\/logo\/image\/\",\"url\":\"https:\/\/infoecos.com.ar\/wp-content\/uploads\/2024\/03\/cropped-logo.png\",\"contentUrl\":\"https:\/\/infoecos.com.ar\/wp-content\/uploads\/2024\/03\/cropped-logo.png\",\"width\":374,\"height\":90,\"caption\":\"Infoecos\"},\"image\":{\"@id\":\"https:\/\/infoecos.com.ar\/#\/schema\/logo\/image\/\"},\"sameAs\":[\"https:\/\/www.facebook.com\/profile.php?id=100063200290284\",\"https:\/\/x.com\/infoecos\"]},{\"@type\":\"Person\",\"@id\":\"https:\/\/infoecos.com.ar\/#\/schema\/person\/8f5ace5ce73b4b4aac4b7245aee6f191\",\"name\":\"Jorge Matheus\",\"url\":\"https:\/\/infoecos.com.ar\/index.php\/author\/jomatheus\/\"}]}<\/script>\n<!-- \/ Yoast SEO plugin. -->","yoast_head_json":{"title":"Centros comerciales a cielo abierto en la regi\u00f3n: el Nucleamiento Empresarial incentivando distrito por distrito - Infoecos","robots":{"index":"index","follow":"follow","max-snippet":"max-snippet:-1","max-image-preview":"max-image-preview:large","max-video-preview":"max-video-preview:-1"},"canonical":"https:\/\/infoecos.com.ar\/index.php\/centros-comerciales-a-cielo-abierto-en-la-region-el-nucleamiento-empresarial-incentivando-distrito-por-distrito\/","og_locale":"es_ES","og_type":"article","og_title":"Centros comerciales a cielo abierto en la regi\u00f3n: el Nucleamiento Empresarial incentivando distrito por distrito - Infoecos","og_description":"En todas las visitas, de acuerdo a lo que se desprende de la informaci\u00f3n que se publica en el sitio del nucleamiento, la propuesta es recepcionada favorablemente","og_url":"https:\/\/infoecos.com.ar\/index.php\/centros-comerciales-a-cielo-abierto-en-la-region-el-nucleamiento-empresarial-incentivando-distrito-por-distrito\/","og_site_name":"Infoecos","article_publisher":"https:\/\/www.facebook.com\/profile.php?id=100063200290284","article_published_time":"2022-05-15T20:22:18+00:00","article_modified_time":"2022-05-17T07:54:44+00:00","og_image":[{"width":720,"height":540,"url":"https:\/\/infoecos.com.ar\/wp-content\/uploads\/2022\/05\/nucleamientoen-florentinoameghino.jpg","type":"image\/jpeg"}],"author":"Jorge Matheus","twitter_card":"summary_large_image","twitter_creator":"@infoecos","twitter_site":"@infoecos","twitter_misc":{"Escrito por":"Jorge Matheus","Tiempo de lectura":"1 minuto"},"schema":{"@context":"https:\/\/schema.org","@graph":[{"@type":"Article","@id":"https:\/\/infoecos.com.ar\/index.php\/centros-comerciales-a-cielo-abierto-en-la-region-el-nucleamiento-empresarial-incentivando-distrito-por-distrito\/#article","isPartOf":{"@id":"https:\/\/infoecos.com.ar\/index.php\/centros-comerciales-a-cielo-abierto-en-la-region-el-nucleamiento-empresarial-incentivando-distrito-por-distrito\/"},"author":{"name":"Jorge Matheus","@id":"https:\/\/infoecos.com.ar\/#\/schema\/person\/8f5ace5ce73b4b4aac4b7245aee6f191"},"headline":"Centros comerciales a cielo abierto en la regi\u00f3n: el Nucleamiento Empresarial incentivando distrito por distrito","datePublished":"2022-05-15T20:22:18+00:00","dateModified":"2022-05-17T07:54:44+00:00","mainEntityOfPage":{"@id":"https:\/\/infoecos.com.ar\/index.php\/centros-comerciales-a-cielo-abierto-en-la-region-el-nucleamiento-empresarial-incentivando-distrito-por-distrito\/"},"wordCount":199,"publisher":{"@id":"https:\/\/infoecos.com.ar\/#organization"},"image":{"@id":"https:\/\/infoecos.com.ar\/index.php\/centros-comerciales-a-cielo-abierto-en-la-region-el-nucleamiento-empresarial-incentivando-distrito-por-distrito\/#primaryimage"},"thumbnailUrl":"https:\/\/infoecos.com.ar\/wp-content\/uploads\/2022\/05\/nucleamientoen-florentinoameghino.jpg","keywords":["Casares-Viamonte-Villegas"],"articleSection":["Bloque inferior - 9"],"inLanguage":"es"},{"@type":"WebPage","@id":"https:\/\/infoecos.com.ar\/index.php\/centros-comerciales-a-cielo-abierto-en-la-region-el-nucleamiento-empresarial-incentivando-distrito-por-distrito\/","url":"https:\/\/infoecos.com.ar\/index.php\/centros-comerciales-a-cielo-abierto-en-la-region-el-nucleamiento-empresarial-incentivando-distrito-por-distrito\/","name":"Centros comerciales a cielo abierto en la regi\u00f3n: el Nucleamiento Empresarial incentivando distrito por distrito - Infoecos","isPartOf":{"@id":"https:\/\/infoecos.com.ar\/#website"},"primaryImageOfPage":{"@id":"https:\/\/infoecos.com.ar\/index.php\/centros-comerciales-a-cielo-abierto-en-la-region-el-nucleamiento-empresarial-incentivando-distrito-por-distrito\/#primaryimage"},"image":{"@id":"https:\/\/infoecos.com.ar\/index.php\/centros-comerciales-a-cielo-abierto-en-la-region-el-nucleamiento-empresarial-incentivando-distrito-por-distrito\/#primaryimage"},"thumbnailUrl":"https:\/\/infoecos.com.ar\/wp-content\/uploads\/2022\/05\/nucleamientoen-florentinoameghino.jpg","datePublished":"2022-05-15T20:22:18+00:00","dateModified":"2022-05-17T07:54:44+00:00","breadcrumb":{"@id":"https:\/\/infoecos.com.ar\/index.php\/centros-comerciales-a-cielo-abierto-en-la-region-el-nucleamiento-empresarial-incentivando-distrito-por-distrito\/#breadcrumb"},"inLanguage":"es","potentialAction":[{"@type":"ReadAction","target":["https:\/\/infoecos.com.ar\/index.php\/centros-comerciales-a-cielo-abierto-en-la-region-el-nucleamiento-empresarial-incentivando-distrito-por-distrito\/"]}]},{"@type":"ImageObject","inLanguage":"es","@id":"https:\/\/infoecos.com.ar\/index.php\/centros-comerciales-a-cielo-abierto-en-la-region-el-nucleamiento-empresarial-incentivando-distrito-por-distrito\/#primaryimage","url":"https:\/\/infoecos.com.ar\/wp-content\/uploads\/2022\/05\/nucleamientoen-florentinoameghino.jpg","contentUrl":"https:\/\/infoecos.com.ar\/wp-content\/uploads\/2022\/05\/nucleamientoen-florentinoameghino.jpg","width":720,"height":540},{"@type":"BreadcrumbList","@id":"https:\/\/infoecos.com.ar\/index.php\/centros-comerciales-a-cielo-abierto-en-la-region-el-nucleamiento-empresarial-incentivando-distrito-por-distrito\/#breadcrumb","itemListElement":[{"@type":"ListItem","position":1,"name":"Portada","item":"https:\/\/infoecos.com.ar\/"},{"@type":"ListItem","position":2,"name":"Centros comerciales a cielo abierto en la regi\u00f3n: el Nucleamiento Empresarial incentivando distrito por distrito"}]},{"@type":"WebSite","@id":"https:\/\/infoecos.com.ar\/#website","url":"https:\/\/infoecos.com.ar\/","name":"Infoecos","description":"Noticias de trenque lauquen y la zona","publisher":{"@id":"https:\/\/infoecos.com.ar\/#organization"},"alternateName":"Noticias","potentialAction":[{"@type":"SearchAction","target":{"@type":"EntryPoint","urlTemplate":"https:\/\/infoecos.com.ar\/?s={search_term_string}"},"query-input":{"@type":"PropertyValueSpecification","valueRequired":true,"valueName":"search_term_string"}}],"inLanguage":"es"},{"@type":"Organization","@id":"https:\/\/infoecos.com.ar\/#organization","name":"Infoecos","alternateName":"Noticias","url":"https:\/\/infoecos.com.ar\/","logo":{"@type":"ImageObject","inLanguage":"es","@id":"https:\/\/infoecos.com.ar\/#\/schema\/logo\/image\/","url":"https:\/\/infoecos.com.ar\/wp-content\/uploads\/2024\/03\/cropped-logo.png","contentUrl":"https:\/\/infoecos.com.ar\/wp-content\/uploads\/2024\/03\/cropped-logo.png","width":374,"height":90,"caption":"Infoecos"},"image":{"@id":"https:\/\/infoecos.com.ar\/#\/schema\/logo\/image\/"},"sameAs":["https:\/\/www.facebook.com\/profile.php?id=100063200290284","https:\/\/x.com\/infoecos"]},{"@type":"Person","@id":"https:\/\/infoecos.com.ar\/#\/schema\/person\/8f5ace5ce73b4b4aac4b7245aee6f191","name":"Jorge Matheus","url":"https:\/\/infoecos.com.ar\/index.php\/author\/jomatheus\/"}]}},"featured_image_urls":{"full":["https:\/\/infoecos.com.ar\/wp-content\/uploads\/2022\/05\/nucleamientoen-florentinoameghino.jpg",720,540,false],"thumbnail":["https:\/\/infoecos.com.ar\/wp-content\/uploads\/2022\/05\/nucleamientoen-florentinoameghino-150x150.jpg",150,150,true],"medium":["https:\/\/infoecos.com.ar\/wp-content\/uploads\/2022\/05\/nucleamientoen-florentinoameghino-460x345.jpg",460,345,true],"medium_large":["https:\/\/infoecos.com.ar\/wp-content\/uploads\/2022\/05\/nucleamientoen-florentinoameghino.jpg",640,480,false],"large":["https:\/\/infoecos.com.ar\/wp-content\/uploads\/2022\/05\/nucleamientoen-florentinoameghino.jpg",640,480,false],"1536x1536":["https:\/\/infoecos.com.ar\/wp-content\/uploads\/2022\/05\/nucleamientoen-florentinoameghino.jpg",720,540,false],"2048x2048":["https:\/\/infoecos.com.ar\/wp-content\/uploads\/2022\/05\/nucleamientoen-florentinoameghino.jpg",720,540,false],"covernews-slider-full":["https:\/\/infoecos.com.ar\/wp-content\/uploads\/2022\/05\/nucleamientoen-florentinoameghino.jpg",720,540,false],"covernews-slider-center":["https:\/\/infoecos.com.ar\/wp-content\/uploads\/2022\/05\/nucleamientoen-florentinoameghino.jpg",667,500,false],"covernews-featured":["https:\/\/infoecos.com.ar\/wp-content\/uploads\/2022\/05\/nucleamientoen-florentinoameghino.jpg",720,540,false],"covernews-medium":["https:\/\/infoecos.com.ar\/wp-content\/uploads\/2022\/05\/nucleamientoen-florentinoameghino-720x380.jpg",540,285,true],"covernews-medium-square":["https:\/\/infoecos.com.ar\/wp-content\/uploads\/2022\/05\/nucleamientoen-florentinoameghino-675x450.jpg",375,250,true]},"author_info":{"info":["Jorge Matheus"]},"category_info":"<a href=\"https:\/\/infoecos.com.ar\/index.php\/category\/inferior9\/\" rel=\"category tag\">Bloque inferior - 9<\/a>","tag_info":"Bloque inferior - 9","comment_count":"0","_links":{"self":[{"href":"https:\/\/infoecos.com.ar\/index.php\/wp-json\/wp\/v2\/posts\/92695"}],"collection":[{"href":"https:\/\/infoecos.com.ar\/index.php\/wp-json\/wp\/v2\/posts"}],"about":[{"href":"https:\/\/infoecos.com.ar\/index.php\/wp-json\/wp\/v2\/types\/post"}],"author":[{"embeddable":true,"href":"https:\/\/infoecos.com.ar\/index.php\/wp-json\/wp\/v2\/users\/2"}],"replies":[{"embeddable":true,"href":"https:\/\/infoecos.com.ar\/index.php\/wp-json\/wp\/v2\/comments?post=92695"}],"version-history":[{"count":1,"href":"https:\/\/infoecos.com.ar\/index.php\/wp-json\/wp\/v2\/posts\/92695\/revisions"}],"predecessor-version":[{"id":92699,"href":"https:\/\/infoecos.com.ar\/index.php\/wp-json\/wp\/v2\/posts\/92695\/revisions\/92699"}],"wp:featuredmedia":[{"embeddable":true,"href":"https:\/\/infoecos.com.ar\/index.php\/wp-json\/wp\/v2\/media\/92697"}],"wp:attachment":[{"href":"https:\/\/infoecos.com.ar\/index.php\/wp-json\/wp\/v2\/media?parent=92695"}],"wp:term":[{"taxonomy":"category","embeddable":true,"href":"https:\/\/infoecos.com.ar\/index.php\/wp-json\/wp\/v2\/categories?post=92695"},{"taxonomy":"post_tag","embeddable":true,"href":"https:\/\/infoecos.com.ar\/index.php\/wp-json\/wp\/v2\/tags?post=92695"}],"curies":[{"name":"wp","href":"https:\/\/api.w.org\/{rel}","templated":true}]}}