{"id":92836,"date":"2022-05-17T14:14:34","date_gmt":"2022-05-17T17:14:34","guid":{"rendered":"http:\/\/infoecos.com.ar\/?p=92836"},"modified":"2022-05-19T03:06:27","modified_gmt":"2022-05-19T06:06:27","slug":"la-reunion-kicillof-miguel-fernandez-fue-tomada-como-acercamiento-entre-el-gobierno-bonaerense-y-la-ucr-de-bs-as","status":"publish","type":"post","link":"https:\/\/infoecos.com.ar\/index.php\/la-reunion-kicillof-miguel-fernandez-fue-tomada-como-acercamiento-entre-el-gobierno-bonaerense-y-la-ucr-de-bs-as\/","title":{"rendered":"La reuni\u00f3n Kicillof-Miguel Fern\u00e1ndez fue tomada como acercamiento entre el gobierno bonaerense y la UCR de Bs.As"},"content":{"rendered":"\n<p>Si bien hablaron de temas relacionados con el distrito, en medios period\u00edsticos platenses y corrillos pol\u00edticos se le asigna otro \u00abvalor\u00bb a la reuni\u00f3n que mantuvieron el lunes en la Casa de Gobierno de la provincia, el gobernador y el intendente de Trenque Lauquen, Miguel Fern\u00e1ndez. <\/p>\n\n\n\n<p>Se afirma que este encuentro forma parte de una pol\u00edtica de acercamiento de ambas partes: el gobierno bonaerense y el radicalismo. <\/p>\n\n\n\n<div class=\"wp-block-image\"><figure class=\"aligncenter size-large\"><img loading=\"lazy\" decoding=\"async\" width=\"920\" height=\"613\" src=\"http:\/\/infoecos.com.ar\/wp-content\/uploads\/2022\/05\/kicifernandez-920x613.jpg\" alt=\"\" class=\"wp-image-92788\" srcset=\"https:\/\/infoecos.com.ar\/wp-content\/uploads\/2022\/05\/kicifernandez-920x613.jpg 920w, https:\/\/infoecos.com.ar\/wp-content\/uploads\/2022\/05\/kicifernandez-460x307.jpg 460w, https:\/\/infoecos.com.ar\/wp-content\/uploads\/2022\/05\/kicifernandez-768x512.jpg 768w, https:\/\/infoecos.com.ar\/wp-content\/uploads\/2022\/05\/kicifernandez-1024x682.jpg 1024w, https:\/\/infoecos.com.ar\/wp-content\/uploads\/2022\/05\/kicifernandez-675x450.jpg 675w, https:\/\/infoecos.com.ar\/wp-content\/uploads\/2022\/05\/kicifernandez.jpg 1280w\" sizes=\"(max-width: 920px) 100vw, 920px\" \/><\/figure><\/div>\n\n\n\n<p>Mientras un sector de mandatarios enrolados en el PRO adoptan una actitud m\u00e1s belicosa, la corriente mayoritaria de Juntos por el Cambio con acentuada representaci\u00f3n en los municipios elige el di\u00e1logo y tratar de evitar &#8211; al menos por el momento &#8211; confrontaciones para ganar mayor espacio en el electorado. <\/p>\n\n\n\n<p>Fern\u00e1ndez muy propenso a dar \u00abletra\u00bb de sus encuentros a medios platenses y algunos de su distrito, emprendi\u00f3 viaje al exterior sin haber formulado ning\u00fan tipo de apreciaci\u00f3n con respecto a lo conversado con Kicillof, salvo lo relativo a la gesti\u00f3n e invitaci\u00f3n para que visite Trenque Lauquen. <\/p>\n","protected":false},"excerpt":{"rendered":"<p>Mientras un sector de mandatarios enrolados en el PRO adoptan una actitud m\u00e1s belicosa, la corriente mayoritaria de Juntos por el Cambio con acentuada representaci\u00f3n en los municipios elige el di\u00e1logo<\/p>\n","protected":false},"author":2,"featured_media":92788,"comment_status":"closed","ping_status":"open","sticky":false,"template":"","format":"standard","meta":{"footnotes":""},"categories":[1323],"tags":[6077],"class_list":["post-92836","post","type-post","status-publish","format-standard","has-post-thumbnail","hentry","category-c2nota5","tag-por-ahora-paz"],"yoast_head":"<!-- This site is optimized with the Yoast SEO plugin v23.4 - https:\/\/yoast.com\/wordpress\/plugins\/seo\/ -->\n<title>La reuni\u00f3n Kicillof-Miguel Fern\u00e1ndez fue tomada como acercamiento entre el gobierno bonaerense y la UCR de Bs.As - Infoecos<\/title>\n<meta name=\"robots\" content=\"index, follow, max-snippet:-1, max-image-preview:large, max-video-preview:-1\" \/>\n<link rel=\"canonical\" href=\"https:\/\/infoecos.com.ar\/index.php\/la-reunion-kicillof-miguel-fernandez-fue-tomada-como-acercamiento-entre-el-gobierno-bonaerense-y-la-ucr-de-bs-as\/\" \/>\n<meta property=\"og:locale\" content=\"es_ES\" \/>\n<meta property=\"og:type\" content=\"article\" \/>\n<meta property=\"og:title\" content=\"La reuni\u00f3n Kicillof-Miguel Fern\u00e1ndez fue tomada como acercamiento entre el gobierno bonaerense y la UCR de Bs.As - Infoecos\" \/>\n<meta property=\"og:description\" content=\"Mientras un sector de mandatarios enrolados en el PRO adoptan una actitud m\u00e1s belicosa, la corriente mayoritaria de Juntos por el Cambio con acentuada representaci\u00f3n en los municipios elige el di\u00e1logo\" \/>\n<meta property=\"og:url\" content=\"https:\/\/infoecos.com.ar\/index.php\/la-reunion-kicillof-miguel-fernandez-fue-tomada-como-acercamiento-entre-el-gobierno-bonaerense-y-la-ucr-de-bs-as\/\" \/>\n<meta property=\"og:site_name\" content=\"Infoecos\" \/>\n<meta property=\"article:publisher\" content=\"https:\/\/www.facebook.com\/profile.php?id=100063200290284\" \/>\n<meta property=\"article:published_time\" content=\"2022-05-17T17:14:34+00:00\" \/>\n<meta property=\"article:modified_time\" content=\"2022-05-19T06:06:27+00:00\" \/>\n<meta property=\"og:image\" content=\"https:\/\/infoecos.com.ar\/wp-content\/uploads\/2022\/05\/kicifernandez.jpg\" \/>\n\t<meta property=\"og:image:width\" content=\"1280\" \/>\n\t<meta property=\"og:image:height\" content=\"853\" \/>\n\t<meta property=\"og:image:type\" content=\"image\/jpeg\" \/>\n<meta name=\"author\" content=\"Jorge Matheus\" \/>\n<meta name=\"twitter:card\" content=\"summary_large_image\" \/>\n<meta name=\"twitter:creator\" content=\"@infoecos\" \/>\n<meta name=\"twitter:site\" content=\"@infoecos\" \/>\n<meta name=\"twitter:label1\" content=\"Escrito por\" \/>\n\t<meta name=\"twitter:data1\" content=\"Jorge Matheus\" \/>\n\t<meta name=\"twitter:label2\" content=\"Tiempo de lectura\" \/>\n\t<meta name=\"twitter:data2\" content=\"1 minuto\" \/>\n<script type=\"application\/ld+json\" class=\"yoast-schema-graph\">{\"@context\":\"https:\/\/schema.org\",\"@graph\":[{\"@type\":\"Article\",\"@id\":\"https:\/\/infoecos.com.ar\/index.php\/la-reunion-kicillof-miguel-fernandez-fue-tomada-como-acercamiento-entre-el-gobierno-bonaerense-y-la-ucr-de-bs-as\/#article\",\"isPartOf\":{\"@id\":\"https:\/\/infoecos.com.ar\/index.php\/la-reunion-kicillof-miguel-fernandez-fue-tomada-como-acercamiento-entre-el-gobierno-bonaerense-y-la-ucr-de-bs-as\/\"},\"author\":{\"name\":\"Jorge Matheus\",\"@id\":\"https:\/\/infoecos.com.ar\/#\/schema\/person\/8f5ace5ce73b4b4aac4b7245aee6f191\"},\"headline\":\"La reuni\u00f3n Kicillof-Miguel Fern\u00e1ndez fue tomada como acercamiento entre el gobierno bonaerense y la UCR de Bs.As\",\"datePublished\":\"2022-05-17T17:14:34+00:00\",\"dateModified\":\"2022-05-19T06:06:27+00:00\",\"mainEntityOfPage\":{\"@id\":\"https:\/\/infoecos.com.ar\/index.php\/la-reunion-kicillof-miguel-fernandez-fue-tomada-como-acercamiento-entre-el-gobierno-bonaerense-y-la-ucr-de-bs-as\/\"},\"wordCount\":198,\"publisher\":{\"@id\":\"https:\/\/infoecos.com.ar\/#organization\"},\"image\":{\"@id\":\"https:\/\/infoecos.com.ar\/index.php\/la-reunion-kicillof-miguel-fernandez-fue-tomada-como-acercamiento-entre-el-gobierno-bonaerense-y-la-ucr-de-bs-as\/#primaryimage\"},\"thumbnailUrl\":\"https:\/\/infoecos.com.ar\/wp-content\/uploads\/2022\/05\/kicifernandez.jpg\",\"keywords\":[\"por ahora: Paz\"],\"articleSection\":[\"C2 N5\"],\"inLanguage\":\"es\"},{\"@type\":\"WebPage\",\"@id\":\"https:\/\/infoecos.com.ar\/index.php\/la-reunion-kicillof-miguel-fernandez-fue-tomada-como-acercamiento-entre-el-gobierno-bonaerense-y-la-ucr-de-bs-as\/\",\"url\":\"https:\/\/infoecos.com.ar\/index.php\/la-reunion-kicillof-miguel-fernandez-fue-tomada-como-acercamiento-entre-el-gobierno-bonaerense-y-la-ucr-de-bs-as\/\",\"name\":\"La reuni\u00f3n Kicillof-Miguel Fern\u00e1ndez fue tomada como acercamiento entre el gobierno bonaerense y la UCR de Bs.As - Infoecos\",\"isPartOf\":{\"@id\":\"https:\/\/infoecos.com.ar\/#website\"},\"primaryImageOfPage\":{\"@id\":\"https:\/\/infoecos.com.ar\/index.php\/la-reunion-kicillof-miguel-fernandez-fue-tomada-como-acercamiento-entre-el-gobierno-bonaerense-y-la-ucr-de-bs-as\/#primaryimage\"},\"image\":{\"@id\":\"https:\/\/infoecos.com.ar\/index.php\/la-reunion-kicillof-miguel-fernandez-fue-tomada-como-acercamiento-entre-el-gobierno-bonaerense-y-la-ucr-de-bs-as\/#primaryimage\"},\"thumbnailUrl\":\"https:\/\/infoecos.com.ar\/wp-content\/uploads\/2022\/05\/kicifernandez.jpg\",\"datePublished\":\"2022-05-17T17:14:34+00:00\",\"dateModified\":\"2022-05-19T06:06:27+00:00\",\"breadcrumb\":{\"@id\":\"https:\/\/infoecos.com.ar\/index.php\/la-reunion-kicillof-miguel-fernandez-fue-tomada-como-acercamiento-entre-el-gobierno-bonaerense-y-la-ucr-de-bs-as\/#breadcrumb\"},\"inLanguage\":\"es\",\"potentialAction\":[{\"@type\":\"ReadAction\",\"target\":[\"https:\/\/infoecos.com.ar\/index.php\/la-reunion-kicillof-miguel-fernandez-fue-tomada-como-acercamiento-entre-el-gobierno-bonaerense-y-la-ucr-de-bs-as\/\"]}]},{\"@type\":\"ImageObject\",\"inLanguage\":\"es\",\"@id\":\"https:\/\/infoecos.com.ar\/index.php\/la-reunion-kicillof-miguel-fernandez-fue-tomada-como-acercamiento-entre-el-gobierno-bonaerense-y-la-ucr-de-bs-as\/#primaryimage\",\"url\":\"https:\/\/infoecos.com.ar\/wp-content\/uploads\/2022\/05\/kicifernandez.jpg\",\"contentUrl\":\"https:\/\/infoecos.com.ar\/wp-content\/uploads\/2022\/05\/kicifernandez.jpg\",\"width\":1280,\"height\":853},{\"@type\":\"BreadcrumbList\",\"@id\":\"https:\/\/infoecos.com.ar\/index.php\/la-reunion-kicillof-miguel-fernandez-fue-tomada-como-acercamiento-entre-el-gobierno-bonaerense-y-la-ucr-de-bs-as\/#breadcrumb\",\"itemListElement\":[{\"@type\":\"ListItem\",\"position\":1,\"name\":\"Portada\",\"item\":\"https:\/\/infoecos.com.ar\/\"},{\"@type\":\"ListItem\",\"position\":2,\"name\":\"La reuni\u00f3n Kicillof-Miguel Fern\u00e1ndez fue tomada como acercamiento entre el gobierno bonaerense y la UCR de Bs.As\"}]},{\"@type\":\"WebSite\",\"@id\":\"https:\/\/infoecos.com.ar\/#website\",\"url\":\"https:\/\/infoecos.com.ar\/\",\"name\":\"Infoecos\",\"description\":\"Noticias de trenque lauquen y la zona\",\"publisher\":{\"@id\":\"https:\/\/infoecos.com.ar\/#organization\"},\"alternateName\":\"Noticias\",\"potentialAction\":[{\"@type\":\"SearchAction\",\"target\":{\"@type\":\"EntryPoint\",\"urlTemplate\":\"https:\/\/infoecos.com.ar\/?s={search_term_string}\"},\"query-input\":{\"@type\":\"PropertyValueSpecification\",\"valueRequired\":true,\"valueName\":\"search_term_string\"}}],\"inLanguage\":\"es\"},{\"@type\":\"Organization\",\"@id\":\"https:\/\/infoecos.com.ar\/#organization\",\"name\":\"Infoecos\",\"alternateName\":\"Noticias\",\"url\":\"https:\/\/infoecos.com.ar\/\",\"logo\":{\"@type\":\"ImageObject\",\"inLanguage\":\"es\",\"@id\":\"https:\/\/infoecos.com.ar\/#\/schema\/logo\/image\/\",\"url\":\"https:\/\/infoecos.com.ar\/wp-content\/uploads\/2024\/03\/cropped-logo.png\",\"contentUrl\":\"https:\/\/infoecos.com.ar\/wp-content\/uploads\/2024\/03\/cropped-logo.png\",\"width\":374,\"height\":90,\"caption\":\"Infoecos\"},\"image\":{\"@id\":\"https:\/\/infoecos.com.ar\/#\/schema\/logo\/image\/\"},\"sameAs\":[\"https:\/\/www.facebook.com\/profile.php?id=100063200290284\",\"https:\/\/x.com\/infoecos\"]},{\"@type\":\"Person\",\"@id\":\"https:\/\/infoecos.com.ar\/#\/schema\/person\/8f5ace5ce73b4b4aac4b7245aee6f191\",\"name\":\"Jorge Matheus\",\"url\":\"https:\/\/infoecos.com.ar\/index.php\/author\/jomatheus\/\"}]}<\/script>\n<!-- \/ Yoast SEO plugin. -->","yoast_head_json":{"title":"La reuni\u00f3n Kicillof-Miguel Fern\u00e1ndez fue tomada como acercamiento entre el gobierno bonaerense y la UCR de Bs.As - Infoecos","robots":{"index":"index","follow":"follow","max-snippet":"max-snippet:-1","max-image-preview":"max-image-preview:large","max-video-preview":"max-video-preview:-1"},"canonical":"https:\/\/infoecos.com.ar\/index.php\/la-reunion-kicillof-miguel-fernandez-fue-tomada-como-acercamiento-entre-el-gobierno-bonaerense-y-la-ucr-de-bs-as\/","og_locale":"es_ES","og_type":"article","og_title":"La reuni\u00f3n Kicillof-Miguel Fern\u00e1ndez fue tomada como acercamiento entre el gobierno bonaerense y la UCR de Bs.As - Infoecos","og_description":"Mientras un sector de mandatarios enrolados en el PRO adoptan una actitud m\u00e1s belicosa, la corriente mayoritaria de Juntos por el Cambio con acentuada representaci\u00f3n en los municipios elige el di\u00e1logo","og_url":"https:\/\/infoecos.com.ar\/index.php\/la-reunion-kicillof-miguel-fernandez-fue-tomada-como-acercamiento-entre-el-gobierno-bonaerense-y-la-ucr-de-bs-as\/","og_site_name":"Infoecos","article_publisher":"https:\/\/www.facebook.com\/profile.php?id=100063200290284","article_published_time":"2022-05-17T17:14:34+00:00","article_modified_time":"2022-05-19T06:06:27+00:00","og_image":[{"width":1280,"height":853,"url":"https:\/\/infoecos.com.ar\/wp-content\/uploads\/2022\/05\/kicifernandez.jpg","type":"image\/jpeg"}],"author":"Jorge Matheus","twitter_card":"summary_large_image","twitter_creator":"@infoecos","twitter_site":"@infoecos","twitter_misc":{"Escrito por":"Jorge Matheus","Tiempo de lectura":"1 minuto"},"schema":{"@context":"https:\/\/schema.org","@graph":[{"@type":"Article","@id":"https:\/\/infoecos.com.ar\/index.php\/la-reunion-kicillof-miguel-fernandez-fue-tomada-como-acercamiento-entre-el-gobierno-bonaerense-y-la-ucr-de-bs-as\/#article","isPartOf":{"@id":"https:\/\/infoecos.com.ar\/index.php\/la-reunion-kicillof-miguel-fernandez-fue-tomada-como-acercamiento-entre-el-gobierno-bonaerense-y-la-ucr-de-bs-as\/"},"author":{"name":"Jorge Matheus","@id":"https:\/\/infoecos.com.ar\/#\/schema\/person\/8f5ace5ce73b4b4aac4b7245aee6f191"},"headline":"La reuni\u00f3n Kicillof-Miguel Fern\u00e1ndez fue tomada como acercamiento entre el gobierno bonaerense y la UCR de Bs.As","datePublished":"2022-05-17T17:14:34+00:00","dateModified":"2022-05-19T06:06:27+00:00","mainEntityOfPage":{"@id":"https:\/\/infoecos.com.ar\/index.php\/la-reunion-kicillof-miguel-fernandez-fue-tomada-como-acercamiento-entre-el-gobierno-bonaerense-y-la-ucr-de-bs-as\/"},"wordCount":198,"publisher":{"@id":"https:\/\/infoecos.com.ar\/#organization"},"image":{"@id":"https:\/\/infoecos.com.ar\/index.php\/la-reunion-kicillof-miguel-fernandez-fue-tomada-como-acercamiento-entre-el-gobierno-bonaerense-y-la-ucr-de-bs-as\/#primaryimage"},"thumbnailUrl":"https:\/\/infoecos.com.ar\/wp-content\/uploads\/2022\/05\/kicifernandez.jpg","keywords":["por ahora: Paz"],"articleSection":["C2 N5"],"inLanguage":"es"},{"@type":"WebPage","@id":"https:\/\/infoecos.com.ar\/index.php\/la-reunion-kicillof-miguel-fernandez-fue-tomada-como-acercamiento-entre-el-gobierno-bonaerense-y-la-ucr-de-bs-as\/","url":"https:\/\/infoecos.com.ar\/index.php\/la-reunion-kicillof-miguel-fernandez-fue-tomada-como-acercamiento-entre-el-gobierno-bonaerense-y-la-ucr-de-bs-as\/","name":"La reuni\u00f3n Kicillof-Miguel Fern\u00e1ndez fue tomada como acercamiento entre el gobierno bonaerense y la UCR de Bs.As - Infoecos","isPartOf":{"@id":"https:\/\/infoecos.com.ar\/#website"},"primaryImageOfPage":{"@id":"https:\/\/infoecos.com.ar\/index.php\/la-reunion-kicillof-miguel-fernandez-fue-tomada-como-acercamiento-entre-el-gobierno-bonaerense-y-la-ucr-de-bs-as\/#primaryimage"},"image":{"@id":"https:\/\/infoecos.com.ar\/index.php\/la-reunion-kicillof-miguel-fernandez-fue-tomada-como-acercamiento-entre-el-gobierno-bonaerense-y-la-ucr-de-bs-as\/#primaryimage"},"thumbnailUrl":"https:\/\/infoecos.com.ar\/wp-content\/uploads\/2022\/05\/kicifernandez.jpg","datePublished":"2022-05-17T17:14:34+00:00","dateModified":"2022-05-19T06:06:27+00:00","breadcrumb":{"@id":"https:\/\/infoecos.com.ar\/index.php\/la-reunion-kicillof-miguel-fernandez-fue-tomada-como-acercamiento-entre-el-gobierno-bonaerense-y-la-ucr-de-bs-as\/#breadcrumb"},"inLanguage":"es","potentialAction":[{"@type":"ReadAction","target":["https:\/\/infoecos.com.ar\/index.php\/la-reunion-kicillof-miguel-fernandez-fue-tomada-como-acercamiento-entre-el-gobierno-bonaerense-y-la-ucr-de-bs-as\/"]}]},{"@type":"ImageObject","inLanguage":"es","@id":"https:\/\/infoecos.com.ar\/index.php\/la-reunion-kicillof-miguel-fernandez-fue-tomada-como-acercamiento-entre-el-gobierno-bonaerense-y-la-ucr-de-bs-as\/#primaryimage","url":"https:\/\/infoecos.com.ar\/wp-content\/uploads\/2022\/05\/kicifernandez.jpg","contentUrl":"https:\/\/infoecos.com.ar\/wp-content\/uploads\/2022\/05\/kicifernandez.jpg","width":1280,"height":853},{"@type":"BreadcrumbList","@id":"https:\/\/infoecos.com.ar\/index.php\/la-reunion-kicillof-miguel-fernandez-fue-tomada-como-acercamiento-entre-el-gobierno-bonaerense-y-la-ucr-de-bs-as\/#breadcrumb","itemListElement":[{"@type":"ListItem","position":1,"name":"Portada","item":"https:\/\/infoecos.com.ar\/"},{"@type":"ListItem","position":2,"name":"La reuni\u00f3n Kicillof-Miguel Fern\u00e1ndez fue tomada como acercamiento entre el gobierno bonaerense y la UCR de Bs.As"}]},{"@type":"WebSite","@id":"https:\/\/infoecos.com.ar\/#website","url":"https:\/\/infoecos.com.ar\/","name":"Infoecos","description":"Noticias de trenque lauquen y la zona","publisher":{"@id":"https:\/\/infoecos.com.ar\/#organization"},"alternateName":"Noticias","potentialAction":[{"@type":"SearchAction","target":{"@type":"EntryPoint","urlTemplate":"https:\/\/infoecos.com.ar\/?s={search_term_string}"},"query-input":{"@type":"PropertyValueSpecification","valueRequired":true,"valueName":"search_term_string"}}],"inLanguage":"es"},{"@type":"Organization","@id":"https:\/\/infoecos.com.ar\/#organization","name":"Infoecos","alternateName":"Noticias","url":"https:\/\/infoecos.com.ar\/","logo":{"@type":"ImageObject","inLanguage":"es","@id":"https:\/\/infoecos.com.ar\/#\/schema\/logo\/image\/","url":"https:\/\/infoecos.com.ar\/wp-content\/uploads\/2024\/03\/cropped-logo.png","contentUrl":"https:\/\/infoecos.com.ar\/wp-content\/uploads\/2024\/03\/cropped-logo.png","width":374,"height":90,"caption":"Infoecos"},"image":{"@id":"https:\/\/infoecos.com.ar\/#\/schema\/logo\/image\/"},"sameAs":["https:\/\/www.facebook.com\/profile.php?id=100063200290284","https:\/\/x.com\/infoecos"]},{"@type":"Person","@id":"https:\/\/infoecos.com.ar\/#\/schema\/person\/8f5ace5ce73b4b4aac4b7245aee6f191","name":"Jorge Matheus","url":"https:\/\/infoecos.com.ar\/index.php\/author\/jomatheus\/"}]}},"featured_image_urls":{"full":["https:\/\/infoecos.com.ar\/wp-content\/uploads\/2022\/05\/kicifernandez.jpg",1280,853,false],"thumbnail":["https:\/\/infoecos.com.ar\/wp-content\/uploads\/2022\/05\/kicifernandez-150x150.jpg",150,150,true],"medium":["https:\/\/infoecos.com.ar\/wp-content\/uploads\/2022\/05\/kicifernandez-460x307.jpg",460,307,true],"medium_large":["https:\/\/infoecos.com.ar\/wp-content\/uploads\/2022\/05\/kicifernandez-768x512.jpg",640,427,true],"large":["https:\/\/infoecos.com.ar\/wp-content\/uploads\/2022\/05\/kicifernandez-920x613.jpg",640,426,true],"1536x1536":["https:\/\/infoecos.com.ar\/wp-content\/uploads\/2022\/05\/kicifernandez.jpg",1280,853,false],"2048x2048":["https:\/\/infoecos.com.ar\/wp-content\/uploads\/2022\/05\/kicifernandez.jpg",1280,853,false],"covernews-slider-full":["https:\/\/infoecos.com.ar\/wp-content\/uploads\/2022\/05\/kicifernandez.jpg",1073,715,false],"covernews-slider-center":["https:\/\/infoecos.com.ar\/wp-content\/uploads\/2022\/05\/kicifernandez-936x853.jpg",549,500,true],"covernews-featured":["https:\/\/infoecos.com.ar\/wp-content\/uploads\/2022\/05\/kicifernandez-1024x682.jpg",1024,682,true],"covernews-medium":["https:\/\/infoecos.com.ar\/wp-content\/uploads\/2022\/05\/kicifernandez-720x380.jpg",540,285,true],"covernews-medium-square":["https:\/\/infoecos.com.ar\/wp-content\/uploads\/2022\/05\/kicifernandez-675x450.jpg",375,250,true]},"author_info":{"info":["Jorge Matheus"]},"category_info":"<a href=\"https:\/\/infoecos.com.ar\/index.php\/category\/c2nota5\/\" rel=\"category tag\">C2 N5<\/a>","tag_info":"C2 N5","comment_count":"0","_links":{"self":[{"href":"https:\/\/infoecos.com.ar\/index.php\/wp-json\/wp\/v2\/posts\/92836"}],"collection":[{"href":"https:\/\/infoecos.com.ar\/index.php\/wp-json\/wp\/v2\/posts"}],"about":[{"href":"https:\/\/infoecos.com.ar\/index.php\/wp-json\/wp\/v2\/types\/post"}],"author":[{"embeddable":true,"href":"https:\/\/infoecos.com.ar\/index.php\/wp-json\/wp\/v2\/users\/2"}],"replies":[{"embeddable":true,"href":"https:\/\/infoecos.com.ar\/index.php\/wp-json\/wp\/v2\/comments?post=92836"}],"version-history":[{"count":1,"href":"https:\/\/infoecos.com.ar\/index.php\/wp-json\/wp\/v2\/posts\/92836\/revisions"}],"predecessor-version":[{"id":92837,"href":"https:\/\/infoecos.com.ar\/index.php\/wp-json\/wp\/v2\/posts\/92836\/revisions\/92837"}],"wp:featuredmedia":[{"embeddable":true,"href":"https:\/\/infoecos.com.ar\/index.php\/wp-json\/wp\/v2\/media\/92788"}],"wp:attachment":[{"href":"https:\/\/infoecos.com.ar\/index.php\/wp-json\/wp\/v2\/media?parent=92836"}],"wp:term":[{"taxonomy":"category","embeddable":true,"href":"https:\/\/infoecos.com.ar\/index.php\/wp-json\/wp\/v2\/categories?post=92836"},{"taxonomy":"post_tag","embeddable":true,"href":"https:\/\/infoecos.com.ar\/index.php\/wp-json\/wp\/v2\/tags?post=92836"}],"curies":[{"name":"wp","href":"https:\/\/api.w.org\/{rel}","templated":true}]}}