{"id":92897,"date":"2022-05-19T01:38:15","date_gmt":"2022-05-19T04:38:15","guid":{"rendered":"http:\/\/infoecos.com.ar\/?p=92897"},"modified":"2022-05-20T04:22:07","modified_gmt":"2022-05-20T07:22:07","slug":"regimen-para-la-proteccion-fomento-y-desarrollo-de-la-apicultura-en-territorio-bonaerense","status":"publish","type":"post","link":"https:\/\/infoecos.com.ar\/index.php\/regimen-para-la-proteccion-fomento-y-desarrollo-de-la-apicultura-en-territorio-bonaerense\/","title":{"rendered":"R\u00e9gimen para la protecci\u00f3n, fomento y desarrollo de la apicultura en territorio bonaerense"},"content":{"rendered":"\n<p>El diputado provincial de Juntos, Valent\u00edn Miranda, present\u00f3 una iniciativa parlamentaria que busca crear un r\u00e9gimen para la protecci\u00f3n, fomento y desarrollo de la ap\u00edcultura en el territorio bonaerense.<\/p>\n\n\n\n<p>\u201cLa apicultura es una actividad agropecuaria de primera l\u00ednea y con esta propuesta legislativa integral se crea un c\u00edrculo que favorece a la Provincia para su desarrollo general\u201d, asever\u00f3 el diputado Miranda, al tiempo que se\u00f1al\u00f3 algunos de los principales beneficios: \u201cProtege a las abejas mel\u00edferas, a la flora ap\u00edcola, crea un Fondo Provincial para cumplir con la ley, establece distintas acciones de apoyo, busca estimular e incentivar el conocimiento sobre los beneficios ambientales, sociales y clim\u00e1ticos de la apicultura y le da entidad de ley a la Mesa Provincial de Desarrollo Ap\u00edcola\u201d.<\/p>\n\n\n\n<div class=\"wp-block-image\"><figure class=\"alignright size-large is-resized\"><img loading=\"lazy\" decoding=\"async\" src=\"http:\/\/infoecos.com.ar\/wp-content\/uploads\/2022\/05\/WhatsApp-Image-2022-05-17-at-7.48.49-PM-920x670.jpeg\" alt=\"\" class=\"wp-image-92898\" width=\"448\" height=\"326\" srcset=\"https:\/\/infoecos.com.ar\/wp-content\/uploads\/2022\/05\/WhatsApp-Image-2022-05-17-at-7.48.49-PM-920x670.jpeg 920w, https:\/\/infoecos.com.ar\/wp-content\/uploads\/2022\/05\/WhatsApp-Image-2022-05-17-at-7.48.49-PM-460x335.jpeg 460w, https:\/\/infoecos.com.ar\/wp-content\/uploads\/2022\/05\/WhatsApp-Image-2022-05-17-at-7.48.49-PM-768x560.jpeg 768w, https:\/\/infoecos.com.ar\/wp-content\/uploads\/2022\/05\/WhatsApp-Image-2022-05-17-at-7.48.49-PM-1536x1119.jpeg 1536w, https:\/\/infoecos.com.ar\/wp-content\/uploads\/2022\/05\/WhatsApp-Image-2022-05-17-at-7.48.49-PM-1024x746.jpeg 1024w, https:\/\/infoecos.com.ar\/wp-content\/uploads\/2022\/05\/WhatsApp-Image-2022-05-17-at-7.48.49-PM.jpeg 1599w\" sizes=\"(max-width: 448px) 100vw, 448px\" \/><\/figure><\/div>\n\n\n\n<p>En su articulado, se declara a las abejas mel\u00edferas como insectos \u00fatiles y ben\u00e9ficos de manera de establecer \u201csu protecci\u00f3n y preservaci\u00f3n como agentes polinizadores\u201d, con el doble prop\u00f3sito de sostener y acrecentar la producci\u00f3n de miel y subproductos, y de conservar el ambiente.<\/p>\n\n\n\n<p>La iniciativa tiende a \u201cpromover la sustentabilidad de la producci\u00f3n ap\u00edcola en un marco de equilibrio con el resto de las producciones agroindustriales\u201d, algo que es clave, particularmente, en el interior bonaerense.<\/p>\n\n\n\n<p>Tambi\u00e9n apunta a \u201cfomentar estrategias de desarrollo que preserven la biodiversidad, difundir los beneficios de la producci\u00f3n racional acorde a pr\u00e1cticas y t\u00e9cnicas actualizadas que permitan la inspecci\u00f3n de las colmenas y su adecuado manejo, propendiendo a la adopci\u00f3n generalizada de sistemas de gesti\u00f3n de la calidad e inocuidad\u201d.<\/p>\n\n\n\n<p>Tambi\u00e9n se abre la posibilidad que se incluya en el Calendario Escolar actividades vinculadas a la tem\u00e1tica en los diferentes niveles y modalidades con el prop\u00f3sito de \u201cestimular e incentivar el conocimiento sobre los beneficios ambientales, clim\u00e1ticos y sociales de la apicultura\u201d.<\/p>\n\n\n\n<p>El diputado se puso en contacto con apicultores de la provincia y se est\u00e1 organizando una reuni\u00f3n virtual para sumar opiniones, aportes y mejoras que puedan darle un plus al proyecto.<\/p>\n","protected":false},"excerpt":{"rendered":"<p>La iniciativa tiende a \u201cpromover la sustentabilidad de la producci\u00f3n ap\u00edcola en un marco de equilibrio con el resto de las producciones agroindustriales\u201d<\/p>\n","protected":false},"author":2,"featured_media":92898,"comment_status":"closed","ping_status":"open","sticky":false,"template":"","format":"standard","meta":{"footnotes":""},"categories":[43],"tags":[6090],"class_list":["post-92897","post","type-post","status-publish","format-standard","has-post-thumbnail","hentry","category-inferior4","tag-lo-elaboro-el-diputado-miranda"],"yoast_head":"<!-- This site is optimized with the Yoast SEO plugin v23.4 - https:\/\/yoast.com\/wordpress\/plugins\/seo\/ -->\n<title>R\u00e9gimen para la protecci\u00f3n, fomento y desarrollo de la apicultura en territorio bonaerense - Infoecos<\/title>\n<meta name=\"robots\" content=\"index, follow, max-snippet:-1, max-image-preview:large, max-video-preview:-1\" \/>\n<link rel=\"canonical\" href=\"https:\/\/infoecos.com.ar\/index.php\/regimen-para-la-proteccion-fomento-y-desarrollo-de-la-apicultura-en-territorio-bonaerense\/\" \/>\n<meta property=\"og:locale\" content=\"es_ES\" \/>\n<meta property=\"og:type\" content=\"article\" \/>\n<meta property=\"og:title\" content=\"R\u00e9gimen para la protecci\u00f3n, fomento y desarrollo de la apicultura en territorio bonaerense - Infoecos\" \/>\n<meta property=\"og:description\" content=\"La iniciativa tiende a \u201cpromover la sustentabilidad de la producci\u00f3n ap\u00edcola en un marco de equilibrio con el resto de las producciones agroindustriales\u201d\" \/>\n<meta property=\"og:url\" content=\"https:\/\/infoecos.com.ar\/index.php\/regimen-para-la-proteccion-fomento-y-desarrollo-de-la-apicultura-en-territorio-bonaerense\/\" \/>\n<meta property=\"og:site_name\" content=\"Infoecos\" \/>\n<meta property=\"article:publisher\" content=\"https:\/\/www.facebook.com\/profile.php?id=100063200290284\" \/>\n<meta property=\"article:published_time\" content=\"2022-05-19T04:38:15+00:00\" \/>\n<meta property=\"article:modified_time\" content=\"2022-05-20T07:22:07+00:00\" \/>\n<meta property=\"og:image\" content=\"https:\/\/infoecos.com.ar\/wp-content\/uploads\/2022\/05\/WhatsApp-Image-2022-05-17-at-7.48.49-PM.jpeg\" \/>\n\t<meta property=\"og:image:width\" content=\"1599\" \/>\n\t<meta property=\"og:image:height\" content=\"1165\" \/>\n\t<meta property=\"og:image:type\" content=\"image\/jpeg\" \/>\n<meta name=\"author\" content=\"Jorge Matheus\" \/>\n<meta name=\"twitter:card\" content=\"summary_large_image\" \/>\n<meta name=\"twitter:creator\" content=\"@infoecos\" \/>\n<meta name=\"twitter:site\" content=\"@infoecos\" \/>\n<meta name=\"twitter:label1\" content=\"Escrito por\" \/>\n\t<meta name=\"twitter:data1\" content=\"Jorge Matheus\" \/>\n\t<meta name=\"twitter:label2\" content=\"Tiempo de lectura\" \/>\n\t<meta name=\"twitter:data2\" content=\"2 minutos\" \/>\n<script type=\"application\/ld+json\" class=\"yoast-schema-graph\">{\"@context\":\"https:\/\/schema.org\",\"@graph\":[{\"@type\":\"Article\",\"@id\":\"https:\/\/infoecos.com.ar\/index.php\/regimen-para-la-proteccion-fomento-y-desarrollo-de-la-apicultura-en-territorio-bonaerense\/#article\",\"isPartOf\":{\"@id\":\"https:\/\/infoecos.com.ar\/index.php\/regimen-para-la-proteccion-fomento-y-desarrollo-de-la-apicultura-en-territorio-bonaerense\/\"},\"author\":{\"name\":\"Jorge Matheus\",\"@id\":\"https:\/\/infoecos.com.ar\/#\/schema\/person\/8f5ace5ce73b4b4aac4b7245aee6f191\"},\"headline\":\"R\u00e9gimen para la protecci\u00f3n, fomento y desarrollo de la apicultura en territorio bonaerense\",\"datePublished\":\"2022-05-19T04:38:15+00:00\",\"dateModified\":\"2022-05-20T07:22:07+00:00\",\"mainEntityOfPage\":{\"@id\":\"https:\/\/infoecos.com.ar\/index.php\/regimen-para-la-proteccion-fomento-y-desarrollo-de-la-apicultura-en-territorio-bonaerense\/\"},\"wordCount\":366,\"publisher\":{\"@id\":\"https:\/\/infoecos.com.ar\/#organization\"},\"image\":{\"@id\":\"https:\/\/infoecos.com.ar\/index.php\/regimen-para-la-proteccion-fomento-y-desarrollo-de-la-apicultura-en-territorio-bonaerense\/#primaryimage\"},\"thumbnailUrl\":\"https:\/\/infoecos.com.ar\/wp-content\/uploads\/2022\/05\/WhatsApp-Image-2022-05-17-at-7.48.49-PM.jpeg\",\"keywords\":[\"LO ELABOR\u00d3 EL DIPUTADO MIRANDA\"],\"articleSection\":[\"Bloque inferior - 4\"],\"inLanguage\":\"es\"},{\"@type\":\"WebPage\",\"@id\":\"https:\/\/infoecos.com.ar\/index.php\/regimen-para-la-proteccion-fomento-y-desarrollo-de-la-apicultura-en-territorio-bonaerense\/\",\"url\":\"https:\/\/infoecos.com.ar\/index.php\/regimen-para-la-proteccion-fomento-y-desarrollo-de-la-apicultura-en-territorio-bonaerense\/\",\"name\":\"R\u00e9gimen para la protecci\u00f3n, fomento y desarrollo de la apicultura en territorio bonaerense - Infoecos\",\"isPartOf\":{\"@id\":\"https:\/\/infoecos.com.ar\/#website\"},\"primaryImageOfPage\":{\"@id\":\"https:\/\/infoecos.com.ar\/index.php\/regimen-para-la-proteccion-fomento-y-desarrollo-de-la-apicultura-en-territorio-bonaerense\/#primaryimage\"},\"image\":{\"@id\":\"https:\/\/infoecos.com.ar\/index.php\/regimen-para-la-proteccion-fomento-y-desarrollo-de-la-apicultura-en-territorio-bonaerense\/#primaryimage\"},\"thumbnailUrl\":\"https:\/\/infoecos.com.ar\/wp-content\/uploads\/2022\/05\/WhatsApp-Image-2022-05-17-at-7.48.49-PM.jpeg\",\"datePublished\":\"2022-05-19T04:38:15+00:00\",\"dateModified\":\"2022-05-20T07:22:07+00:00\",\"breadcrumb\":{\"@id\":\"https:\/\/infoecos.com.ar\/index.php\/regimen-para-la-proteccion-fomento-y-desarrollo-de-la-apicultura-en-territorio-bonaerense\/#breadcrumb\"},\"inLanguage\":\"es\",\"potentialAction\":[{\"@type\":\"ReadAction\",\"target\":[\"https:\/\/infoecos.com.ar\/index.php\/regimen-para-la-proteccion-fomento-y-desarrollo-de-la-apicultura-en-territorio-bonaerense\/\"]}]},{\"@type\":\"ImageObject\",\"inLanguage\":\"es\",\"@id\":\"https:\/\/infoecos.com.ar\/index.php\/regimen-para-la-proteccion-fomento-y-desarrollo-de-la-apicultura-en-territorio-bonaerense\/#primaryimage\",\"url\":\"https:\/\/infoecos.com.ar\/wp-content\/uploads\/2022\/05\/WhatsApp-Image-2022-05-17-at-7.48.49-PM.jpeg\",\"contentUrl\":\"https:\/\/infoecos.com.ar\/wp-content\/uploads\/2022\/05\/WhatsApp-Image-2022-05-17-at-7.48.49-PM.jpeg\",\"width\":1599,\"height\":1165},{\"@type\":\"BreadcrumbList\",\"@id\":\"https:\/\/infoecos.com.ar\/index.php\/regimen-para-la-proteccion-fomento-y-desarrollo-de-la-apicultura-en-territorio-bonaerense\/#breadcrumb\",\"itemListElement\":[{\"@type\":\"ListItem\",\"position\":1,\"name\":\"Portada\",\"item\":\"https:\/\/infoecos.com.ar\/\"},{\"@type\":\"ListItem\",\"position\":2,\"name\":\"R\u00e9gimen para la protecci\u00f3n, fomento y desarrollo de la apicultura en territorio bonaerense\"}]},{\"@type\":\"WebSite\",\"@id\":\"https:\/\/infoecos.com.ar\/#website\",\"url\":\"https:\/\/infoecos.com.ar\/\",\"name\":\"Infoecos\",\"description\":\"Noticias de trenque lauquen y la zona\",\"publisher\":{\"@id\":\"https:\/\/infoecos.com.ar\/#organization\"},\"alternateName\":\"Noticias\",\"potentialAction\":[{\"@type\":\"SearchAction\",\"target\":{\"@type\":\"EntryPoint\",\"urlTemplate\":\"https:\/\/infoecos.com.ar\/?s={search_term_string}\"},\"query-input\":{\"@type\":\"PropertyValueSpecification\",\"valueRequired\":true,\"valueName\":\"search_term_string\"}}],\"inLanguage\":\"es\"},{\"@type\":\"Organization\",\"@id\":\"https:\/\/infoecos.com.ar\/#organization\",\"name\":\"Infoecos\",\"alternateName\":\"Noticias\",\"url\":\"https:\/\/infoecos.com.ar\/\",\"logo\":{\"@type\":\"ImageObject\",\"inLanguage\":\"es\",\"@id\":\"https:\/\/infoecos.com.ar\/#\/schema\/logo\/image\/\",\"url\":\"https:\/\/infoecos.com.ar\/wp-content\/uploads\/2024\/03\/cropped-logo.png\",\"contentUrl\":\"https:\/\/infoecos.com.ar\/wp-content\/uploads\/2024\/03\/cropped-logo.png\",\"width\":374,\"height\":90,\"caption\":\"Infoecos\"},\"image\":{\"@id\":\"https:\/\/infoecos.com.ar\/#\/schema\/logo\/image\/\"},\"sameAs\":[\"https:\/\/www.facebook.com\/profile.php?id=100063200290284\",\"https:\/\/x.com\/infoecos\"]},{\"@type\":\"Person\",\"@id\":\"https:\/\/infoecos.com.ar\/#\/schema\/person\/8f5ace5ce73b4b4aac4b7245aee6f191\",\"name\":\"Jorge Matheus\",\"url\":\"https:\/\/infoecos.com.ar\/index.php\/author\/jomatheus\/\"}]}<\/script>\n<!-- \/ Yoast SEO plugin. -->","yoast_head_json":{"title":"R\u00e9gimen para la protecci\u00f3n, fomento y desarrollo de la apicultura en territorio bonaerense - Infoecos","robots":{"index":"index","follow":"follow","max-snippet":"max-snippet:-1","max-image-preview":"max-image-preview:large","max-video-preview":"max-video-preview:-1"},"canonical":"https:\/\/infoecos.com.ar\/index.php\/regimen-para-la-proteccion-fomento-y-desarrollo-de-la-apicultura-en-territorio-bonaerense\/","og_locale":"es_ES","og_type":"article","og_title":"R\u00e9gimen para la protecci\u00f3n, fomento y desarrollo de la apicultura en territorio bonaerense - Infoecos","og_description":"La iniciativa tiende a \u201cpromover la sustentabilidad de la producci\u00f3n ap\u00edcola en un marco de equilibrio con el resto de las producciones agroindustriales\u201d","og_url":"https:\/\/infoecos.com.ar\/index.php\/regimen-para-la-proteccion-fomento-y-desarrollo-de-la-apicultura-en-territorio-bonaerense\/","og_site_name":"Infoecos","article_publisher":"https:\/\/www.facebook.com\/profile.php?id=100063200290284","article_published_time":"2022-05-19T04:38:15+00:00","article_modified_time":"2022-05-20T07:22:07+00:00","og_image":[{"width":1599,"height":1165,"url":"https:\/\/infoecos.com.ar\/wp-content\/uploads\/2022\/05\/WhatsApp-Image-2022-05-17-at-7.48.49-PM.jpeg","type":"image\/jpeg"}],"author":"Jorge Matheus","twitter_card":"summary_large_image","twitter_creator":"@infoecos","twitter_site":"@infoecos","twitter_misc":{"Escrito por":"Jorge Matheus","Tiempo de lectura":"2 minutos"},"schema":{"@context":"https:\/\/schema.org","@graph":[{"@type":"Article","@id":"https:\/\/infoecos.com.ar\/index.php\/regimen-para-la-proteccion-fomento-y-desarrollo-de-la-apicultura-en-territorio-bonaerense\/#article","isPartOf":{"@id":"https:\/\/infoecos.com.ar\/index.php\/regimen-para-la-proteccion-fomento-y-desarrollo-de-la-apicultura-en-territorio-bonaerense\/"},"author":{"name":"Jorge Matheus","@id":"https:\/\/infoecos.com.ar\/#\/schema\/person\/8f5ace5ce73b4b4aac4b7245aee6f191"},"headline":"R\u00e9gimen para la protecci\u00f3n, fomento y desarrollo de la apicultura en territorio bonaerense","datePublished":"2022-05-19T04:38:15+00:00","dateModified":"2022-05-20T07:22:07+00:00","mainEntityOfPage":{"@id":"https:\/\/infoecos.com.ar\/index.php\/regimen-para-la-proteccion-fomento-y-desarrollo-de-la-apicultura-en-territorio-bonaerense\/"},"wordCount":366,"publisher":{"@id":"https:\/\/infoecos.com.ar\/#organization"},"image":{"@id":"https:\/\/infoecos.com.ar\/index.php\/regimen-para-la-proteccion-fomento-y-desarrollo-de-la-apicultura-en-territorio-bonaerense\/#primaryimage"},"thumbnailUrl":"https:\/\/infoecos.com.ar\/wp-content\/uploads\/2022\/05\/WhatsApp-Image-2022-05-17-at-7.48.49-PM.jpeg","keywords":["LO ELABOR\u00d3 EL DIPUTADO MIRANDA"],"articleSection":["Bloque inferior - 4"],"inLanguage":"es"},{"@type":"WebPage","@id":"https:\/\/infoecos.com.ar\/index.php\/regimen-para-la-proteccion-fomento-y-desarrollo-de-la-apicultura-en-territorio-bonaerense\/","url":"https:\/\/infoecos.com.ar\/index.php\/regimen-para-la-proteccion-fomento-y-desarrollo-de-la-apicultura-en-territorio-bonaerense\/","name":"R\u00e9gimen para la protecci\u00f3n, fomento y desarrollo de la apicultura en territorio bonaerense - Infoecos","isPartOf":{"@id":"https:\/\/infoecos.com.ar\/#website"},"primaryImageOfPage":{"@id":"https:\/\/infoecos.com.ar\/index.php\/regimen-para-la-proteccion-fomento-y-desarrollo-de-la-apicultura-en-territorio-bonaerense\/#primaryimage"},"image":{"@id":"https:\/\/infoecos.com.ar\/index.php\/regimen-para-la-proteccion-fomento-y-desarrollo-de-la-apicultura-en-territorio-bonaerense\/#primaryimage"},"thumbnailUrl":"https:\/\/infoecos.com.ar\/wp-content\/uploads\/2022\/05\/WhatsApp-Image-2022-05-17-at-7.48.49-PM.jpeg","datePublished":"2022-05-19T04:38:15+00:00","dateModified":"2022-05-20T07:22:07+00:00","breadcrumb":{"@id":"https:\/\/infoecos.com.ar\/index.php\/regimen-para-la-proteccion-fomento-y-desarrollo-de-la-apicultura-en-territorio-bonaerense\/#breadcrumb"},"inLanguage":"es","potentialAction":[{"@type":"ReadAction","target":["https:\/\/infoecos.com.ar\/index.php\/regimen-para-la-proteccion-fomento-y-desarrollo-de-la-apicultura-en-territorio-bonaerense\/"]}]},{"@type":"ImageObject","inLanguage":"es","@id":"https:\/\/infoecos.com.ar\/index.php\/regimen-para-la-proteccion-fomento-y-desarrollo-de-la-apicultura-en-territorio-bonaerense\/#primaryimage","url":"https:\/\/infoecos.com.ar\/wp-content\/uploads\/2022\/05\/WhatsApp-Image-2022-05-17-at-7.48.49-PM.jpeg","contentUrl":"https:\/\/infoecos.com.ar\/wp-content\/uploads\/2022\/05\/WhatsApp-Image-2022-05-17-at-7.48.49-PM.jpeg","width":1599,"height":1165},{"@type":"BreadcrumbList","@id":"https:\/\/infoecos.com.ar\/index.php\/regimen-para-la-proteccion-fomento-y-desarrollo-de-la-apicultura-en-territorio-bonaerense\/#breadcrumb","itemListElement":[{"@type":"ListItem","position":1,"name":"Portada","item":"https:\/\/infoecos.com.ar\/"},{"@type":"ListItem","position":2,"name":"R\u00e9gimen para la protecci\u00f3n, fomento y desarrollo de la apicultura en territorio bonaerense"}]},{"@type":"WebSite","@id":"https:\/\/infoecos.com.ar\/#website","url":"https:\/\/infoecos.com.ar\/","name":"Infoecos","description":"Noticias de trenque lauquen y la zona","publisher":{"@id":"https:\/\/infoecos.com.ar\/#organization"},"alternateName":"Noticias","potentialAction":[{"@type":"SearchAction","target":{"@type":"EntryPoint","urlTemplate":"https:\/\/infoecos.com.ar\/?s={search_term_string}"},"query-input":{"@type":"PropertyValueSpecification","valueRequired":true,"valueName":"search_term_string"}}],"inLanguage":"es"},{"@type":"Organization","@id":"https:\/\/infoecos.com.ar\/#organization","name":"Infoecos","alternateName":"Noticias","url":"https:\/\/infoecos.com.ar\/","logo":{"@type":"ImageObject","inLanguage":"es","@id":"https:\/\/infoecos.com.ar\/#\/schema\/logo\/image\/","url":"https:\/\/infoecos.com.ar\/wp-content\/uploads\/2024\/03\/cropped-logo.png","contentUrl":"https:\/\/infoecos.com.ar\/wp-content\/uploads\/2024\/03\/cropped-logo.png","width":374,"height":90,"caption":"Infoecos"},"image":{"@id":"https:\/\/infoecos.com.ar\/#\/schema\/logo\/image\/"},"sameAs":["https:\/\/www.facebook.com\/profile.php?id=100063200290284","https:\/\/x.com\/infoecos"]},{"@type":"Person","@id":"https:\/\/infoecos.com.ar\/#\/schema\/person\/8f5ace5ce73b4b4aac4b7245aee6f191","name":"Jorge Matheus","url":"https:\/\/infoecos.com.ar\/index.php\/author\/jomatheus\/"}]}},"featured_image_urls":{"full":["https:\/\/infoecos.com.ar\/wp-content\/uploads\/2022\/05\/WhatsApp-Image-2022-05-17-at-7.48.49-PM.jpeg",1599,1165,false],"thumbnail":["https:\/\/infoecos.com.ar\/wp-content\/uploads\/2022\/05\/WhatsApp-Image-2022-05-17-at-7.48.49-PM-150x150.jpeg",150,150,true],"medium":["https:\/\/infoecos.com.ar\/wp-content\/uploads\/2022\/05\/WhatsApp-Image-2022-05-17-at-7.48.49-PM-460x335.jpeg",460,335,true],"medium_large":["https:\/\/infoecos.com.ar\/wp-content\/uploads\/2022\/05\/WhatsApp-Image-2022-05-17-at-7.48.49-PM-768x560.jpeg",640,467,true],"large":["https:\/\/infoecos.com.ar\/wp-content\/uploads\/2022\/05\/WhatsApp-Image-2022-05-17-at-7.48.49-PM-920x670.jpeg",640,466,true],"1536x1536":["https:\/\/infoecos.com.ar\/wp-content\/uploads\/2022\/05\/WhatsApp-Image-2022-05-17-at-7.48.49-PM-1536x1119.jpeg",1536,1119,true],"2048x2048":["https:\/\/infoecos.com.ar\/wp-content\/uploads\/2022\/05\/WhatsApp-Image-2022-05-17-at-7.48.49-PM.jpeg",1599,1165,false],"covernews-slider-full":["https:\/\/infoecos.com.ar\/wp-content\/uploads\/2022\/05\/WhatsApp-Image-2022-05-17-at-7.48.49-PM-1536x1020.jpeg",1077,715,true],"covernews-slider-center":["https:\/\/infoecos.com.ar\/wp-content\/uploads\/2022\/05\/WhatsApp-Image-2022-05-17-at-7.48.49-PM-936x897.jpeg",522,500,true],"covernews-featured":["https:\/\/infoecos.com.ar\/wp-content\/uploads\/2022\/05\/WhatsApp-Image-2022-05-17-at-7.48.49-PM-1024x746.jpeg",1024,746,true],"covernews-medium":["https:\/\/infoecos.com.ar\/wp-content\/uploads\/2022\/05\/WhatsApp-Image-2022-05-17-at-7.48.49-PM-720x380.jpeg",540,285,true],"covernews-medium-square":["https:\/\/infoecos.com.ar\/wp-content\/uploads\/2022\/05\/WhatsApp-Image-2022-05-17-at-7.48.49-PM-675x450.jpeg",375,250,true]},"author_info":{"info":["Jorge Matheus"]},"category_info":"<a href=\"https:\/\/infoecos.com.ar\/index.php\/category\/inferior4\/\" rel=\"category tag\">Bloque inferior - 4<\/a>","tag_info":"Bloque inferior - 4","comment_count":"0","_links":{"self":[{"href":"https:\/\/infoecos.com.ar\/index.php\/wp-json\/wp\/v2\/posts\/92897"}],"collection":[{"href":"https:\/\/infoecos.com.ar\/index.php\/wp-json\/wp\/v2\/posts"}],"about":[{"href":"https:\/\/infoecos.com.ar\/index.php\/wp-json\/wp\/v2\/types\/post"}],"author":[{"embeddable":true,"href":"https:\/\/infoecos.com.ar\/index.php\/wp-json\/wp\/v2\/users\/2"}],"replies":[{"embeddable":true,"href":"https:\/\/infoecos.com.ar\/index.php\/wp-json\/wp\/v2\/comments?post=92897"}],"version-history":[{"count":1,"href":"https:\/\/infoecos.com.ar\/index.php\/wp-json\/wp\/v2\/posts\/92897\/revisions"}],"predecessor-version":[{"id":92900,"href":"https:\/\/infoecos.com.ar\/index.php\/wp-json\/wp\/v2\/posts\/92897\/revisions\/92900"}],"wp:featuredmedia":[{"embeddable":true,"href":"https:\/\/infoecos.com.ar\/index.php\/wp-json\/wp\/v2\/media\/92898"}],"wp:attachment":[{"href":"https:\/\/infoecos.com.ar\/index.php\/wp-json\/wp\/v2\/media?parent=92897"}],"wp:term":[{"taxonomy":"category","embeddable":true,"href":"https:\/\/infoecos.com.ar\/index.php\/wp-json\/wp\/v2\/categories?post=92897"},{"taxonomy":"post_tag","embeddable":true,"href":"https:\/\/infoecos.com.ar\/index.php\/wp-json\/wp\/v2\/tags?post=92897"}],"curies":[{"name":"wp","href":"https:\/\/api.w.org\/{rel}","templated":true}]}}