{"id":92958,"date":"2022-05-20T02:46:08","date_gmt":"2022-05-20T05:46:08","guid":{"rendered":"http:\/\/infoecos.com.ar\/?p=92958"},"modified":"2022-05-20T02:47:29","modified_gmt":"2022-05-20T05:47:29","slug":"farmacias-de-turno-este-fin-de-semana-y-el-proximo-miercoles-25-de-mayo-en-trenque-lauquen","status":"publish","type":"post","link":"https:\/\/infoecos.com.ar\/index.php\/farmacias-de-turno-este-fin-de-semana-y-el-proximo-miercoles-25-de-mayo-en-trenque-lauquen\/","title":{"rendered":"Farmacias de turno este fin de semana y el pr\u00f3ximo mi\u00e9rcoles 25 de Mayo en Trenque Lauquen"},"content":{"rendered":"\n<p>De acuerdo a lo dispuesto a comienzos de este mes por la Filial Trenque Lauquen del Colegio de Farmac\u00e9uticos de la Provincia de Buenos Aires y sus farmacias afiliadas, los s\u00e1bados, domingos y feriados nacionales permanece abierta una segunda Farmacia de Turno para atender en la franja horaria de mayor demanda, entre las 10 y las 22, sum\u00e1ndose as\u00ed a la primera Farmacia de Turno, que cumple el tradicional horario de 24 horas, de las 8 de un d\u00eda hasta las 8 del d\u00eda siguiente.<\/p>\n\n\n\n<div class=\"wp-block-image\"><figure class=\"aligncenter size-large is-resized\"><img loading=\"lazy\" decoding=\"async\" src=\"http:\/\/infoecos.com.ar\/wp-content\/uploads\/2021\/05\/colegiofarmaceuticos-1-920x511.jpg\" alt=\"\" class=\"wp-image-78546\" width=\"638\" height=\"354\" srcset=\"https:\/\/infoecos.com.ar\/wp-content\/uploads\/2021\/05\/colegiofarmaceuticos-1-920x511.jpg 920w, https:\/\/infoecos.com.ar\/wp-content\/uploads\/2021\/05\/colegiofarmaceuticos-1-460x256.jpg 460w, https:\/\/infoecos.com.ar\/wp-content\/uploads\/2021\/05\/colegiofarmaceuticos-1-768x427.jpg 768w, https:\/\/infoecos.com.ar\/wp-content\/uploads\/2021\/05\/colegiofarmaceuticos-1-1024x569.jpg 1024w, https:\/\/infoecos.com.ar\/wp-content\/uploads\/2021\/05\/colegiofarmaceuticos-1.jpg 1063w\" sizes=\"(max-width: 638px) 100vw, 638px\" \/><\/figure><\/div>\n\n\n\n<p>La medida de ampliar el servicio y brindar un mejor acceso y atenci\u00f3n a la comunidad, se tom\u00f3 luego de realizarse un relevamiento del comportamiento de los turnos en los \u00faltimos seis meses, del que surgi\u00f3 el horario de mayor demanda y asistencia de vecinos.<\/p>\n\n\n\n<p>Este fin de semana y el pr\u00f3ximo mi\u00e9rcoles, 25 de mayo, feriado por el D\u00eda de la Patria, el cronograma de las dos farmacias de turno es el siguiente:<\/p>\n\n\n\n<p><strong>. S\u00c1BADO 21<\/strong><\/p>\n\n\n\n<p>&#8211; Primera farmacia de turno: de 8.30 a 8 del d\u00eda siguiente.<\/p>\n\n\n\n<p>Farmacia Racchi \/ Gdor. Irigoyen n\u00b0471 \/ (2392) 42-3712<\/p>\n\n\n\n<p>&#8211; Segunda farmacia de turno: de 10 a 22.<\/p>\n\n\n\n<p>Farmacia Azurabarrena \/ Pellegrini n\u00b0\u00ba156 \/ (2392) 49-0090<\/p>\n\n\n\n<p>&nbsp;<strong>. DOMINGO 22<\/strong><\/p>\n\n\n\n<p>&#8211; Primera farmacia de turno: de 8 a 8 del d\u00eda siguiente.<\/p>\n\n\n\n<p>Farmacia Guarda \/ G. Cuello n\u00b0298 \/ (2392) 43-1864<\/p>\n\n\n\n<p>&#8211; Segunda farmacia de turno: de 10 a 22.<\/p>\n\n\n\n<p>Farmacia Mayo \/ Bvard. Villegas n\u00b0402 \/ (2392) 42-2545<\/p>\n\n\n\n<p><strong>. MI\u00c9RCOLES 25<\/strong><\/p>\n\n\n\n<p>&#8211; Primera farmacia de turno: de 8 a 8 del d\u00eda siguiente.<\/p>\n\n\n\n<p>Farmacia Del Sarto \/ Pte. Yrigoyen n\u00b0498 \/ (2392) 43-0951<\/p>\n\n\n\n<p>&#8211; Segunda farmacia de turno: de 10 a 22.<\/p>\n\n\n\n<p>Farmacia Luna \/ Bvard. Villegas n\u00b0767 \/ (2392) 42-2070<\/p>\n","protected":false},"excerpt":{"rendered":"<p>La medida de ampliar el servicio y brindar un mejor acceso y atenci\u00f3n a la comunidad, se tom\u00f3 luego de realizarse un relevamiento del comportamiento de los turnos en los \u00faltimos seis meses<\/p>\n","protected":false},"author":2,"featured_media":78546,"comment_status":"closed","ping_status":"open","sticky":false,"template":"","format":"standard","meta":{"footnotes":""},"categories":[48],"tags":[5922],"class_list":["post-92958","post","type-post","status-publish","format-standard","has-post-thumbnail","hentry","category-c2nota3","tag-servicio-comunitario"],"yoast_head":"<!-- This site is optimized with the Yoast SEO plugin v23.4 - https:\/\/yoast.com\/wordpress\/plugins\/seo\/ -->\n<title>Farmacias de turno este fin de semana y el pr\u00f3ximo mi\u00e9rcoles 25 de Mayo en Trenque Lauquen - Infoecos<\/title>\n<meta name=\"robots\" content=\"index, follow, max-snippet:-1, max-image-preview:large, max-video-preview:-1\" \/>\n<link rel=\"canonical\" href=\"https:\/\/infoecos.com.ar\/index.php\/farmacias-de-turno-este-fin-de-semana-y-el-proximo-miercoles-25-de-mayo-en-trenque-lauquen\/\" \/>\n<meta property=\"og:locale\" content=\"es_ES\" \/>\n<meta property=\"og:type\" content=\"article\" \/>\n<meta property=\"og:title\" content=\"Farmacias de turno este fin de semana y el pr\u00f3ximo mi\u00e9rcoles 25 de Mayo en Trenque Lauquen - Infoecos\" \/>\n<meta property=\"og:description\" content=\"La medida de ampliar el servicio y brindar un mejor acceso y atenci\u00f3n a la comunidad, se tom\u00f3 luego de realizarse un relevamiento del comportamiento de los turnos en los \u00faltimos seis meses\" \/>\n<meta property=\"og:url\" content=\"https:\/\/infoecos.com.ar\/index.php\/farmacias-de-turno-este-fin-de-semana-y-el-proximo-miercoles-25-de-mayo-en-trenque-lauquen\/\" \/>\n<meta property=\"og:site_name\" content=\"Infoecos\" \/>\n<meta property=\"article:publisher\" content=\"https:\/\/www.facebook.com\/profile.php?id=100063200290284\" \/>\n<meta property=\"article:published_time\" content=\"2022-05-20T05:46:08+00:00\" \/>\n<meta property=\"article:modified_time\" content=\"2022-05-20T05:47:29+00:00\" \/>\n<meta property=\"og:image\" content=\"https:\/\/infoecos.com.ar\/wp-content\/uploads\/2021\/05\/colegiofarmaceuticos-1.jpg\" \/>\n\t<meta property=\"og:image:width\" content=\"1063\" \/>\n\t<meta property=\"og:image:height\" content=\"591\" \/>\n\t<meta property=\"og:image:type\" content=\"image\/jpeg\" \/>\n<meta name=\"author\" content=\"Jorge Matheus\" \/>\n<meta name=\"twitter:card\" content=\"summary_large_image\" \/>\n<meta name=\"twitter:creator\" content=\"@infoecos\" \/>\n<meta name=\"twitter:site\" content=\"@infoecos\" \/>\n<meta name=\"twitter:label1\" content=\"Escrito por\" \/>\n\t<meta name=\"twitter:data1\" content=\"Jorge Matheus\" \/>\n\t<meta name=\"twitter:label2\" content=\"Tiempo de lectura\" \/>\n\t<meta name=\"twitter:data2\" content=\"1 minuto\" \/>\n<script type=\"application\/ld+json\" class=\"yoast-schema-graph\">{\"@context\":\"https:\/\/schema.org\",\"@graph\":[{\"@type\":\"Article\",\"@id\":\"https:\/\/infoecos.com.ar\/index.php\/farmacias-de-turno-este-fin-de-semana-y-el-proximo-miercoles-25-de-mayo-en-trenque-lauquen\/#article\",\"isPartOf\":{\"@id\":\"https:\/\/infoecos.com.ar\/index.php\/farmacias-de-turno-este-fin-de-semana-y-el-proximo-miercoles-25-de-mayo-en-trenque-lauquen\/\"},\"author\":{\"name\":\"Jorge Matheus\",\"@id\":\"https:\/\/infoecos.com.ar\/#\/schema\/person\/8f5ace5ce73b4b4aac4b7245aee6f191\"},\"headline\":\"Farmacias de turno este fin de semana y el pr\u00f3ximo mi\u00e9rcoles 25 de Mayo en Trenque Lauquen\",\"datePublished\":\"2022-05-20T05:46:08+00:00\",\"dateModified\":\"2022-05-20T05:47:29+00:00\",\"mainEntityOfPage\":{\"@id\":\"https:\/\/infoecos.com.ar\/index.php\/farmacias-de-turno-este-fin-de-semana-y-el-proximo-miercoles-25-de-mayo-en-trenque-lauquen\/\"},\"wordCount\":276,\"publisher\":{\"@id\":\"https:\/\/infoecos.com.ar\/#organization\"},\"image\":{\"@id\":\"https:\/\/infoecos.com.ar\/index.php\/farmacias-de-turno-este-fin-de-semana-y-el-proximo-miercoles-25-de-mayo-en-trenque-lauquen\/#primaryimage\"},\"thumbnailUrl\":\"https:\/\/infoecos.com.ar\/wp-content\/uploads\/2021\/05\/colegiofarmaceuticos-1.jpg\",\"keywords\":[\"SERVICIO COMUNITARIO\"],\"articleSection\":[\"C2 N3\"],\"inLanguage\":\"es\"},{\"@type\":\"WebPage\",\"@id\":\"https:\/\/infoecos.com.ar\/index.php\/farmacias-de-turno-este-fin-de-semana-y-el-proximo-miercoles-25-de-mayo-en-trenque-lauquen\/\",\"url\":\"https:\/\/infoecos.com.ar\/index.php\/farmacias-de-turno-este-fin-de-semana-y-el-proximo-miercoles-25-de-mayo-en-trenque-lauquen\/\",\"name\":\"Farmacias de turno este fin de semana y el pr\u00f3ximo mi\u00e9rcoles 25 de Mayo en Trenque Lauquen - Infoecos\",\"isPartOf\":{\"@id\":\"https:\/\/infoecos.com.ar\/#website\"},\"primaryImageOfPage\":{\"@id\":\"https:\/\/infoecos.com.ar\/index.php\/farmacias-de-turno-este-fin-de-semana-y-el-proximo-miercoles-25-de-mayo-en-trenque-lauquen\/#primaryimage\"},\"image\":{\"@id\":\"https:\/\/infoecos.com.ar\/index.php\/farmacias-de-turno-este-fin-de-semana-y-el-proximo-miercoles-25-de-mayo-en-trenque-lauquen\/#primaryimage\"},\"thumbnailUrl\":\"https:\/\/infoecos.com.ar\/wp-content\/uploads\/2021\/05\/colegiofarmaceuticos-1.jpg\",\"datePublished\":\"2022-05-20T05:46:08+00:00\",\"dateModified\":\"2022-05-20T05:47:29+00:00\",\"breadcrumb\":{\"@id\":\"https:\/\/infoecos.com.ar\/index.php\/farmacias-de-turno-este-fin-de-semana-y-el-proximo-miercoles-25-de-mayo-en-trenque-lauquen\/#breadcrumb\"},\"inLanguage\":\"es\",\"potentialAction\":[{\"@type\":\"ReadAction\",\"target\":[\"https:\/\/infoecos.com.ar\/index.php\/farmacias-de-turno-este-fin-de-semana-y-el-proximo-miercoles-25-de-mayo-en-trenque-lauquen\/\"]}]},{\"@type\":\"ImageObject\",\"inLanguage\":\"es\",\"@id\":\"https:\/\/infoecos.com.ar\/index.php\/farmacias-de-turno-este-fin-de-semana-y-el-proximo-miercoles-25-de-mayo-en-trenque-lauquen\/#primaryimage\",\"url\":\"https:\/\/infoecos.com.ar\/wp-content\/uploads\/2021\/05\/colegiofarmaceuticos-1.jpg\",\"contentUrl\":\"https:\/\/infoecos.com.ar\/wp-content\/uploads\/2021\/05\/colegiofarmaceuticos-1.jpg\",\"width\":1063,\"height\":591},{\"@type\":\"BreadcrumbList\",\"@id\":\"https:\/\/infoecos.com.ar\/index.php\/farmacias-de-turno-este-fin-de-semana-y-el-proximo-miercoles-25-de-mayo-en-trenque-lauquen\/#breadcrumb\",\"itemListElement\":[{\"@type\":\"ListItem\",\"position\":1,\"name\":\"Portada\",\"item\":\"https:\/\/infoecos.com.ar\/\"},{\"@type\":\"ListItem\",\"position\":2,\"name\":\"Farmacias de turno este fin de semana y el pr\u00f3ximo mi\u00e9rcoles 25 de Mayo en Trenque Lauquen\"}]},{\"@type\":\"WebSite\",\"@id\":\"https:\/\/infoecos.com.ar\/#website\",\"url\":\"https:\/\/infoecos.com.ar\/\",\"name\":\"Infoecos\",\"description\":\"Noticias de trenque lauquen y la zona\",\"publisher\":{\"@id\":\"https:\/\/infoecos.com.ar\/#organization\"},\"alternateName\":\"Noticias\",\"potentialAction\":[{\"@type\":\"SearchAction\",\"target\":{\"@type\":\"EntryPoint\",\"urlTemplate\":\"https:\/\/infoecos.com.ar\/?s={search_term_string}\"},\"query-input\":{\"@type\":\"PropertyValueSpecification\",\"valueRequired\":true,\"valueName\":\"search_term_string\"}}],\"inLanguage\":\"es\"},{\"@type\":\"Organization\",\"@id\":\"https:\/\/infoecos.com.ar\/#organization\",\"name\":\"Infoecos\",\"alternateName\":\"Noticias\",\"url\":\"https:\/\/infoecos.com.ar\/\",\"logo\":{\"@type\":\"ImageObject\",\"inLanguage\":\"es\",\"@id\":\"https:\/\/infoecos.com.ar\/#\/schema\/logo\/image\/\",\"url\":\"https:\/\/infoecos.com.ar\/wp-content\/uploads\/2024\/03\/cropped-logo.png\",\"contentUrl\":\"https:\/\/infoecos.com.ar\/wp-content\/uploads\/2024\/03\/cropped-logo.png\",\"width\":374,\"height\":90,\"caption\":\"Infoecos\"},\"image\":{\"@id\":\"https:\/\/infoecos.com.ar\/#\/schema\/logo\/image\/\"},\"sameAs\":[\"https:\/\/www.facebook.com\/profile.php?id=100063200290284\",\"https:\/\/x.com\/infoecos\"]},{\"@type\":\"Person\",\"@id\":\"https:\/\/infoecos.com.ar\/#\/schema\/person\/8f5ace5ce73b4b4aac4b7245aee6f191\",\"name\":\"Jorge Matheus\",\"url\":\"https:\/\/infoecos.com.ar\/index.php\/author\/jomatheus\/\"}]}<\/script>\n<!-- \/ Yoast SEO plugin. -->","yoast_head_json":{"title":"Farmacias de turno este fin de semana y el pr\u00f3ximo mi\u00e9rcoles 25 de Mayo en Trenque Lauquen - Infoecos","robots":{"index":"index","follow":"follow","max-snippet":"max-snippet:-1","max-image-preview":"max-image-preview:large","max-video-preview":"max-video-preview:-1"},"canonical":"https:\/\/infoecos.com.ar\/index.php\/farmacias-de-turno-este-fin-de-semana-y-el-proximo-miercoles-25-de-mayo-en-trenque-lauquen\/","og_locale":"es_ES","og_type":"article","og_title":"Farmacias de turno este fin de semana y el pr\u00f3ximo mi\u00e9rcoles 25 de Mayo en Trenque Lauquen - Infoecos","og_description":"La medida de ampliar el servicio y brindar un mejor acceso y atenci\u00f3n a la comunidad, se tom\u00f3 luego de realizarse un relevamiento del comportamiento de los turnos en los \u00faltimos seis meses","og_url":"https:\/\/infoecos.com.ar\/index.php\/farmacias-de-turno-este-fin-de-semana-y-el-proximo-miercoles-25-de-mayo-en-trenque-lauquen\/","og_site_name":"Infoecos","article_publisher":"https:\/\/www.facebook.com\/profile.php?id=100063200290284","article_published_time":"2022-05-20T05:46:08+00:00","article_modified_time":"2022-05-20T05:47:29+00:00","og_image":[{"width":1063,"height":591,"url":"https:\/\/infoecos.com.ar\/wp-content\/uploads\/2021\/05\/colegiofarmaceuticos-1.jpg","type":"image\/jpeg"}],"author":"Jorge Matheus","twitter_card":"summary_large_image","twitter_creator":"@infoecos","twitter_site":"@infoecos","twitter_misc":{"Escrito por":"Jorge Matheus","Tiempo de lectura":"1 minuto"},"schema":{"@context":"https:\/\/schema.org","@graph":[{"@type":"Article","@id":"https:\/\/infoecos.com.ar\/index.php\/farmacias-de-turno-este-fin-de-semana-y-el-proximo-miercoles-25-de-mayo-en-trenque-lauquen\/#article","isPartOf":{"@id":"https:\/\/infoecos.com.ar\/index.php\/farmacias-de-turno-este-fin-de-semana-y-el-proximo-miercoles-25-de-mayo-en-trenque-lauquen\/"},"author":{"name":"Jorge Matheus","@id":"https:\/\/infoecos.com.ar\/#\/schema\/person\/8f5ace5ce73b4b4aac4b7245aee6f191"},"headline":"Farmacias de turno este fin de semana y el pr\u00f3ximo mi\u00e9rcoles 25 de Mayo en Trenque Lauquen","datePublished":"2022-05-20T05:46:08+00:00","dateModified":"2022-05-20T05:47:29+00:00","mainEntityOfPage":{"@id":"https:\/\/infoecos.com.ar\/index.php\/farmacias-de-turno-este-fin-de-semana-y-el-proximo-miercoles-25-de-mayo-en-trenque-lauquen\/"},"wordCount":276,"publisher":{"@id":"https:\/\/infoecos.com.ar\/#organization"},"image":{"@id":"https:\/\/infoecos.com.ar\/index.php\/farmacias-de-turno-este-fin-de-semana-y-el-proximo-miercoles-25-de-mayo-en-trenque-lauquen\/#primaryimage"},"thumbnailUrl":"https:\/\/infoecos.com.ar\/wp-content\/uploads\/2021\/05\/colegiofarmaceuticos-1.jpg","keywords":["SERVICIO COMUNITARIO"],"articleSection":["C2 N3"],"inLanguage":"es"},{"@type":"WebPage","@id":"https:\/\/infoecos.com.ar\/index.php\/farmacias-de-turno-este-fin-de-semana-y-el-proximo-miercoles-25-de-mayo-en-trenque-lauquen\/","url":"https:\/\/infoecos.com.ar\/index.php\/farmacias-de-turno-este-fin-de-semana-y-el-proximo-miercoles-25-de-mayo-en-trenque-lauquen\/","name":"Farmacias de turno este fin de semana y el pr\u00f3ximo mi\u00e9rcoles 25 de Mayo en Trenque Lauquen - Infoecos","isPartOf":{"@id":"https:\/\/infoecos.com.ar\/#website"},"primaryImageOfPage":{"@id":"https:\/\/infoecos.com.ar\/index.php\/farmacias-de-turno-este-fin-de-semana-y-el-proximo-miercoles-25-de-mayo-en-trenque-lauquen\/#primaryimage"},"image":{"@id":"https:\/\/infoecos.com.ar\/index.php\/farmacias-de-turno-este-fin-de-semana-y-el-proximo-miercoles-25-de-mayo-en-trenque-lauquen\/#primaryimage"},"thumbnailUrl":"https:\/\/infoecos.com.ar\/wp-content\/uploads\/2021\/05\/colegiofarmaceuticos-1.jpg","datePublished":"2022-05-20T05:46:08+00:00","dateModified":"2022-05-20T05:47:29+00:00","breadcrumb":{"@id":"https:\/\/infoecos.com.ar\/index.php\/farmacias-de-turno-este-fin-de-semana-y-el-proximo-miercoles-25-de-mayo-en-trenque-lauquen\/#breadcrumb"},"inLanguage":"es","potentialAction":[{"@type":"ReadAction","target":["https:\/\/infoecos.com.ar\/index.php\/farmacias-de-turno-este-fin-de-semana-y-el-proximo-miercoles-25-de-mayo-en-trenque-lauquen\/"]}]},{"@type":"ImageObject","inLanguage":"es","@id":"https:\/\/infoecos.com.ar\/index.php\/farmacias-de-turno-este-fin-de-semana-y-el-proximo-miercoles-25-de-mayo-en-trenque-lauquen\/#primaryimage","url":"https:\/\/infoecos.com.ar\/wp-content\/uploads\/2021\/05\/colegiofarmaceuticos-1.jpg","contentUrl":"https:\/\/infoecos.com.ar\/wp-content\/uploads\/2021\/05\/colegiofarmaceuticos-1.jpg","width":1063,"height":591},{"@type":"BreadcrumbList","@id":"https:\/\/infoecos.com.ar\/index.php\/farmacias-de-turno-este-fin-de-semana-y-el-proximo-miercoles-25-de-mayo-en-trenque-lauquen\/#breadcrumb","itemListElement":[{"@type":"ListItem","position":1,"name":"Portada","item":"https:\/\/infoecos.com.ar\/"},{"@type":"ListItem","position":2,"name":"Farmacias de turno este fin de semana y el pr\u00f3ximo mi\u00e9rcoles 25 de Mayo en Trenque Lauquen"}]},{"@type":"WebSite","@id":"https:\/\/infoecos.com.ar\/#website","url":"https:\/\/infoecos.com.ar\/","name":"Infoecos","description":"Noticias de trenque lauquen y la zona","publisher":{"@id":"https:\/\/infoecos.com.ar\/#organization"},"alternateName":"Noticias","potentialAction":[{"@type":"SearchAction","target":{"@type":"EntryPoint","urlTemplate":"https:\/\/infoecos.com.ar\/?s={search_term_string}"},"query-input":{"@type":"PropertyValueSpecification","valueRequired":true,"valueName":"search_term_string"}}],"inLanguage":"es"},{"@type":"Organization","@id":"https:\/\/infoecos.com.ar\/#organization","name":"Infoecos","alternateName":"Noticias","url":"https:\/\/infoecos.com.ar\/","logo":{"@type":"ImageObject","inLanguage":"es","@id":"https:\/\/infoecos.com.ar\/#\/schema\/logo\/image\/","url":"https:\/\/infoecos.com.ar\/wp-content\/uploads\/2024\/03\/cropped-logo.png","contentUrl":"https:\/\/infoecos.com.ar\/wp-content\/uploads\/2024\/03\/cropped-logo.png","width":374,"height":90,"caption":"Infoecos"},"image":{"@id":"https:\/\/infoecos.com.ar\/#\/schema\/logo\/image\/"},"sameAs":["https:\/\/www.facebook.com\/profile.php?id=100063200290284","https:\/\/x.com\/infoecos"]},{"@type":"Person","@id":"https:\/\/infoecos.com.ar\/#\/schema\/person\/8f5ace5ce73b4b4aac4b7245aee6f191","name":"Jorge Matheus","url":"https:\/\/infoecos.com.ar\/index.php\/author\/jomatheus\/"}]}},"featured_image_urls":{"full":["https:\/\/infoecos.com.ar\/wp-content\/uploads\/2021\/05\/colegiofarmaceuticos-1.jpg",1063,591,false],"thumbnail":["https:\/\/infoecos.com.ar\/wp-content\/uploads\/2021\/05\/colegiofarmaceuticos-1-150x150.jpg",150,150,true],"medium":["https:\/\/infoecos.com.ar\/wp-content\/uploads\/2021\/05\/colegiofarmaceuticos-1-460x256.jpg",460,256,true],"medium_large":["https:\/\/infoecos.com.ar\/wp-content\/uploads\/2021\/05\/colegiofarmaceuticos-1-768x427.jpg",640,356,true],"large":["https:\/\/infoecos.com.ar\/wp-content\/uploads\/2021\/05\/colegiofarmaceuticos-1-920x511.jpg",640,355,true],"1536x1536":["https:\/\/infoecos.com.ar\/wp-content\/uploads\/2021\/05\/colegiofarmaceuticos-1.jpg",1063,591,false],"2048x2048":["https:\/\/infoecos.com.ar\/wp-content\/uploads\/2021\/05\/colegiofarmaceuticos-1.jpg",1063,591,false],"covernews-slider-full":["https:\/\/infoecos.com.ar\/wp-content\/uploads\/2021\/05\/colegiofarmaceuticos-1.jpg",1063,591,false],"covernews-slider-center":["https:\/\/infoecos.com.ar\/wp-content\/uploads\/2021\/05\/colegiofarmaceuticos-1-936x591.jpg",792,500,true],"covernews-featured":["https:\/\/infoecos.com.ar\/wp-content\/uploads\/2021\/05\/colegiofarmaceuticos-1-1024x569.jpg",1024,569,true],"covernews-medium":["https:\/\/infoecos.com.ar\/wp-content\/uploads\/2021\/05\/colegiofarmaceuticos-1-720x380.jpg",540,285,true],"covernews-medium-square":["https:\/\/infoecos.com.ar\/wp-content\/uploads\/2021\/05\/colegiofarmaceuticos-1-675x450.jpg",375,250,true]},"author_info":{"info":["Jorge Matheus"]},"category_info":"<a href=\"https:\/\/infoecos.com.ar\/index.php\/category\/c2nota3\/\" rel=\"category tag\">C2 N3<\/a>","tag_info":"C2 N3","comment_count":"0","_links":{"self":[{"href":"https:\/\/infoecos.com.ar\/index.php\/wp-json\/wp\/v2\/posts\/92958"}],"collection":[{"href":"https:\/\/infoecos.com.ar\/index.php\/wp-json\/wp\/v2\/posts"}],"about":[{"href":"https:\/\/infoecos.com.ar\/index.php\/wp-json\/wp\/v2\/types\/post"}],"author":[{"embeddable":true,"href":"https:\/\/infoecos.com.ar\/index.php\/wp-json\/wp\/v2\/users\/2"}],"replies":[{"embeddable":true,"href":"https:\/\/infoecos.com.ar\/index.php\/wp-json\/wp\/v2\/comments?post=92958"}],"version-history":[{"count":2,"href":"https:\/\/infoecos.com.ar\/index.php\/wp-json\/wp\/v2\/posts\/92958\/revisions"}],"predecessor-version":[{"id":92961,"href":"https:\/\/infoecos.com.ar\/index.php\/wp-json\/wp\/v2\/posts\/92958\/revisions\/92961"}],"wp:featuredmedia":[{"embeddable":true,"href":"https:\/\/infoecos.com.ar\/index.php\/wp-json\/wp\/v2\/media\/78546"}],"wp:attachment":[{"href":"https:\/\/infoecos.com.ar\/index.php\/wp-json\/wp\/v2\/media?parent=92958"}],"wp:term":[{"taxonomy":"category","embeddable":true,"href":"https:\/\/infoecos.com.ar\/index.php\/wp-json\/wp\/v2\/categories?post=92958"},{"taxonomy":"post_tag","embeddable":true,"href":"https:\/\/infoecos.com.ar\/index.php\/wp-json\/wp\/v2\/tags?post=92958"}],"curies":[{"name":"wp","href":"https:\/\/api.w.org\/{rel}","templated":true}]}}