{"id":92979,"date":"2022-05-20T03:28:02","date_gmt":"2022-05-20T06:28:02","guid":{"rendered":"http:\/\/infoecos.com.ar\/?p=92979"},"modified":"2022-05-20T03:28:04","modified_gmt":"2022-05-20T06:28:04","slug":"se-conocen-datos-provisorios-del-censo-poblacional-en-salliquelo-y-tres-lomas","status":"publish","type":"post","link":"https:\/\/infoecos.com.ar\/index.php\/se-conocen-datos-provisorios-del-censo-poblacional-en-salliquelo-y-tres-lomas\/","title":{"rendered":"Se conocen datos provisorios del censo poblacional en Salliquel\u00f3 y Tres Lomas"},"content":{"rendered":"\n<p>Los datos provisorios arrojan 8.700 habitantes en Salliquel\u00f3, mientras que en Tres Lomas 8.323. <\/p>\n\n\n\n<div class=\"wp-block-image\"><figure class=\"aligncenter size-large is-resized\"><img loading=\"lazy\" decoding=\"async\" src=\"http:\/\/infoecos.com.ar\/wp-content\/uploads\/20161212202916_salliquelo.jpg\" alt=\"\" class=\"wp-image-49047\" width=\"401\" height=\"267\"\/><figcaption>Salliquel\u00f3 &#8211; Cartel identificatorio estaci\u00f3n<\/figcaption><\/figure><\/div>\n\n\n\n<p>La informaci\u00f3n del primero de los distritos fue publicada por el diario digital veradia.com a partir del aporte realizado por el Inspector Jefe Distrital de Educaci\u00f3n, Mat\u00edas \u00c1lvarez. Se consigna que este dato provisorio gener\u00f3 sorpresa, habida cuenta que se especulaba que la poblaci\u00f3n estar\u00eda por encima de las 10 mil personas.<\/p>\n\n\n\n<div class=\"wp-block-image\"><figure class=\"aligncenter size-large is-resized\"><img loading=\"lazy\" decoding=\"async\" src=\"http:\/\/infoecos.com.ar\/wp-content\/uploads\/2022\/05\/treslomas-920x518.jpg\" alt=\"\" class=\"wp-image-91981\" width=\"398\" height=\"223\" srcset=\"https:\/\/infoecos.com.ar\/wp-content\/uploads\/2022\/05\/treslomas-920x518.jpg 920w, https:\/\/infoecos.com.ar\/wp-content\/uploads\/2022\/05\/treslomas-460x259.jpg 460w, https:\/\/infoecos.com.ar\/wp-content\/uploads\/2022\/05\/treslomas-768x432.jpg 768w, https:\/\/infoecos.com.ar\/wp-content\/uploads\/2022\/05\/treslomas-1024x576.jpg 1024w, https:\/\/infoecos.com.ar\/wp-content\/uploads\/2022\/05\/treslomas.jpg 1280w\" sizes=\"(max-width: 398px) 100vw, 398px\" \/><\/figure><\/div>\n\n\n\n<p>En tanto el dato de Tres Lomas fue comunicado por el propio municipio en su parte de prensa diario, aunque se aclar\u00f3 que no ser\u00e1 el dato definitivo ya que hay personas que no pudieron ser censadas. <\/p>\n\n\n\n<p><\/p>\n","protected":false},"excerpt":{"rendered":"<p>8.700 habitantes en Salliquel\u00f3, mientras que en Tres Lomas 8.323<\/p>\n","protected":false},"author":2,"featured_media":49047,"comment_status":"closed","ping_status":"open","sticky":false,"template":"","format":"standard","meta":{"footnotes":""},"categories":[24],"tags":[6103],"class_list":["post-92979","post","type-post","status-publish","format-standard","has-post-thumbnail","hentry","category-c1nota3","tag-datos-que-generaron-sorpresa"],"yoast_head":"<!-- This site is optimized with the Yoast SEO plugin v23.4 - https:\/\/yoast.com\/wordpress\/plugins\/seo\/ -->\n<title>Se conocen datos provisorios del censo poblacional en Salliquel\u00f3 y Tres Lomas - Infoecos<\/title>\n<meta name=\"robots\" content=\"index, follow, max-snippet:-1, max-image-preview:large, max-video-preview:-1\" \/>\n<link rel=\"canonical\" href=\"https:\/\/infoecos.com.ar\/index.php\/se-conocen-datos-provisorios-del-censo-poblacional-en-salliquelo-y-tres-lomas\/\" \/>\n<meta property=\"og:locale\" content=\"es_ES\" \/>\n<meta property=\"og:type\" content=\"article\" \/>\n<meta property=\"og:title\" content=\"Se conocen datos provisorios del censo poblacional en Salliquel\u00f3 y Tres Lomas - Infoecos\" \/>\n<meta property=\"og:description\" content=\"8.700 habitantes en Salliquel\u00f3, mientras que en Tres Lomas 8.323\" \/>\n<meta property=\"og:url\" content=\"https:\/\/infoecos.com.ar\/index.php\/se-conocen-datos-provisorios-del-censo-poblacional-en-salliquelo-y-tres-lomas\/\" \/>\n<meta property=\"og:site_name\" content=\"Infoecos\" \/>\n<meta property=\"article:publisher\" content=\"https:\/\/www.facebook.com\/profile.php?id=100063200290284\" \/>\n<meta property=\"article:published_time\" content=\"2022-05-20T06:28:02+00:00\" \/>\n<meta property=\"article:modified_time\" content=\"2022-05-20T06:28:04+00:00\" \/>\n<meta property=\"og:image\" content=\"https:\/\/infoecos.com.ar\/wp-content\/uploads\/20161212202916_salliquelo.jpg\" \/>\n\t<meta property=\"og:image:width\" content=\"680\" \/>\n\t<meta property=\"og:image:height\" content=\"453\" \/>\n\t<meta property=\"og:image:type\" content=\"image\/jpeg\" \/>\n<meta name=\"author\" content=\"Jorge Matheus\" \/>\n<meta name=\"twitter:card\" content=\"summary_large_image\" \/>\n<meta name=\"twitter:creator\" content=\"@infoecos\" \/>\n<meta name=\"twitter:site\" content=\"@infoecos\" \/>\n<meta name=\"twitter:label1\" content=\"Escrito por\" \/>\n\t<meta name=\"twitter:data1\" content=\"Jorge Matheus\" \/>\n\t<meta name=\"twitter:label2\" content=\"Tiempo de lectura\" \/>\n\t<meta name=\"twitter:data2\" content=\"1 minuto\" \/>\n<script type=\"application\/ld+json\" class=\"yoast-schema-graph\">{\"@context\":\"https:\/\/schema.org\",\"@graph\":[{\"@type\":\"Article\",\"@id\":\"https:\/\/infoecos.com.ar\/index.php\/se-conocen-datos-provisorios-del-censo-poblacional-en-salliquelo-y-tres-lomas\/#article\",\"isPartOf\":{\"@id\":\"https:\/\/infoecos.com.ar\/index.php\/se-conocen-datos-provisorios-del-censo-poblacional-en-salliquelo-y-tres-lomas\/\"},\"author\":{\"name\":\"Jorge Matheus\",\"@id\":\"https:\/\/infoecos.com.ar\/#\/schema\/person\/8f5ace5ce73b4b4aac4b7245aee6f191\"},\"headline\":\"Se conocen datos provisorios del censo poblacional en Salliquel\u00f3 y Tres Lomas\",\"datePublished\":\"2022-05-20T06:28:02+00:00\",\"dateModified\":\"2022-05-20T06:28:04+00:00\",\"mainEntityOfPage\":{\"@id\":\"https:\/\/infoecos.com.ar\/index.php\/se-conocen-datos-provisorios-del-censo-poblacional-en-salliquelo-y-tres-lomas\/\"},\"wordCount\":124,\"publisher\":{\"@id\":\"https:\/\/infoecos.com.ar\/#organization\"},\"image\":{\"@id\":\"https:\/\/infoecos.com.ar\/index.php\/se-conocen-datos-provisorios-del-censo-poblacional-en-salliquelo-y-tres-lomas\/#primaryimage\"},\"thumbnailUrl\":\"\",\"keywords\":[\"datos que generaron sorpresa\"],\"articleSection\":[\"C1 N3\"],\"inLanguage\":\"es\"},{\"@type\":\"WebPage\",\"@id\":\"https:\/\/infoecos.com.ar\/index.php\/se-conocen-datos-provisorios-del-censo-poblacional-en-salliquelo-y-tres-lomas\/\",\"url\":\"https:\/\/infoecos.com.ar\/index.php\/se-conocen-datos-provisorios-del-censo-poblacional-en-salliquelo-y-tres-lomas\/\",\"name\":\"Se conocen datos provisorios del censo poblacional en Salliquel\u00f3 y Tres Lomas - Infoecos\",\"isPartOf\":{\"@id\":\"https:\/\/infoecos.com.ar\/#website\"},\"primaryImageOfPage\":{\"@id\":\"https:\/\/infoecos.com.ar\/index.php\/se-conocen-datos-provisorios-del-censo-poblacional-en-salliquelo-y-tres-lomas\/#primaryimage\"},\"image\":{\"@id\":\"https:\/\/infoecos.com.ar\/index.php\/se-conocen-datos-provisorios-del-censo-poblacional-en-salliquelo-y-tres-lomas\/#primaryimage\"},\"thumbnailUrl\":\"\",\"datePublished\":\"2022-05-20T06:28:02+00:00\",\"dateModified\":\"2022-05-20T06:28:04+00:00\",\"breadcrumb\":{\"@id\":\"https:\/\/infoecos.com.ar\/index.php\/se-conocen-datos-provisorios-del-censo-poblacional-en-salliquelo-y-tres-lomas\/#breadcrumb\"},\"inLanguage\":\"es\",\"potentialAction\":[{\"@type\":\"ReadAction\",\"target\":[\"https:\/\/infoecos.com.ar\/index.php\/se-conocen-datos-provisorios-del-censo-poblacional-en-salliquelo-y-tres-lomas\/\"]}]},{\"@type\":\"ImageObject\",\"inLanguage\":\"es\",\"@id\":\"https:\/\/infoecos.com.ar\/index.php\/se-conocen-datos-provisorios-del-censo-poblacional-en-salliquelo-y-tres-lomas\/#primaryimage\",\"url\":\"\",\"contentUrl\":\"\"},{\"@type\":\"BreadcrumbList\",\"@id\":\"https:\/\/infoecos.com.ar\/index.php\/se-conocen-datos-provisorios-del-censo-poblacional-en-salliquelo-y-tres-lomas\/#breadcrumb\",\"itemListElement\":[{\"@type\":\"ListItem\",\"position\":1,\"name\":\"Portada\",\"item\":\"https:\/\/infoecos.com.ar\/\"},{\"@type\":\"ListItem\",\"position\":2,\"name\":\"Se conocen datos provisorios del censo poblacional en Salliquel\u00f3 y Tres Lomas\"}]},{\"@type\":\"WebSite\",\"@id\":\"https:\/\/infoecos.com.ar\/#website\",\"url\":\"https:\/\/infoecos.com.ar\/\",\"name\":\"Infoecos\",\"description\":\"Noticias de trenque lauquen y la zona\",\"publisher\":{\"@id\":\"https:\/\/infoecos.com.ar\/#organization\"},\"alternateName\":\"Noticias\",\"potentialAction\":[{\"@type\":\"SearchAction\",\"target\":{\"@type\":\"EntryPoint\",\"urlTemplate\":\"https:\/\/infoecos.com.ar\/?s={search_term_string}\"},\"query-input\":{\"@type\":\"PropertyValueSpecification\",\"valueRequired\":true,\"valueName\":\"search_term_string\"}}],\"inLanguage\":\"es\"},{\"@type\":\"Organization\",\"@id\":\"https:\/\/infoecos.com.ar\/#organization\",\"name\":\"Infoecos\",\"alternateName\":\"Noticias\",\"url\":\"https:\/\/infoecos.com.ar\/\",\"logo\":{\"@type\":\"ImageObject\",\"inLanguage\":\"es\",\"@id\":\"https:\/\/infoecos.com.ar\/#\/schema\/logo\/image\/\",\"url\":\"https:\/\/infoecos.com.ar\/wp-content\/uploads\/2024\/03\/cropped-logo.png\",\"contentUrl\":\"https:\/\/infoecos.com.ar\/wp-content\/uploads\/2024\/03\/cropped-logo.png\",\"width\":374,\"height\":90,\"caption\":\"Infoecos\"},\"image\":{\"@id\":\"https:\/\/infoecos.com.ar\/#\/schema\/logo\/image\/\"},\"sameAs\":[\"https:\/\/www.facebook.com\/profile.php?id=100063200290284\",\"https:\/\/x.com\/infoecos\"]},{\"@type\":\"Person\",\"@id\":\"https:\/\/infoecos.com.ar\/#\/schema\/person\/8f5ace5ce73b4b4aac4b7245aee6f191\",\"name\":\"Jorge Matheus\",\"url\":\"https:\/\/infoecos.com.ar\/index.php\/author\/jomatheus\/\"}]}<\/script>\n<!-- \/ Yoast SEO plugin. -->","yoast_head_json":{"title":"Se conocen datos provisorios del censo poblacional en Salliquel\u00f3 y Tres Lomas - Infoecos","robots":{"index":"index","follow":"follow","max-snippet":"max-snippet:-1","max-image-preview":"max-image-preview:large","max-video-preview":"max-video-preview:-1"},"canonical":"https:\/\/infoecos.com.ar\/index.php\/se-conocen-datos-provisorios-del-censo-poblacional-en-salliquelo-y-tres-lomas\/","og_locale":"es_ES","og_type":"article","og_title":"Se conocen datos provisorios del censo poblacional en Salliquel\u00f3 y Tres Lomas - Infoecos","og_description":"8.700 habitantes en Salliquel\u00f3, mientras que en Tres Lomas 8.323","og_url":"https:\/\/infoecos.com.ar\/index.php\/se-conocen-datos-provisorios-del-censo-poblacional-en-salliquelo-y-tres-lomas\/","og_site_name":"Infoecos","article_publisher":"https:\/\/www.facebook.com\/profile.php?id=100063200290284","article_published_time":"2022-05-20T06:28:02+00:00","article_modified_time":"2022-05-20T06:28:04+00:00","og_image":[{"width":680,"height":453,"url":"https:\/\/infoecos.com.ar\/wp-content\/uploads\/20161212202916_salliquelo.jpg","type":"image\/jpeg"}],"author":"Jorge Matheus","twitter_card":"summary_large_image","twitter_creator":"@infoecos","twitter_site":"@infoecos","twitter_misc":{"Escrito por":"Jorge Matheus","Tiempo de lectura":"1 minuto"},"schema":{"@context":"https:\/\/schema.org","@graph":[{"@type":"Article","@id":"https:\/\/infoecos.com.ar\/index.php\/se-conocen-datos-provisorios-del-censo-poblacional-en-salliquelo-y-tres-lomas\/#article","isPartOf":{"@id":"https:\/\/infoecos.com.ar\/index.php\/se-conocen-datos-provisorios-del-censo-poblacional-en-salliquelo-y-tres-lomas\/"},"author":{"name":"Jorge Matheus","@id":"https:\/\/infoecos.com.ar\/#\/schema\/person\/8f5ace5ce73b4b4aac4b7245aee6f191"},"headline":"Se conocen datos provisorios del censo poblacional en Salliquel\u00f3 y Tres Lomas","datePublished":"2022-05-20T06:28:02+00:00","dateModified":"2022-05-20T06:28:04+00:00","mainEntityOfPage":{"@id":"https:\/\/infoecos.com.ar\/index.php\/se-conocen-datos-provisorios-del-censo-poblacional-en-salliquelo-y-tres-lomas\/"},"wordCount":124,"publisher":{"@id":"https:\/\/infoecos.com.ar\/#organization"},"image":{"@id":"https:\/\/infoecos.com.ar\/index.php\/se-conocen-datos-provisorios-del-censo-poblacional-en-salliquelo-y-tres-lomas\/#primaryimage"},"thumbnailUrl":"","keywords":["datos que generaron sorpresa"],"articleSection":["C1 N3"],"inLanguage":"es"},{"@type":"WebPage","@id":"https:\/\/infoecos.com.ar\/index.php\/se-conocen-datos-provisorios-del-censo-poblacional-en-salliquelo-y-tres-lomas\/","url":"https:\/\/infoecos.com.ar\/index.php\/se-conocen-datos-provisorios-del-censo-poblacional-en-salliquelo-y-tres-lomas\/","name":"Se conocen datos provisorios del censo poblacional en Salliquel\u00f3 y Tres Lomas - Infoecos","isPartOf":{"@id":"https:\/\/infoecos.com.ar\/#website"},"primaryImageOfPage":{"@id":"https:\/\/infoecos.com.ar\/index.php\/se-conocen-datos-provisorios-del-censo-poblacional-en-salliquelo-y-tres-lomas\/#primaryimage"},"image":{"@id":"https:\/\/infoecos.com.ar\/index.php\/se-conocen-datos-provisorios-del-censo-poblacional-en-salliquelo-y-tres-lomas\/#primaryimage"},"thumbnailUrl":"","datePublished":"2022-05-20T06:28:02+00:00","dateModified":"2022-05-20T06:28:04+00:00","breadcrumb":{"@id":"https:\/\/infoecos.com.ar\/index.php\/se-conocen-datos-provisorios-del-censo-poblacional-en-salliquelo-y-tres-lomas\/#breadcrumb"},"inLanguage":"es","potentialAction":[{"@type":"ReadAction","target":["https:\/\/infoecos.com.ar\/index.php\/se-conocen-datos-provisorios-del-censo-poblacional-en-salliquelo-y-tres-lomas\/"]}]},{"@type":"ImageObject","inLanguage":"es","@id":"https:\/\/infoecos.com.ar\/index.php\/se-conocen-datos-provisorios-del-censo-poblacional-en-salliquelo-y-tres-lomas\/#primaryimage","url":"","contentUrl":""},{"@type":"BreadcrumbList","@id":"https:\/\/infoecos.com.ar\/index.php\/se-conocen-datos-provisorios-del-censo-poblacional-en-salliquelo-y-tres-lomas\/#breadcrumb","itemListElement":[{"@type":"ListItem","position":1,"name":"Portada","item":"https:\/\/infoecos.com.ar\/"},{"@type":"ListItem","position":2,"name":"Se conocen datos provisorios del censo poblacional en Salliquel\u00f3 y Tres Lomas"}]},{"@type":"WebSite","@id":"https:\/\/infoecos.com.ar\/#website","url":"https:\/\/infoecos.com.ar\/","name":"Infoecos","description":"Noticias de trenque lauquen y la zona","publisher":{"@id":"https:\/\/infoecos.com.ar\/#organization"},"alternateName":"Noticias","potentialAction":[{"@type":"SearchAction","target":{"@type":"EntryPoint","urlTemplate":"https:\/\/infoecos.com.ar\/?s={search_term_string}"},"query-input":{"@type":"PropertyValueSpecification","valueRequired":true,"valueName":"search_term_string"}}],"inLanguage":"es"},{"@type":"Organization","@id":"https:\/\/infoecos.com.ar\/#organization","name":"Infoecos","alternateName":"Noticias","url":"https:\/\/infoecos.com.ar\/","logo":{"@type":"ImageObject","inLanguage":"es","@id":"https:\/\/infoecos.com.ar\/#\/schema\/logo\/image\/","url":"https:\/\/infoecos.com.ar\/wp-content\/uploads\/2024\/03\/cropped-logo.png","contentUrl":"https:\/\/infoecos.com.ar\/wp-content\/uploads\/2024\/03\/cropped-logo.png","width":374,"height":90,"caption":"Infoecos"},"image":{"@id":"https:\/\/infoecos.com.ar\/#\/schema\/logo\/image\/"},"sameAs":["https:\/\/www.facebook.com\/profile.php?id=100063200290284","https:\/\/x.com\/infoecos"]},{"@type":"Person","@id":"https:\/\/infoecos.com.ar\/#\/schema\/person\/8f5ace5ce73b4b4aac4b7245aee6f191","name":"Jorge Matheus","url":"https:\/\/infoecos.com.ar\/index.php\/author\/jomatheus\/"}]}},"featured_image_urls":{"full":"","thumbnail":"","medium":"","medium_large":"","large":"","1536x1536":"","2048x2048":"","covernews-slider-full":"","covernews-slider-center":"","covernews-featured":"","covernews-medium":"","covernews-medium-square":""},"author_info":{"info":["Jorge Matheus"]},"category_info":"<a href=\"https:\/\/infoecos.com.ar\/index.php\/category\/c1nota3\/\" rel=\"category tag\">C1 N3<\/a>","tag_info":"C1 N3","comment_count":"0","_links":{"self":[{"href":"https:\/\/infoecos.com.ar\/index.php\/wp-json\/wp\/v2\/posts\/92979"}],"collection":[{"href":"https:\/\/infoecos.com.ar\/index.php\/wp-json\/wp\/v2\/posts"}],"about":[{"href":"https:\/\/infoecos.com.ar\/index.php\/wp-json\/wp\/v2\/types\/post"}],"author":[{"embeddable":true,"href":"https:\/\/infoecos.com.ar\/index.php\/wp-json\/wp\/v2\/users\/2"}],"replies":[{"embeddable":true,"href":"https:\/\/infoecos.com.ar\/index.php\/wp-json\/wp\/v2\/comments?post=92979"}],"version-history":[{"count":1,"href":"https:\/\/infoecos.com.ar\/index.php\/wp-json\/wp\/v2\/posts\/92979\/revisions"}],"predecessor-version":[{"id":92980,"href":"https:\/\/infoecos.com.ar\/index.php\/wp-json\/wp\/v2\/posts\/92979\/revisions\/92980"}],"wp:featuredmedia":[{"embeddable":true,"href":"https:\/\/infoecos.com.ar\/index.php\/wp-json\/"}],"wp:attachment":[{"href":"https:\/\/infoecos.com.ar\/index.php\/wp-json\/wp\/v2\/media?parent=92979"}],"wp:term":[{"taxonomy":"category","embeddable":true,"href":"https:\/\/infoecos.com.ar\/index.php\/wp-json\/wp\/v2\/categories?post=92979"},{"taxonomy":"post_tag","embeddable":true,"href":"https:\/\/infoecos.com.ar\/index.php\/wp-json\/wp\/v2\/tags?post=92979"}],"curies":[{"name":"wp","href":"https:\/\/api.w.org\/{rel}","templated":true}]}}