{"id":93040,"date":"2022-05-23T01:01:46","date_gmt":"2022-05-23T04:01:46","guid":{"rendered":"http:\/\/infoecos.com.ar\/?p=93040"},"modified":"2022-05-23T14:52:27","modified_gmt":"2022-05-23T17:52:27","slug":"una-pick-up-choco-en-la-parte-trasera-a-un-acoplado-en-plena-ruta-provincial-85-no-hubo-victimas-fatales","status":"publish","type":"post","link":"https:\/\/infoecos.com.ar\/index.php\/una-pick-up-choco-en-la-parte-trasera-a-un-acoplado-en-plena-ruta-provincial-85-no-hubo-victimas-fatales\/","title":{"rendered":"Una pick up choc\u00f3 en la parte trasera a un acoplado en plena ruta provincial 85: no hubo v\u00edctimas fatales"},"content":{"rendered":"\n<p>Una camioneta Ford Ranger colision\u00f3 en la parte trasera de un acoplado. El accidente que no arroj\u00f3 v\u00edctimas fatales se produjo en la ruta provincial n\u00famero 85 en jurisdicci\u00f3n del distrito de Salliquel\u00f3. <\/p>\n\n\n\n<div class=\"wp-block-image\"><figure class=\"aligncenter size-large\"><img loading=\"lazy\" decoding=\"async\" width=\"360\" height=\"224\" src=\"http:\/\/infoecos.com.ar\/wp-content\/uploads\/2022\/05\/accidenteruta851.jpg\" alt=\"\" class=\"wp-image-93041\"\/><\/figure><\/div>\n\n\n\n<p>Los cuatro ocupantes de la pick up oriundos de Villa Maza, debieron ser trasladados al Hospital de Salliquel\u00f3 con heridas leves. El conductor del cami\u00f3n, de General Pico, fue trasladado al nosocomio de Salliquel\u00f3 tambi\u00e9n con heridas leves.<\/p>\n\n\n\n<div class=\"wp-block-image\"><figure class=\"aligncenter size-large is-resized\"><img loading=\"lazy\" decoding=\"async\" src=\"http:\/\/infoecos.com.ar\/wp-content\/uploads\/2022\/05\/accidenteruta852.jpg\" alt=\"\" class=\"wp-image-93042\" width=\"367\" height=\"237\" srcset=\"https:\/\/infoecos.com.ar\/wp-content\/uploads\/2022\/05\/accidenteruta852.jpg 720w, https:\/\/infoecos.com.ar\/wp-content\/uploads\/2022\/05\/accidenteruta852-460x297.jpg 460w\" sizes=\"(max-width: 367px) 100vw, 367px\" \/><\/figure><\/div>\n\n\n\n<p>Trabajaron m\u00f3viles de Bomberos Voluntarios de Salliquel\u00f3 y Quenum\u00e1, efectivos de la Polic\u00eda de la provincia de Buenos Aires y equipos m\u00e9dicos del distrito.<\/p>\n\n\n\n<p><\/p>\n\n\n\n<p><\/p>\n","protected":false},"excerpt":{"rendered":"<p>Los cuatro ocupantes de la pick up oriundos de Villa Maza, debieron ser trasladados al Hospital de Salliquel\u00f3 con heridas leves. El conductor del cami\u00f3n, de General Pico, fue trasladado al nosocomio de Salliquel\u00f3 tambi\u00e9n con heridas leves<\/p>\n","protected":false},"author":2,"featured_media":93042,"comment_status":"closed","ping_status":"open","sticky":false,"template":"","format":"standard","meta":{"footnotes":""},"categories":[24],"tags":[6115],"class_list":["post-93040","post","type-post","status-publish","format-standard","has-post-thumbnail","hentry","category-c1nota3","tag-salvados-por-un-milagro"],"yoast_head":"<!-- This site is optimized with the Yoast SEO plugin v23.4 - https:\/\/yoast.com\/wordpress\/plugins\/seo\/ -->\n<title>Una pick up choc\u00f3 en la parte trasera a un acoplado en plena ruta provincial 85: no hubo v\u00edctimas fatales - Infoecos<\/title>\n<meta name=\"robots\" content=\"index, follow, max-snippet:-1, max-image-preview:large, max-video-preview:-1\" \/>\n<link rel=\"canonical\" href=\"https:\/\/infoecos.com.ar\/index.php\/una-pick-up-choco-en-la-parte-trasera-a-un-acoplado-en-plena-ruta-provincial-85-no-hubo-victimas-fatales\/\" \/>\n<meta property=\"og:locale\" content=\"es_ES\" \/>\n<meta property=\"og:type\" content=\"article\" \/>\n<meta property=\"og:title\" content=\"Una pick up choc\u00f3 en la parte trasera a un acoplado en plena ruta provincial 85: no hubo v\u00edctimas fatales - Infoecos\" \/>\n<meta property=\"og:description\" content=\"Los cuatro ocupantes de la pick up oriundos de Villa Maza, debieron ser trasladados al Hospital de Salliquel\u00f3 con heridas leves. El conductor del cami\u00f3n, de General Pico, fue trasladado al nosocomio de Salliquel\u00f3 tambi\u00e9n con heridas leves\" \/>\n<meta property=\"og:url\" content=\"https:\/\/infoecos.com.ar\/index.php\/una-pick-up-choco-en-la-parte-trasera-a-un-acoplado-en-plena-ruta-provincial-85-no-hubo-victimas-fatales\/\" \/>\n<meta property=\"og:site_name\" content=\"Infoecos\" \/>\n<meta property=\"article:publisher\" content=\"https:\/\/www.facebook.com\/profile.php?id=100063200290284\" \/>\n<meta property=\"article:published_time\" content=\"2022-05-23T04:01:46+00:00\" \/>\n<meta property=\"article:modified_time\" content=\"2022-05-23T17:52:27+00:00\" \/>\n<meta property=\"og:image\" content=\"https:\/\/infoecos.com.ar\/wp-content\/uploads\/2022\/05\/accidenteruta852.jpg\" \/>\n\t<meta property=\"og:image:width\" content=\"720\" \/>\n\t<meta property=\"og:image:height\" content=\"465\" \/>\n\t<meta property=\"og:image:type\" content=\"image\/jpeg\" \/>\n<meta name=\"author\" content=\"Jorge Matheus\" \/>\n<meta name=\"twitter:card\" content=\"summary_large_image\" \/>\n<meta name=\"twitter:creator\" content=\"@infoecos\" \/>\n<meta name=\"twitter:site\" content=\"@infoecos\" \/>\n<meta name=\"twitter:label1\" content=\"Escrito por\" \/>\n\t<meta name=\"twitter:data1\" content=\"Jorge Matheus\" \/>\n\t<meta name=\"twitter:label2\" content=\"Tiempo de lectura\" \/>\n\t<meta name=\"twitter:data2\" content=\"1 minuto\" \/>\n<script type=\"application\/ld+json\" class=\"yoast-schema-graph\">{\"@context\":\"https:\/\/schema.org\",\"@graph\":[{\"@type\":\"Article\",\"@id\":\"https:\/\/infoecos.com.ar\/index.php\/una-pick-up-choco-en-la-parte-trasera-a-un-acoplado-en-plena-ruta-provincial-85-no-hubo-victimas-fatales\/#article\",\"isPartOf\":{\"@id\":\"https:\/\/infoecos.com.ar\/index.php\/una-pick-up-choco-en-la-parte-trasera-a-un-acoplado-en-plena-ruta-provincial-85-no-hubo-victimas-fatales\/\"},\"author\":{\"name\":\"Jorge Matheus\",\"@id\":\"https:\/\/infoecos.com.ar\/#\/schema\/person\/8f5ace5ce73b4b4aac4b7245aee6f191\"},\"headline\":\"Una pick up choc\u00f3 en la parte trasera a un acoplado en plena ruta provincial 85: no hubo v\u00edctimas fatales\",\"datePublished\":\"2022-05-23T04:01:46+00:00\",\"dateModified\":\"2022-05-23T17:52:27+00:00\",\"mainEntityOfPage\":{\"@id\":\"https:\/\/infoecos.com.ar\/index.php\/una-pick-up-choco-en-la-parte-trasera-a-un-acoplado-en-plena-ruta-provincial-85-no-hubo-victimas-fatales\/\"},\"wordCount\":122,\"publisher\":{\"@id\":\"https:\/\/infoecos.com.ar\/#organization\"},\"image\":{\"@id\":\"https:\/\/infoecos.com.ar\/index.php\/una-pick-up-choco-en-la-parte-trasera-a-un-acoplado-en-plena-ruta-provincial-85-no-hubo-victimas-fatales\/#primaryimage\"},\"thumbnailUrl\":\"https:\/\/infoecos.com.ar\/wp-content\/uploads\/2022\/05\/accidenteruta852.jpg\",\"keywords\":[\"SALVADOS POR UN MILAGRO\"],\"articleSection\":[\"C1 N3\"],\"inLanguage\":\"es\"},{\"@type\":\"WebPage\",\"@id\":\"https:\/\/infoecos.com.ar\/index.php\/una-pick-up-choco-en-la-parte-trasera-a-un-acoplado-en-plena-ruta-provincial-85-no-hubo-victimas-fatales\/\",\"url\":\"https:\/\/infoecos.com.ar\/index.php\/una-pick-up-choco-en-la-parte-trasera-a-un-acoplado-en-plena-ruta-provincial-85-no-hubo-victimas-fatales\/\",\"name\":\"Una pick up choc\u00f3 en la parte trasera a un acoplado en plena ruta provincial 85: no hubo v\u00edctimas fatales - Infoecos\",\"isPartOf\":{\"@id\":\"https:\/\/infoecos.com.ar\/#website\"},\"primaryImageOfPage\":{\"@id\":\"https:\/\/infoecos.com.ar\/index.php\/una-pick-up-choco-en-la-parte-trasera-a-un-acoplado-en-plena-ruta-provincial-85-no-hubo-victimas-fatales\/#primaryimage\"},\"image\":{\"@id\":\"https:\/\/infoecos.com.ar\/index.php\/una-pick-up-choco-en-la-parte-trasera-a-un-acoplado-en-plena-ruta-provincial-85-no-hubo-victimas-fatales\/#primaryimage\"},\"thumbnailUrl\":\"https:\/\/infoecos.com.ar\/wp-content\/uploads\/2022\/05\/accidenteruta852.jpg\",\"datePublished\":\"2022-05-23T04:01:46+00:00\",\"dateModified\":\"2022-05-23T17:52:27+00:00\",\"breadcrumb\":{\"@id\":\"https:\/\/infoecos.com.ar\/index.php\/una-pick-up-choco-en-la-parte-trasera-a-un-acoplado-en-plena-ruta-provincial-85-no-hubo-victimas-fatales\/#breadcrumb\"},\"inLanguage\":\"es\",\"potentialAction\":[{\"@type\":\"ReadAction\",\"target\":[\"https:\/\/infoecos.com.ar\/index.php\/una-pick-up-choco-en-la-parte-trasera-a-un-acoplado-en-plena-ruta-provincial-85-no-hubo-victimas-fatales\/\"]}]},{\"@type\":\"ImageObject\",\"inLanguage\":\"es\",\"@id\":\"https:\/\/infoecos.com.ar\/index.php\/una-pick-up-choco-en-la-parte-trasera-a-un-acoplado-en-plena-ruta-provincial-85-no-hubo-victimas-fatales\/#primaryimage\",\"url\":\"https:\/\/infoecos.com.ar\/wp-content\/uploads\/2022\/05\/accidenteruta852.jpg\",\"contentUrl\":\"https:\/\/infoecos.com.ar\/wp-content\/uploads\/2022\/05\/accidenteruta852.jpg\",\"width\":720,\"height\":465},{\"@type\":\"BreadcrumbList\",\"@id\":\"https:\/\/infoecos.com.ar\/index.php\/una-pick-up-choco-en-la-parte-trasera-a-un-acoplado-en-plena-ruta-provincial-85-no-hubo-victimas-fatales\/#breadcrumb\",\"itemListElement\":[{\"@type\":\"ListItem\",\"position\":1,\"name\":\"Portada\",\"item\":\"https:\/\/infoecos.com.ar\/\"},{\"@type\":\"ListItem\",\"position\":2,\"name\":\"Una pick up choc\u00f3 en la parte trasera a un acoplado en plena ruta provincial 85: no hubo v\u00edctimas fatales\"}]},{\"@type\":\"WebSite\",\"@id\":\"https:\/\/infoecos.com.ar\/#website\",\"url\":\"https:\/\/infoecos.com.ar\/\",\"name\":\"Infoecos\",\"description\":\"Noticias de trenque lauquen y la zona\",\"publisher\":{\"@id\":\"https:\/\/infoecos.com.ar\/#organization\"},\"alternateName\":\"Noticias\",\"potentialAction\":[{\"@type\":\"SearchAction\",\"target\":{\"@type\":\"EntryPoint\",\"urlTemplate\":\"https:\/\/infoecos.com.ar\/?s={search_term_string}\"},\"query-input\":{\"@type\":\"PropertyValueSpecification\",\"valueRequired\":true,\"valueName\":\"search_term_string\"}}],\"inLanguage\":\"es\"},{\"@type\":\"Organization\",\"@id\":\"https:\/\/infoecos.com.ar\/#organization\",\"name\":\"Infoecos\",\"alternateName\":\"Noticias\",\"url\":\"https:\/\/infoecos.com.ar\/\",\"logo\":{\"@type\":\"ImageObject\",\"inLanguage\":\"es\",\"@id\":\"https:\/\/infoecos.com.ar\/#\/schema\/logo\/image\/\",\"url\":\"https:\/\/infoecos.com.ar\/wp-content\/uploads\/2024\/03\/cropped-logo.png\",\"contentUrl\":\"https:\/\/infoecos.com.ar\/wp-content\/uploads\/2024\/03\/cropped-logo.png\",\"width\":374,\"height\":90,\"caption\":\"Infoecos\"},\"image\":{\"@id\":\"https:\/\/infoecos.com.ar\/#\/schema\/logo\/image\/\"},\"sameAs\":[\"https:\/\/www.facebook.com\/profile.php?id=100063200290284\",\"https:\/\/x.com\/infoecos\"]},{\"@type\":\"Person\",\"@id\":\"https:\/\/infoecos.com.ar\/#\/schema\/person\/8f5ace5ce73b4b4aac4b7245aee6f191\",\"name\":\"Jorge Matheus\",\"url\":\"https:\/\/infoecos.com.ar\/index.php\/author\/jomatheus\/\"}]}<\/script>\n<!-- \/ Yoast SEO plugin. -->","yoast_head_json":{"title":"Una pick up choc\u00f3 en la parte trasera a un acoplado en plena ruta provincial 85: no hubo v\u00edctimas fatales - Infoecos","robots":{"index":"index","follow":"follow","max-snippet":"max-snippet:-1","max-image-preview":"max-image-preview:large","max-video-preview":"max-video-preview:-1"},"canonical":"https:\/\/infoecos.com.ar\/index.php\/una-pick-up-choco-en-la-parte-trasera-a-un-acoplado-en-plena-ruta-provincial-85-no-hubo-victimas-fatales\/","og_locale":"es_ES","og_type":"article","og_title":"Una pick up choc\u00f3 en la parte trasera a un acoplado en plena ruta provincial 85: no hubo v\u00edctimas fatales - Infoecos","og_description":"Los cuatro ocupantes de la pick up oriundos de Villa Maza, debieron ser trasladados al Hospital de Salliquel\u00f3 con heridas leves. El conductor del cami\u00f3n, de General Pico, fue trasladado al nosocomio de Salliquel\u00f3 tambi\u00e9n con heridas leves","og_url":"https:\/\/infoecos.com.ar\/index.php\/una-pick-up-choco-en-la-parte-trasera-a-un-acoplado-en-plena-ruta-provincial-85-no-hubo-victimas-fatales\/","og_site_name":"Infoecos","article_publisher":"https:\/\/www.facebook.com\/profile.php?id=100063200290284","article_published_time":"2022-05-23T04:01:46+00:00","article_modified_time":"2022-05-23T17:52:27+00:00","og_image":[{"width":720,"height":465,"url":"https:\/\/infoecos.com.ar\/wp-content\/uploads\/2022\/05\/accidenteruta852.jpg","type":"image\/jpeg"}],"author":"Jorge Matheus","twitter_card":"summary_large_image","twitter_creator":"@infoecos","twitter_site":"@infoecos","twitter_misc":{"Escrito por":"Jorge Matheus","Tiempo de lectura":"1 minuto"},"schema":{"@context":"https:\/\/schema.org","@graph":[{"@type":"Article","@id":"https:\/\/infoecos.com.ar\/index.php\/una-pick-up-choco-en-la-parte-trasera-a-un-acoplado-en-plena-ruta-provincial-85-no-hubo-victimas-fatales\/#article","isPartOf":{"@id":"https:\/\/infoecos.com.ar\/index.php\/una-pick-up-choco-en-la-parte-trasera-a-un-acoplado-en-plena-ruta-provincial-85-no-hubo-victimas-fatales\/"},"author":{"name":"Jorge Matheus","@id":"https:\/\/infoecos.com.ar\/#\/schema\/person\/8f5ace5ce73b4b4aac4b7245aee6f191"},"headline":"Una pick up choc\u00f3 en la parte trasera a un acoplado en plena ruta provincial 85: no hubo v\u00edctimas fatales","datePublished":"2022-05-23T04:01:46+00:00","dateModified":"2022-05-23T17:52:27+00:00","mainEntityOfPage":{"@id":"https:\/\/infoecos.com.ar\/index.php\/una-pick-up-choco-en-la-parte-trasera-a-un-acoplado-en-plena-ruta-provincial-85-no-hubo-victimas-fatales\/"},"wordCount":122,"publisher":{"@id":"https:\/\/infoecos.com.ar\/#organization"},"image":{"@id":"https:\/\/infoecos.com.ar\/index.php\/una-pick-up-choco-en-la-parte-trasera-a-un-acoplado-en-plena-ruta-provincial-85-no-hubo-victimas-fatales\/#primaryimage"},"thumbnailUrl":"https:\/\/infoecos.com.ar\/wp-content\/uploads\/2022\/05\/accidenteruta852.jpg","keywords":["SALVADOS POR UN MILAGRO"],"articleSection":["C1 N3"],"inLanguage":"es"},{"@type":"WebPage","@id":"https:\/\/infoecos.com.ar\/index.php\/una-pick-up-choco-en-la-parte-trasera-a-un-acoplado-en-plena-ruta-provincial-85-no-hubo-victimas-fatales\/","url":"https:\/\/infoecos.com.ar\/index.php\/una-pick-up-choco-en-la-parte-trasera-a-un-acoplado-en-plena-ruta-provincial-85-no-hubo-victimas-fatales\/","name":"Una pick up choc\u00f3 en la parte trasera a un acoplado en plena ruta provincial 85: no hubo v\u00edctimas fatales - Infoecos","isPartOf":{"@id":"https:\/\/infoecos.com.ar\/#website"},"primaryImageOfPage":{"@id":"https:\/\/infoecos.com.ar\/index.php\/una-pick-up-choco-en-la-parte-trasera-a-un-acoplado-en-plena-ruta-provincial-85-no-hubo-victimas-fatales\/#primaryimage"},"image":{"@id":"https:\/\/infoecos.com.ar\/index.php\/una-pick-up-choco-en-la-parte-trasera-a-un-acoplado-en-plena-ruta-provincial-85-no-hubo-victimas-fatales\/#primaryimage"},"thumbnailUrl":"https:\/\/infoecos.com.ar\/wp-content\/uploads\/2022\/05\/accidenteruta852.jpg","datePublished":"2022-05-23T04:01:46+00:00","dateModified":"2022-05-23T17:52:27+00:00","breadcrumb":{"@id":"https:\/\/infoecos.com.ar\/index.php\/una-pick-up-choco-en-la-parte-trasera-a-un-acoplado-en-plena-ruta-provincial-85-no-hubo-victimas-fatales\/#breadcrumb"},"inLanguage":"es","potentialAction":[{"@type":"ReadAction","target":["https:\/\/infoecos.com.ar\/index.php\/una-pick-up-choco-en-la-parte-trasera-a-un-acoplado-en-plena-ruta-provincial-85-no-hubo-victimas-fatales\/"]}]},{"@type":"ImageObject","inLanguage":"es","@id":"https:\/\/infoecos.com.ar\/index.php\/una-pick-up-choco-en-la-parte-trasera-a-un-acoplado-en-plena-ruta-provincial-85-no-hubo-victimas-fatales\/#primaryimage","url":"https:\/\/infoecos.com.ar\/wp-content\/uploads\/2022\/05\/accidenteruta852.jpg","contentUrl":"https:\/\/infoecos.com.ar\/wp-content\/uploads\/2022\/05\/accidenteruta852.jpg","width":720,"height":465},{"@type":"BreadcrumbList","@id":"https:\/\/infoecos.com.ar\/index.php\/una-pick-up-choco-en-la-parte-trasera-a-un-acoplado-en-plena-ruta-provincial-85-no-hubo-victimas-fatales\/#breadcrumb","itemListElement":[{"@type":"ListItem","position":1,"name":"Portada","item":"https:\/\/infoecos.com.ar\/"},{"@type":"ListItem","position":2,"name":"Una pick up choc\u00f3 en la parte trasera a un acoplado en plena ruta provincial 85: no hubo v\u00edctimas fatales"}]},{"@type":"WebSite","@id":"https:\/\/infoecos.com.ar\/#website","url":"https:\/\/infoecos.com.ar\/","name":"Infoecos","description":"Noticias de trenque lauquen y la zona","publisher":{"@id":"https:\/\/infoecos.com.ar\/#organization"},"alternateName":"Noticias","potentialAction":[{"@type":"SearchAction","target":{"@type":"EntryPoint","urlTemplate":"https:\/\/infoecos.com.ar\/?s={search_term_string}"},"query-input":{"@type":"PropertyValueSpecification","valueRequired":true,"valueName":"search_term_string"}}],"inLanguage":"es"},{"@type":"Organization","@id":"https:\/\/infoecos.com.ar\/#organization","name":"Infoecos","alternateName":"Noticias","url":"https:\/\/infoecos.com.ar\/","logo":{"@type":"ImageObject","inLanguage":"es","@id":"https:\/\/infoecos.com.ar\/#\/schema\/logo\/image\/","url":"https:\/\/infoecos.com.ar\/wp-content\/uploads\/2024\/03\/cropped-logo.png","contentUrl":"https:\/\/infoecos.com.ar\/wp-content\/uploads\/2024\/03\/cropped-logo.png","width":374,"height":90,"caption":"Infoecos"},"image":{"@id":"https:\/\/infoecos.com.ar\/#\/schema\/logo\/image\/"},"sameAs":["https:\/\/www.facebook.com\/profile.php?id=100063200290284","https:\/\/x.com\/infoecos"]},{"@type":"Person","@id":"https:\/\/infoecos.com.ar\/#\/schema\/person\/8f5ace5ce73b4b4aac4b7245aee6f191","name":"Jorge Matheus","url":"https:\/\/infoecos.com.ar\/index.php\/author\/jomatheus\/"}]}},"featured_image_urls":{"full":["https:\/\/infoecos.com.ar\/wp-content\/uploads\/2022\/05\/accidenteruta852.jpg",720,465,false],"thumbnail":["https:\/\/infoecos.com.ar\/wp-content\/uploads\/2022\/05\/accidenteruta852-150x150.jpg",150,150,true],"medium":["https:\/\/infoecos.com.ar\/wp-content\/uploads\/2022\/05\/accidenteruta852-460x297.jpg",460,297,true],"medium_large":["https:\/\/infoecos.com.ar\/wp-content\/uploads\/2022\/05\/accidenteruta852.jpg",640,413,false],"large":["https:\/\/infoecos.com.ar\/wp-content\/uploads\/2022\/05\/accidenteruta852.jpg",640,413,false],"1536x1536":["https:\/\/infoecos.com.ar\/wp-content\/uploads\/2022\/05\/accidenteruta852.jpg",720,465,false],"2048x2048":["https:\/\/infoecos.com.ar\/wp-content\/uploads\/2022\/05\/accidenteruta852.jpg",720,465,false],"covernews-slider-full":["https:\/\/infoecos.com.ar\/wp-content\/uploads\/2022\/05\/accidenteruta852.jpg",720,465,false],"covernews-slider-center":["https:\/\/infoecos.com.ar\/wp-content\/uploads\/2022\/05\/accidenteruta852.jpg",720,465,false],"covernews-featured":["https:\/\/infoecos.com.ar\/wp-content\/uploads\/2022\/05\/accidenteruta852.jpg",720,465,false],"covernews-medium":["https:\/\/infoecos.com.ar\/wp-content\/uploads\/2022\/05\/accidenteruta852-720x380.jpg",540,285,true],"covernews-medium-square":["https:\/\/infoecos.com.ar\/wp-content\/uploads\/2022\/05\/accidenteruta852-675x450.jpg",375,250,true]},"author_info":{"info":["Jorge Matheus"]},"category_info":"<a href=\"https:\/\/infoecos.com.ar\/index.php\/category\/c1nota3\/\" rel=\"category tag\">C1 N3<\/a>","tag_info":"C1 N3","comment_count":"0","_links":{"self":[{"href":"https:\/\/infoecos.com.ar\/index.php\/wp-json\/wp\/v2\/posts\/93040"}],"collection":[{"href":"https:\/\/infoecos.com.ar\/index.php\/wp-json\/wp\/v2\/posts"}],"about":[{"href":"https:\/\/infoecos.com.ar\/index.php\/wp-json\/wp\/v2\/types\/post"}],"author":[{"embeddable":true,"href":"https:\/\/infoecos.com.ar\/index.php\/wp-json\/wp\/v2\/users\/2"}],"replies":[{"embeddable":true,"href":"https:\/\/infoecos.com.ar\/index.php\/wp-json\/wp\/v2\/comments?post=93040"}],"version-history":[{"count":1,"href":"https:\/\/infoecos.com.ar\/index.php\/wp-json\/wp\/v2\/posts\/93040\/revisions"}],"predecessor-version":[{"id":93044,"href":"https:\/\/infoecos.com.ar\/index.php\/wp-json\/wp\/v2\/posts\/93040\/revisions\/93044"}],"wp:featuredmedia":[{"embeddable":true,"href":"https:\/\/infoecos.com.ar\/index.php\/wp-json\/wp\/v2\/media\/93042"}],"wp:attachment":[{"href":"https:\/\/infoecos.com.ar\/index.php\/wp-json\/wp\/v2\/media?parent=93040"}],"wp:term":[{"taxonomy":"category","embeddable":true,"href":"https:\/\/infoecos.com.ar\/index.php\/wp-json\/wp\/v2\/categories?post=93040"},{"taxonomy":"post_tag","embeddable":true,"href":"https:\/\/infoecos.com.ar\/index.php\/wp-json\/wp\/v2\/tags?post=93040"}],"curies":[{"name":"wp","href":"https:\/\/api.w.org\/{rel}","templated":true}]}}