{"id":93054,"date":"2022-05-23T12:46:53","date_gmt":"2022-05-23T15:46:53","guid":{"rendered":"http:\/\/infoecos.com.ar\/?p=93054"},"modified":"2022-05-31T22:23:37","modified_gmt":"2022-06-01T01:23:37","slug":"exenciones-impositivas-para-los-productores-de-trenque-lauquen-y-general-villegas-por-desastre-agropecuario","status":"publish","type":"post","link":"https:\/\/infoecos.com.ar\/index.php\/exenciones-impositivas-para-los-productores-de-trenque-lauquen-y-general-villegas-por-desastre-agropecuario\/","title":{"rendered":"Exenciones impositivas para los productores de Trenque Lauquen y General Villegas por Desastre Agropecuario"},"content":{"rendered":"\n<p>El Gobierno de la provincia de Buenos Aires resolvi\u00f3 dar lugar a exenciones impositivas a los productores de los municipios de Trenque Lauquen y General Villegas. Se trata de distritos alcanzados por la declaraci\u00f3n de Desastre Agropecuario debido a inundaciones.<\/p>\n\n\n\n<p>A trav\u00e9s del Decreto N\u00b0 490, se orden\u00f3 \u201cotorgar la exenci\u00f3n del Impuesto Inmobiliario a las productoras y productores rurales afectados por inundaciones y\/o secuelas\u201d de los partidos de Trenque Lauquen y General Villegas.<\/p>\n\n\n\n<div class=\"wp-block-image\"><figure class=\"aligncenter size-large is-resized\"><img loading=\"lazy\" decoding=\"async\" src=\"http:\/\/infoecos.com.ar\/wp-content\/uploads\/Caminos-rurales-inundacion-canales-desague-10-920x613.jpg\" alt=\"\" class=\"wp-image-39730\" width=\"515\" height=\"342\"\/><figcaption>Caminos rurales Trenque Lauquen<\/figcaption><\/figure><\/div>\n\n\n\n<p>Las zonas son aquellas \u201cexplotaciones alcanzadas por la declaraci\u00f3n de Desastre Agropecuario prevista en la Resoluci\u00f3n N\u00b0 134\/21 del Ministerio de Desarrollo Agrario, en las que desarrollen como actividad principal la explotaci\u00f3n agropecuaria y en proporci\u00f3n al porcentaje de la afectaci\u00f3n\u201d.<\/p>\n\n\n\n<p>La normativa lleva las firmas del gobernador bonaerense, Axel Kicillof, el jefe de Gabinete, Mart\u00edn Insaurralde, y del ministro de Desarrollo Agrario, Javier Rodr\u00edguez.<\/p>\n\n\n\n<p>Entre los fundamentos de la medida, se explic\u00f3 que \u201cse previ\u00f3 respecto de los productores alcanzados por la declaraci\u00f3n de desastre que desarrollen como actividad principal la explotaci\u00f3n agropecuaria en los establecimientos ubicados en los correspondientes partidos, que se promover\u00eda el beneficio contemplado en el art\u00edculo 10, apartado 2, inciso b) de la Ley N\u00b0 10.390 y modificatorias, respecto del Impuesto Inmobiliario Rural correspondiente al inmueble destinado al desarrollo de la actividad principal citada y en proporci\u00f3n al porcentaje de la afectaci\u00f3n de las explotaciones alcanzadas\u201d.<\/p>\n","protected":false},"excerpt":{"rendered":"<p>Las zonas son aquellas \u201cexplotaciones alcanzadas por la declaraci\u00f3n de Desastre Agropecuario prevista en la Resoluci\u00f3n N\u00b0 134\/21 del Ministerio de Desarrollo Agrario, en las que desarrollen como actividad principal la explotaci\u00f3n agropecuaria y en proporci\u00f3n al porcentaje de la afectaci\u00f3n\u201d<\/p>\n","protected":false},"author":2,"featured_media":39730,"comment_status":"closed","ping_status":"open","sticky":false,"template":"","format":"standard","meta":{"footnotes":""},"categories":[201],"tags":[5984],"class_list":["post-93054","post","type-post","status-publish","format-standard","has-post-thumbnail","hentry","category-inferior9","tag-situacion-hidrica"],"yoast_head":"<!-- This site is optimized with the Yoast SEO plugin v23.4 - https:\/\/yoast.com\/wordpress\/plugins\/seo\/ -->\n<title>Exenciones impositivas para los productores de Trenque Lauquen y General Villegas por Desastre Agropecuario - Infoecos<\/title>\n<meta name=\"robots\" content=\"index, follow, max-snippet:-1, max-image-preview:large, max-video-preview:-1\" \/>\n<link rel=\"canonical\" href=\"https:\/\/infoecos.com.ar\/index.php\/exenciones-impositivas-para-los-productores-de-trenque-lauquen-y-general-villegas-por-desastre-agropecuario\/\" \/>\n<meta property=\"og:locale\" content=\"es_ES\" \/>\n<meta property=\"og:type\" content=\"article\" \/>\n<meta property=\"og:title\" content=\"Exenciones impositivas para los productores de Trenque Lauquen y General Villegas por Desastre Agropecuario - Infoecos\" \/>\n<meta property=\"og:description\" content=\"Las zonas son aquellas \u201cexplotaciones alcanzadas por la declaraci\u00f3n de Desastre Agropecuario prevista en la Resoluci\u00f3n N\u00b0 134\/21 del Ministerio de Desarrollo Agrario, en las que desarrollen como actividad principal la explotaci\u00f3n agropecuaria y en proporci\u00f3n al porcentaje de la afectaci\u00f3n\u201d\" \/>\n<meta property=\"og:url\" content=\"https:\/\/infoecos.com.ar\/index.php\/exenciones-impositivas-para-los-productores-de-trenque-lauquen-y-general-villegas-por-desastre-agropecuario\/\" \/>\n<meta property=\"og:site_name\" content=\"Infoecos\" \/>\n<meta property=\"article:publisher\" content=\"https:\/\/www.facebook.com\/profile.php?id=100063200290284\" \/>\n<meta property=\"article:published_time\" content=\"2022-05-23T15:46:53+00:00\" \/>\n<meta property=\"article:modified_time\" content=\"2022-06-01T01:23:37+00:00\" \/>\n<meta property=\"og:image\" content=\"https:\/\/infoecos.com.ar\/wp-content\/uploads\/Caminos-rurales-inundacion-canales-desague-10.jpg\" \/>\n\t<meta property=\"og:image:width\" content=\"2215\" \/>\n\t<meta property=\"og:image:height\" content=\"1477\" \/>\n\t<meta property=\"og:image:type\" content=\"image\/jpeg\" \/>\n<meta name=\"author\" content=\"Jorge Matheus\" \/>\n<meta name=\"twitter:card\" content=\"summary_large_image\" \/>\n<meta name=\"twitter:creator\" content=\"@infoecos\" \/>\n<meta name=\"twitter:site\" content=\"@infoecos\" \/>\n<meta name=\"twitter:label1\" content=\"Escrito por\" \/>\n\t<meta name=\"twitter:data1\" content=\"Jorge Matheus\" \/>\n\t<meta name=\"twitter:label2\" content=\"Tiempo de lectura\" \/>\n\t<meta name=\"twitter:data2\" content=\"1 minuto\" \/>\n<script type=\"application\/ld+json\" class=\"yoast-schema-graph\">{\"@context\":\"https:\/\/schema.org\",\"@graph\":[{\"@type\":\"Article\",\"@id\":\"https:\/\/infoecos.com.ar\/index.php\/exenciones-impositivas-para-los-productores-de-trenque-lauquen-y-general-villegas-por-desastre-agropecuario\/#article\",\"isPartOf\":{\"@id\":\"https:\/\/infoecos.com.ar\/index.php\/exenciones-impositivas-para-los-productores-de-trenque-lauquen-y-general-villegas-por-desastre-agropecuario\/\"},\"author\":{\"name\":\"Jorge Matheus\",\"@id\":\"https:\/\/infoecos.com.ar\/#\/schema\/person\/8f5ace5ce73b4b4aac4b7245aee6f191\"},\"headline\":\"Exenciones impositivas para los productores de Trenque Lauquen y General Villegas por Desastre Agropecuario\",\"datePublished\":\"2022-05-23T15:46:53+00:00\",\"dateModified\":\"2022-06-01T01:23:37+00:00\",\"mainEntityOfPage\":{\"@id\":\"https:\/\/infoecos.com.ar\/index.php\/exenciones-impositivas-para-los-productores-de-trenque-lauquen-y-general-villegas-por-desastre-agropecuario\/\"},\"wordCount\":255,\"publisher\":{\"@id\":\"https:\/\/infoecos.com.ar\/#organization\"},\"image\":{\"@id\":\"https:\/\/infoecos.com.ar\/index.php\/exenciones-impositivas-para-los-productores-de-trenque-lauquen-y-general-villegas-por-desastre-agropecuario\/#primaryimage\"},\"thumbnailUrl\":\"\",\"keywords\":[\"SITUACI\u00d3N H\u00cdDRICA\"],\"articleSection\":[\"Bloque inferior - 9\"],\"inLanguage\":\"es\"},{\"@type\":\"WebPage\",\"@id\":\"https:\/\/infoecos.com.ar\/index.php\/exenciones-impositivas-para-los-productores-de-trenque-lauquen-y-general-villegas-por-desastre-agropecuario\/\",\"url\":\"https:\/\/infoecos.com.ar\/index.php\/exenciones-impositivas-para-los-productores-de-trenque-lauquen-y-general-villegas-por-desastre-agropecuario\/\",\"name\":\"Exenciones impositivas para los productores de Trenque Lauquen y General Villegas por Desastre Agropecuario - Infoecos\",\"isPartOf\":{\"@id\":\"https:\/\/infoecos.com.ar\/#website\"},\"primaryImageOfPage\":{\"@id\":\"https:\/\/infoecos.com.ar\/index.php\/exenciones-impositivas-para-los-productores-de-trenque-lauquen-y-general-villegas-por-desastre-agropecuario\/#primaryimage\"},\"image\":{\"@id\":\"https:\/\/infoecos.com.ar\/index.php\/exenciones-impositivas-para-los-productores-de-trenque-lauquen-y-general-villegas-por-desastre-agropecuario\/#primaryimage\"},\"thumbnailUrl\":\"\",\"datePublished\":\"2022-05-23T15:46:53+00:00\",\"dateModified\":\"2022-06-01T01:23:37+00:00\",\"breadcrumb\":{\"@id\":\"https:\/\/infoecos.com.ar\/index.php\/exenciones-impositivas-para-los-productores-de-trenque-lauquen-y-general-villegas-por-desastre-agropecuario\/#breadcrumb\"},\"inLanguage\":\"es\",\"potentialAction\":[{\"@type\":\"ReadAction\",\"target\":[\"https:\/\/infoecos.com.ar\/index.php\/exenciones-impositivas-para-los-productores-de-trenque-lauquen-y-general-villegas-por-desastre-agropecuario\/\"]}]},{\"@type\":\"ImageObject\",\"inLanguage\":\"es\",\"@id\":\"https:\/\/infoecos.com.ar\/index.php\/exenciones-impositivas-para-los-productores-de-trenque-lauquen-y-general-villegas-por-desastre-agropecuario\/#primaryimage\",\"url\":\"\",\"contentUrl\":\"\"},{\"@type\":\"BreadcrumbList\",\"@id\":\"https:\/\/infoecos.com.ar\/index.php\/exenciones-impositivas-para-los-productores-de-trenque-lauquen-y-general-villegas-por-desastre-agropecuario\/#breadcrumb\",\"itemListElement\":[{\"@type\":\"ListItem\",\"position\":1,\"name\":\"Portada\",\"item\":\"https:\/\/infoecos.com.ar\/\"},{\"@type\":\"ListItem\",\"position\":2,\"name\":\"Exenciones impositivas para los productores de Trenque Lauquen y General Villegas por Desastre Agropecuario\"}]},{\"@type\":\"WebSite\",\"@id\":\"https:\/\/infoecos.com.ar\/#website\",\"url\":\"https:\/\/infoecos.com.ar\/\",\"name\":\"Infoecos\",\"description\":\"Noticias de trenque lauquen y la zona\",\"publisher\":{\"@id\":\"https:\/\/infoecos.com.ar\/#organization\"},\"alternateName\":\"Noticias\",\"potentialAction\":[{\"@type\":\"SearchAction\",\"target\":{\"@type\":\"EntryPoint\",\"urlTemplate\":\"https:\/\/infoecos.com.ar\/?s={search_term_string}\"},\"query-input\":{\"@type\":\"PropertyValueSpecification\",\"valueRequired\":true,\"valueName\":\"search_term_string\"}}],\"inLanguage\":\"es\"},{\"@type\":\"Organization\",\"@id\":\"https:\/\/infoecos.com.ar\/#organization\",\"name\":\"Infoecos\",\"alternateName\":\"Noticias\",\"url\":\"https:\/\/infoecos.com.ar\/\",\"logo\":{\"@type\":\"ImageObject\",\"inLanguage\":\"es\",\"@id\":\"https:\/\/infoecos.com.ar\/#\/schema\/logo\/image\/\",\"url\":\"https:\/\/infoecos.com.ar\/wp-content\/uploads\/2024\/03\/cropped-logo.png\",\"contentUrl\":\"https:\/\/infoecos.com.ar\/wp-content\/uploads\/2024\/03\/cropped-logo.png\",\"width\":374,\"height\":90,\"caption\":\"Infoecos\"},\"image\":{\"@id\":\"https:\/\/infoecos.com.ar\/#\/schema\/logo\/image\/\"},\"sameAs\":[\"https:\/\/www.facebook.com\/profile.php?id=100063200290284\",\"https:\/\/x.com\/infoecos\"]},{\"@type\":\"Person\",\"@id\":\"https:\/\/infoecos.com.ar\/#\/schema\/person\/8f5ace5ce73b4b4aac4b7245aee6f191\",\"name\":\"Jorge Matheus\",\"url\":\"https:\/\/infoecos.com.ar\/index.php\/author\/jomatheus\/\"}]}<\/script>\n<!-- \/ Yoast SEO plugin. -->","yoast_head_json":{"title":"Exenciones impositivas para los productores de Trenque Lauquen y General Villegas por Desastre Agropecuario - Infoecos","robots":{"index":"index","follow":"follow","max-snippet":"max-snippet:-1","max-image-preview":"max-image-preview:large","max-video-preview":"max-video-preview:-1"},"canonical":"https:\/\/infoecos.com.ar\/index.php\/exenciones-impositivas-para-los-productores-de-trenque-lauquen-y-general-villegas-por-desastre-agropecuario\/","og_locale":"es_ES","og_type":"article","og_title":"Exenciones impositivas para los productores de Trenque Lauquen y General Villegas por Desastre Agropecuario - Infoecos","og_description":"Las zonas son aquellas \u201cexplotaciones alcanzadas por la declaraci\u00f3n de Desastre Agropecuario prevista en la Resoluci\u00f3n N\u00b0 134\/21 del Ministerio de Desarrollo Agrario, en las que desarrollen como actividad principal la explotaci\u00f3n agropecuaria y en proporci\u00f3n al porcentaje de la afectaci\u00f3n\u201d","og_url":"https:\/\/infoecos.com.ar\/index.php\/exenciones-impositivas-para-los-productores-de-trenque-lauquen-y-general-villegas-por-desastre-agropecuario\/","og_site_name":"Infoecos","article_publisher":"https:\/\/www.facebook.com\/profile.php?id=100063200290284","article_published_time":"2022-05-23T15:46:53+00:00","article_modified_time":"2022-06-01T01:23:37+00:00","og_image":[{"width":2215,"height":1477,"url":"https:\/\/infoecos.com.ar\/wp-content\/uploads\/Caminos-rurales-inundacion-canales-desague-10.jpg","type":"image\/jpeg"}],"author":"Jorge Matheus","twitter_card":"summary_large_image","twitter_creator":"@infoecos","twitter_site":"@infoecos","twitter_misc":{"Escrito por":"Jorge Matheus","Tiempo de lectura":"1 minuto"},"schema":{"@context":"https:\/\/schema.org","@graph":[{"@type":"Article","@id":"https:\/\/infoecos.com.ar\/index.php\/exenciones-impositivas-para-los-productores-de-trenque-lauquen-y-general-villegas-por-desastre-agropecuario\/#article","isPartOf":{"@id":"https:\/\/infoecos.com.ar\/index.php\/exenciones-impositivas-para-los-productores-de-trenque-lauquen-y-general-villegas-por-desastre-agropecuario\/"},"author":{"name":"Jorge Matheus","@id":"https:\/\/infoecos.com.ar\/#\/schema\/person\/8f5ace5ce73b4b4aac4b7245aee6f191"},"headline":"Exenciones impositivas para los productores de Trenque Lauquen y General Villegas por Desastre Agropecuario","datePublished":"2022-05-23T15:46:53+00:00","dateModified":"2022-06-01T01:23:37+00:00","mainEntityOfPage":{"@id":"https:\/\/infoecos.com.ar\/index.php\/exenciones-impositivas-para-los-productores-de-trenque-lauquen-y-general-villegas-por-desastre-agropecuario\/"},"wordCount":255,"publisher":{"@id":"https:\/\/infoecos.com.ar\/#organization"},"image":{"@id":"https:\/\/infoecos.com.ar\/index.php\/exenciones-impositivas-para-los-productores-de-trenque-lauquen-y-general-villegas-por-desastre-agropecuario\/#primaryimage"},"thumbnailUrl":"","keywords":["SITUACI\u00d3N H\u00cdDRICA"],"articleSection":["Bloque inferior - 9"],"inLanguage":"es"},{"@type":"WebPage","@id":"https:\/\/infoecos.com.ar\/index.php\/exenciones-impositivas-para-los-productores-de-trenque-lauquen-y-general-villegas-por-desastre-agropecuario\/","url":"https:\/\/infoecos.com.ar\/index.php\/exenciones-impositivas-para-los-productores-de-trenque-lauquen-y-general-villegas-por-desastre-agropecuario\/","name":"Exenciones impositivas para los productores de Trenque Lauquen y General Villegas por Desastre Agropecuario - Infoecos","isPartOf":{"@id":"https:\/\/infoecos.com.ar\/#website"},"primaryImageOfPage":{"@id":"https:\/\/infoecos.com.ar\/index.php\/exenciones-impositivas-para-los-productores-de-trenque-lauquen-y-general-villegas-por-desastre-agropecuario\/#primaryimage"},"image":{"@id":"https:\/\/infoecos.com.ar\/index.php\/exenciones-impositivas-para-los-productores-de-trenque-lauquen-y-general-villegas-por-desastre-agropecuario\/#primaryimage"},"thumbnailUrl":"","datePublished":"2022-05-23T15:46:53+00:00","dateModified":"2022-06-01T01:23:37+00:00","breadcrumb":{"@id":"https:\/\/infoecos.com.ar\/index.php\/exenciones-impositivas-para-los-productores-de-trenque-lauquen-y-general-villegas-por-desastre-agropecuario\/#breadcrumb"},"inLanguage":"es","potentialAction":[{"@type":"ReadAction","target":["https:\/\/infoecos.com.ar\/index.php\/exenciones-impositivas-para-los-productores-de-trenque-lauquen-y-general-villegas-por-desastre-agropecuario\/"]}]},{"@type":"ImageObject","inLanguage":"es","@id":"https:\/\/infoecos.com.ar\/index.php\/exenciones-impositivas-para-los-productores-de-trenque-lauquen-y-general-villegas-por-desastre-agropecuario\/#primaryimage","url":"","contentUrl":""},{"@type":"BreadcrumbList","@id":"https:\/\/infoecos.com.ar\/index.php\/exenciones-impositivas-para-los-productores-de-trenque-lauquen-y-general-villegas-por-desastre-agropecuario\/#breadcrumb","itemListElement":[{"@type":"ListItem","position":1,"name":"Portada","item":"https:\/\/infoecos.com.ar\/"},{"@type":"ListItem","position":2,"name":"Exenciones impositivas para los productores de Trenque Lauquen y General Villegas por Desastre Agropecuario"}]},{"@type":"WebSite","@id":"https:\/\/infoecos.com.ar\/#website","url":"https:\/\/infoecos.com.ar\/","name":"Infoecos","description":"Noticias de trenque lauquen y la zona","publisher":{"@id":"https:\/\/infoecos.com.ar\/#organization"},"alternateName":"Noticias","potentialAction":[{"@type":"SearchAction","target":{"@type":"EntryPoint","urlTemplate":"https:\/\/infoecos.com.ar\/?s={search_term_string}"},"query-input":{"@type":"PropertyValueSpecification","valueRequired":true,"valueName":"search_term_string"}}],"inLanguage":"es"},{"@type":"Organization","@id":"https:\/\/infoecos.com.ar\/#organization","name":"Infoecos","alternateName":"Noticias","url":"https:\/\/infoecos.com.ar\/","logo":{"@type":"ImageObject","inLanguage":"es","@id":"https:\/\/infoecos.com.ar\/#\/schema\/logo\/image\/","url":"https:\/\/infoecos.com.ar\/wp-content\/uploads\/2024\/03\/cropped-logo.png","contentUrl":"https:\/\/infoecos.com.ar\/wp-content\/uploads\/2024\/03\/cropped-logo.png","width":374,"height":90,"caption":"Infoecos"},"image":{"@id":"https:\/\/infoecos.com.ar\/#\/schema\/logo\/image\/"},"sameAs":["https:\/\/www.facebook.com\/profile.php?id=100063200290284","https:\/\/x.com\/infoecos"]},{"@type":"Person","@id":"https:\/\/infoecos.com.ar\/#\/schema\/person\/8f5ace5ce73b4b4aac4b7245aee6f191","name":"Jorge Matheus","url":"https:\/\/infoecos.com.ar\/index.php\/author\/jomatheus\/"}]}},"featured_image_urls":{"full":"","thumbnail":"","medium":"","medium_large":"","large":"","1536x1536":"","2048x2048":"","covernews-slider-full":"","covernews-slider-center":"","covernews-featured":"","covernews-medium":"","covernews-medium-square":""},"author_info":{"info":["Jorge Matheus"]},"category_info":"<a href=\"https:\/\/infoecos.com.ar\/index.php\/category\/inferior9\/\" rel=\"category tag\">Bloque inferior - 9<\/a>","tag_info":"Bloque inferior - 9","comment_count":"0","_links":{"self":[{"href":"https:\/\/infoecos.com.ar\/index.php\/wp-json\/wp\/v2\/posts\/93054"}],"collection":[{"href":"https:\/\/infoecos.com.ar\/index.php\/wp-json\/wp\/v2\/posts"}],"about":[{"href":"https:\/\/infoecos.com.ar\/index.php\/wp-json\/wp\/v2\/types\/post"}],"author":[{"embeddable":true,"href":"https:\/\/infoecos.com.ar\/index.php\/wp-json\/wp\/v2\/users\/2"}],"replies":[{"embeddable":true,"href":"https:\/\/infoecos.com.ar\/index.php\/wp-json\/wp\/v2\/comments?post=93054"}],"version-history":[{"count":1,"href":"https:\/\/infoecos.com.ar\/index.php\/wp-json\/wp\/v2\/posts\/93054\/revisions"}],"predecessor-version":[{"id":93055,"href":"https:\/\/infoecos.com.ar\/index.php\/wp-json\/wp\/v2\/posts\/93054\/revisions\/93055"}],"wp:featuredmedia":[{"embeddable":true,"href":"https:\/\/infoecos.com.ar\/index.php\/wp-json\/"}],"wp:attachment":[{"href":"https:\/\/infoecos.com.ar\/index.php\/wp-json\/wp\/v2\/media?parent=93054"}],"wp:term":[{"taxonomy":"category","embeddable":true,"href":"https:\/\/infoecos.com.ar\/index.php\/wp-json\/wp\/v2\/categories?post=93054"},{"taxonomy":"post_tag","embeddable":true,"href":"https:\/\/infoecos.com.ar\/index.php\/wp-json\/wp\/v2\/tags?post=93054"}],"curies":[{"name":"wp","href":"https:\/\/api.w.org\/{rel}","templated":true}]}}