{"id":93056,"date":"2022-05-23T12:56:52","date_gmt":"2022-05-23T15:56:52","guid":{"rendered":"http:\/\/infoecos.com.ar\/?p=93056"},"modified":"2022-05-31T22:22:52","modified_gmt":"2022-06-01T01:22:52","slug":"la-federacion-economica-de-buenos-aires-reclama-por-la-autovia-en-ruta-nacional-5","status":"publish","type":"post","link":"https:\/\/infoecos.com.ar\/index.php\/la-federacion-economica-de-buenos-aires-reclama-por-la-autovia-en-ruta-nacional-5\/","title":{"rendered":"La Federaci\u00f3n Econ\u00f3mica de Buenos Aires reclama por la Autov\u00eda en Ruta Nacional 5"},"content":{"rendered":"\n<p>Directivos de la Federaci\u00f3n Econ\u00f3mica de la provincia de Buenos Aires se reunieron con autoridades del ministerio del Interior de la Naci\u00f3n. <\/p>\n\n\n\n<div class=\"wp-block-image\"><figure class=\"aligncenter size-large is-resized\"><img loading=\"lazy\" decoding=\"async\" src=\"http:\/\/infoecos.com.ar\/wp-content\/uploads\/1503349_835468023191232_2063046058272360913_n-518x920.jpg\" alt=\"\" class=\"wp-image-15702\" width=\"313\" height=\"556\"\/><figcaption>Rutas &#8211; Autov\u00eda Y\u00e1<\/figcaption><\/figure><\/div>\n\n\n\n<p>Plantearon a las autoridades de la cartera la necesidad de que la Ruta Nacional n\u00famero 5 sea convertida en autov\u00eda, a ra\u00edz del intenso tr\u00e1nsito que se viene registrando. La FEBA considera que este es un tema primordial para el interior productivo. <\/p>\n\n\n\n<p>La organizaci\u00f3n empresarial considera que el panorama que ofrece la cinta asf\u00e1ltica es muy complejo, lo que produce un aumento en los costos del transporte y la log\u00edstica. <\/p>\n\n\n\n<p>Tambi\u00e9n se plante\u00f3 en el encuentro con funcionarios del ministerio del interior la conectividad telef\u00f3nica, al afirmarse que en algunos tramos de la ruta nacional n\u00famero 5 la conectividad es nula. <\/p>\n\n\n\n<p><\/p>\n","protected":false},"excerpt":{"rendered":"<p>Plantearon a las autoridades de la cartera la necesidad de que la Ruta Nacional n\u00famero 5 sea convertida en autov\u00eda, a ra\u00edz del intenso tr\u00e1nsito que se viene registrando. La FEBA considera que este es un tema primordial para el interior productivo<\/p>\n","protected":false},"author":2,"featured_media":15702,"comment_status":"closed","ping_status":"open","sticky":false,"template":"","format":"standard","meta":{"footnotes":""},"categories":[200],"tags":[6122],"class_list":["post-93056","post","type-post","status-publish","format-standard","has-post-thumbnail","hentry","category-inferior8","tag-continuan-los-reclamos"],"yoast_head":"<!-- This site is optimized with the Yoast SEO plugin v23.4 - https:\/\/yoast.com\/wordpress\/plugins\/seo\/ -->\n<title>La Federaci\u00f3n Econ\u00f3mica de Buenos Aires reclama por la Autov\u00eda en Ruta Nacional 5 - Infoecos<\/title>\n<meta name=\"robots\" content=\"index, follow, max-snippet:-1, max-image-preview:large, max-video-preview:-1\" \/>\n<link rel=\"canonical\" href=\"https:\/\/infoecos.com.ar\/index.php\/la-federacion-economica-de-buenos-aires-reclama-por-la-autovia-en-ruta-nacional-5\/\" \/>\n<meta property=\"og:locale\" content=\"es_ES\" \/>\n<meta property=\"og:type\" content=\"article\" \/>\n<meta property=\"og:title\" content=\"La Federaci\u00f3n Econ\u00f3mica de Buenos Aires reclama por la Autov\u00eda en Ruta Nacional 5 - Infoecos\" \/>\n<meta property=\"og:description\" content=\"Plantearon a las autoridades de la cartera la necesidad de que la Ruta Nacional n\u00famero 5 sea convertida en autov\u00eda, a ra\u00edz del intenso tr\u00e1nsito que se viene registrando. La FEBA considera que este es un tema primordial para el interior productivo\" \/>\n<meta property=\"og:url\" content=\"https:\/\/infoecos.com.ar\/index.php\/la-federacion-economica-de-buenos-aires-reclama-por-la-autovia-en-ruta-nacional-5\/\" \/>\n<meta property=\"og:site_name\" content=\"Infoecos\" \/>\n<meta property=\"article:publisher\" content=\"https:\/\/www.facebook.com\/profile.php?id=100063200290284\" \/>\n<meta property=\"article:published_time\" content=\"2022-05-23T15:56:52+00:00\" \/>\n<meta property=\"article:modified_time\" content=\"2022-06-01T01:22:52+00:00\" \/>\n<meta property=\"og:image\" content=\"https:\/\/infoecos.com.ar\/wp-content\/uploads\/1503349_835468023191232_2063046058272360913_n.jpg\" \/>\n\t<meta property=\"og:image:width\" content=\"540\" \/>\n\t<meta property=\"og:image:height\" content=\"960\" \/>\n\t<meta property=\"og:image:type\" content=\"image\/jpeg\" \/>\n<meta name=\"author\" content=\"Jorge Matheus\" \/>\n<meta name=\"twitter:card\" content=\"summary_large_image\" \/>\n<meta name=\"twitter:creator\" content=\"@infoecos\" \/>\n<meta name=\"twitter:site\" content=\"@infoecos\" \/>\n<meta name=\"twitter:label1\" content=\"Escrito por\" \/>\n\t<meta name=\"twitter:data1\" content=\"Jorge Matheus\" \/>\n\t<meta name=\"twitter:label2\" content=\"Tiempo de lectura\" \/>\n\t<meta name=\"twitter:data2\" content=\"1 minuto\" \/>\n<script type=\"application\/ld+json\" class=\"yoast-schema-graph\">{\"@context\":\"https:\/\/schema.org\",\"@graph\":[{\"@type\":\"Article\",\"@id\":\"https:\/\/infoecos.com.ar\/index.php\/la-federacion-economica-de-buenos-aires-reclama-por-la-autovia-en-ruta-nacional-5\/#article\",\"isPartOf\":{\"@id\":\"https:\/\/infoecos.com.ar\/index.php\/la-federacion-economica-de-buenos-aires-reclama-por-la-autovia-en-ruta-nacional-5\/\"},\"author\":{\"name\":\"Jorge Matheus\",\"@id\":\"https:\/\/infoecos.com.ar\/#\/schema\/person\/8f5ace5ce73b4b4aac4b7245aee6f191\"},\"headline\":\"La Federaci\u00f3n Econ\u00f3mica de Buenos Aires reclama por la Autov\u00eda en Ruta Nacional 5\",\"datePublished\":\"2022-05-23T15:56:52+00:00\",\"dateModified\":\"2022-06-01T01:22:52+00:00\",\"mainEntityOfPage\":{\"@id\":\"https:\/\/infoecos.com.ar\/index.php\/la-federacion-economica-de-buenos-aires-reclama-por-la-autovia-en-ruta-nacional-5\/\"},\"wordCount\":155,\"publisher\":{\"@id\":\"https:\/\/infoecos.com.ar\/#organization\"},\"image\":{\"@id\":\"https:\/\/infoecos.com.ar\/index.php\/la-federacion-economica-de-buenos-aires-reclama-por-la-autovia-en-ruta-nacional-5\/#primaryimage\"},\"thumbnailUrl\":\"\",\"keywords\":[\"contin\u00faan los reclamos\"],\"articleSection\":[\"Bloque inferior - 8\"],\"inLanguage\":\"es\"},{\"@type\":\"WebPage\",\"@id\":\"https:\/\/infoecos.com.ar\/index.php\/la-federacion-economica-de-buenos-aires-reclama-por-la-autovia-en-ruta-nacional-5\/\",\"url\":\"https:\/\/infoecos.com.ar\/index.php\/la-federacion-economica-de-buenos-aires-reclama-por-la-autovia-en-ruta-nacional-5\/\",\"name\":\"La Federaci\u00f3n Econ\u00f3mica de Buenos Aires reclama por la Autov\u00eda en Ruta Nacional 5 - Infoecos\",\"isPartOf\":{\"@id\":\"https:\/\/infoecos.com.ar\/#website\"},\"primaryImageOfPage\":{\"@id\":\"https:\/\/infoecos.com.ar\/index.php\/la-federacion-economica-de-buenos-aires-reclama-por-la-autovia-en-ruta-nacional-5\/#primaryimage\"},\"image\":{\"@id\":\"https:\/\/infoecos.com.ar\/index.php\/la-federacion-economica-de-buenos-aires-reclama-por-la-autovia-en-ruta-nacional-5\/#primaryimage\"},\"thumbnailUrl\":\"\",\"datePublished\":\"2022-05-23T15:56:52+00:00\",\"dateModified\":\"2022-06-01T01:22:52+00:00\",\"breadcrumb\":{\"@id\":\"https:\/\/infoecos.com.ar\/index.php\/la-federacion-economica-de-buenos-aires-reclama-por-la-autovia-en-ruta-nacional-5\/#breadcrumb\"},\"inLanguage\":\"es\",\"potentialAction\":[{\"@type\":\"ReadAction\",\"target\":[\"https:\/\/infoecos.com.ar\/index.php\/la-federacion-economica-de-buenos-aires-reclama-por-la-autovia-en-ruta-nacional-5\/\"]}]},{\"@type\":\"ImageObject\",\"inLanguage\":\"es\",\"@id\":\"https:\/\/infoecos.com.ar\/index.php\/la-federacion-economica-de-buenos-aires-reclama-por-la-autovia-en-ruta-nacional-5\/#primaryimage\",\"url\":\"\",\"contentUrl\":\"\"},{\"@type\":\"BreadcrumbList\",\"@id\":\"https:\/\/infoecos.com.ar\/index.php\/la-federacion-economica-de-buenos-aires-reclama-por-la-autovia-en-ruta-nacional-5\/#breadcrumb\",\"itemListElement\":[{\"@type\":\"ListItem\",\"position\":1,\"name\":\"Portada\",\"item\":\"https:\/\/infoecos.com.ar\/\"},{\"@type\":\"ListItem\",\"position\":2,\"name\":\"La Federaci\u00f3n Econ\u00f3mica de Buenos Aires reclama por la Autov\u00eda en Ruta Nacional 5\"}]},{\"@type\":\"WebSite\",\"@id\":\"https:\/\/infoecos.com.ar\/#website\",\"url\":\"https:\/\/infoecos.com.ar\/\",\"name\":\"Infoecos\",\"description\":\"Noticias de trenque lauquen y la zona\",\"publisher\":{\"@id\":\"https:\/\/infoecos.com.ar\/#organization\"},\"alternateName\":\"Noticias\",\"potentialAction\":[{\"@type\":\"SearchAction\",\"target\":{\"@type\":\"EntryPoint\",\"urlTemplate\":\"https:\/\/infoecos.com.ar\/?s={search_term_string}\"},\"query-input\":{\"@type\":\"PropertyValueSpecification\",\"valueRequired\":true,\"valueName\":\"search_term_string\"}}],\"inLanguage\":\"es\"},{\"@type\":\"Organization\",\"@id\":\"https:\/\/infoecos.com.ar\/#organization\",\"name\":\"Infoecos\",\"alternateName\":\"Noticias\",\"url\":\"https:\/\/infoecos.com.ar\/\",\"logo\":{\"@type\":\"ImageObject\",\"inLanguage\":\"es\",\"@id\":\"https:\/\/infoecos.com.ar\/#\/schema\/logo\/image\/\",\"url\":\"https:\/\/infoecos.com.ar\/wp-content\/uploads\/2024\/03\/cropped-logo.png\",\"contentUrl\":\"https:\/\/infoecos.com.ar\/wp-content\/uploads\/2024\/03\/cropped-logo.png\",\"width\":374,\"height\":90,\"caption\":\"Infoecos\"},\"image\":{\"@id\":\"https:\/\/infoecos.com.ar\/#\/schema\/logo\/image\/\"},\"sameAs\":[\"https:\/\/www.facebook.com\/profile.php?id=100063200290284\",\"https:\/\/x.com\/infoecos\"]},{\"@type\":\"Person\",\"@id\":\"https:\/\/infoecos.com.ar\/#\/schema\/person\/8f5ace5ce73b4b4aac4b7245aee6f191\",\"name\":\"Jorge Matheus\",\"url\":\"https:\/\/infoecos.com.ar\/index.php\/author\/jomatheus\/\"}]}<\/script>\n<!-- \/ Yoast SEO plugin. -->","yoast_head_json":{"title":"La Federaci\u00f3n Econ\u00f3mica de Buenos Aires reclama por la Autov\u00eda en Ruta Nacional 5 - Infoecos","robots":{"index":"index","follow":"follow","max-snippet":"max-snippet:-1","max-image-preview":"max-image-preview:large","max-video-preview":"max-video-preview:-1"},"canonical":"https:\/\/infoecos.com.ar\/index.php\/la-federacion-economica-de-buenos-aires-reclama-por-la-autovia-en-ruta-nacional-5\/","og_locale":"es_ES","og_type":"article","og_title":"La Federaci\u00f3n Econ\u00f3mica de Buenos Aires reclama por la Autov\u00eda en Ruta Nacional 5 - Infoecos","og_description":"Plantearon a las autoridades de la cartera la necesidad de que la Ruta Nacional n\u00famero 5 sea convertida en autov\u00eda, a ra\u00edz del intenso tr\u00e1nsito que se viene registrando. La FEBA considera que este es un tema primordial para el interior productivo","og_url":"https:\/\/infoecos.com.ar\/index.php\/la-federacion-economica-de-buenos-aires-reclama-por-la-autovia-en-ruta-nacional-5\/","og_site_name":"Infoecos","article_publisher":"https:\/\/www.facebook.com\/profile.php?id=100063200290284","article_published_time":"2022-05-23T15:56:52+00:00","article_modified_time":"2022-06-01T01:22:52+00:00","og_image":[{"width":540,"height":960,"url":"https:\/\/infoecos.com.ar\/wp-content\/uploads\/1503349_835468023191232_2063046058272360913_n.jpg","type":"image\/jpeg"}],"author":"Jorge Matheus","twitter_card":"summary_large_image","twitter_creator":"@infoecos","twitter_site":"@infoecos","twitter_misc":{"Escrito por":"Jorge Matheus","Tiempo de lectura":"1 minuto"},"schema":{"@context":"https:\/\/schema.org","@graph":[{"@type":"Article","@id":"https:\/\/infoecos.com.ar\/index.php\/la-federacion-economica-de-buenos-aires-reclama-por-la-autovia-en-ruta-nacional-5\/#article","isPartOf":{"@id":"https:\/\/infoecos.com.ar\/index.php\/la-federacion-economica-de-buenos-aires-reclama-por-la-autovia-en-ruta-nacional-5\/"},"author":{"name":"Jorge Matheus","@id":"https:\/\/infoecos.com.ar\/#\/schema\/person\/8f5ace5ce73b4b4aac4b7245aee6f191"},"headline":"La Federaci\u00f3n Econ\u00f3mica de Buenos Aires reclama por la Autov\u00eda en Ruta Nacional 5","datePublished":"2022-05-23T15:56:52+00:00","dateModified":"2022-06-01T01:22:52+00:00","mainEntityOfPage":{"@id":"https:\/\/infoecos.com.ar\/index.php\/la-federacion-economica-de-buenos-aires-reclama-por-la-autovia-en-ruta-nacional-5\/"},"wordCount":155,"publisher":{"@id":"https:\/\/infoecos.com.ar\/#organization"},"image":{"@id":"https:\/\/infoecos.com.ar\/index.php\/la-federacion-economica-de-buenos-aires-reclama-por-la-autovia-en-ruta-nacional-5\/#primaryimage"},"thumbnailUrl":"","keywords":["contin\u00faan los reclamos"],"articleSection":["Bloque inferior - 8"],"inLanguage":"es"},{"@type":"WebPage","@id":"https:\/\/infoecos.com.ar\/index.php\/la-federacion-economica-de-buenos-aires-reclama-por-la-autovia-en-ruta-nacional-5\/","url":"https:\/\/infoecos.com.ar\/index.php\/la-federacion-economica-de-buenos-aires-reclama-por-la-autovia-en-ruta-nacional-5\/","name":"La Federaci\u00f3n Econ\u00f3mica de Buenos Aires reclama por la Autov\u00eda en Ruta Nacional 5 - Infoecos","isPartOf":{"@id":"https:\/\/infoecos.com.ar\/#website"},"primaryImageOfPage":{"@id":"https:\/\/infoecos.com.ar\/index.php\/la-federacion-economica-de-buenos-aires-reclama-por-la-autovia-en-ruta-nacional-5\/#primaryimage"},"image":{"@id":"https:\/\/infoecos.com.ar\/index.php\/la-federacion-economica-de-buenos-aires-reclama-por-la-autovia-en-ruta-nacional-5\/#primaryimage"},"thumbnailUrl":"","datePublished":"2022-05-23T15:56:52+00:00","dateModified":"2022-06-01T01:22:52+00:00","breadcrumb":{"@id":"https:\/\/infoecos.com.ar\/index.php\/la-federacion-economica-de-buenos-aires-reclama-por-la-autovia-en-ruta-nacional-5\/#breadcrumb"},"inLanguage":"es","potentialAction":[{"@type":"ReadAction","target":["https:\/\/infoecos.com.ar\/index.php\/la-federacion-economica-de-buenos-aires-reclama-por-la-autovia-en-ruta-nacional-5\/"]}]},{"@type":"ImageObject","inLanguage":"es","@id":"https:\/\/infoecos.com.ar\/index.php\/la-federacion-economica-de-buenos-aires-reclama-por-la-autovia-en-ruta-nacional-5\/#primaryimage","url":"","contentUrl":""},{"@type":"BreadcrumbList","@id":"https:\/\/infoecos.com.ar\/index.php\/la-federacion-economica-de-buenos-aires-reclama-por-la-autovia-en-ruta-nacional-5\/#breadcrumb","itemListElement":[{"@type":"ListItem","position":1,"name":"Portada","item":"https:\/\/infoecos.com.ar\/"},{"@type":"ListItem","position":2,"name":"La Federaci\u00f3n Econ\u00f3mica de Buenos Aires reclama por la Autov\u00eda en Ruta Nacional 5"}]},{"@type":"WebSite","@id":"https:\/\/infoecos.com.ar\/#website","url":"https:\/\/infoecos.com.ar\/","name":"Infoecos","description":"Noticias de trenque lauquen y la zona","publisher":{"@id":"https:\/\/infoecos.com.ar\/#organization"},"alternateName":"Noticias","potentialAction":[{"@type":"SearchAction","target":{"@type":"EntryPoint","urlTemplate":"https:\/\/infoecos.com.ar\/?s={search_term_string}"},"query-input":{"@type":"PropertyValueSpecification","valueRequired":true,"valueName":"search_term_string"}}],"inLanguage":"es"},{"@type":"Organization","@id":"https:\/\/infoecos.com.ar\/#organization","name":"Infoecos","alternateName":"Noticias","url":"https:\/\/infoecos.com.ar\/","logo":{"@type":"ImageObject","inLanguage":"es","@id":"https:\/\/infoecos.com.ar\/#\/schema\/logo\/image\/","url":"https:\/\/infoecos.com.ar\/wp-content\/uploads\/2024\/03\/cropped-logo.png","contentUrl":"https:\/\/infoecos.com.ar\/wp-content\/uploads\/2024\/03\/cropped-logo.png","width":374,"height":90,"caption":"Infoecos"},"image":{"@id":"https:\/\/infoecos.com.ar\/#\/schema\/logo\/image\/"},"sameAs":["https:\/\/www.facebook.com\/profile.php?id=100063200290284","https:\/\/x.com\/infoecos"]},{"@type":"Person","@id":"https:\/\/infoecos.com.ar\/#\/schema\/person\/8f5ace5ce73b4b4aac4b7245aee6f191","name":"Jorge Matheus","url":"https:\/\/infoecos.com.ar\/index.php\/author\/jomatheus\/"}]}},"featured_image_urls":{"full":"","thumbnail":"","medium":"","medium_large":"","large":"","1536x1536":"","2048x2048":"","covernews-slider-full":"","covernews-slider-center":"","covernews-featured":"","covernews-medium":"","covernews-medium-square":""},"author_info":{"info":["Jorge Matheus"]},"category_info":"<a href=\"https:\/\/infoecos.com.ar\/index.php\/category\/inferior8\/\" rel=\"category tag\">Bloque inferior - 8<\/a>","tag_info":"Bloque inferior - 8","comment_count":"0","_links":{"self":[{"href":"https:\/\/infoecos.com.ar\/index.php\/wp-json\/wp\/v2\/posts\/93056"}],"collection":[{"href":"https:\/\/infoecos.com.ar\/index.php\/wp-json\/wp\/v2\/posts"}],"about":[{"href":"https:\/\/infoecos.com.ar\/index.php\/wp-json\/wp\/v2\/types\/post"}],"author":[{"embeddable":true,"href":"https:\/\/infoecos.com.ar\/index.php\/wp-json\/wp\/v2\/users\/2"}],"replies":[{"embeddable":true,"href":"https:\/\/infoecos.com.ar\/index.php\/wp-json\/wp\/v2\/comments?post=93056"}],"version-history":[{"count":1,"href":"https:\/\/infoecos.com.ar\/index.php\/wp-json\/wp\/v2\/posts\/93056\/revisions"}],"predecessor-version":[{"id":93057,"href":"https:\/\/infoecos.com.ar\/index.php\/wp-json\/wp\/v2\/posts\/93056\/revisions\/93057"}],"wp:featuredmedia":[{"embeddable":true,"href":"https:\/\/infoecos.com.ar\/index.php\/wp-json\/"}],"wp:attachment":[{"href":"https:\/\/infoecos.com.ar\/index.php\/wp-json\/wp\/v2\/media?parent=93056"}],"wp:term":[{"taxonomy":"category","embeddable":true,"href":"https:\/\/infoecos.com.ar\/index.php\/wp-json\/wp\/v2\/categories?post=93056"},{"taxonomy":"post_tag","embeddable":true,"href":"https:\/\/infoecos.com.ar\/index.php\/wp-json\/wp\/v2\/tags?post=93056"}],"curies":[{"name":"wp","href":"https:\/\/api.w.org\/{rel}","templated":true}]}}