{"id":93077,"date":"2022-05-25T01:18:39","date_gmt":"2022-05-25T04:18:39","guid":{"rendered":"http:\/\/infoecos.com.ar\/?p=93077"},"modified":"2022-05-25T01:18:40","modified_gmt":"2022-05-25T04:18:40","slug":"hoy-no-habra-recoleccion-de-residuos-en-trenque-lauquen-y-beruti","status":"publish","type":"post","link":"https:\/\/infoecos.com.ar\/index.php\/hoy-no-habra-recoleccion-de-residuos-en-trenque-lauquen-y-beruti\/","title":{"rendered":"Hoy no habr\u00e1 recolecci\u00f3n de residuos en Trenque Lauquen y Beruti"},"content":{"rendered":"\n<p>La direcci\u00f3n de Higiene Urbana del Municipio de Trenque Lauquen inform\u00f3 que hoy, feriado nacional por el D\u00eda de la Patria, no habr\u00e1 recolecci\u00f3n de residuos en el \u00e1rea urbana, zona de quintas y en el sector de la Ampliaci\u00f3n Urbana de Trenque Lauquen.<\/p>\n\n\n\n<div class=\"wp-block-image\"><figure class=\"aligncenter size-large\"><img loading=\"lazy\" decoding=\"async\" width=\"702\" height=\"485\" src=\"http:\/\/infoecos.com.ar\/wp-content\/uploads\/Recoleccion-de-residuos.jpg\" alt=\"\" class=\"wp-image-63520\" srcset=\"https:\/\/infoecos.com.ar\/wp-content\/uploads\/Recoleccion-de-residuos.jpg 702w, https:\/\/infoecos.com.ar\/wp-content\/uploads\/Recoleccion-de-residuos-460x318.jpg 460w\" sizes=\"(max-width: 702px) 100vw, 702px\" \/><\/figure><\/div>\n\n\n\n<p>Las tareas de recolecci\u00f3n se reanudar\u00e1n ma\u00f1ana jueves de acuerdo al cronograma habitual:<\/p>\n\n\n\n<p>. <strong>TRENQUE LAUQUEN<\/strong><\/p>\n\n\n\n<p>\u2013 <strong>En la Ampliaci\u00f3n Urbana:<\/strong><\/p>\n\n\n\n<p>El servicio se presta desde las 6 horas.<\/p>\n\n\n\n<p>Residuos org\u00e1nicos y no reciclables: Lunes, martes, mi\u00e9rcoles, jueves y s\u00e1bado.<\/p>\n\n\n\n<p>Reciclables: Viernes.<\/p>\n\n\n\n<p>\u2013<strong> Zona de Quintas:<\/strong><\/p>\n\n\n\n<p>La recolecci\u00f3n se realiza desde las 6.<\/p>\n\n\n\n<p>Residuos org\u00e1nicos y no reciclables: Lunes, mi\u00e9rcoles y s\u00e1bado.<\/p>\n\n\n\n<p>Reciclables: Viernes.<\/p>\n\n\n\n<p>\u2013 <strong>\u00c1rea Urbana<\/strong><\/p>\n\n\n\n<p>La recolecci\u00f3n comienza a partir de las 19.<\/p>\n\n\n\n<p>Residuos org\u00e1nicos y no reciclables: Martes, mi\u00e9rcoles, viernes y domingo.<\/p>\n\n\n\n<p>Reciclables: Lunes y jueves.<\/p>\n\n\n\n<p>. <strong>BERUTI<\/strong><\/p>\n\n\n\n<p>Martes y jueves la recolecci\u00f3n comienza a las 16.<\/p>\n\n\n\n<p>Domingo la recolecci\u00f3n comienza a las 9.<\/p>\n","protected":false},"excerpt":{"rendered":"<p>Las tareas de recolecci\u00f3n se reanudar\u00e1n ma\u00f1ana jueves de acuerdo al cronograma habitual<\/p>\n","protected":false},"author":2,"featured_media":70586,"comment_status":"closed","ping_status":"open","sticky":false,"template":"","format":"standard","meta":{"footnotes":""},"categories":[45],"tags":[6117],"class_list":["post-93077","post","type-post","status-publish","format-standard","has-post-thumbnail","hentry","category-c1nota2","tag-se-reanuda-manana-jueves"],"yoast_head":"<!-- This site is optimized with the Yoast SEO plugin v23.4 - https:\/\/yoast.com\/wordpress\/plugins\/seo\/ -->\n<title>Hoy no habr\u00e1 recolecci\u00f3n de residuos en Trenque Lauquen y Beruti - Infoecos<\/title>\n<meta name=\"robots\" content=\"index, follow, max-snippet:-1, max-image-preview:large, max-video-preview:-1\" \/>\n<link rel=\"canonical\" href=\"https:\/\/infoecos.com.ar\/index.php\/hoy-no-habra-recoleccion-de-residuos-en-trenque-lauquen-y-beruti\/\" \/>\n<meta property=\"og:locale\" content=\"es_ES\" \/>\n<meta property=\"og:type\" content=\"article\" \/>\n<meta property=\"og:title\" content=\"Hoy no habr\u00e1 recolecci\u00f3n de residuos en Trenque Lauquen y Beruti - Infoecos\" \/>\n<meta property=\"og:description\" content=\"Las tareas de recolecci\u00f3n se reanudar\u00e1n ma\u00f1ana jueves de acuerdo al cronograma habitual\" \/>\n<meta property=\"og:url\" content=\"https:\/\/infoecos.com.ar\/index.php\/hoy-no-habra-recoleccion-de-residuos-en-trenque-lauquen-y-beruti\/\" \/>\n<meta property=\"og:site_name\" content=\"Infoecos\" \/>\n<meta property=\"article:publisher\" content=\"https:\/\/www.facebook.com\/profile.php?id=100063200290284\" \/>\n<meta property=\"article:published_time\" content=\"2022-05-25T04:18:39+00:00\" \/>\n<meta property=\"article:modified_time\" content=\"2022-05-25T04:18:40+00:00\" \/>\n<meta property=\"og:image\" content=\"https:\/\/infoecos.com.ar\/wp-content\/uploads\/2020\/11\/Recoleccion-de-residuos.jpg\" \/>\n\t<meta property=\"og:image:width\" content=\"1080\" \/>\n\t<meta property=\"og:image:height\" content=\"675\" \/>\n\t<meta property=\"og:image:type\" content=\"image\/jpeg\" \/>\n<meta name=\"author\" content=\"Jorge Matheus\" \/>\n<meta name=\"twitter:card\" content=\"summary_large_image\" \/>\n<meta name=\"twitter:creator\" content=\"@infoecos\" \/>\n<meta name=\"twitter:site\" content=\"@infoecos\" \/>\n<meta name=\"twitter:label1\" content=\"Escrito por\" \/>\n\t<meta name=\"twitter:data1\" content=\"Jorge Matheus\" \/>\n\t<meta name=\"twitter:label2\" content=\"Tiempo de lectura\" \/>\n\t<meta name=\"twitter:data2\" content=\"1 minuto\" \/>\n<script type=\"application\/ld+json\" class=\"yoast-schema-graph\">{\"@context\":\"https:\/\/schema.org\",\"@graph\":[{\"@type\":\"Article\",\"@id\":\"https:\/\/infoecos.com.ar\/index.php\/hoy-no-habra-recoleccion-de-residuos-en-trenque-lauquen-y-beruti\/#article\",\"isPartOf\":{\"@id\":\"https:\/\/infoecos.com.ar\/index.php\/hoy-no-habra-recoleccion-de-residuos-en-trenque-lauquen-y-beruti\/\"},\"author\":{\"name\":\"Jorge Matheus\",\"@id\":\"https:\/\/infoecos.com.ar\/#\/schema\/person\/8f5ace5ce73b4b4aac4b7245aee6f191\"},\"headline\":\"Hoy no habr\u00e1 recolecci\u00f3n de residuos en Trenque Lauquen y Beruti\",\"datePublished\":\"2022-05-25T04:18:39+00:00\",\"dateModified\":\"2022-05-25T04:18:40+00:00\",\"mainEntityOfPage\":{\"@id\":\"https:\/\/infoecos.com.ar\/index.php\/hoy-no-habra-recoleccion-de-residuos-en-trenque-lauquen-y-beruti\/\"},\"wordCount\":173,\"publisher\":{\"@id\":\"https:\/\/infoecos.com.ar\/#organization\"},\"image\":{\"@id\":\"https:\/\/infoecos.com.ar\/index.php\/hoy-no-habra-recoleccion-de-residuos-en-trenque-lauquen-y-beruti\/#primaryimage\"},\"thumbnailUrl\":\"https:\/\/infoecos.com.ar\/wp-content\/uploads\/2020\/11\/Recoleccion-de-residuos.jpg\",\"keywords\":[\"SE REANUDA MA\u00d1ANA JUEVES\"],\"articleSection\":[\"C1 N2\"],\"inLanguage\":\"es\"},{\"@type\":\"WebPage\",\"@id\":\"https:\/\/infoecos.com.ar\/index.php\/hoy-no-habra-recoleccion-de-residuos-en-trenque-lauquen-y-beruti\/\",\"url\":\"https:\/\/infoecos.com.ar\/index.php\/hoy-no-habra-recoleccion-de-residuos-en-trenque-lauquen-y-beruti\/\",\"name\":\"Hoy no habr\u00e1 recolecci\u00f3n de residuos en Trenque Lauquen y Beruti - Infoecos\",\"isPartOf\":{\"@id\":\"https:\/\/infoecos.com.ar\/#website\"},\"primaryImageOfPage\":{\"@id\":\"https:\/\/infoecos.com.ar\/index.php\/hoy-no-habra-recoleccion-de-residuos-en-trenque-lauquen-y-beruti\/#primaryimage\"},\"image\":{\"@id\":\"https:\/\/infoecos.com.ar\/index.php\/hoy-no-habra-recoleccion-de-residuos-en-trenque-lauquen-y-beruti\/#primaryimage\"},\"thumbnailUrl\":\"https:\/\/infoecos.com.ar\/wp-content\/uploads\/2020\/11\/Recoleccion-de-residuos.jpg\",\"datePublished\":\"2022-05-25T04:18:39+00:00\",\"dateModified\":\"2022-05-25T04:18:40+00:00\",\"breadcrumb\":{\"@id\":\"https:\/\/infoecos.com.ar\/index.php\/hoy-no-habra-recoleccion-de-residuos-en-trenque-lauquen-y-beruti\/#breadcrumb\"},\"inLanguage\":\"es\",\"potentialAction\":[{\"@type\":\"ReadAction\",\"target\":[\"https:\/\/infoecos.com.ar\/index.php\/hoy-no-habra-recoleccion-de-residuos-en-trenque-lauquen-y-beruti\/\"]}]},{\"@type\":\"ImageObject\",\"inLanguage\":\"es\",\"@id\":\"https:\/\/infoecos.com.ar\/index.php\/hoy-no-habra-recoleccion-de-residuos-en-trenque-lauquen-y-beruti\/#primaryimage\",\"url\":\"https:\/\/infoecos.com.ar\/wp-content\/uploads\/2020\/11\/Recoleccion-de-residuos.jpg\",\"contentUrl\":\"https:\/\/infoecos.com.ar\/wp-content\/uploads\/2020\/11\/Recoleccion-de-residuos.jpg\",\"width\":1080,\"height\":675},{\"@type\":\"BreadcrumbList\",\"@id\":\"https:\/\/infoecos.com.ar\/index.php\/hoy-no-habra-recoleccion-de-residuos-en-trenque-lauquen-y-beruti\/#breadcrumb\",\"itemListElement\":[{\"@type\":\"ListItem\",\"position\":1,\"name\":\"Portada\",\"item\":\"https:\/\/infoecos.com.ar\/\"},{\"@type\":\"ListItem\",\"position\":2,\"name\":\"Hoy no habr\u00e1 recolecci\u00f3n de residuos en Trenque Lauquen y Beruti\"}]},{\"@type\":\"WebSite\",\"@id\":\"https:\/\/infoecos.com.ar\/#website\",\"url\":\"https:\/\/infoecos.com.ar\/\",\"name\":\"Infoecos\",\"description\":\"Noticias de trenque lauquen y la zona\",\"publisher\":{\"@id\":\"https:\/\/infoecos.com.ar\/#organization\"},\"alternateName\":\"Noticias\",\"potentialAction\":[{\"@type\":\"SearchAction\",\"target\":{\"@type\":\"EntryPoint\",\"urlTemplate\":\"https:\/\/infoecos.com.ar\/?s={search_term_string}\"},\"query-input\":{\"@type\":\"PropertyValueSpecification\",\"valueRequired\":true,\"valueName\":\"search_term_string\"}}],\"inLanguage\":\"es\"},{\"@type\":\"Organization\",\"@id\":\"https:\/\/infoecos.com.ar\/#organization\",\"name\":\"Infoecos\",\"alternateName\":\"Noticias\",\"url\":\"https:\/\/infoecos.com.ar\/\",\"logo\":{\"@type\":\"ImageObject\",\"inLanguage\":\"es\",\"@id\":\"https:\/\/infoecos.com.ar\/#\/schema\/logo\/image\/\",\"url\":\"https:\/\/infoecos.com.ar\/wp-content\/uploads\/2024\/03\/cropped-logo.png\",\"contentUrl\":\"https:\/\/infoecos.com.ar\/wp-content\/uploads\/2024\/03\/cropped-logo.png\",\"width\":374,\"height\":90,\"caption\":\"Infoecos\"},\"image\":{\"@id\":\"https:\/\/infoecos.com.ar\/#\/schema\/logo\/image\/\"},\"sameAs\":[\"https:\/\/www.facebook.com\/profile.php?id=100063200290284\",\"https:\/\/x.com\/infoecos\"]},{\"@type\":\"Person\",\"@id\":\"https:\/\/infoecos.com.ar\/#\/schema\/person\/8f5ace5ce73b4b4aac4b7245aee6f191\",\"name\":\"Jorge Matheus\",\"url\":\"https:\/\/infoecos.com.ar\/index.php\/author\/jomatheus\/\"}]}<\/script>\n<!-- \/ Yoast SEO plugin. -->","yoast_head_json":{"title":"Hoy no habr\u00e1 recolecci\u00f3n de residuos en Trenque Lauquen y Beruti - Infoecos","robots":{"index":"index","follow":"follow","max-snippet":"max-snippet:-1","max-image-preview":"max-image-preview:large","max-video-preview":"max-video-preview:-1"},"canonical":"https:\/\/infoecos.com.ar\/index.php\/hoy-no-habra-recoleccion-de-residuos-en-trenque-lauquen-y-beruti\/","og_locale":"es_ES","og_type":"article","og_title":"Hoy no habr\u00e1 recolecci\u00f3n de residuos en Trenque Lauquen y Beruti - Infoecos","og_description":"Las tareas de recolecci\u00f3n se reanudar\u00e1n ma\u00f1ana jueves de acuerdo al cronograma habitual","og_url":"https:\/\/infoecos.com.ar\/index.php\/hoy-no-habra-recoleccion-de-residuos-en-trenque-lauquen-y-beruti\/","og_site_name":"Infoecos","article_publisher":"https:\/\/www.facebook.com\/profile.php?id=100063200290284","article_published_time":"2022-05-25T04:18:39+00:00","article_modified_time":"2022-05-25T04:18:40+00:00","og_image":[{"width":1080,"height":675,"url":"https:\/\/infoecos.com.ar\/wp-content\/uploads\/2020\/11\/Recoleccion-de-residuos.jpg","type":"image\/jpeg"}],"author":"Jorge Matheus","twitter_card":"summary_large_image","twitter_creator":"@infoecos","twitter_site":"@infoecos","twitter_misc":{"Escrito por":"Jorge Matheus","Tiempo de lectura":"1 minuto"},"schema":{"@context":"https:\/\/schema.org","@graph":[{"@type":"Article","@id":"https:\/\/infoecos.com.ar\/index.php\/hoy-no-habra-recoleccion-de-residuos-en-trenque-lauquen-y-beruti\/#article","isPartOf":{"@id":"https:\/\/infoecos.com.ar\/index.php\/hoy-no-habra-recoleccion-de-residuos-en-trenque-lauquen-y-beruti\/"},"author":{"name":"Jorge Matheus","@id":"https:\/\/infoecos.com.ar\/#\/schema\/person\/8f5ace5ce73b4b4aac4b7245aee6f191"},"headline":"Hoy no habr\u00e1 recolecci\u00f3n de residuos en Trenque Lauquen y Beruti","datePublished":"2022-05-25T04:18:39+00:00","dateModified":"2022-05-25T04:18:40+00:00","mainEntityOfPage":{"@id":"https:\/\/infoecos.com.ar\/index.php\/hoy-no-habra-recoleccion-de-residuos-en-trenque-lauquen-y-beruti\/"},"wordCount":173,"publisher":{"@id":"https:\/\/infoecos.com.ar\/#organization"},"image":{"@id":"https:\/\/infoecos.com.ar\/index.php\/hoy-no-habra-recoleccion-de-residuos-en-trenque-lauquen-y-beruti\/#primaryimage"},"thumbnailUrl":"https:\/\/infoecos.com.ar\/wp-content\/uploads\/2020\/11\/Recoleccion-de-residuos.jpg","keywords":["SE REANUDA MA\u00d1ANA JUEVES"],"articleSection":["C1 N2"],"inLanguage":"es"},{"@type":"WebPage","@id":"https:\/\/infoecos.com.ar\/index.php\/hoy-no-habra-recoleccion-de-residuos-en-trenque-lauquen-y-beruti\/","url":"https:\/\/infoecos.com.ar\/index.php\/hoy-no-habra-recoleccion-de-residuos-en-trenque-lauquen-y-beruti\/","name":"Hoy no habr\u00e1 recolecci\u00f3n de residuos en Trenque Lauquen y Beruti - Infoecos","isPartOf":{"@id":"https:\/\/infoecos.com.ar\/#website"},"primaryImageOfPage":{"@id":"https:\/\/infoecos.com.ar\/index.php\/hoy-no-habra-recoleccion-de-residuos-en-trenque-lauquen-y-beruti\/#primaryimage"},"image":{"@id":"https:\/\/infoecos.com.ar\/index.php\/hoy-no-habra-recoleccion-de-residuos-en-trenque-lauquen-y-beruti\/#primaryimage"},"thumbnailUrl":"https:\/\/infoecos.com.ar\/wp-content\/uploads\/2020\/11\/Recoleccion-de-residuos.jpg","datePublished":"2022-05-25T04:18:39+00:00","dateModified":"2022-05-25T04:18:40+00:00","breadcrumb":{"@id":"https:\/\/infoecos.com.ar\/index.php\/hoy-no-habra-recoleccion-de-residuos-en-trenque-lauquen-y-beruti\/#breadcrumb"},"inLanguage":"es","potentialAction":[{"@type":"ReadAction","target":["https:\/\/infoecos.com.ar\/index.php\/hoy-no-habra-recoleccion-de-residuos-en-trenque-lauquen-y-beruti\/"]}]},{"@type":"ImageObject","inLanguage":"es","@id":"https:\/\/infoecos.com.ar\/index.php\/hoy-no-habra-recoleccion-de-residuos-en-trenque-lauquen-y-beruti\/#primaryimage","url":"https:\/\/infoecos.com.ar\/wp-content\/uploads\/2020\/11\/Recoleccion-de-residuos.jpg","contentUrl":"https:\/\/infoecos.com.ar\/wp-content\/uploads\/2020\/11\/Recoleccion-de-residuos.jpg","width":1080,"height":675},{"@type":"BreadcrumbList","@id":"https:\/\/infoecos.com.ar\/index.php\/hoy-no-habra-recoleccion-de-residuos-en-trenque-lauquen-y-beruti\/#breadcrumb","itemListElement":[{"@type":"ListItem","position":1,"name":"Portada","item":"https:\/\/infoecos.com.ar\/"},{"@type":"ListItem","position":2,"name":"Hoy no habr\u00e1 recolecci\u00f3n de residuos en Trenque Lauquen y Beruti"}]},{"@type":"WebSite","@id":"https:\/\/infoecos.com.ar\/#website","url":"https:\/\/infoecos.com.ar\/","name":"Infoecos","description":"Noticias de trenque lauquen y la zona","publisher":{"@id":"https:\/\/infoecos.com.ar\/#organization"},"alternateName":"Noticias","potentialAction":[{"@type":"SearchAction","target":{"@type":"EntryPoint","urlTemplate":"https:\/\/infoecos.com.ar\/?s={search_term_string}"},"query-input":{"@type":"PropertyValueSpecification","valueRequired":true,"valueName":"search_term_string"}}],"inLanguage":"es"},{"@type":"Organization","@id":"https:\/\/infoecos.com.ar\/#organization","name":"Infoecos","alternateName":"Noticias","url":"https:\/\/infoecos.com.ar\/","logo":{"@type":"ImageObject","inLanguage":"es","@id":"https:\/\/infoecos.com.ar\/#\/schema\/logo\/image\/","url":"https:\/\/infoecos.com.ar\/wp-content\/uploads\/2024\/03\/cropped-logo.png","contentUrl":"https:\/\/infoecos.com.ar\/wp-content\/uploads\/2024\/03\/cropped-logo.png","width":374,"height":90,"caption":"Infoecos"},"image":{"@id":"https:\/\/infoecos.com.ar\/#\/schema\/logo\/image\/"},"sameAs":["https:\/\/www.facebook.com\/profile.php?id=100063200290284","https:\/\/x.com\/infoecos"]},{"@type":"Person","@id":"https:\/\/infoecos.com.ar\/#\/schema\/person\/8f5ace5ce73b4b4aac4b7245aee6f191","name":"Jorge Matheus","url":"https:\/\/infoecos.com.ar\/index.php\/author\/jomatheus\/"}]}},"featured_image_urls":{"full":["https:\/\/infoecos.com.ar\/wp-content\/uploads\/2020\/11\/Recoleccion-de-residuos.jpg",1080,675,false],"thumbnail":["https:\/\/infoecos.com.ar\/wp-content\/uploads\/2020\/11\/Recoleccion-de-residuos-150x150.jpg",150,150,true],"medium":["https:\/\/infoecos.com.ar\/wp-content\/uploads\/2020\/11\/Recoleccion-de-residuos-460x288.jpg",460,288,true],"medium_large":["https:\/\/infoecos.com.ar\/wp-content\/uploads\/2020\/11\/Recoleccion-de-residuos-768x480.jpg",640,400,true],"large":["https:\/\/infoecos.com.ar\/wp-content\/uploads\/2020\/11\/Recoleccion-de-residuos-920x575.jpg",640,400,true],"1536x1536":["https:\/\/infoecos.com.ar\/wp-content\/uploads\/2020\/11\/Recoleccion-de-residuos.jpg",1080,675,false],"2048x2048":["https:\/\/infoecos.com.ar\/wp-content\/uploads\/2020\/11\/Recoleccion-de-residuos.jpg",1080,675,false],"covernews-slider-full":["https:\/\/infoecos.com.ar\/wp-content\/uploads\/2020\/11\/Recoleccion-de-residuos.jpg",1080,675,false],"covernews-slider-center":["https:\/\/infoecos.com.ar\/wp-content\/uploads\/2020\/11\/Recoleccion-de-residuos-936x675.jpg",693,500,true],"covernews-featured":["https:\/\/infoecos.com.ar\/wp-content\/uploads\/2020\/11\/Recoleccion-de-residuos-1024x640.jpg",1024,640,true],"covernews-medium":["https:\/\/infoecos.com.ar\/wp-content\/uploads\/2020\/11\/Recoleccion-de-residuos-720x380.jpg",540,285,true],"covernews-medium-square":["https:\/\/infoecos.com.ar\/wp-content\/uploads\/2020\/11\/Recoleccion-de-residuos-675x450.jpg",375,250,true]},"author_info":{"info":["Jorge Matheus"]},"category_info":"<a href=\"https:\/\/infoecos.com.ar\/index.php\/category\/c1nota2\/\" rel=\"category tag\">C1 N2<\/a>","tag_info":"C1 N2","comment_count":"0","_links":{"self":[{"href":"https:\/\/infoecos.com.ar\/index.php\/wp-json\/wp\/v2\/posts\/93077"}],"collection":[{"href":"https:\/\/infoecos.com.ar\/index.php\/wp-json\/wp\/v2\/posts"}],"about":[{"href":"https:\/\/infoecos.com.ar\/index.php\/wp-json\/wp\/v2\/types\/post"}],"author":[{"embeddable":true,"href":"https:\/\/infoecos.com.ar\/index.php\/wp-json\/wp\/v2\/users\/2"}],"replies":[{"embeddable":true,"href":"https:\/\/infoecos.com.ar\/index.php\/wp-json\/wp\/v2\/comments?post=93077"}],"version-history":[{"count":1,"href":"https:\/\/infoecos.com.ar\/index.php\/wp-json\/wp\/v2\/posts\/93077\/revisions"}],"predecessor-version":[{"id":93078,"href":"https:\/\/infoecos.com.ar\/index.php\/wp-json\/wp\/v2\/posts\/93077\/revisions\/93078"}],"wp:featuredmedia":[{"embeddable":true,"href":"https:\/\/infoecos.com.ar\/index.php\/wp-json\/wp\/v2\/media\/70586"}],"wp:attachment":[{"href":"https:\/\/infoecos.com.ar\/index.php\/wp-json\/wp\/v2\/media?parent=93077"}],"wp:term":[{"taxonomy":"category","embeddable":true,"href":"https:\/\/infoecos.com.ar\/index.php\/wp-json\/wp\/v2\/categories?post=93077"},{"taxonomy":"post_tag","embeddable":true,"href":"https:\/\/infoecos.com.ar\/index.php\/wp-json\/wp\/v2\/tags?post=93077"}],"curies":[{"name":"wp","href":"https:\/\/api.w.org\/{rel}","templated":true}]}}