{"id":93115,"date":"2022-05-27T20:21:09","date_gmt":"2022-05-27T23:21:09","guid":{"rendered":"http:\/\/infoecos.com.ar\/?p=93115"},"modified":"2022-05-31T22:15:57","modified_gmt":"2022-06-01T01:15:57","slug":"las-pruebas-pisa-se-realizaran-en-septiembre-en-casi-500-escuelas-del-pais","status":"publish","type":"post","link":"https:\/\/infoecos.com.ar\/index.php\/las-pruebas-pisa-se-realizaran-en-septiembre-en-casi-500-escuelas-del-pais\/","title":{"rendered":"Las pruebas PISA se realizar\u00e1n en septiembre en casi 500 escuelas del pa\u00eds"},"content":{"rendered":"\n<p>Las pruebas PISA Digital 2022 se realizar\u00e1n en septiembre en casi 500 escuelas de todo el pa\u00eds a trav\u00e9s de una plataforma digital, reemplazando al formato de papel y l\u00e1piz con el que se respond\u00eda en las ediciones anteriores.<\/p>\n\n\n\n<p>En el transcurso de la reuni\u00f3n del Consejo Federal de Educaci\u00f3n que se realiz\u00f3 este viernes, se inform\u00f3 que se utilizar\u00e1 un software espec\u00edfico provisto por el equipo de PISA, sin necesidad de conexi\u00f3n a Internet.<\/p>\n\n\n\n<div class=\"wp-block-image\"><figure class=\"aligncenter size-large is-resized\"><img loading=\"lazy\" decoding=\"async\" src=\"http:\/\/infoecos.com.ar\/wp-content\/uploads\/2022\/05\/consejofederaldeeducacion-920x544.jpg\" alt=\"\" class=\"wp-image-93116\" width=\"458\" height=\"270\" srcset=\"https:\/\/infoecos.com.ar\/wp-content\/uploads\/2022\/05\/consejofederaldeeducacion-920x544.jpg 920w, https:\/\/infoecos.com.ar\/wp-content\/uploads\/2022\/05\/consejofederaldeeducacion-460x272.jpg 460w, https:\/\/infoecos.com.ar\/wp-content\/uploads\/2022\/05\/consejofederaldeeducacion-768x454.jpg 768w, https:\/\/infoecos.com.ar\/wp-content\/uploads\/2022\/05\/consejofederaldeeducacion-1024x606.jpg 1024w, https:\/\/infoecos.com.ar\/wp-content\/uploads\/2022\/05\/consejofederaldeeducacion.jpg 1280w\" sizes=\"(max-width: 458px) 100vw, 458px\" \/><\/figure><\/div>\n\n\n\n<p>Tambi\u00e9n fueron expuestas las pautas para la regulaci\u00f3n de ingreso de estudiantes en la modalidad de educaci\u00f3n domiciliaria y hospitalaria frente a situaciones complejas. <\/p>\n\n\n\n<p>Durante el encuentro, en el que estuvieron presentes las ministras y los ministros de las 24 jurisdicciones educativas, se present\u00f3 adem\u00e1s una propuesta de actualizaci\u00f3n para el&nbsp;Programa Nacional de Formaci\u00f3n Permanente Nuestra Escuela. <\/p>\n\n\n\n<p><\/p>\n","protected":false},"excerpt":{"rendered":"<p>En el transcurso de la reuni\u00f3n del Consejo Federal de Educaci\u00f3n que se realiz\u00f3 este viernes, se inform\u00f3 que se utilizar\u00e1 un software espec\u00edfico provisto por el equipo de PISA, sin necesidad de conexi\u00f3n a Internet<\/p>\n","protected":false},"author":2,"featured_media":93116,"comment_status":"closed","ping_status":"open","sticky":false,"template":"","format":"standard","meta":{"footnotes":""},"categories":[41],"tags":[],"class_list":["post-93115","post","type-post","status-publish","format-standard","has-post-thumbnail","hentry","category-inferior2"],"yoast_head":"<!-- This site is optimized with the Yoast SEO plugin v23.4 - https:\/\/yoast.com\/wordpress\/plugins\/seo\/ -->\n<title>Las pruebas PISA se realizar\u00e1n en septiembre en casi 500 escuelas del pa\u00eds - Infoecos<\/title>\n<meta name=\"robots\" content=\"index, follow, max-snippet:-1, max-image-preview:large, max-video-preview:-1\" \/>\n<link rel=\"canonical\" href=\"https:\/\/infoecos.com.ar\/index.php\/las-pruebas-pisa-se-realizaran-en-septiembre-en-casi-500-escuelas-del-pais\/\" \/>\n<meta property=\"og:locale\" content=\"es_ES\" \/>\n<meta property=\"og:type\" content=\"article\" \/>\n<meta property=\"og:title\" content=\"Las pruebas PISA se realizar\u00e1n en septiembre en casi 500 escuelas del pa\u00eds - Infoecos\" \/>\n<meta property=\"og:description\" content=\"En el transcurso de la reuni\u00f3n del Consejo Federal de Educaci\u00f3n que se realiz\u00f3 este viernes, se inform\u00f3 que se utilizar\u00e1 un software espec\u00edfico provisto por el equipo de PISA, sin necesidad de conexi\u00f3n a Internet\" \/>\n<meta property=\"og:url\" content=\"https:\/\/infoecos.com.ar\/index.php\/las-pruebas-pisa-se-realizaran-en-septiembre-en-casi-500-escuelas-del-pais\/\" \/>\n<meta property=\"og:site_name\" content=\"Infoecos\" \/>\n<meta property=\"article:publisher\" content=\"https:\/\/www.facebook.com\/profile.php?id=100063200290284\" \/>\n<meta property=\"article:published_time\" content=\"2022-05-27T23:21:09+00:00\" \/>\n<meta property=\"article:modified_time\" content=\"2022-06-01T01:15:57+00:00\" \/>\n<meta property=\"og:image\" content=\"https:\/\/infoecos.com.ar\/wp-content\/uploads\/2022\/05\/consejofederaldeeducacion.jpg\" \/>\n\t<meta property=\"og:image:width\" content=\"1280\" \/>\n\t<meta property=\"og:image:height\" content=\"757\" \/>\n\t<meta property=\"og:image:type\" content=\"image\/jpeg\" \/>\n<meta name=\"author\" content=\"Jorge Matheus\" \/>\n<meta name=\"twitter:card\" content=\"summary_large_image\" \/>\n<meta name=\"twitter:creator\" content=\"@infoecos\" \/>\n<meta name=\"twitter:site\" content=\"@infoecos\" \/>\n<meta name=\"twitter:label1\" content=\"Escrito por\" \/>\n\t<meta name=\"twitter:data1\" content=\"Jorge Matheus\" \/>\n\t<meta name=\"twitter:label2\" content=\"Tiempo de lectura\" \/>\n\t<meta name=\"twitter:data2\" content=\"1 minuto\" \/>\n<script type=\"application\/ld+json\" class=\"yoast-schema-graph\">{\"@context\":\"https:\/\/schema.org\",\"@graph\":[{\"@type\":\"Article\",\"@id\":\"https:\/\/infoecos.com.ar\/index.php\/las-pruebas-pisa-se-realizaran-en-septiembre-en-casi-500-escuelas-del-pais\/#article\",\"isPartOf\":{\"@id\":\"https:\/\/infoecos.com.ar\/index.php\/las-pruebas-pisa-se-realizaran-en-septiembre-en-casi-500-escuelas-del-pais\/\"},\"author\":{\"name\":\"Jorge Matheus\",\"@id\":\"https:\/\/infoecos.com.ar\/#\/schema\/person\/8f5ace5ce73b4b4aac4b7245aee6f191\"},\"headline\":\"Las pruebas PISA se realizar\u00e1n en septiembre en casi 500 escuelas del pa\u00eds\",\"datePublished\":\"2022-05-27T23:21:09+00:00\",\"dateModified\":\"2022-06-01T01:15:57+00:00\",\"mainEntityOfPage\":{\"@id\":\"https:\/\/infoecos.com.ar\/index.php\/las-pruebas-pisa-se-realizaran-en-septiembre-en-casi-500-escuelas-del-pais\/\"},\"wordCount\":160,\"publisher\":{\"@id\":\"https:\/\/infoecos.com.ar\/#organization\"},\"image\":{\"@id\":\"https:\/\/infoecos.com.ar\/index.php\/las-pruebas-pisa-se-realizaran-en-septiembre-en-casi-500-escuelas-del-pais\/#primaryimage\"},\"thumbnailUrl\":\"https:\/\/infoecos.com.ar\/wp-content\/uploads\/2022\/05\/consejofederaldeeducacion.jpg\",\"articleSection\":[\"Bloque inferior - 2\"],\"inLanguage\":\"es\"},{\"@type\":\"WebPage\",\"@id\":\"https:\/\/infoecos.com.ar\/index.php\/las-pruebas-pisa-se-realizaran-en-septiembre-en-casi-500-escuelas-del-pais\/\",\"url\":\"https:\/\/infoecos.com.ar\/index.php\/las-pruebas-pisa-se-realizaran-en-septiembre-en-casi-500-escuelas-del-pais\/\",\"name\":\"Las pruebas PISA se realizar\u00e1n en septiembre en casi 500 escuelas del pa\u00eds - Infoecos\",\"isPartOf\":{\"@id\":\"https:\/\/infoecos.com.ar\/#website\"},\"primaryImageOfPage\":{\"@id\":\"https:\/\/infoecos.com.ar\/index.php\/las-pruebas-pisa-se-realizaran-en-septiembre-en-casi-500-escuelas-del-pais\/#primaryimage\"},\"image\":{\"@id\":\"https:\/\/infoecos.com.ar\/index.php\/las-pruebas-pisa-se-realizaran-en-septiembre-en-casi-500-escuelas-del-pais\/#primaryimage\"},\"thumbnailUrl\":\"https:\/\/infoecos.com.ar\/wp-content\/uploads\/2022\/05\/consejofederaldeeducacion.jpg\",\"datePublished\":\"2022-05-27T23:21:09+00:00\",\"dateModified\":\"2022-06-01T01:15:57+00:00\",\"breadcrumb\":{\"@id\":\"https:\/\/infoecos.com.ar\/index.php\/las-pruebas-pisa-se-realizaran-en-septiembre-en-casi-500-escuelas-del-pais\/#breadcrumb\"},\"inLanguage\":\"es\",\"potentialAction\":[{\"@type\":\"ReadAction\",\"target\":[\"https:\/\/infoecos.com.ar\/index.php\/las-pruebas-pisa-se-realizaran-en-septiembre-en-casi-500-escuelas-del-pais\/\"]}]},{\"@type\":\"ImageObject\",\"inLanguage\":\"es\",\"@id\":\"https:\/\/infoecos.com.ar\/index.php\/las-pruebas-pisa-se-realizaran-en-septiembre-en-casi-500-escuelas-del-pais\/#primaryimage\",\"url\":\"https:\/\/infoecos.com.ar\/wp-content\/uploads\/2022\/05\/consejofederaldeeducacion.jpg\",\"contentUrl\":\"https:\/\/infoecos.com.ar\/wp-content\/uploads\/2022\/05\/consejofederaldeeducacion.jpg\",\"width\":1280,\"height\":757},{\"@type\":\"BreadcrumbList\",\"@id\":\"https:\/\/infoecos.com.ar\/index.php\/las-pruebas-pisa-se-realizaran-en-septiembre-en-casi-500-escuelas-del-pais\/#breadcrumb\",\"itemListElement\":[{\"@type\":\"ListItem\",\"position\":1,\"name\":\"Portada\",\"item\":\"https:\/\/infoecos.com.ar\/\"},{\"@type\":\"ListItem\",\"position\":2,\"name\":\"Las pruebas PISA se realizar\u00e1n en septiembre en casi 500 escuelas del pa\u00eds\"}]},{\"@type\":\"WebSite\",\"@id\":\"https:\/\/infoecos.com.ar\/#website\",\"url\":\"https:\/\/infoecos.com.ar\/\",\"name\":\"Infoecos\",\"description\":\"Noticias de trenque lauquen y la zona\",\"publisher\":{\"@id\":\"https:\/\/infoecos.com.ar\/#organization\"},\"alternateName\":\"Noticias\",\"potentialAction\":[{\"@type\":\"SearchAction\",\"target\":{\"@type\":\"EntryPoint\",\"urlTemplate\":\"https:\/\/infoecos.com.ar\/?s={search_term_string}\"},\"query-input\":{\"@type\":\"PropertyValueSpecification\",\"valueRequired\":true,\"valueName\":\"search_term_string\"}}],\"inLanguage\":\"es\"},{\"@type\":\"Organization\",\"@id\":\"https:\/\/infoecos.com.ar\/#organization\",\"name\":\"Infoecos\",\"alternateName\":\"Noticias\",\"url\":\"https:\/\/infoecos.com.ar\/\",\"logo\":{\"@type\":\"ImageObject\",\"inLanguage\":\"es\",\"@id\":\"https:\/\/infoecos.com.ar\/#\/schema\/logo\/image\/\",\"url\":\"https:\/\/infoecos.com.ar\/wp-content\/uploads\/2024\/03\/cropped-logo.png\",\"contentUrl\":\"https:\/\/infoecos.com.ar\/wp-content\/uploads\/2024\/03\/cropped-logo.png\",\"width\":374,\"height\":90,\"caption\":\"Infoecos\"},\"image\":{\"@id\":\"https:\/\/infoecos.com.ar\/#\/schema\/logo\/image\/\"},\"sameAs\":[\"https:\/\/www.facebook.com\/profile.php?id=100063200290284\",\"https:\/\/x.com\/infoecos\"]},{\"@type\":\"Person\",\"@id\":\"https:\/\/infoecos.com.ar\/#\/schema\/person\/8f5ace5ce73b4b4aac4b7245aee6f191\",\"name\":\"Jorge Matheus\",\"url\":\"https:\/\/infoecos.com.ar\/index.php\/author\/jomatheus\/\"}]}<\/script>\n<!-- \/ Yoast SEO plugin. -->","yoast_head_json":{"title":"Las pruebas PISA se realizar\u00e1n en septiembre en casi 500 escuelas del pa\u00eds - Infoecos","robots":{"index":"index","follow":"follow","max-snippet":"max-snippet:-1","max-image-preview":"max-image-preview:large","max-video-preview":"max-video-preview:-1"},"canonical":"https:\/\/infoecos.com.ar\/index.php\/las-pruebas-pisa-se-realizaran-en-septiembre-en-casi-500-escuelas-del-pais\/","og_locale":"es_ES","og_type":"article","og_title":"Las pruebas PISA se realizar\u00e1n en septiembre en casi 500 escuelas del pa\u00eds - Infoecos","og_description":"En el transcurso de la reuni\u00f3n del Consejo Federal de Educaci\u00f3n que se realiz\u00f3 este viernes, se inform\u00f3 que se utilizar\u00e1 un software espec\u00edfico provisto por el equipo de PISA, sin necesidad de conexi\u00f3n a Internet","og_url":"https:\/\/infoecos.com.ar\/index.php\/las-pruebas-pisa-se-realizaran-en-septiembre-en-casi-500-escuelas-del-pais\/","og_site_name":"Infoecos","article_publisher":"https:\/\/www.facebook.com\/profile.php?id=100063200290284","article_published_time":"2022-05-27T23:21:09+00:00","article_modified_time":"2022-06-01T01:15:57+00:00","og_image":[{"width":1280,"height":757,"url":"https:\/\/infoecos.com.ar\/wp-content\/uploads\/2022\/05\/consejofederaldeeducacion.jpg","type":"image\/jpeg"}],"author":"Jorge Matheus","twitter_card":"summary_large_image","twitter_creator":"@infoecos","twitter_site":"@infoecos","twitter_misc":{"Escrito por":"Jorge Matheus","Tiempo de lectura":"1 minuto"},"schema":{"@context":"https:\/\/schema.org","@graph":[{"@type":"Article","@id":"https:\/\/infoecos.com.ar\/index.php\/las-pruebas-pisa-se-realizaran-en-septiembre-en-casi-500-escuelas-del-pais\/#article","isPartOf":{"@id":"https:\/\/infoecos.com.ar\/index.php\/las-pruebas-pisa-se-realizaran-en-septiembre-en-casi-500-escuelas-del-pais\/"},"author":{"name":"Jorge Matheus","@id":"https:\/\/infoecos.com.ar\/#\/schema\/person\/8f5ace5ce73b4b4aac4b7245aee6f191"},"headline":"Las pruebas PISA se realizar\u00e1n en septiembre en casi 500 escuelas del pa\u00eds","datePublished":"2022-05-27T23:21:09+00:00","dateModified":"2022-06-01T01:15:57+00:00","mainEntityOfPage":{"@id":"https:\/\/infoecos.com.ar\/index.php\/las-pruebas-pisa-se-realizaran-en-septiembre-en-casi-500-escuelas-del-pais\/"},"wordCount":160,"publisher":{"@id":"https:\/\/infoecos.com.ar\/#organization"},"image":{"@id":"https:\/\/infoecos.com.ar\/index.php\/las-pruebas-pisa-se-realizaran-en-septiembre-en-casi-500-escuelas-del-pais\/#primaryimage"},"thumbnailUrl":"https:\/\/infoecos.com.ar\/wp-content\/uploads\/2022\/05\/consejofederaldeeducacion.jpg","articleSection":["Bloque inferior - 2"],"inLanguage":"es"},{"@type":"WebPage","@id":"https:\/\/infoecos.com.ar\/index.php\/las-pruebas-pisa-se-realizaran-en-septiembre-en-casi-500-escuelas-del-pais\/","url":"https:\/\/infoecos.com.ar\/index.php\/las-pruebas-pisa-se-realizaran-en-septiembre-en-casi-500-escuelas-del-pais\/","name":"Las pruebas PISA se realizar\u00e1n en septiembre en casi 500 escuelas del pa\u00eds - Infoecos","isPartOf":{"@id":"https:\/\/infoecos.com.ar\/#website"},"primaryImageOfPage":{"@id":"https:\/\/infoecos.com.ar\/index.php\/las-pruebas-pisa-se-realizaran-en-septiembre-en-casi-500-escuelas-del-pais\/#primaryimage"},"image":{"@id":"https:\/\/infoecos.com.ar\/index.php\/las-pruebas-pisa-se-realizaran-en-septiembre-en-casi-500-escuelas-del-pais\/#primaryimage"},"thumbnailUrl":"https:\/\/infoecos.com.ar\/wp-content\/uploads\/2022\/05\/consejofederaldeeducacion.jpg","datePublished":"2022-05-27T23:21:09+00:00","dateModified":"2022-06-01T01:15:57+00:00","breadcrumb":{"@id":"https:\/\/infoecos.com.ar\/index.php\/las-pruebas-pisa-se-realizaran-en-septiembre-en-casi-500-escuelas-del-pais\/#breadcrumb"},"inLanguage":"es","potentialAction":[{"@type":"ReadAction","target":["https:\/\/infoecos.com.ar\/index.php\/las-pruebas-pisa-se-realizaran-en-septiembre-en-casi-500-escuelas-del-pais\/"]}]},{"@type":"ImageObject","inLanguage":"es","@id":"https:\/\/infoecos.com.ar\/index.php\/las-pruebas-pisa-se-realizaran-en-septiembre-en-casi-500-escuelas-del-pais\/#primaryimage","url":"https:\/\/infoecos.com.ar\/wp-content\/uploads\/2022\/05\/consejofederaldeeducacion.jpg","contentUrl":"https:\/\/infoecos.com.ar\/wp-content\/uploads\/2022\/05\/consejofederaldeeducacion.jpg","width":1280,"height":757},{"@type":"BreadcrumbList","@id":"https:\/\/infoecos.com.ar\/index.php\/las-pruebas-pisa-se-realizaran-en-septiembre-en-casi-500-escuelas-del-pais\/#breadcrumb","itemListElement":[{"@type":"ListItem","position":1,"name":"Portada","item":"https:\/\/infoecos.com.ar\/"},{"@type":"ListItem","position":2,"name":"Las pruebas PISA se realizar\u00e1n en septiembre en casi 500 escuelas del pa\u00eds"}]},{"@type":"WebSite","@id":"https:\/\/infoecos.com.ar\/#website","url":"https:\/\/infoecos.com.ar\/","name":"Infoecos","description":"Noticias de trenque lauquen y la zona","publisher":{"@id":"https:\/\/infoecos.com.ar\/#organization"},"alternateName":"Noticias","potentialAction":[{"@type":"SearchAction","target":{"@type":"EntryPoint","urlTemplate":"https:\/\/infoecos.com.ar\/?s={search_term_string}"},"query-input":{"@type":"PropertyValueSpecification","valueRequired":true,"valueName":"search_term_string"}}],"inLanguage":"es"},{"@type":"Organization","@id":"https:\/\/infoecos.com.ar\/#organization","name":"Infoecos","alternateName":"Noticias","url":"https:\/\/infoecos.com.ar\/","logo":{"@type":"ImageObject","inLanguage":"es","@id":"https:\/\/infoecos.com.ar\/#\/schema\/logo\/image\/","url":"https:\/\/infoecos.com.ar\/wp-content\/uploads\/2024\/03\/cropped-logo.png","contentUrl":"https:\/\/infoecos.com.ar\/wp-content\/uploads\/2024\/03\/cropped-logo.png","width":374,"height":90,"caption":"Infoecos"},"image":{"@id":"https:\/\/infoecos.com.ar\/#\/schema\/logo\/image\/"},"sameAs":["https:\/\/www.facebook.com\/profile.php?id=100063200290284","https:\/\/x.com\/infoecos"]},{"@type":"Person","@id":"https:\/\/infoecos.com.ar\/#\/schema\/person\/8f5ace5ce73b4b4aac4b7245aee6f191","name":"Jorge Matheus","url":"https:\/\/infoecos.com.ar\/index.php\/author\/jomatheus\/"}]}},"featured_image_urls":{"full":["https:\/\/infoecos.com.ar\/wp-content\/uploads\/2022\/05\/consejofederaldeeducacion.jpg",1280,757,false],"thumbnail":["https:\/\/infoecos.com.ar\/wp-content\/uploads\/2022\/05\/consejofederaldeeducacion-150x150.jpg",150,150,true],"medium":["https:\/\/infoecos.com.ar\/wp-content\/uploads\/2022\/05\/consejofederaldeeducacion-460x272.jpg",460,272,true],"medium_large":["https:\/\/infoecos.com.ar\/wp-content\/uploads\/2022\/05\/consejofederaldeeducacion-768x454.jpg",640,378,true],"large":["https:\/\/infoecos.com.ar\/wp-content\/uploads\/2022\/05\/consejofederaldeeducacion-920x544.jpg",640,378,true],"1536x1536":["https:\/\/infoecos.com.ar\/wp-content\/uploads\/2022\/05\/consejofederaldeeducacion.jpg",1280,757,false],"2048x2048":["https:\/\/infoecos.com.ar\/wp-content\/uploads\/2022\/05\/consejofederaldeeducacion.jpg",1280,757,false],"covernews-slider-full":["https:\/\/infoecos.com.ar\/wp-content\/uploads\/2022\/05\/consejofederaldeeducacion.jpg",1115,659,false],"covernews-slider-center":["https:\/\/infoecos.com.ar\/wp-content\/uploads\/2022\/05\/consejofederaldeeducacion-936x757.jpg",618,500,true],"covernews-featured":["https:\/\/infoecos.com.ar\/wp-content\/uploads\/2022\/05\/consejofederaldeeducacion-1024x606.jpg",1024,606,true],"covernews-medium":["https:\/\/infoecos.com.ar\/wp-content\/uploads\/2022\/05\/consejofederaldeeducacion-720x380.jpg",540,285,true],"covernews-medium-square":["https:\/\/infoecos.com.ar\/wp-content\/uploads\/2022\/05\/consejofederaldeeducacion-675x450.jpg",375,250,true]},"author_info":{"info":["Jorge Matheus"]},"category_info":"<a href=\"https:\/\/infoecos.com.ar\/index.php\/category\/inferior2\/\" rel=\"category tag\">Bloque inferior - 2<\/a>","tag_info":"Bloque inferior - 2","comment_count":"0","_links":{"self":[{"href":"https:\/\/infoecos.com.ar\/index.php\/wp-json\/wp\/v2\/posts\/93115"}],"collection":[{"href":"https:\/\/infoecos.com.ar\/index.php\/wp-json\/wp\/v2\/posts"}],"about":[{"href":"https:\/\/infoecos.com.ar\/index.php\/wp-json\/wp\/v2\/types\/post"}],"author":[{"embeddable":true,"href":"https:\/\/infoecos.com.ar\/index.php\/wp-json\/wp\/v2\/users\/2"}],"replies":[{"embeddable":true,"href":"https:\/\/infoecos.com.ar\/index.php\/wp-json\/wp\/v2\/comments?post=93115"}],"version-history":[{"count":3,"href":"https:\/\/infoecos.com.ar\/index.php\/wp-json\/wp\/v2\/posts\/93115\/revisions"}],"predecessor-version":[{"id":93122,"href":"https:\/\/infoecos.com.ar\/index.php\/wp-json\/wp\/v2\/posts\/93115\/revisions\/93122"}],"wp:featuredmedia":[{"embeddable":true,"href":"https:\/\/infoecos.com.ar\/index.php\/wp-json\/wp\/v2\/media\/93116"}],"wp:attachment":[{"href":"https:\/\/infoecos.com.ar\/index.php\/wp-json\/wp\/v2\/media?parent=93115"}],"wp:term":[{"taxonomy":"category","embeddable":true,"href":"https:\/\/infoecos.com.ar\/index.php\/wp-json\/wp\/v2\/categories?post=93115"},{"taxonomy":"post_tag","embeddable":true,"href":"https:\/\/infoecos.com.ar\/index.php\/wp-json\/wp\/v2\/tags?post=93115"}],"curies":[{"name":"wp","href":"https:\/\/api.w.org\/{rel}","templated":true}]}}