{"id":93148,"date":"2022-05-30T21:03:45","date_gmt":"2022-05-31T00:03:45","guid":{"rendered":"http:\/\/infoecos.com.ar\/?p=93148"},"modified":"2022-05-30T21:03:46","modified_gmt":"2022-05-31T00:03:46","slug":"un-perro-callejero-ataco-a-una-nena-de-2-anos-en-santa-rosa-y-le-produjo-heridas","status":"publish","type":"post","link":"https:\/\/infoecos.com.ar\/index.php\/un-perro-callejero-ataco-a-una-nena-de-2-anos-en-santa-rosa-y-le-produjo-heridas\/","title":{"rendered":"Un perro callejero atac\u00f3 a una nena de 2 a\u00f1os en Santa Rosa y le produjo heridas"},"content":{"rendered":"\n<p>Una nena de 2 a\u00f1os de edad sufri\u00f3 el domingo a la tarde un grav\u00edsimo ataque en el rostro por parte de un perro callejero, en la ciudad de Santa Rosa. <\/p>\n\n\n\n<div class=\"wp-block-image\"><figure class=\"aligncenter size-large is-resized\"><img loading=\"lazy\" decoding=\"async\" src=\"http:\/\/infoecos.com.ar\/wp-content\/uploads\/2022\/05\/hospitalluciomolas-920x520.jpg\" alt=\"\" class=\"wp-image-93149\" width=\"489\" height=\"276\" srcset=\"https:\/\/infoecos.com.ar\/wp-content\/uploads\/2022\/05\/hospitalluciomolas-920x520.jpg 920w, https:\/\/infoecos.com.ar\/wp-content\/uploads\/2022\/05\/hospitalluciomolas-460x260.jpg 460w, https:\/\/infoecos.com.ar\/wp-content\/uploads\/2022\/05\/hospitalluciomolas-768x434.jpg 768w, https:\/\/infoecos.com.ar\/wp-content\/uploads\/2022\/05\/hospitalluciomolas-1024x578.jpg 1024w, https:\/\/infoecos.com.ar\/wp-content\/uploads\/2022\/05\/hospitalluciomolas.jpg 1121w\" sizes=\"(max-width: 489px) 100vw, 489px\" \/><figcaption>Hospital Lucio Molas de Santa Rosa<\/figcaption><\/figure><\/div>\n\n\n\n<p>El hecho ocurri\u00f3 en el barrio FONAVI 42, mientras celebraban un cumplea\u00f1os de un chico de 13 a\u00f1os de edad.<\/p>\n\n\n\n<p>La nena fue trasladada de urgencia al Hospital \u00abDr. Lucio Molas\u00bb donde la tuvo que atender una ciudadana: le hicieron 5 puntos debajo de la pera y otros 2 puntos en la mejilla. \u00abEn otras partes de la cara no le quiso hacer puntos por temor a que le queden cicatrices\u00bb, cont\u00f3 a El Diario de La Pampa, su abuela\u00a0Roxana Lucero.<\/p>\n\n\n\n<p>La abuela paterna de la nena reclam\u00f3 a la Municipalidad de Santa Rosa para que se ocupe de la problem\u00e1tica. \u00abJusto cuando est\u00e1bamos nosotros hab\u00eda otro nene con la cabeza desfigurada, abierta, llena de grampas&#8230; son much\u00edsimos los casos de los nenes atacados por perros\u00bb, a\u00f1adi\u00f3.<\/p>\n","protected":false},"excerpt":{"rendered":"<p>La nena fue trasladada de urgencia al Hospital \u00abDr. Lucio Molas\u00bb donde la tuvo que atender una ciudadana: le hicieron 5 puntos debajo de la pera y otros 2 puntos en la mejilla<\/p>\n","protected":false},"author":2,"featured_media":93149,"comment_status":"closed","ping_status":"open","sticky":false,"template":"","format":"standard","meta":{"footnotes":""},"categories":[48],"tags":[6126],"class_list":["post-93148","post","type-post","status-publish","format-standard","has-post-thumbnail","hentry","category-c2nota3","tag-regional-santa-rosa"],"yoast_head":"<!-- This site is optimized with the Yoast SEO plugin v23.4 - https:\/\/yoast.com\/wordpress\/plugins\/seo\/ -->\n<title>Un perro callejero atac\u00f3 a una nena de 2 a\u00f1os en Santa Rosa y le produjo heridas - Infoecos<\/title>\n<meta name=\"robots\" content=\"index, follow, max-snippet:-1, max-image-preview:large, max-video-preview:-1\" \/>\n<link rel=\"canonical\" href=\"https:\/\/infoecos.com.ar\/index.php\/un-perro-callejero-ataco-a-una-nena-de-2-anos-en-santa-rosa-y-le-produjo-heridas\/\" \/>\n<meta property=\"og:locale\" content=\"es_ES\" \/>\n<meta property=\"og:type\" content=\"article\" \/>\n<meta property=\"og:title\" content=\"Un perro callejero atac\u00f3 a una nena de 2 a\u00f1os en Santa Rosa y le produjo heridas - Infoecos\" \/>\n<meta property=\"og:description\" content=\"La nena fue trasladada de urgencia al Hospital &quot;Dr. Lucio Molas&quot; donde la tuvo que atender una ciudadana: le hicieron 5 puntos debajo de la pera y otros 2 puntos en la mejilla\" \/>\n<meta property=\"og:url\" content=\"https:\/\/infoecos.com.ar\/index.php\/un-perro-callejero-ataco-a-una-nena-de-2-anos-en-santa-rosa-y-le-produjo-heridas\/\" \/>\n<meta property=\"og:site_name\" content=\"Infoecos\" \/>\n<meta property=\"article:publisher\" content=\"https:\/\/www.facebook.com\/profile.php?id=100063200290284\" \/>\n<meta property=\"article:published_time\" content=\"2022-05-31T00:03:45+00:00\" \/>\n<meta property=\"article:modified_time\" content=\"2022-05-31T00:03:46+00:00\" \/>\n<meta property=\"og:image\" content=\"https:\/\/infoecos.com.ar\/wp-content\/uploads\/2022\/05\/hospitalluciomolas.jpg\" \/>\n\t<meta property=\"og:image:width\" content=\"1121\" \/>\n\t<meta property=\"og:image:height\" content=\"633\" \/>\n\t<meta property=\"og:image:type\" content=\"image\/jpeg\" \/>\n<meta name=\"author\" content=\"Jorge Matheus\" \/>\n<meta name=\"twitter:card\" content=\"summary_large_image\" \/>\n<meta name=\"twitter:creator\" content=\"@infoecos\" \/>\n<meta name=\"twitter:site\" content=\"@infoecos\" \/>\n<meta name=\"twitter:label1\" content=\"Escrito por\" \/>\n\t<meta name=\"twitter:data1\" content=\"Jorge Matheus\" \/>\n\t<meta name=\"twitter:label2\" content=\"Tiempo de lectura\" \/>\n\t<meta name=\"twitter:data2\" content=\"1 minuto\" \/>\n<script type=\"application\/ld+json\" class=\"yoast-schema-graph\">{\"@context\":\"https:\/\/schema.org\",\"@graph\":[{\"@type\":\"Article\",\"@id\":\"https:\/\/infoecos.com.ar\/index.php\/un-perro-callejero-ataco-a-una-nena-de-2-anos-en-santa-rosa-y-le-produjo-heridas\/#article\",\"isPartOf\":{\"@id\":\"https:\/\/infoecos.com.ar\/index.php\/un-perro-callejero-ataco-a-una-nena-de-2-anos-en-santa-rosa-y-le-produjo-heridas\/\"},\"author\":{\"name\":\"Jorge Matheus\",\"@id\":\"https:\/\/infoecos.com.ar\/#\/schema\/person\/8f5ace5ce73b4b4aac4b7245aee6f191\"},\"headline\":\"Un perro callejero atac\u00f3 a una nena de 2 a\u00f1os en Santa Rosa y le produjo heridas\",\"datePublished\":\"2022-05-31T00:03:45+00:00\",\"dateModified\":\"2022-05-31T00:03:46+00:00\",\"mainEntityOfPage\":{\"@id\":\"https:\/\/infoecos.com.ar\/index.php\/un-perro-callejero-ataco-a-una-nena-de-2-anos-en-santa-rosa-y-le-produjo-heridas\/\"},\"wordCount\":186,\"publisher\":{\"@id\":\"https:\/\/infoecos.com.ar\/#organization\"},\"image\":{\"@id\":\"https:\/\/infoecos.com.ar\/index.php\/un-perro-callejero-ataco-a-una-nena-de-2-anos-en-santa-rosa-y-le-produjo-heridas\/#primaryimage\"},\"thumbnailUrl\":\"https:\/\/infoecos.com.ar\/wp-content\/uploads\/2022\/05\/hospitalluciomolas.jpg\",\"keywords\":[\"REGIONAL - SANTA ROSA\"],\"articleSection\":[\"C2 N3\"],\"inLanguage\":\"es\"},{\"@type\":\"WebPage\",\"@id\":\"https:\/\/infoecos.com.ar\/index.php\/un-perro-callejero-ataco-a-una-nena-de-2-anos-en-santa-rosa-y-le-produjo-heridas\/\",\"url\":\"https:\/\/infoecos.com.ar\/index.php\/un-perro-callejero-ataco-a-una-nena-de-2-anos-en-santa-rosa-y-le-produjo-heridas\/\",\"name\":\"Un perro callejero atac\u00f3 a una nena de 2 a\u00f1os en Santa Rosa y le produjo heridas - Infoecos\",\"isPartOf\":{\"@id\":\"https:\/\/infoecos.com.ar\/#website\"},\"primaryImageOfPage\":{\"@id\":\"https:\/\/infoecos.com.ar\/index.php\/un-perro-callejero-ataco-a-una-nena-de-2-anos-en-santa-rosa-y-le-produjo-heridas\/#primaryimage\"},\"image\":{\"@id\":\"https:\/\/infoecos.com.ar\/index.php\/un-perro-callejero-ataco-a-una-nena-de-2-anos-en-santa-rosa-y-le-produjo-heridas\/#primaryimage\"},\"thumbnailUrl\":\"https:\/\/infoecos.com.ar\/wp-content\/uploads\/2022\/05\/hospitalluciomolas.jpg\",\"datePublished\":\"2022-05-31T00:03:45+00:00\",\"dateModified\":\"2022-05-31T00:03:46+00:00\",\"breadcrumb\":{\"@id\":\"https:\/\/infoecos.com.ar\/index.php\/un-perro-callejero-ataco-a-una-nena-de-2-anos-en-santa-rosa-y-le-produjo-heridas\/#breadcrumb\"},\"inLanguage\":\"es\",\"potentialAction\":[{\"@type\":\"ReadAction\",\"target\":[\"https:\/\/infoecos.com.ar\/index.php\/un-perro-callejero-ataco-a-una-nena-de-2-anos-en-santa-rosa-y-le-produjo-heridas\/\"]}]},{\"@type\":\"ImageObject\",\"inLanguage\":\"es\",\"@id\":\"https:\/\/infoecos.com.ar\/index.php\/un-perro-callejero-ataco-a-una-nena-de-2-anos-en-santa-rosa-y-le-produjo-heridas\/#primaryimage\",\"url\":\"https:\/\/infoecos.com.ar\/wp-content\/uploads\/2022\/05\/hospitalluciomolas.jpg\",\"contentUrl\":\"https:\/\/infoecos.com.ar\/wp-content\/uploads\/2022\/05\/hospitalluciomolas.jpg\",\"width\":1121,\"height\":633},{\"@type\":\"BreadcrumbList\",\"@id\":\"https:\/\/infoecos.com.ar\/index.php\/un-perro-callejero-ataco-a-una-nena-de-2-anos-en-santa-rosa-y-le-produjo-heridas\/#breadcrumb\",\"itemListElement\":[{\"@type\":\"ListItem\",\"position\":1,\"name\":\"Portada\",\"item\":\"https:\/\/infoecos.com.ar\/\"},{\"@type\":\"ListItem\",\"position\":2,\"name\":\"Un perro callejero atac\u00f3 a una nena de 2 a\u00f1os en Santa Rosa y le produjo heridas\"}]},{\"@type\":\"WebSite\",\"@id\":\"https:\/\/infoecos.com.ar\/#website\",\"url\":\"https:\/\/infoecos.com.ar\/\",\"name\":\"Infoecos\",\"description\":\"Noticias de trenque lauquen y la zona\",\"publisher\":{\"@id\":\"https:\/\/infoecos.com.ar\/#organization\"},\"alternateName\":\"Noticias\",\"potentialAction\":[{\"@type\":\"SearchAction\",\"target\":{\"@type\":\"EntryPoint\",\"urlTemplate\":\"https:\/\/infoecos.com.ar\/?s={search_term_string}\"},\"query-input\":{\"@type\":\"PropertyValueSpecification\",\"valueRequired\":true,\"valueName\":\"search_term_string\"}}],\"inLanguage\":\"es\"},{\"@type\":\"Organization\",\"@id\":\"https:\/\/infoecos.com.ar\/#organization\",\"name\":\"Infoecos\",\"alternateName\":\"Noticias\",\"url\":\"https:\/\/infoecos.com.ar\/\",\"logo\":{\"@type\":\"ImageObject\",\"inLanguage\":\"es\",\"@id\":\"https:\/\/infoecos.com.ar\/#\/schema\/logo\/image\/\",\"url\":\"https:\/\/infoecos.com.ar\/wp-content\/uploads\/2024\/03\/cropped-logo.png\",\"contentUrl\":\"https:\/\/infoecos.com.ar\/wp-content\/uploads\/2024\/03\/cropped-logo.png\",\"width\":374,\"height\":90,\"caption\":\"Infoecos\"},\"image\":{\"@id\":\"https:\/\/infoecos.com.ar\/#\/schema\/logo\/image\/\"},\"sameAs\":[\"https:\/\/www.facebook.com\/profile.php?id=100063200290284\",\"https:\/\/x.com\/infoecos\"]},{\"@type\":\"Person\",\"@id\":\"https:\/\/infoecos.com.ar\/#\/schema\/person\/8f5ace5ce73b4b4aac4b7245aee6f191\",\"name\":\"Jorge Matheus\",\"url\":\"https:\/\/infoecos.com.ar\/index.php\/author\/jomatheus\/\"}]}<\/script>\n<!-- \/ Yoast SEO plugin. -->","yoast_head_json":{"title":"Un perro callejero atac\u00f3 a una nena de 2 a\u00f1os en Santa Rosa y le produjo heridas - Infoecos","robots":{"index":"index","follow":"follow","max-snippet":"max-snippet:-1","max-image-preview":"max-image-preview:large","max-video-preview":"max-video-preview:-1"},"canonical":"https:\/\/infoecos.com.ar\/index.php\/un-perro-callejero-ataco-a-una-nena-de-2-anos-en-santa-rosa-y-le-produjo-heridas\/","og_locale":"es_ES","og_type":"article","og_title":"Un perro callejero atac\u00f3 a una nena de 2 a\u00f1os en Santa Rosa y le produjo heridas - Infoecos","og_description":"La nena fue trasladada de urgencia al Hospital \"Dr. Lucio Molas\" donde la tuvo que atender una ciudadana: le hicieron 5 puntos debajo de la pera y otros 2 puntos en la mejilla","og_url":"https:\/\/infoecos.com.ar\/index.php\/un-perro-callejero-ataco-a-una-nena-de-2-anos-en-santa-rosa-y-le-produjo-heridas\/","og_site_name":"Infoecos","article_publisher":"https:\/\/www.facebook.com\/profile.php?id=100063200290284","article_published_time":"2022-05-31T00:03:45+00:00","article_modified_time":"2022-05-31T00:03:46+00:00","og_image":[{"width":1121,"height":633,"url":"https:\/\/infoecos.com.ar\/wp-content\/uploads\/2022\/05\/hospitalluciomolas.jpg","type":"image\/jpeg"}],"author":"Jorge Matheus","twitter_card":"summary_large_image","twitter_creator":"@infoecos","twitter_site":"@infoecos","twitter_misc":{"Escrito por":"Jorge Matheus","Tiempo de lectura":"1 minuto"},"schema":{"@context":"https:\/\/schema.org","@graph":[{"@type":"Article","@id":"https:\/\/infoecos.com.ar\/index.php\/un-perro-callejero-ataco-a-una-nena-de-2-anos-en-santa-rosa-y-le-produjo-heridas\/#article","isPartOf":{"@id":"https:\/\/infoecos.com.ar\/index.php\/un-perro-callejero-ataco-a-una-nena-de-2-anos-en-santa-rosa-y-le-produjo-heridas\/"},"author":{"name":"Jorge Matheus","@id":"https:\/\/infoecos.com.ar\/#\/schema\/person\/8f5ace5ce73b4b4aac4b7245aee6f191"},"headline":"Un perro callejero atac\u00f3 a una nena de 2 a\u00f1os en Santa Rosa y le produjo heridas","datePublished":"2022-05-31T00:03:45+00:00","dateModified":"2022-05-31T00:03:46+00:00","mainEntityOfPage":{"@id":"https:\/\/infoecos.com.ar\/index.php\/un-perro-callejero-ataco-a-una-nena-de-2-anos-en-santa-rosa-y-le-produjo-heridas\/"},"wordCount":186,"publisher":{"@id":"https:\/\/infoecos.com.ar\/#organization"},"image":{"@id":"https:\/\/infoecos.com.ar\/index.php\/un-perro-callejero-ataco-a-una-nena-de-2-anos-en-santa-rosa-y-le-produjo-heridas\/#primaryimage"},"thumbnailUrl":"https:\/\/infoecos.com.ar\/wp-content\/uploads\/2022\/05\/hospitalluciomolas.jpg","keywords":["REGIONAL - SANTA ROSA"],"articleSection":["C2 N3"],"inLanguage":"es"},{"@type":"WebPage","@id":"https:\/\/infoecos.com.ar\/index.php\/un-perro-callejero-ataco-a-una-nena-de-2-anos-en-santa-rosa-y-le-produjo-heridas\/","url":"https:\/\/infoecos.com.ar\/index.php\/un-perro-callejero-ataco-a-una-nena-de-2-anos-en-santa-rosa-y-le-produjo-heridas\/","name":"Un perro callejero atac\u00f3 a una nena de 2 a\u00f1os en Santa Rosa y le produjo heridas - Infoecos","isPartOf":{"@id":"https:\/\/infoecos.com.ar\/#website"},"primaryImageOfPage":{"@id":"https:\/\/infoecos.com.ar\/index.php\/un-perro-callejero-ataco-a-una-nena-de-2-anos-en-santa-rosa-y-le-produjo-heridas\/#primaryimage"},"image":{"@id":"https:\/\/infoecos.com.ar\/index.php\/un-perro-callejero-ataco-a-una-nena-de-2-anos-en-santa-rosa-y-le-produjo-heridas\/#primaryimage"},"thumbnailUrl":"https:\/\/infoecos.com.ar\/wp-content\/uploads\/2022\/05\/hospitalluciomolas.jpg","datePublished":"2022-05-31T00:03:45+00:00","dateModified":"2022-05-31T00:03:46+00:00","breadcrumb":{"@id":"https:\/\/infoecos.com.ar\/index.php\/un-perro-callejero-ataco-a-una-nena-de-2-anos-en-santa-rosa-y-le-produjo-heridas\/#breadcrumb"},"inLanguage":"es","potentialAction":[{"@type":"ReadAction","target":["https:\/\/infoecos.com.ar\/index.php\/un-perro-callejero-ataco-a-una-nena-de-2-anos-en-santa-rosa-y-le-produjo-heridas\/"]}]},{"@type":"ImageObject","inLanguage":"es","@id":"https:\/\/infoecos.com.ar\/index.php\/un-perro-callejero-ataco-a-una-nena-de-2-anos-en-santa-rosa-y-le-produjo-heridas\/#primaryimage","url":"https:\/\/infoecos.com.ar\/wp-content\/uploads\/2022\/05\/hospitalluciomolas.jpg","contentUrl":"https:\/\/infoecos.com.ar\/wp-content\/uploads\/2022\/05\/hospitalluciomolas.jpg","width":1121,"height":633},{"@type":"BreadcrumbList","@id":"https:\/\/infoecos.com.ar\/index.php\/un-perro-callejero-ataco-a-una-nena-de-2-anos-en-santa-rosa-y-le-produjo-heridas\/#breadcrumb","itemListElement":[{"@type":"ListItem","position":1,"name":"Portada","item":"https:\/\/infoecos.com.ar\/"},{"@type":"ListItem","position":2,"name":"Un perro callejero atac\u00f3 a una nena de 2 a\u00f1os en Santa Rosa y le produjo heridas"}]},{"@type":"WebSite","@id":"https:\/\/infoecos.com.ar\/#website","url":"https:\/\/infoecos.com.ar\/","name":"Infoecos","description":"Noticias de trenque lauquen y la zona","publisher":{"@id":"https:\/\/infoecos.com.ar\/#organization"},"alternateName":"Noticias","potentialAction":[{"@type":"SearchAction","target":{"@type":"EntryPoint","urlTemplate":"https:\/\/infoecos.com.ar\/?s={search_term_string}"},"query-input":{"@type":"PropertyValueSpecification","valueRequired":true,"valueName":"search_term_string"}}],"inLanguage":"es"},{"@type":"Organization","@id":"https:\/\/infoecos.com.ar\/#organization","name":"Infoecos","alternateName":"Noticias","url":"https:\/\/infoecos.com.ar\/","logo":{"@type":"ImageObject","inLanguage":"es","@id":"https:\/\/infoecos.com.ar\/#\/schema\/logo\/image\/","url":"https:\/\/infoecos.com.ar\/wp-content\/uploads\/2024\/03\/cropped-logo.png","contentUrl":"https:\/\/infoecos.com.ar\/wp-content\/uploads\/2024\/03\/cropped-logo.png","width":374,"height":90,"caption":"Infoecos"},"image":{"@id":"https:\/\/infoecos.com.ar\/#\/schema\/logo\/image\/"},"sameAs":["https:\/\/www.facebook.com\/profile.php?id=100063200290284","https:\/\/x.com\/infoecos"]},{"@type":"Person","@id":"https:\/\/infoecos.com.ar\/#\/schema\/person\/8f5ace5ce73b4b4aac4b7245aee6f191","name":"Jorge Matheus","url":"https:\/\/infoecos.com.ar\/index.php\/author\/jomatheus\/"}]}},"featured_image_urls":{"full":["https:\/\/infoecos.com.ar\/wp-content\/uploads\/2022\/05\/hospitalluciomolas.jpg",1121,633,false],"thumbnail":["https:\/\/infoecos.com.ar\/wp-content\/uploads\/2022\/05\/hospitalluciomolas-150x150.jpg",150,150,true],"medium":["https:\/\/infoecos.com.ar\/wp-content\/uploads\/2022\/05\/hospitalluciomolas-460x260.jpg",460,260,true],"medium_large":["https:\/\/infoecos.com.ar\/wp-content\/uploads\/2022\/05\/hospitalluciomolas-768x434.jpg",640,362,true],"large":["https:\/\/infoecos.com.ar\/wp-content\/uploads\/2022\/05\/hospitalluciomolas-920x520.jpg",640,362,true],"1536x1536":["https:\/\/infoecos.com.ar\/wp-content\/uploads\/2022\/05\/hospitalluciomolas.jpg",1121,633,false],"2048x2048":["https:\/\/infoecos.com.ar\/wp-content\/uploads\/2022\/05\/hospitalluciomolas.jpg",1121,633,false],"covernews-slider-full":["https:\/\/infoecos.com.ar\/wp-content\/uploads\/2022\/05\/hospitalluciomolas.jpg",1115,630,false],"covernews-slider-center":["https:\/\/infoecos.com.ar\/wp-content\/uploads\/2022\/05\/hospitalluciomolas-936x633.jpg",739,500,true],"covernews-featured":["https:\/\/infoecos.com.ar\/wp-content\/uploads\/2022\/05\/hospitalluciomolas-1024x578.jpg",1024,578,true],"covernews-medium":["https:\/\/infoecos.com.ar\/wp-content\/uploads\/2022\/05\/hospitalluciomolas-720x380.jpg",540,285,true],"covernews-medium-square":["https:\/\/infoecos.com.ar\/wp-content\/uploads\/2022\/05\/hospitalluciomolas-675x450.jpg",375,250,true]},"author_info":{"info":["Jorge Matheus"]},"category_info":"<a href=\"https:\/\/infoecos.com.ar\/index.php\/category\/c2nota3\/\" rel=\"category tag\">C2 N3<\/a>","tag_info":"C2 N3","comment_count":"0","_links":{"self":[{"href":"https:\/\/infoecos.com.ar\/index.php\/wp-json\/wp\/v2\/posts\/93148"}],"collection":[{"href":"https:\/\/infoecos.com.ar\/index.php\/wp-json\/wp\/v2\/posts"}],"about":[{"href":"https:\/\/infoecos.com.ar\/index.php\/wp-json\/wp\/v2\/types\/post"}],"author":[{"embeddable":true,"href":"https:\/\/infoecos.com.ar\/index.php\/wp-json\/wp\/v2\/users\/2"}],"replies":[{"embeddable":true,"href":"https:\/\/infoecos.com.ar\/index.php\/wp-json\/wp\/v2\/comments?post=93148"}],"version-history":[{"count":1,"href":"https:\/\/infoecos.com.ar\/index.php\/wp-json\/wp\/v2\/posts\/93148\/revisions"}],"predecessor-version":[{"id":93150,"href":"https:\/\/infoecos.com.ar\/index.php\/wp-json\/wp\/v2\/posts\/93148\/revisions\/93150"}],"wp:featuredmedia":[{"embeddable":true,"href":"https:\/\/infoecos.com.ar\/index.php\/wp-json\/wp\/v2\/media\/93149"}],"wp:attachment":[{"href":"https:\/\/infoecos.com.ar\/index.php\/wp-json\/wp\/v2\/media?parent=93148"}],"wp:term":[{"taxonomy":"category","embeddable":true,"href":"https:\/\/infoecos.com.ar\/index.php\/wp-json\/wp\/v2\/categories?post=93148"},{"taxonomy":"post_tag","embeddable":true,"href":"https:\/\/infoecos.com.ar\/index.php\/wp-json\/wp\/v2\/tags?post=93148"}],"curies":[{"name":"wp","href":"https:\/\/api.w.org\/{rel}","templated":true}]}}