{"id":93160,"date":"2022-05-30T22:03:11","date_gmt":"2022-05-31T01:03:11","guid":{"rendered":"http:\/\/infoecos.com.ar\/?p=93160"},"modified":"2022-06-01T00:08:50","modified_gmt":"2022-06-01T03:08:50","slug":"respaldo-del-gobernador-kicillof-a-la-intendenta-de-quilmes-mayra-mendoza","status":"publish","type":"post","link":"https:\/\/infoecos.com.ar\/index.php\/respaldo-del-gobernador-kicillof-a-la-intendenta-de-quilmes-mayra-mendoza\/","title":{"rendered":"Respaldo del gobernador Kicillof a la intendenta de Quilmes, Mayra Mendoza"},"content":{"rendered":"\n<p>Este lunes por la tarde, el gobernador de la provincia de Buenos Aires,&nbsp;<strong>Axel Kicillof<\/strong>, present\u00f3 la siguiente etapa del programa que nuclea el trabajo de j\u00f3venes voluntarios en el territorio bonaerense. El anuncio se hizo desde el Municipio de Quilmes, despu\u00e9s de que la intendenta local,&nbsp;<strong>Mayra Mendoza<\/strong>, sufriera graves acusaciones en los \u00faltimos d\u00edas.<\/p>\n\n\n\n<p><strong>Kicillof&nbsp;<\/strong>expres\u00f3: \u201ceste es un acto en el que los dirigentes hemos venido a agradecer el trabajo inmenso que han realizado miles de bonaerenses solidarios y solidarias en los momentos m\u00e1s complejos que tuvimos que atravesar durante la pandemia. Este programa no surgi\u00f3 por una iniciativa del Gobierno, sino que fue una forma de dar respuesta a la inmensa demanda de un pueblo que quiso ayudar y dar una mano\u201d.<\/p>\n\n\n\n<div class=\"wp-block-image\"><figure class=\"aligncenter size-large is-resized\"><img loading=\"lazy\" decoding=\"async\" src=\"http:\/\/infoecos.com.ar\/wp-content\/uploads\/2022\/05\/kicillof-Mayra-696x463-1.jpg\" alt=\"\" class=\"wp-image-93161\" width=\"513\" height=\"341\" srcset=\"https:\/\/infoecos.com.ar\/wp-content\/uploads\/2022\/05\/kicillof-Mayra-696x463-1.jpg 696w, https:\/\/infoecos.com.ar\/wp-content\/uploads\/2022\/05\/kicillof-Mayra-696x463-1-460x306.jpg 460w, https:\/\/infoecos.com.ar\/wp-content\/uploads\/2022\/05\/kicillof-Mayra-696x463-1-675x450.jpg 675w\" sizes=\"(max-width: 513px) 100vw, 513px\" \/><\/figure><\/div>\n\n\n\n<p>Adem\u00e1s, se realiz\u00f3 la entrega de reconocimientos a diferentes j\u00f3venes que formaron parte del programa por su esfuerzo y compromiso durante la pandemia.&nbsp;<strong>Bonaerenses Solidarios<\/strong>&nbsp;se encuentra vigente desde mayo de 2020, despu\u00e9s de una convocatoria a bonaerenses de manera voluntaria para combatir el coronavirus. Por eso, en este relanzamiento, se intentan abordar otras problem\u00e1ticas de la sociedad.<\/p>\n\n\n\n<p>\u201cA pesar de todos los ataques que intentaron estigmatizar a los m\u00e1s j\u00f3venes, la pandemia demostr\u00f3 que tenemos un pueblo solidario y una juventud comprometida, que piensa en el otro y se sacrifica. Hoy estamos lanzando una etapa distinta para profundizar un programa que naci\u00f3 en la emergencia y funcion\u00f3 gracias a la organizaci\u00f3n de miles de bonaerenses\u201d, agreg\u00f3 el&nbsp;<strong>gobernador bonaerense<\/strong>.<\/p>\n\n\n\n<p>Por su parte,&nbsp;<strong>Larroque&nbsp;<\/strong>sostuvo: \u201ces el pueblo de manera solidaria el que construye los mecanismos que generan&nbsp;<strong>justicia social&nbsp;<\/strong>y que finalmente resuelven los problemas. Necesitamos que la comunidad se organice y nos ayude a llegar eficazmente a aquellos que nos necesitan. Ahora m\u00e1s que nunca esa es nuestra tarea, desde un&nbsp;<strong>Estado&nbsp;<\/strong>que dice presente y que debe ser sensible y solidario\u201d.<\/p>\n","protected":false},"excerpt":{"rendered":"<p>El gobernador de la provincia de Buenos Aires, Axel Kicillof, present\u00f3 la siguiente etapa del programa que nuclea el trabajo de j\u00f3venes voluntarios en el territorio bonaerense<\/p>\n","protected":false},"author":2,"featured_media":93161,"comment_status":"closed","ping_status":"open","sticky":false,"template":"","format":"standard","meta":{"footnotes":""},"categories":[1333],"tags":[6127],"class_list":["post-93160","post","type-post","status-publish","format-standard","has-post-thumbnail","hentry","category-inferior13","tag-politica-gobernacion"],"yoast_head":"<!-- This site is optimized with the Yoast SEO plugin v23.4 - https:\/\/yoast.com\/wordpress\/plugins\/seo\/ -->\n<title>Respaldo del gobernador Kicillof a la intendenta de Quilmes, Mayra Mendoza - Infoecos<\/title>\n<meta name=\"robots\" content=\"index, follow, max-snippet:-1, max-image-preview:large, max-video-preview:-1\" \/>\n<link rel=\"canonical\" href=\"https:\/\/infoecos.com.ar\/index.php\/respaldo-del-gobernador-kicillof-a-la-intendenta-de-quilmes-mayra-mendoza\/\" \/>\n<meta property=\"og:locale\" content=\"es_ES\" \/>\n<meta property=\"og:type\" content=\"article\" \/>\n<meta property=\"og:title\" content=\"Respaldo del gobernador Kicillof a la intendenta de Quilmes, Mayra Mendoza - Infoecos\" \/>\n<meta property=\"og:description\" content=\"El gobernador de la provincia de Buenos Aires, Axel Kicillof, present\u00f3 la siguiente etapa del programa que nuclea el trabajo de j\u00f3venes voluntarios en el territorio bonaerense\" \/>\n<meta property=\"og:url\" content=\"https:\/\/infoecos.com.ar\/index.php\/respaldo-del-gobernador-kicillof-a-la-intendenta-de-quilmes-mayra-mendoza\/\" \/>\n<meta property=\"og:site_name\" content=\"Infoecos\" \/>\n<meta property=\"article:publisher\" content=\"https:\/\/www.facebook.com\/profile.php?id=100063200290284\" \/>\n<meta property=\"article:published_time\" content=\"2022-05-31T01:03:11+00:00\" \/>\n<meta property=\"article:modified_time\" content=\"2022-06-01T03:08:50+00:00\" \/>\n<meta property=\"og:image\" content=\"https:\/\/infoecos.com.ar\/wp-content\/uploads\/2022\/05\/kicillof-Mayra-696x463-1.jpg\" \/>\n\t<meta property=\"og:image:width\" content=\"696\" \/>\n\t<meta property=\"og:image:height\" content=\"463\" \/>\n\t<meta property=\"og:image:type\" content=\"image\/jpeg\" \/>\n<meta name=\"author\" content=\"Jorge Matheus\" \/>\n<meta name=\"twitter:card\" content=\"summary_large_image\" \/>\n<meta name=\"twitter:creator\" content=\"@infoecos\" \/>\n<meta name=\"twitter:site\" content=\"@infoecos\" \/>\n<meta name=\"twitter:label1\" content=\"Escrito por\" \/>\n\t<meta name=\"twitter:data1\" content=\"Jorge Matheus\" \/>\n\t<meta name=\"twitter:label2\" content=\"Tiempo de lectura\" \/>\n\t<meta name=\"twitter:data2\" content=\"2 minutos\" \/>\n<script type=\"application\/ld+json\" class=\"yoast-schema-graph\">{\"@context\":\"https:\/\/schema.org\",\"@graph\":[{\"@type\":\"Article\",\"@id\":\"https:\/\/infoecos.com.ar\/index.php\/respaldo-del-gobernador-kicillof-a-la-intendenta-de-quilmes-mayra-mendoza\/#article\",\"isPartOf\":{\"@id\":\"https:\/\/infoecos.com.ar\/index.php\/respaldo-del-gobernador-kicillof-a-la-intendenta-de-quilmes-mayra-mendoza\/\"},\"author\":{\"name\":\"Jorge Matheus\",\"@id\":\"https:\/\/infoecos.com.ar\/#\/schema\/person\/8f5ace5ce73b4b4aac4b7245aee6f191\"},\"headline\":\"Respaldo del gobernador Kicillof a la intendenta de Quilmes, Mayra Mendoza\",\"datePublished\":\"2022-05-31T01:03:11+00:00\",\"dateModified\":\"2022-06-01T03:08:50+00:00\",\"mainEntityOfPage\":{\"@id\":\"https:\/\/infoecos.com.ar\/index.php\/respaldo-del-gobernador-kicillof-a-la-intendenta-de-quilmes-mayra-mendoza\/\"},\"wordCount\":344,\"publisher\":{\"@id\":\"https:\/\/infoecos.com.ar\/#organization\"},\"image\":{\"@id\":\"https:\/\/infoecos.com.ar\/index.php\/respaldo-del-gobernador-kicillof-a-la-intendenta-de-quilmes-mayra-mendoza\/#primaryimage\"},\"thumbnailUrl\":\"https:\/\/infoecos.com.ar\/wp-content\/uploads\/2022\/05\/kicillof-Mayra-696x463-1.jpg\",\"keywords\":[\"pol\u00edtica - gobernaci\u00f3n\"],\"articleSection\":[\"Bloque inferior - 13\"],\"inLanguage\":\"es\"},{\"@type\":\"WebPage\",\"@id\":\"https:\/\/infoecos.com.ar\/index.php\/respaldo-del-gobernador-kicillof-a-la-intendenta-de-quilmes-mayra-mendoza\/\",\"url\":\"https:\/\/infoecos.com.ar\/index.php\/respaldo-del-gobernador-kicillof-a-la-intendenta-de-quilmes-mayra-mendoza\/\",\"name\":\"Respaldo del gobernador Kicillof a la intendenta de Quilmes, Mayra Mendoza - Infoecos\",\"isPartOf\":{\"@id\":\"https:\/\/infoecos.com.ar\/#website\"},\"primaryImageOfPage\":{\"@id\":\"https:\/\/infoecos.com.ar\/index.php\/respaldo-del-gobernador-kicillof-a-la-intendenta-de-quilmes-mayra-mendoza\/#primaryimage\"},\"image\":{\"@id\":\"https:\/\/infoecos.com.ar\/index.php\/respaldo-del-gobernador-kicillof-a-la-intendenta-de-quilmes-mayra-mendoza\/#primaryimage\"},\"thumbnailUrl\":\"https:\/\/infoecos.com.ar\/wp-content\/uploads\/2022\/05\/kicillof-Mayra-696x463-1.jpg\",\"datePublished\":\"2022-05-31T01:03:11+00:00\",\"dateModified\":\"2022-06-01T03:08:50+00:00\",\"breadcrumb\":{\"@id\":\"https:\/\/infoecos.com.ar\/index.php\/respaldo-del-gobernador-kicillof-a-la-intendenta-de-quilmes-mayra-mendoza\/#breadcrumb\"},\"inLanguage\":\"es\",\"potentialAction\":[{\"@type\":\"ReadAction\",\"target\":[\"https:\/\/infoecos.com.ar\/index.php\/respaldo-del-gobernador-kicillof-a-la-intendenta-de-quilmes-mayra-mendoza\/\"]}]},{\"@type\":\"ImageObject\",\"inLanguage\":\"es\",\"@id\":\"https:\/\/infoecos.com.ar\/index.php\/respaldo-del-gobernador-kicillof-a-la-intendenta-de-quilmes-mayra-mendoza\/#primaryimage\",\"url\":\"https:\/\/infoecos.com.ar\/wp-content\/uploads\/2022\/05\/kicillof-Mayra-696x463-1.jpg\",\"contentUrl\":\"https:\/\/infoecos.com.ar\/wp-content\/uploads\/2022\/05\/kicillof-Mayra-696x463-1.jpg\",\"width\":696,\"height\":463},{\"@type\":\"BreadcrumbList\",\"@id\":\"https:\/\/infoecos.com.ar\/index.php\/respaldo-del-gobernador-kicillof-a-la-intendenta-de-quilmes-mayra-mendoza\/#breadcrumb\",\"itemListElement\":[{\"@type\":\"ListItem\",\"position\":1,\"name\":\"Portada\",\"item\":\"https:\/\/infoecos.com.ar\/\"},{\"@type\":\"ListItem\",\"position\":2,\"name\":\"Respaldo del gobernador Kicillof a la intendenta de Quilmes, Mayra Mendoza\"}]},{\"@type\":\"WebSite\",\"@id\":\"https:\/\/infoecos.com.ar\/#website\",\"url\":\"https:\/\/infoecos.com.ar\/\",\"name\":\"Infoecos\",\"description\":\"Noticias de trenque lauquen y la zona\",\"publisher\":{\"@id\":\"https:\/\/infoecos.com.ar\/#organization\"},\"alternateName\":\"Noticias\",\"potentialAction\":[{\"@type\":\"SearchAction\",\"target\":{\"@type\":\"EntryPoint\",\"urlTemplate\":\"https:\/\/infoecos.com.ar\/?s={search_term_string}\"},\"query-input\":{\"@type\":\"PropertyValueSpecification\",\"valueRequired\":true,\"valueName\":\"search_term_string\"}}],\"inLanguage\":\"es\"},{\"@type\":\"Organization\",\"@id\":\"https:\/\/infoecos.com.ar\/#organization\",\"name\":\"Infoecos\",\"alternateName\":\"Noticias\",\"url\":\"https:\/\/infoecos.com.ar\/\",\"logo\":{\"@type\":\"ImageObject\",\"inLanguage\":\"es\",\"@id\":\"https:\/\/infoecos.com.ar\/#\/schema\/logo\/image\/\",\"url\":\"https:\/\/infoecos.com.ar\/wp-content\/uploads\/2024\/03\/cropped-logo.png\",\"contentUrl\":\"https:\/\/infoecos.com.ar\/wp-content\/uploads\/2024\/03\/cropped-logo.png\",\"width\":374,\"height\":90,\"caption\":\"Infoecos\"},\"image\":{\"@id\":\"https:\/\/infoecos.com.ar\/#\/schema\/logo\/image\/\"},\"sameAs\":[\"https:\/\/www.facebook.com\/profile.php?id=100063200290284\",\"https:\/\/x.com\/infoecos\"]},{\"@type\":\"Person\",\"@id\":\"https:\/\/infoecos.com.ar\/#\/schema\/person\/8f5ace5ce73b4b4aac4b7245aee6f191\",\"name\":\"Jorge Matheus\",\"url\":\"https:\/\/infoecos.com.ar\/index.php\/author\/jomatheus\/\"}]}<\/script>\n<!-- \/ Yoast SEO plugin. -->","yoast_head_json":{"title":"Respaldo del gobernador Kicillof a la intendenta de Quilmes, Mayra Mendoza - Infoecos","robots":{"index":"index","follow":"follow","max-snippet":"max-snippet:-1","max-image-preview":"max-image-preview:large","max-video-preview":"max-video-preview:-1"},"canonical":"https:\/\/infoecos.com.ar\/index.php\/respaldo-del-gobernador-kicillof-a-la-intendenta-de-quilmes-mayra-mendoza\/","og_locale":"es_ES","og_type":"article","og_title":"Respaldo del gobernador Kicillof a la intendenta de Quilmes, Mayra Mendoza - Infoecos","og_description":"El gobernador de la provincia de Buenos Aires, Axel Kicillof, present\u00f3 la siguiente etapa del programa que nuclea el trabajo de j\u00f3venes voluntarios en el territorio bonaerense","og_url":"https:\/\/infoecos.com.ar\/index.php\/respaldo-del-gobernador-kicillof-a-la-intendenta-de-quilmes-mayra-mendoza\/","og_site_name":"Infoecos","article_publisher":"https:\/\/www.facebook.com\/profile.php?id=100063200290284","article_published_time":"2022-05-31T01:03:11+00:00","article_modified_time":"2022-06-01T03:08:50+00:00","og_image":[{"width":696,"height":463,"url":"https:\/\/infoecos.com.ar\/wp-content\/uploads\/2022\/05\/kicillof-Mayra-696x463-1.jpg","type":"image\/jpeg"}],"author":"Jorge Matheus","twitter_card":"summary_large_image","twitter_creator":"@infoecos","twitter_site":"@infoecos","twitter_misc":{"Escrito por":"Jorge Matheus","Tiempo de lectura":"2 minutos"},"schema":{"@context":"https:\/\/schema.org","@graph":[{"@type":"Article","@id":"https:\/\/infoecos.com.ar\/index.php\/respaldo-del-gobernador-kicillof-a-la-intendenta-de-quilmes-mayra-mendoza\/#article","isPartOf":{"@id":"https:\/\/infoecos.com.ar\/index.php\/respaldo-del-gobernador-kicillof-a-la-intendenta-de-quilmes-mayra-mendoza\/"},"author":{"name":"Jorge Matheus","@id":"https:\/\/infoecos.com.ar\/#\/schema\/person\/8f5ace5ce73b4b4aac4b7245aee6f191"},"headline":"Respaldo del gobernador Kicillof a la intendenta de Quilmes, Mayra Mendoza","datePublished":"2022-05-31T01:03:11+00:00","dateModified":"2022-06-01T03:08:50+00:00","mainEntityOfPage":{"@id":"https:\/\/infoecos.com.ar\/index.php\/respaldo-del-gobernador-kicillof-a-la-intendenta-de-quilmes-mayra-mendoza\/"},"wordCount":344,"publisher":{"@id":"https:\/\/infoecos.com.ar\/#organization"},"image":{"@id":"https:\/\/infoecos.com.ar\/index.php\/respaldo-del-gobernador-kicillof-a-la-intendenta-de-quilmes-mayra-mendoza\/#primaryimage"},"thumbnailUrl":"https:\/\/infoecos.com.ar\/wp-content\/uploads\/2022\/05\/kicillof-Mayra-696x463-1.jpg","keywords":["pol\u00edtica - gobernaci\u00f3n"],"articleSection":["Bloque inferior - 13"],"inLanguage":"es"},{"@type":"WebPage","@id":"https:\/\/infoecos.com.ar\/index.php\/respaldo-del-gobernador-kicillof-a-la-intendenta-de-quilmes-mayra-mendoza\/","url":"https:\/\/infoecos.com.ar\/index.php\/respaldo-del-gobernador-kicillof-a-la-intendenta-de-quilmes-mayra-mendoza\/","name":"Respaldo del gobernador Kicillof a la intendenta de Quilmes, Mayra Mendoza - Infoecos","isPartOf":{"@id":"https:\/\/infoecos.com.ar\/#website"},"primaryImageOfPage":{"@id":"https:\/\/infoecos.com.ar\/index.php\/respaldo-del-gobernador-kicillof-a-la-intendenta-de-quilmes-mayra-mendoza\/#primaryimage"},"image":{"@id":"https:\/\/infoecos.com.ar\/index.php\/respaldo-del-gobernador-kicillof-a-la-intendenta-de-quilmes-mayra-mendoza\/#primaryimage"},"thumbnailUrl":"https:\/\/infoecos.com.ar\/wp-content\/uploads\/2022\/05\/kicillof-Mayra-696x463-1.jpg","datePublished":"2022-05-31T01:03:11+00:00","dateModified":"2022-06-01T03:08:50+00:00","breadcrumb":{"@id":"https:\/\/infoecos.com.ar\/index.php\/respaldo-del-gobernador-kicillof-a-la-intendenta-de-quilmes-mayra-mendoza\/#breadcrumb"},"inLanguage":"es","potentialAction":[{"@type":"ReadAction","target":["https:\/\/infoecos.com.ar\/index.php\/respaldo-del-gobernador-kicillof-a-la-intendenta-de-quilmes-mayra-mendoza\/"]}]},{"@type":"ImageObject","inLanguage":"es","@id":"https:\/\/infoecos.com.ar\/index.php\/respaldo-del-gobernador-kicillof-a-la-intendenta-de-quilmes-mayra-mendoza\/#primaryimage","url":"https:\/\/infoecos.com.ar\/wp-content\/uploads\/2022\/05\/kicillof-Mayra-696x463-1.jpg","contentUrl":"https:\/\/infoecos.com.ar\/wp-content\/uploads\/2022\/05\/kicillof-Mayra-696x463-1.jpg","width":696,"height":463},{"@type":"BreadcrumbList","@id":"https:\/\/infoecos.com.ar\/index.php\/respaldo-del-gobernador-kicillof-a-la-intendenta-de-quilmes-mayra-mendoza\/#breadcrumb","itemListElement":[{"@type":"ListItem","position":1,"name":"Portada","item":"https:\/\/infoecos.com.ar\/"},{"@type":"ListItem","position":2,"name":"Respaldo del gobernador Kicillof a la intendenta de Quilmes, Mayra Mendoza"}]},{"@type":"WebSite","@id":"https:\/\/infoecos.com.ar\/#website","url":"https:\/\/infoecos.com.ar\/","name":"Infoecos","description":"Noticias de trenque lauquen y la zona","publisher":{"@id":"https:\/\/infoecos.com.ar\/#organization"},"alternateName":"Noticias","potentialAction":[{"@type":"SearchAction","target":{"@type":"EntryPoint","urlTemplate":"https:\/\/infoecos.com.ar\/?s={search_term_string}"},"query-input":{"@type":"PropertyValueSpecification","valueRequired":true,"valueName":"search_term_string"}}],"inLanguage":"es"},{"@type":"Organization","@id":"https:\/\/infoecos.com.ar\/#organization","name":"Infoecos","alternateName":"Noticias","url":"https:\/\/infoecos.com.ar\/","logo":{"@type":"ImageObject","inLanguage":"es","@id":"https:\/\/infoecos.com.ar\/#\/schema\/logo\/image\/","url":"https:\/\/infoecos.com.ar\/wp-content\/uploads\/2024\/03\/cropped-logo.png","contentUrl":"https:\/\/infoecos.com.ar\/wp-content\/uploads\/2024\/03\/cropped-logo.png","width":374,"height":90,"caption":"Infoecos"},"image":{"@id":"https:\/\/infoecos.com.ar\/#\/schema\/logo\/image\/"},"sameAs":["https:\/\/www.facebook.com\/profile.php?id=100063200290284","https:\/\/x.com\/infoecos"]},{"@type":"Person","@id":"https:\/\/infoecos.com.ar\/#\/schema\/person\/8f5ace5ce73b4b4aac4b7245aee6f191","name":"Jorge Matheus","url":"https:\/\/infoecos.com.ar\/index.php\/author\/jomatheus\/"}]}},"featured_image_urls":{"full":["https:\/\/infoecos.com.ar\/wp-content\/uploads\/2022\/05\/kicillof-Mayra-696x463-1.jpg",696,463,false],"thumbnail":["https:\/\/infoecos.com.ar\/wp-content\/uploads\/2022\/05\/kicillof-Mayra-696x463-1-150x150.jpg",150,150,true],"medium":["https:\/\/infoecos.com.ar\/wp-content\/uploads\/2022\/05\/kicillof-Mayra-696x463-1-460x306.jpg",460,306,true],"medium_large":["https:\/\/infoecos.com.ar\/wp-content\/uploads\/2022\/05\/kicillof-Mayra-696x463-1.jpg",640,426,false],"large":["https:\/\/infoecos.com.ar\/wp-content\/uploads\/2022\/05\/kicillof-Mayra-696x463-1.jpg",640,426,false],"1536x1536":["https:\/\/infoecos.com.ar\/wp-content\/uploads\/2022\/05\/kicillof-Mayra-696x463-1.jpg",696,463,false],"2048x2048":["https:\/\/infoecos.com.ar\/wp-content\/uploads\/2022\/05\/kicillof-Mayra-696x463-1.jpg",696,463,false],"covernews-slider-full":["https:\/\/infoecos.com.ar\/wp-content\/uploads\/2022\/05\/kicillof-Mayra-696x463-1.jpg",696,463,false],"covernews-slider-center":["https:\/\/infoecos.com.ar\/wp-content\/uploads\/2022\/05\/kicillof-Mayra-696x463-1.jpg",696,463,false],"covernews-featured":["https:\/\/infoecos.com.ar\/wp-content\/uploads\/2022\/05\/kicillof-Mayra-696x463-1.jpg",696,463,false],"covernews-medium":["https:\/\/infoecos.com.ar\/wp-content\/uploads\/2022\/05\/kicillof-Mayra-696x463-1-696x380.jpg",540,295,true],"covernews-medium-square":["https:\/\/infoecos.com.ar\/wp-content\/uploads\/2022\/05\/kicillof-Mayra-696x463-1-675x450.jpg",375,250,true]},"author_info":{"info":["Jorge Matheus"]},"category_info":"<a href=\"https:\/\/infoecos.com.ar\/index.php\/category\/inferior13\/\" rel=\"category tag\">Bloque inferior - 13<\/a>","tag_info":"Bloque inferior - 13","comment_count":"0","_links":{"self":[{"href":"https:\/\/infoecos.com.ar\/index.php\/wp-json\/wp\/v2\/posts\/93160"}],"collection":[{"href":"https:\/\/infoecos.com.ar\/index.php\/wp-json\/wp\/v2\/posts"}],"about":[{"href":"https:\/\/infoecos.com.ar\/index.php\/wp-json\/wp\/v2\/types\/post"}],"author":[{"embeddable":true,"href":"https:\/\/infoecos.com.ar\/index.php\/wp-json\/wp\/v2\/users\/2"}],"replies":[{"embeddable":true,"href":"https:\/\/infoecos.com.ar\/index.php\/wp-json\/wp\/v2\/comments?post=93160"}],"version-history":[{"count":2,"href":"https:\/\/infoecos.com.ar\/index.php\/wp-json\/wp\/v2\/posts\/93160\/revisions"}],"predecessor-version":[{"id":93256,"href":"https:\/\/infoecos.com.ar\/index.php\/wp-json\/wp\/v2\/posts\/93160\/revisions\/93256"}],"wp:featuredmedia":[{"embeddable":true,"href":"https:\/\/infoecos.com.ar\/index.php\/wp-json\/wp\/v2\/media\/93161"}],"wp:attachment":[{"href":"https:\/\/infoecos.com.ar\/index.php\/wp-json\/wp\/v2\/media?parent=93160"}],"wp:term":[{"taxonomy":"category","embeddable":true,"href":"https:\/\/infoecos.com.ar\/index.php\/wp-json\/wp\/v2\/categories?post=93160"},{"taxonomy":"post_tag","embeddable":true,"href":"https:\/\/infoecos.com.ar\/index.php\/wp-json\/wp\/v2\/tags?post=93160"}],"curies":[{"name":"wp","href":"https:\/\/api.w.org\/{rel}","templated":true}]}}