{"id":93194,"date":"2022-05-31T02:33:05","date_gmt":"2022-05-31T05:33:05","guid":{"rendered":"http:\/\/infoecos.com.ar\/?p=93194"},"modified":"2022-06-01T01:43:14","modified_gmt":"2022-06-01T04:43:14","slug":"patricio-garcia-hablo-de-las-obras-que-se-realizaran-en-el-campamento-vial-de-general-villegas","status":"publish","type":"post","link":"https:\/\/infoecos.com.ar\/index.php\/patricio-garcia-hablo-de-las-obras-que-se-realizaran-en-el-campamento-vial-de-general-villegas\/","title":{"rendered":"Patricio Garc\u00eda habl\u00f3 de las obras que se realizar\u00e1n en el Campamento Vial de General Villegas"},"content":{"rendered":"\n<p>El Gerente de Regiones de Vialidad Nacional, Patricio Garc\u00eda, en su cuenta de Facebook se refiri\u00f3 a los trabajos que se realizar\u00e1 en el Campamento Vial de General Villegas.<\/p>\n\n\n\n<div class=\"wp-block-image\"><figure class=\"aligncenter size-large is-resized\"><img loading=\"lazy\" decoding=\"async\" src=\"http:\/\/infoecos.com.ar\/wp-content\/uploads\/2022\/05\/patriciogarcia-920x625.jpg\" alt=\"\" class=\"wp-image-93195\" width=\"499\" height=\"338\" srcset=\"https:\/\/infoecos.com.ar\/wp-content\/uploads\/2022\/05\/patriciogarcia-920x625.jpg 920w, https:\/\/infoecos.com.ar\/wp-content\/uploads\/2022\/05\/patriciogarcia-460x312.jpg 460w, https:\/\/infoecos.com.ar\/wp-content\/uploads\/2022\/05\/patriciogarcia-768x522.jpg 768w, https:\/\/infoecos.com.ar\/wp-content\/uploads\/2022\/05\/patriciogarcia-1024x695.jpg 1024w, https:\/\/infoecos.com.ar\/wp-content\/uploads\/2022\/05\/patriciogarcia.jpg 1125w\" sizes=\"(max-width: 499px) 100vw, 499px\" \/><\/figure><\/div>\n\n\n\n<p>El funcionario nacional anunci\u00f3 que se \u00abconstruir\u00e1 una vivienda con dos plantas y 8 habitaciones para los trabajadores viales y un taller para la refacci\u00f3n de maquinar\u00edas que se utilizan en la conservaci\u00f3n y mantenimiento de las rutas\u00bb.<\/p>\n\n\n\n<p>El campamento est\u00e1 ubicado en la intersecci\u00f3n de las rutas nacionales n\u00famero 33 y 188.<\/p>\n","protected":false},"excerpt":{"rendered":"<p>El funcionario nacional anunci\u00f3 que se \u00abconstruir\u00e1 una vivienda con dos plantas y 8 habitaciones para los trabajadores viales y un taller para la refacci\u00f3n de maquinar\u00edas que se utilizan en la conservaci\u00f3n y mantenimiento de las rutas\u00bb<\/p>\n","protected":false},"author":2,"featured_media":93195,"comment_status":"closed","ping_status":"open","sticky":false,"template":"","format":"standard","meta":{"footnotes":""},"categories":[50],"tags":[6139],"class_list":["post-93194","post","type-post","status-publish","format-standard","has-post-thumbnail","hentry","category-c1nota4","tag-vialidad-obras"],"yoast_head":"<!-- This site is optimized with the Yoast SEO plugin v23.4 - https:\/\/yoast.com\/wordpress\/plugins\/seo\/ -->\n<title>Patricio Garc\u00eda habl\u00f3 de las obras que se realizar\u00e1n en el Campamento Vial de General Villegas - Infoecos<\/title>\n<meta name=\"robots\" content=\"index, follow, max-snippet:-1, max-image-preview:large, max-video-preview:-1\" \/>\n<link rel=\"canonical\" href=\"https:\/\/infoecos.com.ar\/index.php\/patricio-garcia-hablo-de-las-obras-que-se-realizaran-en-el-campamento-vial-de-general-villegas\/\" \/>\n<meta property=\"og:locale\" content=\"es_ES\" \/>\n<meta property=\"og:type\" content=\"article\" \/>\n<meta property=\"og:title\" content=\"Patricio Garc\u00eda habl\u00f3 de las obras que se realizar\u00e1n en el Campamento Vial de General Villegas - Infoecos\" \/>\n<meta property=\"og:description\" content=\"El funcionario nacional anunci\u00f3 que se &quot;construir\u00e1 una vivienda con dos plantas y 8 habitaciones para los trabajadores viales y un taller para la refacci\u00f3n de maquinar\u00edas que se utilizan en la conservaci\u00f3n y mantenimiento de las rutas&quot;\" \/>\n<meta property=\"og:url\" content=\"https:\/\/infoecos.com.ar\/index.php\/patricio-garcia-hablo-de-las-obras-que-se-realizaran-en-el-campamento-vial-de-general-villegas\/\" \/>\n<meta property=\"og:site_name\" content=\"Infoecos\" \/>\n<meta property=\"article:publisher\" content=\"https:\/\/www.facebook.com\/profile.php?id=100063200290284\" \/>\n<meta property=\"article:published_time\" content=\"2022-05-31T05:33:05+00:00\" \/>\n<meta property=\"article:modified_time\" content=\"2022-06-01T04:43:14+00:00\" \/>\n<meta property=\"og:image\" content=\"https:\/\/infoecos.com.ar\/wp-content\/uploads\/2022\/05\/patriciogarcia.jpg\" \/>\n\t<meta property=\"og:image:width\" content=\"1125\" \/>\n\t<meta property=\"og:image:height\" content=\"764\" \/>\n\t<meta property=\"og:image:type\" content=\"image\/jpeg\" \/>\n<meta name=\"author\" content=\"Jorge Matheus\" \/>\n<meta name=\"twitter:card\" content=\"summary_large_image\" \/>\n<meta name=\"twitter:creator\" content=\"@infoecos\" \/>\n<meta name=\"twitter:site\" content=\"@infoecos\" \/>\n<meta name=\"twitter:label1\" content=\"Escrito por\" \/>\n\t<meta name=\"twitter:data1\" content=\"Jorge Matheus\" \/>\n<script type=\"application\/ld+json\" class=\"yoast-schema-graph\">{\"@context\":\"https:\/\/schema.org\",\"@graph\":[{\"@type\":\"Article\",\"@id\":\"https:\/\/infoecos.com.ar\/index.php\/patricio-garcia-hablo-de-las-obras-que-se-realizaran-en-el-campamento-vial-de-general-villegas\/#article\",\"isPartOf\":{\"@id\":\"https:\/\/infoecos.com.ar\/index.php\/patricio-garcia-hablo-de-las-obras-que-se-realizaran-en-el-campamento-vial-de-general-villegas\/\"},\"author\":{\"name\":\"Jorge Matheus\",\"@id\":\"https:\/\/infoecos.com.ar\/#\/schema\/person\/8f5ace5ce73b4b4aac4b7245aee6f191\"},\"headline\":\"Patricio Garc\u00eda habl\u00f3 de las obras que se realizar\u00e1n en el Campamento Vial de General Villegas\",\"datePublished\":\"2022-05-31T05:33:05+00:00\",\"dateModified\":\"2022-06-01T04:43:14+00:00\",\"mainEntityOfPage\":{\"@id\":\"https:\/\/infoecos.com.ar\/index.php\/patricio-garcia-hablo-de-las-obras-que-se-realizaran-en-el-campamento-vial-de-general-villegas\/\"},\"wordCount\":103,\"publisher\":{\"@id\":\"https:\/\/infoecos.com.ar\/#organization\"},\"image\":{\"@id\":\"https:\/\/infoecos.com.ar\/index.php\/patricio-garcia-hablo-de-las-obras-que-se-realizaran-en-el-campamento-vial-de-general-villegas\/#primaryimage\"},\"thumbnailUrl\":\"https:\/\/infoecos.com.ar\/wp-content\/uploads\/2022\/05\/patriciogarcia.jpg\",\"keywords\":[\"VIALIDAD - OBRAS\"],\"articleSection\":[\"C1 N4\"],\"inLanguage\":\"es\"},{\"@type\":\"WebPage\",\"@id\":\"https:\/\/infoecos.com.ar\/index.php\/patricio-garcia-hablo-de-las-obras-que-se-realizaran-en-el-campamento-vial-de-general-villegas\/\",\"url\":\"https:\/\/infoecos.com.ar\/index.php\/patricio-garcia-hablo-de-las-obras-que-se-realizaran-en-el-campamento-vial-de-general-villegas\/\",\"name\":\"Patricio Garc\u00eda habl\u00f3 de las obras que se realizar\u00e1n en el Campamento Vial de General Villegas - Infoecos\",\"isPartOf\":{\"@id\":\"https:\/\/infoecos.com.ar\/#website\"},\"primaryImageOfPage\":{\"@id\":\"https:\/\/infoecos.com.ar\/index.php\/patricio-garcia-hablo-de-las-obras-que-se-realizaran-en-el-campamento-vial-de-general-villegas\/#primaryimage\"},\"image\":{\"@id\":\"https:\/\/infoecos.com.ar\/index.php\/patricio-garcia-hablo-de-las-obras-que-se-realizaran-en-el-campamento-vial-de-general-villegas\/#primaryimage\"},\"thumbnailUrl\":\"https:\/\/infoecos.com.ar\/wp-content\/uploads\/2022\/05\/patriciogarcia.jpg\",\"datePublished\":\"2022-05-31T05:33:05+00:00\",\"dateModified\":\"2022-06-01T04:43:14+00:00\",\"breadcrumb\":{\"@id\":\"https:\/\/infoecos.com.ar\/index.php\/patricio-garcia-hablo-de-las-obras-que-se-realizaran-en-el-campamento-vial-de-general-villegas\/#breadcrumb\"},\"inLanguage\":\"es\",\"potentialAction\":[{\"@type\":\"ReadAction\",\"target\":[\"https:\/\/infoecos.com.ar\/index.php\/patricio-garcia-hablo-de-las-obras-que-se-realizaran-en-el-campamento-vial-de-general-villegas\/\"]}]},{\"@type\":\"ImageObject\",\"inLanguage\":\"es\",\"@id\":\"https:\/\/infoecos.com.ar\/index.php\/patricio-garcia-hablo-de-las-obras-que-se-realizaran-en-el-campamento-vial-de-general-villegas\/#primaryimage\",\"url\":\"https:\/\/infoecos.com.ar\/wp-content\/uploads\/2022\/05\/patriciogarcia.jpg\",\"contentUrl\":\"https:\/\/infoecos.com.ar\/wp-content\/uploads\/2022\/05\/patriciogarcia.jpg\",\"width\":1125,\"height\":764},{\"@type\":\"BreadcrumbList\",\"@id\":\"https:\/\/infoecos.com.ar\/index.php\/patricio-garcia-hablo-de-las-obras-que-se-realizaran-en-el-campamento-vial-de-general-villegas\/#breadcrumb\",\"itemListElement\":[{\"@type\":\"ListItem\",\"position\":1,\"name\":\"Portada\",\"item\":\"https:\/\/infoecos.com.ar\/\"},{\"@type\":\"ListItem\",\"position\":2,\"name\":\"Patricio Garc\u00eda habl\u00f3 de las obras que se realizar\u00e1n en el Campamento Vial de General Villegas\"}]},{\"@type\":\"WebSite\",\"@id\":\"https:\/\/infoecos.com.ar\/#website\",\"url\":\"https:\/\/infoecos.com.ar\/\",\"name\":\"Infoecos\",\"description\":\"Noticias de trenque lauquen y la zona\",\"publisher\":{\"@id\":\"https:\/\/infoecos.com.ar\/#organization\"},\"alternateName\":\"Noticias\",\"potentialAction\":[{\"@type\":\"SearchAction\",\"target\":{\"@type\":\"EntryPoint\",\"urlTemplate\":\"https:\/\/infoecos.com.ar\/?s={search_term_string}\"},\"query-input\":{\"@type\":\"PropertyValueSpecification\",\"valueRequired\":true,\"valueName\":\"search_term_string\"}}],\"inLanguage\":\"es\"},{\"@type\":\"Organization\",\"@id\":\"https:\/\/infoecos.com.ar\/#organization\",\"name\":\"Infoecos\",\"alternateName\":\"Noticias\",\"url\":\"https:\/\/infoecos.com.ar\/\",\"logo\":{\"@type\":\"ImageObject\",\"inLanguage\":\"es\",\"@id\":\"https:\/\/infoecos.com.ar\/#\/schema\/logo\/image\/\",\"url\":\"https:\/\/infoecos.com.ar\/wp-content\/uploads\/2024\/03\/cropped-logo.png\",\"contentUrl\":\"https:\/\/infoecos.com.ar\/wp-content\/uploads\/2024\/03\/cropped-logo.png\",\"width\":374,\"height\":90,\"caption\":\"Infoecos\"},\"image\":{\"@id\":\"https:\/\/infoecos.com.ar\/#\/schema\/logo\/image\/\"},\"sameAs\":[\"https:\/\/www.facebook.com\/profile.php?id=100063200290284\",\"https:\/\/x.com\/infoecos\"]},{\"@type\":\"Person\",\"@id\":\"https:\/\/infoecos.com.ar\/#\/schema\/person\/8f5ace5ce73b4b4aac4b7245aee6f191\",\"name\":\"Jorge Matheus\",\"url\":\"https:\/\/infoecos.com.ar\/index.php\/author\/jomatheus\/\"}]}<\/script>\n<!-- \/ Yoast SEO plugin. -->","yoast_head_json":{"title":"Patricio Garc\u00eda habl\u00f3 de las obras que se realizar\u00e1n en el Campamento Vial de General Villegas - Infoecos","robots":{"index":"index","follow":"follow","max-snippet":"max-snippet:-1","max-image-preview":"max-image-preview:large","max-video-preview":"max-video-preview:-1"},"canonical":"https:\/\/infoecos.com.ar\/index.php\/patricio-garcia-hablo-de-las-obras-que-se-realizaran-en-el-campamento-vial-de-general-villegas\/","og_locale":"es_ES","og_type":"article","og_title":"Patricio Garc\u00eda habl\u00f3 de las obras que se realizar\u00e1n en el Campamento Vial de General Villegas - Infoecos","og_description":"El funcionario nacional anunci\u00f3 que se \"construir\u00e1 una vivienda con dos plantas y 8 habitaciones para los trabajadores viales y un taller para la refacci\u00f3n de maquinar\u00edas que se utilizan en la conservaci\u00f3n y mantenimiento de las rutas\"","og_url":"https:\/\/infoecos.com.ar\/index.php\/patricio-garcia-hablo-de-las-obras-que-se-realizaran-en-el-campamento-vial-de-general-villegas\/","og_site_name":"Infoecos","article_publisher":"https:\/\/www.facebook.com\/profile.php?id=100063200290284","article_published_time":"2022-05-31T05:33:05+00:00","article_modified_time":"2022-06-01T04:43:14+00:00","og_image":[{"width":1125,"height":764,"url":"https:\/\/infoecos.com.ar\/wp-content\/uploads\/2022\/05\/patriciogarcia.jpg","type":"image\/jpeg"}],"author":"Jorge Matheus","twitter_card":"summary_large_image","twitter_creator":"@infoecos","twitter_site":"@infoecos","twitter_misc":{"Escrito por":"Jorge Matheus"},"schema":{"@context":"https:\/\/schema.org","@graph":[{"@type":"Article","@id":"https:\/\/infoecos.com.ar\/index.php\/patricio-garcia-hablo-de-las-obras-que-se-realizaran-en-el-campamento-vial-de-general-villegas\/#article","isPartOf":{"@id":"https:\/\/infoecos.com.ar\/index.php\/patricio-garcia-hablo-de-las-obras-que-se-realizaran-en-el-campamento-vial-de-general-villegas\/"},"author":{"name":"Jorge Matheus","@id":"https:\/\/infoecos.com.ar\/#\/schema\/person\/8f5ace5ce73b4b4aac4b7245aee6f191"},"headline":"Patricio Garc\u00eda habl\u00f3 de las obras que se realizar\u00e1n en el Campamento Vial de General Villegas","datePublished":"2022-05-31T05:33:05+00:00","dateModified":"2022-06-01T04:43:14+00:00","mainEntityOfPage":{"@id":"https:\/\/infoecos.com.ar\/index.php\/patricio-garcia-hablo-de-las-obras-que-se-realizaran-en-el-campamento-vial-de-general-villegas\/"},"wordCount":103,"publisher":{"@id":"https:\/\/infoecos.com.ar\/#organization"},"image":{"@id":"https:\/\/infoecos.com.ar\/index.php\/patricio-garcia-hablo-de-las-obras-que-se-realizaran-en-el-campamento-vial-de-general-villegas\/#primaryimage"},"thumbnailUrl":"https:\/\/infoecos.com.ar\/wp-content\/uploads\/2022\/05\/patriciogarcia.jpg","keywords":["VIALIDAD - OBRAS"],"articleSection":["C1 N4"],"inLanguage":"es"},{"@type":"WebPage","@id":"https:\/\/infoecos.com.ar\/index.php\/patricio-garcia-hablo-de-las-obras-que-se-realizaran-en-el-campamento-vial-de-general-villegas\/","url":"https:\/\/infoecos.com.ar\/index.php\/patricio-garcia-hablo-de-las-obras-que-se-realizaran-en-el-campamento-vial-de-general-villegas\/","name":"Patricio Garc\u00eda habl\u00f3 de las obras que se realizar\u00e1n en el Campamento Vial de General Villegas - Infoecos","isPartOf":{"@id":"https:\/\/infoecos.com.ar\/#website"},"primaryImageOfPage":{"@id":"https:\/\/infoecos.com.ar\/index.php\/patricio-garcia-hablo-de-las-obras-que-se-realizaran-en-el-campamento-vial-de-general-villegas\/#primaryimage"},"image":{"@id":"https:\/\/infoecos.com.ar\/index.php\/patricio-garcia-hablo-de-las-obras-que-se-realizaran-en-el-campamento-vial-de-general-villegas\/#primaryimage"},"thumbnailUrl":"https:\/\/infoecos.com.ar\/wp-content\/uploads\/2022\/05\/patriciogarcia.jpg","datePublished":"2022-05-31T05:33:05+00:00","dateModified":"2022-06-01T04:43:14+00:00","breadcrumb":{"@id":"https:\/\/infoecos.com.ar\/index.php\/patricio-garcia-hablo-de-las-obras-que-se-realizaran-en-el-campamento-vial-de-general-villegas\/#breadcrumb"},"inLanguage":"es","potentialAction":[{"@type":"ReadAction","target":["https:\/\/infoecos.com.ar\/index.php\/patricio-garcia-hablo-de-las-obras-que-se-realizaran-en-el-campamento-vial-de-general-villegas\/"]}]},{"@type":"ImageObject","inLanguage":"es","@id":"https:\/\/infoecos.com.ar\/index.php\/patricio-garcia-hablo-de-las-obras-que-se-realizaran-en-el-campamento-vial-de-general-villegas\/#primaryimage","url":"https:\/\/infoecos.com.ar\/wp-content\/uploads\/2022\/05\/patriciogarcia.jpg","contentUrl":"https:\/\/infoecos.com.ar\/wp-content\/uploads\/2022\/05\/patriciogarcia.jpg","width":1125,"height":764},{"@type":"BreadcrumbList","@id":"https:\/\/infoecos.com.ar\/index.php\/patricio-garcia-hablo-de-las-obras-que-se-realizaran-en-el-campamento-vial-de-general-villegas\/#breadcrumb","itemListElement":[{"@type":"ListItem","position":1,"name":"Portada","item":"https:\/\/infoecos.com.ar\/"},{"@type":"ListItem","position":2,"name":"Patricio Garc\u00eda habl\u00f3 de las obras que se realizar\u00e1n en el Campamento Vial de General Villegas"}]},{"@type":"WebSite","@id":"https:\/\/infoecos.com.ar\/#website","url":"https:\/\/infoecos.com.ar\/","name":"Infoecos","description":"Noticias de trenque lauquen y la zona","publisher":{"@id":"https:\/\/infoecos.com.ar\/#organization"},"alternateName":"Noticias","potentialAction":[{"@type":"SearchAction","target":{"@type":"EntryPoint","urlTemplate":"https:\/\/infoecos.com.ar\/?s={search_term_string}"},"query-input":{"@type":"PropertyValueSpecification","valueRequired":true,"valueName":"search_term_string"}}],"inLanguage":"es"},{"@type":"Organization","@id":"https:\/\/infoecos.com.ar\/#organization","name":"Infoecos","alternateName":"Noticias","url":"https:\/\/infoecos.com.ar\/","logo":{"@type":"ImageObject","inLanguage":"es","@id":"https:\/\/infoecos.com.ar\/#\/schema\/logo\/image\/","url":"https:\/\/infoecos.com.ar\/wp-content\/uploads\/2024\/03\/cropped-logo.png","contentUrl":"https:\/\/infoecos.com.ar\/wp-content\/uploads\/2024\/03\/cropped-logo.png","width":374,"height":90,"caption":"Infoecos"},"image":{"@id":"https:\/\/infoecos.com.ar\/#\/schema\/logo\/image\/"},"sameAs":["https:\/\/www.facebook.com\/profile.php?id=100063200290284","https:\/\/x.com\/infoecos"]},{"@type":"Person","@id":"https:\/\/infoecos.com.ar\/#\/schema\/person\/8f5ace5ce73b4b4aac4b7245aee6f191","name":"Jorge Matheus","url":"https:\/\/infoecos.com.ar\/index.php\/author\/jomatheus\/"}]}},"featured_image_urls":{"full":["https:\/\/infoecos.com.ar\/wp-content\/uploads\/2022\/05\/patriciogarcia.jpg",1125,764,false],"thumbnail":["https:\/\/infoecos.com.ar\/wp-content\/uploads\/2022\/05\/patriciogarcia-150x150.jpg",150,150,true],"medium":["https:\/\/infoecos.com.ar\/wp-content\/uploads\/2022\/05\/patriciogarcia-460x312.jpg",460,312,true],"medium_large":["https:\/\/infoecos.com.ar\/wp-content\/uploads\/2022\/05\/patriciogarcia-768x522.jpg",640,435,true],"large":["https:\/\/infoecos.com.ar\/wp-content\/uploads\/2022\/05\/patriciogarcia-920x625.jpg",640,435,true],"1536x1536":["https:\/\/infoecos.com.ar\/wp-content\/uploads\/2022\/05\/patriciogarcia.jpg",1125,764,false],"2048x2048":["https:\/\/infoecos.com.ar\/wp-content\/uploads\/2022\/05\/patriciogarcia.jpg",1125,764,false],"covernews-slider-full":["https:\/\/infoecos.com.ar\/wp-content\/uploads\/2022\/05\/patriciogarcia.jpg",1053,715,false],"covernews-slider-center":["https:\/\/infoecos.com.ar\/wp-content\/uploads\/2022\/05\/patriciogarcia-936x764.jpg",613,500,true],"covernews-featured":["https:\/\/infoecos.com.ar\/wp-content\/uploads\/2022\/05\/patriciogarcia-1024x695.jpg",1024,695,true],"covernews-medium":["https:\/\/infoecos.com.ar\/wp-content\/uploads\/2022\/05\/patriciogarcia-720x380.jpg",540,285,true],"covernews-medium-square":["https:\/\/infoecos.com.ar\/wp-content\/uploads\/2022\/05\/patriciogarcia-675x450.jpg",375,250,true]},"author_info":{"info":["Jorge Matheus"]},"category_info":"<a href=\"https:\/\/infoecos.com.ar\/index.php\/category\/c1nota4\/\" rel=\"category tag\">C1 N4<\/a>","tag_info":"C1 N4","comment_count":"0","_links":{"self":[{"href":"https:\/\/infoecos.com.ar\/index.php\/wp-json\/wp\/v2\/posts\/93194"}],"collection":[{"href":"https:\/\/infoecos.com.ar\/index.php\/wp-json\/wp\/v2\/posts"}],"about":[{"href":"https:\/\/infoecos.com.ar\/index.php\/wp-json\/wp\/v2\/types\/post"}],"author":[{"embeddable":true,"href":"https:\/\/infoecos.com.ar\/index.php\/wp-json\/wp\/v2\/users\/2"}],"replies":[{"embeddable":true,"href":"https:\/\/infoecos.com.ar\/index.php\/wp-json\/wp\/v2\/comments?post=93194"}],"version-history":[{"count":1,"href":"https:\/\/infoecos.com.ar\/index.php\/wp-json\/wp\/v2\/posts\/93194\/revisions"}],"predecessor-version":[{"id":93196,"href":"https:\/\/infoecos.com.ar\/index.php\/wp-json\/wp\/v2\/posts\/93194\/revisions\/93196"}],"wp:featuredmedia":[{"embeddable":true,"href":"https:\/\/infoecos.com.ar\/index.php\/wp-json\/wp\/v2\/media\/93195"}],"wp:attachment":[{"href":"https:\/\/infoecos.com.ar\/index.php\/wp-json\/wp\/v2\/media?parent=93194"}],"wp:term":[{"taxonomy":"category","embeddable":true,"href":"https:\/\/infoecos.com.ar\/index.php\/wp-json\/wp\/v2\/categories?post=93194"},{"taxonomy":"post_tag","embeddable":true,"href":"https:\/\/infoecos.com.ar\/index.php\/wp-json\/wp\/v2\/tags?post=93194"}],"curies":[{"name":"wp","href":"https:\/\/api.w.org\/{rel}","templated":true}]}}