{"id":93197,"date":"2022-05-31T02:51:56","date_gmt":"2022-05-31T05:51:56","guid":{"rendered":"http:\/\/infoecos.com.ar\/?p=93197"},"modified":"2022-05-31T02:56:38","modified_gmt":"2022-05-31T05:56:38","slug":"el-registro-de-temperatura-en-trenque-lauquen-pasada-la-medianoche-casi-antartico-6-grados-7-decimas-bajo-cero","status":"publish","type":"post","link":"https:\/\/infoecos.com.ar\/index.php\/el-registro-de-temperatura-en-trenque-lauquen-pasada-la-medianoche-casi-antartico-6-grados-7-decimas-bajo-cero\/","title":{"rendered":"El registro de temperatura en Trenque Lauquen, pasada la medianoche, casi \u00abant\u00e1rtico\u00bb: 6 grados 4 d\u00e9cimas bajo cero"},"content":{"rendered":"\n<p>Algunos vecinos muy memoriosos han se\u00f1alado en la madrugada de este martes que no \u00abrecordamos temperaturas tan bajas a esta hora\u00bb. <\/p>\n\n\n\n<p>Los Sensores Clim\u00e1ticos de la Municipalidad de Trenque Lauquen marcaban al cierre de este edici\u00f3n de Infoecos (02.48): 6 grados 4 d\u00e9cimas bajo cero.<\/p>\n\n\n\n<div class=\"wp-block-image\"><figure class=\"aligncenter size-large is-resized\"><img loading=\"lazy\" decoding=\"async\" src=\"http:\/\/infoecos.com.ar\/wp-content\/uploads\/2022\/05\/Screenshot_20220531-023732_Chrome_2.jpg\" alt=\"\" class=\"wp-image-93198\" width=\"518\" height=\"291\" srcset=\"https:\/\/infoecos.com.ar\/wp-content\/uploads\/2022\/05\/Screenshot_20220531-023732_Chrome_2.jpg 720w, https:\/\/infoecos.com.ar\/wp-content\/uploads\/2022\/05\/Screenshot_20220531-023732_Chrome_2-460x259.jpg 460w\" sizes=\"(max-width: 518px) 100vw, 518px\" \/><\/figure><\/div>\n\n\n\n<p>De esta manera descendi\u00f3 a\u00fan m\u00e1s que el d\u00eda anterior donde se anot\u00f3 una marca de 4 grados bajo cero con una sensaci\u00f3n t\u00e9rmica de 7 grados bajo cero.<\/p>\n\n\n\n<p>La temperatura en esta ciudad del oeste de Buenos Aires es una de las m\u00e1s bajas del territorio bonaerense. <\/p>\n\n\n\n<p>La masa de aire fr\u00edo de origen polar dej\u00f3 marcas baj\u00edsimas en algunos puntos del pa\u00eds, el lunes. El term\u00f3metro marc\u00f3 <strong>-10 en Chapelco<\/strong>, Neuqu\u00e9n; <strong>-9 en Maquinchao<\/strong>, R\u00edo Negro; <strong>-8,4 en Esquel<\/strong>, Chubut; <strong>-8,2 en Bariloche<\/strong>; <strong>-6,6 en El Bols\u00f3n<\/strong>, <strong>-5,6 en Marcos Ju\u00e1rez<\/strong>, C\u00f3rdoba;<strong> -4,5 grados en La Pampa y Santa Fe<\/strong>; <strong>-1,4 en San Luis<\/strong> y en <strong>Jun\u00edn, -1,2 en Ezeiza<\/strong> y<strong> 0,8 en Entre R\u00edos<\/strong>.<\/p>\n\n\n\n<p><\/p>\n","protected":false},"excerpt":{"rendered":"<p>Algunos vecinos muy memoriosos han se\u00f1alado en la madrugada de este martes que no \u00abrecordamos temperaturas tan bajas a esta hora\u00bb<\/p>\n","protected":false},"author":2,"featured_media":93198,"comment_status":"closed","ping_status":"open","sticky":false,"template":"","format":"standard","meta":{"footnotes":""},"categories":[1612],"tags":[],"class_list":["post-93197","post","type-post","status-publish","format-standard","has-post-thumbnail","hentry","category-noticia-principal"],"yoast_head":"<!-- This site is optimized with the Yoast SEO plugin v23.4 - https:\/\/yoast.com\/wordpress\/plugins\/seo\/ -->\n<title>El registro de temperatura en Trenque Lauquen, pasada la medianoche, casi &quot;ant\u00e1rtico&quot;: 6 grados 4 d\u00e9cimas bajo cero - Infoecos<\/title>\n<meta name=\"robots\" content=\"index, follow, max-snippet:-1, max-image-preview:large, max-video-preview:-1\" \/>\n<link rel=\"canonical\" href=\"https:\/\/infoecos.com.ar\/index.php\/el-registro-de-temperatura-en-trenque-lauquen-pasada-la-medianoche-casi-antartico-6-grados-7-decimas-bajo-cero\/\" \/>\n<meta property=\"og:locale\" content=\"es_ES\" \/>\n<meta property=\"og:type\" content=\"article\" \/>\n<meta property=\"og:title\" content=\"El registro de temperatura en Trenque Lauquen, pasada la medianoche, casi &quot;ant\u00e1rtico&quot;: 6 grados 4 d\u00e9cimas bajo cero - Infoecos\" \/>\n<meta property=\"og:description\" content=\"Algunos vecinos muy memoriosos han se\u00f1alado en la madrugada de este martes que no &quot;recordamos temperaturas tan bajas a esta hora&quot;\" \/>\n<meta property=\"og:url\" content=\"https:\/\/infoecos.com.ar\/index.php\/el-registro-de-temperatura-en-trenque-lauquen-pasada-la-medianoche-casi-antartico-6-grados-7-decimas-bajo-cero\/\" \/>\n<meta property=\"og:site_name\" content=\"Infoecos\" \/>\n<meta property=\"article:publisher\" content=\"https:\/\/www.facebook.com\/profile.php?id=100063200290284\" \/>\n<meta property=\"article:published_time\" content=\"2022-05-31T05:51:56+00:00\" \/>\n<meta property=\"article:modified_time\" content=\"2022-05-31T05:56:38+00:00\" \/>\n<meta property=\"og:image\" content=\"https:\/\/infoecos.com.ar\/wp-content\/uploads\/2022\/05\/Screenshot_20220531-023732_Chrome_2.jpg\" \/>\n\t<meta property=\"og:image:width\" content=\"720\" \/>\n\t<meta property=\"og:image:height\" content=\"405\" \/>\n\t<meta property=\"og:image:type\" content=\"image\/jpeg\" \/>\n<meta name=\"author\" content=\"Jorge Matheus\" \/>\n<meta name=\"twitter:card\" content=\"summary_large_image\" \/>\n<meta name=\"twitter:creator\" content=\"@infoecos\" \/>\n<meta name=\"twitter:site\" content=\"@infoecos\" \/>\n<meta name=\"twitter:label1\" content=\"Escrito por\" \/>\n\t<meta name=\"twitter:data1\" content=\"Jorge Matheus\" \/>\n\t<meta name=\"twitter:label2\" content=\"Tiempo de lectura\" \/>\n\t<meta name=\"twitter:data2\" content=\"1 minuto\" \/>\n<script type=\"application\/ld+json\" class=\"yoast-schema-graph\">{\"@context\":\"https:\/\/schema.org\",\"@graph\":[{\"@type\":\"Article\",\"@id\":\"https:\/\/infoecos.com.ar\/index.php\/el-registro-de-temperatura-en-trenque-lauquen-pasada-la-medianoche-casi-antartico-6-grados-7-decimas-bajo-cero\/#article\",\"isPartOf\":{\"@id\":\"https:\/\/infoecos.com.ar\/index.php\/el-registro-de-temperatura-en-trenque-lauquen-pasada-la-medianoche-casi-antartico-6-grados-7-decimas-bajo-cero\/\"},\"author\":{\"name\":\"Jorge Matheus\",\"@id\":\"https:\/\/infoecos.com.ar\/#\/schema\/person\/8f5ace5ce73b4b4aac4b7245aee6f191\"},\"headline\":\"El registro de temperatura en Trenque Lauquen, pasada la medianoche, casi \u00abant\u00e1rtico\u00bb: 6 grados 4 d\u00e9cimas bajo cero\",\"datePublished\":\"2022-05-31T05:51:56+00:00\",\"dateModified\":\"2022-05-31T05:56:38+00:00\",\"mainEntityOfPage\":{\"@id\":\"https:\/\/infoecos.com.ar\/index.php\/el-registro-de-temperatura-en-trenque-lauquen-pasada-la-medianoche-casi-antartico-6-grados-7-decimas-bajo-cero\/\"},\"wordCount\":195,\"publisher\":{\"@id\":\"https:\/\/infoecos.com.ar\/#organization\"},\"image\":{\"@id\":\"https:\/\/infoecos.com.ar\/index.php\/el-registro-de-temperatura-en-trenque-lauquen-pasada-la-medianoche-casi-antartico-6-grados-7-decimas-bajo-cero\/#primaryimage\"},\"thumbnailUrl\":\"https:\/\/infoecos.com.ar\/wp-content\/uploads\/2022\/05\/Screenshot_20220531-023732_Chrome_2.jpg\",\"articleSection\":[\"Noticia Principal\"],\"inLanguage\":\"es\"},{\"@type\":\"WebPage\",\"@id\":\"https:\/\/infoecos.com.ar\/index.php\/el-registro-de-temperatura-en-trenque-lauquen-pasada-la-medianoche-casi-antartico-6-grados-7-decimas-bajo-cero\/\",\"url\":\"https:\/\/infoecos.com.ar\/index.php\/el-registro-de-temperatura-en-trenque-lauquen-pasada-la-medianoche-casi-antartico-6-grados-7-decimas-bajo-cero\/\",\"name\":\"El registro de temperatura en Trenque Lauquen, pasada la medianoche, casi \\\"ant\u00e1rtico\\\": 6 grados 4 d\u00e9cimas bajo cero - Infoecos\",\"isPartOf\":{\"@id\":\"https:\/\/infoecos.com.ar\/#website\"},\"primaryImageOfPage\":{\"@id\":\"https:\/\/infoecos.com.ar\/index.php\/el-registro-de-temperatura-en-trenque-lauquen-pasada-la-medianoche-casi-antartico-6-grados-7-decimas-bajo-cero\/#primaryimage\"},\"image\":{\"@id\":\"https:\/\/infoecos.com.ar\/index.php\/el-registro-de-temperatura-en-trenque-lauquen-pasada-la-medianoche-casi-antartico-6-grados-7-decimas-bajo-cero\/#primaryimage\"},\"thumbnailUrl\":\"https:\/\/infoecos.com.ar\/wp-content\/uploads\/2022\/05\/Screenshot_20220531-023732_Chrome_2.jpg\",\"datePublished\":\"2022-05-31T05:51:56+00:00\",\"dateModified\":\"2022-05-31T05:56:38+00:00\",\"breadcrumb\":{\"@id\":\"https:\/\/infoecos.com.ar\/index.php\/el-registro-de-temperatura-en-trenque-lauquen-pasada-la-medianoche-casi-antartico-6-grados-7-decimas-bajo-cero\/#breadcrumb\"},\"inLanguage\":\"es\",\"potentialAction\":[{\"@type\":\"ReadAction\",\"target\":[\"https:\/\/infoecos.com.ar\/index.php\/el-registro-de-temperatura-en-trenque-lauquen-pasada-la-medianoche-casi-antartico-6-grados-7-decimas-bajo-cero\/\"]}]},{\"@type\":\"ImageObject\",\"inLanguage\":\"es\",\"@id\":\"https:\/\/infoecos.com.ar\/index.php\/el-registro-de-temperatura-en-trenque-lauquen-pasada-la-medianoche-casi-antartico-6-grados-7-decimas-bajo-cero\/#primaryimage\",\"url\":\"https:\/\/infoecos.com.ar\/wp-content\/uploads\/2022\/05\/Screenshot_20220531-023732_Chrome_2.jpg\",\"contentUrl\":\"https:\/\/infoecos.com.ar\/wp-content\/uploads\/2022\/05\/Screenshot_20220531-023732_Chrome_2.jpg\",\"width\":720,\"height\":405},{\"@type\":\"BreadcrumbList\",\"@id\":\"https:\/\/infoecos.com.ar\/index.php\/el-registro-de-temperatura-en-trenque-lauquen-pasada-la-medianoche-casi-antartico-6-grados-7-decimas-bajo-cero\/#breadcrumb\",\"itemListElement\":[{\"@type\":\"ListItem\",\"position\":1,\"name\":\"Portada\",\"item\":\"https:\/\/infoecos.com.ar\/\"},{\"@type\":\"ListItem\",\"position\":2,\"name\":\"El registro de temperatura en Trenque Lauquen, pasada la medianoche, casi \u00abant\u00e1rtico\u00bb: 6 grados 4 d\u00e9cimas bajo cero\"}]},{\"@type\":\"WebSite\",\"@id\":\"https:\/\/infoecos.com.ar\/#website\",\"url\":\"https:\/\/infoecos.com.ar\/\",\"name\":\"Infoecos\",\"description\":\"Noticias de trenque lauquen y la zona\",\"publisher\":{\"@id\":\"https:\/\/infoecos.com.ar\/#organization\"},\"alternateName\":\"Noticias\",\"potentialAction\":[{\"@type\":\"SearchAction\",\"target\":{\"@type\":\"EntryPoint\",\"urlTemplate\":\"https:\/\/infoecos.com.ar\/?s={search_term_string}\"},\"query-input\":{\"@type\":\"PropertyValueSpecification\",\"valueRequired\":true,\"valueName\":\"search_term_string\"}}],\"inLanguage\":\"es\"},{\"@type\":\"Organization\",\"@id\":\"https:\/\/infoecos.com.ar\/#organization\",\"name\":\"Infoecos\",\"alternateName\":\"Noticias\",\"url\":\"https:\/\/infoecos.com.ar\/\",\"logo\":{\"@type\":\"ImageObject\",\"inLanguage\":\"es\",\"@id\":\"https:\/\/infoecos.com.ar\/#\/schema\/logo\/image\/\",\"url\":\"https:\/\/infoecos.com.ar\/wp-content\/uploads\/2024\/03\/cropped-logo.png\",\"contentUrl\":\"https:\/\/infoecos.com.ar\/wp-content\/uploads\/2024\/03\/cropped-logo.png\",\"width\":374,\"height\":90,\"caption\":\"Infoecos\"},\"image\":{\"@id\":\"https:\/\/infoecos.com.ar\/#\/schema\/logo\/image\/\"},\"sameAs\":[\"https:\/\/www.facebook.com\/profile.php?id=100063200290284\",\"https:\/\/x.com\/infoecos\"]},{\"@type\":\"Person\",\"@id\":\"https:\/\/infoecos.com.ar\/#\/schema\/person\/8f5ace5ce73b4b4aac4b7245aee6f191\",\"name\":\"Jorge Matheus\",\"url\":\"https:\/\/infoecos.com.ar\/index.php\/author\/jomatheus\/\"}]}<\/script>\n<!-- \/ Yoast SEO plugin. -->","yoast_head_json":{"title":"El registro de temperatura en Trenque Lauquen, pasada la medianoche, casi \"ant\u00e1rtico\": 6 grados 4 d\u00e9cimas bajo cero - Infoecos","robots":{"index":"index","follow":"follow","max-snippet":"max-snippet:-1","max-image-preview":"max-image-preview:large","max-video-preview":"max-video-preview:-1"},"canonical":"https:\/\/infoecos.com.ar\/index.php\/el-registro-de-temperatura-en-trenque-lauquen-pasada-la-medianoche-casi-antartico-6-grados-7-decimas-bajo-cero\/","og_locale":"es_ES","og_type":"article","og_title":"El registro de temperatura en Trenque Lauquen, pasada la medianoche, casi \"ant\u00e1rtico\": 6 grados 4 d\u00e9cimas bajo cero - Infoecos","og_description":"Algunos vecinos muy memoriosos han se\u00f1alado en la madrugada de este martes que no \"recordamos temperaturas tan bajas a esta hora\"","og_url":"https:\/\/infoecos.com.ar\/index.php\/el-registro-de-temperatura-en-trenque-lauquen-pasada-la-medianoche-casi-antartico-6-grados-7-decimas-bajo-cero\/","og_site_name":"Infoecos","article_publisher":"https:\/\/www.facebook.com\/profile.php?id=100063200290284","article_published_time":"2022-05-31T05:51:56+00:00","article_modified_time":"2022-05-31T05:56:38+00:00","og_image":[{"width":720,"height":405,"url":"https:\/\/infoecos.com.ar\/wp-content\/uploads\/2022\/05\/Screenshot_20220531-023732_Chrome_2.jpg","type":"image\/jpeg"}],"author":"Jorge Matheus","twitter_card":"summary_large_image","twitter_creator":"@infoecos","twitter_site":"@infoecos","twitter_misc":{"Escrito por":"Jorge Matheus","Tiempo de lectura":"1 minuto"},"schema":{"@context":"https:\/\/schema.org","@graph":[{"@type":"Article","@id":"https:\/\/infoecos.com.ar\/index.php\/el-registro-de-temperatura-en-trenque-lauquen-pasada-la-medianoche-casi-antartico-6-grados-7-decimas-bajo-cero\/#article","isPartOf":{"@id":"https:\/\/infoecos.com.ar\/index.php\/el-registro-de-temperatura-en-trenque-lauquen-pasada-la-medianoche-casi-antartico-6-grados-7-decimas-bajo-cero\/"},"author":{"name":"Jorge Matheus","@id":"https:\/\/infoecos.com.ar\/#\/schema\/person\/8f5ace5ce73b4b4aac4b7245aee6f191"},"headline":"El registro de temperatura en Trenque Lauquen, pasada la medianoche, casi \u00abant\u00e1rtico\u00bb: 6 grados 4 d\u00e9cimas bajo cero","datePublished":"2022-05-31T05:51:56+00:00","dateModified":"2022-05-31T05:56:38+00:00","mainEntityOfPage":{"@id":"https:\/\/infoecos.com.ar\/index.php\/el-registro-de-temperatura-en-trenque-lauquen-pasada-la-medianoche-casi-antartico-6-grados-7-decimas-bajo-cero\/"},"wordCount":195,"publisher":{"@id":"https:\/\/infoecos.com.ar\/#organization"},"image":{"@id":"https:\/\/infoecos.com.ar\/index.php\/el-registro-de-temperatura-en-trenque-lauquen-pasada-la-medianoche-casi-antartico-6-grados-7-decimas-bajo-cero\/#primaryimage"},"thumbnailUrl":"https:\/\/infoecos.com.ar\/wp-content\/uploads\/2022\/05\/Screenshot_20220531-023732_Chrome_2.jpg","articleSection":["Noticia Principal"],"inLanguage":"es"},{"@type":"WebPage","@id":"https:\/\/infoecos.com.ar\/index.php\/el-registro-de-temperatura-en-trenque-lauquen-pasada-la-medianoche-casi-antartico-6-grados-7-decimas-bajo-cero\/","url":"https:\/\/infoecos.com.ar\/index.php\/el-registro-de-temperatura-en-trenque-lauquen-pasada-la-medianoche-casi-antartico-6-grados-7-decimas-bajo-cero\/","name":"El registro de temperatura en Trenque Lauquen, pasada la medianoche, casi \"ant\u00e1rtico\": 6 grados 4 d\u00e9cimas bajo cero - Infoecos","isPartOf":{"@id":"https:\/\/infoecos.com.ar\/#website"},"primaryImageOfPage":{"@id":"https:\/\/infoecos.com.ar\/index.php\/el-registro-de-temperatura-en-trenque-lauquen-pasada-la-medianoche-casi-antartico-6-grados-7-decimas-bajo-cero\/#primaryimage"},"image":{"@id":"https:\/\/infoecos.com.ar\/index.php\/el-registro-de-temperatura-en-trenque-lauquen-pasada-la-medianoche-casi-antartico-6-grados-7-decimas-bajo-cero\/#primaryimage"},"thumbnailUrl":"https:\/\/infoecos.com.ar\/wp-content\/uploads\/2022\/05\/Screenshot_20220531-023732_Chrome_2.jpg","datePublished":"2022-05-31T05:51:56+00:00","dateModified":"2022-05-31T05:56:38+00:00","breadcrumb":{"@id":"https:\/\/infoecos.com.ar\/index.php\/el-registro-de-temperatura-en-trenque-lauquen-pasada-la-medianoche-casi-antartico-6-grados-7-decimas-bajo-cero\/#breadcrumb"},"inLanguage":"es","potentialAction":[{"@type":"ReadAction","target":["https:\/\/infoecos.com.ar\/index.php\/el-registro-de-temperatura-en-trenque-lauquen-pasada-la-medianoche-casi-antartico-6-grados-7-decimas-bajo-cero\/"]}]},{"@type":"ImageObject","inLanguage":"es","@id":"https:\/\/infoecos.com.ar\/index.php\/el-registro-de-temperatura-en-trenque-lauquen-pasada-la-medianoche-casi-antartico-6-grados-7-decimas-bajo-cero\/#primaryimage","url":"https:\/\/infoecos.com.ar\/wp-content\/uploads\/2022\/05\/Screenshot_20220531-023732_Chrome_2.jpg","contentUrl":"https:\/\/infoecos.com.ar\/wp-content\/uploads\/2022\/05\/Screenshot_20220531-023732_Chrome_2.jpg","width":720,"height":405},{"@type":"BreadcrumbList","@id":"https:\/\/infoecos.com.ar\/index.php\/el-registro-de-temperatura-en-trenque-lauquen-pasada-la-medianoche-casi-antartico-6-grados-7-decimas-bajo-cero\/#breadcrumb","itemListElement":[{"@type":"ListItem","position":1,"name":"Portada","item":"https:\/\/infoecos.com.ar\/"},{"@type":"ListItem","position":2,"name":"El registro de temperatura en Trenque Lauquen, pasada la medianoche, casi \u00abant\u00e1rtico\u00bb: 6 grados 4 d\u00e9cimas bajo cero"}]},{"@type":"WebSite","@id":"https:\/\/infoecos.com.ar\/#website","url":"https:\/\/infoecos.com.ar\/","name":"Infoecos","description":"Noticias de trenque lauquen y la zona","publisher":{"@id":"https:\/\/infoecos.com.ar\/#organization"},"alternateName":"Noticias","potentialAction":[{"@type":"SearchAction","target":{"@type":"EntryPoint","urlTemplate":"https:\/\/infoecos.com.ar\/?s={search_term_string}"},"query-input":{"@type":"PropertyValueSpecification","valueRequired":true,"valueName":"search_term_string"}}],"inLanguage":"es"},{"@type":"Organization","@id":"https:\/\/infoecos.com.ar\/#organization","name":"Infoecos","alternateName":"Noticias","url":"https:\/\/infoecos.com.ar\/","logo":{"@type":"ImageObject","inLanguage":"es","@id":"https:\/\/infoecos.com.ar\/#\/schema\/logo\/image\/","url":"https:\/\/infoecos.com.ar\/wp-content\/uploads\/2024\/03\/cropped-logo.png","contentUrl":"https:\/\/infoecos.com.ar\/wp-content\/uploads\/2024\/03\/cropped-logo.png","width":374,"height":90,"caption":"Infoecos"},"image":{"@id":"https:\/\/infoecos.com.ar\/#\/schema\/logo\/image\/"},"sameAs":["https:\/\/www.facebook.com\/profile.php?id=100063200290284","https:\/\/x.com\/infoecos"]},{"@type":"Person","@id":"https:\/\/infoecos.com.ar\/#\/schema\/person\/8f5ace5ce73b4b4aac4b7245aee6f191","name":"Jorge Matheus","url":"https:\/\/infoecos.com.ar\/index.php\/author\/jomatheus\/"}]}},"featured_image_urls":{"full":["https:\/\/infoecos.com.ar\/wp-content\/uploads\/2022\/05\/Screenshot_20220531-023732_Chrome_2.jpg",720,405,false],"thumbnail":["https:\/\/infoecos.com.ar\/wp-content\/uploads\/2022\/05\/Screenshot_20220531-023732_Chrome_2-150x150.jpg",150,150,true],"medium":["https:\/\/infoecos.com.ar\/wp-content\/uploads\/2022\/05\/Screenshot_20220531-023732_Chrome_2-460x259.jpg",460,259,true],"medium_large":["https:\/\/infoecos.com.ar\/wp-content\/uploads\/2022\/05\/Screenshot_20220531-023732_Chrome_2.jpg",640,360,false],"large":["https:\/\/infoecos.com.ar\/wp-content\/uploads\/2022\/05\/Screenshot_20220531-023732_Chrome_2.jpg",640,360,false],"1536x1536":["https:\/\/infoecos.com.ar\/wp-content\/uploads\/2022\/05\/Screenshot_20220531-023732_Chrome_2.jpg",720,405,false],"2048x2048":["https:\/\/infoecos.com.ar\/wp-content\/uploads\/2022\/05\/Screenshot_20220531-023732_Chrome_2.jpg",720,405,false],"covernews-slider-full":["https:\/\/infoecos.com.ar\/wp-content\/uploads\/2022\/05\/Screenshot_20220531-023732_Chrome_2.jpg",720,405,false],"covernews-slider-center":["https:\/\/infoecos.com.ar\/wp-content\/uploads\/2022\/05\/Screenshot_20220531-023732_Chrome_2.jpg",720,405,false],"covernews-featured":["https:\/\/infoecos.com.ar\/wp-content\/uploads\/2022\/05\/Screenshot_20220531-023732_Chrome_2.jpg",720,405,false],"covernews-medium":["https:\/\/infoecos.com.ar\/wp-content\/uploads\/2022\/05\/Screenshot_20220531-023732_Chrome_2-720x380.jpg",540,285,true],"covernews-medium-square":["https:\/\/infoecos.com.ar\/wp-content\/uploads\/2022\/05\/Screenshot_20220531-023732_Chrome_2-675x405.jpg",400,240,true]},"author_info":{"info":["Jorge Matheus"]},"category_info":"<a href=\"https:\/\/infoecos.com.ar\/index.php\/category\/noticia-principal\/\" rel=\"category tag\">Noticia Principal<\/a>","tag_info":"Noticia Principal","comment_count":"0","_links":{"self":[{"href":"https:\/\/infoecos.com.ar\/index.php\/wp-json\/wp\/v2\/posts\/93197"}],"collection":[{"href":"https:\/\/infoecos.com.ar\/index.php\/wp-json\/wp\/v2\/posts"}],"about":[{"href":"https:\/\/infoecos.com.ar\/index.php\/wp-json\/wp\/v2\/types\/post"}],"author":[{"embeddable":true,"href":"https:\/\/infoecos.com.ar\/index.php\/wp-json\/wp\/v2\/users\/2"}],"replies":[{"embeddable":true,"href":"https:\/\/infoecos.com.ar\/index.php\/wp-json\/wp\/v2\/comments?post=93197"}],"version-history":[{"count":4,"href":"https:\/\/infoecos.com.ar\/index.php\/wp-json\/wp\/v2\/posts\/93197\/revisions"}],"predecessor-version":[{"id":93203,"href":"https:\/\/infoecos.com.ar\/index.php\/wp-json\/wp\/v2\/posts\/93197\/revisions\/93203"}],"wp:featuredmedia":[{"embeddable":true,"href":"https:\/\/infoecos.com.ar\/index.php\/wp-json\/wp\/v2\/media\/93198"}],"wp:attachment":[{"href":"https:\/\/infoecos.com.ar\/index.php\/wp-json\/wp\/v2\/media?parent=93197"}],"wp:term":[{"taxonomy":"category","embeddable":true,"href":"https:\/\/infoecos.com.ar\/index.php\/wp-json\/wp\/v2\/categories?post=93197"},{"taxonomy":"post_tag","embeddable":true,"href":"https:\/\/infoecos.com.ar\/index.php\/wp-json\/wp\/v2\/tags?post=93197"}],"curies":[{"name":"wp","href":"https:\/\/api.w.org\/{rel}","templated":true}]}}