{"id":93208,"date":"2022-05-31T03:25:26","date_gmt":"2022-05-31T06:25:26","guid":{"rendered":"http:\/\/infoecos.com.ar\/?p=93208"},"modified":"2022-05-31T03:25:27","modified_gmt":"2022-05-31T06:25:27","slug":"44-851-personas-mueren-en-el-pais-al-ano-por-trastornos-relacionados-con-el-consumo-de-tabaco","status":"publish","type":"post","link":"https:\/\/infoecos.com.ar\/index.php\/44-851-personas-mueren-en-el-pais-al-ano-por-trastornos-relacionados-con-el-consumo-de-tabaco\/","title":{"rendered":"44.851 personas mueren en el pa\u00eds, al a\u00f1o, por trastornos relacionados con el consumo de tabaco"},"content":{"rendered":"\n<p>La Federaci\u00f3n Argentina de Cardiolog\u00eda (FAC), en relaci\u00f3n al D\u00eda Mundial Sin Tabaco, inform\u00f3 que 44.851 personas mueren en el pa\u00eds al a\u00f1o por trastornos cardiovasculares relacionados con el consumo de tabaco y que el 22,2% de la poblaci\u00f3n adulta consume tabaco,&nbsp;<strong>una de las cifras m\u00e1s altas de la regi\u00f3n.<\/strong><\/p>\n\n\n\n<figure class=\"wp-block-image size-large\"><img loading=\"lazy\" decoding=\"async\" width=\"920\" height=\"517\" src=\"http:\/\/infoecos.com.ar\/wp-content\/uploads\/2022\/05\/who-wntd19-banner-1366x768px-es_0-920x517.jpg\" alt=\"\" class=\"wp-image-93209\" srcset=\"https:\/\/infoecos.com.ar\/wp-content\/uploads\/2022\/05\/who-wntd19-banner-1366x768px-es_0-920x517.jpg 920w, https:\/\/infoecos.com.ar\/wp-content\/uploads\/2022\/05\/who-wntd19-banner-1366x768px-es_0-460x259.jpg 460w, https:\/\/infoecos.com.ar\/wp-content\/uploads\/2022\/05\/who-wntd19-banner-1366x768px-es_0-768x432.jpg 768w, https:\/\/infoecos.com.ar\/wp-content\/uploads\/2022\/05\/who-wntd19-banner-1366x768px-es_0-1024x576.jpg 1024w, https:\/\/infoecos.com.ar\/wp-content\/uploads\/2022\/05\/who-wntd19-banner-1366x768px-es_0.jpg 1366w\" sizes=\"(max-width: 920px) 100vw, 920px\" \/><\/figure>\n\n\n\n<p>La FAC detall\u00f3 que, si bien la tendencia de consumo tabaco en nuestro pa\u00eds es descendente en los \u00faltimos a\u00f1os, se mantiene en una de las m\u00e1s altas de la regi\u00f3n, y&nbsp;<strong>la edad de inicio al consumo se encuentra entre los 12 y 15 a\u00f1os.&nbsp;<\/strong>Tambi\u00e9n explicaron que hay una \u201cpreocupaci\u00f3n creciente\u201d con respecto al cigarrillo electr\u00f3nico que, actualmente, el 1,1% de la poblaci\u00f3n consume.<\/p>\n\n\n\n<p><strong>\u201cEl uso de cigarrillos electr\u00f3nicos<\/strong>&nbsp;es una tendencia emergente, especialmente entre las generaciones m\u00e1s j\u00f3venes, no son una alternativa inofensiva y&nbsp;<strong>existe un debate si est\u00e1 generando nuevos adictos<\/strong>\u201d, advirtieron.<\/p>\n\n\n\n<p>Desde la FAC aclararon que es importante&nbsp;<strong>desmitificar al \u201cbajo consumo como inocuo\u201d<\/strong>, y brindaron una serie de \u201cacciones simples para dejar de fumar\u201d entre las que se encuentran tomar mucha agua; realizar actividad f\u00edsica; efectuar diez respiraciones profundas inhalando hondo por la nariz y exhalando lentamente por la boca.<\/p>\n\n\n\n<p>Adem\u00e1s, hay que evitar situaciones que se asocien con el consumo de cigarrillos y bebidas alcoh\u00f3licas, y tener a mano sustitutos del cigarrillo como frutas, caramelos o chicles.&nbsp;Tambi\u00e9n remarcaron que<strong>&nbsp;la ansiedad o s\u00edndrome de abstinencia de la nicotina desaparece pasados dos o tres minutos.<\/strong><\/p>\n\n\n\n<p>Por \u00faltimo, entre el 2 y 4 de junio, en la ciudad de C\u00f3rdoba, se desarrollar\u00e1 el 39no Congreso Nacional de Cardiolog\u00eda en donde oradores nacionales e internacionales abordar\u00e1n esta tem\u00e1tica y todas aquellas relacionadas con la salud cardiovascular.<\/p>\n","protected":false},"excerpt":{"rendered":"<p>La FAC detall\u00f3 que, si bien la tendencia de consumo tabaco en nuestro pa\u00eds es descendente en los \u00faltimos a\u00f1os, se mantiene en una de las m\u00e1s altas de la regi\u00f3n<\/p>\n","protected":false},"author":2,"featured_media":93209,"comment_status":"closed","ping_status":"open","sticky":false,"template":"","format":"standard","meta":{"footnotes":""},"categories":[1341],"tags":[6135],"class_list":["post-93208","post","type-post","status-publish","format-standard","has-post-thumbnail","hentry","category-c1nota7","tag-cifra-preocupante"],"yoast_head":"<!-- This site is optimized with the Yoast SEO plugin v23.4 - https:\/\/yoast.com\/wordpress\/plugins\/seo\/ -->\n<title>44.851 personas mueren en el pa\u00eds, al a\u00f1o, por trastornos relacionados con el consumo de tabaco - Infoecos<\/title>\n<meta name=\"robots\" content=\"index, follow, max-snippet:-1, max-image-preview:large, max-video-preview:-1\" \/>\n<link rel=\"canonical\" href=\"https:\/\/infoecos.com.ar\/index.php\/44-851-personas-mueren-en-el-pais-al-ano-por-trastornos-relacionados-con-el-consumo-de-tabaco\/\" \/>\n<meta property=\"og:locale\" content=\"es_ES\" \/>\n<meta property=\"og:type\" content=\"article\" \/>\n<meta property=\"og:title\" content=\"44.851 personas mueren en el pa\u00eds, al a\u00f1o, por trastornos relacionados con el consumo de tabaco - Infoecos\" \/>\n<meta property=\"og:description\" content=\"La FAC detall\u00f3 que, si bien la tendencia de consumo tabaco en nuestro pa\u00eds es descendente en los \u00faltimos a\u00f1os, se mantiene en una de las m\u00e1s altas de la regi\u00f3n\" \/>\n<meta property=\"og:url\" content=\"https:\/\/infoecos.com.ar\/index.php\/44-851-personas-mueren-en-el-pais-al-ano-por-trastornos-relacionados-con-el-consumo-de-tabaco\/\" \/>\n<meta property=\"og:site_name\" content=\"Infoecos\" \/>\n<meta property=\"article:publisher\" content=\"https:\/\/www.facebook.com\/profile.php?id=100063200290284\" \/>\n<meta property=\"article:published_time\" content=\"2022-05-31T06:25:26+00:00\" \/>\n<meta property=\"article:modified_time\" content=\"2022-05-31T06:25:27+00:00\" \/>\n<meta property=\"og:image\" content=\"https:\/\/infoecos.com.ar\/wp-content\/uploads\/2022\/05\/who-wntd19-banner-1366x768px-es_0.jpg\" \/>\n\t<meta property=\"og:image:width\" content=\"1366\" \/>\n\t<meta property=\"og:image:height\" content=\"768\" \/>\n\t<meta property=\"og:image:type\" content=\"image\/jpeg\" \/>\n<meta name=\"author\" content=\"Jorge Matheus\" \/>\n<meta name=\"twitter:card\" content=\"summary_large_image\" \/>\n<meta name=\"twitter:creator\" content=\"@infoecos\" \/>\n<meta name=\"twitter:site\" content=\"@infoecos\" \/>\n<meta name=\"twitter:label1\" content=\"Escrito por\" \/>\n\t<meta name=\"twitter:data1\" content=\"Jorge Matheus\" \/>\n\t<meta name=\"twitter:label2\" content=\"Tiempo de lectura\" \/>\n\t<meta name=\"twitter:data2\" content=\"2 minutos\" \/>\n<script type=\"application\/ld+json\" class=\"yoast-schema-graph\">{\"@context\":\"https:\/\/schema.org\",\"@graph\":[{\"@type\":\"Article\",\"@id\":\"https:\/\/infoecos.com.ar\/index.php\/44-851-personas-mueren-en-el-pais-al-ano-por-trastornos-relacionados-con-el-consumo-de-tabaco\/#article\",\"isPartOf\":{\"@id\":\"https:\/\/infoecos.com.ar\/index.php\/44-851-personas-mueren-en-el-pais-al-ano-por-trastornos-relacionados-con-el-consumo-de-tabaco\/\"},\"author\":{\"name\":\"Jorge Matheus\",\"@id\":\"https:\/\/infoecos.com.ar\/#\/schema\/person\/8f5ace5ce73b4b4aac4b7245aee6f191\"},\"headline\":\"44.851 personas mueren en el pa\u00eds, al a\u00f1o, por trastornos relacionados con el consumo de tabaco\",\"datePublished\":\"2022-05-31T06:25:26+00:00\",\"dateModified\":\"2022-05-31T06:25:27+00:00\",\"mainEntityOfPage\":{\"@id\":\"https:\/\/infoecos.com.ar\/index.php\/44-851-personas-mueren-en-el-pais-al-ano-por-trastornos-relacionados-con-el-consumo-de-tabaco\/\"},\"wordCount\":330,\"publisher\":{\"@id\":\"https:\/\/infoecos.com.ar\/#organization\"},\"image\":{\"@id\":\"https:\/\/infoecos.com.ar\/index.php\/44-851-personas-mueren-en-el-pais-al-ano-por-trastornos-relacionados-con-el-consumo-de-tabaco\/#primaryimage\"},\"thumbnailUrl\":\"https:\/\/infoecos.com.ar\/wp-content\/uploads\/2022\/05\/who-wntd19-banner-1366x768px-es_0.jpg\",\"keywords\":[\"CIFRA PREOCUPANTE\"],\"articleSection\":[\"C1 nota 7\"],\"inLanguage\":\"es\"},{\"@type\":\"WebPage\",\"@id\":\"https:\/\/infoecos.com.ar\/index.php\/44-851-personas-mueren-en-el-pais-al-ano-por-trastornos-relacionados-con-el-consumo-de-tabaco\/\",\"url\":\"https:\/\/infoecos.com.ar\/index.php\/44-851-personas-mueren-en-el-pais-al-ano-por-trastornos-relacionados-con-el-consumo-de-tabaco\/\",\"name\":\"44.851 personas mueren en el pa\u00eds, al a\u00f1o, por trastornos relacionados con el consumo de tabaco - Infoecos\",\"isPartOf\":{\"@id\":\"https:\/\/infoecos.com.ar\/#website\"},\"primaryImageOfPage\":{\"@id\":\"https:\/\/infoecos.com.ar\/index.php\/44-851-personas-mueren-en-el-pais-al-ano-por-trastornos-relacionados-con-el-consumo-de-tabaco\/#primaryimage\"},\"image\":{\"@id\":\"https:\/\/infoecos.com.ar\/index.php\/44-851-personas-mueren-en-el-pais-al-ano-por-trastornos-relacionados-con-el-consumo-de-tabaco\/#primaryimage\"},\"thumbnailUrl\":\"https:\/\/infoecos.com.ar\/wp-content\/uploads\/2022\/05\/who-wntd19-banner-1366x768px-es_0.jpg\",\"datePublished\":\"2022-05-31T06:25:26+00:00\",\"dateModified\":\"2022-05-31T06:25:27+00:00\",\"breadcrumb\":{\"@id\":\"https:\/\/infoecos.com.ar\/index.php\/44-851-personas-mueren-en-el-pais-al-ano-por-trastornos-relacionados-con-el-consumo-de-tabaco\/#breadcrumb\"},\"inLanguage\":\"es\",\"potentialAction\":[{\"@type\":\"ReadAction\",\"target\":[\"https:\/\/infoecos.com.ar\/index.php\/44-851-personas-mueren-en-el-pais-al-ano-por-trastornos-relacionados-con-el-consumo-de-tabaco\/\"]}]},{\"@type\":\"ImageObject\",\"inLanguage\":\"es\",\"@id\":\"https:\/\/infoecos.com.ar\/index.php\/44-851-personas-mueren-en-el-pais-al-ano-por-trastornos-relacionados-con-el-consumo-de-tabaco\/#primaryimage\",\"url\":\"https:\/\/infoecos.com.ar\/wp-content\/uploads\/2022\/05\/who-wntd19-banner-1366x768px-es_0.jpg\",\"contentUrl\":\"https:\/\/infoecos.com.ar\/wp-content\/uploads\/2022\/05\/who-wntd19-banner-1366x768px-es_0.jpg\",\"width\":1366,\"height\":768},{\"@type\":\"BreadcrumbList\",\"@id\":\"https:\/\/infoecos.com.ar\/index.php\/44-851-personas-mueren-en-el-pais-al-ano-por-trastornos-relacionados-con-el-consumo-de-tabaco\/#breadcrumb\",\"itemListElement\":[{\"@type\":\"ListItem\",\"position\":1,\"name\":\"Portada\",\"item\":\"https:\/\/infoecos.com.ar\/\"},{\"@type\":\"ListItem\",\"position\":2,\"name\":\"44.851 personas mueren en el pa\u00eds, al a\u00f1o, por trastornos relacionados con el consumo de tabaco\"}]},{\"@type\":\"WebSite\",\"@id\":\"https:\/\/infoecos.com.ar\/#website\",\"url\":\"https:\/\/infoecos.com.ar\/\",\"name\":\"Infoecos\",\"description\":\"Noticias de trenque lauquen y la zona\",\"publisher\":{\"@id\":\"https:\/\/infoecos.com.ar\/#organization\"},\"alternateName\":\"Noticias\",\"potentialAction\":[{\"@type\":\"SearchAction\",\"target\":{\"@type\":\"EntryPoint\",\"urlTemplate\":\"https:\/\/infoecos.com.ar\/?s={search_term_string}\"},\"query-input\":{\"@type\":\"PropertyValueSpecification\",\"valueRequired\":true,\"valueName\":\"search_term_string\"}}],\"inLanguage\":\"es\"},{\"@type\":\"Organization\",\"@id\":\"https:\/\/infoecos.com.ar\/#organization\",\"name\":\"Infoecos\",\"alternateName\":\"Noticias\",\"url\":\"https:\/\/infoecos.com.ar\/\",\"logo\":{\"@type\":\"ImageObject\",\"inLanguage\":\"es\",\"@id\":\"https:\/\/infoecos.com.ar\/#\/schema\/logo\/image\/\",\"url\":\"https:\/\/infoecos.com.ar\/wp-content\/uploads\/2024\/03\/cropped-logo.png\",\"contentUrl\":\"https:\/\/infoecos.com.ar\/wp-content\/uploads\/2024\/03\/cropped-logo.png\",\"width\":374,\"height\":90,\"caption\":\"Infoecos\"},\"image\":{\"@id\":\"https:\/\/infoecos.com.ar\/#\/schema\/logo\/image\/\"},\"sameAs\":[\"https:\/\/www.facebook.com\/profile.php?id=100063200290284\",\"https:\/\/x.com\/infoecos\"]},{\"@type\":\"Person\",\"@id\":\"https:\/\/infoecos.com.ar\/#\/schema\/person\/8f5ace5ce73b4b4aac4b7245aee6f191\",\"name\":\"Jorge Matheus\",\"url\":\"https:\/\/infoecos.com.ar\/index.php\/author\/jomatheus\/\"}]}<\/script>\n<!-- \/ Yoast SEO plugin. -->","yoast_head_json":{"title":"44.851 personas mueren en el pa\u00eds, al a\u00f1o, por trastornos relacionados con el consumo de tabaco - Infoecos","robots":{"index":"index","follow":"follow","max-snippet":"max-snippet:-1","max-image-preview":"max-image-preview:large","max-video-preview":"max-video-preview:-1"},"canonical":"https:\/\/infoecos.com.ar\/index.php\/44-851-personas-mueren-en-el-pais-al-ano-por-trastornos-relacionados-con-el-consumo-de-tabaco\/","og_locale":"es_ES","og_type":"article","og_title":"44.851 personas mueren en el pa\u00eds, al a\u00f1o, por trastornos relacionados con el consumo de tabaco - Infoecos","og_description":"La FAC detall\u00f3 que, si bien la tendencia de consumo tabaco en nuestro pa\u00eds es descendente en los \u00faltimos a\u00f1os, se mantiene en una de las m\u00e1s altas de la regi\u00f3n","og_url":"https:\/\/infoecos.com.ar\/index.php\/44-851-personas-mueren-en-el-pais-al-ano-por-trastornos-relacionados-con-el-consumo-de-tabaco\/","og_site_name":"Infoecos","article_publisher":"https:\/\/www.facebook.com\/profile.php?id=100063200290284","article_published_time":"2022-05-31T06:25:26+00:00","article_modified_time":"2022-05-31T06:25:27+00:00","og_image":[{"width":1366,"height":768,"url":"https:\/\/infoecos.com.ar\/wp-content\/uploads\/2022\/05\/who-wntd19-banner-1366x768px-es_0.jpg","type":"image\/jpeg"}],"author":"Jorge Matheus","twitter_card":"summary_large_image","twitter_creator":"@infoecos","twitter_site":"@infoecos","twitter_misc":{"Escrito por":"Jorge Matheus","Tiempo de lectura":"2 minutos"},"schema":{"@context":"https:\/\/schema.org","@graph":[{"@type":"Article","@id":"https:\/\/infoecos.com.ar\/index.php\/44-851-personas-mueren-en-el-pais-al-ano-por-trastornos-relacionados-con-el-consumo-de-tabaco\/#article","isPartOf":{"@id":"https:\/\/infoecos.com.ar\/index.php\/44-851-personas-mueren-en-el-pais-al-ano-por-trastornos-relacionados-con-el-consumo-de-tabaco\/"},"author":{"name":"Jorge Matheus","@id":"https:\/\/infoecos.com.ar\/#\/schema\/person\/8f5ace5ce73b4b4aac4b7245aee6f191"},"headline":"44.851 personas mueren en el pa\u00eds, al a\u00f1o, por trastornos relacionados con el consumo de tabaco","datePublished":"2022-05-31T06:25:26+00:00","dateModified":"2022-05-31T06:25:27+00:00","mainEntityOfPage":{"@id":"https:\/\/infoecos.com.ar\/index.php\/44-851-personas-mueren-en-el-pais-al-ano-por-trastornos-relacionados-con-el-consumo-de-tabaco\/"},"wordCount":330,"publisher":{"@id":"https:\/\/infoecos.com.ar\/#organization"},"image":{"@id":"https:\/\/infoecos.com.ar\/index.php\/44-851-personas-mueren-en-el-pais-al-ano-por-trastornos-relacionados-con-el-consumo-de-tabaco\/#primaryimage"},"thumbnailUrl":"https:\/\/infoecos.com.ar\/wp-content\/uploads\/2022\/05\/who-wntd19-banner-1366x768px-es_0.jpg","keywords":["CIFRA PREOCUPANTE"],"articleSection":["C1 nota 7"],"inLanguage":"es"},{"@type":"WebPage","@id":"https:\/\/infoecos.com.ar\/index.php\/44-851-personas-mueren-en-el-pais-al-ano-por-trastornos-relacionados-con-el-consumo-de-tabaco\/","url":"https:\/\/infoecos.com.ar\/index.php\/44-851-personas-mueren-en-el-pais-al-ano-por-trastornos-relacionados-con-el-consumo-de-tabaco\/","name":"44.851 personas mueren en el pa\u00eds, al a\u00f1o, por trastornos relacionados con el consumo de tabaco - Infoecos","isPartOf":{"@id":"https:\/\/infoecos.com.ar\/#website"},"primaryImageOfPage":{"@id":"https:\/\/infoecos.com.ar\/index.php\/44-851-personas-mueren-en-el-pais-al-ano-por-trastornos-relacionados-con-el-consumo-de-tabaco\/#primaryimage"},"image":{"@id":"https:\/\/infoecos.com.ar\/index.php\/44-851-personas-mueren-en-el-pais-al-ano-por-trastornos-relacionados-con-el-consumo-de-tabaco\/#primaryimage"},"thumbnailUrl":"https:\/\/infoecos.com.ar\/wp-content\/uploads\/2022\/05\/who-wntd19-banner-1366x768px-es_0.jpg","datePublished":"2022-05-31T06:25:26+00:00","dateModified":"2022-05-31T06:25:27+00:00","breadcrumb":{"@id":"https:\/\/infoecos.com.ar\/index.php\/44-851-personas-mueren-en-el-pais-al-ano-por-trastornos-relacionados-con-el-consumo-de-tabaco\/#breadcrumb"},"inLanguage":"es","potentialAction":[{"@type":"ReadAction","target":["https:\/\/infoecos.com.ar\/index.php\/44-851-personas-mueren-en-el-pais-al-ano-por-trastornos-relacionados-con-el-consumo-de-tabaco\/"]}]},{"@type":"ImageObject","inLanguage":"es","@id":"https:\/\/infoecos.com.ar\/index.php\/44-851-personas-mueren-en-el-pais-al-ano-por-trastornos-relacionados-con-el-consumo-de-tabaco\/#primaryimage","url":"https:\/\/infoecos.com.ar\/wp-content\/uploads\/2022\/05\/who-wntd19-banner-1366x768px-es_0.jpg","contentUrl":"https:\/\/infoecos.com.ar\/wp-content\/uploads\/2022\/05\/who-wntd19-banner-1366x768px-es_0.jpg","width":1366,"height":768},{"@type":"BreadcrumbList","@id":"https:\/\/infoecos.com.ar\/index.php\/44-851-personas-mueren-en-el-pais-al-ano-por-trastornos-relacionados-con-el-consumo-de-tabaco\/#breadcrumb","itemListElement":[{"@type":"ListItem","position":1,"name":"Portada","item":"https:\/\/infoecos.com.ar\/"},{"@type":"ListItem","position":2,"name":"44.851 personas mueren en el pa\u00eds, al a\u00f1o, por trastornos relacionados con el consumo de tabaco"}]},{"@type":"WebSite","@id":"https:\/\/infoecos.com.ar\/#website","url":"https:\/\/infoecos.com.ar\/","name":"Infoecos","description":"Noticias de trenque lauquen y la zona","publisher":{"@id":"https:\/\/infoecos.com.ar\/#organization"},"alternateName":"Noticias","potentialAction":[{"@type":"SearchAction","target":{"@type":"EntryPoint","urlTemplate":"https:\/\/infoecos.com.ar\/?s={search_term_string}"},"query-input":{"@type":"PropertyValueSpecification","valueRequired":true,"valueName":"search_term_string"}}],"inLanguage":"es"},{"@type":"Organization","@id":"https:\/\/infoecos.com.ar\/#organization","name":"Infoecos","alternateName":"Noticias","url":"https:\/\/infoecos.com.ar\/","logo":{"@type":"ImageObject","inLanguage":"es","@id":"https:\/\/infoecos.com.ar\/#\/schema\/logo\/image\/","url":"https:\/\/infoecos.com.ar\/wp-content\/uploads\/2024\/03\/cropped-logo.png","contentUrl":"https:\/\/infoecos.com.ar\/wp-content\/uploads\/2024\/03\/cropped-logo.png","width":374,"height":90,"caption":"Infoecos"},"image":{"@id":"https:\/\/infoecos.com.ar\/#\/schema\/logo\/image\/"},"sameAs":["https:\/\/www.facebook.com\/profile.php?id=100063200290284","https:\/\/x.com\/infoecos"]},{"@type":"Person","@id":"https:\/\/infoecos.com.ar\/#\/schema\/person\/8f5ace5ce73b4b4aac4b7245aee6f191","name":"Jorge Matheus","url":"https:\/\/infoecos.com.ar\/index.php\/author\/jomatheus\/"}]}},"featured_image_urls":{"full":["https:\/\/infoecos.com.ar\/wp-content\/uploads\/2022\/05\/who-wntd19-banner-1366x768px-es_0.jpg",1366,768,false],"thumbnail":["https:\/\/infoecos.com.ar\/wp-content\/uploads\/2022\/05\/who-wntd19-banner-1366x768px-es_0-150x150.jpg",150,150,true],"medium":["https:\/\/infoecos.com.ar\/wp-content\/uploads\/2022\/05\/who-wntd19-banner-1366x768px-es_0-460x259.jpg",460,259,true],"medium_large":["https:\/\/infoecos.com.ar\/wp-content\/uploads\/2022\/05\/who-wntd19-banner-1366x768px-es_0-768x432.jpg",640,360,true],"large":["https:\/\/infoecos.com.ar\/wp-content\/uploads\/2022\/05\/who-wntd19-banner-1366x768px-es_0-920x517.jpg",640,360,true],"1536x1536":["https:\/\/infoecos.com.ar\/wp-content\/uploads\/2022\/05\/who-wntd19-banner-1366x768px-es_0.jpg",1366,768,false],"2048x2048":["https:\/\/infoecos.com.ar\/wp-content\/uploads\/2022\/05\/who-wntd19-banner-1366x768px-es_0.jpg",1366,768,false],"covernews-slider-full":["https:\/\/infoecos.com.ar\/wp-content\/uploads\/2022\/05\/who-wntd19-banner-1366x768px-es_0.jpg",1115,627,false],"covernews-slider-center":["https:\/\/infoecos.com.ar\/wp-content\/uploads\/2022\/05\/who-wntd19-banner-1366x768px-es_0-936x768.jpg",609,500,true],"covernews-featured":["https:\/\/infoecos.com.ar\/wp-content\/uploads\/2022\/05\/who-wntd19-banner-1366x768px-es_0-1024x576.jpg",1024,576,true],"covernews-medium":["https:\/\/infoecos.com.ar\/wp-content\/uploads\/2022\/05\/who-wntd19-banner-1366x768px-es_0-720x380.jpg",540,285,true],"covernews-medium-square":["https:\/\/infoecos.com.ar\/wp-content\/uploads\/2022\/05\/who-wntd19-banner-1366x768px-es_0-675x450.jpg",375,250,true]},"author_info":{"info":["Jorge Matheus"]},"category_info":"<a href=\"https:\/\/infoecos.com.ar\/index.php\/category\/c1nota7\/\" rel=\"category tag\">C1 nota 7<\/a>","tag_info":"C1 nota 7","comment_count":"0","_links":{"self":[{"href":"https:\/\/infoecos.com.ar\/index.php\/wp-json\/wp\/v2\/posts\/93208"}],"collection":[{"href":"https:\/\/infoecos.com.ar\/index.php\/wp-json\/wp\/v2\/posts"}],"about":[{"href":"https:\/\/infoecos.com.ar\/index.php\/wp-json\/wp\/v2\/types\/post"}],"author":[{"embeddable":true,"href":"https:\/\/infoecos.com.ar\/index.php\/wp-json\/wp\/v2\/users\/2"}],"replies":[{"embeddable":true,"href":"https:\/\/infoecos.com.ar\/index.php\/wp-json\/wp\/v2\/comments?post=93208"}],"version-history":[{"count":1,"href":"https:\/\/infoecos.com.ar\/index.php\/wp-json\/wp\/v2\/posts\/93208\/revisions"}],"predecessor-version":[{"id":93210,"href":"https:\/\/infoecos.com.ar\/index.php\/wp-json\/wp\/v2\/posts\/93208\/revisions\/93210"}],"wp:featuredmedia":[{"embeddable":true,"href":"https:\/\/infoecos.com.ar\/index.php\/wp-json\/wp\/v2\/media\/93209"}],"wp:attachment":[{"href":"https:\/\/infoecos.com.ar\/index.php\/wp-json\/wp\/v2\/media?parent=93208"}],"wp:term":[{"taxonomy":"category","embeddable":true,"href":"https:\/\/infoecos.com.ar\/index.php\/wp-json\/wp\/v2\/categories?post=93208"},{"taxonomy":"post_tag","embeddable":true,"href":"https:\/\/infoecos.com.ar\/index.php\/wp-json\/wp\/v2\/tags?post=93208"}],"curies":[{"name":"wp","href":"https:\/\/api.w.org\/{rel}","templated":true}]}}