{"id":93219,"date":"2022-05-31T17:49:36","date_gmt":"2022-05-31T20:49:36","guid":{"rendered":"http:\/\/infoecos.com.ar\/?p=93219"},"modified":"2022-06-01T03:05:14","modified_gmt":"2022-06-01T06:05:14","slug":"trenque-lauquen-entre-las-ciudades-mas-frias-del-pais","status":"publish","type":"post","link":"https:\/\/infoecos.com.ar\/index.php\/trenque-lauquen-entre-las-ciudades-mas-frias-del-pais\/","title":{"rendered":"Trenque Lauquen entre las ciudades m\u00e1s fr\u00edas del pa\u00eds"},"content":{"rendered":"\n<p>Con datos que no son uniformes, pero donde queda claro que la temperatura registrada ha sido una de las m\u00e1s bajas de los \u00faltimos inviernos en Trenque Lauquen, se convirti\u00f3 pr\u00e1cticamente en el tema dominante. <\/p>\n\n\n\n<p>Los sensores clim\u00e1ticos de la municipalidad ubicados en el Club de Planeadores marcaron 7 grados 4 d\u00e9cimas bajo cero, mientras que en otros lugares se inform\u00f3 que los term\u00f3metros indicaron una temperatura un poco m\u00e1s alta.<\/p>\n\n\n\n<div class=\"wp-block-image\"><figure class=\"aligncenter size-large\"><img loading=\"lazy\" decoding=\"async\" width=\"257\" height=\"256\" src=\"http:\/\/infoecos.com.ar\/wp-content\/uploads\/2022\/05\/13.png\" alt=\"\" class=\"wp-image-93220\" srcset=\"https:\/\/infoecos.com.ar\/wp-content\/uploads\/2022\/05\/13.png 257w, https:\/\/infoecos.com.ar\/wp-content\/uploads\/2022\/05\/13-150x150.png 150w\" sizes=\"(max-width: 257px) 100vw, 257px\" \/><\/figure><\/div>\n\n\n\n<p>Informes meteorol\u00f3gicos indican que este clima lleg\u00f3 para quedarse hasta el mes de Agosto, mientras que unos pocos afirman se extender\u00e1 solo por esta semana.<\/p>\n\n\n\n<p>Lo cierto es que vienen cumpli\u00e9ndose los pron\u00f3sticos. Desde el s\u00e1bado que la temperatura est\u00e1 por debajo de cero antes de la medianoche de cada d\u00eda. Trenque Lauquen figura entre las ciudades que est\u00e1n incorporados en una especie de ranking que se viene elaborando en distintos \u00e1mbitos y a los que la casi totalidad de medios de comunicaci\u00f3n brindan mucha importancia. <\/p>\n\n\n\n<p>La agencia de noticias Telam indica en uno de sus despachos que <strong>la ciudad chubutense de&nbsp;Esquel fue este martes el lugar m\u00e1s fr\u00edo del pa\u00eds, con una temperatura de -8,3 grados,&nbsp;seguido por Malarg\u00fce, en Mendoza, con una temperatura de -5,8 grados pero una sensaci\u00f3n t\u00e9rmica de -8,5 grados, seg\u00fan el registro del Servicio Meteorol\u00f3gico Nacional (SMN) actualizado a las 7<\/strong>.<\/p>\n\n\n\n<p><strong>En un marco de bajas temperaturas en todo el pa\u00eds<\/strong>, <strong>con una masa de aire fr\u00edo de origen polar, Santa Rosa, la capital de La Pampa, registraba -4.9 grados, en tanto que las ciudades bonaerenses de San Carlos de Bol\u00edvar ten\u00eda -4.2\u00ba grados y Azul -3.2\u00baC<\/strong>.<\/p>\n\n\n\n<div class=\"wp-block-image\"><figure class=\"aligncenter size-large\"><img loading=\"lazy\" decoding=\"async\" width=\"257\" height=\"256\" src=\"http:\/\/infoecos.com.ar\/wp-content\/uploads\/2022\/05\/25.png\" alt=\"\" class=\"wp-image-93221\" srcset=\"https:\/\/infoecos.com.ar\/wp-content\/uploads\/2022\/05\/25.png 257w, https:\/\/infoecos.com.ar\/wp-content\/uploads\/2022\/05\/25-150x150.png 150w\" sizes=\"(max-width: 257px) 100vw, 257px\" \/><\/figure><\/div>\n\n\n\n<p><strong>Otras ciudades con marcas bajo cero eran Venado Tuerto, en Santa Fe, con -2.9 grados; Olavarr\u00eda y Tandil, en Buenos Aires, con -2.8 y -2,6 grados; Rosario, en Santa Fe, con -2.1 grados; y en el conurbano bonaerense Ezeiza con -1.3 grados, San Fernando con -1 grados y Merlo con -0.6\u00ba grados<\/strong>.<\/p>\n\n\n\n<div class=\"wp-block-image\"><figure class=\"aligncenter size-large is-resized\"><img loading=\"lazy\" decoding=\"async\" src=\"http:\/\/infoecos.com.ar\/wp-content\/uploads\/2022\/05\/TOP_C13_ARG_ALTA_20220531_201020Z.jpg\" alt=\"\" class=\"wp-image-93222\" width=\"397\" height=\"341\" srcset=\"https:\/\/infoecos.com.ar\/wp-content\/uploads\/2022\/05\/TOP_C13_ARG_ALTA_20220531_201020Z.jpg 821w, https:\/\/infoecos.com.ar\/wp-content\/uploads\/2022\/05\/TOP_C13_ARG_ALTA_20220531_201020Z-460x395.jpg 460w, https:\/\/infoecos.com.ar\/wp-content\/uploads\/2022\/05\/TOP_C13_ARG_ALTA_20220531_201020Z-768x659.jpg 768w\" sizes=\"(max-width: 397px) 100vw, 397px\" \/><\/figure><\/div>\n\n\n\n<p>El pron\u00f3stico del tiempo anticipa temperaturas bajas para este mi\u00e9rcoles y jueves durante la noche\/madrugada, con una leve levantada a partir del viernes. El lunes pr\u00f3ximo oscilar\u00eda entre los 6 de m\u00ednima y 18 de m\u00e1xima.<\/p>\n","protected":false},"excerpt":{"rendered":"<p>Informes meteorol\u00f3gicos indican que este clima lleg\u00f3 para quedarse hasta el mes de Agosto, mientras que unos pocos afirman se extender\u00e1 solo por esta semana<\/p>\n","protected":false},"author":2,"featured_media":93222,"comment_status":"closed","ping_status":"open","sticky":false,"template":"","format":"standard","meta":{"footnotes":""},"categories":[47],"tags":[6141],"class_list":["post-93219","post","type-post","status-publish","format-standard","has-post-thumbnail","hentry","category-c3nota2","tag-clima-t-lauquen"],"yoast_head":"<!-- This site is optimized with the Yoast SEO plugin v23.4 - https:\/\/yoast.com\/wordpress\/plugins\/seo\/ -->\n<title>Trenque Lauquen entre las ciudades m\u00e1s fr\u00edas del pa\u00eds - Infoecos<\/title>\n<meta name=\"robots\" content=\"index, follow, max-snippet:-1, max-image-preview:large, max-video-preview:-1\" \/>\n<link rel=\"canonical\" href=\"https:\/\/infoecos.com.ar\/index.php\/trenque-lauquen-entre-las-ciudades-mas-frias-del-pais\/\" \/>\n<meta property=\"og:locale\" content=\"es_ES\" \/>\n<meta property=\"og:type\" content=\"article\" \/>\n<meta property=\"og:title\" content=\"Trenque Lauquen entre las ciudades m\u00e1s fr\u00edas del pa\u00eds - Infoecos\" \/>\n<meta property=\"og:description\" content=\"Informes meteorol\u00f3gicos indican que este clima lleg\u00f3 para quedarse hasta el mes de Agosto, mientras que unos pocos afirman se extender\u00e1 solo por esta semana\" \/>\n<meta property=\"og:url\" content=\"https:\/\/infoecos.com.ar\/index.php\/trenque-lauquen-entre-las-ciudades-mas-frias-del-pais\/\" \/>\n<meta property=\"og:site_name\" content=\"Infoecos\" \/>\n<meta property=\"article:publisher\" content=\"https:\/\/www.facebook.com\/profile.php?id=100063200290284\" \/>\n<meta property=\"article:published_time\" content=\"2022-05-31T20:49:36+00:00\" \/>\n<meta property=\"article:modified_time\" content=\"2022-06-01T06:05:14+00:00\" \/>\n<meta property=\"og:image\" content=\"https:\/\/infoecos.com.ar\/wp-content\/uploads\/2022\/05\/TOP_C13_ARG_ALTA_20220531_201020Z.jpg\" \/>\n\t<meta property=\"og:image:width\" content=\"821\" \/>\n\t<meta property=\"og:image:height\" content=\"705\" \/>\n\t<meta property=\"og:image:type\" content=\"image\/jpeg\" \/>\n<meta name=\"author\" content=\"Jorge Matheus\" \/>\n<meta name=\"twitter:card\" content=\"summary_large_image\" \/>\n<meta name=\"twitter:creator\" content=\"@infoecos\" \/>\n<meta name=\"twitter:site\" content=\"@infoecos\" \/>\n<meta name=\"twitter:label1\" content=\"Escrito por\" \/>\n\t<meta name=\"twitter:data1\" content=\"Jorge Matheus\" \/>\n\t<meta name=\"twitter:label2\" content=\"Tiempo de lectura\" \/>\n\t<meta name=\"twitter:data2\" content=\"2 minutos\" \/>\n<script type=\"application\/ld+json\" class=\"yoast-schema-graph\">{\"@context\":\"https:\/\/schema.org\",\"@graph\":[{\"@type\":\"Article\",\"@id\":\"https:\/\/infoecos.com.ar\/index.php\/trenque-lauquen-entre-las-ciudades-mas-frias-del-pais\/#article\",\"isPartOf\":{\"@id\":\"https:\/\/infoecos.com.ar\/index.php\/trenque-lauquen-entre-las-ciudades-mas-frias-del-pais\/\"},\"author\":{\"name\":\"Jorge Matheus\",\"@id\":\"https:\/\/infoecos.com.ar\/#\/schema\/person\/8f5ace5ce73b4b4aac4b7245aee6f191\"},\"headline\":\"Trenque Lauquen entre las ciudades m\u00e1s fr\u00edas del pa\u00eds\",\"datePublished\":\"2022-05-31T20:49:36+00:00\",\"dateModified\":\"2022-06-01T06:05:14+00:00\",\"mainEntityOfPage\":{\"@id\":\"https:\/\/infoecos.com.ar\/index.php\/trenque-lauquen-entre-las-ciudades-mas-frias-del-pais\/\"},\"wordCount\":396,\"publisher\":{\"@id\":\"https:\/\/infoecos.com.ar\/#organization\"},\"image\":{\"@id\":\"https:\/\/infoecos.com.ar\/index.php\/trenque-lauquen-entre-las-ciudades-mas-frias-del-pais\/#primaryimage\"},\"thumbnailUrl\":\"https:\/\/infoecos.com.ar\/wp-content\/uploads\/2022\/05\/TOP_C13_ARG_ALTA_20220531_201020Z.jpg\",\"keywords\":[\"CLIMA - T.LAUQUEN\"],\"articleSection\":[\"C3 N2\"],\"inLanguage\":\"es\"},{\"@type\":\"WebPage\",\"@id\":\"https:\/\/infoecos.com.ar\/index.php\/trenque-lauquen-entre-las-ciudades-mas-frias-del-pais\/\",\"url\":\"https:\/\/infoecos.com.ar\/index.php\/trenque-lauquen-entre-las-ciudades-mas-frias-del-pais\/\",\"name\":\"Trenque Lauquen entre las ciudades m\u00e1s fr\u00edas del pa\u00eds - Infoecos\",\"isPartOf\":{\"@id\":\"https:\/\/infoecos.com.ar\/#website\"},\"primaryImageOfPage\":{\"@id\":\"https:\/\/infoecos.com.ar\/index.php\/trenque-lauquen-entre-las-ciudades-mas-frias-del-pais\/#primaryimage\"},\"image\":{\"@id\":\"https:\/\/infoecos.com.ar\/index.php\/trenque-lauquen-entre-las-ciudades-mas-frias-del-pais\/#primaryimage\"},\"thumbnailUrl\":\"https:\/\/infoecos.com.ar\/wp-content\/uploads\/2022\/05\/TOP_C13_ARG_ALTA_20220531_201020Z.jpg\",\"datePublished\":\"2022-05-31T20:49:36+00:00\",\"dateModified\":\"2022-06-01T06:05:14+00:00\",\"breadcrumb\":{\"@id\":\"https:\/\/infoecos.com.ar\/index.php\/trenque-lauquen-entre-las-ciudades-mas-frias-del-pais\/#breadcrumb\"},\"inLanguage\":\"es\",\"potentialAction\":[{\"@type\":\"ReadAction\",\"target\":[\"https:\/\/infoecos.com.ar\/index.php\/trenque-lauquen-entre-las-ciudades-mas-frias-del-pais\/\"]}]},{\"@type\":\"ImageObject\",\"inLanguage\":\"es\",\"@id\":\"https:\/\/infoecos.com.ar\/index.php\/trenque-lauquen-entre-las-ciudades-mas-frias-del-pais\/#primaryimage\",\"url\":\"https:\/\/infoecos.com.ar\/wp-content\/uploads\/2022\/05\/TOP_C13_ARG_ALTA_20220531_201020Z.jpg\",\"contentUrl\":\"https:\/\/infoecos.com.ar\/wp-content\/uploads\/2022\/05\/TOP_C13_ARG_ALTA_20220531_201020Z.jpg\",\"width\":821,\"height\":705},{\"@type\":\"BreadcrumbList\",\"@id\":\"https:\/\/infoecos.com.ar\/index.php\/trenque-lauquen-entre-las-ciudades-mas-frias-del-pais\/#breadcrumb\",\"itemListElement\":[{\"@type\":\"ListItem\",\"position\":1,\"name\":\"Portada\",\"item\":\"https:\/\/infoecos.com.ar\/\"},{\"@type\":\"ListItem\",\"position\":2,\"name\":\"Trenque Lauquen entre las ciudades m\u00e1s fr\u00edas del pa\u00eds\"}]},{\"@type\":\"WebSite\",\"@id\":\"https:\/\/infoecos.com.ar\/#website\",\"url\":\"https:\/\/infoecos.com.ar\/\",\"name\":\"Infoecos\",\"description\":\"Noticias de trenque lauquen y la zona\",\"publisher\":{\"@id\":\"https:\/\/infoecos.com.ar\/#organization\"},\"alternateName\":\"Noticias\",\"potentialAction\":[{\"@type\":\"SearchAction\",\"target\":{\"@type\":\"EntryPoint\",\"urlTemplate\":\"https:\/\/infoecos.com.ar\/?s={search_term_string}\"},\"query-input\":{\"@type\":\"PropertyValueSpecification\",\"valueRequired\":true,\"valueName\":\"search_term_string\"}}],\"inLanguage\":\"es\"},{\"@type\":\"Organization\",\"@id\":\"https:\/\/infoecos.com.ar\/#organization\",\"name\":\"Infoecos\",\"alternateName\":\"Noticias\",\"url\":\"https:\/\/infoecos.com.ar\/\",\"logo\":{\"@type\":\"ImageObject\",\"inLanguage\":\"es\",\"@id\":\"https:\/\/infoecos.com.ar\/#\/schema\/logo\/image\/\",\"url\":\"https:\/\/infoecos.com.ar\/wp-content\/uploads\/2024\/03\/cropped-logo.png\",\"contentUrl\":\"https:\/\/infoecos.com.ar\/wp-content\/uploads\/2024\/03\/cropped-logo.png\",\"width\":374,\"height\":90,\"caption\":\"Infoecos\"},\"image\":{\"@id\":\"https:\/\/infoecos.com.ar\/#\/schema\/logo\/image\/\"},\"sameAs\":[\"https:\/\/www.facebook.com\/profile.php?id=100063200290284\",\"https:\/\/x.com\/infoecos\"]},{\"@type\":\"Person\",\"@id\":\"https:\/\/infoecos.com.ar\/#\/schema\/person\/8f5ace5ce73b4b4aac4b7245aee6f191\",\"name\":\"Jorge Matheus\",\"url\":\"https:\/\/infoecos.com.ar\/index.php\/author\/jomatheus\/\"}]}<\/script>\n<!-- \/ Yoast SEO plugin. -->","yoast_head_json":{"title":"Trenque Lauquen entre las ciudades m\u00e1s fr\u00edas del pa\u00eds - Infoecos","robots":{"index":"index","follow":"follow","max-snippet":"max-snippet:-1","max-image-preview":"max-image-preview:large","max-video-preview":"max-video-preview:-1"},"canonical":"https:\/\/infoecos.com.ar\/index.php\/trenque-lauquen-entre-las-ciudades-mas-frias-del-pais\/","og_locale":"es_ES","og_type":"article","og_title":"Trenque Lauquen entre las ciudades m\u00e1s fr\u00edas del pa\u00eds - Infoecos","og_description":"Informes meteorol\u00f3gicos indican que este clima lleg\u00f3 para quedarse hasta el mes de Agosto, mientras que unos pocos afirman se extender\u00e1 solo por esta semana","og_url":"https:\/\/infoecos.com.ar\/index.php\/trenque-lauquen-entre-las-ciudades-mas-frias-del-pais\/","og_site_name":"Infoecos","article_publisher":"https:\/\/www.facebook.com\/profile.php?id=100063200290284","article_published_time":"2022-05-31T20:49:36+00:00","article_modified_time":"2022-06-01T06:05:14+00:00","og_image":[{"width":821,"height":705,"url":"https:\/\/infoecos.com.ar\/wp-content\/uploads\/2022\/05\/TOP_C13_ARG_ALTA_20220531_201020Z.jpg","type":"image\/jpeg"}],"author":"Jorge Matheus","twitter_card":"summary_large_image","twitter_creator":"@infoecos","twitter_site":"@infoecos","twitter_misc":{"Escrito por":"Jorge Matheus","Tiempo de lectura":"2 minutos"},"schema":{"@context":"https:\/\/schema.org","@graph":[{"@type":"Article","@id":"https:\/\/infoecos.com.ar\/index.php\/trenque-lauquen-entre-las-ciudades-mas-frias-del-pais\/#article","isPartOf":{"@id":"https:\/\/infoecos.com.ar\/index.php\/trenque-lauquen-entre-las-ciudades-mas-frias-del-pais\/"},"author":{"name":"Jorge Matheus","@id":"https:\/\/infoecos.com.ar\/#\/schema\/person\/8f5ace5ce73b4b4aac4b7245aee6f191"},"headline":"Trenque Lauquen entre las ciudades m\u00e1s fr\u00edas del pa\u00eds","datePublished":"2022-05-31T20:49:36+00:00","dateModified":"2022-06-01T06:05:14+00:00","mainEntityOfPage":{"@id":"https:\/\/infoecos.com.ar\/index.php\/trenque-lauquen-entre-las-ciudades-mas-frias-del-pais\/"},"wordCount":396,"publisher":{"@id":"https:\/\/infoecos.com.ar\/#organization"},"image":{"@id":"https:\/\/infoecos.com.ar\/index.php\/trenque-lauquen-entre-las-ciudades-mas-frias-del-pais\/#primaryimage"},"thumbnailUrl":"https:\/\/infoecos.com.ar\/wp-content\/uploads\/2022\/05\/TOP_C13_ARG_ALTA_20220531_201020Z.jpg","keywords":["CLIMA - T.LAUQUEN"],"articleSection":["C3 N2"],"inLanguage":"es"},{"@type":"WebPage","@id":"https:\/\/infoecos.com.ar\/index.php\/trenque-lauquen-entre-las-ciudades-mas-frias-del-pais\/","url":"https:\/\/infoecos.com.ar\/index.php\/trenque-lauquen-entre-las-ciudades-mas-frias-del-pais\/","name":"Trenque Lauquen entre las ciudades m\u00e1s fr\u00edas del pa\u00eds - Infoecos","isPartOf":{"@id":"https:\/\/infoecos.com.ar\/#website"},"primaryImageOfPage":{"@id":"https:\/\/infoecos.com.ar\/index.php\/trenque-lauquen-entre-las-ciudades-mas-frias-del-pais\/#primaryimage"},"image":{"@id":"https:\/\/infoecos.com.ar\/index.php\/trenque-lauquen-entre-las-ciudades-mas-frias-del-pais\/#primaryimage"},"thumbnailUrl":"https:\/\/infoecos.com.ar\/wp-content\/uploads\/2022\/05\/TOP_C13_ARG_ALTA_20220531_201020Z.jpg","datePublished":"2022-05-31T20:49:36+00:00","dateModified":"2022-06-01T06:05:14+00:00","breadcrumb":{"@id":"https:\/\/infoecos.com.ar\/index.php\/trenque-lauquen-entre-las-ciudades-mas-frias-del-pais\/#breadcrumb"},"inLanguage":"es","potentialAction":[{"@type":"ReadAction","target":["https:\/\/infoecos.com.ar\/index.php\/trenque-lauquen-entre-las-ciudades-mas-frias-del-pais\/"]}]},{"@type":"ImageObject","inLanguage":"es","@id":"https:\/\/infoecos.com.ar\/index.php\/trenque-lauquen-entre-las-ciudades-mas-frias-del-pais\/#primaryimage","url":"https:\/\/infoecos.com.ar\/wp-content\/uploads\/2022\/05\/TOP_C13_ARG_ALTA_20220531_201020Z.jpg","contentUrl":"https:\/\/infoecos.com.ar\/wp-content\/uploads\/2022\/05\/TOP_C13_ARG_ALTA_20220531_201020Z.jpg","width":821,"height":705},{"@type":"BreadcrumbList","@id":"https:\/\/infoecos.com.ar\/index.php\/trenque-lauquen-entre-las-ciudades-mas-frias-del-pais\/#breadcrumb","itemListElement":[{"@type":"ListItem","position":1,"name":"Portada","item":"https:\/\/infoecos.com.ar\/"},{"@type":"ListItem","position":2,"name":"Trenque Lauquen entre las ciudades m\u00e1s fr\u00edas del pa\u00eds"}]},{"@type":"WebSite","@id":"https:\/\/infoecos.com.ar\/#website","url":"https:\/\/infoecos.com.ar\/","name":"Infoecos","description":"Noticias de trenque lauquen y la zona","publisher":{"@id":"https:\/\/infoecos.com.ar\/#organization"},"alternateName":"Noticias","potentialAction":[{"@type":"SearchAction","target":{"@type":"EntryPoint","urlTemplate":"https:\/\/infoecos.com.ar\/?s={search_term_string}"},"query-input":{"@type":"PropertyValueSpecification","valueRequired":true,"valueName":"search_term_string"}}],"inLanguage":"es"},{"@type":"Organization","@id":"https:\/\/infoecos.com.ar\/#organization","name":"Infoecos","alternateName":"Noticias","url":"https:\/\/infoecos.com.ar\/","logo":{"@type":"ImageObject","inLanguage":"es","@id":"https:\/\/infoecos.com.ar\/#\/schema\/logo\/image\/","url":"https:\/\/infoecos.com.ar\/wp-content\/uploads\/2024\/03\/cropped-logo.png","contentUrl":"https:\/\/infoecos.com.ar\/wp-content\/uploads\/2024\/03\/cropped-logo.png","width":374,"height":90,"caption":"Infoecos"},"image":{"@id":"https:\/\/infoecos.com.ar\/#\/schema\/logo\/image\/"},"sameAs":["https:\/\/www.facebook.com\/profile.php?id=100063200290284","https:\/\/x.com\/infoecos"]},{"@type":"Person","@id":"https:\/\/infoecos.com.ar\/#\/schema\/person\/8f5ace5ce73b4b4aac4b7245aee6f191","name":"Jorge Matheus","url":"https:\/\/infoecos.com.ar\/index.php\/author\/jomatheus\/"}]}},"featured_image_urls":{"full":["https:\/\/infoecos.com.ar\/wp-content\/uploads\/2022\/05\/TOP_C13_ARG_ALTA_20220531_201020Z.jpg",821,705,false],"thumbnail":["https:\/\/infoecos.com.ar\/wp-content\/uploads\/2022\/05\/TOP_C13_ARG_ALTA_20220531_201020Z-150x150.jpg",150,150,true],"medium":["https:\/\/infoecos.com.ar\/wp-content\/uploads\/2022\/05\/TOP_C13_ARG_ALTA_20220531_201020Z-460x395.jpg",460,395,true],"medium_large":["https:\/\/infoecos.com.ar\/wp-content\/uploads\/2022\/05\/TOP_C13_ARG_ALTA_20220531_201020Z-768x659.jpg",640,549,true],"large":["https:\/\/infoecos.com.ar\/wp-content\/uploads\/2022\/05\/TOP_C13_ARG_ALTA_20220531_201020Z.jpg",640,550,false],"1536x1536":["https:\/\/infoecos.com.ar\/wp-content\/uploads\/2022\/05\/TOP_C13_ARG_ALTA_20220531_201020Z.jpg",821,705,false],"2048x2048":["https:\/\/infoecos.com.ar\/wp-content\/uploads\/2022\/05\/TOP_C13_ARG_ALTA_20220531_201020Z.jpg",821,705,false],"covernews-slider-full":["https:\/\/infoecos.com.ar\/wp-content\/uploads\/2022\/05\/TOP_C13_ARG_ALTA_20220531_201020Z.jpg",821,705,false],"covernews-slider-center":["https:\/\/infoecos.com.ar\/wp-content\/uploads\/2022\/05\/TOP_C13_ARG_ALTA_20220531_201020Z.jpg",582,500,false],"covernews-featured":["https:\/\/infoecos.com.ar\/wp-content\/uploads\/2022\/05\/TOP_C13_ARG_ALTA_20220531_201020Z.jpg",821,705,false],"covernews-medium":["https:\/\/infoecos.com.ar\/wp-content\/uploads\/2022\/05\/TOP_C13_ARG_ALTA_20220531_201020Z-720x380.jpg",540,285,true],"covernews-medium-square":["https:\/\/infoecos.com.ar\/wp-content\/uploads\/2022\/05\/TOP_C13_ARG_ALTA_20220531_201020Z-675x450.jpg",375,250,true]},"author_info":{"info":["Jorge Matheus"]},"category_info":"<a href=\"https:\/\/infoecos.com.ar\/index.php\/category\/c3nota2\/\" rel=\"category tag\">C3 N2<\/a>","tag_info":"C3 N2","comment_count":"0","_links":{"self":[{"href":"https:\/\/infoecos.com.ar\/index.php\/wp-json\/wp\/v2\/posts\/93219"}],"collection":[{"href":"https:\/\/infoecos.com.ar\/index.php\/wp-json\/wp\/v2\/posts"}],"about":[{"href":"https:\/\/infoecos.com.ar\/index.php\/wp-json\/wp\/v2\/types\/post"}],"author":[{"embeddable":true,"href":"https:\/\/infoecos.com.ar\/index.php\/wp-json\/wp\/v2\/users\/2"}],"replies":[{"embeddable":true,"href":"https:\/\/infoecos.com.ar\/index.php\/wp-json\/wp\/v2\/comments?post=93219"}],"version-history":[{"count":1,"href":"https:\/\/infoecos.com.ar\/index.php\/wp-json\/wp\/v2\/posts\/93219\/revisions"}],"predecessor-version":[{"id":93223,"href":"https:\/\/infoecos.com.ar\/index.php\/wp-json\/wp\/v2\/posts\/93219\/revisions\/93223"}],"wp:featuredmedia":[{"embeddable":true,"href":"https:\/\/infoecos.com.ar\/index.php\/wp-json\/wp\/v2\/media\/93222"}],"wp:attachment":[{"href":"https:\/\/infoecos.com.ar\/index.php\/wp-json\/wp\/v2\/media?parent=93219"}],"wp:term":[{"taxonomy":"category","embeddable":true,"href":"https:\/\/infoecos.com.ar\/index.php\/wp-json\/wp\/v2\/categories?post=93219"},{"taxonomy":"post_tag","embeddable":true,"href":"https:\/\/infoecos.com.ar\/index.php\/wp-json\/wp\/v2\/tags?post=93219"}],"curies":[{"name":"wp","href":"https:\/\/api.w.org\/{rel}","templated":true}]}}