{"id":93275,"date":"2022-06-01T02:29:47","date_gmt":"2022-06-01T05:29:47","guid":{"rendered":"http:\/\/infoecos.com.ar\/?p=93275"},"modified":"2022-06-01T02:30:37","modified_gmt":"2022-06-01T05:30:37","slug":"ambulancia-de-alta-complejidad-para-el-distrito-de-salliquelo-y-ampliacion-de-las-redes-de-servicios-publicos","status":"publish","type":"post","link":"https:\/\/infoecos.com.ar\/index.php\/ambulancia-de-alta-complejidad-para-el-distrito-de-salliquelo-y-ampliacion-de-las-redes-de-servicios-publicos\/","title":{"rendered":"Ambulancia de alta complejidad para el distrito de Salliquel\u00f3 y ampliaci\u00f3n de las redes de servicios p\u00fablicos"},"content":{"rendered":"\n<p>El Intendente Municipal de Salliquel\u00f3, Ing. Juan Miguel Nosetti y el Presidente del Concejo Deliberante, Ariel Succurro, se reunieron con el Secretario de Municipios de la Naci\u00f3n, Avelino Zurro, con quien gestionaron la adquisici\u00f3n de una nueva ambulancia de alta complejidad, obtenida a trav\u00e9s del programa Nacional \u201cMunicipios de Pie.\u201d<\/p>\n\n\n\n<div class=\"wp-block-image\"><figure class=\"aligncenter size-large\"><img loading=\"lazy\" decoding=\"async\" width=\"480\" height=\"320\" src=\"http:\/\/infoecos.com.ar\/wp-content\/uploads\/2022\/06\/sucurroynosetti.jpg\" alt=\"\" class=\"wp-image-93276\" srcset=\"https:\/\/infoecos.com.ar\/wp-content\/uploads\/2022\/06\/sucurroynosetti.jpg 480w, https:\/\/infoecos.com.ar\/wp-content\/uploads\/2022\/06\/sucurroynosetti-460x307.jpg 460w\" sizes=\"(max-width: 480px) 100vw, 480px\" \/><\/figure><\/div>\n\n\n\n<p>\u201cEs una prioridad para nuestro distrito, un genuino reclamo que viene sosteniendo todo el personal de salud y la comunidad en general\u201d, expresaron Nosetti y Succurro, agregando adem\u00e1s: \u201cVamos a trabajar con agilidad para que la ambulancia llegue cuanto antes\u201d.<\/p>\n\n\n\n<p>El Programa \u201cMunicipios de Pie\u201d tiene como objetivo potenciar el rol de los municipios del interior del pa\u00eds, atendiendo necesidades de cada pueblo.<\/p>\n\n\n\n<div class=\"wp-block-image\"><figure class=\"aligncenter size-large is-resized\"><img loading=\"lazy\" decoding=\"async\" src=\"http:\/\/infoecos.com.ar\/wp-content\/uploads\/2022\/06\/sucurroconalvarez-920x613.jpg\" alt=\"\" class=\"wp-image-93277\" width=\"463\" height=\"308\" srcset=\"https:\/\/infoecos.com.ar\/wp-content\/uploads\/2022\/06\/sucurroconalvarez-920x613.jpg 920w, https:\/\/infoecos.com.ar\/wp-content\/uploads\/2022\/06\/sucurroconalvarez-460x306.jpg 460w, https:\/\/infoecos.com.ar\/wp-content\/uploads\/2022\/06\/sucurroconalvarez-768x512.jpg 768w, https:\/\/infoecos.com.ar\/wp-content\/uploads\/2022\/06\/sucurroconalvarez-675x450.jpg 675w, https:\/\/infoecos.com.ar\/wp-content\/uploads\/2022\/06\/sucurroconalvarez.jpg 1024w\" sizes=\"(max-width: 463px) 100vw, 463px\" \/><\/figure><\/div>\n\n\n\n<p>Succurro tambi\u00e9n se reuni\u00f3 con N\u00e9stor \u00c1lvarez en el Enhosa. Se evaluaron las obras ejecutadas de agua y cloacas, a la vez que se proyectaron nuevas ampliaciones para la red cloacal a realizar en forma conjunta con Absa. <\/p>\n","protected":false},"excerpt":{"rendered":"<p>Succurro tambi\u00e9n se reuni\u00f3 con N\u00e9stor \u00c1lvarez en el Enhosa. Se evaluaron las obras ejecutadas de agua y cloacas, a la vez que se proyectaron nuevas ampliaciones <\/p>\n","protected":false},"author":2,"featured_media":93276,"comment_status":"closed","ping_status":"open","sticky":false,"template":"","format":"standard","meta":{"footnotes":""},"categories":[48],"tags":[6145],"class_list":["post-93275","post","type-post","status-publish","format-standard","has-post-thumbnail","hentry","category-c2nota3","tag-regional-sucurro-y-nosetti"],"yoast_head":"<!-- This site is optimized with the Yoast SEO plugin v23.4 - https:\/\/yoast.com\/wordpress\/plugins\/seo\/ -->\n<title>Ambulancia de alta complejidad para el distrito de Salliquel\u00f3 y ampliaci\u00f3n de las redes de servicios p\u00fablicos - Infoecos<\/title>\n<meta name=\"robots\" content=\"index, follow, max-snippet:-1, max-image-preview:large, max-video-preview:-1\" \/>\n<link rel=\"canonical\" href=\"https:\/\/infoecos.com.ar\/index.php\/ambulancia-de-alta-complejidad-para-el-distrito-de-salliquelo-y-ampliacion-de-las-redes-de-servicios-publicos\/\" \/>\n<meta property=\"og:locale\" content=\"es_ES\" \/>\n<meta property=\"og:type\" content=\"article\" \/>\n<meta property=\"og:title\" content=\"Ambulancia de alta complejidad para el distrito de Salliquel\u00f3 y ampliaci\u00f3n de las redes de servicios p\u00fablicos - Infoecos\" \/>\n<meta property=\"og:description\" content=\"Succurro tambi\u00e9n se reuni\u00f3 con N\u00e9stor \u00c1lvarez en el Enhosa. Se evaluaron las obras ejecutadas de agua y cloacas, a la vez que se proyectaron nuevas ampliaciones\" \/>\n<meta property=\"og:url\" content=\"https:\/\/infoecos.com.ar\/index.php\/ambulancia-de-alta-complejidad-para-el-distrito-de-salliquelo-y-ampliacion-de-las-redes-de-servicios-publicos\/\" \/>\n<meta property=\"og:site_name\" content=\"Infoecos\" \/>\n<meta property=\"article:publisher\" content=\"https:\/\/www.facebook.com\/profile.php?id=100063200290284\" \/>\n<meta property=\"article:published_time\" content=\"2022-06-01T05:29:47+00:00\" \/>\n<meta property=\"article:modified_time\" content=\"2022-06-01T05:30:37+00:00\" \/>\n<meta property=\"og:image\" content=\"https:\/\/infoecos.com.ar\/wp-content\/uploads\/2022\/06\/sucurroynosetti.jpg\" \/>\n\t<meta property=\"og:image:width\" content=\"480\" \/>\n\t<meta property=\"og:image:height\" content=\"320\" \/>\n\t<meta property=\"og:image:type\" content=\"image\/jpeg\" \/>\n<meta name=\"author\" content=\"Jorge Matheus\" \/>\n<meta name=\"twitter:card\" content=\"summary_large_image\" \/>\n<meta name=\"twitter:creator\" content=\"@infoecos\" \/>\n<meta name=\"twitter:site\" content=\"@infoecos\" \/>\n<meta name=\"twitter:label1\" content=\"Escrito por\" \/>\n\t<meta name=\"twitter:data1\" content=\"Jorge Matheus\" \/>\n\t<meta name=\"twitter:label2\" content=\"Tiempo de lectura\" \/>\n\t<meta name=\"twitter:data2\" content=\"1 minuto\" \/>\n<script type=\"application\/ld+json\" class=\"yoast-schema-graph\">{\"@context\":\"https:\/\/schema.org\",\"@graph\":[{\"@type\":\"Article\",\"@id\":\"https:\/\/infoecos.com.ar\/index.php\/ambulancia-de-alta-complejidad-para-el-distrito-de-salliquelo-y-ampliacion-de-las-redes-de-servicios-publicos\/#article\",\"isPartOf\":{\"@id\":\"https:\/\/infoecos.com.ar\/index.php\/ambulancia-de-alta-complejidad-para-el-distrito-de-salliquelo-y-ampliacion-de-las-redes-de-servicios-publicos\/\"},\"author\":{\"name\":\"Jorge Matheus\",\"@id\":\"https:\/\/infoecos.com.ar\/#\/schema\/person\/8f5ace5ce73b4b4aac4b7245aee6f191\"},\"headline\":\"Ambulancia de alta complejidad para el distrito de Salliquel\u00f3 y ampliaci\u00f3n de las redes de servicios p\u00fablicos\",\"datePublished\":\"2022-06-01T05:29:47+00:00\",\"dateModified\":\"2022-06-01T05:30:37+00:00\",\"mainEntityOfPage\":{\"@id\":\"https:\/\/infoecos.com.ar\/index.php\/ambulancia-de-alta-complejidad-para-el-distrito-de-salliquelo-y-ampliacion-de-las-redes-de-servicios-publicos\/\"},\"wordCount\":177,\"publisher\":{\"@id\":\"https:\/\/infoecos.com.ar\/#organization\"},\"image\":{\"@id\":\"https:\/\/infoecos.com.ar\/index.php\/ambulancia-de-alta-complejidad-para-el-distrito-de-salliquelo-y-ampliacion-de-las-redes-de-servicios-publicos\/#primaryimage\"},\"thumbnailUrl\":\"https:\/\/infoecos.com.ar\/wp-content\/uploads\/2022\/06\/sucurroynosetti.jpg\",\"keywords\":[\"REGIONAL - SUCURRO Y NOSETTI\"],\"articleSection\":[\"C2 N3\"],\"inLanguage\":\"es\"},{\"@type\":\"WebPage\",\"@id\":\"https:\/\/infoecos.com.ar\/index.php\/ambulancia-de-alta-complejidad-para-el-distrito-de-salliquelo-y-ampliacion-de-las-redes-de-servicios-publicos\/\",\"url\":\"https:\/\/infoecos.com.ar\/index.php\/ambulancia-de-alta-complejidad-para-el-distrito-de-salliquelo-y-ampliacion-de-las-redes-de-servicios-publicos\/\",\"name\":\"Ambulancia de alta complejidad para el distrito de Salliquel\u00f3 y ampliaci\u00f3n de las redes de servicios p\u00fablicos - Infoecos\",\"isPartOf\":{\"@id\":\"https:\/\/infoecos.com.ar\/#website\"},\"primaryImageOfPage\":{\"@id\":\"https:\/\/infoecos.com.ar\/index.php\/ambulancia-de-alta-complejidad-para-el-distrito-de-salliquelo-y-ampliacion-de-las-redes-de-servicios-publicos\/#primaryimage\"},\"image\":{\"@id\":\"https:\/\/infoecos.com.ar\/index.php\/ambulancia-de-alta-complejidad-para-el-distrito-de-salliquelo-y-ampliacion-de-las-redes-de-servicios-publicos\/#primaryimage\"},\"thumbnailUrl\":\"https:\/\/infoecos.com.ar\/wp-content\/uploads\/2022\/06\/sucurroynosetti.jpg\",\"datePublished\":\"2022-06-01T05:29:47+00:00\",\"dateModified\":\"2022-06-01T05:30:37+00:00\",\"breadcrumb\":{\"@id\":\"https:\/\/infoecos.com.ar\/index.php\/ambulancia-de-alta-complejidad-para-el-distrito-de-salliquelo-y-ampliacion-de-las-redes-de-servicios-publicos\/#breadcrumb\"},\"inLanguage\":\"es\",\"potentialAction\":[{\"@type\":\"ReadAction\",\"target\":[\"https:\/\/infoecos.com.ar\/index.php\/ambulancia-de-alta-complejidad-para-el-distrito-de-salliquelo-y-ampliacion-de-las-redes-de-servicios-publicos\/\"]}]},{\"@type\":\"ImageObject\",\"inLanguage\":\"es\",\"@id\":\"https:\/\/infoecos.com.ar\/index.php\/ambulancia-de-alta-complejidad-para-el-distrito-de-salliquelo-y-ampliacion-de-las-redes-de-servicios-publicos\/#primaryimage\",\"url\":\"https:\/\/infoecos.com.ar\/wp-content\/uploads\/2022\/06\/sucurroynosetti.jpg\",\"contentUrl\":\"https:\/\/infoecos.com.ar\/wp-content\/uploads\/2022\/06\/sucurroynosetti.jpg\",\"width\":480,\"height\":320},{\"@type\":\"BreadcrumbList\",\"@id\":\"https:\/\/infoecos.com.ar\/index.php\/ambulancia-de-alta-complejidad-para-el-distrito-de-salliquelo-y-ampliacion-de-las-redes-de-servicios-publicos\/#breadcrumb\",\"itemListElement\":[{\"@type\":\"ListItem\",\"position\":1,\"name\":\"Portada\",\"item\":\"https:\/\/infoecos.com.ar\/\"},{\"@type\":\"ListItem\",\"position\":2,\"name\":\"Ambulancia de alta complejidad para el distrito de Salliquel\u00f3 y ampliaci\u00f3n de las redes de servicios p\u00fablicos\"}]},{\"@type\":\"WebSite\",\"@id\":\"https:\/\/infoecos.com.ar\/#website\",\"url\":\"https:\/\/infoecos.com.ar\/\",\"name\":\"Infoecos\",\"description\":\"Noticias de trenque lauquen y la zona\",\"publisher\":{\"@id\":\"https:\/\/infoecos.com.ar\/#organization\"},\"alternateName\":\"Noticias\",\"potentialAction\":[{\"@type\":\"SearchAction\",\"target\":{\"@type\":\"EntryPoint\",\"urlTemplate\":\"https:\/\/infoecos.com.ar\/?s={search_term_string}\"},\"query-input\":{\"@type\":\"PropertyValueSpecification\",\"valueRequired\":true,\"valueName\":\"search_term_string\"}}],\"inLanguage\":\"es\"},{\"@type\":\"Organization\",\"@id\":\"https:\/\/infoecos.com.ar\/#organization\",\"name\":\"Infoecos\",\"alternateName\":\"Noticias\",\"url\":\"https:\/\/infoecos.com.ar\/\",\"logo\":{\"@type\":\"ImageObject\",\"inLanguage\":\"es\",\"@id\":\"https:\/\/infoecos.com.ar\/#\/schema\/logo\/image\/\",\"url\":\"https:\/\/infoecos.com.ar\/wp-content\/uploads\/2024\/03\/cropped-logo.png\",\"contentUrl\":\"https:\/\/infoecos.com.ar\/wp-content\/uploads\/2024\/03\/cropped-logo.png\",\"width\":374,\"height\":90,\"caption\":\"Infoecos\"},\"image\":{\"@id\":\"https:\/\/infoecos.com.ar\/#\/schema\/logo\/image\/\"},\"sameAs\":[\"https:\/\/www.facebook.com\/profile.php?id=100063200290284\",\"https:\/\/x.com\/infoecos\"]},{\"@type\":\"Person\",\"@id\":\"https:\/\/infoecos.com.ar\/#\/schema\/person\/8f5ace5ce73b4b4aac4b7245aee6f191\",\"name\":\"Jorge Matheus\",\"url\":\"https:\/\/infoecos.com.ar\/index.php\/author\/jomatheus\/\"}]}<\/script>\n<!-- \/ Yoast SEO plugin. -->","yoast_head_json":{"title":"Ambulancia de alta complejidad para el distrito de Salliquel\u00f3 y ampliaci\u00f3n de las redes de servicios p\u00fablicos - Infoecos","robots":{"index":"index","follow":"follow","max-snippet":"max-snippet:-1","max-image-preview":"max-image-preview:large","max-video-preview":"max-video-preview:-1"},"canonical":"https:\/\/infoecos.com.ar\/index.php\/ambulancia-de-alta-complejidad-para-el-distrito-de-salliquelo-y-ampliacion-de-las-redes-de-servicios-publicos\/","og_locale":"es_ES","og_type":"article","og_title":"Ambulancia de alta complejidad para el distrito de Salliquel\u00f3 y ampliaci\u00f3n de las redes de servicios p\u00fablicos - Infoecos","og_description":"Succurro tambi\u00e9n se reuni\u00f3 con N\u00e9stor \u00c1lvarez en el Enhosa. Se evaluaron las obras ejecutadas de agua y cloacas, a la vez que se proyectaron nuevas ampliaciones","og_url":"https:\/\/infoecos.com.ar\/index.php\/ambulancia-de-alta-complejidad-para-el-distrito-de-salliquelo-y-ampliacion-de-las-redes-de-servicios-publicos\/","og_site_name":"Infoecos","article_publisher":"https:\/\/www.facebook.com\/profile.php?id=100063200290284","article_published_time":"2022-06-01T05:29:47+00:00","article_modified_time":"2022-06-01T05:30:37+00:00","og_image":[{"width":480,"height":320,"url":"https:\/\/infoecos.com.ar\/wp-content\/uploads\/2022\/06\/sucurroynosetti.jpg","type":"image\/jpeg"}],"author":"Jorge Matheus","twitter_card":"summary_large_image","twitter_creator":"@infoecos","twitter_site":"@infoecos","twitter_misc":{"Escrito por":"Jorge Matheus","Tiempo de lectura":"1 minuto"},"schema":{"@context":"https:\/\/schema.org","@graph":[{"@type":"Article","@id":"https:\/\/infoecos.com.ar\/index.php\/ambulancia-de-alta-complejidad-para-el-distrito-de-salliquelo-y-ampliacion-de-las-redes-de-servicios-publicos\/#article","isPartOf":{"@id":"https:\/\/infoecos.com.ar\/index.php\/ambulancia-de-alta-complejidad-para-el-distrito-de-salliquelo-y-ampliacion-de-las-redes-de-servicios-publicos\/"},"author":{"name":"Jorge Matheus","@id":"https:\/\/infoecos.com.ar\/#\/schema\/person\/8f5ace5ce73b4b4aac4b7245aee6f191"},"headline":"Ambulancia de alta complejidad para el distrito de Salliquel\u00f3 y ampliaci\u00f3n de las redes de servicios p\u00fablicos","datePublished":"2022-06-01T05:29:47+00:00","dateModified":"2022-06-01T05:30:37+00:00","mainEntityOfPage":{"@id":"https:\/\/infoecos.com.ar\/index.php\/ambulancia-de-alta-complejidad-para-el-distrito-de-salliquelo-y-ampliacion-de-las-redes-de-servicios-publicos\/"},"wordCount":177,"publisher":{"@id":"https:\/\/infoecos.com.ar\/#organization"},"image":{"@id":"https:\/\/infoecos.com.ar\/index.php\/ambulancia-de-alta-complejidad-para-el-distrito-de-salliquelo-y-ampliacion-de-las-redes-de-servicios-publicos\/#primaryimage"},"thumbnailUrl":"https:\/\/infoecos.com.ar\/wp-content\/uploads\/2022\/06\/sucurroynosetti.jpg","keywords":["REGIONAL - SUCURRO Y NOSETTI"],"articleSection":["C2 N3"],"inLanguage":"es"},{"@type":"WebPage","@id":"https:\/\/infoecos.com.ar\/index.php\/ambulancia-de-alta-complejidad-para-el-distrito-de-salliquelo-y-ampliacion-de-las-redes-de-servicios-publicos\/","url":"https:\/\/infoecos.com.ar\/index.php\/ambulancia-de-alta-complejidad-para-el-distrito-de-salliquelo-y-ampliacion-de-las-redes-de-servicios-publicos\/","name":"Ambulancia de alta complejidad para el distrito de Salliquel\u00f3 y ampliaci\u00f3n de las redes de servicios p\u00fablicos - Infoecos","isPartOf":{"@id":"https:\/\/infoecos.com.ar\/#website"},"primaryImageOfPage":{"@id":"https:\/\/infoecos.com.ar\/index.php\/ambulancia-de-alta-complejidad-para-el-distrito-de-salliquelo-y-ampliacion-de-las-redes-de-servicios-publicos\/#primaryimage"},"image":{"@id":"https:\/\/infoecos.com.ar\/index.php\/ambulancia-de-alta-complejidad-para-el-distrito-de-salliquelo-y-ampliacion-de-las-redes-de-servicios-publicos\/#primaryimage"},"thumbnailUrl":"https:\/\/infoecos.com.ar\/wp-content\/uploads\/2022\/06\/sucurroynosetti.jpg","datePublished":"2022-06-01T05:29:47+00:00","dateModified":"2022-06-01T05:30:37+00:00","breadcrumb":{"@id":"https:\/\/infoecos.com.ar\/index.php\/ambulancia-de-alta-complejidad-para-el-distrito-de-salliquelo-y-ampliacion-de-las-redes-de-servicios-publicos\/#breadcrumb"},"inLanguage":"es","potentialAction":[{"@type":"ReadAction","target":["https:\/\/infoecos.com.ar\/index.php\/ambulancia-de-alta-complejidad-para-el-distrito-de-salliquelo-y-ampliacion-de-las-redes-de-servicios-publicos\/"]}]},{"@type":"ImageObject","inLanguage":"es","@id":"https:\/\/infoecos.com.ar\/index.php\/ambulancia-de-alta-complejidad-para-el-distrito-de-salliquelo-y-ampliacion-de-las-redes-de-servicios-publicos\/#primaryimage","url":"https:\/\/infoecos.com.ar\/wp-content\/uploads\/2022\/06\/sucurroynosetti.jpg","contentUrl":"https:\/\/infoecos.com.ar\/wp-content\/uploads\/2022\/06\/sucurroynosetti.jpg","width":480,"height":320},{"@type":"BreadcrumbList","@id":"https:\/\/infoecos.com.ar\/index.php\/ambulancia-de-alta-complejidad-para-el-distrito-de-salliquelo-y-ampliacion-de-las-redes-de-servicios-publicos\/#breadcrumb","itemListElement":[{"@type":"ListItem","position":1,"name":"Portada","item":"https:\/\/infoecos.com.ar\/"},{"@type":"ListItem","position":2,"name":"Ambulancia de alta complejidad para el distrito de Salliquel\u00f3 y ampliaci\u00f3n de las redes de servicios p\u00fablicos"}]},{"@type":"WebSite","@id":"https:\/\/infoecos.com.ar\/#website","url":"https:\/\/infoecos.com.ar\/","name":"Infoecos","description":"Noticias de trenque lauquen y la zona","publisher":{"@id":"https:\/\/infoecos.com.ar\/#organization"},"alternateName":"Noticias","potentialAction":[{"@type":"SearchAction","target":{"@type":"EntryPoint","urlTemplate":"https:\/\/infoecos.com.ar\/?s={search_term_string}"},"query-input":{"@type":"PropertyValueSpecification","valueRequired":true,"valueName":"search_term_string"}}],"inLanguage":"es"},{"@type":"Organization","@id":"https:\/\/infoecos.com.ar\/#organization","name":"Infoecos","alternateName":"Noticias","url":"https:\/\/infoecos.com.ar\/","logo":{"@type":"ImageObject","inLanguage":"es","@id":"https:\/\/infoecos.com.ar\/#\/schema\/logo\/image\/","url":"https:\/\/infoecos.com.ar\/wp-content\/uploads\/2024\/03\/cropped-logo.png","contentUrl":"https:\/\/infoecos.com.ar\/wp-content\/uploads\/2024\/03\/cropped-logo.png","width":374,"height":90,"caption":"Infoecos"},"image":{"@id":"https:\/\/infoecos.com.ar\/#\/schema\/logo\/image\/"},"sameAs":["https:\/\/www.facebook.com\/profile.php?id=100063200290284","https:\/\/x.com\/infoecos"]},{"@type":"Person","@id":"https:\/\/infoecos.com.ar\/#\/schema\/person\/8f5ace5ce73b4b4aac4b7245aee6f191","name":"Jorge Matheus","url":"https:\/\/infoecos.com.ar\/index.php\/author\/jomatheus\/"}]}},"featured_image_urls":{"full":["https:\/\/infoecos.com.ar\/wp-content\/uploads\/2022\/06\/sucurroynosetti.jpg",480,320,false],"thumbnail":["https:\/\/infoecos.com.ar\/wp-content\/uploads\/2022\/06\/sucurroynosetti-150x150.jpg",150,150,true],"medium":["https:\/\/infoecos.com.ar\/wp-content\/uploads\/2022\/06\/sucurroynosetti-460x307.jpg",460,307,true],"medium_large":["https:\/\/infoecos.com.ar\/wp-content\/uploads\/2022\/06\/sucurroynosetti.jpg",480,320,false],"large":["https:\/\/infoecos.com.ar\/wp-content\/uploads\/2022\/06\/sucurroynosetti.jpg",480,320,false],"1536x1536":["https:\/\/infoecos.com.ar\/wp-content\/uploads\/2022\/06\/sucurroynosetti.jpg",480,320,false],"2048x2048":["https:\/\/infoecos.com.ar\/wp-content\/uploads\/2022\/06\/sucurroynosetti.jpg",480,320,false],"covernews-slider-full":["https:\/\/infoecos.com.ar\/wp-content\/uploads\/2022\/06\/sucurroynosetti.jpg",480,320,false],"covernews-slider-center":["https:\/\/infoecos.com.ar\/wp-content\/uploads\/2022\/06\/sucurroynosetti.jpg",480,320,false],"covernews-featured":["https:\/\/infoecos.com.ar\/wp-content\/uploads\/2022\/06\/sucurroynosetti.jpg",480,320,false],"covernews-medium":["https:\/\/infoecos.com.ar\/wp-content\/uploads\/2022\/06\/sucurroynosetti.jpg",480,320,false],"covernews-medium-square":["https:\/\/infoecos.com.ar\/wp-content\/uploads\/2022\/06\/sucurroynosetti.jpg",375,250,false]},"author_info":{"info":["Jorge Matheus"]},"category_info":"<a href=\"https:\/\/infoecos.com.ar\/index.php\/category\/c2nota3\/\" rel=\"category tag\">C2 N3<\/a>","tag_info":"C2 N3","comment_count":"0","_links":{"self":[{"href":"https:\/\/infoecos.com.ar\/index.php\/wp-json\/wp\/v2\/posts\/93275"}],"collection":[{"href":"https:\/\/infoecos.com.ar\/index.php\/wp-json\/wp\/v2\/posts"}],"about":[{"href":"https:\/\/infoecos.com.ar\/index.php\/wp-json\/wp\/v2\/types\/post"}],"author":[{"embeddable":true,"href":"https:\/\/infoecos.com.ar\/index.php\/wp-json\/wp\/v2\/users\/2"}],"replies":[{"embeddable":true,"href":"https:\/\/infoecos.com.ar\/index.php\/wp-json\/wp\/v2\/comments?post=93275"}],"version-history":[{"count":2,"href":"https:\/\/infoecos.com.ar\/index.php\/wp-json\/wp\/v2\/posts\/93275\/revisions"}],"predecessor-version":[{"id":93279,"href":"https:\/\/infoecos.com.ar\/index.php\/wp-json\/wp\/v2\/posts\/93275\/revisions\/93279"}],"wp:featuredmedia":[{"embeddable":true,"href":"https:\/\/infoecos.com.ar\/index.php\/wp-json\/wp\/v2\/media\/93276"}],"wp:attachment":[{"href":"https:\/\/infoecos.com.ar\/index.php\/wp-json\/wp\/v2\/media?parent=93275"}],"wp:term":[{"taxonomy":"category","embeddable":true,"href":"https:\/\/infoecos.com.ar\/index.php\/wp-json\/wp\/v2\/categories?post=93275"},{"taxonomy":"post_tag","embeddable":true,"href":"https:\/\/infoecos.com.ar\/index.php\/wp-json\/wp\/v2\/tags?post=93275"}],"curies":[{"name":"wp","href":"https:\/\/api.w.org\/{rel}","templated":true}]}}