{"id":93332,"date":"2022-06-02T04:27:00","date_gmt":"2022-06-02T07:27:00","guid":{"rendered":"http:\/\/infoecos.com.ar\/?p=93332"},"modified":"2022-06-02T04:27:02","modified_gmt":"2022-06-02T07:27:02","slug":"el-pampeano-furch-podria-integrar-el-seleccionado-mexicano-de-futbol","status":"publish","type":"post","link":"https:\/\/infoecos.com.ar\/index.php\/el-pampeano-furch-podria-integrar-el-seleccionado-mexicano-de-futbol\/","title":{"rendered":"El pampeano Furch podr\u00eda integrar el Seleccionado mexicano de F\u00fatbol"},"content":{"rendered":"\n<p>El pampeano Julio Furch, jugador del\u00a0Atlas de M\u00e9xico podr\u00eda integrar el Seleccionado de ese pa\u00eds. Los tr\u00e1mites de nacionalizaci\u00f3n est\u00e1n en marcha, trascendi\u00f3 en estas horas. <\/p>\n\n\n\n<figure class=\"wp-block-image size-large\"><img loading=\"lazy\" decoding=\"async\" width=\"920\" height=\"518\" src=\"http:\/\/infoecos.com.ar\/wp-content\/uploads\/2022\/05\/furch-920x518.jpg\" alt=\"\" class=\"wp-image-93205\" srcset=\"https:\/\/infoecos.com.ar\/wp-content\/uploads\/2022\/05\/furch-920x518.jpg 920w, https:\/\/infoecos.com.ar\/wp-content\/uploads\/2022\/05\/furch-460x259.jpg 460w, https:\/\/infoecos.com.ar\/wp-content\/uploads\/2022\/05\/furch-768x432.jpg 768w, https:\/\/infoecos.com.ar\/wp-content\/uploads\/2022\/05\/furch-1024x576.jpg 1024w, https:\/\/infoecos.com.ar\/wp-content\/uploads\/2022\/05\/furch.jpg 1320w\" sizes=\"(max-width: 920px) 100vw, 920px\" \/><\/figure>\n\n\n\n<p>Furch como se inform\u00f3, tambi\u00e9n a trav\u00e9s de Infoecos, marc\u00f3 el gol del Atlas en la final ante Pachuca, equipo en el que juega el rivadaviense Oscar Ustari.  <\/p>\n\n\n\n<p>Nacido hace\u00a0 32 a\u00f1os en Winifreda, La Pampa, fue el m\u00e1ximo artillero del conjunto dirigido por Diego Cocca en el torneo con 16 tantos.<\/p>\n\n\n\n<figure class=\"wp-block-image size-large\"><img loading=\"lazy\" decoding=\"async\" width=\"807\" height=\"605\" src=\"http:\/\/infoecos.com.ar\/wp-content\/uploads\/2022\/06\/furch2.jpg\" alt=\"\" class=\"wp-image-93333\" srcset=\"https:\/\/infoecos.com.ar\/wp-content\/uploads\/2022\/06\/furch2.jpg 807w, https:\/\/infoecos.com.ar\/wp-content\/uploads\/2022\/06\/furch2-460x345.jpg 460w, https:\/\/infoecos.com.ar\/wp-content\/uploads\/2022\/06\/furch2-768x576.jpg 768w\" sizes=\"(max-width: 807px) 100vw, 807px\" \/><\/figure>\n\n\n\n<p>El delantero es pedido por muchos para el seleccionado que dirige, el tambi\u00e9n argentino, Gerardo Martino.\u00a0Con el antecedente de\u00a0Rogelio Funes Mori, argentino que logr\u00f3 la naturalizaci\u00f3n y representa al seleccionado azteca, Furch podr\u00eda seguir sus pasos.<\/p>\n\n\n\n<p>Furch aclar\u00f3 que el proceso de papeler\u00edo para nacionalizarse se trab\u00f3 por los efectos vinculados a la pandemia y que su intenci\u00f3n es \u00abno quitarle el puesto a nadie\u00bb ni generar malestar en el seleccionado azteca. <\/p>\n","protected":false},"excerpt":{"rendered":"<p>Con el antecedente de Rogelio Funes Mori, argentino que logr\u00f3 la naturalizaci\u00f3n y representa al seleccionado azteca, Furch podr\u00eda seguir sus pasos<\/p>\n","protected":false},"author":2,"featured_media":93334,"comment_status":"closed","ping_status":"open","sticky":false,"template":"","format":"standard","meta":{"footnotes":""},"categories":[48],"tags":[6157],"class_list":["post-93332","post","type-post","status-publish","format-standard","has-post-thumbnail","hentry","category-c2nota3","tag-futbol-oriundo-de-winifreda"],"yoast_head":"<!-- This site is optimized with the Yoast SEO plugin v23.4 - https:\/\/yoast.com\/wordpress\/plugins\/seo\/ -->\n<title>El pampeano Furch podr\u00eda integrar el Seleccionado mexicano de F\u00fatbol - Infoecos<\/title>\n<meta name=\"robots\" content=\"index, follow, max-snippet:-1, max-image-preview:large, max-video-preview:-1\" \/>\n<link rel=\"canonical\" href=\"https:\/\/infoecos.com.ar\/index.php\/el-pampeano-furch-podria-integrar-el-seleccionado-mexicano-de-futbol\/\" \/>\n<meta property=\"og:locale\" content=\"es_ES\" \/>\n<meta property=\"og:type\" content=\"article\" \/>\n<meta property=\"og:title\" content=\"El pampeano Furch podr\u00eda integrar el Seleccionado mexicano de F\u00fatbol - Infoecos\" \/>\n<meta property=\"og:description\" content=\"Con el antecedente de Rogelio Funes Mori, argentino que logr\u00f3 la naturalizaci\u00f3n y representa al seleccionado azteca, Furch podr\u00eda seguir sus pasos\" \/>\n<meta property=\"og:url\" content=\"https:\/\/infoecos.com.ar\/index.php\/el-pampeano-furch-podria-integrar-el-seleccionado-mexicano-de-futbol\/\" \/>\n<meta property=\"og:site_name\" content=\"Infoecos\" \/>\n<meta property=\"article:publisher\" content=\"https:\/\/www.facebook.com\/profile.php?id=100063200290284\" \/>\n<meta property=\"article:published_time\" content=\"2022-06-02T07:27:00+00:00\" \/>\n<meta property=\"article:modified_time\" content=\"2022-06-02T07:27:02+00:00\" \/>\n<meta property=\"og:image\" content=\"https:\/\/infoecos.com.ar\/wp-content\/uploads\/2022\/06\/furch3.jpg\" \/>\n\t<meta property=\"og:image:width\" content=\"807\" \/>\n\t<meta property=\"og:image:height\" content=\"454\" \/>\n\t<meta property=\"og:image:type\" content=\"image\/jpeg\" \/>\n<meta name=\"author\" content=\"Jorge Matheus\" \/>\n<meta name=\"twitter:card\" content=\"summary_large_image\" \/>\n<meta name=\"twitter:creator\" content=\"@infoecos\" \/>\n<meta name=\"twitter:site\" content=\"@infoecos\" \/>\n<meta name=\"twitter:label1\" content=\"Escrito por\" \/>\n\t<meta name=\"twitter:data1\" content=\"Jorge Matheus\" \/>\n\t<meta name=\"twitter:label2\" content=\"Tiempo de lectura\" \/>\n\t<meta name=\"twitter:data2\" content=\"1 minuto\" \/>\n<script type=\"application\/ld+json\" class=\"yoast-schema-graph\">{\"@context\":\"https:\/\/schema.org\",\"@graph\":[{\"@type\":\"Article\",\"@id\":\"https:\/\/infoecos.com.ar\/index.php\/el-pampeano-furch-podria-integrar-el-seleccionado-mexicano-de-futbol\/#article\",\"isPartOf\":{\"@id\":\"https:\/\/infoecos.com.ar\/index.php\/el-pampeano-furch-podria-integrar-el-seleccionado-mexicano-de-futbol\/\"},\"author\":{\"name\":\"Jorge Matheus\",\"@id\":\"https:\/\/infoecos.com.ar\/#\/schema\/person\/8f5ace5ce73b4b4aac4b7245aee6f191\"},\"headline\":\"El pampeano Furch podr\u00eda integrar el Seleccionado mexicano de F\u00fatbol\",\"datePublished\":\"2022-06-02T07:27:00+00:00\",\"dateModified\":\"2022-06-02T07:27:02+00:00\",\"mainEntityOfPage\":{\"@id\":\"https:\/\/infoecos.com.ar\/index.php\/el-pampeano-furch-podria-integrar-el-seleccionado-mexicano-de-futbol\/\"},\"wordCount\":178,\"publisher\":{\"@id\":\"https:\/\/infoecos.com.ar\/#organization\"},\"image\":{\"@id\":\"https:\/\/infoecos.com.ar\/index.php\/el-pampeano-furch-podria-integrar-el-seleccionado-mexicano-de-futbol\/#primaryimage\"},\"thumbnailUrl\":\"https:\/\/infoecos.com.ar\/wp-content\/uploads\/2022\/06\/furch3.jpg\",\"keywords\":[\"F\u00daTBOL - ORIUNDO DE WINIFREDA\"],\"articleSection\":[\"C2 N3\"],\"inLanguage\":\"es\"},{\"@type\":\"WebPage\",\"@id\":\"https:\/\/infoecos.com.ar\/index.php\/el-pampeano-furch-podria-integrar-el-seleccionado-mexicano-de-futbol\/\",\"url\":\"https:\/\/infoecos.com.ar\/index.php\/el-pampeano-furch-podria-integrar-el-seleccionado-mexicano-de-futbol\/\",\"name\":\"El pampeano Furch podr\u00eda integrar el Seleccionado mexicano de F\u00fatbol - Infoecos\",\"isPartOf\":{\"@id\":\"https:\/\/infoecos.com.ar\/#website\"},\"primaryImageOfPage\":{\"@id\":\"https:\/\/infoecos.com.ar\/index.php\/el-pampeano-furch-podria-integrar-el-seleccionado-mexicano-de-futbol\/#primaryimage\"},\"image\":{\"@id\":\"https:\/\/infoecos.com.ar\/index.php\/el-pampeano-furch-podria-integrar-el-seleccionado-mexicano-de-futbol\/#primaryimage\"},\"thumbnailUrl\":\"https:\/\/infoecos.com.ar\/wp-content\/uploads\/2022\/06\/furch3.jpg\",\"datePublished\":\"2022-06-02T07:27:00+00:00\",\"dateModified\":\"2022-06-02T07:27:02+00:00\",\"breadcrumb\":{\"@id\":\"https:\/\/infoecos.com.ar\/index.php\/el-pampeano-furch-podria-integrar-el-seleccionado-mexicano-de-futbol\/#breadcrumb\"},\"inLanguage\":\"es\",\"potentialAction\":[{\"@type\":\"ReadAction\",\"target\":[\"https:\/\/infoecos.com.ar\/index.php\/el-pampeano-furch-podria-integrar-el-seleccionado-mexicano-de-futbol\/\"]}]},{\"@type\":\"ImageObject\",\"inLanguage\":\"es\",\"@id\":\"https:\/\/infoecos.com.ar\/index.php\/el-pampeano-furch-podria-integrar-el-seleccionado-mexicano-de-futbol\/#primaryimage\",\"url\":\"https:\/\/infoecos.com.ar\/wp-content\/uploads\/2022\/06\/furch3.jpg\",\"contentUrl\":\"https:\/\/infoecos.com.ar\/wp-content\/uploads\/2022\/06\/furch3.jpg\",\"width\":807,\"height\":454},{\"@type\":\"BreadcrumbList\",\"@id\":\"https:\/\/infoecos.com.ar\/index.php\/el-pampeano-furch-podria-integrar-el-seleccionado-mexicano-de-futbol\/#breadcrumb\",\"itemListElement\":[{\"@type\":\"ListItem\",\"position\":1,\"name\":\"Portada\",\"item\":\"https:\/\/infoecos.com.ar\/\"},{\"@type\":\"ListItem\",\"position\":2,\"name\":\"El pampeano Furch podr\u00eda integrar el Seleccionado mexicano de F\u00fatbol\"}]},{\"@type\":\"WebSite\",\"@id\":\"https:\/\/infoecos.com.ar\/#website\",\"url\":\"https:\/\/infoecos.com.ar\/\",\"name\":\"Infoecos\",\"description\":\"Noticias de trenque lauquen y la zona\",\"publisher\":{\"@id\":\"https:\/\/infoecos.com.ar\/#organization\"},\"alternateName\":\"Noticias\",\"potentialAction\":[{\"@type\":\"SearchAction\",\"target\":{\"@type\":\"EntryPoint\",\"urlTemplate\":\"https:\/\/infoecos.com.ar\/?s={search_term_string}\"},\"query-input\":{\"@type\":\"PropertyValueSpecification\",\"valueRequired\":true,\"valueName\":\"search_term_string\"}}],\"inLanguage\":\"es\"},{\"@type\":\"Organization\",\"@id\":\"https:\/\/infoecos.com.ar\/#organization\",\"name\":\"Infoecos\",\"alternateName\":\"Noticias\",\"url\":\"https:\/\/infoecos.com.ar\/\",\"logo\":{\"@type\":\"ImageObject\",\"inLanguage\":\"es\",\"@id\":\"https:\/\/infoecos.com.ar\/#\/schema\/logo\/image\/\",\"url\":\"https:\/\/infoecos.com.ar\/wp-content\/uploads\/2024\/03\/cropped-logo.png\",\"contentUrl\":\"https:\/\/infoecos.com.ar\/wp-content\/uploads\/2024\/03\/cropped-logo.png\",\"width\":374,\"height\":90,\"caption\":\"Infoecos\"},\"image\":{\"@id\":\"https:\/\/infoecos.com.ar\/#\/schema\/logo\/image\/\"},\"sameAs\":[\"https:\/\/www.facebook.com\/profile.php?id=100063200290284\",\"https:\/\/x.com\/infoecos\"]},{\"@type\":\"Person\",\"@id\":\"https:\/\/infoecos.com.ar\/#\/schema\/person\/8f5ace5ce73b4b4aac4b7245aee6f191\",\"name\":\"Jorge Matheus\",\"url\":\"https:\/\/infoecos.com.ar\/index.php\/author\/jomatheus\/\"}]}<\/script>\n<!-- \/ Yoast SEO plugin. -->","yoast_head_json":{"title":"El pampeano Furch podr\u00eda integrar el Seleccionado mexicano de F\u00fatbol - Infoecos","robots":{"index":"index","follow":"follow","max-snippet":"max-snippet:-1","max-image-preview":"max-image-preview:large","max-video-preview":"max-video-preview:-1"},"canonical":"https:\/\/infoecos.com.ar\/index.php\/el-pampeano-furch-podria-integrar-el-seleccionado-mexicano-de-futbol\/","og_locale":"es_ES","og_type":"article","og_title":"El pampeano Furch podr\u00eda integrar el Seleccionado mexicano de F\u00fatbol - Infoecos","og_description":"Con el antecedente de Rogelio Funes Mori, argentino que logr\u00f3 la naturalizaci\u00f3n y representa al seleccionado azteca, Furch podr\u00eda seguir sus pasos","og_url":"https:\/\/infoecos.com.ar\/index.php\/el-pampeano-furch-podria-integrar-el-seleccionado-mexicano-de-futbol\/","og_site_name":"Infoecos","article_publisher":"https:\/\/www.facebook.com\/profile.php?id=100063200290284","article_published_time":"2022-06-02T07:27:00+00:00","article_modified_time":"2022-06-02T07:27:02+00:00","og_image":[{"width":807,"height":454,"url":"https:\/\/infoecos.com.ar\/wp-content\/uploads\/2022\/06\/furch3.jpg","type":"image\/jpeg"}],"author":"Jorge Matheus","twitter_card":"summary_large_image","twitter_creator":"@infoecos","twitter_site":"@infoecos","twitter_misc":{"Escrito por":"Jorge Matheus","Tiempo de lectura":"1 minuto"},"schema":{"@context":"https:\/\/schema.org","@graph":[{"@type":"Article","@id":"https:\/\/infoecos.com.ar\/index.php\/el-pampeano-furch-podria-integrar-el-seleccionado-mexicano-de-futbol\/#article","isPartOf":{"@id":"https:\/\/infoecos.com.ar\/index.php\/el-pampeano-furch-podria-integrar-el-seleccionado-mexicano-de-futbol\/"},"author":{"name":"Jorge Matheus","@id":"https:\/\/infoecos.com.ar\/#\/schema\/person\/8f5ace5ce73b4b4aac4b7245aee6f191"},"headline":"El pampeano Furch podr\u00eda integrar el Seleccionado mexicano de F\u00fatbol","datePublished":"2022-06-02T07:27:00+00:00","dateModified":"2022-06-02T07:27:02+00:00","mainEntityOfPage":{"@id":"https:\/\/infoecos.com.ar\/index.php\/el-pampeano-furch-podria-integrar-el-seleccionado-mexicano-de-futbol\/"},"wordCount":178,"publisher":{"@id":"https:\/\/infoecos.com.ar\/#organization"},"image":{"@id":"https:\/\/infoecos.com.ar\/index.php\/el-pampeano-furch-podria-integrar-el-seleccionado-mexicano-de-futbol\/#primaryimage"},"thumbnailUrl":"https:\/\/infoecos.com.ar\/wp-content\/uploads\/2022\/06\/furch3.jpg","keywords":["F\u00daTBOL - ORIUNDO DE WINIFREDA"],"articleSection":["C2 N3"],"inLanguage":"es"},{"@type":"WebPage","@id":"https:\/\/infoecos.com.ar\/index.php\/el-pampeano-furch-podria-integrar-el-seleccionado-mexicano-de-futbol\/","url":"https:\/\/infoecos.com.ar\/index.php\/el-pampeano-furch-podria-integrar-el-seleccionado-mexicano-de-futbol\/","name":"El pampeano Furch podr\u00eda integrar el Seleccionado mexicano de F\u00fatbol - Infoecos","isPartOf":{"@id":"https:\/\/infoecos.com.ar\/#website"},"primaryImageOfPage":{"@id":"https:\/\/infoecos.com.ar\/index.php\/el-pampeano-furch-podria-integrar-el-seleccionado-mexicano-de-futbol\/#primaryimage"},"image":{"@id":"https:\/\/infoecos.com.ar\/index.php\/el-pampeano-furch-podria-integrar-el-seleccionado-mexicano-de-futbol\/#primaryimage"},"thumbnailUrl":"https:\/\/infoecos.com.ar\/wp-content\/uploads\/2022\/06\/furch3.jpg","datePublished":"2022-06-02T07:27:00+00:00","dateModified":"2022-06-02T07:27:02+00:00","breadcrumb":{"@id":"https:\/\/infoecos.com.ar\/index.php\/el-pampeano-furch-podria-integrar-el-seleccionado-mexicano-de-futbol\/#breadcrumb"},"inLanguage":"es","potentialAction":[{"@type":"ReadAction","target":["https:\/\/infoecos.com.ar\/index.php\/el-pampeano-furch-podria-integrar-el-seleccionado-mexicano-de-futbol\/"]}]},{"@type":"ImageObject","inLanguage":"es","@id":"https:\/\/infoecos.com.ar\/index.php\/el-pampeano-furch-podria-integrar-el-seleccionado-mexicano-de-futbol\/#primaryimage","url":"https:\/\/infoecos.com.ar\/wp-content\/uploads\/2022\/06\/furch3.jpg","contentUrl":"https:\/\/infoecos.com.ar\/wp-content\/uploads\/2022\/06\/furch3.jpg","width":807,"height":454},{"@type":"BreadcrumbList","@id":"https:\/\/infoecos.com.ar\/index.php\/el-pampeano-furch-podria-integrar-el-seleccionado-mexicano-de-futbol\/#breadcrumb","itemListElement":[{"@type":"ListItem","position":1,"name":"Portada","item":"https:\/\/infoecos.com.ar\/"},{"@type":"ListItem","position":2,"name":"El pampeano Furch podr\u00eda integrar el Seleccionado mexicano de F\u00fatbol"}]},{"@type":"WebSite","@id":"https:\/\/infoecos.com.ar\/#website","url":"https:\/\/infoecos.com.ar\/","name":"Infoecos","description":"Noticias de trenque lauquen y la zona","publisher":{"@id":"https:\/\/infoecos.com.ar\/#organization"},"alternateName":"Noticias","potentialAction":[{"@type":"SearchAction","target":{"@type":"EntryPoint","urlTemplate":"https:\/\/infoecos.com.ar\/?s={search_term_string}"},"query-input":{"@type":"PropertyValueSpecification","valueRequired":true,"valueName":"search_term_string"}}],"inLanguage":"es"},{"@type":"Organization","@id":"https:\/\/infoecos.com.ar\/#organization","name":"Infoecos","alternateName":"Noticias","url":"https:\/\/infoecos.com.ar\/","logo":{"@type":"ImageObject","inLanguage":"es","@id":"https:\/\/infoecos.com.ar\/#\/schema\/logo\/image\/","url":"https:\/\/infoecos.com.ar\/wp-content\/uploads\/2024\/03\/cropped-logo.png","contentUrl":"https:\/\/infoecos.com.ar\/wp-content\/uploads\/2024\/03\/cropped-logo.png","width":374,"height":90,"caption":"Infoecos"},"image":{"@id":"https:\/\/infoecos.com.ar\/#\/schema\/logo\/image\/"},"sameAs":["https:\/\/www.facebook.com\/profile.php?id=100063200290284","https:\/\/x.com\/infoecos"]},{"@type":"Person","@id":"https:\/\/infoecos.com.ar\/#\/schema\/person\/8f5ace5ce73b4b4aac4b7245aee6f191","name":"Jorge Matheus","url":"https:\/\/infoecos.com.ar\/index.php\/author\/jomatheus\/"}]}},"featured_image_urls":{"full":["https:\/\/infoecos.com.ar\/wp-content\/uploads\/2022\/06\/furch3.jpg",807,454,false],"thumbnail":["https:\/\/infoecos.com.ar\/wp-content\/uploads\/2022\/06\/furch3-150x150.jpg",150,150,true],"medium":["https:\/\/infoecos.com.ar\/wp-content\/uploads\/2022\/06\/furch3-460x259.jpg",460,259,true],"medium_large":["https:\/\/infoecos.com.ar\/wp-content\/uploads\/2022\/06\/furch3-768x432.jpg",640,360,true],"large":["https:\/\/infoecos.com.ar\/wp-content\/uploads\/2022\/06\/furch3.jpg",640,360,false],"1536x1536":["https:\/\/infoecos.com.ar\/wp-content\/uploads\/2022\/06\/furch3.jpg",807,454,false],"2048x2048":["https:\/\/infoecos.com.ar\/wp-content\/uploads\/2022\/06\/furch3.jpg",807,454,false],"covernews-slider-full":["https:\/\/infoecos.com.ar\/wp-content\/uploads\/2022\/06\/furch3.jpg",807,454,false],"covernews-slider-center":["https:\/\/infoecos.com.ar\/wp-content\/uploads\/2022\/06\/furch3.jpg",800,450,false],"covernews-featured":["https:\/\/infoecos.com.ar\/wp-content\/uploads\/2022\/06\/furch3.jpg",807,454,false],"covernews-medium":["https:\/\/infoecos.com.ar\/wp-content\/uploads\/2022\/06\/furch3-720x380.jpg",540,285,true],"covernews-medium-square":["https:\/\/infoecos.com.ar\/wp-content\/uploads\/2022\/06\/furch3-675x450.jpg",375,250,true]},"author_info":{"info":["Jorge Matheus"]},"category_info":"<a href=\"https:\/\/infoecos.com.ar\/index.php\/category\/c2nota3\/\" rel=\"category tag\">C2 N3<\/a>","tag_info":"C2 N3","comment_count":"0","_links":{"self":[{"href":"https:\/\/infoecos.com.ar\/index.php\/wp-json\/wp\/v2\/posts\/93332"}],"collection":[{"href":"https:\/\/infoecos.com.ar\/index.php\/wp-json\/wp\/v2\/posts"}],"about":[{"href":"https:\/\/infoecos.com.ar\/index.php\/wp-json\/wp\/v2\/types\/post"}],"author":[{"embeddable":true,"href":"https:\/\/infoecos.com.ar\/index.php\/wp-json\/wp\/v2\/users\/2"}],"replies":[{"embeddable":true,"href":"https:\/\/infoecos.com.ar\/index.php\/wp-json\/wp\/v2\/comments?post=93332"}],"version-history":[{"count":1,"href":"https:\/\/infoecos.com.ar\/index.php\/wp-json\/wp\/v2\/posts\/93332\/revisions"}],"predecessor-version":[{"id":93335,"href":"https:\/\/infoecos.com.ar\/index.php\/wp-json\/wp\/v2\/posts\/93332\/revisions\/93335"}],"wp:featuredmedia":[{"embeddable":true,"href":"https:\/\/infoecos.com.ar\/index.php\/wp-json\/wp\/v2\/media\/93334"}],"wp:attachment":[{"href":"https:\/\/infoecos.com.ar\/index.php\/wp-json\/wp\/v2\/media?parent=93332"}],"wp:term":[{"taxonomy":"category","embeddable":true,"href":"https:\/\/infoecos.com.ar\/index.php\/wp-json\/wp\/v2\/categories?post=93332"},{"taxonomy":"post_tag","embeddable":true,"href":"https:\/\/infoecos.com.ar\/index.php\/wp-json\/wp\/v2\/tags?post=93332"}],"curies":[{"name":"wp","href":"https:\/\/api.w.org\/{rel}","templated":true}]}}