{"id":93390,"date":"2022-06-03T05:24:38","date_gmt":"2022-06-03T08:24:38","guid":{"rendered":"http:\/\/infoecos.com.ar\/?p=93390"},"modified":"2022-06-03T05:24:38","modified_gmt":"2022-06-03T08:24:38","slug":"el-presidente-fernandez-y-cfk-compartiran-un-acto-por-los-100-anos-de-ypf","status":"publish","type":"post","link":"https:\/\/infoecos.com.ar\/index.php\/el-presidente-fernandez-y-cfk-compartiran-un-acto-por-los-100-anos-de-ypf\/","title":{"rendered":"El presidente Fern\u00e1ndez y CFK compartir\u00e1n un acto por los 100 a\u00f1os de YPF"},"content":{"rendered":"\n<p>El presidente Alberto Fern\u00e1ndez y la vicepresidenta Cristina Fern\u00e1ndez de Kirchner encabezar\u00e1n este viernes el acto por el centenario de la empresa estatal de energ\u00eda Yacimientos Petrol\u00edferos Fiscales (YPF), informaron fuentes oficiales.<\/p>\n\n\n\n<div class=\"wp-block-image\"><figure class=\"aligncenter size-large is-resized\"><img loading=\"lazy\" decoding=\"async\" src=\"http:\/\/infoecos.com.ar\/wp-content\/uploads\/2022\/06\/fernandezycfk.jpg\" alt=\"\" class=\"wp-image-93391\" width=\"465\" height=\"261\" srcset=\"https:\/\/infoecos.com.ar\/wp-content\/uploads\/2022\/06\/fernandezycfk.jpg 900w, https:\/\/infoecos.com.ar\/wp-content\/uploads\/2022\/06\/fernandezycfk-460x259.jpg 460w, https:\/\/infoecos.com.ar\/wp-content\/uploads\/2022\/06\/fernandezycfk-768x432.jpg 768w\" sizes=\"(max-width: 465px) 100vw, 465px\" \/><\/figure><\/div>\n\n\n\n<p>El acto se realizar\u00e1 a las 17 en el predio de Tecn\u00f3polis, en la localidad bonaerense de Villa Martelli, partido de Vicente L\u00f3pez, donde tanto el jefe de Estado como la Presidenta del Senado pronunciar\u00e1n sendos discursos.<\/p>\n\n\n\n<p>El mandatario y la vicepresidenta volver\u00e1n a compartir un acto despu\u00e9s de haber participado de la apertura de las sesiones ordinarias del Congreso Nacional, el 1\u00b0 de marzo pasado.<\/p>\n\n\n\n<p><\/p>\n","protected":false},"excerpt":{"rendered":"<p>El mandatario y la vicepresidenta volver\u00e1n a compartir un acto despu\u00e9s de haber participado de la apertura de las sesiones ordinarias del Congreso Nacional, el 1\u00b0 de marzo pasado<\/p>\n","protected":false},"author":2,"featured_media":93391,"comment_status":"closed","ping_status":"open","sticky":false,"template":"","format":"standard","meta":{"footnotes":""},"categories":[50],"tags":[6166],"class_list":["post-93390","post","type-post","status-publish","format-standard","has-post-thumbnail","hentry","category-c1nota4","tag-politica-nacional-dara-que-hablar"],"yoast_head":"<!-- This site is optimized with the Yoast SEO plugin v23.4 - https:\/\/yoast.com\/wordpress\/plugins\/seo\/ -->\n<title>El presidente Fern\u00e1ndez y CFK compartir\u00e1n un acto por los 100 a\u00f1os de YPF - Infoecos<\/title>\n<meta name=\"robots\" content=\"index, follow, max-snippet:-1, max-image-preview:large, max-video-preview:-1\" \/>\n<link rel=\"canonical\" href=\"https:\/\/infoecos.com.ar\/index.php\/el-presidente-fernandez-y-cfk-compartiran-un-acto-por-los-100-anos-de-ypf\/\" \/>\n<meta property=\"og:locale\" content=\"es_ES\" \/>\n<meta property=\"og:type\" content=\"article\" \/>\n<meta property=\"og:title\" content=\"El presidente Fern\u00e1ndez y CFK compartir\u00e1n un acto por los 100 a\u00f1os de YPF - Infoecos\" \/>\n<meta property=\"og:description\" content=\"El mandatario y la vicepresidenta volver\u00e1n a compartir un acto despu\u00e9s de haber participado de la apertura de las sesiones ordinarias del Congreso Nacional, el 1\u00b0 de marzo pasado\" \/>\n<meta property=\"og:url\" content=\"https:\/\/infoecos.com.ar\/index.php\/el-presidente-fernandez-y-cfk-compartiran-un-acto-por-los-100-anos-de-ypf\/\" \/>\n<meta property=\"og:site_name\" content=\"Infoecos\" \/>\n<meta property=\"article:publisher\" content=\"https:\/\/www.facebook.com\/profile.php?id=100063200290284\" \/>\n<meta property=\"article:published_time\" content=\"2022-06-03T08:24:38+00:00\" \/>\n<meta property=\"og:image\" content=\"https:\/\/infoecos.com.ar\/wp-content\/uploads\/2022\/06\/fernandezycfk.jpg\" \/>\n\t<meta property=\"og:image:width\" content=\"900\" \/>\n\t<meta property=\"og:image:height\" content=\"506\" \/>\n\t<meta property=\"og:image:type\" content=\"image\/jpeg\" \/>\n<meta name=\"author\" content=\"Jorge Matheus\" \/>\n<meta name=\"twitter:card\" content=\"summary_large_image\" \/>\n<meta name=\"twitter:creator\" content=\"@infoecos\" \/>\n<meta name=\"twitter:site\" content=\"@infoecos\" \/>\n<meta name=\"twitter:label1\" content=\"Escrito por\" \/>\n\t<meta name=\"twitter:data1\" content=\"Jorge Matheus\" \/>\n\t<meta name=\"twitter:label2\" content=\"Tiempo de lectura\" \/>\n\t<meta name=\"twitter:data2\" content=\"1 minuto\" \/>\n<script type=\"application\/ld+json\" class=\"yoast-schema-graph\">{\"@context\":\"https:\/\/schema.org\",\"@graph\":[{\"@type\":\"Article\",\"@id\":\"https:\/\/infoecos.com.ar\/index.php\/el-presidente-fernandez-y-cfk-compartiran-un-acto-por-los-100-anos-de-ypf\/#article\",\"isPartOf\":{\"@id\":\"https:\/\/infoecos.com.ar\/index.php\/el-presidente-fernandez-y-cfk-compartiran-un-acto-por-los-100-anos-de-ypf\/\"},\"author\":{\"name\":\"Jorge Matheus\",\"@id\":\"https:\/\/infoecos.com.ar\/#\/schema\/person\/8f5ace5ce73b4b4aac4b7245aee6f191\"},\"headline\":\"El presidente Fern\u00e1ndez y CFK compartir\u00e1n un acto por los 100 a\u00f1os de YPF\",\"datePublished\":\"2022-06-03T08:24:38+00:00\",\"dateModified\":\"2022-06-03T08:24:38+00:00\",\"mainEntityOfPage\":{\"@id\":\"https:\/\/infoecos.com.ar\/index.php\/el-presidente-fernandez-y-cfk-compartiran-un-acto-por-los-100-anos-de-ypf\/\"},\"wordCount\":122,\"publisher\":{\"@id\":\"https:\/\/infoecos.com.ar\/#organization\"},\"image\":{\"@id\":\"https:\/\/infoecos.com.ar\/index.php\/el-presidente-fernandez-y-cfk-compartiran-un-acto-por-los-100-anos-de-ypf\/#primaryimage\"},\"thumbnailUrl\":\"https:\/\/infoecos.com.ar\/wp-content\/uploads\/2022\/06\/fernandezycfk.jpg\",\"keywords\":[\"POL\u00cdTICA NACIONAL - DAR\u00c1 QUE HABLAR ?\"],\"articleSection\":[\"C1 N4\"],\"inLanguage\":\"es\"},{\"@type\":\"WebPage\",\"@id\":\"https:\/\/infoecos.com.ar\/index.php\/el-presidente-fernandez-y-cfk-compartiran-un-acto-por-los-100-anos-de-ypf\/\",\"url\":\"https:\/\/infoecos.com.ar\/index.php\/el-presidente-fernandez-y-cfk-compartiran-un-acto-por-los-100-anos-de-ypf\/\",\"name\":\"El presidente Fern\u00e1ndez y CFK compartir\u00e1n un acto por los 100 a\u00f1os de YPF - Infoecos\",\"isPartOf\":{\"@id\":\"https:\/\/infoecos.com.ar\/#website\"},\"primaryImageOfPage\":{\"@id\":\"https:\/\/infoecos.com.ar\/index.php\/el-presidente-fernandez-y-cfk-compartiran-un-acto-por-los-100-anos-de-ypf\/#primaryimage\"},\"image\":{\"@id\":\"https:\/\/infoecos.com.ar\/index.php\/el-presidente-fernandez-y-cfk-compartiran-un-acto-por-los-100-anos-de-ypf\/#primaryimage\"},\"thumbnailUrl\":\"https:\/\/infoecos.com.ar\/wp-content\/uploads\/2022\/06\/fernandezycfk.jpg\",\"datePublished\":\"2022-06-03T08:24:38+00:00\",\"dateModified\":\"2022-06-03T08:24:38+00:00\",\"breadcrumb\":{\"@id\":\"https:\/\/infoecos.com.ar\/index.php\/el-presidente-fernandez-y-cfk-compartiran-un-acto-por-los-100-anos-de-ypf\/#breadcrumb\"},\"inLanguage\":\"es\",\"potentialAction\":[{\"@type\":\"ReadAction\",\"target\":[\"https:\/\/infoecos.com.ar\/index.php\/el-presidente-fernandez-y-cfk-compartiran-un-acto-por-los-100-anos-de-ypf\/\"]}]},{\"@type\":\"ImageObject\",\"inLanguage\":\"es\",\"@id\":\"https:\/\/infoecos.com.ar\/index.php\/el-presidente-fernandez-y-cfk-compartiran-un-acto-por-los-100-anos-de-ypf\/#primaryimage\",\"url\":\"https:\/\/infoecos.com.ar\/wp-content\/uploads\/2022\/06\/fernandezycfk.jpg\",\"contentUrl\":\"https:\/\/infoecos.com.ar\/wp-content\/uploads\/2022\/06\/fernandezycfk.jpg\",\"width\":900,\"height\":506},{\"@type\":\"BreadcrumbList\",\"@id\":\"https:\/\/infoecos.com.ar\/index.php\/el-presidente-fernandez-y-cfk-compartiran-un-acto-por-los-100-anos-de-ypf\/#breadcrumb\",\"itemListElement\":[{\"@type\":\"ListItem\",\"position\":1,\"name\":\"Portada\",\"item\":\"https:\/\/infoecos.com.ar\/\"},{\"@type\":\"ListItem\",\"position\":2,\"name\":\"El presidente Fern\u00e1ndez y CFK compartir\u00e1n un acto por los 100 a\u00f1os de YPF\"}]},{\"@type\":\"WebSite\",\"@id\":\"https:\/\/infoecos.com.ar\/#website\",\"url\":\"https:\/\/infoecos.com.ar\/\",\"name\":\"Infoecos\",\"description\":\"Noticias de trenque lauquen y la zona\",\"publisher\":{\"@id\":\"https:\/\/infoecos.com.ar\/#organization\"},\"alternateName\":\"Noticias\",\"potentialAction\":[{\"@type\":\"SearchAction\",\"target\":{\"@type\":\"EntryPoint\",\"urlTemplate\":\"https:\/\/infoecos.com.ar\/?s={search_term_string}\"},\"query-input\":{\"@type\":\"PropertyValueSpecification\",\"valueRequired\":true,\"valueName\":\"search_term_string\"}}],\"inLanguage\":\"es\"},{\"@type\":\"Organization\",\"@id\":\"https:\/\/infoecos.com.ar\/#organization\",\"name\":\"Infoecos\",\"alternateName\":\"Noticias\",\"url\":\"https:\/\/infoecos.com.ar\/\",\"logo\":{\"@type\":\"ImageObject\",\"inLanguage\":\"es\",\"@id\":\"https:\/\/infoecos.com.ar\/#\/schema\/logo\/image\/\",\"url\":\"https:\/\/infoecos.com.ar\/wp-content\/uploads\/2024\/03\/cropped-logo.png\",\"contentUrl\":\"https:\/\/infoecos.com.ar\/wp-content\/uploads\/2024\/03\/cropped-logo.png\",\"width\":374,\"height\":90,\"caption\":\"Infoecos\"},\"image\":{\"@id\":\"https:\/\/infoecos.com.ar\/#\/schema\/logo\/image\/\"},\"sameAs\":[\"https:\/\/www.facebook.com\/profile.php?id=100063200290284\",\"https:\/\/x.com\/infoecos\"]},{\"@type\":\"Person\",\"@id\":\"https:\/\/infoecos.com.ar\/#\/schema\/person\/8f5ace5ce73b4b4aac4b7245aee6f191\",\"name\":\"Jorge Matheus\",\"url\":\"https:\/\/infoecos.com.ar\/index.php\/author\/jomatheus\/\"}]}<\/script>\n<!-- \/ Yoast SEO plugin. -->","yoast_head_json":{"title":"El presidente Fern\u00e1ndez y CFK compartir\u00e1n un acto por los 100 a\u00f1os de YPF - Infoecos","robots":{"index":"index","follow":"follow","max-snippet":"max-snippet:-1","max-image-preview":"max-image-preview:large","max-video-preview":"max-video-preview:-1"},"canonical":"https:\/\/infoecos.com.ar\/index.php\/el-presidente-fernandez-y-cfk-compartiran-un-acto-por-los-100-anos-de-ypf\/","og_locale":"es_ES","og_type":"article","og_title":"El presidente Fern\u00e1ndez y CFK compartir\u00e1n un acto por los 100 a\u00f1os de YPF - Infoecos","og_description":"El mandatario y la vicepresidenta volver\u00e1n a compartir un acto despu\u00e9s de haber participado de la apertura de las sesiones ordinarias del Congreso Nacional, el 1\u00b0 de marzo pasado","og_url":"https:\/\/infoecos.com.ar\/index.php\/el-presidente-fernandez-y-cfk-compartiran-un-acto-por-los-100-anos-de-ypf\/","og_site_name":"Infoecos","article_publisher":"https:\/\/www.facebook.com\/profile.php?id=100063200290284","article_published_time":"2022-06-03T08:24:38+00:00","og_image":[{"width":900,"height":506,"url":"https:\/\/infoecos.com.ar\/wp-content\/uploads\/2022\/06\/fernandezycfk.jpg","type":"image\/jpeg"}],"author":"Jorge Matheus","twitter_card":"summary_large_image","twitter_creator":"@infoecos","twitter_site":"@infoecos","twitter_misc":{"Escrito por":"Jorge Matheus","Tiempo de lectura":"1 minuto"},"schema":{"@context":"https:\/\/schema.org","@graph":[{"@type":"Article","@id":"https:\/\/infoecos.com.ar\/index.php\/el-presidente-fernandez-y-cfk-compartiran-un-acto-por-los-100-anos-de-ypf\/#article","isPartOf":{"@id":"https:\/\/infoecos.com.ar\/index.php\/el-presidente-fernandez-y-cfk-compartiran-un-acto-por-los-100-anos-de-ypf\/"},"author":{"name":"Jorge Matheus","@id":"https:\/\/infoecos.com.ar\/#\/schema\/person\/8f5ace5ce73b4b4aac4b7245aee6f191"},"headline":"El presidente Fern\u00e1ndez y CFK compartir\u00e1n un acto por los 100 a\u00f1os de YPF","datePublished":"2022-06-03T08:24:38+00:00","dateModified":"2022-06-03T08:24:38+00:00","mainEntityOfPage":{"@id":"https:\/\/infoecos.com.ar\/index.php\/el-presidente-fernandez-y-cfk-compartiran-un-acto-por-los-100-anos-de-ypf\/"},"wordCount":122,"publisher":{"@id":"https:\/\/infoecos.com.ar\/#organization"},"image":{"@id":"https:\/\/infoecos.com.ar\/index.php\/el-presidente-fernandez-y-cfk-compartiran-un-acto-por-los-100-anos-de-ypf\/#primaryimage"},"thumbnailUrl":"https:\/\/infoecos.com.ar\/wp-content\/uploads\/2022\/06\/fernandezycfk.jpg","keywords":["POL\u00cdTICA NACIONAL - DAR\u00c1 QUE HABLAR ?"],"articleSection":["C1 N4"],"inLanguage":"es"},{"@type":"WebPage","@id":"https:\/\/infoecos.com.ar\/index.php\/el-presidente-fernandez-y-cfk-compartiran-un-acto-por-los-100-anos-de-ypf\/","url":"https:\/\/infoecos.com.ar\/index.php\/el-presidente-fernandez-y-cfk-compartiran-un-acto-por-los-100-anos-de-ypf\/","name":"El presidente Fern\u00e1ndez y CFK compartir\u00e1n un acto por los 100 a\u00f1os de YPF - Infoecos","isPartOf":{"@id":"https:\/\/infoecos.com.ar\/#website"},"primaryImageOfPage":{"@id":"https:\/\/infoecos.com.ar\/index.php\/el-presidente-fernandez-y-cfk-compartiran-un-acto-por-los-100-anos-de-ypf\/#primaryimage"},"image":{"@id":"https:\/\/infoecos.com.ar\/index.php\/el-presidente-fernandez-y-cfk-compartiran-un-acto-por-los-100-anos-de-ypf\/#primaryimage"},"thumbnailUrl":"https:\/\/infoecos.com.ar\/wp-content\/uploads\/2022\/06\/fernandezycfk.jpg","datePublished":"2022-06-03T08:24:38+00:00","dateModified":"2022-06-03T08:24:38+00:00","breadcrumb":{"@id":"https:\/\/infoecos.com.ar\/index.php\/el-presidente-fernandez-y-cfk-compartiran-un-acto-por-los-100-anos-de-ypf\/#breadcrumb"},"inLanguage":"es","potentialAction":[{"@type":"ReadAction","target":["https:\/\/infoecos.com.ar\/index.php\/el-presidente-fernandez-y-cfk-compartiran-un-acto-por-los-100-anos-de-ypf\/"]}]},{"@type":"ImageObject","inLanguage":"es","@id":"https:\/\/infoecos.com.ar\/index.php\/el-presidente-fernandez-y-cfk-compartiran-un-acto-por-los-100-anos-de-ypf\/#primaryimage","url":"https:\/\/infoecos.com.ar\/wp-content\/uploads\/2022\/06\/fernandezycfk.jpg","contentUrl":"https:\/\/infoecos.com.ar\/wp-content\/uploads\/2022\/06\/fernandezycfk.jpg","width":900,"height":506},{"@type":"BreadcrumbList","@id":"https:\/\/infoecos.com.ar\/index.php\/el-presidente-fernandez-y-cfk-compartiran-un-acto-por-los-100-anos-de-ypf\/#breadcrumb","itemListElement":[{"@type":"ListItem","position":1,"name":"Portada","item":"https:\/\/infoecos.com.ar\/"},{"@type":"ListItem","position":2,"name":"El presidente Fern\u00e1ndez y CFK compartir\u00e1n un acto por los 100 a\u00f1os de YPF"}]},{"@type":"WebSite","@id":"https:\/\/infoecos.com.ar\/#website","url":"https:\/\/infoecos.com.ar\/","name":"Infoecos","description":"Noticias de trenque lauquen y la zona","publisher":{"@id":"https:\/\/infoecos.com.ar\/#organization"},"alternateName":"Noticias","potentialAction":[{"@type":"SearchAction","target":{"@type":"EntryPoint","urlTemplate":"https:\/\/infoecos.com.ar\/?s={search_term_string}"},"query-input":{"@type":"PropertyValueSpecification","valueRequired":true,"valueName":"search_term_string"}}],"inLanguage":"es"},{"@type":"Organization","@id":"https:\/\/infoecos.com.ar\/#organization","name":"Infoecos","alternateName":"Noticias","url":"https:\/\/infoecos.com.ar\/","logo":{"@type":"ImageObject","inLanguage":"es","@id":"https:\/\/infoecos.com.ar\/#\/schema\/logo\/image\/","url":"https:\/\/infoecos.com.ar\/wp-content\/uploads\/2024\/03\/cropped-logo.png","contentUrl":"https:\/\/infoecos.com.ar\/wp-content\/uploads\/2024\/03\/cropped-logo.png","width":374,"height":90,"caption":"Infoecos"},"image":{"@id":"https:\/\/infoecos.com.ar\/#\/schema\/logo\/image\/"},"sameAs":["https:\/\/www.facebook.com\/profile.php?id=100063200290284","https:\/\/x.com\/infoecos"]},{"@type":"Person","@id":"https:\/\/infoecos.com.ar\/#\/schema\/person\/8f5ace5ce73b4b4aac4b7245aee6f191","name":"Jorge Matheus","url":"https:\/\/infoecos.com.ar\/index.php\/author\/jomatheus\/"}]}},"featured_image_urls":{"full":["https:\/\/infoecos.com.ar\/wp-content\/uploads\/2022\/06\/fernandezycfk.jpg",900,506,false],"thumbnail":["https:\/\/infoecos.com.ar\/wp-content\/uploads\/2022\/06\/fernandezycfk-150x150.jpg",150,150,true],"medium":["https:\/\/infoecos.com.ar\/wp-content\/uploads\/2022\/06\/fernandezycfk-460x259.jpg",460,259,true],"medium_large":["https:\/\/infoecos.com.ar\/wp-content\/uploads\/2022\/06\/fernandezycfk-768x432.jpg",640,360,true],"large":["https:\/\/infoecos.com.ar\/wp-content\/uploads\/2022\/06\/fernandezycfk.jpg",640,360,false],"1536x1536":["https:\/\/infoecos.com.ar\/wp-content\/uploads\/2022\/06\/fernandezycfk.jpg",900,506,false],"2048x2048":["https:\/\/infoecos.com.ar\/wp-content\/uploads\/2022\/06\/fernandezycfk.jpg",900,506,false],"covernews-slider-full":["https:\/\/infoecos.com.ar\/wp-content\/uploads\/2022\/06\/fernandezycfk.jpg",900,506,false],"covernews-slider-center":["https:\/\/infoecos.com.ar\/wp-content\/uploads\/2022\/06\/fernandezycfk.jpg",800,450,false],"covernews-featured":["https:\/\/infoecos.com.ar\/wp-content\/uploads\/2022\/06\/fernandezycfk.jpg",900,506,false],"covernews-medium":["https:\/\/infoecos.com.ar\/wp-content\/uploads\/2022\/06\/fernandezycfk-720x380.jpg",540,285,true],"covernews-medium-square":["https:\/\/infoecos.com.ar\/wp-content\/uploads\/2022\/06\/fernandezycfk-675x450.jpg",375,250,true]},"author_info":{"info":["Jorge Matheus"]},"category_info":"<a href=\"https:\/\/infoecos.com.ar\/index.php\/category\/c1nota4\/\" rel=\"category tag\">C1 N4<\/a>","tag_info":"C1 N4","comment_count":"0","_links":{"self":[{"href":"https:\/\/infoecos.com.ar\/index.php\/wp-json\/wp\/v2\/posts\/93390"}],"collection":[{"href":"https:\/\/infoecos.com.ar\/index.php\/wp-json\/wp\/v2\/posts"}],"about":[{"href":"https:\/\/infoecos.com.ar\/index.php\/wp-json\/wp\/v2\/types\/post"}],"author":[{"embeddable":true,"href":"https:\/\/infoecos.com.ar\/index.php\/wp-json\/wp\/v2\/users\/2"}],"replies":[{"embeddable":true,"href":"https:\/\/infoecos.com.ar\/index.php\/wp-json\/wp\/v2\/comments?post=93390"}],"version-history":[{"count":1,"href":"https:\/\/infoecos.com.ar\/index.php\/wp-json\/wp\/v2\/posts\/93390\/revisions"}],"predecessor-version":[{"id":93392,"href":"https:\/\/infoecos.com.ar\/index.php\/wp-json\/wp\/v2\/posts\/93390\/revisions\/93392"}],"wp:featuredmedia":[{"embeddable":true,"href":"https:\/\/infoecos.com.ar\/index.php\/wp-json\/wp\/v2\/media\/93391"}],"wp:attachment":[{"href":"https:\/\/infoecos.com.ar\/index.php\/wp-json\/wp\/v2\/media?parent=93390"}],"wp:term":[{"taxonomy":"category","embeddable":true,"href":"https:\/\/infoecos.com.ar\/index.php\/wp-json\/wp\/v2\/categories?post=93390"},{"taxonomy":"post_tag","embeddable":true,"href":"https:\/\/infoecos.com.ar\/index.php\/wp-json\/wp\/v2\/tags?post=93390"}],"curies":[{"name":"wp","href":"https:\/\/api.w.org\/{rel}","templated":true}]}}