{"id":93405,"date":"2022-06-03T06:03:05","date_gmt":"2022-06-03T09:03:05","guid":{"rendered":"http:\/\/infoecos.com.ar\/?p=93405"},"modified":"2022-06-03T06:03:09","modified_gmt":"2022-06-03T09:03:09","slug":"se-realizara-manana-en-bragado-el-congreso-del-frente-renovador-de-la-4-seccion-electoral","status":"publish","type":"post","link":"https:\/\/infoecos.com.ar\/index.php\/se-realizara-manana-en-bragado-el-congreso-del-frente-renovador-de-la-4-seccion-electoral\/","title":{"rendered":"Se realizar\u00e1 ma\u00f1ana en Bragado el Congreso del Frente Renovador de la 4\u00b0 Secci\u00f3n Electoral"},"content":{"rendered":"\n<p>Se realizar\u00e1 ma\u00f1ana en Bragado el Congreso del Frente Renovador (FR) de la Cuarta Secci\u00f3n electoral. Contar\u00e1 con la presencia de funcionarios, legisladores provinciales, concejales y los principales referentes del massismo en los 19 distritos que componen la regi\u00f3n.<\/p>\n\n\n\n<div class=\"wp-block-image\"><figure class=\"aligncenter size-large is-resized\"><img loading=\"lazy\" decoding=\"async\" src=\"http:\/\/infoecos.com.ar\/wp-content\/uploads\/guerrera.jpeg\" alt=\"\" class=\"wp-image-64164\" width=\"543\" height=\"303\" srcset=\"https:\/\/infoecos.com.ar\/wp-content\/uploads\/guerrera.jpeg 880w, https:\/\/infoecos.com.ar\/wp-content\/uploads\/guerrera-460x258.jpeg 460w, https:\/\/infoecos.com.ar\/wp-content\/uploads\/guerrera-768x430.jpeg 768w\" sizes=\"(max-width: 543px) 100vw, 543px\" \/><\/figure><\/div>\n\n\n\n<p>Los congresos partidarios del FR comenzaron a desarrollarse en las \u00faltimas semanas y ya se produjeron encuentros en la Segunda, Quinta y Sexta secci\u00f3n. En esa l\u00ednea, la Cuarta dar\u00e1 su debate interno para darle continuidad al fortalecimiento y crecimiento del espacio.<\/p>\n\n\n\n<p>Estar\u00e1n presentes, entre otros dirigentes, el ministro de Transporte de la Naci\u00f3n, Alexis Guerrera; integrantes del gabinete nacional como el ex intendente de Chacabuco y actual concejal, Dar\u00edo Gol\u00eda; la diputada provincial Valeria Arata, y el senador bonaerense Juanci Mart\u00ednez, entre otros.<\/p>\n","protected":false},"excerpt":{"rendered":"<p>Estar\u00e1n presentes, entre otros dirigentes, el ministro de Transporte de la Naci\u00f3n, Alexis Guerrera; integrantes del gabinete nacional como el ex intendente de Chacabuco y actual concejal, Dar\u00edo Gol\u00eda; la diputada provincial Valeria Arata, y el senador bonaerense Juanci Mart\u00ednez<\/p>\n","protected":false},"author":2,"featured_media":64164,"comment_status":"closed","ping_status":"open","sticky":false,"template":"","format":"standard","meta":{"footnotes":""},"categories":[48],"tags":[6170],"class_list":["post-93405","post","type-post","status-publish","format-standard","has-post-thumbnail","hentry","category-c2nota3","tag-regional-movera-fichas-el-fr"],"yoast_head":"<!-- This site is optimized with the Yoast SEO plugin v23.4 - https:\/\/yoast.com\/wordpress\/plugins\/seo\/ -->\n<title>Se realizar\u00e1 ma\u00f1ana en Bragado el Congreso del Frente Renovador de la 4\u00b0 Secci\u00f3n Electoral - Infoecos<\/title>\n<meta name=\"robots\" content=\"index, follow, max-snippet:-1, max-image-preview:large, max-video-preview:-1\" \/>\n<link rel=\"canonical\" href=\"https:\/\/infoecos.com.ar\/index.php\/se-realizara-manana-en-bragado-el-congreso-del-frente-renovador-de-la-4-seccion-electoral\/\" \/>\n<meta property=\"og:locale\" content=\"es_ES\" \/>\n<meta property=\"og:type\" content=\"article\" \/>\n<meta property=\"og:title\" content=\"Se realizar\u00e1 ma\u00f1ana en Bragado el Congreso del Frente Renovador de la 4\u00b0 Secci\u00f3n Electoral - Infoecos\" \/>\n<meta property=\"og:description\" content=\"Estar\u00e1n presentes, entre otros dirigentes, el ministro de Transporte de la Naci\u00f3n, Alexis Guerrera; integrantes del gabinete nacional como el ex intendente de Chacabuco y actual concejal, Dar\u00edo Gol\u00eda; la diputada provincial Valeria Arata, y el senador bonaerense Juanci Mart\u00ednez\" \/>\n<meta property=\"og:url\" content=\"https:\/\/infoecos.com.ar\/index.php\/se-realizara-manana-en-bragado-el-congreso-del-frente-renovador-de-la-4-seccion-electoral\/\" \/>\n<meta property=\"og:site_name\" content=\"Infoecos\" \/>\n<meta property=\"article:publisher\" content=\"https:\/\/www.facebook.com\/profile.php?id=100063200290284\" \/>\n<meta property=\"article:published_time\" content=\"2022-06-03T09:03:05+00:00\" \/>\n<meta property=\"article:modified_time\" content=\"2022-06-03T09:03:09+00:00\" \/>\n<meta property=\"og:image\" content=\"https:\/\/infoecos.com.ar\/wp-content\/uploads\/guerrera.jpeg\" \/>\n\t<meta property=\"og:image:width\" content=\"880\" \/>\n\t<meta property=\"og:image:height\" content=\"493\" \/>\n\t<meta property=\"og:image:type\" content=\"image\/jpeg\" \/>\n<meta name=\"author\" content=\"Jorge Matheus\" \/>\n<meta name=\"twitter:card\" content=\"summary_large_image\" \/>\n<meta name=\"twitter:creator\" content=\"@infoecos\" \/>\n<meta name=\"twitter:site\" content=\"@infoecos\" \/>\n<meta name=\"twitter:label1\" content=\"Escrito por\" \/>\n\t<meta name=\"twitter:data1\" content=\"Jorge Matheus\" \/>\n\t<meta name=\"twitter:label2\" content=\"Tiempo de lectura\" \/>\n\t<meta name=\"twitter:data2\" content=\"1 minuto\" \/>\n<script type=\"application\/ld+json\" class=\"yoast-schema-graph\">{\"@context\":\"https:\/\/schema.org\",\"@graph\":[{\"@type\":\"Article\",\"@id\":\"https:\/\/infoecos.com.ar\/index.php\/se-realizara-manana-en-bragado-el-congreso-del-frente-renovador-de-la-4-seccion-electoral\/#article\",\"isPartOf\":{\"@id\":\"https:\/\/infoecos.com.ar\/index.php\/se-realizara-manana-en-bragado-el-congreso-del-frente-renovador-de-la-4-seccion-electoral\/\"},\"author\":{\"name\":\"Jorge Matheus\",\"@id\":\"https:\/\/infoecos.com.ar\/#\/schema\/person\/8f5ace5ce73b4b4aac4b7245aee6f191\"},\"headline\":\"Se realizar\u00e1 ma\u00f1ana en Bragado el Congreso del Frente Renovador de la 4\u00b0 Secci\u00f3n Electoral\",\"datePublished\":\"2022-06-03T09:03:05+00:00\",\"dateModified\":\"2022-06-03T09:03:09+00:00\",\"mainEntityOfPage\":{\"@id\":\"https:\/\/infoecos.com.ar\/index.php\/se-realizara-manana-en-bragado-el-congreso-del-frente-renovador-de-la-4-seccion-electoral\/\"},\"wordCount\":148,\"publisher\":{\"@id\":\"https:\/\/infoecos.com.ar\/#organization\"},\"image\":{\"@id\":\"https:\/\/infoecos.com.ar\/index.php\/se-realizara-manana-en-bragado-el-congreso-del-frente-renovador-de-la-4-seccion-electoral\/#primaryimage\"},\"thumbnailUrl\":\"https:\/\/infoecos.com.ar\/wp-content\/uploads\/guerrera.jpeg\",\"keywords\":[\"REGIONAL - MOVER\u00c1 FICHAS EL FR\"],\"articleSection\":[\"C2 N3\"],\"inLanguage\":\"es\"},{\"@type\":\"WebPage\",\"@id\":\"https:\/\/infoecos.com.ar\/index.php\/se-realizara-manana-en-bragado-el-congreso-del-frente-renovador-de-la-4-seccion-electoral\/\",\"url\":\"https:\/\/infoecos.com.ar\/index.php\/se-realizara-manana-en-bragado-el-congreso-del-frente-renovador-de-la-4-seccion-electoral\/\",\"name\":\"Se realizar\u00e1 ma\u00f1ana en Bragado el Congreso del Frente Renovador de la 4\u00b0 Secci\u00f3n Electoral - Infoecos\",\"isPartOf\":{\"@id\":\"https:\/\/infoecos.com.ar\/#website\"},\"primaryImageOfPage\":{\"@id\":\"https:\/\/infoecos.com.ar\/index.php\/se-realizara-manana-en-bragado-el-congreso-del-frente-renovador-de-la-4-seccion-electoral\/#primaryimage\"},\"image\":{\"@id\":\"https:\/\/infoecos.com.ar\/index.php\/se-realizara-manana-en-bragado-el-congreso-del-frente-renovador-de-la-4-seccion-electoral\/#primaryimage\"},\"thumbnailUrl\":\"https:\/\/infoecos.com.ar\/wp-content\/uploads\/guerrera.jpeg\",\"datePublished\":\"2022-06-03T09:03:05+00:00\",\"dateModified\":\"2022-06-03T09:03:09+00:00\",\"breadcrumb\":{\"@id\":\"https:\/\/infoecos.com.ar\/index.php\/se-realizara-manana-en-bragado-el-congreso-del-frente-renovador-de-la-4-seccion-electoral\/#breadcrumb\"},\"inLanguage\":\"es\",\"potentialAction\":[{\"@type\":\"ReadAction\",\"target\":[\"https:\/\/infoecos.com.ar\/index.php\/se-realizara-manana-en-bragado-el-congreso-del-frente-renovador-de-la-4-seccion-electoral\/\"]}]},{\"@type\":\"ImageObject\",\"inLanguage\":\"es\",\"@id\":\"https:\/\/infoecos.com.ar\/index.php\/se-realizara-manana-en-bragado-el-congreso-del-frente-renovador-de-la-4-seccion-electoral\/#primaryimage\",\"url\":\"https:\/\/infoecos.com.ar\/wp-content\/uploads\/guerrera.jpeg\",\"contentUrl\":\"https:\/\/infoecos.com.ar\/wp-content\/uploads\/guerrera.jpeg\",\"width\":880,\"height\":493},{\"@type\":\"BreadcrumbList\",\"@id\":\"https:\/\/infoecos.com.ar\/index.php\/se-realizara-manana-en-bragado-el-congreso-del-frente-renovador-de-la-4-seccion-electoral\/#breadcrumb\",\"itemListElement\":[{\"@type\":\"ListItem\",\"position\":1,\"name\":\"Portada\",\"item\":\"https:\/\/infoecos.com.ar\/\"},{\"@type\":\"ListItem\",\"position\":2,\"name\":\"Se realizar\u00e1 ma\u00f1ana en Bragado el Congreso del Frente Renovador de la 4\u00b0 Secci\u00f3n Electoral\"}]},{\"@type\":\"WebSite\",\"@id\":\"https:\/\/infoecos.com.ar\/#website\",\"url\":\"https:\/\/infoecos.com.ar\/\",\"name\":\"Infoecos\",\"description\":\"Noticias de trenque lauquen y la zona\",\"publisher\":{\"@id\":\"https:\/\/infoecos.com.ar\/#organization\"},\"alternateName\":\"Noticias\",\"potentialAction\":[{\"@type\":\"SearchAction\",\"target\":{\"@type\":\"EntryPoint\",\"urlTemplate\":\"https:\/\/infoecos.com.ar\/?s={search_term_string}\"},\"query-input\":{\"@type\":\"PropertyValueSpecification\",\"valueRequired\":true,\"valueName\":\"search_term_string\"}}],\"inLanguage\":\"es\"},{\"@type\":\"Organization\",\"@id\":\"https:\/\/infoecos.com.ar\/#organization\",\"name\":\"Infoecos\",\"alternateName\":\"Noticias\",\"url\":\"https:\/\/infoecos.com.ar\/\",\"logo\":{\"@type\":\"ImageObject\",\"inLanguage\":\"es\",\"@id\":\"https:\/\/infoecos.com.ar\/#\/schema\/logo\/image\/\",\"url\":\"https:\/\/infoecos.com.ar\/wp-content\/uploads\/2024\/03\/cropped-logo.png\",\"contentUrl\":\"https:\/\/infoecos.com.ar\/wp-content\/uploads\/2024\/03\/cropped-logo.png\",\"width\":374,\"height\":90,\"caption\":\"Infoecos\"},\"image\":{\"@id\":\"https:\/\/infoecos.com.ar\/#\/schema\/logo\/image\/\"},\"sameAs\":[\"https:\/\/www.facebook.com\/profile.php?id=100063200290284\",\"https:\/\/x.com\/infoecos\"]},{\"@type\":\"Person\",\"@id\":\"https:\/\/infoecos.com.ar\/#\/schema\/person\/8f5ace5ce73b4b4aac4b7245aee6f191\",\"name\":\"Jorge Matheus\",\"url\":\"https:\/\/infoecos.com.ar\/index.php\/author\/jomatheus\/\"}]}<\/script>\n<!-- \/ Yoast SEO plugin. -->","yoast_head_json":{"title":"Se realizar\u00e1 ma\u00f1ana en Bragado el Congreso del Frente Renovador de la 4\u00b0 Secci\u00f3n Electoral - Infoecos","robots":{"index":"index","follow":"follow","max-snippet":"max-snippet:-1","max-image-preview":"max-image-preview:large","max-video-preview":"max-video-preview:-1"},"canonical":"https:\/\/infoecos.com.ar\/index.php\/se-realizara-manana-en-bragado-el-congreso-del-frente-renovador-de-la-4-seccion-electoral\/","og_locale":"es_ES","og_type":"article","og_title":"Se realizar\u00e1 ma\u00f1ana en Bragado el Congreso del Frente Renovador de la 4\u00b0 Secci\u00f3n Electoral - Infoecos","og_description":"Estar\u00e1n presentes, entre otros dirigentes, el ministro de Transporte de la Naci\u00f3n, Alexis Guerrera; integrantes del gabinete nacional como el ex intendente de Chacabuco y actual concejal, Dar\u00edo Gol\u00eda; la diputada provincial Valeria Arata, y el senador bonaerense Juanci Mart\u00ednez","og_url":"https:\/\/infoecos.com.ar\/index.php\/se-realizara-manana-en-bragado-el-congreso-del-frente-renovador-de-la-4-seccion-electoral\/","og_site_name":"Infoecos","article_publisher":"https:\/\/www.facebook.com\/profile.php?id=100063200290284","article_published_time":"2022-06-03T09:03:05+00:00","article_modified_time":"2022-06-03T09:03:09+00:00","og_image":[{"width":880,"height":493,"url":"https:\/\/infoecos.com.ar\/wp-content\/uploads\/guerrera.jpeg","type":"image\/jpeg"}],"author":"Jorge Matheus","twitter_card":"summary_large_image","twitter_creator":"@infoecos","twitter_site":"@infoecos","twitter_misc":{"Escrito por":"Jorge Matheus","Tiempo de lectura":"1 minuto"},"schema":{"@context":"https:\/\/schema.org","@graph":[{"@type":"Article","@id":"https:\/\/infoecos.com.ar\/index.php\/se-realizara-manana-en-bragado-el-congreso-del-frente-renovador-de-la-4-seccion-electoral\/#article","isPartOf":{"@id":"https:\/\/infoecos.com.ar\/index.php\/se-realizara-manana-en-bragado-el-congreso-del-frente-renovador-de-la-4-seccion-electoral\/"},"author":{"name":"Jorge Matheus","@id":"https:\/\/infoecos.com.ar\/#\/schema\/person\/8f5ace5ce73b4b4aac4b7245aee6f191"},"headline":"Se realizar\u00e1 ma\u00f1ana en Bragado el Congreso del Frente Renovador de la 4\u00b0 Secci\u00f3n Electoral","datePublished":"2022-06-03T09:03:05+00:00","dateModified":"2022-06-03T09:03:09+00:00","mainEntityOfPage":{"@id":"https:\/\/infoecos.com.ar\/index.php\/se-realizara-manana-en-bragado-el-congreso-del-frente-renovador-de-la-4-seccion-electoral\/"},"wordCount":148,"publisher":{"@id":"https:\/\/infoecos.com.ar\/#organization"},"image":{"@id":"https:\/\/infoecos.com.ar\/index.php\/se-realizara-manana-en-bragado-el-congreso-del-frente-renovador-de-la-4-seccion-electoral\/#primaryimage"},"thumbnailUrl":"https:\/\/infoecos.com.ar\/wp-content\/uploads\/guerrera.jpeg","keywords":["REGIONAL - MOVER\u00c1 FICHAS EL FR"],"articleSection":["C2 N3"],"inLanguage":"es"},{"@type":"WebPage","@id":"https:\/\/infoecos.com.ar\/index.php\/se-realizara-manana-en-bragado-el-congreso-del-frente-renovador-de-la-4-seccion-electoral\/","url":"https:\/\/infoecos.com.ar\/index.php\/se-realizara-manana-en-bragado-el-congreso-del-frente-renovador-de-la-4-seccion-electoral\/","name":"Se realizar\u00e1 ma\u00f1ana en Bragado el Congreso del Frente Renovador de la 4\u00b0 Secci\u00f3n Electoral - Infoecos","isPartOf":{"@id":"https:\/\/infoecos.com.ar\/#website"},"primaryImageOfPage":{"@id":"https:\/\/infoecos.com.ar\/index.php\/se-realizara-manana-en-bragado-el-congreso-del-frente-renovador-de-la-4-seccion-electoral\/#primaryimage"},"image":{"@id":"https:\/\/infoecos.com.ar\/index.php\/se-realizara-manana-en-bragado-el-congreso-del-frente-renovador-de-la-4-seccion-electoral\/#primaryimage"},"thumbnailUrl":"https:\/\/infoecos.com.ar\/wp-content\/uploads\/guerrera.jpeg","datePublished":"2022-06-03T09:03:05+00:00","dateModified":"2022-06-03T09:03:09+00:00","breadcrumb":{"@id":"https:\/\/infoecos.com.ar\/index.php\/se-realizara-manana-en-bragado-el-congreso-del-frente-renovador-de-la-4-seccion-electoral\/#breadcrumb"},"inLanguage":"es","potentialAction":[{"@type":"ReadAction","target":["https:\/\/infoecos.com.ar\/index.php\/se-realizara-manana-en-bragado-el-congreso-del-frente-renovador-de-la-4-seccion-electoral\/"]}]},{"@type":"ImageObject","inLanguage":"es","@id":"https:\/\/infoecos.com.ar\/index.php\/se-realizara-manana-en-bragado-el-congreso-del-frente-renovador-de-la-4-seccion-electoral\/#primaryimage","url":"https:\/\/infoecos.com.ar\/wp-content\/uploads\/guerrera.jpeg","contentUrl":"https:\/\/infoecos.com.ar\/wp-content\/uploads\/guerrera.jpeg","width":880,"height":493},{"@type":"BreadcrumbList","@id":"https:\/\/infoecos.com.ar\/index.php\/se-realizara-manana-en-bragado-el-congreso-del-frente-renovador-de-la-4-seccion-electoral\/#breadcrumb","itemListElement":[{"@type":"ListItem","position":1,"name":"Portada","item":"https:\/\/infoecos.com.ar\/"},{"@type":"ListItem","position":2,"name":"Se realizar\u00e1 ma\u00f1ana en Bragado el Congreso del Frente Renovador de la 4\u00b0 Secci\u00f3n Electoral"}]},{"@type":"WebSite","@id":"https:\/\/infoecos.com.ar\/#website","url":"https:\/\/infoecos.com.ar\/","name":"Infoecos","description":"Noticias de trenque lauquen y la zona","publisher":{"@id":"https:\/\/infoecos.com.ar\/#organization"},"alternateName":"Noticias","potentialAction":[{"@type":"SearchAction","target":{"@type":"EntryPoint","urlTemplate":"https:\/\/infoecos.com.ar\/?s={search_term_string}"},"query-input":{"@type":"PropertyValueSpecification","valueRequired":true,"valueName":"search_term_string"}}],"inLanguage":"es"},{"@type":"Organization","@id":"https:\/\/infoecos.com.ar\/#organization","name":"Infoecos","alternateName":"Noticias","url":"https:\/\/infoecos.com.ar\/","logo":{"@type":"ImageObject","inLanguage":"es","@id":"https:\/\/infoecos.com.ar\/#\/schema\/logo\/image\/","url":"https:\/\/infoecos.com.ar\/wp-content\/uploads\/2024\/03\/cropped-logo.png","contentUrl":"https:\/\/infoecos.com.ar\/wp-content\/uploads\/2024\/03\/cropped-logo.png","width":374,"height":90,"caption":"Infoecos"},"image":{"@id":"https:\/\/infoecos.com.ar\/#\/schema\/logo\/image\/"},"sameAs":["https:\/\/www.facebook.com\/profile.php?id=100063200290284","https:\/\/x.com\/infoecos"]},{"@type":"Person","@id":"https:\/\/infoecos.com.ar\/#\/schema\/person\/8f5ace5ce73b4b4aac4b7245aee6f191","name":"Jorge Matheus","url":"https:\/\/infoecos.com.ar\/index.php\/author\/jomatheus\/"}]}},"featured_image_urls":{"full":["https:\/\/infoecos.com.ar\/wp-content\/uploads\/guerrera.jpeg",880,493,false],"thumbnail":["https:\/\/infoecos.com.ar\/wp-content\/uploads\/guerrera-150x150.jpeg",150,150,true],"medium":["https:\/\/infoecos.com.ar\/wp-content\/uploads\/guerrera-460x258.jpeg",460,258,true],"medium_large":["https:\/\/infoecos.com.ar\/wp-content\/uploads\/guerrera-768x430.jpeg",640,358,true],"large":["https:\/\/infoecos.com.ar\/wp-content\/uploads\/guerrera.jpeg",640,359,false],"1536x1536":["https:\/\/infoecos.com.ar\/wp-content\/uploads\/guerrera.jpeg",880,493,false],"2048x2048":["https:\/\/infoecos.com.ar\/wp-content\/uploads\/guerrera.jpeg",880,493,false],"covernews-slider-full":["https:\/\/infoecos.com.ar\/wp-content\/uploads\/guerrera.jpeg",880,493,false],"covernews-slider-center":["https:\/\/infoecos.com.ar\/wp-content\/uploads\/guerrera.jpeg",800,448,false],"covernews-featured":["https:\/\/infoecos.com.ar\/wp-content\/uploads\/guerrera.jpeg",880,493,false],"covernews-medium":["https:\/\/infoecos.com.ar\/wp-content\/uploads\/guerrera-720x380.jpeg",540,285,true],"covernews-medium-square":["https:\/\/infoecos.com.ar\/wp-content\/uploads\/guerrera-675x450.jpeg",375,250,true]},"author_info":{"info":["Jorge Matheus"]},"category_info":"<a href=\"https:\/\/infoecos.com.ar\/index.php\/category\/c2nota3\/\" rel=\"category tag\">C2 N3<\/a>","tag_info":"C2 N3","comment_count":"0","_links":{"self":[{"href":"https:\/\/infoecos.com.ar\/index.php\/wp-json\/wp\/v2\/posts\/93405"}],"collection":[{"href":"https:\/\/infoecos.com.ar\/index.php\/wp-json\/wp\/v2\/posts"}],"about":[{"href":"https:\/\/infoecos.com.ar\/index.php\/wp-json\/wp\/v2\/types\/post"}],"author":[{"embeddable":true,"href":"https:\/\/infoecos.com.ar\/index.php\/wp-json\/wp\/v2\/users\/2"}],"replies":[{"embeddable":true,"href":"https:\/\/infoecos.com.ar\/index.php\/wp-json\/wp\/v2\/comments?post=93405"}],"version-history":[{"count":1,"href":"https:\/\/infoecos.com.ar\/index.php\/wp-json\/wp\/v2\/posts\/93405\/revisions"}],"predecessor-version":[{"id":93406,"href":"https:\/\/infoecos.com.ar\/index.php\/wp-json\/wp\/v2\/posts\/93405\/revisions\/93406"}],"wp:featuredmedia":[{"embeddable":true,"href":"https:\/\/infoecos.com.ar\/index.php\/wp-json\/wp\/v2\/media\/64164"}],"wp:attachment":[{"href":"https:\/\/infoecos.com.ar\/index.php\/wp-json\/wp\/v2\/media?parent=93405"}],"wp:term":[{"taxonomy":"category","embeddable":true,"href":"https:\/\/infoecos.com.ar\/index.php\/wp-json\/wp\/v2\/categories?post=93405"},{"taxonomy":"post_tag","embeddable":true,"href":"https:\/\/infoecos.com.ar\/index.php\/wp-json\/wp\/v2\/tags?post=93405"}],"curies":[{"name":"wp","href":"https:\/\/api.w.org\/{rel}","templated":true}]}}