{"id":93411,"date":"2022-06-03T13:39:00","date_gmt":"2022-06-03T16:39:00","guid":{"rendered":"http:\/\/infoecos.com.ar\/?p=93411"},"modified":"2022-06-03T13:39:01","modified_gmt":"2022-06-03T16:39:01","slug":"oficial-hay-46-casos-activos-de-covid-19-en-el-distrito-de-trenque-lauquen","status":"publish","type":"post","link":"https:\/\/infoecos.com.ar\/index.php\/oficial-hay-46-casos-activos-de-covid-19-en-el-distrito-de-trenque-lauquen\/","title":{"rendered":"Oficial: Hay 46 casos activos de Covid-19 en el distrito de Trenque Lauquen"},"content":{"rendered":"\n<p>La subsecretar\u00eda de Salud municipal de Trenque Lauquen inform\u00f3 este viernes que hay 46 casos activos de Covid-19 en el distrito, despu\u00e9s que en la \u00faltima semana \u2013desde el pasado s\u00e1bado, 28 de mayo, hasta este viernes 3 de junio- se reportaran 52 nuevos casos positivos, 56 personas recuperadas y 90 casos descartados.<\/p>\n\n\n\n<p>Los 52 nuevos casos positivos fueron confirmados por testeo, de los cuales 42 corresponden a Trenque Lauquen y diez (10) a Treinta de Agosto.<\/p>\n\n\n\n<p>De los 46 casos activos, 38 pertenecen a la ciudad cabecera y ocho (8) a Treinta de Agosto, encontr\u00e1ndose 43 en sus domicilios particulares; y los otros tres (3) en el Hospital Municipal.<\/p>\n\n\n\n<div class=\"wp-block-image\"><figure class=\"aligncenter size-large is-resized\"><img loading=\"lazy\" decoding=\"async\" src=\"http:\/\/infoecos.com.ar\/wp-content\/uploads\/2022\/06\/COVID19.jpg\" alt=\"\" class=\"wp-image-93412\" width=\"501\" height=\"435\" srcset=\"https:\/\/infoecos.com.ar\/wp-content\/uploads\/2022\/06\/COVID19.jpg 800w, https:\/\/infoecos.com.ar\/wp-content\/uploads\/2022\/06\/COVID19-460x400.jpg 460w, https:\/\/infoecos.com.ar\/wp-content\/uploads\/2022\/06\/COVID19-768x667.jpg 768w\" sizes=\"(max-width: 501px) 100vw, 501px\" \/><\/figure><\/div>\n\n\n\n<p>Entre los 90 casos descartados, 84 son de la ciudad cabecera y seis (6) de Treinta de Agosto, ascendiendo a 34.267 los casos as\u00ed considerados desde el inicio de la pandemia, hace m\u00e1s de dos a\u00f1os, hasta hoy.<\/p>\n\n\n\n<p>En ese mismo lapso, con las 56 personas recuperadas en la \u00faltima semana, 51 de Trenque Lauquen y cinco (5) de Treinta de Agosto, se contabilizan 15.610 personas que recibieron el alta.<\/p>\n\n\n\n<p>. <strong>INFORME SEMANAL<\/strong><\/p>\n\n\n\n<p>Desde el \u00e1rea de Epidemiolog\u00eda informan que los resultados del informe semanal de Covid-19 son parciales teniendo en cuenta que reflejan solamente el n\u00famero de casos que son testeados en el Hospital Municipal, donde se atiende a la poblaci\u00f3n con factores de riesgo y a personas con orden m\u00e9dica.<\/p>\n\n\n\n<p>Obviamente, el informe municipal no contabiliza los casos de vecinos\/as que son diagnosticados positivos de Covid-19 mediante el kit de testeo que adquieren en las farmacias o se realizan de forma privada.<\/p>\n\n\n\n<p>. <strong>CENTRO MUNICIPAL DE TESTEO<\/strong><\/p>\n\n\n\n<p>El Centro Municipal de Testeo funciona en el Hospital Municipal Dr. Pedro T. Orellana de lunes a viernes de 11 a 14. Los\/as vecinos\/as que necesiten hisoparse deber\u00e1n ingresar por el sector de Laboratorio o la entrada principal del centro de salud.<\/p>\n\n\n\n<p>Para hisoparse se sigue dando turno por mensaje de WhatsApp al tel\u00e9fono (2392) 52-0721 por una cuesti\u00f3n de organizaci\u00f3n, y quienes concurran deber\u00e1n llevar Documento Nacional de Identidad (DNI), carnet de obra social en caso de que tengan una y certificado de vacunaci\u00f3n Covid-19. El objetivo de este \u00faltimo requisito es conocer en qu\u00e9 situaci\u00f3n se encuentra cada vecino\/a que llega a hacerse el hisopado.<\/p>\n\n\n\n<p>. <strong>CRITERIO DE HISOPADOS<\/strong><\/p>\n\n\n\n<p>En cuanto al criterio de hisopados, para mayores de 60 a\u00f1os continuar\u00e1 como hasta ahora y los\/as menores de 60 deber\u00e1n presentar la receta extendida por un m\u00e9dico.<\/p>\n\n\n\n<p>Asimismo, se reitera que las personas que tengan planeado viajar al exterior deben ponerse en contacto con las embajadas o autoridades correspondientes del pa\u00eds elegido como destino para consultar qu\u00e9 tipo de requerimientos sanitarios tienen debido a la pandemia de Covid-19 para permitir el ingreso, particularmente en lo que respecta al tipo de test que exigen, el molecular, amplificaci\u00f3n isot\u00e9rmica, que es el que se realiza en Trenque Lauquen, o el PCR.<\/p>\n\n\n\n<p>\u2022 <strong>L\u00cdNEA TELEF\u00d3NICA<\/strong><\/p>\n\n\n\n<p>Las consultas sobre horarios de hisopados o de atenci\u00f3n por Covid-19 podr\u00e1n realizarse al 147 \u00f3 41-9060, n\u00famero de Atenci\u00f3n Ciudadana de la municipalidad de Trenque Lauquen, de 7 a 19 horas.<\/p>\n\n\n\n<p>\u2022 <strong>Casos confirmados durante la \u00faltima semana<\/strong>: 52<\/p>\n\n\n\n<p>&#8211; Por hisopado: 52<\/p>\n\n\n\n<p>&#8211; <strong>Por criterio o nexo epidemiol\u00f3gico<\/strong>: 0<\/p>\n\n\n\n<p>&#8211; En Trenque Lauquen: 42<\/p>\n\n\n\n<p>&#8211; En Treinta de Agosto: 10<\/p>\n\n\n\n<p>\u2022 <strong>Total casos activos:<\/strong> 46<\/p>\n\n\n\n<p>&#8211; En Trenque Lauquen: 38<\/p>\n\n\n\n<p>&#8211; En Treinta de Agosto: 8<\/p>\n\n\n\n<p>\u2022 <strong>Personas recuperadas durante la \u00faltima semana<\/strong>: 56<\/p>\n\n\n\n<p>. En Trenque Lauquen: 51<\/p>\n\n\n\n<p>. En Treinta de Agosto: 5<\/p>\n\n\n\n<p>-Total de Personas recuperadas: 15.610<\/p>\n\n\n\n<p>\u2022 <strong>Casos descartados durante la \u00faltima semana<\/strong>: 90<\/p>\n\n\n\n<p>&#8211; En Trenque Lauquen: 84<\/p>\n\n\n\n<p>&#8211; En Treinta de Agosto: 6<\/p>\n\n\n\n<p>&#8211; Total de Casos descartados: 34.267<\/p>\n\n\n\n<p>\u2022 <strong>Defunciones<\/strong>: 201<\/p>\n","protected":false},"excerpt":{"rendered":"<p>De los 46 casos activos, 38 pertenecen a la ciudad cabecera y ocho (8) a Treinta de Agosto, encontr\u00e1ndose 43 en sus domicilios particulares; y los otros tres (3) en el Hospital Municipal<\/p>\n","protected":false},"author":2,"featured_media":51134,"comment_status":"closed","ping_status":"open","sticky":false,"template":"","format":"standard","meta":{"footnotes":""},"categories":[1612],"tags":[],"class_list":["post-93411","post","type-post","status-publish","format-standard","has-post-thumbnail","hentry","category-noticia-principal"],"yoast_head":"<!-- This site is optimized with the Yoast SEO plugin v23.4 - https:\/\/yoast.com\/wordpress\/plugins\/seo\/ -->\n<title>Oficial: Hay 46 casos activos de Covid-19 en el distrito de Trenque Lauquen - Infoecos<\/title>\n<meta name=\"robots\" content=\"index, follow, max-snippet:-1, max-image-preview:large, max-video-preview:-1\" \/>\n<link rel=\"canonical\" href=\"https:\/\/infoecos.com.ar\/index.php\/oficial-hay-46-casos-activos-de-covid-19-en-el-distrito-de-trenque-lauquen\/\" \/>\n<meta property=\"og:locale\" content=\"es_ES\" \/>\n<meta property=\"og:type\" content=\"article\" \/>\n<meta property=\"og:title\" content=\"Oficial: Hay 46 casos activos de Covid-19 en el distrito de Trenque Lauquen - Infoecos\" \/>\n<meta property=\"og:description\" content=\"De los 46 casos activos, 38 pertenecen a la ciudad cabecera y ocho (8) a Treinta de Agosto, encontr\u00e1ndose 43 en sus domicilios particulares; y los otros tres (3) en el Hospital Municipal\" \/>\n<meta property=\"og:url\" content=\"https:\/\/infoecos.com.ar\/index.php\/oficial-hay-46-casos-activos-de-covid-19-en-el-distrito-de-trenque-lauquen\/\" \/>\n<meta property=\"og:site_name\" content=\"Infoecos\" \/>\n<meta property=\"article:publisher\" content=\"https:\/\/www.facebook.com\/profile.php?id=100063200290284\" \/>\n<meta property=\"article:published_time\" content=\"2022-06-03T16:39:00+00:00\" \/>\n<meta property=\"article:modified_time\" content=\"2022-06-03T16:39:01+00:00\" \/>\n<meta property=\"og:image\" content=\"https:\/\/infoecos.com.ar\/wp-content\/uploads\/14222193_1324066877604624_7263543514184288538_n.jpg\" \/>\n\t<meta property=\"og:image:width\" content=\"526\" \/>\n\t<meta property=\"og:image:height\" content=\"394\" \/>\n\t<meta property=\"og:image:type\" content=\"image\/jpeg\" \/>\n<meta name=\"author\" content=\"Jorge Matheus\" \/>\n<meta name=\"twitter:card\" content=\"summary_large_image\" \/>\n<meta name=\"twitter:creator\" content=\"@infoecos\" \/>\n<meta name=\"twitter:site\" content=\"@infoecos\" \/>\n<meta name=\"twitter:label1\" content=\"Escrito por\" \/>\n\t<meta name=\"twitter:data1\" content=\"Jorge Matheus\" \/>\n\t<meta name=\"twitter:label2\" content=\"Tiempo de lectura\" \/>\n\t<meta name=\"twitter:data2\" content=\"3 minutos\" \/>\n<script type=\"application\/ld+json\" class=\"yoast-schema-graph\">{\"@context\":\"https:\/\/schema.org\",\"@graph\":[{\"@type\":\"Article\",\"@id\":\"https:\/\/infoecos.com.ar\/index.php\/oficial-hay-46-casos-activos-de-covid-19-en-el-distrito-de-trenque-lauquen\/#article\",\"isPartOf\":{\"@id\":\"https:\/\/infoecos.com.ar\/index.php\/oficial-hay-46-casos-activos-de-covid-19-en-el-distrito-de-trenque-lauquen\/\"},\"author\":{\"name\":\"Jorge Matheus\",\"@id\":\"https:\/\/infoecos.com.ar\/#\/schema\/person\/8f5ace5ce73b4b4aac4b7245aee6f191\"},\"headline\":\"Oficial: Hay 46 casos activos de Covid-19 en el distrito de Trenque Lauquen\",\"datePublished\":\"2022-06-03T16:39:00+00:00\",\"dateModified\":\"2022-06-03T16:39:01+00:00\",\"mainEntityOfPage\":{\"@id\":\"https:\/\/infoecos.com.ar\/index.php\/oficial-hay-46-casos-activos-de-covid-19-en-el-distrito-de-trenque-lauquen\/\"},\"wordCount\":601,\"publisher\":{\"@id\":\"https:\/\/infoecos.com.ar\/#organization\"},\"image\":{\"@id\":\"https:\/\/infoecos.com.ar\/index.php\/oficial-hay-46-casos-activos-de-covid-19-en-el-distrito-de-trenque-lauquen\/#primaryimage\"},\"thumbnailUrl\":\"\",\"articleSection\":[\"Noticia Principal\"],\"inLanguage\":\"es\"},{\"@type\":\"WebPage\",\"@id\":\"https:\/\/infoecos.com.ar\/index.php\/oficial-hay-46-casos-activos-de-covid-19-en-el-distrito-de-trenque-lauquen\/\",\"url\":\"https:\/\/infoecos.com.ar\/index.php\/oficial-hay-46-casos-activos-de-covid-19-en-el-distrito-de-trenque-lauquen\/\",\"name\":\"Oficial: Hay 46 casos activos de Covid-19 en el distrito de Trenque Lauquen - Infoecos\",\"isPartOf\":{\"@id\":\"https:\/\/infoecos.com.ar\/#website\"},\"primaryImageOfPage\":{\"@id\":\"https:\/\/infoecos.com.ar\/index.php\/oficial-hay-46-casos-activos-de-covid-19-en-el-distrito-de-trenque-lauquen\/#primaryimage\"},\"image\":{\"@id\":\"https:\/\/infoecos.com.ar\/index.php\/oficial-hay-46-casos-activos-de-covid-19-en-el-distrito-de-trenque-lauquen\/#primaryimage\"},\"thumbnailUrl\":\"\",\"datePublished\":\"2022-06-03T16:39:00+00:00\",\"dateModified\":\"2022-06-03T16:39:01+00:00\",\"breadcrumb\":{\"@id\":\"https:\/\/infoecos.com.ar\/index.php\/oficial-hay-46-casos-activos-de-covid-19-en-el-distrito-de-trenque-lauquen\/#breadcrumb\"},\"inLanguage\":\"es\",\"potentialAction\":[{\"@type\":\"ReadAction\",\"target\":[\"https:\/\/infoecos.com.ar\/index.php\/oficial-hay-46-casos-activos-de-covid-19-en-el-distrito-de-trenque-lauquen\/\"]}]},{\"@type\":\"ImageObject\",\"inLanguage\":\"es\",\"@id\":\"https:\/\/infoecos.com.ar\/index.php\/oficial-hay-46-casos-activos-de-covid-19-en-el-distrito-de-trenque-lauquen\/#primaryimage\",\"url\":\"\",\"contentUrl\":\"\"},{\"@type\":\"BreadcrumbList\",\"@id\":\"https:\/\/infoecos.com.ar\/index.php\/oficial-hay-46-casos-activos-de-covid-19-en-el-distrito-de-trenque-lauquen\/#breadcrumb\",\"itemListElement\":[{\"@type\":\"ListItem\",\"position\":1,\"name\":\"Portada\",\"item\":\"https:\/\/infoecos.com.ar\/\"},{\"@type\":\"ListItem\",\"position\":2,\"name\":\"Oficial: Hay 46 casos activos de Covid-19 en el distrito de Trenque Lauquen\"}]},{\"@type\":\"WebSite\",\"@id\":\"https:\/\/infoecos.com.ar\/#website\",\"url\":\"https:\/\/infoecos.com.ar\/\",\"name\":\"Infoecos\",\"description\":\"Noticias de trenque lauquen y la zona\",\"publisher\":{\"@id\":\"https:\/\/infoecos.com.ar\/#organization\"},\"alternateName\":\"Noticias\",\"potentialAction\":[{\"@type\":\"SearchAction\",\"target\":{\"@type\":\"EntryPoint\",\"urlTemplate\":\"https:\/\/infoecos.com.ar\/?s={search_term_string}\"},\"query-input\":{\"@type\":\"PropertyValueSpecification\",\"valueRequired\":true,\"valueName\":\"search_term_string\"}}],\"inLanguage\":\"es\"},{\"@type\":\"Organization\",\"@id\":\"https:\/\/infoecos.com.ar\/#organization\",\"name\":\"Infoecos\",\"alternateName\":\"Noticias\",\"url\":\"https:\/\/infoecos.com.ar\/\",\"logo\":{\"@type\":\"ImageObject\",\"inLanguage\":\"es\",\"@id\":\"https:\/\/infoecos.com.ar\/#\/schema\/logo\/image\/\",\"url\":\"https:\/\/infoecos.com.ar\/wp-content\/uploads\/2024\/03\/cropped-logo.png\",\"contentUrl\":\"https:\/\/infoecos.com.ar\/wp-content\/uploads\/2024\/03\/cropped-logo.png\",\"width\":374,\"height\":90,\"caption\":\"Infoecos\"},\"image\":{\"@id\":\"https:\/\/infoecos.com.ar\/#\/schema\/logo\/image\/\"},\"sameAs\":[\"https:\/\/www.facebook.com\/profile.php?id=100063200290284\",\"https:\/\/x.com\/infoecos\"]},{\"@type\":\"Person\",\"@id\":\"https:\/\/infoecos.com.ar\/#\/schema\/person\/8f5ace5ce73b4b4aac4b7245aee6f191\",\"name\":\"Jorge Matheus\",\"url\":\"https:\/\/infoecos.com.ar\/index.php\/author\/jomatheus\/\"}]}<\/script>\n<!-- \/ Yoast SEO plugin. -->","yoast_head_json":{"title":"Oficial: Hay 46 casos activos de Covid-19 en el distrito de Trenque Lauquen - Infoecos","robots":{"index":"index","follow":"follow","max-snippet":"max-snippet:-1","max-image-preview":"max-image-preview:large","max-video-preview":"max-video-preview:-1"},"canonical":"https:\/\/infoecos.com.ar\/index.php\/oficial-hay-46-casos-activos-de-covid-19-en-el-distrito-de-trenque-lauquen\/","og_locale":"es_ES","og_type":"article","og_title":"Oficial: Hay 46 casos activos de Covid-19 en el distrito de Trenque Lauquen - Infoecos","og_description":"De los 46 casos activos, 38 pertenecen a la ciudad cabecera y ocho (8) a Treinta de Agosto, encontr\u00e1ndose 43 en sus domicilios particulares; y los otros tres (3) en el Hospital Municipal","og_url":"https:\/\/infoecos.com.ar\/index.php\/oficial-hay-46-casos-activos-de-covid-19-en-el-distrito-de-trenque-lauquen\/","og_site_name":"Infoecos","article_publisher":"https:\/\/www.facebook.com\/profile.php?id=100063200290284","article_published_time":"2022-06-03T16:39:00+00:00","article_modified_time":"2022-06-03T16:39:01+00:00","og_image":[{"width":526,"height":394,"url":"https:\/\/infoecos.com.ar\/wp-content\/uploads\/14222193_1324066877604624_7263543514184288538_n.jpg","type":"image\/jpeg"}],"author":"Jorge Matheus","twitter_card":"summary_large_image","twitter_creator":"@infoecos","twitter_site":"@infoecos","twitter_misc":{"Escrito por":"Jorge Matheus","Tiempo de lectura":"3 minutos"},"schema":{"@context":"https:\/\/schema.org","@graph":[{"@type":"Article","@id":"https:\/\/infoecos.com.ar\/index.php\/oficial-hay-46-casos-activos-de-covid-19-en-el-distrito-de-trenque-lauquen\/#article","isPartOf":{"@id":"https:\/\/infoecos.com.ar\/index.php\/oficial-hay-46-casos-activos-de-covid-19-en-el-distrito-de-trenque-lauquen\/"},"author":{"name":"Jorge Matheus","@id":"https:\/\/infoecos.com.ar\/#\/schema\/person\/8f5ace5ce73b4b4aac4b7245aee6f191"},"headline":"Oficial: Hay 46 casos activos de Covid-19 en el distrito de Trenque Lauquen","datePublished":"2022-06-03T16:39:00+00:00","dateModified":"2022-06-03T16:39:01+00:00","mainEntityOfPage":{"@id":"https:\/\/infoecos.com.ar\/index.php\/oficial-hay-46-casos-activos-de-covid-19-en-el-distrito-de-trenque-lauquen\/"},"wordCount":601,"publisher":{"@id":"https:\/\/infoecos.com.ar\/#organization"},"image":{"@id":"https:\/\/infoecos.com.ar\/index.php\/oficial-hay-46-casos-activos-de-covid-19-en-el-distrito-de-trenque-lauquen\/#primaryimage"},"thumbnailUrl":"","articleSection":["Noticia Principal"],"inLanguage":"es"},{"@type":"WebPage","@id":"https:\/\/infoecos.com.ar\/index.php\/oficial-hay-46-casos-activos-de-covid-19-en-el-distrito-de-trenque-lauquen\/","url":"https:\/\/infoecos.com.ar\/index.php\/oficial-hay-46-casos-activos-de-covid-19-en-el-distrito-de-trenque-lauquen\/","name":"Oficial: Hay 46 casos activos de Covid-19 en el distrito de Trenque Lauquen - Infoecos","isPartOf":{"@id":"https:\/\/infoecos.com.ar\/#website"},"primaryImageOfPage":{"@id":"https:\/\/infoecos.com.ar\/index.php\/oficial-hay-46-casos-activos-de-covid-19-en-el-distrito-de-trenque-lauquen\/#primaryimage"},"image":{"@id":"https:\/\/infoecos.com.ar\/index.php\/oficial-hay-46-casos-activos-de-covid-19-en-el-distrito-de-trenque-lauquen\/#primaryimage"},"thumbnailUrl":"","datePublished":"2022-06-03T16:39:00+00:00","dateModified":"2022-06-03T16:39:01+00:00","breadcrumb":{"@id":"https:\/\/infoecos.com.ar\/index.php\/oficial-hay-46-casos-activos-de-covid-19-en-el-distrito-de-trenque-lauquen\/#breadcrumb"},"inLanguage":"es","potentialAction":[{"@type":"ReadAction","target":["https:\/\/infoecos.com.ar\/index.php\/oficial-hay-46-casos-activos-de-covid-19-en-el-distrito-de-trenque-lauquen\/"]}]},{"@type":"ImageObject","inLanguage":"es","@id":"https:\/\/infoecos.com.ar\/index.php\/oficial-hay-46-casos-activos-de-covid-19-en-el-distrito-de-trenque-lauquen\/#primaryimage","url":"","contentUrl":""},{"@type":"BreadcrumbList","@id":"https:\/\/infoecos.com.ar\/index.php\/oficial-hay-46-casos-activos-de-covid-19-en-el-distrito-de-trenque-lauquen\/#breadcrumb","itemListElement":[{"@type":"ListItem","position":1,"name":"Portada","item":"https:\/\/infoecos.com.ar\/"},{"@type":"ListItem","position":2,"name":"Oficial: Hay 46 casos activos de Covid-19 en el distrito de Trenque Lauquen"}]},{"@type":"WebSite","@id":"https:\/\/infoecos.com.ar\/#website","url":"https:\/\/infoecos.com.ar\/","name":"Infoecos","description":"Noticias de trenque lauquen y la zona","publisher":{"@id":"https:\/\/infoecos.com.ar\/#organization"},"alternateName":"Noticias","potentialAction":[{"@type":"SearchAction","target":{"@type":"EntryPoint","urlTemplate":"https:\/\/infoecos.com.ar\/?s={search_term_string}"},"query-input":{"@type":"PropertyValueSpecification","valueRequired":true,"valueName":"search_term_string"}}],"inLanguage":"es"},{"@type":"Organization","@id":"https:\/\/infoecos.com.ar\/#organization","name":"Infoecos","alternateName":"Noticias","url":"https:\/\/infoecos.com.ar\/","logo":{"@type":"ImageObject","inLanguage":"es","@id":"https:\/\/infoecos.com.ar\/#\/schema\/logo\/image\/","url":"https:\/\/infoecos.com.ar\/wp-content\/uploads\/2024\/03\/cropped-logo.png","contentUrl":"https:\/\/infoecos.com.ar\/wp-content\/uploads\/2024\/03\/cropped-logo.png","width":374,"height":90,"caption":"Infoecos"},"image":{"@id":"https:\/\/infoecos.com.ar\/#\/schema\/logo\/image\/"},"sameAs":["https:\/\/www.facebook.com\/profile.php?id=100063200290284","https:\/\/x.com\/infoecos"]},{"@type":"Person","@id":"https:\/\/infoecos.com.ar\/#\/schema\/person\/8f5ace5ce73b4b4aac4b7245aee6f191","name":"Jorge Matheus","url":"https:\/\/infoecos.com.ar\/index.php\/author\/jomatheus\/"}]}},"featured_image_urls":{"full":"","thumbnail":"","medium":"","medium_large":"","large":"","1536x1536":"","2048x2048":"","covernews-slider-full":"","covernews-slider-center":"","covernews-featured":"","covernews-medium":"","covernews-medium-square":""},"author_info":{"info":["Jorge Matheus"]},"category_info":"<a href=\"https:\/\/infoecos.com.ar\/index.php\/category\/noticia-principal\/\" rel=\"category tag\">Noticia Principal<\/a>","tag_info":"Noticia Principal","comment_count":"0","_links":{"self":[{"href":"https:\/\/infoecos.com.ar\/index.php\/wp-json\/wp\/v2\/posts\/93411"}],"collection":[{"href":"https:\/\/infoecos.com.ar\/index.php\/wp-json\/wp\/v2\/posts"}],"about":[{"href":"https:\/\/infoecos.com.ar\/index.php\/wp-json\/wp\/v2\/types\/post"}],"author":[{"embeddable":true,"href":"https:\/\/infoecos.com.ar\/index.php\/wp-json\/wp\/v2\/users\/2"}],"replies":[{"embeddable":true,"href":"https:\/\/infoecos.com.ar\/index.php\/wp-json\/wp\/v2\/comments?post=93411"}],"version-history":[{"count":1,"href":"https:\/\/infoecos.com.ar\/index.php\/wp-json\/wp\/v2\/posts\/93411\/revisions"}],"predecessor-version":[{"id":93413,"href":"https:\/\/infoecos.com.ar\/index.php\/wp-json\/wp\/v2\/posts\/93411\/revisions\/93413"}],"wp:featuredmedia":[{"embeddable":true,"href":"https:\/\/infoecos.com.ar\/index.php\/wp-json\/"}],"wp:attachment":[{"href":"https:\/\/infoecos.com.ar\/index.php\/wp-json\/wp\/v2\/media?parent=93411"}],"wp:term":[{"taxonomy":"category","embeddable":true,"href":"https:\/\/infoecos.com.ar\/index.php\/wp-json\/wp\/v2\/categories?post=93411"},{"taxonomy":"post_tag","embeddable":true,"href":"https:\/\/infoecos.com.ar\/index.php\/wp-json\/wp\/v2\/tags?post=93411"}],"curies":[{"name":"wp","href":"https:\/\/api.w.org\/{rel}","templated":true}]}}