{"id":93432,"date":"2022-06-19T16:00:54","date_gmt":"2022-06-19T19:00:54","guid":{"rendered":"http:\/\/infoecos.com.ar\/?p=93432"},"modified":"2022-06-19T16:00:55","modified_gmt":"2022-06-19T19:00:55","slug":"el-radicalismo-bonaerense-intensifica-su-accion-en-procura-de-lograr-mayor-autonomia-municipal","status":"publish","type":"post","link":"https:\/\/infoecos.com.ar\/index.php\/el-radicalismo-bonaerense-intensifica-su-accion-en-procura-de-lograr-mayor-autonomia-municipal\/","title":{"rendered":"El radicalismo bonaerense intensifica su acci\u00f3n en procura de lograr mayor Autonom\u00eda Municipal"},"content":{"rendered":"\n<p>El proyecto de ley presentado el 1 de marzo en la Legislatura bonaerense, que busca reformar la Constituci\u00f3n provincial\u00a0para otorgar mayor autonom\u00eda a los municipios de la provincia, fue expuesto por legisladores e intendentes en una reuni\u00f3n del radicalismo que se concret\u00f3 en Jun\u00edn.\u00a0<\/p>\n\n\n\n<p>La iniciativa lleva la firma de las senadoras\u00a0Erica Revilla y Flavia Delmonte\u00a0y de los senadores\u00a0Alejandro Cellillo, Agust\u00edn M\u00e1spoli, David Hirtz y Ariel Bordaisco<strong>.<\/strong><\/p>\n\n\n\n<div class=\"wp-block-image\"><figure class=\"aligncenter size-large\"><img loading=\"lazy\" decoding=\"async\" width=\"880\" height=\"586\" src=\"http:\/\/infoecos.com.ar\/wp-content\/uploads\/2022\/06\/20220617085508_whatsapp_image_2022_06_17_at_8_52_47_am.jpeg\" alt=\"\" class=\"wp-image-93433\" srcset=\"https:\/\/infoecos.com.ar\/wp-content\/uploads\/2022\/06\/20220617085508_whatsapp_image_2022_06_17_at_8_52_47_am.jpeg 880w, https:\/\/infoecos.com.ar\/wp-content\/uploads\/2022\/06\/20220617085508_whatsapp_image_2022_06_17_at_8_52_47_am-460x306.jpeg 460w, https:\/\/infoecos.com.ar\/wp-content\/uploads\/2022\/06\/20220617085508_whatsapp_image_2022_06_17_at_8_52_47_am-768x511.jpeg 768w, https:\/\/infoecos.com.ar\/wp-content\/uploads\/2022\/06\/20220617085508_whatsapp_image_2022_06_17_at_8_52_47_am-675x450.jpeg 675w\" sizes=\"(max-width: 880px) 100vw, 880px\" \/><\/figure><\/div>\n\n\n\n<p>Los encuentros se vienen realizando desde el\u00a0Comit\u00e9 Provincia de la UCR.<\/p>\n\n\n\n<p>Entre otros, participaron los jefes comunales de\u00a0General Arenales, Edgardo Battaglia, de Ameghino, Calixto Tellechea, de Trenque Lauquen, Miguel Fern\u00e1ndez y el de Bragado, Vicente Gatica.\u00a0Asimismo, estuvieron los diputados de\u00a0Trenque Lauquen, Valent\u00edn Miranda, y de Lincoln, Vanesa Zuccari<strong>.\u00a0<\/strong><\/p>\n\n\n\n<p>David Hirtz (ex intendente municipal de Adolfo Alsina), afirm\u00f3 que \u00abpor la cantidad de roles y tareas que tiene hoy un Municipio, las responsabilidades han crecido de manera incre\u00edble en los \u00faltimos 20 o 30 a\u00f1os y se siguen manejando con normas muy antiguas. La Ley Org\u00e1nica de la Municipalidades es de la d\u00e9cada del 50, por ejemplo\u201d. \u00abEscucho que los intendentes del oficialismo tienen claro que es necesaria, e inclusive creo que est\u00e1n en la misma l\u00ednea de pensamiento que varios senadores que han sido Jefes Comunales y que entienden la necesidad de la reforma\u201d, agreg\u00f3.<\/p>\n\n\n\n<p>La senadora<strong>\u00a0<\/strong>Erica Revilla, ex mandataria comunal de General Arenales y vicepresidenta del comit\u00e9 bonaerense de la UCR indic\u00f3:\u00a0\u00abno es solo una normativa la autonom\u00eda, lo que se busca es llegar de manera m\u00e1s urgente con las soluciones a las necesidades de los vecinos.\u00a0Cuando ingresamos en el Senado, junto a otros autores del proyecto, nos prometimos trabajar en la autonom\u00eda porque es una bandera de los intendentes de la UCR y ya van 100 a\u00f1os esta lucha. Somos el primer eslab\u00f3n y trabajamos en la cercan\u00eda con la gente, conocemos el sufrir, el padecer y sentimos las necesidades de los vecinos\u201d.\u00a0<\/p>\n","protected":false},"excerpt":{"rendered":"<p>El proyecto de ley presentado el 1 de marzo en la Legislatura bonaerense, que busca reformar la Constituci\u00f3n provincial para otorgar mayor autonom\u00eda a los municipios de la provincia, fue expuesto por legisladores e intendentes en una reuni\u00f3n del radicalismo que se concret\u00f3 en Jun\u00edn<\/p>\n","protected":false},"author":2,"featured_media":93433,"comment_status":"closed","ping_status":"open","sticky":false,"template":"","format":"standard","meta":{"footnotes":""},"categories":[1612],"tags":[],"class_list":["post-93432","post","type-post","status-publish","format-standard","has-post-thumbnail","hentry","category-noticia-principal"],"yoast_head":"<!-- This site is optimized with the Yoast SEO plugin v23.4 - https:\/\/yoast.com\/wordpress\/plugins\/seo\/ -->\n<title>El radicalismo bonaerense intensifica su acci\u00f3n en procura de lograr mayor Autonom\u00eda Municipal - Infoecos<\/title>\n<meta name=\"robots\" content=\"index, follow, max-snippet:-1, max-image-preview:large, max-video-preview:-1\" \/>\n<link rel=\"canonical\" href=\"https:\/\/infoecos.com.ar\/index.php\/el-radicalismo-bonaerense-intensifica-su-accion-en-procura-de-lograr-mayor-autonomia-municipal\/\" \/>\n<meta property=\"og:locale\" content=\"es_ES\" \/>\n<meta property=\"og:type\" content=\"article\" \/>\n<meta property=\"og:title\" content=\"El radicalismo bonaerense intensifica su acci\u00f3n en procura de lograr mayor Autonom\u00eda Municipal - Infoecos\" \/>\n<meta property=\"og:description\" content=\"El proyecto de ley presentado el 1 de marzo en la Legislatura bonaerense, que busca reformar la Constituci\u00f3n provincial para otorgar mayor autonom\u00eda a los municipios de la provincia, fue expuesto por legisladores e intendentes en una reuni\u00f3n del radicalismo que se concret\u00f3 en Jun\u00edn\" \/>\n<meta property=\"og:url\" content=\"https:\/\/infoecos.com.ar\/index.php\/el-radicalismo-bonaerense-intensifica-su-accion-en-procura-de-lograr-mayor-autonomia-municipal\/\" \/>\n<meta property=\"og:site_name\" content=\"Infoecos\" \/>\n<meta property=\"article:publisher\" content=\"https:\/\/www.facebook.com\/profile.php?id=100063200290284\" \/>\n<meta property=\"article:published_time\" content=\"2022-06-19T19:00:54+00:00\" \/>\n<meta property=\"article:modified_time\" content=\"2022-06-19T19:00:55+00:00\" \/>\n<meta property=\"og:image\" content=\"https:\/\/infoecos.com.ar\/wp-content\/uploads\/2022\/06\/20220617085508_whatsapp_image_2022_06_17_at_8_52_47_am.jpeg\" \/>\n\t<meta property=\"og:image:width\" content=\"880\" \/>\n\t<meta property=\"og:image:height\" content=\"586\" \/>\n\t<meta property=\"og:image:type\" content=\"image\/jpeg\" \/>\n<meta name=\"author\" content=\"Jorge Matheus\" \/>\n<meta name=\"twitter:card\" content=\"summary_large_image\" \/>\n<meta name=\"twitter:creator\" content=\"@infoecos\" \/>\n<meta name=\"twitter:site\" content=\"@infoecos\" \/>\n<meta name=\"twitter:label1\" content=\"Escrito por\" \/>\n\t<meta name=\"twitter:data1\" content=\"Jorge Matheus\" \/>\n\t<meta name=\"twitter:label2\" content=\"Tiempo de lectura\" \/>\n\t<meta name=\"twitter:data2\" content=\"2 minutos\" \/>\n<script type=\"application\/ld+json\" class=\"yoast-schema-graph\">{\"@context\":\"https:\/\/schema.org\",\"@graph\":[{\"@type\":\"Article\",\"@id\":\"https:\/\/infoecos.com.ar\/index.php\/el-radicalismo-bonaerense-intensifica-su-accion-en-procura-de-lograr-mayor-autonomia-municipal\/#article\",\"isPartOf\":{\"@id\":\"https:\/\/infoecos.com.ar\/index.php\/el-radicalismo-bonaerense-intensifica-su-accion-en-procura-de-lograr-mayor-autonomia-municipal\/\"},\"author\":{\"name\":\"Jorge Matheus\",\"@id\":\"https:\/\/infoecos.com.ar\/#\/schema\/person\/8f5ace5ce73b4b4aac4b7245aee6f191\"},\"headline\":\"El radicalismo bonaerense intensifica su acci\u00f3n en procura de lograr mayor Autonom\u00eda Municipal\",\"datePublished\":\"2022-06-19T19:00:54+00:00\",\"dateModified\":\"2022-06-19T19:00:55+00:00\",\"mainEntityOfPage\":{\"@id\":\"https:\/\/infoecos.com.ar\/index.php\/el-radicalismo-bonaerense-intensifica-su-accion-en-procura-de-lograr-mayor-autonomia-municipal\/\"},\"wordCount\":353,\"publisher\":{\"@id\":\"https:\/\/infoecos.com.ar\/#organization\"},\"image\":{\"@id\":\"https:\/\/infoecos.com.ar\/index.php\/el-radicalismo-bonaerense-intensifica-su-accion-en-procura-de-lograr-mayor-autonomia-municipal\/#primaryimage\"},\"thumbnailUrl\":\"https:\/\/infoecos.com.ar\/wp-content\/uploads\/2022\/06\/20220617085508_whatsapp_image_2022_06_17_at_8_52_47_am.jpeg\",\"articleSection\":[\"Noticia Principal\"],\"inLanguage\":\"es\"},{\"@type\":\"WebPage\",\"@id\":\"https:\/\/infoecos.com.ar\/index.php\/el-radicalismo-bonaerense-intensifica-su-accion-en-procura-de-lograr-mayor-autonomia-municipal\/\",\"url\":\"https:\/\/infoecos.com.ar\/index.php\/el-radicalismo-bonaerense-intensifica-su-accion-en-procura-de-lograr-mayor-autonomia-municipal\/\",\"name\":\"El radicalismo bonaerense intensifica su acci\u00f3n en procura de lograr mayor Autonom\u00eda Municipal - Infoecos\",\"isPartOf\":{\"@id\":\"https:\/\/infoecos.com.ar\/#website\"},\"primaryImageOfPage\":{\"@id\":\"https:\/\/infoecos.com.ar\/index.php\/el-radicalismo-bonaerense-intensifica-su-accion-en-procura-de-lograr-mayor-autonomia-municipal\/#primaryimage\"},\"image\":{\"@id\":\"https:\/\/infoecos.com.ar\/index.php\/el-radicalismo-bonaerense-intensifica-su-accion-en-procura-de-lograr-mayor-autonomia-municipal\/#primaryimage\"},\"thumbnailUrl\":\"https:\/\/infoecos.com.ar\/wp-content\/uploads\/2022\/06\/20220617085508_whatsapp_image_2022_06_17_at_8_52_47_am.jpeg\",\"datePublished\":\"2022-06-19T19:00:54+00:00\",\"dateModified\":\"2022-06-19T19:00:55+00:00\",\"breadcrumb\":{\"@id\":\"https:\/\/infoecos.com.ar\/index.php\/el-radicalismo-bonaerense-intensifica-su-accion-en-procura-de-lograr-mayor-autonomia-municipal\/#breadcrumb\"},\"inLanguage\":\"es\",\"potentialAction\":[{\"@type\":\"ReadAction\",\"target\":[\"https:\/\/infoecos.com.ar\/index.php\/el-radicalismo-bonaerense-intensifica-su-accion-en-procura-de-lograr-mayor-autonomia-municipal\/\"]}]},{\"@type\":\"ImageObject\",\"inLanguage\":\"es\",\"@id\":\"https:\/\/infoecos.com.ar\/index.php\/el-radicalismo-bonaerense-intensifica-su-accion-en-procura-de-lograr-mayor-autonomia-municipal\/#primaryimage\",\"url\":\"https:\/\/infoecos.com.ar\/wp-content\/uploads\/2022\/06\/20220617085508_whatsapp_image_2022_06_17_at_8_52_47_am.jpeg\",\"contentUrl\":\"https:\/\/infoecos.com.ar\/wp-content\/uploads\/2022\/06\/20220617085508_whatsapp_image_2022_06_17_at_8_52_47_am.jpeg\",\"width\":880,\"height\":586},{\"@type\":\"BreadcrumbList\",\"@id\":\"https:\/\/infoecos.com.ar\/index.php\/el-radicalismo-bonaerense-intensifica-su-accion-en-procura-de-lograr-mayor-autonomia-municipal\/#breadcrumb\",\"itemListElement\":[{\"@type\":\"ListItem\",\"position\":1,\"name\":\"Portada\",\"item\":\"https:\/\/infoecos.com.ar\/\"},{\"@type\":\"ListItem\",\"position\":2,\"name\":\"El radicalismo bonaerense intensifica su acci\u00f3n en procura de lograr mayor Autonom\u00eda Municipal\"}]},{\"@type\":\"WebSite\",\"@id\":\"https:\/\/infoecos.com.ar\/#website\",\"url\":\"https:\/\/infoecos.com.ar\/\",\"name\":\"Infoecos\",\"description\":\"Noticias de trenque lauquen y la zona\",\"publisher\":{\"@id\":\"https:\/\/infoecos.com.ar\/#organization\"},\"alternateName\":\"Noticias\",\"potentialAction\":[{\"@type\":\"SearchAction\",\"target\":{\"@type\":\"EntryPoint\",\"urlTemplate\":\"https:\/\/infoecos.com.ar\/?s={search_term_string}\"},\"query-input\":{\"@type\":\"PropertyValueSpecification\",\"valueRequired\":true,\"valueName\":\"search_term_string\"}}],\"inLanguage\":\"es\"},{\"@type\":\"Organization\",\"@id\":\"https:\/\/infoecos.com.ar\/#organization\",\"name\":\"Infoecos\",\"alternateName\":\"Noticias\",\"url\":\"https:\/\/infoecos.com.ar\/\",\"logo\":{\"@type\":\"ImageObject\",\"inLanguage\":\"es\",\"@id\":\"https:\/\/infoecos.com.ar\/#\/schema\/logo\/image\/\",\"url\":\"https:\/\/infoecos.com.ar\/wp-content\/uploads\/2024\/03\/cropped-logo.png\",\"contentUrl\":\"https:\/\/infoecos.com.ar\/wp-content\/uploads\/2024\/03\/cropped-logo.png\",\"width\":374,\"height\":90,\"caption\":\"Infoecos\"},\"image\":{\"@id\":\"https:\/\/infoecos.com.ar\/#\/schema\/logo\/image\/\"},\"sameAs\":[\"https:\/\/www.facebook.com\/profile.php?id=100063200290284\",\"https:\/\/x.com\/infoecos\"]},{\"@type\":\"Person\",\"@id\":\"https:\/\/infoecos.com.ar\/#\/schema\/person\/8f5ace5ce73b4b4aac4b7245aee6f191\",\"name\":\"Jorge Matheus\",\"url\":\"https:\/\/infoecos.com.ar\/index.php\/author\/jomatheus\/\"}]}<\/script>\n<!-- \/ Yoast SEO plugin. -->","yoast_head_json":{"title":"El radicalismo bonaerense intensifica su acci\u00f3n en procura de lograr mayor Autonom\u00eda Municipal - Infoecos","robots":{"index":"index","follow":"follow","max-snippet":"max-snippet:-1","max-image-preview":"max-image-preview:large","max-video-preview":"max-video-preview:-1"},"canonical":"https:\/\/infoecos.com.ar\/index.php\/el-radicalismo-bonaerense-intensifica-su-accion-en-procura-de-lograr-mayor-autonomia-municipal\/","og_locale":"es_ES","og_type":"article","og_title":"El radicalismo bonaerense intensifica su acci\u00f3n en procura de lograr mayor Autonom\u00eda Municipal - Infoecos","og_description":"El proyecto de ley presentado el 1 de marzo en la Legislatura bonaerense, que busca reformar la Constituci\u00f3n provincial para otorgar mayor autonom\u00eda a los municipios de la provincia, fue expuesto por legisladores e intendentes en una reuni\u00f3n del radicalismo que se concret\u00f3 en Jun\u00edn","og_url":"https:\/\/infoecos.com.ar\/index.php\/el-radicalismo-bonaerense-intensifica-su-accion-en-procura-de-lograr-mayor-autonomia-municipal\/","og_site_name":"Infoecos","article_publisher":"https:\/\/www.facebook.com\/profile.php?id=100063200290284","article_published_time":"2022-06-19T19:00:54+00:00","article_modified_time":"2022-06-19T19:00:55+00:00","og_image":[{"width":880,"height":586,"url":"https:\/\/infoecos.com.ar\/wp-content\/uploads\/2022\/06\/20220617085508_whatsapp_image_2022_06_17_at_8_52_47_am.jpeg","type":"image\/jpeg"}],"author":"Jorge Matheus","twitter_card":"summary_large_image","twitter_creator":"@infoecos","twitter_site":"@infoecos","twitter_misc":{"Escrito por":"Jorge Matheus","Tiempo de lectura":"2 minutos"},"schema":{"@context":"https:\/\/schema.org","@graph":[{"@type":"Article","@id":"https:\/\/infoecos.com.ar\/index.php\/el-radicalismo-bonaerense-intensifica-su-accion-en-procura-de-lograr-mayor-autonomia-municipal\/#article","isPartOf":{"@id":"https:\/\/infoecos.com.ar\/index.php\/el-radicalismo-bonaerense-intensifica-su-accion-en-procura-de-lograr-mayor-autonomia-municipal\/"},"author":{"name":"Jorge Matheus","@id":"https:\/\/infoecos.com.ar\/#\/schema\/person\/8f5ace5ce73b4b4aac4b7245aee6f191"},"headline":"El radicalismo bonaerense intensifica su acci\u00f3n en procura de lograr mayor Autonom\u00eda Municipal","datePublished":"2022-06-19T19:00:54+00:00","dateModified":"2022-06-19T19:00:55+00:00","mainEntityOfPage":{"@id":"https:\/\/infoecos.com.ar\/index.php\/el-radicalismo-bonaerense-intensifica-su-accion-en-procura-de-lograr-mayor-autonomia-municipal\/"},"wordCount":353,"publisher":{"@id":"https:\/\/infoecos.com.ar\/#organization"},"image":{"@id":"https:\/\/infoecos.com.ar\/index.php\/el-radicalismo-bonaerense-intensifica-su-accion-en-procura-de-lograr-mayor-autonomia-municipal\/#primaryimage"},"thumbnailUrl":"https:\/\/infoecos.com.ar\/wp-content\/uploads\/2022\/06\/20220617085508_whatsapp_image_2022_06_17_at_8_52_47_am.jpeg","articleSection":["Noticia Principal"],"inLanguage":"es"},{"@type":"WebPage","@id":"https:\/\/infoecos.com.ar\/index.php\/el-radicalismo-bonaerense-intensifica-su-accion-en-procura-de-lograr-mayor-autonomia-municipal\/","url":"https:\/\/infoecos.com.ar\/index.php\/el-radicalismo-bonaerense-intensifica-su-accion-en-procura-de-lograr-mayor-autonomia-municipal\/","name":"El radicalismo bonaerense intensifica su acci\u00f3n en procura de lograr mayor Autonom\u00eda Municipal - Infoecos","isPartOf":{"@id":"https:\/\/infoecos.com.ar\/#website"},"primaryImageOfPage":{"@id":"https:\/\/infoecos.com.ar\/index.php\/el-radicalismo-bonaerense-intensifica-su-accion-en-procura-de-lograr-mayor-autonomia-municipal\/#primaryimage"},"image":{"@id":"https:\/\/infoecos.com.ar\/index.php\/el-radicalismo-bonaerense-intensifica-su-accion-en-procura-de-lograr-mayor-autonomia-municipal\/#primaryimage"},"thumbnailUrl":"https:\/\/infoecos.com.ar\/wp-content\/uploads\/2022\/06\/20220617085508_whatsapp_image_2022_06_17_at_8_52_47_am.jpeg","datePublished":"2022-06-19T19:00:54+00:00","dateModified":"2022-06-19T19:00:55+00:00","breadcrumb":{"@id":"https:\/\/infoecos.com.ar\/index.php\/el-radicalismo-bonaerense-intensifica-su-accion-en-procura-de-lograr-mayor-autonomia-municipal\/#breadcrumb"},"inLanguage":"es","potentialAction":[{"@type":"ReadAction","target":["https:\/\/infoecos.com.ar\/index.php\/el-radicalismo-bonaerense-intensifica-su-accion-en-procura-de-lograr-mayor-autonomia-municipal\/"]}]},{"@type":"ImageObject","inLanguage":"es","@id":"https:\/\/infoecos.com.ar\/index.php\/el-radicalismo-bonaerense-intensifica-su-accion-en-procura-de-lograr-mayor-autonomia-municipal\/#primaryimage","url":"https:\/\/infoecos.com.ar\/wp-content\/uploads\/2022\/06\/20220617085508_whatsapp_image_2022_06_17_at_8_52_47_am.jpeg","contentUrl":"https:\/\/infoecos.com.ar\/wp-content\/uploads\/2022\/06\/20220617085508_whatsapp_image_2022_06_17_at_8_52_47_am.jpeg","width":880,"height":586},{"@type":"BreadcrumbList","@id":"https:\/\/infoecos.com.ar\/index.php\/el-radicalismo-bonaerense-intensifica-su-accion-en-procura-de-lograr-mayor-autonomia-municipal\/#breadcrumb","itemListElement":[{"@type":"ListItem","position":1,"name":"Portada","item":"https:\/\/infoecos.com.ar\/"},{"@type":"ListItem","position":2,"name":"El radicalismo bonaerense intensifica su acci\u00f3n en procura de lograr mayor Autonom\u00eda Municipal"}]},{"@type":"WebSite","@id":"https:\/\/infoecos.com.ar\/#website","url":"https:\/\/infoecos.com.ar\/","name":"Infoecos","description":"Noticias de trenque lauquen y la zona","publisher":{"@id":"https:\/\/infoecos.com.ar\/#organization"},"alternateName":"Noticias","potentialAction":[{"@type":"SearchAction","target":{"@type":"EntryPoint","urlTemplate":"https:\/\/infoecos.com.ar\/?s={search_term_string}"},"query-input":{"@type":"PropertyValueSpecification","valueRequired":true,"valueName":"search_term_string"}}],"inLanguage":"es"},{"@type":"Organization","@id":"https:\/\/infoecos.com.ar\/#organization","name":"Infoecos","alternateName":"Noticias","url":"https:\/\/infoecos.com.ar\/","logo":{"@type":"ImageObject","inLanguage":"es","@id":"https:\/\/infoecos.com.ar\/#\/schema\/logo\/image\/","url":"https:\/\/infoecos.com.ar\/wp-content\/uploads\/2024\/03\/cropped-logo.png","contentUrl":"https:\/\/infoecos.com.ar\/wp-content\/uploads\/2024\/03\/cropped-logo.png","width":374,"height":90,"caption":"Infoecos"},"image":{"@id":"https:\/\/infoecos.com.ar\/#\/schema\/logo\/image\/"},"sameAs":["https:\/\/www.facebook.com\/profile.php?id=100063200290284","https:\/\/x.com\/infoecos"]},{"@type":"Person","@id":"https:\/\/infoecos.com.ar\/#\/schema\/person\/8f5ace5ce73b4b4aac4b7245aee6f191","name":"Jorge Matheus","url":"https:\/\/infoecos.com.ar\/index.php\/author\/jomatheus\/"}]}},"featured_image_urls":{"full":["https:\/\/infoecos.com.ar\/wp-content\/uploads\/2022\/06\/20220617085508_whatsapp_image_2022_06_17_at_8_52_47_am.jpeg",880,586,false],"thumbnail":["https:\/\/infoecos.com.ar\/wp-content\/uploads\/2022\/06\/20220617085508_whatsapp_image_2022_06_17_at_8_52_47_am-150x150.jpeg",150,150,true],"medium":["https:\/\/infoecos.com.ar\/wp-content\/uploads\/2022\/06\/20220617085508_whatsapp_image_2022_06_17_at_8_52_47_am-460x306.jpeg",460,306,true],"medium_large":["https:\/\/infoecos.com.ar\/wp-content\/uploads\/2022\/06\/20220617085508_whatsapp_image_2022_06_17_at_8_52_47_am-768x511.jpeg",640,426,true],"large":["https:\/\/infoecos.com.ar\/wp-content\/uploads\/2022\/06\/20220617085508_whatsapp_image_2022_06_17_at_8_52_47_am.jpeg",640,426,false],"1536x1536":["https:\/\/infoecos.com.ar\/wp-content\/uploads\/2022\/06\/20220617085508_whatsapp_image_2022_06_17_at_8_52_47_am.jpeg",880,586,false],"2048x2048":["https:\/\/infoecos.com.ar\/wp-content\/uploads\/2022\/06\/20220617085508_whatsapp_image_2022_06_17_at_8_52_47_am.jpeg",880,586,false],"covernews-slider-full":["https:\/\/infoecos.com.ar\/wp-content\/uploads\/2022\/06\/20220617085508_whatsapp_image_2022_06_17_at_8_52_47_am.jpeg",880,586,false],"covernews-slider-center":["https:\/\/infoecos.com.ar\/wp-content\/uploads\/2022\/06\/20220617085508_whatsapp_image_2022_06_17_at_8_52_47_am.jpeg",751,500,false],"covernews-featured":["https:\/\/infoecos.com.ar\/wp-content\/uploads\/2022\/06\/20220617085508_whatsapp_image_2022_06_17_at_8_52_47_am.jpeg",880,586,false],"covernews-medium":["https:\/\/infoecos.com.ar\/wp-content\/uploads\/2022\/06\/20220617085508_whatsapp_image_2022_06_17_at_8_52_47_am-720x380.jpeg",540,285,true],"covernews-medium-square":["https:\/\/infoecos.com.ar\/wp-content\/uploads\/2022\/06\/20220617085508_whatsapp_image_2022_06_17_at_8_52_47_am-675x450.jpeg",375,250,true]},"author_info":{"info":["Jorge Matheus"]},"category_info":"<a href=\"https:\/\/infoecos.com.ar\/index.php\/category\/noticia-principal\/\" rel=\"category tag\">Noticia Principal<\/a>","tag_info":"Noticia Principal","comment_count":"0","_links":{"self":[{"href":"https:\/\/infoecos.com.ar\/index.php\/wp-json\/wp\/v2\/posts\/93432"}],"collection":[{"href":"https:\/\/infoecos.com.ar\/index.php\/wp-json\/wp\/v2\/posts"}],"about":[{"href":"https:\/\/infoecos.com.ar\/index.php\/wp-json\/wp\/v2\/types\/post"}],"author":[{"embeddable":true,"href":"https:\/\/infoecos.com.ar\/index.php\/wp-json\/wp\/v2\/users\/2"}],"replies":[{"embeddable":true,"href":"https:\/\/infoecos.com.ar\/index.php\/wp-json\/wp\/v2\/comments?post=93432"}],"version-history":[{"count":1,"href":"https:\/\/infoecos.com.ar\/index.php\/wp-json\/wp\/v2\/posts\/93432\/revisions"}],"predecessor-version":[{"id":93434,"href":"https:\/\/infoecos.com.ar\/index.php\/wp-json\/wp\/v2\/posts\/93432\/revisions\/93434"}],"wp:featuredmedia":[{"embeddable":true,"href":"https:\/\/infoecos.com.ar\/index.php\/wp-json\/wp\/v2\/media\/93433"}],"wp:attachment":[{"href":"https:\/\/infoecos.com.ar\/index.php\/wp-json\/wp\/v2\/media?parent=93432"}],"wp:term":[{"taxonomy":"category","embeddable":true,"href":"https:\/\/infoecos.com.ar\/index.php\/wp-json\/wp\/v2\/categories?post=93432"},{"taxonomy":"post_tag","embeddable":true,"href":"https:\/\/infoecos.com.ar\/index.php\/wp-json\/wp\/v2\/tags?post=93432"}],"curies":[{"name":"wp","href":"https:\/\/api.w.org\/{rel}","templated":true}]}}