{"id":93465,"date":"2022-06-23T09:55:46","date_gmt":"2022-06-23T12:55:46","guid":{"rendered":"http:\/\/infoecos.com.ar\/?p=93465"},"modified":"2022-06-23T09:55:47","modified_gmt":"2022-06-23T12:55:47","slug":"hoy-se-conocera-en-trenque-lauquen-la-sentencia-por-el-femicidio-de-barbara-zabala","status":"publish","type":"post","link":"https:\/\/infoecos.com.ar\/index.php\/hoy-se-conocera-en-trenque-lauquen-la-sentencia-por-el-femicidio-de-barbara-zabala\/","title":{"rendered":"Hoy se conocer\u00e1 en Trenque Lauquen la sentencia por el femicidio de B\u00e1rbara Zabala"},"content":{"rendered":"\n<p>Hoy se conocer\u00e1 la sentencia por el femicidio de B\u00e1rbara Zabala, joven de Pehuaj\u00f3 que fue asesinada por su ex pareja, Brian Dirassar en el 2019.<\/p>\n\n\n\n<p>La lectura de la sentencia comenzar\u00e1 a las 13.30. A trav\u00e9s de las redes sociales distintos movimientos han realizado una convocatoria para concentrarse en el Palacio de Justicia de Trenque Lauquen. <\/p>\n\n\n\n<div class=\"wp-block-image\"><figure class=\"aligncenter size-large is-resized\"><img loading=\"lazy\" decoding=\"async\" src=\"http:\/\/infoecos.com.ar\/wp-content\/uploads\/2022\/06\/289703625_5325866964123167_5197825176313684523_n.jpg\" alt=\"\" class=\"wp-image-93466\" width=\"380\" height=\"380\" srcset=\"https:\/\/infoecos.com.ar\/wp-content\/uploads\/2022\/06\/289703625_5325866964123167_5197825176313684523_n.jpg 843w, https:\/\/infoecos.com.ar\/wp-content\/uploads\/2022\/06\/289703625_5325866964123167_5197825176313684523_n-460x460.jpg 460w, https:\/\/infoecos.com.ar\/wp-content\/uploads\/2022\/06\/289703625_5325866964123167_5197825176313684523_n-150x150.jpg 150w, https:\/\/infoecos.com.ar\/wp-content\/uploads\/2022\/06\/289703625_5325866964123167_5197825176313684523_n-768x768.jpg 768w\" sizes=\"(max-width: 380px) 100vw, 380px\" \/><\/figure><\/div>\n\n\n\n<p>B\u00e1rbara fue salvajemente asesinada a pu\u00f1aladas en las afueras de un bar en la ciudad de Pehuaj\u00f3. <\/p>\n\n\n\n<p>El juicio se sustanci\u00f3 en el Tribunal Oral y Criminal nro. 1 Departamental de Trenque Lauquen. <\/p>\n\n\n\n<p>Brian David Dirassar, que se desempe\u00f1aba en la Polic\u00eda, asesin\u00f3 a su ex novia B\u00e1rbara Zabala (20) cuando volv\u00eda de festejar su cumplea\u00f1os con amigas en Pehuaj\u00f3, en los primeros d\u00edas del mes de diciembre del 2019. La v\u00edctima se hab\u00eda separado de Dirassar hac\u00eda dos semanas. Lo hab\u00eda denunciado por primera vez en la Comisar\u00eda de la Mujer de Pehuaj\u00f3, ya que el polic\u00eda entr\u00f3 a su casa sin su consentimiento. Sin embargo, continuaba acos\u00e1ndola.<\/p>\n\n\n\n<p>El polic\u00eda trabajaba en el Grupo de Apoyo Departamental (GAD) de Trenque Lauquen, aunque hab\u00eda pedido la baja y estaba en proceso de ser desafectado de la Fuerza.<\/p>\n","protected":false},"excerpt":{"rendered":"<p>La lectura de la sentencia comenzar\u00e1 a las 13.30. A trav\u00e9s de las redes sociales distintos movimientos han realizado una convocatoria para concentrarse en el Palacio de Justicia de Trenque Lauquen<\/p>\n","protected":false},"author":2,"featured_media":93467,"comment_status":"closed","ping_status":"open","sticky":false,"template":"","format":"standard","meta":{"footnotes":""},"categories":[1612],"tags":[],"class_list":["post-93465","post","type-post","status-publish","format-standard","has-post-thumbnail","hentry","category-noticia-principal"],"yoast_head":"<!-- This site is optimized with the Yoast SEO plugin v23.4 - https:\/\/yoast.com\/wordpress\/plugins\/seo\/ -->\n<title>Hoy se conocer\u00e1 en Trenque Lauquen la sentencia por el femicidio de B\u00e1rbara Zabala - Infoecos<\/title>\n<meta name=\"robots\" content=\"index, follow, max-snippet:-1, max-image-preview:large, max-video-preview:-1\" \/>\n<link rel=\"canonical\" href=\"https:\/\/infoecos.com.ar\/index.php\/hoy-se-conocera-en-trenque-lauquen-la-sentencia-por-el-femicidio-de-barbara-zabala\/\" \/>\n<meta property=\"og:locale\" content=\"es_ES\" \/>\n<meta property=\"og:type\" content=\"article\" \/>\n<meta property=\"og:title\" content=\"Hoy se conocer\u00e1 en Trenque Lauquen la sentencia por el femicidio de B\u00e1rbara Zabala - Infoecos\" \/>\n<meta property=\"og:description\" content=\"La lectura de la sentencia comenzar\u00e1 a las 13.30. A trav\u00e9s de las redes sociales distintos movimientos han realizado una convocatoria para concentrarse en el Palacio de Justicia de Trenque Lauquen\" \/>\n<meta property=\"og:url\" content=\"https:\/\/infoecos.com.ar\/index.php\/hoy-se-conocera-en-trenque-lauquen-la-sentencia-por-el-femicidio-de-barbara-zabala\/\" \/>\n<meta property=\"og:site_name\" content=\"Infoecos\" \/>\n<meta property=\"article:publisher\" content=\"https:\/\/www.facebook.com\/profile.php?id=100063200290284\" \/>\n<meta property=\"article:published_time\" content=\"2022-06-23T12:55:46+00:00\" \/>\n<meta property=\"article:modified_time\" content=\"2022-06-23T12:55:47+00:00\" \/>\n<meta property=\"og:image\" content=\"https:\/\/infoecos.com.ar\/wp-content\/uploads\/2022\/06\/tribunales-1170x780-1.jpeg\" \/>\n\t<meta property=\"og:image:width\" content=\"1170\" \/>\n\t<meta property=\"og:image:height\" content=\"780\" \/>\n\t<meta property=\"og:image:type\" content=\"image\/jpeg\" \/>\n<meta name=\"author\" content=\"Jorge Matheus\" \/>\n<meta name=\"twitter:card\" content=\"summary_large_image\" \/>\n<meta name=\"twitter:creator\" content=\"@infoecos\" \/>\n<meta name=\"twitter:site\" content=\"@infoecos\" \/>\n<meta name=\"twitter:label1\" content=\"Escrito por\" \/>\n\t<meta name=\"twitter:data1\" content=\"Jorge Matheus\" \/>\n\t<meta name=\"twitter:label2\" content=\"Tiempo de lectura\" \/>\n\t<meta name=\"twitter:data2\" content=\"1 minuto\" \/>\n<script type=\"application\/ld+json\" class=\"yoast-schema-graph\">{\"@context\":\"https:\/\/schema.org\",\"@graph\":[{\"@type\":\"Article\",\"@id\":\"https:\/\/infoecos.com.ar\/index.php\/hoy-se-conocera-en-trenque-lauquen-la-sentencia-por-el-femicidio-de-barbara-zabala\/#article\",\"isPartOf\":{\"@id\":\"https:\/\/infoecos.com.ar\/index.php\/hoy-se-conocera-en-trenque-lauquen-la-sentencia-por-el-femicidio-de-barbara-zabala\/\"},\"author\":{\"name\":\"Jorge Matheus\",\"@id\":\"https:\/\/infoecos.com.ar\/#\/schema\/person\/8f5ace5ce73b4b4aac4b7245aee6f191\"},\"headline\":\"Hoy se conocer\u00e1 en Trenque Lauquen la sentencia por el femicidio de B\u00e1rbara Zabala\",\"datePublished\":\"2022-06-23T12:55:46+00:00\",\"dateModified\":\"2022-06-23T12:55:47+00:00\",\"mainEntityOfPage\":{\"@id\":\"https:\/\/infoecos.com.ar\/index.php\/hoy-se-conocera-en-trenque-lauquen-la-sentencia-por-el-femicidio-de-barbara-zabala\/\"},\"wordCount\":223,\"publisher\":{\"@id\":\"https:\/\/infoecos.com.ar\/#organization\"},\"image\":{\"@id\":\"https:\/\/infoecos.com.ar\/index.php\/hoy-se-conocera-en-trenque-lauquen-la-sentencia-por-el-femicidio-de-barbara-zabala\/#primaryimage\"},\"thumbnailUrl\":\"https:\/\/infoecos.com.ar\/wp-content\/uploads\/2022\/06\/tribunales-1170x780-1.jpeg\",\"articleSection\":[\"Noticia Principal\"],\"inLanguage\":\"es\"},{\"@type\":\"WebPage\",\"@id\":\"https:\/\/infoecos.com.ar\/index.php\/hoy-se-conocera-en-trenque-lauquen-la-sentencia-por-el-femicidio-de-barbara-zabala\/\",\"url\":\"https:\/\/infoecos.com.ar\/index.php\/hoy-se-conocera-en-trenque-lauquen-la-sentencia-por-el-femicidio-de-barbara-zabala\/\",\"name\":\"Hoy se conocer\u00e1 en Trenque Lauquen la sentencia por el femicidio de B\u00e1rbara Zabala - Infoecos\",\"isPartOf\":{\"@id\":\"https:\/\/infoecos.com.ar\/#website\"},\"primaryImageOfPage\":{\"@id\":\"https:\/\/infoecos.com.ar\/index.php\/hoy-se-conocera-en-trenque-lauquen-la-sentencia-por-el-femicidio-de-barbara-zabala\/#primaryimage\"},\"image\":{\"@id\":\"https:\/\/infoecos.com.ar\/index.php\/hoy-se-conocera-en-trenque-lauquen-la-sentencia-por-el-femicidio-de-barbara-zabala\/#primaryimage\"},\"thumbnailUrl\":\"https:\/\/infoecos.com.ar\/wp-content\/uploads\/2022\/06\/tribunales-1170x780-1.jpeg\",\"datePublished\":\"2022-06-23T12:55:46+00:00\",\"dateModified\":\"2022-06-23T12:55:47+00:00\",\"breadcrumb\":{\"@id\":\"https:\/\/infoecos.com.ar\/index.php\/hoy-se-conocera-en-trenque-lauquen-la-sentencia-por-el-femicidio-de-barbara-zabala\/#breadcrumb\"},\"inLanguage\":\"es\",\"potentialAction\":[{\"@type\":\"ReadAction\",\"target\":[\"https:\/\/infoecos.com.ar\/index.php\/hoy-se-conocera-en-trenque-lauquen-la-sentencia-por-el-femicidio-de-barbara-zabala\/\"]}]},{\"@type\":\"ImageObject\",\"inLanguage\":\"es\",\"@id\":\"https:\/\/infoecos.com.ar\/index.php\/hoy-se-conocera-en-trenque-lauquen-la-sentencia-por-el-femicidio-de-barbara-zabala\/#primaryimage\",\"url\":\"https:\/\/infoecos.com.ar\/wp-content\/uploads\/2022\/06\/tribunales-1170x780-1.jpeg\",\"contentUrl\":\"https:\/\/infoecos.com.ar\/wp-content\/uploads\/2022\/06\/tribunales-1170x780-1.jpeg\",\"width\":1170,\"height\":780},{\"@type\":\"BreadcrumbList\",\"@id\":\"https:\/\/infoecos.com.ar\/index.php\/hoy-se-conocera-en-trenque-lauquen-la-sentencia-por-el-femicidio-de-barbara-zabala\/#breadcrumb\",\"itemListElement\":[{\"@type\":\"ListItem\",\"position\":1,\"name\":\"Portada\",\"item\":\"https:\/\/infoecos.com.ar\/\"},{\"@type\":\"ListItem\",\"position\":2,\"name\":\"Hoy se conocer\u00e1 en Trenque Lauquen la sentencia por el femicidio de B\u00e1rbara Zabala\"}]},{\"@type\":\"WebSite\",\"@id\":\"https:\/\/infoecos.com.ar\/#website\",\"url\":\"https:\/\/infoecos.com.ar\/\",\"name\":\"Infoecos\",\"description\":\"Noticias de trenque lauquen y la zona\",\"publisher\":{\"@id\":\"https:\/\/infoecos.com.ar\/#organization\"},\"alternateName\":\"Noticias\",\"potentialAction\":[{\"@type\":\"SearchAction\",\"target\":{\"@type\":\"EntryPoint\",\"urlTemplate\":\"https:\/\/infoecos.com.ar\/?s={search_term_string}\"},\"query-input\":{\"@type\":\"PropertyValueSpecification\",\"valueRequired\":true,\"valueName\":\"search_term_string\"}}],\"inLanguage\":\"es\"},{\"@type\":\"Organization\",\"@id\":\"https:\/\/infoecos.com.ar\/#organization\",\"name\":\"Infoecos\",\"alternateName\":\"Noticias\",\"url\":\"https:\/\/infoecos.com.ar\/\",\"logo\":{\"@type\":\"ImageObject\",\"inLanguage\":\"es\",\"@id\":\"https:\/\/infoecos.com.ar\/#\/schema\/logo\/image\/\",\"url\":\"https:\/\/infoecos.com.ar\/wp-content\/uploads\/2024\/03\/cropped-logo.png\",\"contentUrl\":\"https:\/\/infoecos.com.ar\/wp-content\/uploads\/2024\/03\/cropped-logo.png\",\"width\":374,\"height\":90,\"caption\":\"Infoecos\"},\"image\":{\"@id\":\"https:\/\/infoecos.com.ar\/#\/schema\/logo\/image\/\"},\"sameAs\":[\"https:\/\/www.facebook.com\/profile.php?id=100063200290284\",\"https:\/\/x.com\/infoecos\"]},{\"@type\":\"Person\",\"@id\":\"https:\/\/infoecos.com.ar\/#\/schema\/person\/8f5ace5ce73b4b4aac4b7245aee6f191\",\"name\":\"Jorge Matheus\",\"url\":\"https:\/\/infoecos.com.ar\/index.php\/author\/jomatheus\/\"}]}<\/script>\n<!-- \/ Yoast SEO plugin. -->","yoast_head_json":{"title":"Hoy se conocer\u00e1 en Trenque Lauquen la sentencia por el femicidio de B\u00e1rbara Zabala - Infoecos","robots":{"index":"index","follow":"follow","max-snippet":"max-snippet:-1","max-image-preview":"max-image-preview:large","max-video-preview":"max-video-preview:-1"},"canonical":"https:\/\/infoecos.com.ar\/index.php\/hoy-se-conocera-en-trenque-lauquen-la-sentencia-por-el-femicidio-de-barbara-zabala\/","og_locale":"es_ES","og_type":"article","og_title":"Hoy se conocer\u00e1 en Trenque Lauquen la sentencia por el femicidio de B\u00e1rbara Zabala - Infoecos","og_description":"La lectura de la sentencia comenzar\u00e1 a las 13.30. A trav\u00e9s de las redes sociales distintos movimientos han realizado una convocatoria para concentrarse en el Palacio de Justicia de Trenque Lauquen","og_url":"https:\/\/infoecos.com.ar\/index.php\/hoy-se-conocera-en-trenque-lauquen-la-sentencia-por-el-femicidio-de-barbara-zabala\/","og_site_name":"Infoecos","article_publisher":"https:\/\/www.facebook.com\/profile.php?id=100063200290284","article_published_time":"2022-06-23T12:55:46+00:00","article_modified_time":"2022-06-23T12:55:47+00:00","og_image":[{"width":1170,"height":780,"url":"https:\/\/infoecos.com.ar\/wp-content\/uploads\/2022\/06\/tribunales-1170x780-1.jpeg","type":"image\/jpeg"}],"author":"Jorge Matheus","twitter_card":"summary_large_image","twitter_creator":"@infoecos","twitter_site":"@infoecos","twitter_misc":{"Escrito por":"Jorge Matheus","Tiempo de lectura":"1 minuto"},"schema":{"@context":"https:\/\/schema.org","@graph":[{"@type":"Article","@id":"https:\/\/infoecos.com.ar\/index.php\/hoy-se-conocera-en-trenque-lauquen-la-sentencia-por-el-femicidio-de-barbara-zabala\/#article","isPartOf":{"@id":"https:\/\/infoecos.com.ar\/index.php\/hoy-se-conocera-en-trenque-lauquen-la-sentencia-por-el-femicidio-de-barbara-zabala\/"},"author":{"name":"Jorge Matheus","@id":"https:\/\/infoecos.com.ar\/#\/schema\/person\/8f5ace5ce73b4b4aac4b7245aee6f191"},"headline":"Hoy se conocer\u00e1 en Trenque Lauquen la sentencia por el femicidio de B\u00e1rbara Zabala","datePublished":"2022-06-23T12:55:46+00:00","dateModified":"2022-06-23T12:55:47+00:00","mainEntityOfPage":{"@id":"https:\/\/infoecos.com.ar\/index.php\/hoy-se-conocera-en-trenque-lauquen-la-sentencia-por-el-femicidio-de-barbara-zabala\/"},"wordCount":223,"publisher":{"@id":"https:\/\/infoecos.com.ar\/#organization"},"image":{"@id":"https:\/\/infoecos.com.ar\/index.php\/hoy-se-conocera-en-trenque-lauquen-la-sentencia-por-el-femicidio-de-barbara-zabala\/#primaryimage"},"thumbnailUrl":"https:\/\/infoecos.com.ar\/wp-content\/uploads\/2022\/06\/tribunales-1170x780-1.jpeg","articleSection":["Noticia Principal"],"inLanguage":"es"},{"@type":"WebPage","@id":"https:\/\/infoecos.com.ar\/index.php\/hoy-se-conocera-en-trenque-lauquen-la-sentencia-por-el-femicidio-de-barbara-zabala\/","url":"https:\/\/infoecos.com.ar\/index.php\/hoy-se-conocera-en-trenque-lauquen-la-sentencia-por-el-femicidio-de-barbara-zabala\/","name":"Hoy se conocer\u00e1 en Trenque Lauquen la sentencia por el femicidio de B\u00e1rbara Zabala - Infoecos","isPartOf":{"@id":"https:\/\/infoecos.com.ar\/#website"},"primaryImageOfPage":{"@id":"https:\/\/infoecos.com.ar\/index.php\/hoy-se-conocera-en-trenque-lauquen-la-sentencia-por-el-femicidio-de-barbara-zabala\/#primaryimage"},"image":{"@id":"https:\/\/infoecos.com.ar\/index.php\/hoy-se-conocera-en-trenque-lauquen-la-sentencia-por-el-femicidio-de-barbara-zabala\/#primaryimage"},"thumbnailUrl":"https:\/\/infoecos.com.ar\/wp-content\/uploads\/2022\/06\/tribunales-1170x780-1.jpeg","datePublished":"2022-06-23T12:55:46+00:00","dateModified":"2022-06-23T12:55:47+00:00","breadcrumb":{"@id":"https:\/\/infoecos.com.ar\/index.php\/hoy-se-conocera-en-trenque-lauquen-la-sentencia-por-el-femicidio-de-barbara-zabala\/#breadcrumb"},"inLanguage":"es","potentialAction":[{"@type":"ReadAction","target":["https:\/\/infoecos.com.ar\/index.php\/hoy-se-conocera-en-trenque-lauquen-la-sentencia-por-el-femicidio-de-barbara-zabala\/"]}]},{"@type":"ImageObject","inLanguage":"es","@id":"https:\/\/infoecos.com.ar\/index.php\/hoy-se-conocera-en-trenque-lauquen-la-sentencia-por-el-femicidio-de-barbara-zabala\/#primaryimage","url":"https:\/\/infoecos.com.ar\/wp-content\/uploads\/2022\/06\/tribunales-1170x780-1.jpeg","contentUrl":"https:\/\/infoecos.com.ar\/wp-content\/uploads\/2022\/06\/tribunales-1170x780-1.jpeg","width":1170,"height":780},{"@type":"BreadcrumbList","@id":"https:\/\/infoecos.com.ar\/index.php\/hoy-se-conocera-en-trenque-lauquen-la-sentencia-por-el-femicidio-de-barbara-zabala\/#breadcrumb","itemListElement":[{"@type":"ListItem","position":1,"name":"Portada","item":"https:\/\/infoecos.com.ar\/"},{"@type":"ListItem","position":2,"name":"Hoy se conocer\u00e1 en Trenque Lauquen la sentencia por el femicidio de B\u00e1rbara Zabala"}]},{"@type":"WebSite","@id":"https:\/\/infoecos.com.ar\/#website","url":"https:\/\/infoecos.com.ar\/","name":"Infoecos","description":"Noticias de trenque lauquen y la zona","publisher":{"@id":"https:\/\/infoecos.com.ar\/#organization"},"alternateName":"Noticias","potentialAction":[{"@type":"SearchAction","target":{"@type":"EntryPoint","urlTemplate":"https:\/\/infoecos.com.ar\/?s={search_term_string}"},"query-input":{"@type":"PropertyValueSpecification","valueRequired":true,"valueName":"search_term_string"}}],"inLanguage":"es"},{"@type":"Organization","@id":"https:\/\/infoecos.com.ar\/#organization","name":"Infoecos","alternateName":"Noticias","url":"https:\/\/infoecos.com.ar\/","logo":{"@type":"ImageObject","inLanguage":"es","@id":"https:\/\/infoecos.com.ar\/#\/schema\/logo\/image\/","url":"https:\/\/infoecos.com.ar\/wp-content\/uploads\/2024\/03\/cropped-logo.png","contentUrl":"https:\/\/infoecos.com.ar\/wp-content\/uploads\/2024\/03\/cropped-logo.png","width":374,"height":90,"caption":"Infoecos"},"image":{"@id":"https:\/\/infoecos.com.ar\/#\/schema\/logo\/image\/"},"sameAs":["https:\/\/www.facebook.com\/profile.php?id=100063200290284","https:\/\/x.com\/infoecos"]},{"@type":"Person","@id":"https:\/\/infoecos.com.ar\/#\/schema\/person\/8f5ace5ce73b4b4aac4b7245aee6f191","name":"Jorge Matheus","url":"https:\/\/infoecos.com.ar\/index.php\/author\/jomatheus\/"}]}},"featured_image_urls":{"full":["https:\/\/infoecos.com.ar\/wp-content\/uploads\/2022\/06\/tribunales-1170x780-1.jpeg",1170,780,false],"thumbnail":["https:\/\/infoecos.com.ar\/wp-content\/uploads\/2022\/06\/tribunales-1170x780-1-150x150.jpeg",150,150,true],"medium":["https:\/\/infoecos.com.ar\/wp-content\/uploads\/2022\/06\/tribunales-1170x780-1-460x307.jpeg",460,307,true],"medium_large":["https:\/\/infoecos.com.ar\/wp-content\/uploads\/2022\/06\/tribunales-1170x780-1-768x512.jpeg",640,427,true],"large":["https:\/\/infoecos.com.ar\/wp-content\/uploads\/2022\/06\/tribunales-1170x780-1-920x613.jpeg",640,426,true],"1536x1536":["https:\/\/infoecos.com.ar\/wp-content\/uploads\/2022\/06\/tribunales-1170x780-1.jpeg",1170,780,false],"2048x2048":["https:\/\/infoecos.com.ar\/wp-content\/uploads\/2022\/06\/tribunales-1170x780-1.jpeg",1170,780,false],"covernews-slider-full":["https:\/\/infoecos.com.ar\/wp-content\/uploads\/2022\/06\/tribunales-1170x780-1.jpeg",1073,715,false],"covernews-slider-center":["https:\/\/infoecos.com.ar\/wp-content\/uploads\/2022\/06\/tribunales-1170x780-1-936x780.jpeg",600,500,true],"covernews-featured":["https:\/\/infoecos.com.ar\/wp-content\/uploads\/2022\/06\/tribunales-1170x780-1-1024x683.jpeg",1024,683,true],"covernews-medium":["https:\/\/infoecos.com.ar\/wp-content\/uploads\/2022\/06\/tribunales-1170x780-1-720x380.jpeg",540,285,true],"covernews-medium-square":["https:\/\/infoecos.com.ar\/wp-content\/uploads\/2022\/06\/tribunales-1170x780-1-675x450.jpeg",375,250,true]},"author_info":{"info":["Jorge Matheus"]},"category_info":"<a href=\"https:\/\/infoecos.com.ar\/index.php\/category\/noticia-principal\/\" rel=\"category tag\">Noticia Principal<\/a>","tag_info":"Noticia Principal","comment_count":"0","_links":{"self":[{"href":"https:\/\/infoecos.com.ar\/index.php\/wp-json\/wp\/v2\/posts\/93465"}],"collection":[{"href":"https:\/\/infoecos.com.ar\/index.php\/wp-json\/wp\/v2\/posts"}],"about":[{"href":"https:\/\/infoecos.com.ar\/index.php\/wp-json\/wp\/v2\/types\/post"}],"author":[{"embeddable":true,"href":"https:\/\/infoecos.com.ar\/index.php\/wp-json\/wp\/v2\/users\/2"}],"replies":[{"embeddable":true,"href":"https:\/\/infoecos.com.ar\/index.php\/wp-json\/wp\/v2\/comments?post=93465"}],"version-history":[{"count":1,"href":"https:\/\/infoecos.com.ar\/index.php\/wp-json\/wp\/v2\/posts\/93465\/revisions"}],"predecessor-version":[{"id":93468,"href":"https:\/\/infoecos.com.ar\/index.php\/wp-json\/wp\/v2\/posts\/93465\/revisions\/93468"}],"wp:featuredmedia":[{"embeddable":true,"href":"https:\/\/infoecos.com.ar\/index.php\/wp-json\/wp\/v2\/media\/93467"}],"wp:attachment":[{"href":"https:\/\/infoecos.com.ar\/index.php\/wp-json\/wp\/v2\/media?parent=93465"}],"wp:term":[{"taxonomy":"category","embeddable":true,"href":"https:\/\/infoecos.com.ar\/index.php\/wp-json\/wp\/v2\/categories?post=93465"},{"taxonomy":"post_tag","embeddable":true,"href":"https:\/\/infoecos.com.ar\/index.php\/wp-json\/wp\/v2\/tags?post=93465"}],"curies":[{"name":"wp","href":"https:\/\/api.w.org\/{rel}","templated":true}]}}