{"id":93583,"date":"2022-06-27T00:35:53","date_gmt":"2022-06-27T03:35:53","guid":{"rendered":"http:\/\/infoecos.com.ar\/?p=93583"},"modified":"2022-06-27T00:35:57","modified_gmt":"2022-06-27T03:35:57","slug":"el-repunte-de-contagios-de-covid-acelera-los-ingresos-hospitalarios-impulsado-por-nuevas-variantes-de-la-omicron","status":"publish","type":"post","link":"https:\/\/infoecos.com.ar\/index.php\/el-repunte-de-contagios-de-covid-acelera-los-ingresos-hospitalarios-impulsado-por-nuevas-variantes-de-la-omicron\/","title":{"rendered":"El repunte de contagios de Covid acelera los ingresos hospitalarios impulsado por nuevas variantes de la \u00f3micron"},"content":{"rendered":"\n<p>Los contagios de coronavirus llevan creciendo en Espa\u00f1a desde principios de junio, impulsados por dos sublinajes de la variante \u00f3micron que se van abriendo paso, BA.4 y BA.5, aparentemente m\u00e1s contagiosos que los anteriores, pero tambi\u00e9n con menos capacidad de causar enfermedad grave. Este viernes, la incidencia acumulada entre los mayores de 60 a\u00f1os (los \u00fanicos entre los que se sigue midiendo)&nbsp;<a href=\"https:\/\/www.sanidad.gob.es\/profesionales\/saludPublica\/ccayes\/alertasActual\/nCov\/documentos\/Actualizacion_610_COVID-19.pdf\" target=\"_blank\" rel=\"noreferrer noopener\">subi\u00f3 102 puntos para situarse en 755 diagn\u00f3sticos por 100.000 habitantes en 14 d\u00edas<\/a>. Esto ya est\u00e1 repercutiendo de forma clara en los hospitales: hoy hay 8.205 pacientes ingresados en planta (1.417 m\u00e1s que hace una semana) y 388 en UCI, una subida no tan acentuada con respecto al viernes anterior (340) que mantiene a estas unidades en niveles m\u00ednimos de ocupaci\u00f3n desde que comenz\u00f3 la pandemia.<\/p>\n\n\n\n<div class=\"wp-block-image\"><figure class=\"aligncenter size-large\"><img loading=\"lazy\" decoding=\"async\" width=\"500\" height=\"261\" src=\"http:\/\/infoecos.com.ar\/wp-content\/uploads\/2022\/06\/safe_image.jpg\" alt=\"\" class=\"wp-image-93584\" srcset=\"https:\/\/infoecos.com.ar\/wp-content\/uploads\/2022\/06\/safe_image.jpg 500w, https:\/\/infoecos.com.ar\/wp-content\/uploads\/2022\/06\/safe_image-460x240.jpg 460w\" sizes=\"(max-width: 500px) 100vw, 500px\" \/><\/figure><\/div>\n\n\n\n<p>Cada vez est\u00e1n menos claras las olas de covid. Desde que termin\u00f3 la sexta en enero, los casos&nbsp;<a href=\"https:\/\/elpais.com\/sociedad\/2022-05-11\/la-septima-ola-de-covid-acumula-un-mes-de-subida-de-contagios-sin-repercusion-en-las-uci.html\" target=\"_blank\" rel=\"noreferrer noopener\">comenzaron a subir de nuevo durante abril&nbsp;<\/a>para situarse durante la mayor parte de mayo por encima de 800 casos por 100.000 habitantes. Luego volvieron a bajar hasta los 578 (medidos el 10 de junio) para comenzar de nuevo la escalada. Seg\u00fan se mire, esta podr\u00eda considerarse parte de la s\u00e9ptima onda o la octava. Tambi\u00e9n hay quien piensa que son oscilaciones dentro de niveles altos de contagios.<\/p>\n\n\n\n<p>El panorama sigue siendo, para bien, muy distinto al que hab\u00eda antes de las vacunas. Los epidemi\u00f3logos consultados no creen que vuelva la presi\u00f3n en los hospitales que se vieron en otras olas: de momento, el porcentaje de pacientes con covid es de un 6,6% en planta y un 4,3% en UCI. Pero advierten: estamos a las puertas de las vacaciones de verano, los ingresos probablemente seguir\u00e1n aumentando y habr\u00e1 menos personal para atenderlos.<\/p>\n\n\n\n<p>La atenci\u00f3n primaria, principal afectada en la sexta ola, ya lo est\u00e1 notando. Vicente Baos, m\u00e9dico de familia en la sierra de Madrid, la comunidad con mayor incidencia (1.313 casos por 100.000 habitantes), asegura que la consulta se est\u00e1 llenando de pacientes con covid. \u201cLos s\u00edntomas generales son dolor corporal, cefalea y astenia al inicio. Mucosidad variable en v\u00edas superiores no muy pronunciada, y sequedad de boca muy llamativa, m\u00e1s que dolor. Poca tos. S\u00edntomas digestivos con n\u00e1usea y diarrea m\u00e1s prolongada. La duraci\u00f3n habitual est\u00e1 siendo de cuatro d\u00edas claros y luego se ve una mejor\u00eda. La afecci\u00f3n al olfato y al gusto ha desaparecido y la bronquitis es muy inusual\u201d, explica.<\/p>\n\n\n\n<p>Para Rafael M. Ort\u00ed Lucas, presidente de la Sociedad Espa\u00f1ola de Medicina Preventiva, Salud P\u00fablica e Higiene, estamos con la \u201coctava ola en marcha, la segunda silenciada por el cambio de estrategia\u201d. Se refiere a la de mayo, despu\u00e9s de que el&nbsp;<a href=\"https:\/\/elpais.com\/sociedad\/2022-03-10\/sanidad-solo-contara-los-casos-graves-y-vulnerables-de-covid-en-una-transicion-a-un-sistema-de-vigilancia-centinela.html\" target=\"_blank\" rel=\"noreferrer noopener\">Ministerio de Sanidad y las comunidades aut\u00f3nomas decidieran no indicar pruebas a cada caso sospechoso<\/a>&nbsp;de covid si se daba en personas sanas menores de 60 a\u00f1os y, por tanto, abandonar el recuento exhaustivo que se hab\u00eda llevado hasta entonces.<\/p>\n\n\n\n<p>\u201cLa BA.4 y la BA.5 hacen su trabajo. Tras Galicia [tercera comunidad con m\u00e1s incidencia, por detr\u00e1s de Canarias] y Madrid, llegar\u00e1n al resto de comunidades. Dentro de la evoluci\u00f3n natural del virus, con minimizaci\u00f3n de los s\u00edntomas, pero con una afectaci\u00f3n mayor en los que no hab\u00edan pasado todav\u00eda la enfermedad. Los hospitales no llegar\u00e1n a los niveles anteriores, pero puede preocupar, como cuando aumenta la gripe\u201d, se\u00f1ala Ort\u00ed Lucas.<\/p>\n\n\n\n<p>Antoni Trilla, catedr\u00e1tico de Salud P\u00fablica de la Universitat de Barcelona, se\u00f1ala que a medida que suben casos, crecen tambi\u00e9n los hospitalizados, frecuentemente de edad avanzada y patolog\u00edas de base. \u201cSuelen ir bien con tratamiento y est\u00e1n menos d\u00edas ingresados [que en anteriores olas]. Pocos, muy pocos, acaban en UCI. El problema es la escasez de personal sanitario, especialmente en enfermer\u00eda. Hay mucha actividad asistencial y tenemos gente muy cansada y de baja por covid\u201d apunta.<\/p>\n\n\n\n<p>Trilla ve inevitable la subida de casos con la expansi\u00f3n de los nuevos sublinajes: \u201cNo creo que se traduzca en una nueva ola, quiz\u00e1s sea algo menos intenso, pero sostenido. En Portugal hemos visto un 20% menos de hospitalizaciones con la BA.4 y BA.5; no parece que vaya a tener un gran impacto social ahora, pero si puede ser dif\u00edcil de gestionar para el sistema sanitario\u201d.<\/p>\n","protected":false},"excerpt":{"rendered":"<p>Este viernes, la incidencia acumulada entre los mayores de 60 a\u00f1os (los \u00fanicos entre los que se sigue midiendo) subi\u00f3 102 puntos para situarse en 755 diagn\u00f3sticos por 100.000 habitantes en 14 d\u00edas<\/p>\n","protected":false},"author":2,"featured_media":93584,"comment_status":"closed","ping_status":"open","sticky":false,"template":"","format":"standard","meta":{"footnotes":""},"categories":[1325],"tags":[6190],"class_list":["post-93583","post","type-post","status-publish","format-standard","has-post-thumbnail","hentry","category-c1nota6","tag-diario-el-pais-de-espana"],"yoast_head":"<!-- This site is optimized with the Yoast SEO plugin v23.4 - https:\/\/yoast.com\/wordpress\/plugins\/seo\/ -->\n<title>El repunte de contagios de Covid acelera los ingresos hospitalarios impulsado por nuevas variantes de la \u00f3micron - Infoecos<\/title>\n<meta name=\"robots\" content=\"index, follow, max-snippet:-1, max-image-preview:large, max-video-preview:-1\" \/>\n<link rel=\"canonical\" href=\"https:\/\/infoecos.com.ar\/index.php\/el-repunte-de-contagios-de-covid-acelera-los-ingresos-hospitalarios-impulsado-por-nuevas-variantes-de-la-omicron\/\" \/>\n<meta property=\"og:locale\" content=\"es_ES\" \/>\n<meta property=\"og:type\" content=\"article\" \/>\n<meta property=\"og:title\" content=\"El repunte de contagios de Covid acelera los ingresos hospitalarios impulsado por nuevas variantes de la \u00f3micron - Infoecos\" \/>\n<meta property=\"og:description\" content=\"Este viernes, la incidencia acumulada entre los mayores de 60 a\u00f1os (los \u00fanicos entre los que se sigue midiendo) subi\u00f3 102 puntos para situarse en 755 diagn\u00f3sticos por 100.000 habitantes en 14 d\u00edas\" \/>\n<meta property=\"og:url\" content=\"https:\/\/infoecos.com.ar\/index.php\/el-repunte-de-contagios-de-covid-acelera-los-ingresos-hospitalarios-impulsado-por-nuevas-variantes-de-la-omicron\/\" \/>\n<meta property=\"og:site_name\" content=\"Infoecos\" \/>\n<meta property=\"article:publisher\" content=\"https:\/\/www.facebook.com\/profile.php?id=100063200290284\" \/>\n<meta property=\"article:published_time\" content=\"2022-06-27T03:35:53+00:00\" \/>\n<meta property=\"article:modified_time\" content=\"2022-06-27T03:35:57+00:00\" \/>\n<meta property=\"og:image\" content=\"https:\/\/infoecos.com.ar\/wp-content\/uploads\/2022\/06\/safe_image.jpg\" \/>\n\t<meta property=\"og:image:width\" content=\"500\" \/>\n\t<meta property=\"og:image:height\" content=\"261\" \/>\n\t<meta property=\"og:image:type\" content=\"image\/jpeg\" \/>\n<meta name=\"author\" content=\"Jorge Matheus\" \/>\n<meta name=\"twitter:card\" content=\"summary_large_image\" \/>\n<meta name=\"twitter:creator\" content=\"@infoecos\" \/>\n<meta name=\"twitter:site\" content=\"@infoecos\" \/>\n<meta name=\"twitter:label1\" content=\"Escrito por\" \/>\n\t<meta name=\"twitter:data1\" content=\"Jorge Matheus\" \/>\n\t<meta name=\"twitter:label2\" content=\"Tiempo de lectura\" \/>\n\t<meta name=\"twitter:data2\" content=\"4 minutos\" \/>\n<script type=\"application\/ld+json\" class=\"yoast-schema-graph\">{\"@context\":\"https:\/\/schema.org\",\"@graph\":[{\"@type\":\"Article\",\"@id\":\"https:\/\/infoecos.com.ar\/index.php\/el-repunte-de-contagios-de-covid-acelera-los-ingresos-hospitalarios-impulsado-por-nuevas-variantes-de-la-omicron\/#article\",\"isPartOf\":{\"@id\":\"https:\/\/infoecos.com.ar\/index.php\/el-repunte-de-contagios-de-covid-acelera-los-ingresos-hospitalarios-impulsado-por-nuevas-variantes-de-la-omicron\/\"},\"author\":{\"name\":\"Jorge Matheus\",\"@id\":\"https:\/\/infoecos.com.ar\/#\/schema\/person\/8f5ace5ce73b4b4aac4b7245aee6f191\"},\"headline\":\"El repunte de contagios de Covid acelera los ingresos hospitalarios impulsado por nuevas variantes de la \u00f3micron\",\"datePublished\":\"2022-06-27T03:35:53+00:00\",\"dateModified\":\"2022-06-27T03:35:57+00:00\",\"mainEntityOfPage\":{\"@id\":\"https:\/\/infoecos.com.ar\/index.php\/el-repunte-de-contagios-de-covid-acelera-los-ingresos-hospitalarios-impulsado-por-nuevas-variantes-de-la-omicron\/\"},\"wordCount\":758,\"publisher\":{\"@id\":\"https:\/\/infoecos.com.ar\/#organization\"},\"image\":{\"@id\":\"https:\/\/infoecos.com.ar\/index.php\/el-repunte-de-contagios-de-covid-acelera-los-ingresos-hospitalarios-impulsado-por-nuevas-variantes-de-la-omicron\/#primaryimage\"},\"thumbnailUrl\":\"https:\/\/infoecos.com.ar\/wp-content\/uploads\/2022\/06\/safe_image.jpg\",\"keywords\":[\"DIARIO EL PA\u00cdS DE ESPA\u00d1A\"],\"articleSection\":[\"C1 nota 6\"],\"inLanguage\":\"es\"},{\"@type\":\"WebPage\",\"@id\":\"https:\/\/infoecos.com.ar\/index.php\/el-repunte-de-contagios-de-covid-acelera-los-ingresos-hospitalarios-impulsado-por-nuevas-variantes-de-la-omicron\/\",\"url\":\"https:\/\/infoecos.com.ar\/index.php\/el-repunte-de-contagios-de-covid-acelera-los-ingresos-hospitalarios-impulsado-por-nuevas-variantes-de-la-omicron\/\",\"name\":\"El repunte de contagios de Covid acelera los ingresos hospitalarios impulsado por nuevas variantes de la \u00f3micron - Infoecos\",\"isPartOf\":{\"@id\":\"https:\/\/infoecos.com.ar\/#website\"},\"primaryImageOfPage\":{\"@id\":\"https:\/\/infoecos.com.ar\/index.php\/el-repunte-de-contagios-de-covid-acelera-los-ingresos-hospitalarios-impulsado-por-nuevas-variantes-de-la-omicron\/#primaryimage\"},\"image\":{\"@id\":\"https:\/\/infoecos.com.ar\/index.php\/el-repunte-de-contagios-de-covid-acelera-los-ingresos-hospitalarios-impulsado-por-nuevas-variantes-de-la-omicron\/#primaryimage\"},\"thumbnailUrl\":\"https:\/\/infoecos.com.ar\/wp-content\/uploads\/2022\/06\/safe_image.jpg\",\"datePublished\":\"2022-06-27T03:35:53+00:00\",\"dateModified\":\"2022-06-27T03:35:57+00:00\",\"breadcrumb\":{\"@id\":\"https:\/\/infoecos.com.ar\/index.php\/el-repunte-de-contagios-de-covid-acelera-los-ingresos-hospitalarios-impulsado-por-nuevas-variantes-de-la-omicron\/#breadcrumb\"},\"inLanguage\":\"es\",\"potentialAction\":[{\"@type\":\"ReadAction\",\"target\":[\"https:\/\/infoecos.com.ar\/index.php\/el-repunte-de-contagios-de-covid-acelera-los-ingresos-hospitalarios-impulsado-por-nuevas-variantes-de-la-omicron\/\"]}]},{\"@type\":\"ImageObject\",\"inLanguage\":\"es\",\"@id\":\"https:\/\/infoecos.com.ar\/index.php\/el-repunte-de-contagios-de-covid-acelera-los-ingresos-hospitalarios-impulsado-por-nuevas-variantes-de-la-omicron\/#primaryimage\",\"url\":\"https:\/\/infoecos.com.ar\/wp-content\/uploads\/2022\/06\/safe_image.jpg\",\"contentUrl\":\"https:\/\/infoecos.com.ar\/wp-content\/uploads\/2022\/06\/safe_image.jpg\",\"width\":500,\"height\":261},{\"@type\":\"BreadcrumbList\",\"@id\":\"https:\/\/infoecos.com.ar\/index.php\/el-repunte-de-contagios-de-covid-acelera-los-ingresos-hospitalarios-impulsado-por-nuevas-variantes-de-la-omicron\/#breadcrumb\",\"itemListElement\":[{\"@type\":\"ListItem\",\"position\":1,\"name\":\"Portada\",\"item\":\"https:\/\/infoecos.com.ar\/\"},{\"@type\":\"ListItem\",\"position\":2,\"name\":\"El repunte de contagios de Covid acelera los ingresos hospitalarios impulsado por nuevas variantes de la \u00f3micron\"}]},{\"@type\":\"WebSite\",\"@id\":\"https:\/\/infoecos.com.ar\/#website\",\"url\":\"https:\/\/infoecos.com.ar\/\",\"name\":\"Infoecos\",\"description\":\"Noticias de trenque lauquen y la zona\",\"publisher\":{\"@id\":\"https:\/\/infoecos.com.ar\/#organization\"},\"alternateName\":\"Noticias\",\"potentialAction\":[{\"@type\":\"SearchAction\",\"target\":{\"@type\":\"EntryPoint\",\"urlTemplate\":\"https:\/\/infoecos.com.ar\/?s={search_term_string}\"},\"query-input\":{\"@type\":\"PropertyValueSpecification\",\"valueRequired\":true,\"valueName\":\"search_term_string\"}}],\"inLanguage\":\"es\"},{\"@type\":\"Organization\",\"@id\":\"https:\/\/infoecos.com.ar\/#organization\",\"name\":\"Infoecos\",\"alternateName\":\"Noticias\",\"url\":\"https:\/\/infoecos.com.ar\/\",\"logo\":{\"@type\":\"ImageObject\",\"inLanguage\":\"es\",\"@id\":\"https:\/\/infoecos.com.ar\/#\/schema\/logo\/image\/\",\"url\":\"https:\/\/infoecos.com.ar\/wp-content\/uploads\/2024\/03\/cropped-logo.png\",\"contentUrl\":\"https:\/\/infoecos.com.ar\/wp-content\/uploads\/2024\/03\/cropped-logo.png\",\"width\":374,\"height\":90,\"caption\":\"Infoecos\"},\"image\":{\"@id\":\"https:\/\/infoecos.com.ar\/#\/schema\/logo\/image\/\"},\"sameAs\":[\"https:\/\/www.facebook.com\/profile.php?id=100063200290284\",\"https:\/\/x.com\/infoecos\"]},{\"@type\":\"Person\",\"@id\":\"https:\/\/infoecos.com.ar\/#\/schema\/person\/8f5ace5ce73b4b4aac4b7245aee6f191\",\"name\":\"Jorge Matheus\",\"url\":\"https:\/\/infoecos.com.ar\/index.php\/author\/jomatheus\/\"}]}<\/script>\n<!-- \/ Yoast SEO plugin. -->","yoast_head_json":{"title":"El repunte de contagios de Covid acelera los ingresos hospitalarios impulsado por nuevas variantes de la \u00f3micron - Infoecos","robots":{"index":"index","follow":"follow","max-snippet":"max-snippet:-1","max-image-preview":"max-image-preview:large","max-video-preview":"max-video-preview:-1"},"canonical":"https:\/\/infoecos.com.ar\/index.php\/el-repunte-de-contagios-de-covid-acelera-los-ingresos-hospitalarios-impulsado-por-nuevas-variantes-de-la-omicron\/","og_locale":"es_ES","og_type":"article","og_title":"El repunte de contagios de Covid acelera los ingresos hospitalarios impulsado por nuevas variantes de la \u00f3micron - Infoecos","og_description":"Este viernes, la incidencia acumulada entre los mayores de 60 a\u00f1os (los \u00fanicos entre los que se sigue midiendo) subi\u00f3 102 puntos para situarse en 755 diagn\u00f3sticos por 100.000 habitantes en 14 d\u00edas","og_url":"https:\/\/infoecos.com.ar\/index.php\/el-repunte-de-contagios-de-covid-acelera-los-ingresos-hospitalarios-impulsado-por-nuevas-variantes-de-la-omicron\/","og_site_name":"Infoecos","article_publisher":"https:\/\/www.facebook.com\/profile.php?id=100063200290284","article_published_time":"2022-06-27T03:35:53+00:00","article_modified_time":"2022-06-27T03:35:57+00:00","og_image":[{"width":500,"height":261,"url":"https:\/\/infoecos.com.ar\/wp-content\/uploads\/2022\/06\/safe_image.jpg","type":"image\/jpeg"}],"author":"Jorge Matheus","twitter_card":"summary_large_image","twitter_creator":"@infoecos","twitter_site":"@infoecos","twitter_misc":{"Escrito por":"Jorge Matheus","Tiempo de lectura":"4 minutos"},"schema":{"@context":"https:\/\/schema.org","@graph":[{"@type":"Article","@id":"https:\/\/infoecos.com.ar\/index.php\/el-repunte-de-contagios-de-covid-acelera-los-ingresos-hospitalarios-impulsado-por-nuevas-variantes-de-la-omicron\/#article","isPartOf":{"@id":"https:\/\/infoecos.com.ar\/index.php\/el-repunte-de-contagios-de-covid-acelera-los-ingresos-hospitalarios-impulsado-por-nuevas-variantes-de-la-omicron\/"},"author":{"name":"Jorge Matheus","@id":"https:\/\/infoecos.com.ar\/#\/schema\/person\/8f5ace5ce73b4b4aac4b7245aee6f191"},"headline":"El repunte de contagios de Covid acelera los ingresos hospitalarios impulsado por nuevas variantes de la \u00f3micron","datePublished":"2022-06-27T03:35:53+00:00","dateModified":"2022-06-27T03:35:57+00:00","mainEntityOfPage":{"@id":"https:\/\/infoecos.com.ar\/index.php\/el-repunte-de-contagios-de-covid-acelera-los-ingresos-hospitalarios-impulsado-por-nuevas-variantes-de-la-omicron\/"},"wordCount":758,"publisher":{"@id":"https:\/\/infoecos.com.ar\/#organization"},"image":{"@id":"https:\/\/infoecos.com.ar\/index.php\/el-repunte-de-contagios-de-covid-acelera-los-ingresos-hospitalarios-impulsado-por-nuevas-variantes-de-la-omicron\/#primaryimage"},"thumbnailUrl":"https:\/\/infoecos.com.ar\/wp-content\/uploads\/2022\/06\/safe_image.jpg","keywords":["DIARIO EL PA\u00cdS DE ESPA\u00d1A"],"articleSection":["C1 nota 6"],"inLanguage":"es"},{"@type":"WebPage","@id":"https:\/\/infoecos.com.ar\/index.php\/el-repunte-de-contagios-de-covid-acelera-los-ingresos-hospitalarios-impulsado-por-nuevas-variantes-de-la-omicron\/","url":"https:\/\/infoecos.com.ar\/index.php\/el-repunte-de-contagios-de-covid-acelera-los-ingresos-hospitalarios-impulsado-por-nuevas-variantes-de-la-omicron\/","name":"El repunte de contagios de Covid acelera los ingresos hospitalarios impulsado por nuevas variantes de la \u00f3micron - Infoecos","isPartOf":{"@id":"https:\/\/infoecos.com.ar\/#website"},"primaryImageOfPage":{"@id":"https:\/\/infoecos.com.ar\/index.php\/el-repunte-de-contagios-de-covid-acelera-los-ingresos-hospitalarios-impulsado-por-nuevas-variantes-de-la-omicron\/#primaryimage"},"image":{"@id":"https:\/\/infoecos.com.ar\/index.php\/el-repunte-de-contagios-de-covid-acelera-los-ingresos-hospitalarios-impulsado-por-nuevas-variantes-de-la-omicron\/#primaryimage"},"thumbnailUrl":"https:\/\/infoecos.com.ar\/wp-content\/uploads\/2022\/06\/safe_image.jpg","datePublished":"2022-06-27T03:35:53+00:00","dateModified":"2022-06-27T03:35:57+00:00","breadcrumb":{"@id":"https:\/\/infoecos.com.ar\/index.php\/el-repunte-de-contagios-de-covid-acelera-los-ingresos-hospitalarios-impulsado-por-nuevas-variantes-de-la-omicron\/#breadcrumb"},"inLanguage":"es","potentialAction":[{"@type":"ReadAction","target":["https:\/\/infoecos.com.ar\/index.php\/el-repunte-de-contagios-de-covid-acelera-los-ingresos-hospitalarios-impulsado-por-nuevas-variantes-de-la-omicron\/"]}]},{"@type":"ImageObject","inLanguage":"es","@id":"https:\/\/infoecos.com.ar\/index.php\/el-repunte-de-contagios-de-covid-acelera-los-ingresos-hospitalarios-impulsado-por-nuevas-variantes-de-la-omicron\/#primaryimage","url":"https:\/\/infoecos.com.ar\/wp-content\/uploads\/2022\/06\/safe_image.jpg","contentUrl":"https:\/\/infoecos.com.ar\/wp-content\/uploads\/2022\/06\/safe_image.jpg","width":500,"height":261},{"@type":"BreadcrumbList","@id":"https:\/\/infoecos.com.ar\/index.php\/el-repunte-de-contagios-de-covid-acelera-los-ingresos-hospitalarios-impulsado-por-nuevas-variantes-de-la-omicron\/#breadcrumb","itemListElement":[{"@type":"ListItem","position":1,"name":"Portada","item":"https:\/\/infoecos.com.ar\/"},{"@type":"ListItem","position":2,"name":"El repunte de contagios de Covid acelera los ingresos hospitalarios impulsado por nuevas variantes de la \u00f3micron"}]},{"@type":"WebSite","@id":"https:\/\/infoecos.com.ar\/#website","url":"https:\/\/infoecos.com.ar\/","name":"Infoecos","description":"Noticias de trenque lauquen y la zona","publisher":{"@id":"https:\/\/infoecos.com.ar\/#organization"},"alternateName":"Noticias","potentialAction":[{"@type":"SearchAction","target":{"@type":"EntryPoint","urlTemplate":"https:\/\/infoecos.com.ar\/?s={search_term_string}"},"query-input":{"@type":"PropertyValueSpecification","valueRequired":true,"valueName":"search_term_string"}}],"inLanguage":"es"},{"@type":"Organization","@id":"https:\/\/infoecos.com.ar\/#organization","name":"Infoecos","alternateName":"Noticias","url":"https:\/\/infoecos.com.ar\/","logo":{"@type":"ImageObject","inLanguage":"es","@id":"https:\/\/infoecos.com.ar\/#\/schema\/logo\/image\/","url":"https:\/\/infoecos.com.ar\/wp-content\/uploads\/2024\/03\/cropped-logo.png","contentUrl":"https:\/\/infoecos.com.ar\/wp-content\/uploads\/2024\/03\/cropped-logo.png","width":374,"height":90,"caption":"Infoecos"},"image":{"@id":"https:\/\/infoecos.com.ar\/#\/schema\/logo\/image\/"},"sameAs":["https:\/\/www.facebook.com\/profile.php?id=100063200290284","https:\/\/x.com\/infoecos"]},{"@type":"Person","@id":"https:\/\/infoecos.com.ar\/#\/schema\/person\/8f5ace5ce73b4b4aac4b7245aee6f191","name":"Jorge Matheus","url":"https:\/\/infoecos.com.ar\/index.php\/author\/jomatheus\/"}]}},"featured_image_urls":{"full":["https:\/\/infoecos.com.ar\/wp-content\/uploads\/2022\/06\/safe_image.jpg",500,261,false],"thumbnail":["https:\/\/infoecos.com.ar\/wp-content\/uploads\/2022\/06\/safe_image-150x150.jpg",150,150,true],"medium":["https:\/\/infoecos.com.ar\/wp-content\/uploads\/2022\/06\/safe_image-460x240.jpg",460,240,true],"medium_large":["https:\/\/infoecos.com.ar\/wp-content\/uploads\/2022\/06\/safe_image.jpg",500,261,false],"large":["https:\/\/infoecos.com.ar\/wp-content\/uploads\/2022\/06\/safe_image.jpg",500,261,false],"1536x1536":["https:\/\/infoecos.com.ar\/wp-content\/uploads\/2022\/06\/safe_image.jpg",500,261,false],"2048x2048":["https:\/\/infoecos.com.ar\/wp-content\/uploads\/2022\/06\/safe_image.jpg",500,261,false],"covernews-slider-full":["https:\/\/infoecos.com.ar\/wp-content\/uploads\/2022\/06\/safe_image.jpg",500,261,false],"covernews-slider-center":["https:\/\/infoecos.com.ar\/wp-content\/uploads\/2022\/06\/safe_image.jpg",500,261,false],"covernews-featured":["https:\/\/infoecos.com.ar\/wp-content\/uploads\/2022\/06\/safe_image.jpg",500,261,false],"covernews-medium":["https:\/\/infoecos.com.ar\/wp-content\/uploads\/2022\/06\/safe_image.jpg",500,261,false],"covernews-medium-square":["https:\/\/infoecos.com.ar\/wp-content\/uploads\/2022\/06\/safe_image.jpg",400,209,false]},"author_info":{"info":["Jorge Matheus"]},"category_info":"<a href=\"https:\/\/infoecos.com.ar\/index.php\/category\/c1nota6\/\" rel=\"category tag\">C1 nota 6<\/a>","tag_info":"C1 nota 6","comment_count":"0","_links":{"self":[{"href":"https:\/\/infoecos.com.ar\/index.php\/wp-json\/wp\/v2\/posts\/93583"}],"collection":[{"href":"https:\/\/infoecos.com.ar\/index.php\/wp-json\/wp\/v2\/posts"}],"about":[{"href":"https:\/\/infoecos.com.ar\/index.php\/wp-json\/wp\/v2\/types\/post"}],"author":[{"embeddable":true,"href":"https:\/\/infoecos.com.ar\/index.php\/wp-json\/wp\/v2\/users\/2"}],"replies":[{"embeddable":true,"href":"https:\/\/infoecos.com.ar\/index.php\/wp-json\/wp\/v2\/comments?post=93583"}],"version-history":[{"count":1,"href":"https:\/\/infoecos.com.ar\/index.php\/wp-json\/wp\/v2\/posts\/93583\/revisions"}],"predecessor-version":[{"id":93585,"href":"https:\/\/infoecos.com.ar\/index.php\/wp-json\/wp\/v2\/posts\/93583\/revisions\/93585"}],"wp:featuredmedia":[{"embeddable":true,"href":"https:\/\/infoecos.com.ar\/index.php\/wp-json\/wp\/v2\/media\/93584"}],"wp:attachment":[{"href":"https:\/\/infoecos.com.ar\/index.php\/wp-json\/wp\/v2\/media?parent=93583"}],"wp:term":[{"taxonomy":"category","embeddable":true,"href":"https:\/\/infoecos.com.ar\/index.php\/wp-json\/wp\/v2\/categories?post=93583"},{"taxonomy":"post_tag","embeddable":true,"href":"https:\/\/infoecos.com.ar\/index.php\/wp-json\/wp\/v2\/tags?post=93583"}],"curies":[{"name":"wp","href":"https:\/\/api.w.org\/{rel}","templated":true}]}}