{"id":93589,"date":"2022-06-27T00:59:10","date_gmt":"2022-06-27T03:59:10","guid":{"rendered":"http:\/\/infoecos.com.ar\/?p=93589"},"modified":"2022-06-27T00:59:13","modified_gmt":"2022-06-27T03:59:13","slug":"german-todino-gano-la-prueba-del-turismo-de-carretera-en-concordia","status":"publish","type":"post","link":"https:\/\/infoecos.com.ar\/index.php\/german-todino-gano-la-prueba-del-turismo-de-carretera-en-concordia\/","title":{"rendered":"Germ\u00e1n Todino gan\u00f3 la prueba del Turismo de Carretera en Concordia"},"content":{"rendered":"\n<p>Todino gan\u00f3 este domingo, con Torino, su segunda final en el Turismo Carretera (TC), en el marco de la s\u00e9ptima fecha del calendario de la especialidad, que se efectu\u00f3 en el aut\u00f3dromo entrerriano Parque Ciudad de Concordia.<\/p>\n\n\n\n<div class=\"wp-block-image\"><figure class=\"aligncenter size-large is-resized\"><img loading=\"lazy\" decoding=\"async\" src=\"http:\/\/infoecos.com.ar\/wp-content\/uploads\/2022\/06\/289479795_5015800901881254_1559402350695643900_n.jpg\" alt=\"\" class=\"wp-image-93590\" width=\"512\" height=\"350\" srcset=\"https:\/\/infoecos.com.ar\/wp-content\/uploads\/2022\/06\/289479795_5015800901881254_1559402350695643900_n.jpg 720w, https:\/\/infoecos.com.ar\/wp-content\/uploads\/2022\/06\/289479795_5015800901881254_1559402350695643900_n-460x315.jpg 460w\" sizes=\"(max-width: 512px) 100vw, 512px\" \/><\/figure><\/div>\n\n\n\n<p>El oriundo de Rivera, Buenos, Aires, Germ\u00e1n Todino (Torino), con 21 a\u00f1os,&nbsp;<strong>aventaj\u00f3 a Mat\u00edas Rossi, con Toyota Camry, que logr\u00f3 el mejor resultado desde el debut de la marca en el TC<\/strong>, y al cu\u00e1druple campe\u00f3n, el arrecife\u00f1o Agust\u00edn Canapino (Chevrolet), que ampli\u00f3 su ventaja en la cima del campeonato.<\/p>\n\n\n\n<p>Al cabo de las 25 vueltas de la final al trazado concordense, de 4.700 metros de extensi\u00f3n, Todino mantuvo una intensa lucha con el mendocino Juli\u00e1n Santero en los primeros giros, y despu\u00e9s con el campe\u00f3n 2014 de TC, Rossi (Toyota) en un relanzamiento tras un auto de seguridad.<\/p>\n\n\n\n<p>Completaron las diez primeras posiciones, el rionegrino Jos\u00e9 Manuel Urcera, el quilme\u00f1o Esteban Gini, ambos con Torino, el santafesino Facundo Ardusso (Chevrolet), el loberense Jonatan Castellano (Dodge), el uruguayo Mauricio Lambiris (Ford), el chubutense Marcelo Agrelo (Torino), y el mendocino Juli\u00e1n Santero (Ford).<\/p>\n\n\n\n<div class=\"wp-block-image\"><figure class=\"aligncenter size-large\"><img loading=\"lazy\" decoding=\"async\" width=\"520\" height=\"511\" src=\"http:\/\/infoecos.com.ar\/wp-content\/uploads\/2022\/06\/289805939_5015800951881249_838224625264358570_n.jpg\" alt=\"\" class=\"wp-image-93591\" srcset=\"https:\/\/infoecos.com.ar\/wp-content\/uploads\/2022\/06\/289805939_5015800951881249_838224625264358570_n.jpg 520w, https:\/\/infoecos.com.ar\/wp-content\/uploads\/2022\/06\/289805939_5015800951881249_838224625264358570_n-460x452.jpg 460w\" sizes=\"(max-width: 520px) 100vw, 520px\" \/><\/figure><\/div>\n\n\n\n<p>La primera serie clasificatoria, a cinco rondas, la gan\u00f3 el delvisense Mat\u00edas Rossi (Toyota Camry), en la segunda se impuso el de Rivera, Germ\u00e1n Todino (Torino), y en la tercera triunf\u00f3 el mendocino Juli\u00e1n Santero (Ford).<\/p>\n","protected":false},"excerpt":{"rendered":"<p>Al cabo de las 25 vueltas de la final al trazado concordense, de 4.700 metros de extensi\u00f3n, Todino mantuvo una intensa lucha con el mendocino Juli\u00e1n Santero en los primeros giros, y despu\u00e9s con el campe\u00f3n 2014 de TC, Rossi (Toyota) en un relanzamiento tras un auto de seguridad<\/p>\n","protected":false},"author":2,"featured_media":93592,"comment_status":"closed","ping_status":"open","sticky":false,"template":"","format":"standard","meta":{"footnotes":""},"categories":[198],"tags":[136],"class_list":["post-93589","post","type-post","status-publish","format-standard","has-post-thumbnail","hentry","category-c1nota5","tag-automovilismo"],"yoast_head":"<!-- This site is optimized with the Yoast SEO plugin v23.4 - https:\/\/yoast.com\/wordpress\/plugins\/seo\/ -->\n<title>Germ\u00e1n Todino gan\u00f3 la prueba del Turismo de Carretera en Concordia - Infoecos<\/title>\n<meta name=\"robots\" content=\"index, follow, max-snippet:-1, max-image-preview:large, max-video-preview:-1\" \/>\n<link rel=\"canonical\" href=\"https:\/\/infoecos.com.ar\/index.php\/german-todino-gano-la-prueba-del-turismo-de-carretera-en-concordia\/\" \/>\n<meta property=\"og:locale\" content=\"es_ES\" \/>\n<meta property=\"og:type\" content=\"article\" \/>\n<meta property=\"og:title\" content=\"Germ\u00e1n Todino gan\u00f3 la prueba del Turismo de Carretera en Concordia - Infoecos\" \/>\n<meta property=\"og:description\" content=\"Al cabo de las 25 vueltas de la final al trazado concordense, de 4.700 metros de extensi\u00f3n, Todino mantuvo una intensa lucha con el mendocino Juli\u00e1n Santero en los primeros giros, y despu\u00e9s con el campe\u00f3n 2014 de TC, Rossi (Toyota) en un relanzamiento tras un auto de seguridad\" \/>\n<meta property=\"og:url\" content=\"https:\/\/infoecos.com.ar\/index.php\/german-todino-gano-la-prueba-del-turismo-de-carretera-en-concordia\/\" \/>\n<meta property=\"og:site_name\" content=\"Infoecos\" \/>\n<meta property=\"article:publisher\" content=\"https:\/\/www.facebook.com\/profile.php?id=100063200290284\" \/>\n<meta property=\"article:published_time\" content=\"2022-06-27T03:59:10+00:00\" \/>\n<meta property=\"article:modified_time\" content=\"2022-06-27T03:59:13+00:00\" \/>\n<meta property=\"og:image\" content=\"https:\/\/infoecos.com.ar\/wp-content\/uploads\/2022\/06\/290296667_5015800821881262_2322721883577038773_n.jpg\" \/>\n\t<meta property=\"og:image:width\" content=\"709\" \/>\n\t<meta property=\"og:image:height\" content=\"483\" \/>\n\t<meta property=\"og:image:type\" content=\"image\/jpeg\" \/>\n<meta name=\"author\" content=\"Jorge Matheus\" \/>\n<meta name=\"twitter:card\" content=\"summary_large_image\" \/>\n<meta name=\"twitter:creator\" content=\"@infoecos\" \/>\n<meta name=\"twitter:site\" content=\"@infoecos\" \/>\n<meta name=\"twitter:label1\" content=\"Escrito por\" \/>\n\t<meta name=\"twitter:data1\" content=\"Jorge Matheus\" \/>\n\t<meta name=\"twitter:label2\" content=\"Tiempo de lectura\" \/>\n\t<meta name=\"twitter:data2\" content=\"1 minuto\" \/>\n<script type=\"application\/ld+json\" class=\"yoast-schema-graph\">{\"@context\":\"https:\/\/schema.org\",\"@graph\":[{\"@type\":\"Article\",\"@id\":\"https:\/\/infoecos.com.ar\/index.php\/german-todino-gano-la-prueba-del-turismo-de-carretera-en-concordia\/#article\",\"isPartOf\":{\"@id\":\"https:\/\/infoecos.com.ar\/index.php\/german-todino-gano-la-prueba-del-turismo-de-carretera-en-concordia\/\"},\"author\":{\"name\":\"Jorge Matheus\",\"@id\":\"https:\/\/infoecos.com.ar\/#\/schema\/person\/8f5ace5ce73b4b4aac4b7245aee6f191\"},\"headline\":\"Germ\u00e1n Todino gan\u00f3 la prueba del Turismo de Carretera en Concordia\",\"datePublished\":\"2022-06-27T03:59:10+00:00\",\"dateModified\":\"2022-06-27T03:59:13+00:00\",\"mainEntityOfPage\":{\"@id\":\"https:\/\/infoecos.com.ar\/index.php\/german-todino-gano-la-prueba-del-turismo-de-carretera-en-concordia\/\"},\"wordCount\":243,\"publisher\":{\"@id\":\"https:\/\/infoecos.com.ar\/#organization\"},\"image\":{\"@id\":\"https:\/\/infoecos.com.ar\/index.php\/german-todino-gano-la-prueba-del-turismo-de-carretera-en-concordia\/#primaryimage\"},\"thumbnailUrl\":\"https:\/\/infoecos.com.ar\/wp-content\/uploads\/2022\/06\/290296667_5015800821881262_2322721883577038773_n.jpg\",\"keywords\":[\"AUTOMOVILISMO\"],\"articleSection\":[\"C1 nota 5\"],\"inLanguage\":\"es\"},{\"@type\":\"WebPage\",\"@id\":\"https:\/\/infoecos.com.ar\/index.php\/german-todino-gano-la-prueba-del-turismo-de-carretera-en-concordia\/\",\"url\":\"https:\/\/infoecos.com.ar\/index.php\/german-todino-gano-la-prueba-del-turismo-de-carretera-en-concordia\/\",\"name\":\"Germ\u00e1n Todino gan\u00f3 la prueba del Turismo de Carretera en Concordia - Infoecos\",\"isPartOf\":{\"@id\":\"https:\/\/infoecos.com.ar\/#website\"},\"primaryImageOfPage\":{\"@id\":\"https:\/\/infoecos.com.ar\/index.php\/german-todino-gano-la-prueba-del-turismo-de-carretera-en-concordia\/#primaryimage\"},\"image\":{\"@id\":\"https:\/\/infoecos.com.ar\/index.php\/german-todino-gano-la-prueba-del-turismo-de-carretera-en-concordia\/#primaryimage\"},\"thumbnailUrl\":\"https:\/\/infoecos.com.ar\/wp-content\/uploads\/2022\/06\/290296667_5015800821881262_2322721883577038773_n.jpg\",\"datePublished\":\"2022-06-27T03:59:10+00:00\",\"dateModified\":\"2022-06-27T03:59:13+00:00\",\"breadcrumb\":{\"@id\":\"https:\/\/infoecos.com.ar\/index.php\/german-todino-gano-la-prueba-del-turismo-de-carretera-en-concordia\/#breadcrumb\"},\"inLanguage\":\"es\",\"potentialAction\":[{\"@type\":\"ReadAction\",\"target\":[\"https:\/\/infoecos.com.ar\/index.php\/german-todino-gano-la-prueba-del-turismo-de-carretera-en-concordia\/\"]}]},{\"@type\":\"ImageObject\",\"inLanguage\":\"es\",\"@id\":\"https:\/\/infoecos.com.ar\/index.php\/german-todino-gano-la-prueba-del-turismo-de-carretera-en-concordia\/#primaryimage\",\"url\":\"https:\/\/infoecos.com.ar\/wp-content\/uploads\/2022\/06\/290296667_5015800821881262_2322721883577038773_n.jpg\",\"contentUrl\":\"https:\/\/infoecos.com.ar\/wp-content\/uploads\/2022\/06\/290296667_5015800821881262_2322721883577038773_n.jpg\",\"width\":709,\"height\":483},{\"@type\":\"BreadcrumbList\",\"@id\":\"https:\/\/infoecos.com.ar\/index.php\/german-todino-gano-la-prueba-del-turismo-de-carretera-en-concordia\/#breadcrumb\",\"itemListElement\":[{\"@type\":\"ListItem\",\"position\":1,\"name\":\"Portada\",\"item\":\"https:\/\/infoecos.com.ar\/\"},{\"@type\":\"ListItem\",\"position\":2,\"name\":\"Germ\u00e1n Todino gan\u00f3 la prueba del Turismo de Carretera en Concordia\"}]},{\"@type\":\"WebSite\",\"@id\":\"https:\/\/infoecos.com.ar\/#website\",\"url\":\"https:\/\/infoecos.com.ar\/\",\"name\":\"Infoecos\",\"description\":\"Noticias de trenque lauquen y la zona\",\"publisher\":{\"@id\":\"https:\/\/infoecos.com.ar\/#organization\"},\"alternateName\":\"Noticias\",\"potentialAction\":[{\"@type\":\"SearchAction\",\"target\":{\"@type\":\"EntryPoint\",\"urlTemplate\":\"https:\/\/infoecos.com.ar\/?s={search_term_string}\"},\"query-input\":{\"@type\":\"PropertyValueSpecification\",\"valueRequired\":true,\"valueName\":\"search_term_string\"}}],\"inLanguage\":\"es\"},{\"@type\":\"Organization\",\"@id\":\"https:\/\/infoecos.com.ar\/#organization\",\"name\":\"Infoecos\",\"alternateName\":\"Noticias\",\"url\":\"https:\/\/infoecos.com.ar\/\",\"logo\":{\"@type\":\"ImageObject\",\"inLanguage\":\"es\",\"@id\":\"https:\/\/infoecos.com.ar\/#\/schema\/logo\/image\/\",\"url\":\"https:\/\/infoecos.com.ar\/wp-content\/uploads\/2024\/03\/cropped-logo.png\",\"contentUrl\":\"https:\/\/infoecos.com.ar\/wp-content\/uploads\/2024\/03\/cropped-logo.png\",\"width\":374,\"height\":90,\"caption\":\"Infoecos\"},\"image\":{\"@id\":\"https:\/\/infoecos.com.ar\/#\/schema\/logo\/image\/\"},\"sameAs\":[\"https:\/\/www.facebook.com\/profile.php?id=100063200290284\",\"https:\/\/x.com\/infoecos\"]},{\"@type\":\"Person\",\"@id\":\"https:\/\/infoecos.com.ar\/#\/schema\/person\/8f5ace5ce73b4b4aac4b7245aee6f191\",\"name\":\"Jorge Matheus\",\"url\":\"https:\/\/infoecos.com.ar\/index.php\/author\/jomatheus\/\"}]}<\/script>\n<!-- \/ Yoast SEO plugin. -->","yoast_head_json":{"title":"Germ\u00e1n Todino gan\u00f3 la prueba del Turismo de Carretera en Concordia - Infoecos","robots":{"index":"index","follow":"follow","max-snippet":"max-snippet:-1","max-image-preview":"max-image-preview:large","max-video-preview":"max-video-preview:-1"},"canonical":"https:\/\/infoecos.com.ar\/index.php\/german-todino-gano-la-prueba-del-turismo-de-carretera-en-concordia\/","og_locale":"es_ES","og_type":"article","og_title":"Germ\u00e1n Todino gan\u00f3 la prueba del Turismo de Carretera en Concordia - Infoecos","og_description":"Al cabo de las 25 vueltas de la final al trazado concordense, de 4.700 metros de extensi\u00f3n, Todino mantuvo una intensa lucha con el mendocino Juli\u00e1n Santero en los primeros giros, y despu\u00e9s con el campe\u00f3n 2014 de TC, Rossi (Toyota) en un relanzamiento tras un auto de seguridad","og_url":"https:\/\/infoecos.com.ar\/index.php\/german-todino-gano-la-prueba-del-turismo-de-carretera-en-concordia\/","og_site_name":"Infoecos","article_publisher":"https:\/\/www.facebook.com\/profile.php?id=100063200290284","article_published_time":"2022-06-27T03:59:10+00:00","article_modified_time":"2022-06-27T03:59:13+00:00","og_image":[{"width":709,"height":483,"url":"https:\/\/infoecos.com.ar\/wp-content\/uploads\/2022\/06\/290296667_5015800821881262_2322721883577038773_n.jpg","type":"image\/jpeg"}],"author":"Jorge Matheus","twitter_card":"summary_large_image","twitter_creator":"@infoecos","twitter_site":"@infoecos","twitter_misc":{"Escrito por":"Jorge Matheus","Tiempo de lectura":"1 minuto"},"schema":{"@context":"https:\/\/schema.org","@graph":[{"@type":"Article","@id":"https:\/\/infoecos.com.ar\/index.php\/german-todino-gano-la-prueba-del-turismo-de-carretera-en-concordia\/#article","isPartOf":{"@id":"https:\/\/infoecos.com.ar\/index.php\/german-todino-gano-la-prueba-del-turismo-de-carretera-en-concordia\/"},"author":{"name":"Jorge Matheus","@id":"https:\/\/infoecos.com.ar\/#\/schema\/person\/8f5ace5ce73b4b4aac4b7245aee6f191"},"headline":"Germ\u00e1n Todino gan\u00f3 la prueba del Turismo de Carretera en Concordia","datePublished":"2022-06-27T03:59:10+00:00","dateModified":"2022-06-27T03:59:13+00:00","mainEntityOfPage":{"@id":"https:\/\/infoecos.com.ar\/index.php\/german-todino-gano-la-prueba-del-turismo-de-carretera-en-concordia\/"},"wordCount":243,"publisher":{"@id":"https:\/\/infoecos.com.ar\/#organization"},"image":{"@id":"https:\/\/infoecos.com.ar\/index.php\/german-todino-gano-la-prueba-del-turismo-de-carretera-en-concordia\/#primaryimage"},"thumbnailUrl":"https:\/\/infoecos.com.ar\/wp-content\/uploads\/2022\/06\/290296667_5015800821881262_2322721883577038773_n.jpg","keywords":["AUTOMOVILISMO"],"articleSection":["C1 nota 5"],"inLanguage":"es"},{"@type":"WebPage","@id":"https:\/\/infoecos.com.ar\/index.php\/german-todino-gano-la-prueba-del-turismo-de-carretera-en-concordia\/","url":"https:\/\/infoecos.com.ar\/index.php\/german-todino-gano-la-prueba-del-turismo-de-carretera-en-concordia\/","name":"Germ\u00e1n Todino gan\u00f3 la prueba del Turismo de Carretera en Concordia - Infoecos","isPartOf":{"@id":"https:\/\/infoecos.com.ar\/#website"},"primaryImageOfPage":{"@id":"https:\/\/infoecos.com.ar\/index.php\/german-todino-gano-la-prueba-del-turismo-de-carretera-en-concordia\/#primaryimage"},"image":{"@id":"https:\/\/infoecos.com.ar\/index.php\/german-todino-gano-la-prueba-del-turismo-de-carretera-en-concordia\/#primaryimage"},"thumbnailUrl":"https:\/\/infoecos.com.ar\/wp-content\/uploads\/2022\/06\/290296667_5015800821881262_2322721883577038773_n.jpg","datePublished":"2022-06-27T03:59:10+00:00","dateModified":"2022-06-27T03:59:13+00:00","breadcrumb":{"@id":"https:\/\/infoecos.com.ar\/index.php\/german-todino-gano-la-prueba-del-turismo-de-carretera-en-concordia\/#breadcrumb"},"inLanguage":"es","potentialAction":[{"@type":"ReadAction","target":["https:\/\/infoecos.com.ar\/index.php\/german-todino-gano-la-prueba-del-turismo-de-carretera-en-concordia\/"]}]},{"@type":"ImageObject","inLanguage":"es","@id":"https:\/\/infoecos.com.ar\/index.php\/german-todino-gano-la-prueba-del-turismo-de-carretera-en-concordia\/#primaryimage","url":"https:\/\/infoecos.com.ar\/wp-content\/uploads\/2022\/06\/290296667_5015800821881262_2322721883577038773_n.jpg","contentUrl":"https:\/\/infoecos.com.ar\/wp-content\/uploads\/2022\/06\/290296667_5015800821881262_2322721883577038773_n.jpg","width":709,"height":483},{"@type":"BreadcrumbList","@id":"https:\/\/infoecos.com.ar\/index.php\/german-todino-gano-la-prueba-del-turismo-de-carretera-en-concordia\/#breadcrumb","itemListElement":[{"@type":"ListItem","position":1,"name":"Portada","item":"https:\/\/infoecos.com.ar\/"},{"@type":"ListItem","position":2,"name":"Germ\u00e1n Todino gan\u00f3 la prueba del Turismo de Carretera en Concordia"}]},{"@type":"WebSite","@id":"https:\/\/infoecos.com.ar\/#website","url":"https:\/\/infoecos.com.ar\/","name":"Infoecos","description":"Noticias de trenque lauquen y la zona","publisher":{"@id":"https:\/\/infoecos.com.ar\/#organization"},"alternateName":"Noticias","potentialAction":[{"@type":"SearchAction","target":{"@type":"EntryPoint","urlTemplate":"https:\/\/infoecos.com.ar\/?s={search_term_string}"},"query-input":{"@type":"PropertyValueSpecification","valueRequired":true,"valueName":"search_term_string"}}],"inLanguage":"es"},{"@type":"Organization","@id":"https:\/\/infoecos.com.ar\/#organization","name":"Infoecos","alternateName":"Noticias","url":"https:\/\/infoecos.com.ar\/","logo":{"@type":"ImageObject","inLanguage":"es","@id":"https:\/\/infoecos.com.ar\/#\/schema\/logo\/image\/","url":"https:\/\/infoecos.com.ar\/wp-content\/uploads\/2024\/03\/cropped-logo.png","contentUrl":"https:\/\/infoecos.com.ar\/wp-content\/uploads\/2024\/03\/cropped-logo.png","width":374,"height":90,"caption":"Infoecos"},"image":{"@id":"https:\/\/infoecos.com.ar\/#\/schema\/logo\/image\/"},"sameAs":["https:\/\/www.facebook.com\/profile.php?id=100063200290284","https:\/\/x.com\/infoecos"]},{"@type":"Person","@id":"https:\/\/infoecos.com.ar\/#\/schema\/person\/8f5ace5ce73b4b4aac4b7245aee6f191","name":"Jorge Matheus","url":"https:\/\/infoecos.com.ar\/index.php\/author\/jomatheus\/"}]}},"featured_image_urls":{"full":["https:\/\/infoecos.com.ar\/wp-content\/uploads\/2022\/06\/290296667_5015800821881262_2322721883577038773_n.jpg",709,483,false],"thumbnail":["https:\/\/infoecos.com.ar\/wp-content\/uploads\/2022\/06\/290296667_5015800821881262_2322721883577038773_n-150x150.jpg",150,150,true],"medium":["https:\/\/infoecos.com.ar\/wp-content\/uploads\/2022\/06\/290296667_5015800821881262_2322721883577038773_n-460x313.jpg",460,313,true],"medium_large":["https:\/\/infoecos.com.ar\/wp-content\/uploads\/2022\/06\/290296667_5015800821881262_2322721883577038773_n.jpg",640,436,false],"large":["https:\/\/infoecos.com.ar\/wp-content\/uploads\/2022\/06\/290296667_5015800821881262_2322721883577038773_n.jpg",640,436,false],"1536x1536":["https:\/\/infoecos.com.ar\/wp-content\/uploads\/2022\/06\/290296667_5015800821881262_2322721883577038773_n.jpg",709,483,false],"2048x2048":["https:\/\/infoecos.com.ar\/wp-content\/uploads\/2022\/06\/290296667_5015800821881262_2322721883577038773_n.jpg",709,483,false],"covernews-slider-full":["https:\/\/infoecos.com.ar\/wp-content\/uploads\/2022\/06\/290296667_5015800821881262_2322721883577038773_n.jpg",709,483,false],"covernews-slider-center":["https:\/\/infoecos.com.ar\/wp-content\/uploads\/2022\/06\/290296667_5015800821881262_2322721883577038773_n.jpg",709,483,false],"covernews-featured":["https:\/\/infoecos.com.ar\/wp-content\/uploads\/2022\/06\/290296667_5015800821881262_2322721883577038773_n.jpg",709,483,false],"covernews-medium":["https:\/\/infoecos.com.ar\/wp-content\/uploads\/2022\/06\/290296667_5015800821881262_2322721883577038773_n-709x380.jpg",540,289,true],"covernews-medium-square":["https:\/\/infoecos.com.ar\/wp-content\/uploads\/2022\/06\/290296667_5015800821881262_2322721883577038773_n-675x450.jpg",375,250,true]},"author_info":{"info":["Jorge Matheus"]},"category_info":"<a href=\"https:\/\/infoecos.com.ar\/index.php\/category\/c1nota5\/\" rel=\"category tag\">C1 nota 5<\/a>","tag_info":"C1 nota 5","comment_count":"0","_links":{"self":[{"href":"https:\/\/infoecos.com.ar\/index.php\/wp-json\/wp\/v2\/posts\/93589"}],"collection":[{"href":"https:\/\/infoecos.com.ar\/index.php\/wp-json\/wp\/v2\/posts"}],"about":[{"href":"https:\/\/infoecos.com.ar\/index.php\/wp-json\/wp\/v2\/types\/post"}],"author":[{"embeddable":true,"href":"https:\/\/infoecos.com.ar\/index.php\/wp-json\/wp\/v2\/users\/2"}],"replies":[{"embeddable":true,"href":"https:\/\/infoecos.com.ar\/index.php\/wp-json\/wp\/v2\/comments?post=93589"}],"version-history":[{"count":1,"href":"https:\/\/infoecos.com.ar\/index.php\/wp-json\/wp\/v2\/posts\/93589\/revisions"}],"predecessor-version":[{"id":93593,"href":"https:\/\/infoecos.com.ar\/index.php\/wp-json\/wp\/v2\/posts\/93589\/revisions\/93593"}],"wp:featuredmedia":[{"embeddable":true,"href":"https:\/\/infoecos.com.ar\/index.php\/wp-json\/wp\/v2\/media\/93592"}],"wp:attachment":[{"href":"https:\/\/infoecos.com.ar\/index.php\/wp-json\/wp\/v2\/media?parent=93589"}],"wp:term":[{"taxonomy":"category","embeddable":true,"href":"https:\/\/infoecos.com.ar\/index.php\/wp-json\/wp\/v2\/categories?post=93589"},{"taxonomy":"post_tag","embeddable":true,"href":"https:\/\/infoecos.com.ar\/index.php\/wp-json\/wp\/v2\/tags?post=93589"}],"curies":[{"name":"wp","href":"https:\/\/api.w.org\/{rel}","templated":true}]}}