{"id":93666,"date":"2022-06-28T03:11:56","date_gmt":"2022-06-28T06:11:56","guid":{"rendered":"http:\/\/infoecos.com.ar\/?p=93666"},"modified":"2022-07-02T12:58:12","modified_gmt":"2022-07-02T15:58:12","slug":"el-oceba-desarrollo-un-aplicativo-web-para-tramitar-la-tarifa-social-electrica","status":"publish","type":"post","link":"https:\/\/infoecos.com.ar\/index.php\/el-oceba-desarrollo-un-aplicativo-web-para-tramitar-la-tarifa-social-electrica\/","title":{"rendered":"El OCEBA desarroll\u00f3 un aplicativo web para tramitar la tarifa social el\u00e9ctrica"},"content":{"rendered":"\n<p>El Organismo de Control de la Energ\u00eda El\u00e9ctrica de la Provincia de Buenos Aires (Oceba) inform\u00f3 que desarroll\u00f3 un aplicativo web de car\u00e1cter universal para que los usuarios que se encuentren bajo su \u00e1rea de concesi\u00f3n puedan tramitar el beneficio de la tarifa social el\u00e9ctrica bajo las disposiciones que otorga desde enero el gobierno bonaerense.<\/p>\n\n\n\n<figure class=\"wp-block-image aligncenter size-large\"><img decoding=\"async\" src=\"http:\/\/infoecos.com.ar\/wp-content\/uploads\/0007772338.jpg\" alt=\"\" class=\"wp-image-25192\"\/><figcaption>Energ\u00eda El\u00e9ctrica (archivo)<\/figcaption><\/figure>\n\n\n\n<p>Seg\u00fan informaron desde el organismo la herramienta se encuentra a disposici\u00f3n en la p\u00e1gina web&nbsp;www.oceba.gba.gov.ar&nbsp;y desde all\u00ed se puede tramitar el beneficio de tarifa social de manera online mediante el ingreso del n\u00famero de DNI del titular del suministro.<\/p>\n\n\n\n<p>En este sentido, desde el Oceba&nbsp;recordaron la continuidad de los reg\u00edmenes y mecanismos de instrumentaci\u00f3n de la tarifa social vigentes&nbsp;desde el 31 de diciembre pasado.<\/p>\n\n\n\n<p>Quienes pueden acceder al beneficio son:<\/p>\n\n\n\n<p><br><strong>\uf0b7 Jubilados, pensionados o trabajadores en relaci\u00f3n de dependencia que perciban una remuneraci\u00f3n bruta menor o igual a dos Salarios M\u00ednimos, Vitales y M\u00f3viles.<br>\uf0b7 Trabajadores\u201cmonotributistas inscriptos en una categor\u00eda cuyo ingreso anual mensualizado no supere en dos veces el Salario M\u00ednimo, Vital y M\u00f3vil.<\/strong><\/p>\n\n\n\n<p><strong>\uf0b7 Beneficiarios de una Pensi\u00f3n no Contributiva que perciban ingresos mensuales<br>\uf0b7 Titulares de programas sociales (siempre que su ingreso no supere dos veces el Salario M\u00ednimo, Vital y M\u00f3vil).<br>\uf0b7 Trabajadores inscriptos en el R\u00e9gimen de Monotributo Social (siempre que su ingreso no supere dos veces el Salario M\u00ednimo, Vital y M\u00f3vil).<br>\uf0b7 Trabajadores incorporados en el R\u00e9gimen Especial de Seguridad Social para empleados del Servicio Dom\u00e9stico (26.844) (siempre que su ingreso no supere dos veces el Salario<br>M\u00ednimo, Vital y M\u00f3vil).<br>\uf0b7 Titulares de un seguro de desempleo (siempre que su ingreso no supere dos veces el Salario M\u00ednimo, Vital y M\u00f3vil).<br>\uf0b7 Titulares de una Pensi\u00f3n Vitalicia a Veteranos de Guerra del Atl\u00e1ntico Sur.<br>\uf0b7 Usuarios (o un familiar a cargo) que cuenten con certificado de discapacidad expedido por autoridad competente.<\/strong><\/p>\n\n\n\n<p>No acceden a este beneficio los propietarios de:<br><\/p>\n\n\n\n<p><strong>1. M\u00e1s de un inmueble<br>2. Aeronaves o embarcaciones de lujo<br>3. Un veh\u00edculo de hasta diez a\u00f1os de antig\u00fcedad (excepto los titulares de alg\u00fan certificado de discapacidad.<\/strong><\/p>\n","protected":false},"excerpt":{"rendered":"<p>Desde el Oceba recordaron la continuidad de los reg\u00edmenes y mecanismos de instrumentaci\u00f3n de la tarifa social vigentes desde el 31 de diciembre pasado<\/p>\n","protected":false},"author":2,"featured_media":25192,"comment_status":"closed","ping_status":"open","sticky":false,"template":"","format":"standard","meta":{"footnotes":""},"categories":[42],"tags":[594],"class_list":["post-93666","post","type-post","status-publish","format-standard","has-post-thumbnail","hentry","category-inferior3","tag-servicios-publicos"],"yoast_head":"<!-- This site is optimized with the Yoast SEO plugin v23.4 - https:\/\/yoast.com\/wordpress\/plugins\/seo\/ -->\n<title>El OCEBA desarroll\u00f3 un aplicativo web para tramitar la tarifa social el\u00e9ctrica - Infoecos<\/title>\n<meta name=\"robots\" content=\"index, follow, max-snippet:-1, max-image-preview:large, max-video-preview:-1\" \/>\n<link rel=\"canonical\" href=\"https:\/\/infoecos.com.ar\/index.php\/el-oceba-desarrollo-un-aplicativo-web-para-tramitar-la-tarifa-social-electrica\/\" \/>\n<meta property=\"og:locale\" content=\"es_ES\" \/>\n<meta property=\"og:type\" content=\"article\" \/>\n<meta property=\"og:title\" content=\"El OCEBA desarroll\u00f3 un aplicativo web para tramitar la tarifa social el\u00e9ctrica - Infoecos\" \/>\n<meta property=\"og:description\" content=\"Desde el Oceba recordaron la continuidad de los reg\u00edmenes y mecanismos de instrumentaci\u00f3n de la tarifa social vigentes desde el 31 de diciembre pasado\" \/>\n<meta property=\"og:url\" content=\"https:\/\/infoecos.com.ar\/index.php\/el-oceba-desarrollo-un-aplicativo-web-para-tramitar-la-tarifa-social-electrica\/\" \/>\n<meta property=\"og:site_name\" content=\"Infoecos\" \/>\n<meta property=\"article:publisher\" content=\"https:\/\/www.facebook.com\/profile.php?id=100063200290284\" \/>\n<meta property=\"article:published_time\" content=\"2022-06-28T06:11:56+00:00\" \/>\n<meta property=\"article:modified_time\" content=\"2022-07-02T15:58:12+00:00\" \/>\n<meta property=\"og:image\" content=\"https:\/\/infoecos.com.ar\/wp-content\/uploads\/0007772338.jpg\" \/>\n\t<meta property=\"og:image:width\" content=\"642\" \/>\n\t<meta property=\"og:image:height\" content=\"361\" \/>\n\t<meta property=\"og:image:type\" content=\"image\/jpeg\" \/>\n<meta name=\"author\" content=\"Jorge Matheus\" \/>\n<meta name=\"twitter:card\" content=\"summary_large_image\" \/>\n<meta name=\"twitter:creator\" content=\"@infoecos\" \/>\n<meta name=\"twitter:site\" content=\"@infoecos\" \/>\n<meta name=\"twitter:label1\" content=\"Escrito por\" \/>\n\t<meta name=\"twitter:data1\" content=\"Jorge Matheus\" \/>\n\t<meta name=\"twitter:label2\" content=\"Tiempo de lectura\" \/>\n\t<meta name=\"twitter:data2\" content=\"2 minutos\" \/>\n<script type=\"application\/ld+json\" class=\"yoast-schema-graph\">{\"@context\":\"https:\/\/schema.org\",\"@graph\":[{\"@type\":\"Article\",\"@id\":\"https:\/\/infoecos.com.ar\/index.php\/el-oceba-desarrollo-un-aplicativo-web-para-tramitar-la-tarifa-social-electrica\/#article\",\"isPartOf\":{\"@id\":\"https:\/\/infoecos.com.ar\/index.php\/el-oceba-desarrollo-un-aplicativo-web-para-tramitar-la-tarifa-social-electrica\/\"},\"author\":{\"name\":\"Jorge Matheus\",\"@id\":\"https:\/\/infoecos.com.ar\/#\/schema\/person\/8f5ace5ce73b4b4aac4b7245aee6f191\"},\"headline\":\"El OCEBA desarroll\u00f3 un aplicativo web para tramitar la tarifa social el\u00e9ctrica\",\"datePublished\":\"2022-06-28T06:11:56+00:00\",\"dateModified\":\"2022-07-02T15:58:12+00:00\",\"mainEntityOfPage\":{\"@id\":\"https:\/\/infoecos.com.ar\/index.php\/el-oceba-desarrollo-un-aplicativo-web-para-tramitar-la-tarifa-social-electrica\/\"},\"wordCount\":393,\"publisher\":{\"@id\":\"https:\/\/infoecos.com.ar\/#organization\"},\"image\":{\"@id\":\"https:\/\/infoecos.com.ar\/index.php\/el-oceba-desarrollo-un-aplicativo-web-para-tramitar-la-tarifa-social-electrica\/#primaryimage\"},\"thumbnailUrl\":\"\",\"keywords\":[\"SERVICIOS P\u00daBLICOS\"],\"articleSection\":[\"Bloque inferior - 3\"],\"inLanguage\":\"es\"},{\"@type\":\"WebPage\",\"@id\":\"https:\/\/infoecos.com.ar\/index.php\/el-oceba-desarrollo-un-aplicativo-web-para-tramitar-la-tarifa-social-electrica\/\",\"url\":\"https:\/\/infoecos.com.ar\/index.php\/el-oceba-desarrollo-un-aplicativo-web-para-tramitar-la-tarifa-social-electrica\/\",\"name\":\"El OCEBA desarroll\u00f3 un aplicativo web para tramitar la tarifa social el\u00e9ctrica - Infoecos\",\"isPartOf\":{\"@id\":\"https:\/\/infoecos.com.ar\/#website\"},\"primaryImageOfPage\":{\"@id\":\"https:\/\/infoecos.com.ar\/index.php\/el-oceba-desarrollo-un-aplicativo-web-para-tramitar-la-tarifa-social-electrica\/#primaryimage\"},\"image\":{\"@id\":\"https:\/\/infoecos.com.ar\/index.php\/el-oceba-desarrollo-un-aplicativo-web-para-tramitar-la-tarifa-social-electrica\/#primaryimage\"},\"thumbnailUrl\":\"\",\"datePublished\":\"2022-06-28T06:11:56+00:00\",\"dateModified\":\"2022-07-02T15:58:12+00:00\",\"breadcrumb\":{\"@id\":\"https:\/\/infoecos.com.ar\/index.php\/el-oceba-desarrollo-un-aplicativo-web-para-tramitar-la-tarifa-social-electrica\/#breadcrumb\"},\"inLanguage\":\"es\",\"potentialAction\":[{\"@type\":\"ReadAction\",\"target\":[\"https:\/\/infoecos.com.ar\/index.php\/el-oceba-desarrollo-un-aplicativo-web-para-tramitar-la-tarifa-social-electrica\/\"]}]},{\"@type\":\"ImageObject\",\"inLanguage\":\"es\",\"@id\":\"https:\/\/infoecos.com.ar\/index.php\/el-oceba-desarrollo-un-aplicativo-web-para-tramitar-la-tarifa-social-electrica\/#primaryimage\",\"url\":\"\",\"contentUrl\":\"\"},{\"@type\":\"BreadcrumbList\",\"@id\":\"https:\/\/infoecos.com.ar\/index.php\/el-oceba-desarrollo-un-aplicativo-web-para-tramitar-la-tarifa-social-electrica\/#breadcrumb\",\"itemListElement\":[{\"@type\":\"ListItem\",\"position\":1,\"name\":\"Portada\",\"item\":\"https:\/\/infoecos.com.ar\/\"},{\"@type\":\"ListItem\",\"position\":2,\"name\":\"El OCEBA desarroll\u00f3 un aplicativo web para tramitar la tarifa social el\u00e9ctrica\"}]},{\"@type\":\"WebSite\",\"@id\":\"https:\/\/infoecos.com.ar\/#website\",\"url\":\"https:\/\/infoecos.com.ar\/\",\"name\":\"Infoecos\",\"description\":\"Noticias de trenque lauquen y la zona\",\"publisher\":{\"@id\":\"https:\/\/infoecos.com.ar\/#organization\"},\"alternateName\":\"Noticias\",\"potentialAction\":[{\"@type\":\"SearchAction\",\"target\":{\"@type\":\"EntryPoint\",\"urlTemplate\":\"https:\/\/infoecos.com.ar\/?s={search_term_string}\"},\"query-input\":{\"@type\":\"PropertyValueSpecification\",\"valueRequired\":true,\"valueName\":\"search_term_string\"}}],\"inLanguage\":\"es\"},{\"@type\":\"Organization\",\"@id\":\"https:\/\/infoecos.com.ar\/#organization\",\"name\":\"Infoecos\",\"alternateName\":\"Noticias\",\"url\":\"https:\/\/infoecos.com.ar\/\",\"logo\":{\"@type\":\"ImageObject\",\"inLanguage\":\"es\",\"@id\":\"https:\/\/infoecos.com.ar\/#\/schema\/logo\/image\/\",\"url\":\"https:\/\/infoecos.com.ar\/wp-content\/uploads\/2024\/03\/cropped-logo.png\",\"contentUrl\":\"https:\/\/infoecos.com.ar\/wp-content\/uploads\/2024\/03\/cropped-logo.png\",\"width\":374,\"height\":90,\"caption\":\"Infoecos\"},\"image\":{\"@id\":\"https:\/\/infoecos.com.ar\/#\/schema\/logo\/image\/\"},\"sameAs\":[\"https:\/\/www.facebook.com\/profile.php?id=100063200290284\",\"https:\/\/x.com\/infoecos\"]},{\"@type\":\"Person\",\"@id\":\"https:\/\/infoecos.com.ar\/#\/schema\/person\/8f5ace5ce73b4b4aac4b7245aee6f191\",\"name\":\"Jorge Matheus\",\"url\":\"https:\/\/infoecos.com.ar\/index.php\/author\/jomatheus\/\"}]}<\/script>\n<!-- \/ Yoast SEO plugin. -->","yoast_head_json":{"title":"El OCEBA desarroll\u00f3 un aplicativo web para tramitar la tarifa social el\u00e9ctrica - Infoecos","robots":{"index":"index","follow":"follow","max-snippet":"max-snippet:-1","max-image-preview":"max-image-preview:large","max-video-preview":"max-video-preview:-1"},"canonical":"https:\/\/infoecos.com.ar\/index.php\/el-oceba-desarrollo-un-aplicativo-web-para-tramitar-la-tarifa-social-electrica\/","og_locale":"es_ES","og_type":"article","og_title":"El OCEBA desarroll\u00f3 un aplicativo web para tramitar la tarifa social el\u00e9ctrica - Infoecos","og_description":"Desde el Oceba recordaron la continuidad de los reg\u00edmenes y mecanismos de instrumentaci\u00f3n de la tarifa social vigentes desde el 31 de diciembre pasado","og_url":"https:\/\/infoecos.com.ar\/index.php\/el-oceba-desarrollo-un-aplicativo-web-para-tramitar-la-tarifa-social-electrica\/","og_site_name":"Infoecos","article_publisher":"https:\/\/www.facebook.com\/profile.php?id=100063200290284","article_published_time":"2022-06-28T06:11:56+00:00","article_modified_time":"2022-07-02T15:58:12+00:00","og_image":[{"width":642,"height":361,"url":"https:\/\/infoecos.com.ar\/wp-content\/uploads\/0007772338.jpg","type":"image\/jpeg"}],"author":"Jorge Matheus","twitter_card":"summary_large_image","twitter_creator":"@infoecos","twitter_site":"@infoecos","twitter_misc":{"Escrito por":"Jorge Matheus","Tiempo de lectura":"2 minutos"},"schema":{"@context":"https:\/\/schema.org","@graph":[{"@type":"Article","@id":"https:\/\/infoecos.com.ar\/index.php\/el-oceba-desarrollo-un-aplicativo-web-para-tramitar-la-tarifa-social-electrica\/#article","isPartOf":{"@id":"https:\/\/infoecos.com.ar\/index.php\/el-oceba-desarrollo-un-aplicativo-web-para-tramitar-la-tarifa-social-electrica\/"},"author":{"name":"Jorge Matheus","@id":"https:\/\/infoecos.com.ar\/#\/schema\/person\/8f5ace5ce73b4b4aac4b7245aee6f191"},"headline":"El OCEBA desarroll\u00f3 un aplicativo web para tramitar la tarifa social el\u00e9ctrica","datePublished":"2022-06-28T06:11:56+00:00","dateModified":"2022-07-02T15:58:12+00:00","mainEntityOfPage":{"@id":"https:\/\/infoecos.com.ar\/index.php\/el-oceba-desarrollo-un-aplicativo-web-para-tramitar-la-tarifa-social-electrica\/"},"wordCount":393,"publisher":{"@id":"https:\/\/infoecos.com.ar\/#organization"},"image":{"@id":"https:\/\/infoecos.com.ar\/index.php\/el-oceba-desarrollo-un-aplicativo-web-para-tramitar-la-tarifa-social-electrica\/#primaryimage"},"thumbnailUrl":"","keywords":["SERVICIOS P\u00daBLICOS"],"articleSection":["Bloque inferior - 3"],"inLanguage":"es"},{"@type":"WebPage","@id":"https:\/\/infoecos.com.ar\/index.php\/el-oceba-desarrollo-un-aplicativo-web-para-tramitar-la-tarifa-social-electrica\/","url":"https:\/\/infoecos.com.ar\/index.php\/el-oceba-desarrollo-un-aplicativo-web-para-tramitar-la-tarifa-social-electrica\/","name":"El OCEBA desarroll\u00f3 un aplicativo web para tramitar la tarifa social el\u00e9ctrica - Infoecos","isPartOf":{"@id":"https:\/\/infoecos.com.ar\/#website"},"primaryImageOfPage":{"@id":"https:\/\/infoecos.com.ar\/index.php\/el-oceba-desarrollo-un-aplicativo-web-para-tramitar-la-tarifa-social-electrica\/#primaryimage"},"image":{"@id":"https:\/\/infoecos.com.ar\/index.php\/el-oceba-desarrollo-un-aplicativo-web-para-tramitar-la-tarifa-social-electrica\/#primaryimage"},"thumbnailUrl":"","datePublished":"2022-06-28T06:11:56+00:00","dateModified":"2022-07-02T15:58:12+00:00","breadcrumb":{"@id":"https:\/\/infoecos.com.ar\/index.php\/el-oceba-desarrollo-un-aplicativo-web-para-tramitar-la-tarifa-social-electrica\/#breadcrumb"},"inLanguage":"es","potentialAction":[{"@type":"ReadAction","target":["https:\/\/infoecos.com.ar\/index.php\/el-oceba-desarrollo-un-aplicativo-web-para-tramitar-la-tarifa-social-electrica\/"]}]},{"@type":"ImageObject","inLanguage":"es","@id":"https:\/\/infoecos.com.ar\/index.php\/el-oceba-desarrollo-un-aplicativo-web-para-tramitar-la-tarifa-social-electrica\/#primaryimage","url":"","contentUrl":""},{"@type":"BreadcrumbList","@id":"https:\/\/infoecos.com.ar\/index.php\/el-oceba-desarrollo-un-aplicativo-web-para-tramitar-la-tarifa-social-electrica\/#breadcrumb","itemListElement":[{"@type":"ListItem","position":1,"name":"Portada","item":"https:\/\/infoecos.com.ar\/"},{"@type":"ListItem","position":2,"name":"El OCEBA desarroll\u00f3 un aplicativo web para tramitar la tarifa social el\u00e9ctrica"}]},{"@type":"WebSite","@id":"https:\/\/infoecos.com.ar\/#website","url":"https:\/\/infoecos.com.ar\/","name":"Infoecos","description":"Noticias de trenque lauquen y la zona","publisher":{"@id":"https:\/\/infoecos.com.ar\/#organization"},"alternateName":"Noticias","potentialAction":[{"@type":"SearchAction","target":{"@type":"EntryPoint","urlTemplate":"https:\/\/infoecos.com.ar\/?s={search_term_string}"},"query-input":{"@type":"PropertyValueSpecification","valueRequired":true,"valueName":"search_term_string"}}],"inLanguage":"es"},{"@type":"Organization","@id":"https:\/\/infoecos.com.ar\/#organization","name":"Infoecos","alternateName":"Noticias","url":"https:\/\/infoecos.com.ar\/","logo":{"@type":"ImageObject","inLanguage":"es","@id":"https:\/\/infoecos.com.ar\/#\/schema\/logo\/image\/","url":"https:\/\/infoecos.com.ar\/wp-content\/uploads\/2024\/03\/cropped-logo.png","contentUrl":"https:\/\/infoecos.com.ar\/wp-content\/uploads\/2024\/03\/cropped-logo.png","width":374,"height":90,"caption":"Infoecos"},"image":{"@id":"https:\/\/infoecos.com.ar\/#\/schema\/logo\/image\/"},"sameAs":["https:\/\/www.facebook.com\/profile.php?id=100063200290284","https:\/\/x.com\/infoecos"]},{"@type":"Person","@id":"https:\/\/infoecos.com.ar\/#\/schema\/person\/8f5ace5ce73b4b4aac4b7245aee6f191","name":"Jorge Matheus","url":"https:\/\/infoecos.com.ar\/index.php\/author\/jomatheus\/"}]}},"featured_image_urls":{"full":"","thumbnail":"","medium":"","medium_large":"","large":"","1536x1536":"","2048x2048":"","covernews-slider-full":"","covernews-slider-center":"","covernews-featured":"","covernews-medium":"","covernews-medium-square":""},"author_info":{"info":["Jorge Matheus"]},"category_info":"<a href=\"https:\/\/infoecos.com.ar\/index.php\/category\/inferior3\/\" rel=\"category tag\">Bloque inferior - 3<\/a>","tag_info":"Bloque inferior - 3","comment_count":"0","_links":{"self":[{"href":"https:\/\/infoecos.com.ar\/index.php\/wp-json\/wp\/v2\/posts\/93666"}],"collection":[{"href":"https:\/\/infoecos.com.ar\/index.php\/wp-json\/wp\/v2\/posts"}],"about":[{"href":"https:\/\/infoecos.com.ar\/index.php\/wp-json\/wp\/v2\/types\/post"}],"author":[{"embeddable":true,"href":"https:\/\/infoecos.com.ar\/index.php\/wp-json\/wp\/v2\/users\/2"}],"replies":[{"embeddable":true,"href":"https:\/\/infoecos.com.ar\/index.php\/wp-json\/wp\/v2\/comments?post=93666"}],"version-history":[{"count":3,"href":"https:\/\/infoecos.com.ar\/index.php\/wp-json\/wp\/v2\/posts\/93666\/revisions"}],"predecessor-version":[{"id":93847,"href":"https:\/\/infoecos.com.ar\/index.php\/wp-json\/wp\/v2\/posts\/93666\/revisions\/93847"}],"wp:featuredmedia":[{"embeddable":true,"href":"https:\/\/infoecos.com.ar\/index.php\/wp-json\/"}],"wp:attachment":[{"href":"https:\/\/infoecos.com.ar\/index.php\/wp-json\/wp\/v2\/media?parent=93666"}],"wp:term":[{"taxonomy":"category","embeddable":true,"href":"https:\/\/infoecos.com.ar\/index.php\/wp-json\/wp\/v2\/categories?post=93666"},{"taxonomy":"post_tag","embeddable":true,"href":"https:\/\/infoecos.com.ar\/index.php\/wp-json\/wp\/v2\/tags?post=93666"}],"curies":[{"name":"wp","href":"https:\/\/api.w.org\/{rel}","templated":true}]}}