{"id":93672,"date":"2022-06-28T03:32:17","date_gmt":"2022-06-28T06:32:17","guid":{"rendered":"http:\/\/infoecos.com.ar\/?p=93672"},"modified":"2022-07-02T12:56:09","modified_gmt":"2022-07-02T15:56:09","slug":"un-vecino-de-pasteur-embistio-a-cinco-vacunos-que-se-encontraban-sobre-el-acceso-a-la-localidad","status":"publish","type":"post","link":"https:\/\/infoecos.com.ar\/index.php\/un-vecino-de-pasteur-embistio-a-cinco-vacunos-que-se-encontraban-sobre-el-acceso-a-la-localidad\/","title":{"rendered":"Un vecino de Pasteur embisti\u00f3 a cinco vacunos que se encontraban sobre el acceso a la localidad"},"content":{"rendered":"\n<p>Un vecino de Pasteur que ingresaba a la localidad a bordo de una camioneta Toyota Hillux sufri\u00f3 un fuerte accidente al encontrarse con una gran cantidad de vacunos sobre la ruta.<\/p>\n\n\n\n<figure class=\"wp-block-image size-large\"><img loading=\"lazy\" decoding=\"async\" width=\"920\" height=\"518\" src=\"http:\/\/infoecos.com.ar\/wp-content\/uploads\/2022\/06\/062520220021352768000-920x518.jpg\" alt=\"\" class=\"wp-image-93673\" srcset=\"https:\/\/infoecos.com.ar\/wp-content\/uploads\/2022\/06\/062520220021352768000-920x518.jpg 920w, https:\/\/infoecos.com.ar\/wp-content\/uploads\/2022\/06\/062520220021352768000-460x259.jpg 460w, https:\/\/infoecos.com.ar\/wp-content\/uploads\/2022\/06\/062520220021352768000-768x432.jpg 768w, https:\/\/infoecos.com.ar\/wp-content\/uploads\/2022\/06\/062520220021352768000.jpg 1024w\" sizes=\"(max-width: 920px) 100vw, 920px\" \/><figcaption>Toyota (Foto y Noticia: lamarcadelincoln.com.ar)<\/figcaption><\/figure>\n\n\n\n<p>De acuerdo a los datos oficiales, se recibi\u00f3 en el destacamento policial de Pasteur, una denuncia sobre la presencia de de animales sueltos sobre el acceso. Al llegar, personal policial constat\u00f3 la presencia de varios vacunos. Enseguida, los efectivos fueron informados, por un nuevo llamado, que daba cuenta de un accidente en inmediaciones del portal de ingreso a la localidad. \u00abUn veh\u00edculo conducido por un hombre oriundo de Pasteur, impact\u00f3 con cinco vacunos, los cuales se hallaban sobre la cinta asf\u00e1ltica y banquina\u00bb, precisaron las fuentes oficiales.<\/p>\n","protected":false},"excerpt":{"rendered":"<p>Un vecino de Pasteur que ingresaba a la localidad a bordo de una camioneta Toyota Hillux sufri\u00f3 un fuerte accidente al encontrarse con una gran cantidad de vacunos<\/p>\n","protected":false},"author":2,"featured_media":93673,"comment_status":"closed","ping_status":"open","sticky":false,"template":"","format":"standard","meta":{"footnotes":""},"categories":[43],"tags":[6202],"class_list":["post-93672","post","type-post","status-publish","format-standard","has-post-thumbnail","hentry","category-inferior4","tag-no-solo-rutas-en-mal-estado"],"yoast_head":"<!-- This site is optimized with the Yoast SEO plugin v23.4 - https:\/\/yoast.com\/wordpress\/plugins\/seo\/ -->\n<title>Un vecino de Pasteur embisti\u00f3 a cinco vacunos que se encontraban sobre el acceso a la localidad - Infoecos<\/title>\n<meta name=\"robots\" content=\"index, follow, max-snippet:-1, max-image-preview:large, max-video-preview:-1\" \/>\n<link rel=\"canonical\" href=\"https:\/\/infoecos.com.ar\/index.php\/un-vecino-de-pasteur-embistio-a-cinco-vacunos-que-se-encontraban-sobre-el-acceso-a-la-localidad\/\" \/>\n<meta property=\"og:locale\" content=\"es_ES\" \/>\n<meta property=\"og:type\" content=\"article\" \/>\n<meta property=\"og:title\" content=\"Un vecino de Pasteur embisti\u00f3 a cinco vacunos que se encontraban sobre el acceso a la localidad - Infoecos\" \/>\n<meta property=\"og:description\" content=\"Un vecino de Pasteur que ingresaba a la localidad a bordo de una camioneta Toyota Hillux sufri\u00f3 un fuerte accidente al encontrarse con una gran cantidad de vacunos\" \/>\n<meta property=\"og:url\" content=\"https:\/\/infoecos.com.ar\/index.php\/un-vecino-de-pasteur-embistio-a-cinco-vacunos-que-se-encontraban-sobre-el-acceso-a-la-localidad\/\" \/>\n<meta property=\"og:site_name\" content=\"Infoecos\" \/>\n<meta property=\"article:publisher\" content=\"https:\/\/www.facebook.com\/profile.php?id=100063200290284\" \/>\n<meta property=\"article:published_time\" content=\"2022-06-28T06:32:17+00:00\" \/>\n<meta property=\"article:modified_time\" content=\"2022-07-02T15:56:09+00:00\" \/>\n<meta property=\"og:image\" content=\"https:\/\/infoecos.com.ar\/wp-content\/uploads\/2022\/06\/062520220021352768000.jpg\" \/>\n\t<meta property=\"og:image:width\" content=\"1024\" \/>\n\t<meta property=\"og:image:height\" content=\"576\" \/>\n\t<meta property=\"og:image:type\" content=\"image\/jpeg\" \/>\n<meta name=\"author\" content=\"Jorge Matheus\" \/>\n<meta name=\"twitter:card\" content=\"summary_large_image\" \/>\n<meta name=\"twitter:creator\" content=\"@infoecos\" \/>\n<meta name=\"twitter:site\" content=\"@infoecos\" \/>\n<meta name=\"twitter:label1\" content=\"Escrito por\" \/>\n\t<meta name=\"twitter:data1\" content=\"Jorge Matheus\" \/>\n\t<meta name=\"twitter:label2\" content=\"Tiempo de lectura\" \/>\n\t<meta name=\"twitter:data2\" content=\"1 minuto\" \/>\n<script type=\"application\/ld+json\" class=\"yoast-schema-graph\">{\"@context\":\"https:\/\/schema.org\",\"@graph\":[{\"@type\":\"Article\",\"@id\":\"https:\/\/infoecos.com.ar\/index.php\/un-vecino-de-pasteur-embistio-a-cinco-vacunos-que-se-encontraban-sobre-el-acceso-a-la-localidad\/#article\",\"isPartOf\":{\"@id\":\"https:\/\/infoecos.com.ar\/index.php\/un-vecino-de-pasteur-embistio-a-cinco-vacunos-que-se-encontraban-sobre-el-acceso-a-la-localidad\/\"},\"author\":{\"name\":\"Jorge Matheus\",\"@id\":\"https:\/\/infoecos.com.ar\/#\/schema\/person\/8f5ace5ce73b4b4aac4b7245aee6f191\"},\"headline\":\"Un vecino de Pasteur embisti\u00f3 a cinco vacunos que se encontraban sobre el acceso a la localidad\",\"datePublished\":\"2022-06-28T06:32:17+00:00\",\"dateModified\":\"2022-07-02T15:56:09+00:00\",\"mainEntityOfPage\":{\"@id\":\"https:\/\/infoecos.com.ar\/index.php\/un-vecino-de-pasteur-embistio-a-cinco-vacunos-que-se-encontraban-sobre-el-acceso-a-la-localidad\/\"},\"wordCount\":144,\"publisher\":{\"@id\":\"https:\/\/infoecos.com.ar\/#organization\"},\"image\":{\"@id\":\"https:\/\/infoecos.com.ar\/index.php\/un-vecino-de-pasteur-embistio-a-cinco-vacunos-que-se-encontraban-sobre-el-acceso-a-la-localidad\/#primaryimage\"},\"thumbnailUrl\":\"https:\/\/infoecos.com.ar\/wp-content\/uploads\/2022\/06\/062520220021352768000.jpg\",\"keywords\":[\"No solo rutas en mal estado\"],\"articleSection\":[\"Bloque inferior - 4\"],\"inLanguage\":\"es\"},{\"@type\":\"WebPage\",\"@id\":\"https:\/\/infoecos.com.ar\/index.php\/un-vecino-de-pasteur-embistio-a-cinco-vacunos-que-se-encontraban-sobre-el-acceso-a-la-localidad\/\",\"url\":\"https:\/\/infoecos.com.ar\/index.php\/un-vecino-de-pasteur-embistio-a-cinco-vacunos-que-se-encontraban-sobre-el-acceso-a-la-localidad\/\",\"name\":\"Un vecino de Pasteur embisti\u00f3 a cinco vacunos que se encontraban sobre el acceso a la localidad - Infoecos\",\"isPartOf\":{\"@id\":\"https:\/\/infoecos.com.ar\/#website\"},\"primaryImageOfPage\":{\"@id\":\"https:\/\/infoecos.com.ar\/index.php\/un-vecino-de-pasteur-embistio-a-cinco-vacunos-que-se-encontraban-sobre-el-acceso-a-la-localidad\/#primaryimage\"},\"image\":{\"@id\":\"https:\/\/infoecos.com.ar\/index.php\/un-vecino-de-pasteur-embistio-a-cinco-vacunos-que-se-encontraban-sobre-el-acceso-a-la-localidad\/#primaryimage\"},\"thumbnailUrl\":\"https:\/\/infoecos.com.ar\/wp-content\/uploads\/2022\/06\/062520220021352768000.jpg\",\"datePublished\":\"2022-06-28T06:32:17+00:00\",\"dateModified\":\"2022-07-02T15:56:09+00:00\",\"breadcrumb\":{\"@id\":\"https:\/\/infoecos.com.ar\/index.php\/un-vecino-de-pasteur-embistio-a-cinco-vacunos-que-se-encontraban-sobre-el-acceso-a-la-localidad\/#breadcrumb\"},\"inLanguage\":\"es\",\"potentialAction\":[{\"@type\":\"ReadAction\",\"target\":[\"https:\/\/infoecos.com.ar\/index.php\/un-vecino-de-pasteur-embistio-a-cinco-vacunos-que-se-encontraban-sobre-el-acceso-a-la-localidad\/\"]}]},{\"@type\":\"ImageObject\",\"inLanguage\":\"es\",\"@id\":\"https:\/\/infoecos.com.ar\/index.php\/un-vecino-de-pasteur-embistio-a-cinco-vacunos-que-se-encontraban-sobre-el-acceso-a-la-localidad\/#primaryimage\",\"url\":\"https:\/\/infoecos.com.ar\/wp-content\/uploads\/2022\/06\/062520220021352768000.jpg\",\"contentUrl\":\"https:\/\/infoecos.com.ar\/wp-content\/uploads\/2022\/06\/062520220021352768000.jpg\",\"width\":1024,\"height\":576},{\"@type\":\"BreadcrumbList\",\"@id\":\"https:\/\/infoecos.com.ar\/index.php\/un-vecino-de-pasteur-embistio-a-cinco-vacunos-que-se-encontraban-sobre-el-acceso-a-la-localidad\/#breadcrumb\",\"itemListElement\":[{\"@type\":\"ListItem\",\"position\":1,\"name\":\"Portada\",\"item\":\"https:\/\/infoecos.com.ar\/\"},{\"@type\":\"ListItem\",\"position\":2,\"name\":\"Un vecino de Pasteur embisti\u00f3 a cinco vacunos que se encontraban sobre el acceso a la localidad\"}]},{\"@type\":\"WebSite\",\"@id\":\"https:\/\/infoecos.com.ar\/#website\",\"url\":\"https:\/\/infoecos.com.ar\/\",\"name\":\"Infoecos\",\"description\":\"Noticias de trenque lauquen y la zona\",\"publisher\":{\"@id\":\"https:\/\/infoecos.com.ar\/#organization\"},\"alternateName\":\"Noticias\",\"potentialAction\":[{\"@type\":\"SearchAction\",\"target\":{\"@type\":\"EntryPoint\",\"urlTemplate\":\"https:\/\/infoecos.com.ar\/?s={search_term_string}\"},\"query-input\":{\"@type\":\"PropertyValueSpecification\",\"valueRequired\":true,\"valueName\":\"search_term_string\"}}],\"inLanguage\":\"es\"},{\"@type\":\"Organization\",\"@id\":\"https:\/\/infoecos.com.ar\/#organization\",\"name\":\"Infoecos\",\"alternateName\":\"Noticias\",\"url\":\"https:\/\/infoecos.com.ar\/\",\"logo\":{\"@type\":\"ImageObject\",\"inLanguage\":\"es\",\"@id\":\"https:\/\/infoecos.com.ar\/#\/schema\/logo\/image\/\",\"url\":\"https:\/\/infoecos.com.ar\/wp-content\/uploads\/2024\/03\/cropped-logo.png\",\"contentUrl\":\"https:\/\/infoecos.com.ar\/wp-content\/uploads\/2024\/03\/cropped-logo.png\",\"width\":374,\"height\":90,\"caption\":\"Infoecos\"},\"image\":{\"@id\":\"https:\/\/infoecos.com.ar\/#\/schema\/logo\/image\/\"},\"sameAs\":[\"https:\/\/www.facebook.com\/profile.php?id=100063200290284\",\"https:\/\/x.com\/infoecos\"]},{\"@type\":\"Person\",\"@id\":\"https:\/\/infoecos.com.ar\/#\/schema\/person\/8f5ace5ce73b4b4aac4b7245aee6f191\",\"name\":\"Jorge Matheus\",\"url\":\"https:\/\/infoecos.com.ar\/index.php\/author\/jomatheus\/\"}]}<\/script>\n<!-- \/ Yoast SEO plugin. -->","yoast_head_json":{"title":"Un vecino de Pasteur embisti\u00f3 a cinco vacunos que se encontraban sobre el acceso a la localidad - Infoecos","robots":{"index":"index","follow":"follow","max-snippet":"max-snippet:-1","max-image-preview":"max-image-preview:large","max-video-preview":"max-video-preview:-1"},"canonical":"https:\/\/infoecos.com.ar\/index.php\/un-vecino-de-pasteur-embistio-a-cinco-vacunos-que-se-encontraban-sobre-el-acceso-a-la-localidad\/","og_locale":"es_ES","og_type":"article","og_title":"Un vecino de Pasteur embisti\u00f3 a cinco vacunos que se encontraban sobre el acceso a la localidad - Infoecos","og_description":"Un vecino de Pasteur que ingresaba a la localidad a bordo de una camioneta Toyota Hillux sufri\u00f3 un fuerte accidente al encontrarse con una gran cantidad de vacunos","og_url":"https:\/\/infoecos.com.ar\/index.php\/un-vecino-de-pasteur-embistio-a-cinco-vacunos-que-se-encontraban-sobre-el-acceso-a-la-localidad\/","og_site_name":"Infoecos","article_publisher":"https:\/\/www.facebook.com\/profile.php?id=100063200290284","article_published_time":"2022-06-28T06:32:17+00:00","article_modified_time":"2022-07-02T15:56:09+00:00","og_image":[{"width":1024,"height":576,"url":"https:\/\/infoecos.com.ar\/wp-content\/uploads\/2022\/06\/062520220021352768000.jpg","type":"image\/jpeg"}],"author":"Jorge Matheus","twitter_card":"summary_large_image","twitter_creator":"@infoecos","twitter_site":"@infoecos","twitter_misc":{"Escrito por":"Jorge Matheus","Tiempo de lectura":"1 minuto"},"schema":{"@context":"https:\/\/schema.org","@graph":[{"@type":"Article","@id":"https:\/\/infoecos.com.ar\/index.php\/un-vecino-de-pasteur-embistio-a-cinco-vacunos-que-se-encontraban-sobre-el-acceso-a-la-localidad\/#article","isPartOf":{"@id":"https:\/\/infoecos.com.ar\/index.php\/un-vecino-de-pasteur-embistio-a-cinco-vacunos-que-se-encontraban-sobre-el-acceso-a-la-localidad\/"},"author":{"name":"Jorge Matheus","@id":"https:\/\/infoecos.com.ar\/#\/schema\/person\/8f5ace5ce73b4b4aac4b7245aee6f191"},"headline":"Un vecino de Pasteur embisti\u00f3 a cinco vacunos que se encontraban sobre el acceso a la localidad","datePublished":"2022-06-28T06:32:17+00:00","dateModified":"2022-07-02T15:56:09+00:00","mainEntityOfPage":{"@id":"https:\/\/infoecos.com.ar\/index.php\/un-vecino-de-pasteur-embistio-a-cinco-vacunos-que-se-encontraban-sobre-el-acceso-a-la-localidad\/"},"wordCount":144,"publisher":{"@id":"https:\/\/infoecos.com.ar\/#organization"},"image":{"@id":"https:\/\/infoecos.com.ar\/index.php\/un-vecino-de-pasteur-embistio-a-cinco-vacunos-que-se-encontraban-sobre-el-acceso-a-la-localidad\/#primaryimage"},"thumbnailUrl":"https:\/\/infoecos.com.ar\/wp-content\/uploads\/2022\/06\/062520220021352768000.jpg","keywords":["No solo rutas en mal estado"],"articleSection":["Bloque inferior - 4"],"inLanguage":"es"},{"@type":"WebPage","@id":"https:\/\/infoecos.com.ar\/index.php\/un-vecino-de-pasteur-embistio-a-cinco-vacunos-que-se-encontraban-sobre-el-acceso-a-la-localidad\/","url":"https:\/\/infoecos.com.ar\/index.php\/un-vecino-de-pasteur-embistio-a-cinco-vacunos-que-se-encontraban-sobre-el-acceso-a-la-localidad\/","name":"Un vecino de Pasteur embisti\u00f3 a cinco vacunos que se encontraban sobre el acceso a la localidad - Infoecos","isPartOf":{"@id":"https:\/\/infoecos.com.ar\/#website"},"primaryImageOfPage":{"@id":"https:\/\/infoecos.com.ar\/index.php\/un-vecino-de-pasteur-embistio-a-cinco-vacunos-que-se-encontraban-sobre-el-acceso-a-la-localidad\/#primaryimage"},"image":{"@id":"https:\/\/infoecos.com.ar\/index.php\/un-vecino-de-pasteur-embistio-a-cinco-vacunos-que-se-encontraban-sobre-el-acceso-a-la-localidad\/#primaryimage"},"thumbnailUrl":"https:\/\/infoecos.com.ar\/wp-content\/uploads\/2022\/06\/062520220021352768000.jpg","datePublished":"2022-06-28T06:32:17+00:00","dateModified":"2022-07-02T15:56:09+00:00","breadcrumb":{"@id":"https:\/\/infoecos.com.ar\/index.php\/un-vecino-de-pasteur-embistio-a-cinco-vacunos-que-se-encontraban-sobre-el-acceso-a-la-localidad\/#breadcrumb"},"inLanguage":"es","potentialAction":[{"@type":"ReadAction","target":["https:\/\/infoecos.com.ar\/index.php\/un-vecino-de-pasteur-embistio-a-cinco-vacunos-que-se-encontraban-sobre-el-acceso-a-la-localidad\/"]}]},{"@type":"ImageObject","inLanguage":"es","@id":"https:\/\/infoecos.com.ar\/index.php\/un-vecino-de-pasteur-embistio-a-cinco-vacunos-que-se-encontraban-sobre-el-acceso-a-la-localidad\/#primaryimage","url":"https:\/\/infoecos.com.ar\/wp-content\/uploads\/2022\/06\/062520220021352768000.jpg","contentUrl":"https:\/\/infoecos.com.ar\/wp-content\/uploads\/2022\/06\/062520220021352768000.jpg","width":1024,"height":576},{"@type":"BreadcrumbList","@id":"https:\/\/infoecos.com.ar\/index.php\/un-vecino-de-pasteur-embistio-a-cinco-vacunos-que-se-encontraban-sobre-el-acceso-a-la-localidad\/#breadcrumb","itemListElement":[{"@type":"ListItem","position":1,"name":"Portada","item":"https:\/\/infoecos.com.ar\/"},{"@type":"ListItem","position":2,"name":"Un vecino de Pasteur embisti\u00f3 a cinco vacunos que se encontraban sobre el acceso a la localidad"}]},{"@type":"WebSite","@id":"https:\/\/infoecos.com.ar\/#website","url":"https:\/\/infoecos.com.ar\/","name":"Infoecos","description":"Noticias de trenque lauquen y la zona","publisher":{"@id":"https:\/\/infoecos.com.ar\/#organization"},"alternateName":"Noticias","potentialAction":[{"@type":"SearchAction","target":{"@type":"EntryPoint","urlTemplate":"https:\/\/infoecos.com.ar\/?s={search_term_string}"},"query-input":{"@type":"PropertyValueSpecification","valueRequired":true,"valueName":"search_term_string"}}],"inLanguage":"es"},{"@type":"Organization","@id":"https:\/\/infoecos.com.ar\/#organization","name":"Infoecos","alternateName":"Noticias","url":"https:\/\/infoecos.com.ar\/","logo":{"@type":"ImageObject","inLanguage":"es","@id":"https:\/\/infoecos.com.ar\/#\/schema\/logo\/image\/","url":"https:\/\/infoecos.com.ar\/wp-content\/uploads\/2024\/03\/cropped-logo.png","contentUrl":"https:\/\/infoecos.com.ar\/wp-content\/uploads\/2024\/03\/cropped-logo.png","width":374,"height":90,"caption":"Infoecos"},"image":{"@id":"https:\/\/infoecos.com.ar\/#\/schema\/logo\/image\/"},"sameAs":["https:\/\/www.facebook.com\/profile.php?id=100063200290284","https:\/\/x.com\/infoecos"]},{"@type":"Person","@id":"https:\/\/infoecos.com.ar\/#\/schema\/person\/8f5ace5ce73b4b4aac4b7245aee6f191","name":"Jorge Matheus","url":"https:\/\/infoecos.com.ar\/index.php\/author\/jomatheus\/"}]}},"featured_image_urls":{"full":["https:\/\/infoecos.com.ar\/wp-content\/uploads\/2022\/06\/062520220021352768000.jpg",1024,576,false],"thumbnail":["https:\/\/infoecos.com.ar\/wp-content\/uploads\/2022\/06\/062520220021352768000-150x150.jpg",150,150,true],"medium":["https:\/\/infoecos.com.ar\/wp-content\/uploads\/2022\/06\/062520220021352768000-460x259.jpg",460,259,true],"medium_large":["https:\/\/infoecos.com.ar\/wp-content\/uploads\/2022\/06\/062520220021352768000-768x432.jpg",640,360,true],"large":["https:\/\/infoecos.com.ar\/wp-content\/uploads\/2022\/06\/062520220021352768000-920x518.jpg",640,360,true],"1536x1536":["https:\/\/infoecos.com.ar\/wp-content\/uploads\/2022\/06\/062520220021352768000.jpg",1024,576,false],"2048x2048":["https:\/\/infoecos.com.ar\/wp-content\/uploads\/2022\/06\/062520220021352768000.jpg",1024,576,false],"covernews-slider-full":["https:\/\/infoecos.com.ar\/wp-content\/uploads\/2022\/06\/062520220021352768000.jpg",1024,576,false],"covernews-slider-center":["https:\/\/infoecos.com.ar\/wp-content\/uploads\/2022\/06\/062520220021352768000-936x576.jpg",800,492,true],"covernews-featured":["https:\/\/infoecos.com.ar\/wp-content\/uploads\/2022\/06\/062520220021352768000.jpg",1024,576,false],"covernews-medium":["https:\/\/infoecos.com.ar\/wp-content\/uploads\/2022\/06\/062520220021352768000-720x380.jpg",540,285,true],"covernews-medium-square":["https:\/\/infoecos.com.ar\/wp-content\/uploads\/2022\/06\/062520220021352768000-675x450.jpg",375,250,true]},"author_info":{"info":["Jorge Matheus"]},"category_info":"<a href=\"https:\/\/infoecos.com.ar\/index.php\/category\/inferior4\/\" rel=\"category tag\">Bloque inferior - 4<\/a>","tag_info":"Bloque inferior - 4","comment_count":"0","_links":{"self":[{"href":"https:\/\/infoecos.com.ar\/index.php\/wp-json\/wp\/v2\/posts\/93672"}],"collection":[{"href":"https:\/\/infoecos.com.ar\/index.php\/wp-json\/wp\/v2\/posts"}],"about":[{"href":"https:\/\/infoecos.com.ar\/index.php\/wp-json\/wp\/v2\/types\/post"}],"author":[{"embeddable":true,"href":"https:\/\/infoecos.com.ar\/index.php\/wp-json\/wp\/v2\/users\/2"}],"replies":[{"embeddable":true,"href":"https:\/\/infoecos.com.ar\/index.php\/wp-json\/wp\/v2\/comments?post=93672"}],"version-history":[{"count":1,"href":"https:\/\/infoecos.com.ar\/index.php\/wp-json\/wp\/v2\/posts\/93672\/revisions"}],"predecessor-version":[{"id":93674,"href":"https:\/\/infoecos.com.ar\/index.php\/wp-json\/wp\/v2\/posts\/93672\/revisions\/93674"}],"wp:featuredmedia":[{"embeddable":true,"href":"https:\/\/infoecos.com.ar\/index.php\/wp-json\/wp\/v2\/media\/93673"}],"wp:attachment":[{"href":"https:\/\/infoecos.com.ar\/index.php\/wp-json\/wp\/v2\/media?parent=93672"}],"wp:term":[{"taxonomy":"category","embeddable":true,"href":"https:\/\/infoecos.com.ar\/index.php\/wp-json\/wp\/v2\/categories?post=93672"},{"taxonomy":"post_tag","embeddable":true,"href":"https:\/\/infoecos.com.ar\/index.php\/wp-json\/wp\/v2\/tags?post=93672"}],"curies":[{"name":"wp","href":"https:\/\/api.w.org\/{rel}","templated":true}]}}