{"id":93787,"date":"2022-07-02T03:13:58","date_gmt":"2022-07-02T06:13:58","guid":{"rendered":"http:\/\/infoecos.com.ar\/?p=93787"},"modified":"2022-07-02T03:14:05","modified_gmt":"2022-07-02T06:14:05","slug":"sergio-massa-es-momento-de-aportar-soluciones","status":"publish","type":"post","link":"https:\/\/infoecos.com.ar\/index.php\/sergio-massa-es-momento-de-aportar-soluciones\/","title":{"rendered":"Sergio Massa: \u00abEs momento de aportar soluciones\u201d"},"content":{"rendered":"\n<p>El presidente de la C\u00e1mara de Diputados, Sergio Massa, particip\u00f3 junto al titular de ENACOM, Claudio Ambrosini, el ministro bonaerense de Infraestructura y Servicios P\u00fablicas, Leo Nardini, la secretaria de Abordaje Integral de la Naci\u00f3n, Micaela Ferraro; y la intendenta Noelia Correa, de la firma de un convenio entre esa entidad y Malvinas Argentinas para extender la red de conectividad a m\u00e1s de 17 mil vecinos. \u00abLos que gobernamos tenemos que poner el cuerpo, buscar soluciones y resolver problemas en un mundo que, para la Argentina, presenta dificultades, pero tambi\u00e9n oportunidades\u00bb, remarc\u00f3 Massa.<\/p>\n\n\n\n<figure class=\"wp-block-image aligncenter size-large is-resized\"><img loading=\"lazy\" decoding=\"async\" src=\"http:\/\/infoecos.com.ar\/wp-content\/uploads\/2022\/07\/massamalvinas-920x614.jpg\" alt=\"\" class=\"wp-image-93788\" width=\"567\" height=\"378\" srcset=\"https:\/\/infoecos.com.ar\/wp-content\/uploads\/2022\/07\/massamalvinas-920x614.jpg 920w, https:\/\/infoecos.com.ar\/wp-content\/uploads\/2022\/07\/massamalvinas-460x307.jpg 460w, https:\/\/infoecos.com.ar\/wp-content\/uploads\/2022\/07\/massamalvinas-768x512.jpg 768w, https:\/\/infoecos.com.ar\/wp-content\/uploads\/2022\/07\/massamalvinas-1024x683.jpg 1024w, https:\/\/infoecos.com.ar\/wp-content\/uploads\/2022\/07\/massamalvinas-675x450.jpg 675w, https:\/\/infoecos.com.ar\/wp-content\/uploads\/2022\/07\/massamalvinas.jpg 1280w\" sizes=\"(max-width: 567px) 100vw, 567px\" \/><\/figure>\n\n\n\n<p>Como parte del Programa de Conectividad para Barrios Populares, que impulsa el Ente Nacional de Comunicaciones (ENACOM), se firm\u00f3 un convenio entre esa entidad y el municipio de Malvinas Argentinas, con el fin de extender la red para beneficiar a m\u00e1s de 17mil vecinos y vecinas de Grand Bourg y Pablo Nogu\u00e9s.<\/p>\n\n\n\n<p>El acto fue encabezado por Sergio Massa, presidente de la C\u00e1mara baja; Claudio Ambrosini, titular de ENACOM; el ministro Leo Nardini; la secretaria de Abordaje Integral Micaela Ferraro, y la intendenta interina Noelia Correa.<\/p>\n\n\n\n<figure class=\"wp-block-image aligncenter size-large is-resized\"><img loading=\"lazy\" decoding=\"async\" src=\"http:\/\/infoecos.com.ar\/wp-content\/uploads\/2022\/07\/massamalvinas2-920x614.jpg\" alt=\"\" class=\"wp-image-93789\" width=\"579\" height=\"386\" srcset=\"https:\/\/infoecos.com.ar\/wp-content\/uploads\/2022\/07\/massamalvinas2-920x614.jpg 920w, https:\/\/infoecos.com.ar\/wp-content\/uploads\/2022\/07\/massamalvinas2-460x307.jpg 460w, https:\/\/infoecos.com.ar\/wp-content\/uploads\/2022\/07\/massamalvinas2-768x512.jpg 768w, https:\/\/infoecos.com.ar\/wp-content\/uploads\/2022\/07\/massamalvinas2-1024x683.jpg 1024w, https:\/\/infoecos.com.ar\/wp-content\/uploads\/2022\/07\/massamalvinas2-675x450.jpg 675w, https:\/\/infoecos.com.ar\/wp-content\/uploads\/2022\/07\/massamalvinas2.jpg 1280w\" sizes=\"(max-width: 579px) 100vw, 579px\" \/><\/figure>\n\n\n\n<p>Al respecto, Massa destac\u00f3 que \u201ca la idea que nos rige a quienes hoy gobernamos, de que donde hay una necesidad, hay un derecho, yo agregar\u00eda que donde hay problemas tiene que haber soluciones. Y tenemos que venir los que gobernamos a poner el cuerpo y a buscar soluciones\u201d.<\/p>\n\n\n\n<p>Y agreg\u00f3: \u201cEn un momento complicado del mundo, y de la Argentina, nuestra tarea es la de venir al encuentro de la gente, aportar soluciones. Es la responsabilidad que tenemos a la hora de gobernar: no complicarles la vida, sino resolver problemas en un mundo que, para la Argentina, presenta dificultades, pero tambi\u00e9n oportunidades\u201d.<\/p>\n\n\n\n<figure class=\"wp-block-image aligncenter size-large is-resized\"><img loading=\"lazy\" decoding=\"async\" src=\"http:\/\/infoecos.com.ar\/wp-content\/uploads\/2022\/07\/massamalvinasarg-920x614.jpg\" alt=\"\" class=\"wp-image-93790\" width=\"569\" height=\"379\" srcset=\"https:\/\/infoecos.com.ar\/wp-content\/uploads\/2022\/07\/massamalvinasarg-920x614.jpg 920w, https:\/\/infoecos.com.ar\/wp-content\/uploads\/2022\/07\/massamalvinasarg-460x307.jpg 460w, https:\/\/infoecos.com.ar\/wp-content\/uploads\/2022\/07\/massamalvinasarg-768x512.jpg 768w, https:\/\/infoecos.com.ar\/wp-content\/uploads\/2022\/07\/massamalvinasarg-1024x683.jpg 1024w, https:\/\/infoecos.com.ar\/wp-content\/uploads\/2022\/07\/massamalvinasarg-675x450.jpg 675w, https:\/\/infoecos.com.ar\/wp-content\/uploads\/2022\/07\/massamalvinasarg.jpg 1280w\" sizes=\"(max-width: 569px) 100vw, 569px\" \/><\/figure>\n\n\n\n<p>\u201cNo tenemos dudas de que podemos ser un gran pa\u00eds. Pero ese pa\u00eds se construye no sobre la base de ver qui\u00e9n tiene raz\u00f3n, sino de ponernos de acuerdo entre todos en esos temas en los que la Argentina puede ser una gran jugador mundial\u201d, finaliz\u00f3 el l\u00edder del Frente Renovador.<\/p>\n\n\n\n<p>Durante el evento, se entregaron adem\u00e1s 2500 tablets a j\u00f3venes y jubilados, dentro del Programa Conectando con Vos.<\/p>\n\n\n\n<p>Estuvieron tambi\u00e9n presentes: los diputados nacionales Sergio Palazzo y Carlos Selva; el diputado provincial Rub\u00e9n Eslaiman; los senadores provinciales Sof\u00eda Vanelli, y Luis Vivona; funcionarios y referentes del municipio, entre otros.<\/p>\n","protected":false},"excerpt":{"rendered":"<p>Como parte del Programa de Conectividad para Barrios Populares, que impulsa el Ente Nacional de Comunicaciones (ENACOM), se firm\u00f3 un convenio entre esa entidad y el municipio de Malvinas Argentinas, con el fin de extender la red para beneficiar a m\u00e1s de 17mil vecinos y vecinas de Grand Bourg y Pablo Nogu\u00e9s<\/p>\n","protected":false},"author":2,"featured_media":93788,"comment_status":"closed","ping_status":"open","sticky":false,"template":"","format":"standard","meta":{"footnotes":""},"categories":[198],"tags":[6214],"class_list":["post-93787","post","type-post","status-publish","format-standard","has-post-thumbnail","hentry","category-c1nota5","tag-conectividad-para-mas-de-17-mil-vecinos"],"yoast_head":"<!-- This site is optimized with the Yoast SEO plugin v23.4 - https:\/\/yoast.com\/wordpress\/plugins\/seo\/ -->\n<title>Sergio Massa: &quot;Es momento de aportar soluciones\u201d - Infoecos<\/title>\n<meta name=\"robots\" content=\"index, follow, max-snippet:-1, max-image-preview:large, max-video-preview:-1\" \/>\n<link rel=\"canonical\" href=\"https:\/\/infoecos.com.ar\/index.php\/sergio-massa-es-momento-de-aportar-soluciones\/\" \/>\n<meta property=\"og:locale\" content=\"es_ES\" \/>\n<meta property=\"og:type\" content=\"article\" \/>\n<meta property=\"og:title\" content=\"Sergio Massa: &quot;Es momento de aportar soluciones\u201d - Infoecos\" \/>\n<meta property=\"og:description\" content=\"Como parte del Programa de Conectividad para Barrios Populares, que impulsa el Ente Nacional de Comunicaciones (ENACOM), se firm\u00f3 un convenio entre esa entidad y el municipio de Malvinas Argentinas, con el fin de extender la red para beneficiar a m\u00e1s de 17mil vecinos y vecinas de Grand Bourg y Pablo Nogu\u00e9s\" \/>\n<meta property=\"og:url\" content=\"https:\/\/infoecos.com.ar\/index.php\/sergio-massa-es-momento-de-aportar-soluciones\/\" \/>\n<meta property=\"og:site_name\" content=\"Infoecos\" \/>\n<meta property=\"article:publisher\" content=\"https:\/\/www.facebook.com\/profile.php?id=100063200290284\" \/>\n<meta property=\"article:published_time\" content=\"2022-07-02T06:13:58+00:00\" \/>\n<meta property=\"article:modified_time\" content=\"2022-07-02T06:14:05+00:00\" \/>\n<meta property=\"og:image\" content=\"https:\/\/infoecos.com.ar\/wp-content\/uploads\/2022\/07\/massamalvinas.jpg\" \/>\n\t<meta property=\"og:image:width\" content=\"1280\" \/>\n\t<meta property=\"og:image:height\" content=\"854\" \/>\n\t<meta property=\"og:image:type\" content=\"image\/jpeg\" \/>\n<meta name=\"author\" content=\"Jorge Matheus\" \/>\n<meta name=\"twitter:card\" content=\"summary_large_image\" \/>\n<meta name=\"twitter:creator\" content=\"@infoecos\" \/>\n<meta name=\"twitter:site\" content=\"@infoecos\" \/>\n<meta name=\"twitter:label1\" content=\"Escrito por\" \/>\n\t<meta name=\"twitter:data1\" content=\"Jorge Matheus\" \/>\n\t<meta name=\"twitter:label2\" content=\"Tiempo de lectura\" \/>\n\t<meta name=\"twitter:data2\" content=\"2 minutos\" \/>\n<script type=\"application\/ld+json\" class=\"yoast-schema-graph\">{\"@context\":\"https:\/\/schema.org\",\"@graph\":[{\"@type\":\"Article\",\"@id\":\"https:\/\/infoecos.com.ar\/index.php\/sergio-massa-es-momento-de-aportar-soluciones\/#article\",\"isPartOf\":{\"@id\":\"https:\/\/infoecos.com.ar\/index.php\/sergio-massa-es-momento-de-aportar-soluciones\/\"},\"author\":{\"name\":\"Jorge Matheus\",\"@id\":\"https:\/\/infoecos.com.ar\/#\/schema\/person\/8f5ace5ce73b4b4aac4b7245aee6f191\"},\"headline\":\"Sergio Massa: \u00abEs momento de aportar soluciones\u201d\",\"datePublished\":\"2022-07-02T06:13:58+00:00\",\"dateModified\":\"2022-07-02T06:14:05+00:00\",\"mainEntityOfPage\":{\"@id\":\"https:\/\/infoecos.com.ar\/index.php\/sergio-massa-es-momento-de-aportar-soluciones\/\"},\"wordCount\":407,\"publisher\":{\"@id\":\"https:\/\/infoecos.com.ar\/#organization\"},\"image\":{\"@id\":\"https:\/\/infoecos.com.ar\/index.php\/sergio-massa-es-momento-de-aportar-soluciones\/#primaryimage\"},\"thumbnailUrl\":\"https:\/\/infoecos.com.ar\/wp-content\/uploads\/2022\/07\/massamalvinas.jpg\",\"keywords\":[\"CONECTIVIDAD PARA M\u00c1S DE 17 MIL VECINOS\"],\"articleSection\":[\"C1 nota 5\"],\"inLanguage\":\"es\"},{\"@type\":\"WebPage\",\"@id\":\"https:\/\/infoecos.com.ar\/index.php\/sergio-massa-es-momento-de-aportar-soluciones\/\",\"url\":\"https:\/\/infoecos.com.ar\/index.php\/sergio-massa-es-momento-de-aportar-soluciones\/\",\"name\":\"Sergio Massa: \\\"Es momento de aportar soluciones\u201d - Infoecos\",\"isPartOf\":{\"@id\":\"https:\/\/infoecos.com.ar\/#website\"},\"primaryImageOfPage\":{\"@id\":\"https:\/\/infoecos.com.ar\/index.php\/sergio-massa-es-momento-de-aportar-soluciones\/#primaryimage\"},\"image\":{\"@id\":\"https:\/\/infoecos.com.ar\/index.php\/sergio-massa-es-momento-de-aportar-soluciones\/#primaryimage\"},\"thumbnailUrl\":\"https:\/\/infoecos.com.ar\/wp-content\/uploads\/2022\/07\/massamalvinas.jpg\",\"datePublished\":\"2022-07-02T06:13:58+00:00\",\"dateModified\":\"2022-07-02T06:14:05+00:00\",\"breadcrumb\":{\"@id\":\"https:\/\/infoecos.com.ar\/index.php\/sergio-massa-es-momento-de-aportar-soluciones\/#breadcrumb\"},\"inLanguage\":\"es\",\"potentialAction\":[{\"@type\":\"ReadAction\",\"target\":[\"https:\/\/infoecos.com.ar\/index.php\/sergio-massa-es-momento-de-aportar-soluciones\/\"]}]},{\"@type\":\"ImageObject\",\"inLanguage\":\"es\",\"@id\":\"https:\/\/infoecos.com.ar\/index.php\/sergio-massa-es-momento-de-aportar-soluciones\/#primaryimage\",\"url\":\"https:\/\/infoecos.com.ar\/wp-content\/uploads\/2022\/07\/massamalvinas.jpg\",\"contentUrl\":\"https:\/\/infoecos.com.ar\/wp-content\/uploads\/2022\/07\/massamalvinas.jpg\",\"width\":1280,\"height\":854},{\"@type\":\"BreadcrumbList\",\"@id\":\"https:\/\/infoecos.com.ar\/index.php\/sergio-massa-es-momento-de-aportar-soluciones\/#breadcrumb\",\"itemListElement\":[{\"@type\":\"ListItem\",\"position\":1,\"name\":\"Portada\",\"item\":\"https:\/\/infoecos.com.ar\/\"},{\"@type\":\"ListItem\",\"position\":2,\"name\":\"Sergio Massa: \u00abEs momento de aportar soluciones\u201d\"}]},{\"@type\":\"WebSite\",\"@id\":\"https:\/\/infoecos.com.ar\/#website\",\"url\":\"https:\/\/infoecos.com.ar\/\",\"name\":\"Infoecos\",\"description\":\"Noticias de trenque lauquen y la zona\",\"publisher\":{\"@id\":\"https:\/\/infoecos.com.ar\/#organization\"},\"alternateName\":\"Noticias\",\"potentialAction\":[{\"@type\":\"SearchAction\",\"target\":{\"@type\":\"EntryPoint\",\"urlTemplate\":\"https:\/\/infoecos.com.ar\/?s={search_term_string}\"},\"query-input\":{\"@type\":\"PropertyValueSpecification\",\"valueRequired\":true,\"valueName\":\"search_term_string\"}}],\"inLanguage\":\"es\"},{\"@type\":\"Organization\",\"@id\":\"https:\/\/infoecos.com.ar\/#organization\",\"name\":\"Infoecos\",\"alternateName\":\"Noticias\",\"url\":\"https:\/\/infoecos.com.ar\/\",\"logo\":{\"@type\":\"ImageObject\",\"inLanguage\":\"es\",\"@id\":\"https:\/\/infoecos.com.ar\/#\/schema\/logo\/image\/\",\"url\":\"https:\/\/infoecos.com.ar\/wp-content\/uploads\/2024\/03\/cropped-logo.png\",\"contentUrl\":\"https:\/\/infoecos.com.ar\/wp-content\/uploads\/2024\/03\/cropped-logo.png\",\"width\":374,\"height\":90,\"caption\":\"Infoecos\"},\"image\":{\"@id\":\"https:\/\/infoecos.com.ar\/#\/schema\/logo\/image\/\"},\"sameAs\":[\"https:\/\/www.facebook.com\/profile.php?id=100063200290284\",\"https:\/\/x.com\/infoecos\"]},{\"@type\":\"Person\",\"@id\":\"https:\/\/infoecos.com.ar\/#\/schema\/person\/8f5ace5ce73b4b4aac4b7245aee6f191\",\"name\":\"Jorge Matheus\",\"url\":\"https:\/\/infoecos.com.ar\/index.php\/author\/jomatheus\/\"}]}<\/script>\n<!-- \/ Yoast SEO plugin. -->","yoast_head_json":{"title":"Sergio Massa: \"Es momento de aportar soluciones\u201d - Infoecos","robots":{"index":"index","follow":"follow","max-snippet":"max-snippet:-1","max-image-preview":"max-image-preview:large","max-video-preview":"max-video-preview:-1"},"canonical":"https:\/\/infoecos.com.ar\/index.php\/sergio-massa-es-momento-de-aportar-soluciones\/","og_locale":"es_ES","og_type":"article","og_title":"Sergio Massa: \"Es momento de aportar soluciones\u201d - Infoecos","og_description":"Como parte del Programa de Conectividad para Barrios Populares, que impulsa el Ente Nacional de Comunicaciones (ENACOM), se firm\u00f3 un convenio entre esa entidad y el municipio de Malvinas Argentinas, con el fin de extender la red para beneficiar a m\u00e1s de 17mil vecinos y vecinas de Grand Bourg y Pablo Nogu\u00e9s","og_url":"https:\/\/infoecos.com.ar\/index.php\/sergio-massa-es-momento-de-aportar-soluciones\/","og_site_name":"Infoecos","article_publisher":"https:\/\/www.facebook.com\/profile.php?id=100063200290284","article_published_time":"2022-07-02T06:13:58+00:00","article_modified_time":"2022-07-02T06:14:05+00:00","og_image":[{"width":1280,"height":854,"url":"https:\/\/infoecos.com.ar\/wp-content\/uploads\/2022\/07\/massamalvinas.jpg","type":"image\/jpeg"}],"author":"Jorge Matheus","twitter_card":"summary_large_image","twitter_creator":"@infoecos","twitter_site":"@infoecos","twitter_misc":{"Escrito por":"Jorge Matheus","Tiempo de lectura":"2 minutos"},"schema":{"@context":"https:\/\/schema.org","@graph":[{"@type":"Article","@id":"https:\/\/infoecos.com.ar\/index.php\/sergio-massa-es-momento-de-aportar-soluciones\/#article","isPartOf":{"@id":"https:\/\/infoecos.com.ar\/index.php\/sergio-massa-es-momento-de-aportar-soluciones\/"},"author":{"name":"Jorge Matheus","@id":"https:\/\/infoecos.com.ar\/#\/schema\/person\/8f5ace5ce73b4b4aac4b7245aee6f191"},"headline":"Sergio Massa: \u00abEs momento de aportar soluciones\u201d","datePublished":"2022-07-02T06:13:58+00:00","dateModified":"2022-07-02T06:14:05+00:00","mainEntityOfPage":{"@id":"https:\/\/infoecos.com.ar\/index.php\/sergio-massa-es-momento-de-aportar-soluciones\/"},"wordCount":407,"publisher":{"@id":"https:\/\/infoecos.com.ar\/#organization"},"image":{"@id":"https:\/\/infoecos.com.ar\/index.php\/sergio-massa-es-momento-de-aportar-soluciones\/#primaryimage"},"thumbnailUrl":"https:\/\/infoecos.com.ar\/wp-content\/uploads\/2022\/07\/massamalvinas.jpg","keywords":["CONECTIVIDAD PARA M\u00c1S DE 17 MIL VECINOS"],"articleSection":["C1 nota 5"],"inLanguage":"es"},{"@type":"WebPage","@id":"https:\/\/infoecos.com.ar\/index.php\/sergio-massa-es-momento-de-aportar-soluciones\/","url":"https:\/\/infoecos.com.ar\/index.php\/sergio-massa-es-momento-de-aportar-soluciones\/","name":"Sergio Massa: \"Es momento de aportar soluciones\u201d - Infoecos","isPartOf":{"@id":"https:\/\/infoecos.com.ar\/#website"},"primaryImageOfPage":{"@id":"https:\/\/infoecos.com.ar\/index.php\/sergio-massa-es-momento-de-aportar-soluciones\/#primaryimage"},"image":{"@id":"https:\/\/infoecos.com.ar\/index.php\/sergio-massa-es-momento-de-aportar-soluciones\/#primaryimage"},"thumbnailUrl":"https:\/\/infoecos.com.ar\/wp-content\/uploads\/2022\/07\/massamalvinas.jpg","datePublished":"2022-07-02T06:13:58+00:00","dateModified":"2022-07-02T06:14:05+00:00","breadcrumb":{"@id":"https:\/\/infoecos.com.ar\/index.php\/sergio-massa-es-momento-de-aportar-soluciones\/#breadcrumb"},"inLanguage":"es","potentialAction":[{"@type":"ReadAction","target":["https:\/\/infoecos.com.ar\/index.php\/sergio-massa-es-momento-de-aportar-soluciones\/"]}]},{"@type":"ImageObject","inLanguage":"es","@id":"https:\/\/infoecos.com.ar\/index.php\/sergio-massa-es-momento-de-aportar-soluciones\/#primaryimage","url":"https:\/\/infoecos.com.ar\/wp-content\/uploads\/2022\/07\/massamalvinas.jpg","contentUrl":"https:\/\/infoecos.com.ar\/wp-content\/uploads\/2022\/07\/massamalvinas.jpg","width":1280,"height":854},{"@type":"BreadcrumbList","@id":"https:\/\/infoecos.com.ar\/index.php\/sergio-massa-es-momento-de-aportar-soluciones\/#breadcrumb","itemListElement":[{"@type":"ListItem","position":1,"name":"Portada","item":"https:\/\/infoecos.com.ar\/"},{"@type":"ListItem","position":2,"name":"Sergio Massa: \u00abEs momento de aportar soluciones\u201d"}]},{"@type":"WebSite","@id":"https:\/\/infoecos.com.ar\/#website","url":"https:\/\/infoecos.com.ar\/","name":"Infoecos","description":"Noticias de trenque lauquen y la zona","publisher":{"@id":"https:\/\/infoecos.com.ar\/#organization"},"alternateName":"Noticias","potentialAction":[{"@type":"SearchAction","target":{"@type":"EntryPoint","urlTemplate":"https:\/\/infoecos.com.ar\/?s={search_term_string}"},"query-input":{"@type":"PropertyValueSpecification","valueRequired":true,"valueName":"search_term_string"}}],"inLanguage":"es"},{"@type":"Organization","@id":"https:\/\/infoecos.com.ar\/#organization","name":"Infoecos","alternateName":"Noticias","url":"https:\/\/infoecos.com.ar\/","logo":{"@type":"ImageObject","inLanguage":"es","@id":"https:\/\/infoecos.com.ar\/#\/schema\/logo\/image\/","url":"https:\/\/infoecos.com.ar\/wp-content\/uploads\/2024\/03\/cropped-logo.png","contentUrl":"https:\/\/infoecos.com.ar\/wp-content\/uploads\/2024\/03\/cropped-logo.png","width":374,"height":90,"caption":"Infoecos"},"image":{"@id":"https:\/\/infoecos.com.ar\/#\/schema\/logo\/image\/"},"sameAs":["https:\/\/www.facebook.com\/profile.php?id=100063200290284","https:\/\/x.com\/infoecos"]},{"@type":"Person","@id":"https:\/\/infoecos.com.ar\/#\/schema\/person\/8f5ace5ce73b4b4aac4b7245aee6f191","name":"Jorge Matheus","url":"https:\/\/infoecos.com.ar\/index.php\/author\/jomatheus\/"}]}},"featured_image_urls":{"full":["https:\/\/infoecos.com.ar\/wp-content\/uploads\/2022\/07\/massamalvinas.jpg",1280,854,false],"thumbnail":["https:\/\/infoecos.com.ar\/wp-content\/uploads\/2022\/07\/massamalvinas-150x150.jpg",150,150,true],"medium":["https:\/\/infoecos.com.ar\/wp-content\/uploads\/2022\/07\/massamalvinas-460x307.jpg",460,307,true],"medium_large":["https:\/\/infoecos.com.ar\/wp-content\/uploads\/2022\/07\/massamalvinas-768x512.jpg",640,427,true],"large":["https:\/\/infoecos.com.ar\/wp-content\/uploads\/2022\/07\/massamalvinas-920x614.jpg",640,427,true],"1536x1536":["https:\/\/infoecos.com.ar\/wp-content\/uploads\/2022\/07\/massamalvinas.jpg",1280,854,false],"2048x2048":["https:\/\/infoecos.com.ar\/wp-content\/uploads\/2022\/07\/massamalvinas.jpg",1280,854,false],"covernews-slider-full":["https:\/\/infoecos.com.ar\/wp-content\/uploads\/2022\/07\/massamalvinas.jpg",1072,715,false],"covernews-slider-center":["https:\/\/infoecos.com.ar\/wp-content\/uploads\/2022\/07\/massamalvinas-936x854.jpg",548,500,true],"covernews-featured":["https:\/\/infoecos.com.ar\/wp-content\/uploads\/2022\/07\/massamalvinas-1024x683.jpg",1024,683,true],"covernews-medium":["https:\/\/infoecos.com.ar\/wp-content\/uploads\/2022\/07\/massamalvinas-720x380.jpg",540,285,true],"covernews-medium-square":["https:\/\/infoecos.com.ar\/wp-content\/uploads\/2022\/07\/massamalvinas-675x450.jpg",375,250,true]},"author_info":{"info":["Jorge Matheus"]},"category_info":"<a href=\"https:\/\/infoecos.com.ar\/index.php\/category\/c1nota5\/\" rel=\"category tag\">C1 nota 5<\/a>","tag_info":"C1 nota 5","comment_count":"0","_links":{"self":[{"href":"https:\/\/infoecos.com.ar\/index.php\/wp-json\/wp\/v2\/posts\/93787"}],"collection":[{"href":"https:\/\/infoecos.com.ar\/index.php\/wp-json\/wp\/v2\/posts"}],"about":[{"href":"https:\/\/infoecos.com.ar\/index.php\/wp-json\/wp\/v2\/types\/post"}],"author":[{"embeddable":true,"href":"https:\/\/infoecos.com.ar\/index.php\/wp-json\/wp\/v2\/users\/2"}],"replies":[{"embeddable":true,"href":"https:\/\/infoecos.com.ar\/index.php\/wp-json\/wp\/v2\/comments?post=93787"}],"version-history":[{"count":1,"href":"https:\/\/infoecos.com.ar\/index.php\/wp-json\/wp\/v2\/posts\/93787\/revisions"}],"predecessor-version":[{"id":93791,"href":"https:\/\/infoecos.com.ar\/index.php\/wp-json\/wp\/v2\/posts\/93787\/revisions\/93791"}],"wp:featuredmedia":[{"embeddable":true,"href":"https:\/\/infoecos.com.ar\/index.php\/wp-json\/wp\/v2\/media\/93788"}],"wp:attachment":[{"href":"https:\/\/infoecos.com.ar\/index.php\/wp-json\/wp\/v2\/media?parent=93787"}],"wp:term":[{"taxonomy":"category","embeddable":true,"href":"https:\/\/infoecos.com.ar\/index.php\/wp-json\/wp\/v2\/categories?post=93787"},{"taxonomy":"post_tag","embeddable":true,"href":"https:\/\/infoecos.com.ar\/index.php\/wp-json\/wp\/v2\/tags?post=93787"}],"curies":[{"name":"wp","href":"https:\/\/api.w.org\/{rel}","templated":true}]}}