{"id":93808,"date":"2022-07-02T04:21:12","date_gmt":"2022-07-02T07:21:12","guid":{"rendered":"http:\/\/infoecos.com.ar\/?p=93808"},"modified":"2022-07-06T02:57:10","modified_gmt":"2022-07-06T05:57:10","slug":"comenzo-el-calendario-de-pagos-de-las-pensiones-no-contributivas","status":"publish","type":"post","link":"https:\/\/infoecos.com.ar\/index.php\/comenzo-el-calendario-de-pagos-de-las-pensiones-no-contributivas\/","title":{"rendered":"Calendario de pagos de las pensiones no contributivas"},"content":{"rendered":"\n<p><strong>ANSES <\/strong>comenz\u00f3 el calendario de pagos de las&nbsp;Pensiones No Contributivas (PNC).<\/p>\n\n\n\n<figure class=\"wp-block-image aligncenter size-full\"><img loading=\"lazy\" decoding=\"async\" width=\"444\" height=\"444\" src=\"http:\/\/infoecos.com.ar\/wp-content\/uploads\/2022\/07\/unnamed.jpg\" alt=\"\" class=\"wp-image-93809\" srcset=\"https:\/\/infoecos.com.ar\/wp-content\/uploads\/2022\/07\/unnamed.jpg 444w, https:\/\/infoecos.com.ar\/wp-content\/uploads\/2022\/07\/unnamed-150x150.jpg 150w\" sizes=\"(max-width: 444px) 100vw, 444px\" \/><\/figure>\n\n\n\n<p>Se record\u00f3 que quienes desean cobrar presencialmente esta prestaci\u00f3n deben hacerlo \u00fanicamente en la fecha asignada. Asimismo, los haberes permanecer\u00e1n depositados en las cuentas.<\/p>\n","protected":false},"excerpt":{"rendered":"<p>Se record\u00f3 que quienes desean cobrar presencialmente esta prestaci\u00f3n deben hacerlo \u00fanicamente en la fecha asignada<\/p>\n","protected":false},"author":2,"featured_media":91222,"comment_status":"closed","ping_status":"open","sticky":false,"template":"","format":"standard","meta":{"footnotes":""},"categories":[199],"tags":[1080],"class_list":["post-93808","post","type-post","status-publish","format-standard","has-post-thumbnail","hentry","category-inferior7","tag-anses"],"yoast_head":"<!-- This site is optimized with the Yoast SEO plugin v23.4 - https:\/\/yoast.com\/wordpress\/plugins\/seo\/ -->\n<title>Calendario de pagos de las pensiones no contributivas - Infoecos<\/title>\n<meta name=\"robots\" content=\"index, follow, max-snippet:-1, max-image-preview:large, max-video-preview:-1\" \/>\n<link rel=\"canonical\" href=\"https:\/\/infoecos.com.ar\/index.php\/comenzo-el-calendario-de-pagos-de-las-pensiones-no-contributivas\/\" \/>\n<meta property=\"og:locale\" content=\"es_ES\" \/>\n<meta property=\"og:type\" content=\"article\" \/>\n<meta property=\"og:title\" content=\"Calendario de pagos de las pensiones no contributivas - Infoecos\" \/>\n<meta property=\"og:description\" content=\"Se record\u00f3 que quienes desean cobrar presencialmente esta prestaci\u00f3n deben hacerlo \u00fanicamente en la fecha asignada\" \/>\n<meta property=\"og:url\" content=\"https:\/\/infoecos.com.ar\/index.php\/comenzo-el-calendario-de-pagos-de-las-pensiones-no-contributivas\/\" \/>\n<meta property=\"og:site_name\" content=\"Infoecos\" \/>\n<meta property=\"article:publisher\" content=\"https:\/\/www.facebook.com\/profile.php?id=100063200290284\" \/>\n<meta property=\"article:published_time\" content=\"2022-07-02T07:21:12+00:00\" \/>\n<meta property=\"article:modified_time\" content=\"2022-07-06T05:57:10+00:00\" \/>\n<meta property=\"og:image\" content=\"https:\/\/infoecos.com.ar\/wp-content\/uploads\/2022\/04\/anses.jpg\" \/>\n\t<meta property=\"og:image:width\" content=\"607\" \/>\n\t<meta property=\"og:image:height\" content=\"405\" \/>\n\t<meta property=\"og:image:type\" content=\"image\/jpeg\" \/>\n<meta name=\"author\" content=\"Jorge Matheus\" \/>\n<meta name=\"twitter:card\" content=\"summary_large_image\" \/>\n<meta name=\"twitter:creator\" content=\"@infoecos\" \/>\n<meta name=\"twitter:site\" content=\"@infoecos\" \/>\n<meta name=\"twitter:label1\" content=\"Escrito por\" \/>\n\t<meta name=\"twitter:data1\" content=\"Jorge Matheus\" \/>\n<script type=\"application\/ld+json\" class=\"yoast-schema-graph\">{\"@context\":\"https:\/\/schema.org\",\"@graph\":[{\"@type\":\"Article\",\"@id\":\"https:\/\/infoecos.com.ar\/index.php\/comenzo-el-calendario-de-pagos-de-las-pensiones-no-contributivas\/#article\",\"isPartOf\":{\"@id\":\"https:\/\/infoecos.com.ar\/index.php\/comenzo-el-calendario-de-pagos-de-las-pensiones-no-contributivas\/\"},\"author\":{\"name\":\"Jorge Matheus\",\"@id\":\"https:\/\/infoecos.com.ar\/#\/schema\/person\/8f5ace5ce73b4b4aac4b7245aee6f191\"},\"headline\":\"Calendario de pagos de las pensiones no contributivas\",\"datePublished\":\"2022-07-02T07:21:12+00:00\",\"dateModified\":\"2022-07-06T05:57:10+00:00\",\"mainEntityOfPage\":{\"@id\":\"https:\/\/infoecos.com.ar\/index.php\/comenzo-el-calendario-de-pagos-de-las-pensiones-no-contributivas\/\"},\"wordCount\":47,\"publisher\":{\"@id\":\"https:\/\/infoecos.com.ar\/#organization\"},\"image\":{\"@id\":\"https:\/\/infoecos.com.ar\/index.php\/comenzo-el-calendario-de-pagos-de-las-pensiones-no-contributivas\/#primaryimage\"},\"thumbnailUrl\":\"https:\/\/infoecos.com.ar\/wp-content\/uploads\/2022\/04\/anses.jpg\",\"keywords\":[\"ANSES\"],\"articleSection\":[\"Bloque inferior - 7\"],\"inLanguage\":\"es\"},{\"@type\":\"WebPage\",\"@id\":\"https:\/\/infoecos.com.ar\/index.php\/comenzo-el-calendario-de-pagos-de-las-pensiones-no-contributivas\/\",\"url\":\"https:\/\/infoecos.com.ar\/index.php\/comenzo-el-calendario-de-pagos-de-las-pensiones-no-contributivas\/\",\"name\":\"Calendario de pagos de las pensiones no contributivas - Infoecos\",\"isPartOf\":{\"@id\":\"https:\/\/infoecos.com.ar\/#website\"},\"primaryImageOfPage\":{\"@id\":\"https:\/\/infoecos.com.ar\/index.php\/comenzo-el-calendario-de-pagos-de-las-pensiones-no-contributivas\/#primaryimage\"},\"image\":{\"@id\":\"https:\/\/infoecos.com.ar\/index.php\/comenzo-el-calendario-de-pagos-de-las-pensiones-no-contributivas\/#primaryimage\"},\"thumbnailUrl\":\"https:\/\/infoecos.com.ar\/wp-content\/uploads\/2022\/04\/anses.jpg\",\"datePublished\":\"2022-07-02T07:21:12+00:00\",\"dateModified\":\"2022-07-06T05:57:10+00:00\",\"breadcrumb\":{\"@id\":\"https:\/\/infoecos.com.ar\/index.php\/comenzo-el-calendario-de-pagos-de-las-pensiones-no-contributivas\/#breadcrumb\"},\"inLanguage\":\"es\",\"potentialAction\":[{\"@type\":\"ReadAction\",\"target\":[\"https:\/\/infoecos.com.ar\/index.php\/comenzo-el-calendario-de-pagos-de-las-pensiones-no-contributivas\/\"]}]},{\"@type\":\"ImageObject\",\"inLanguage\":\"es\",\"@id\":\"https:\/\/infoecos.com.ar\/index.php\/comenzo-el-calendario-de-pagos-de-las-pensiones-no-contributivas\/#primaryimage\",\"url\":\"https:\/\/infoecos.com.ar\/wp-content\/uploads\/2022\/04\/anses.jpg\",\"contentUrl\":\"https:\/\/infoecos.com.ar\/wp-content\/uploads\/2022\/04\/anses.jpg\",\"width\":607,\"height\":405},{\"@type\":\"BreadcrumbList\",\"@id\":\"https:\/\/infoecos.com.ar\/index.php\/comenzo-el-calendario-de-pagos-de-las-pensiones-no-contributivas\/#breadcrumb\",\"itemListElement\":[{\"@type\":\"ListItem\",\"position\":1,\"name\":\"Portada\",\"item\":\"https:\/\/infoecos.com.ar\/\"},{\"@type\":\"ListItem\",\"position\":2,\"name\":\"Calendario de pagos de las pensiones no contributivas\"}]},{\"@type\":\"WebSite\",\"@id\":\"https:\/\/infoecos.com.ar\/#website\",\"url\":\"https:\/\/infoecos.com.ar\/\",\"name\":\"Infoecos\",\"description\":\"Noticias de trenque lauquen y la zona\",\"publisher\":{\"@id\":\"https:\/\/infoecos.com.ar\/#organization\"},\"alternateName\":\"Noticias\",\"potentialAction\":[{\"@type\":\"SearchAction\",\"target\":{\"@type\":\"EntryPoint\",\"urlTemplate\":\"https:\/\/infoecos.com.ar\/?s={search_term_string}\"},\"query-input\":{\"@type\":\"PropertyValueSpecification\",\"valueRequired\":true,\"valueName\":\"search_term_string\"}}],\"inLanguage\":\"es\"},{\"@type\":\"Organization\",\"@id\":\"https:\/\/infoecos.com.ar\/#organization\",\"name\":\"Infoecos\",\"alternateName\":\"Noticias\",\"url\":\"https:\/\/infoecos.com.ar\/\",\"logo\":{\"@type\":\"ImageObject\",\"inLanguage\":\"es\",\"@id\":\"https:\/\/infoecos.com.ar\/#\/schema\/logo\/image\/\",\"url\":\"https:\/\/infoecos.com.ar\/wp-content\/uploads\/2024\/03\/cropped-logo.png\",\"contentUrl\":\"https:\/\/infoecos.com.ar\/wp-content\/uploads\/2024\/03\/cropped-logo.png\",\"width\":374,\"height\":90,\"caption\":\"Infoecos\"},\"image\":{\"@id\":\"https:\/\/infoecos.com.ar\/#\/schema\/logo\/image\/\"},\"sameAs\":[\"https:\/\/www.facebook.com\/profile.php?id=100063200290284\",\"https:\/\/x.com\/infoecos\"]},{\"@type\":\"Person\",\"@id\":\"https:\/\/infoecos.com.ar\/#\/schema\/person\/8f5ace5ce73b4b4aac4b7245aee6f191\",\"name\":\"Jorge Matheus\",\"url\":\"https:\/\/infoecos.com.ar\/index.php\/author\/jomatheus\/\"}]}<\/script>\n<!-- \/ Yoast SEO plugin. -->","yoast_head_json":{"title":"Calendario de pagos de las pensiones no contributivas - Infoecos","robots":{"index":"index","follow":"follow","max-snippet":"max-snippet:-1","max-image-preview":"max-image-preview:large","max-video-preview":"max-video-preview:-1"},"canonical":"https:\/\/infoecos.com.ar\/index.php\/comenzo-el-calendario-de-pagos-de-las-pensiones-no-contributivas\/","og_locale":"es_ES","og_type":"article","og_title":"Calendario de pagos de las pensiones no contributivas - Infoecos","og_description":"Se record\u00f3 que quienes desean cobrar presencialmente esta prestaci\u00f3n deben hacerlo \u00fanicamente en la fecha asignada","og_url":"https:\/\/infoecos.com.ar\/index.php\/comenzo-el-calendario-de-pagos-de-las-pensiones-no-contributivas\/","og_site_name":"Infoecos","article_publisher":"https:\/\/www.facebook.com\/profile.php?id=100063200290284","article_published_time":"2022-07-02T07:21:12+00:00","article_modified_time":"2022-07-06T05:57:10+00:00","og_image":[{"width":607,"height":405,"url":"https:\/\/infoecos.com.ar\/wp-content\/uploads\/2022\/04\/anses.jpg","type":"image\/jpeg"}],"author":"Jorge Matheus","twitter_card":"summary_large_image","twitter_creator":"@infoecos","twitter_site":"@infoecos","twitter_misc":{"Escrito por":"Jorge Matheus"},"schema":{"@context":"https:\/\/schema.org","@graph":[{"@type":"Article","@id":"https:\/\/infoecos.com.ar\/index.php\/comenzo-el-calendario-de-pagos-de-las-pensiones-no-contributivas\/#article","isPartOf":{"@id":"https:\/\/infoecos.com.ar\/index.php\/comenzo-el-calendario-de-pagos-de-las-pensiones-no-contributivas\/"},"author":{"name":"Jorge Matheus","@id":"https:\/\/infoecos.com.ar\/#\/schema\/person\/8f5ace5ce73b4b4aac4b7245aee6f191"},"headline":"Calendario de pagos de las pensiones no contributivas","datePublished":"2022-07-02T07:21:12+00:00","dateModified":"2022-07-06T05:57:10+00:00","mainEntityOfPage":{"@id":"https:\/\/infoecos.com.ar\/index.php\/comenzo-el-calendario-de-pagos-de-las-pensiones-no-contributivas\/"},"wordCount":47,"publisher":{"@id":"https:\/\/infoecos.com.ar\/#organization"},"image":{"@id":"https:\/\/infoecos.com.ar\/index.php\/comenzo-el-calendario-de-pagos-de-las-pensiones-no-contributivas\/#primaryimage"},"thumbnailUrl":"https:\/\/infoecos.com.ar\/wp-content\/uploads\/2022\/04\/anses.jpg","keywords":["ANSES"],"articleSection":["Bloque inferior - 7"],"inLanguage":"es"},{"@type":"WebPage","@id":"https:\/\/infoecos.com.ar\/index.php\/comenzo-el-calendario-de-pagos-de-las-pensiones-no-contributivas\/","url":"https:\/\/infoecos.com.ar\/index.php\/comenzo-el-calendario-de-pagos-de-las-pensiones-no-contributivas\/","name":"Calendario de pagos de las pensiones no contributivas - Infoecos","isPartOf":{"@id":"https:\/\/infoecos.com.ar\/#website"},"primaryImageOfPage":{"@id":"https:\/\/infoecos.com.ar\/index.php\/comenzo-el-calendario-de-pagos-de-las-pensiones-no-contributivas\/#primaryimage"},"image":{"@id":"https:\/\/infoecos.com.ar\/index.php\/comenzo-el-calendario-de-pagos-de-las-pensiones-no-contributivas\/#primaryimage"},"thumbnailUrl":"https:\/\/infoecos.com.ar\/wp-content\/uploads\/2022\/04\/anses.jpg","datePublished":"2022-07-02T07:21:12+00:00","dateModified":"2022-07-06T05:57:10+00:00","breadcrumb":{"@id":"https:\/\/infoecos.com.ar\/index.php\/comenzo-el-calendario-de-pagos-de-las-pensiones-no-contributivas\/#breadcrumb"},"inLanguage":"es","potentialAction":[{"@type":"ReadAction","target":["https:\/\/infoecos.com.ar\/index.php\/comenzo-el-calendario-de-pagos-de-las-pensiones-no-contributivas\/"]}]},{"@type":"ImageObject","inLanguage":"es","@id":"https:\/\/infoecos.com.ar\/index.php\/comenzo-el-calendario-de-pagos-de-las-pensiones-no-contributivas\/#primaryimage","url":"https:\/\/infoecos.com.ar\/wp-content\/uploads\/2022\/04\/anses.jpg","contentUrl":"https:\/\/infoecos.com.ar\/wp-content\/uploads\/2022\/04\/anses.jpg","width":607,"height":405},{"@type":"BreadcrumbList","@id":"https:\/\/infoecos.com.ar\/index.php\/comenzo-el-calendario-de-pagos-de-las-pensiones-no-contributivas\/#breadcrumb","itemListElement":[{"@type":"ListItem","position":1,"name":"Portada","item":"https:\/\/infoecos.com.ar\/"},{"@type":"ListItem","position":2,"name":"Calendario de pagos de las pensiones no contributivas"}]},{"@type":"WebSite","@id":"https:\/\/infoecos.com.ar\/#website","url":"https:\/\/infoecos.com.ar\/","name":"Infoecos","description":"Noticias de trenque lauquen y la zona","publisher":{"@id":"https:\/\/infoecos.com.ar\/#organization"},"alternateName":"Noticias","potentialAction":[{"@type":"SearchAction","target":{"@type":"EntryPoint","urlTemplate":"https:\/\/infoecos.com.ar\/?s={search_term_string}"},"query-input":{"@type":"PropertyValueSpecification","valueRequired":true,"valueName":"search_term_string"}}],"inLanguage":"es"},{"@type":"Organization","@id":"https:\/\/infoecos.com.ar\/#organization","name":"Infoecos","alternateName":"Noticias","url":"https:\/\/infoecos.com.ar\/","logo":{"@type":"ImageObject","inLanguage":"es","@id":"https:\/\/infoecos.com.ar\/#\/schema\/logo\/image\/","url":"https:\/\/infoecos.com.ar\/wp-content\/uploads\/2024\/03\/cropped-logo.png","contentUrl":"https:\/\/infoecos.com.ar\/wp-content\/uploads\/2024\/03\/cropped-logo.png","width":374,"height":90,"caption":"Infoecos"},"image":{"@id":"https:\/\/infoecos.com.ar\/#\/schema\/logo\/image\/"},"sameAs":["https:\/\/www.facebook.com\/profile.php?id=100063200290284","https:\/\/x.com\/infoecos"]},{"@type":"Person","@id":"https:\/\/infoecos.com.ar\/#\/schema\/person\/8f5ace5ce73b4b4aac4b7245aee6f191","name":"Jorge Matheus","url":"https:\/\/infoecos.com.ar\/index.php\/author\/jomatheus\/"}]}},"featured_image_urls":{"full":["https:\/\/infoecos.com.ar\/wp-content\/uploads\/2022\/04\/anses.jpg",607,405,false],"thumbnail":["https:\/\/infoecos.com.ar\/wp-content\/uploads\/2022\/04\/anses-150x150.jpg",150,150,true],"medium":["https:\/\/infoecos.com.ar\/wp-content\/uploads\/2022\/04\/anses-460x307.jpg",460,307,true],"medium_large":["https:\/\/infoecos.com.ar\/wp-content\/uploads\/2022\/04\/anses.jpg",607,405,false],"large":["https:\/\/infoecos.com.ar\/wp-content\/uploads\/2022\/04\/anses.jpg",607,405,false],"1536x1536":["https:\/\/infoecos.com.ar\/wp-content\/uploads\/2022\/04\/anses.jpg",607,405,false],"2048x2048":["https:\/\/infoecos.com.ar\/wp-content\/uploads\/2022\/04\/anses.jpg",607,405,false],"covernews-slider-full":["https:\/\/infoecos.com.ar\/wp-content\/uploads\/2022\/04\/anses.jpg",607,405,false],"covernews-slider-center":["https:\/\/infoecos.com.ar\/wp-content\/uploads\/2022\/04\/anses.jpg",607,405,false],"covernews-featured":["https:\/\/infoecos.com.ar\/wp-content\/uploads\/2022\/04\/anses.jpg",607,405,false],"covernews-medium":["https:\/\/infoecos.com.ar\/wp-content\/uploads\/2022\/04\/anses-607x380.jpg",540,338,true],"covernews-medium-square":["https:\/\/infoecos.com.ar\/wp-content\/uploads\/2022\/04\/anses.jpg",375,250,false]},"author_info":{"info":["Jorge Matheus"]},"category_info":"<a href=\"https:\/\/infoecos.com.ar\/index.php\/category\/inferior7\/\" rel=\"category tag\">Bloque inferior - 7<\/a>","tag_info":"Bloque inferior - 7","comment_count":"0","_links":{"self":[{"href":"https:\/\/infoecos.com.ar\/index.php\/wp-json\/wp\/v2\/posts\/93808"}],"collection":[{"href":"https:\/\/infoecos.com.ar\/index.php\/wp-json\/wp\/v2\/posts"}],"about":[{"href":"https:\/\/infoecos.com.ar\/index.php\/wp-json\/wp\/v2\/types\/post"}],"author":[{"embeddable":true,"href":"https:\/\/infoecos.com.ar\/index.php\/wp-json\/wp\/v2\/users\/2"}],"replies":[{"embeddable":true,"href":"https:\/\/infoecos.com.ar\/index.php\/wp-json\/wp\/v2\/comments?post=93808"}],"version-history":[{"count":2,"href":"https:\/\/infoecos.com.ar\/index.php\/wp-json\/wp\/v2\/posts\/93808\/revisions"}],"predecessor-version":[{"id":93979,"href":"https:\/\/infoecos.com.ar\/index.php\/wp-json\/wp\/v2\/posts\/93808\/revisions\/93979"}],"wp:featuredmedia":[{"embeddable":true,"href":"https:\/\/infoecos.com.ar\/index.php\/wp-json\/wp\/v2\/media\/91222"}],"wp:attachment":[{"href":"https:\/\/infoecos.com.ar\/index.php\/wp-json\/wp\/v2\/media?parent=93808"}],"wp:term":[{"taxonomy":"category","embeddable":true,"href":"https:\/\/infoecos.com.ar\/index.php\/wp-json\/wp\/v2\/categories?post=93808"},{"taxonomy":"post_tag","embeddable":true,"href":"https:\/\/infoecos.com.ar\/index.php\/wp-json\/wp\/v2\/tags?post=93808"}],"curies":[{"name":"wp","href":"https:\/\/api.w.org\/{rel}","templated":true}]}}