{"id":93811,"date":"2022-07-02T04:30:00","date_gmt":"2022-07-02T07:30:00","guid":{"rendered":"http:\/\/infoecos.com.ar\/?p=93811"},"modified":"2022-07-02T04:30:37","modified_gmt":"2022-07-02T07:30:37","slug":"lincoln-vuelve-a-celebrar-su-fiesta-mas-tradicional-el-aniversario-de-la-creacion","status":"publish","type":"post","link":"https:\/\/infoecos.com.ar\/index.php\/lincoln-vuelve-a-celebrar-su-fiesta-mas-tradicional-el-aniversario-de-la-creacion\/","title":{"rendered":"Lincoln vuelve a celebrar su fiesta m\u00e1s tradicional: el aniversario de la creaci\u00f3n"},"content":{"rendered":"\n<p>El distrito de Lincoln se prepara para conmemorar los\u00a0157 a\u00f1os\u00a0desde su creaci\u00f3n. Los principales festejos se concentrar\u00e1n el fin de semana del 23 y 24 de julio con la presentaci\u00f3n de\u00a0artistas locales y nacionales, aunque habr\u00e1 distintas actividades a lo largo de todo el\u00a0\u201cmes aniversario\u201d.\u00a0<\/p>\n\n\n\n<figure class=\"wp-block-image aligncenter size-full\"><img loading=\"lazy\" decoding=\"async\" width=\"600\" height=\"400\" src=\"http:\/\/infoecos.com.ar\/wp-content\/uploads\/Lincoln-Buenos-Aires.jpg\" alt=\"\" class=\"wp-image-62917\" srcset=\"https:\/\/infoecos.com.ar\/wp-content\/uploads\/Lincoln-Buenos-Aires.jpg 600w, https:\/\/infoecos.com.ar\/wp-content\/uploads\/Lincoln-Buenos-Aires-460x307.jpg 460w\" sizes=\"(max-width: 600px) 100vw, 600px\" \/><\/figure>\n\n\n\n<p>El acto protocolar se llevar\u00e1 a cabo el\u00a0martes 19 de julio\u00a0-habr\u00e1 feriado administrativo para dependencias municipales-; mientras que los festejos centrales tendr\u00e1n lugar en plaza Rivadavia durante el s\u00e1bado 23 y el domingo 24 con exposiciones de emprendedores, patio de comidas, feria de artesanos y\u00a0manualistas, m\u00fasica en vivo con artistas locales y nacionales, y la vuelta del desfile c\u00edvico institucional a lo largo de la Avenida Massey.\u00a0<\/p>\n\n\n\n<p>En lo que respecta a los shows musicales, el&nbsp;<strong>s\u00e1bado 23<\/strong>&nbsp;se presentar\u00e1n&nbsp;<strong>\u201cLos&nbsp;Palmae\u201d<\/strong>, grupo exponente de la cumbia santafesina que est\u00e1 conformado por los hijos de Los Palmeras. Adem\u00e1s, actuar\u00e1n&nbsp;los artistas locales: \u201cViejos conocidos\u201d, Violeta Azar, \u201cBeija&nbsp;Amizade\u201d&nbsp;y \u201cNuevo&nbsp;Stylo\u201d.<\/p>\n\n\n\n<p>En tanto, el\u00a0domingo 24, tras la realizaci\u00f3n del\u00a0desfile c\u00edvico institucional, la Banda Municipal, la Orquesta Escuela y el Coro Municipal, respectivamente, har\u00e1n un show especial que ser\u00e1 la antesala de las presentaciones del tenor l\u00edrico internacional\u00a0Dar\u00edo Volont\u00e9; el linque\u00f1o\u00a0Patricio Mai, quien deslumbr\u00f3 en\u00a0<em>La Voz Argentina 2021<\/em>; y un gran cierre con\u00a0Nahuel\u00a0Pennisi.\u00a0<\/p>\n\n\n\n<p>Entre las diversas propuestas, se destacan actividades de astroturismo en el Aero Club local, espect\u00e1culos musicales y de teatro, muestras hist\u00f3ricas y fotogr\u00e1ficas, visitas guiadas a f\u00e1bricas locales, eventos deportivos (tenis, golf, v\u00f3ley, boxeo, polo y trote, etc.), un recorrido por los museos del Distrito y un encuentro \u201cpaya-trap\u201d, entre otras atracciones.&nbsp;&nbsp;<\/p>\n\n\n\n<p>\u00a0\u00a0<\/p>\n","protected":false},"excerpt":{"rendered":"<p>En lo que respecta a los shows musicales, el\u00a0s\u00e1bado 23\u00a0se presentar\u00e1n\u00a0\u201cLos\u00a0Palmae\u201d, grupo exponente de la cumbia santafesina que est\u00e1 conformado por los hijos de Los Palmeras. Cierre, el 24, con Nahuel\u00a0Pennisi.\u00a0<\/p>\n","protected":false},"author":2,"featured_media":30097,"comment_status":"closed","ping_status":"open","sticky":false,"template":"","format":"standard","meta":{"footnotes":""},"categories":[45],"tags":[6218],"class_list":["post-93811","post","type-post","status-publish","format-standard","has-post-thumbnail","hentry","category-c1nota2","tag-157-anos"],"yoast_head":"<!-- This site is optimized with the Yoast SEO plugin v23.4 - https:\/\/yoast.com\/wordpress\/plugins\/seo\/ -->\n<title>Lincoln vuelve a celebrar su fiesta m\u00e1s tradicional: el aniversario de la creaci\u00f3n - Infoecos<\/title>\n<meta name=\"robots\" content=\"index, follow, max-snippet:-1, max-image-preview:large, max-video-preview:-1\" \/>\n<link rel=\"canonical\" href=\"https:\/\/infoecos.com.ar\/index.php\/lincoln-vuelve-a-celebrar-su-fiesta-mas-tradicional-el-aniversario-de-la-creacion\/\" \/>\n<meta property=\"og:locale\" content=\"es_ES\" \/>\n<meta property=\"og:type\" content=\"article\" \/>\n<meta property=\"og:title\" content=\"Lincoln vuelve a celebrar su fiesta m\u00e1s tradicional: el aniversario de la creaci\u00f3n - Infoecos\" \/>\n<meta property=\"og:description\" content=\"En lo que respecta a los shows musicales, el\u00a0s\u00e1bado 23\u00a0se presentar\u00e1n\u00a0\u201cLos\u00a0Palmae\u201d, grupo exponente de la cumbia santafesina que est\u00e1 conformado por los hijos de Los Palmeras. Cierre, el 24, con Nahuel\u00a0Pennisi.\u00a0\" \/>\n<meta property=\"og:url\" content=\"https:\/\/infoecos.com.ar\/index.php\/lincoln-vuelve-a-celebrar-su-fiesta-mas-tradicional-el-aniversario-de-la-creacion\/\" \/>\n<meta property=\"og:site_name\" content=\"Infoecos\" \/>\n<meta property=\"article:publisher\" content=\"https:\/\/www.facebook.com\/profile.php?id=100063200290284\" \/>\n<meta property=\"article:published_time\" content=\"2022-07-02T07:30:00+00:00\" \/>\n<meta property=\"article:modified_time\" content=\"2022-07-02T07:30:37+00:00\" \/>\n<meta property=\"og:image\" content=\"https:\/\/infoecos.com.ar\/wp-content\/uploads\/14883648_1816737775207174_5984627820944021092_o-e1503459137845.jpg\" \/>\n\t<meta property=\"og:image:width\" content=\"400\" \/>\n\t<meta property=\"og:image:height\" content=\"267\" \/>\n\t<meta property=\"og:image:type\" content=\"image\/jpeg\" \/>\n<meta name=\"author\" content=\"Jorge Matheus\" \/>\n<meta name=\"twitter:card\" content=\"summary_large_image\" \/>\n<meta name=\"twitter:creator\" content=\"@infoecos\" \/>\n<meta name=\"twitter:site\" content=\"@infoecos\" \/>\n<meta name=\"twitter:label1\" content=\"Escrito por\" \/>\n\t<meta name=\"twitter:data1\" content=\"Jorge Matheus\" \/>\n\t<meta name=\"twitter:label2\" content=\"Tiempo de lectura\" \/>\n\t<meta name=\"twitter:data2\" content=\"1 minuto\" \/>\n<script type=\"application\/ld+json\" class=\"yoast-schema-graph\">{\"@context\":\"https:\/\/schema.org\",\"@graph\":[{\"@type\":\"Article\",\"@id\":\"https:\/\/infoecos.com.ar\/index.php\/lincoln-vuelve-a-celebrar-su-fiesta-mas-tradicional-el-aniversario-de-la-creacion\/#article\",\"isPartOf\":{\"@id\":\"https:\/\/infoecos.com.ar\/index.php\/lincoln-vuelve-a-celebrar-su-fiesta-mas-tradicional-el-aniversario-de-la-creacion\/\"},\"author\":{\"name\":\"Jorge Matheus\",\"@id\":\"https:\/\/infoecos.com.ar\/#\/schema\/person\/8f5ace5ce73b4b4aac4b7245aee6f191\"},\"headline\":\"Lincoln vuelve a celebrar su fiesta m\u00e1s tradicional: el aniversario de la creaci\u00f3n\",\"datePublished\":\"2022-07-02T07:30:00+00:00\",\"dateModified\":\"2022-07-02T07:30:37+00:00\",\"mainEntityOfPage\":{\"@id\":\"https:\/\/infoecos.com.ar\/index.php\/lincoln-vuelve-a-celebrar-su-fiesta-mas-tradicional-el-aniversario-de-la-creacion\/\"},\"wordCount\":312,\"publisher\":{\"@id\":\"https:\/\/infoecos.com.ar\/#organization\"},\"image\":{\"@id\":\"https:\/\/infoecos.com.ar\/index.php\/lincoln-vuelve-a-celebrar-su-fiesta-mas-tradicional-el-aniversario-de-la-creacion\/#primaryimage\"},\"thumbnailUrl\":\"\",\"keywords\":[\"157 a\u00f1os\"],\"articleSection\":[\"C1 N2\"],\"inLanguage\":\"es\"},{\"@type\":\"WebPage\",\"@id\":\"https:\/\/infoecos.com.ar\/index.php\/lincoln-vuelve-a-celebrar-su-fiesta-mas-tradicional-el-aniversario-de-la-creacion\/\",\"url\":\"https:\/\/infoecos.com.ar\/index.php\/lincoln-vuelve-a-celebrar-su-fiesta-mas-tradicional-el-aniversario-de-la-creacion\/\",\"name\":\"Lincoln vuelve a celebrar su fiesta m\u00e1s tradicional: el aniversario de la creaci\u00f3n - Infoecos\",\"isPartOf\":{\"@id\":\"https:\/\/infoecos.com.ar\/#website\"},\"primaryImageOfPage\":{\"@id\":\"https:\/\/infoecos.com.ar\/index.php\/lincoln-vuelve-a-celebrar-su-fiesta-mas-tradicional-el-aniversario-de-la-creacion\/#primaryimage\"},\"image\":{\"@id\":\"https:\/\/infoecos.com.ar\/index.php\/lincoln-vuelve-a-celebrar-su-fiesta-mas-tradicional-el-aniversario-de-la-creacion\/#primaryimage\"},\"thumbnailUrl\":\"\",\"datePublished\":\"2022-07-02T07:30:00+00:00\",\"dateModified\":\"2022-07-02T07:30:37+00:00\",\"breadcrumb\":{\"@id\":\"https:\/\/infoecos.com.ar\/index.php\/lincoln-vuelve-a-celebrar-su-fiesta-mas-tradicional-el-aniversario-de-la-creacion\/#breadcrumb\"},\"inLanguage\":\"es\",\"potentialAction\":[{\"@type\":\"ReadAction\",\"target\":[\"https:\/\/infoecos.com.ar\/index.php\/lincoln-vuelve-a-celebrar-su-fiesta-mas-tradicional-el-aniversario-de-la-creacion\/\"]}]},{\"@type\":\"ImageObject\",\"inLanguage\":\"es\",\"@id\":\"https:\/\/infoecos.com.ar\/index.php\/lincoln-vuelve-a-celebrar-su-fiesta-mas-tradicional-el-aniversario-de-la-creacion\/#primaryimage\",\"url\":\"\",\"contentUrl\":\"\"},{\"@type\":\"BreadcrumbList\",\"@id\":\"https:\/\/infoecos.com.ar\/index.php\/lincoln-vuelve-a-celebrar-su-fiesta-mas-tradicional-el-aniversario-de-la-creacion\/#breadcrumb\",\"itemListElement\":[{\"@type\":\"ListItem\",\"position\":1,\"name\":\"Portada\",\"item\":\"https:\/\/infoecos.com.ar\/\"},{\"@type\":\"ListItem\",\"position\":2,\"name\":\"Lincoln vuelve a celebrar su fiesta m\u00e1s tradicional: el aniversario de la creaci\u00f3n\"}]},{\"@type\":\"WebSite\",\"@id\":\"https:\/\/infoecos.com.ar\/#website\",\"url\":\"https:\/\/infoecos.com.ar\/\",\"name\":\"Infoecos\",\"description\":\"Noticias de trenque lauquen y la zona\",\"publisher\":{\"@id\":\"https:\/\/infoecos.com.ar\/#organization\"},\"alternateName\":\"Noticias\",\"potentialAction\":[{\"@type\":\"SearchAction\",\"target\":{\"@type\":\"EntryPoint\",\"urlTemplate\":\"https:\/\/infoecos.com.ar\/?s={search_term_string}\"},\"query-input\":{\"@type\":\"PropertyValueSpecification\",\"valueRequired\":true,\"valueName\":\"search_term_string\"}}],\"inLanguage\":\"es\"},{\"@type\":\"Organization\",\"@id\":\"https:\/\/infoecos.com.ar\/#organization\",\"name\":\"Infoecos\",\"alternateName\":\"Noticias\",\"url\":\"https:\/\/infoecos.com.ar\/\",\"logo\":{\"@type\":\"ImageObject\",\"inLanguage\":\"es\",\"@id\":\"https:\/\/infoecos.com.ar\/#\/schema\/logo\/image\/\",\"url\":\"https:\/\/infoecos.com.ar\/wp-content\/uploads\/2024\/03\/cropped-logo.png\",\"contentUrl\":\"https:\/\/infoecos.com.ar\/wp-content\/uploads\/2024\/03\/cropped-logo.png\",\"width\":374,\"height\":90,\"caption\":\"Infoecos\"},\"image\":{\"@id\":\"https:\/\/infoecos.com.ar\/#\/schema\/logo\/image\/\"},\"sameAs\":[\"https:\/\/www.facebook.com\/profile.php?id=100063200290284\",\"https:\/\/x.com\/infoecos\"]},{\"@type\":\"Person\",\"@id\":\"https:\/\/infoecos.com.ar\/#\/schema\/person\/8f5ace5ce73b4b4aac4b7245aee6f191\",\"name\":\"Jorge Matheus\",\"url\":\"https:\/\/infoecos.com.ar\/index.php\/author\/jomatheus\/\"}]}<\/script>\n<!-- \/ Yoast SEO plugin. -->","yoast_head_json":{"title":"Lincoln vuelve a celebrar su fiesta m\u00e1s tradicional: el aniversario de la creaci\u00f3n - Infoecos","robots":{"index":"index","follow":"follow","max-snippet":"max-snippet:-1","max-image-preview":"max-image-preview:large","max-video-preview":"max-video-preview:-1"},"canonical":"https:\/\/infoecos.com.ar\/index.php\/lincoln-vuelve-a-celebrar-su-fiesta-mas-tradicional-el-aniversario-de-la-creacion\/","og_locale":"es_ES","og_type":"article","og_title":"Lincoln vuelve a celebrar su fiesta m\u00e1s tradicional: el aniversario de la creaci\u00f3n - Infoecos","og_description":"En lo que respecta a los shows musicales, el\u00a0s\u00e1bado 23\u00a0se presentar\u00e1n\u00a0\u201cLos\u00a0Palmae\u201d, grupo exponente de la cumbia santafesina que est\u00e1 conformado por los hijos de Los Palmeras. Cierre, el 24, con Nahuel\u00a0Pennisi.\u00a0","og_url":"https:\/\/infoecos.com.ar\/index.php\/lincoln-vuelve-a-celebrar-su-fiesta-mas-tradicional-el-aniversario-de-la-creacion\/","og_site_name":"Infoecos","article_publisher":"https:\/\/www.facebook.com\/profile.php?id=100063200290284","article_published_time":"2022-07-02T07:30:00+00:00","article_modified_time":"2022-07-02T07:30:37+00:00","og_image":[{"width":400,"height":267,"url":"https:\/\/infoecos.com.ar\/wp-content\/uploads\/14883648_1816737775207174_5984627820944021092_o-e1503459137845.jpg","type":"image\/jpeg"}],"author":"Jorge Matheus","twitter_card":"summary_large_image","twitter_creator":"@infoecos","twitter_site":"@infoecos","twitter_misc":{"Escrito por":"Jorge Matheus","Tiempo de lectura":"1 minuto"},"schema":{"@context":"https:\/\/schema.org","@graph":[{"@type":"Article","@id":"https:\/\/infoecos.com.ar\/index.php\/lincoln-vuelve-a-celebrar-su-fiesta-mas-tradicional-el-aniversario-de-la-creacion\/#article","isPartOf":{"@id":"https:\/\/infoecos.com.ar\/index.php\/lincoln-vuelve-a-celebrar-su-fiesta-mas-tradicional-el-aniversario-de-la-creacion\/"},"author":{"name":"Jorge Matheus","@id":"https:\/\/infoecos.com.ar\/#\/schema\/person\/8f5ace5ce73b4b4aac4b7245aee6f191"},"headline":"Lincoln vuelve a celebrar su fiesta m\u00e1s tradicional: el aniversario de la creaci\u00f3n","datePublished":"2022-07-02T07:30:00+00:00","dateModified":"2022-07-02T07:30:37+00:00","mainEntityOfPage":{"@id":"https:\/\/infoecos.com.ar\/index.php\/lincoln-vuelve-a-celebrar-su-fiesta-mas-tradicional-el-aniversario-de-la-creacion\/"},"wordCount":312,"publisher":{"@id":"https:\/\/infoecos.com.ar\/#organization"},"image":{"@id":"https:\/\/infoecos.com.ar\/index.php\/lincoln-vuelve-a-celebrar-su-fiesta-mas-tradicional-el-aniversario-de-la-creacion\/#primaryimage"},"thumbnailUrl":"","keywords":["157 a\u00f1os"],"articleSection":["C1 N2"],"inLanguage":"es"},{"@type":"WebPage","@id":"https:\/\/infoecos.com.ar\/index.php\/lincoln-vuelve-a-celebrar-su-fiesta-mas-tradicional-el-aniversario-de-la-creacion\/","url":"https:\/\/infoecos.com.ar\/index.php\/lincoln-vuelve-a-celebrar-su-fiesta-mas-tradicional-el-aniversario-de-la-creacion\/","name":"Lincoln vuelve a celebrar su fiesta m\u00e1s tradicional: el aniversario de la creaci\u00f3n - Infoecos","isPartOf":{"@id":"https:\/\/infoecos.com.ar\/#website"},"primaryImageOfPage":{"@id":"https:\/\/infoecos.com.ar\/index.php\/lincoln-vuelve-a-celebrar-su-fiesta-mas-tradicional-el-aniversario-de-la-creacion\/#primaryimage"},"image":{"@id":"https:\/\/infoecos.com.ar\/index.php\/lincoln-vuelve-a-celebrar-su-fiesta-mas-tradicional-el-aniversario-de-la-creacion\/#primaryimage"},"thumbnailUrl":"","datePublished":"2022-07-02T07:30:00+00:00","dateModified":"2022-07-02T07:30:37+00:00","breadcrumb":{"@id":"https:\/\/infoecos.com.ar\/index.php\/lincoln-vuelve-a-celebrar-su-fiesta-mas-tradicional-el-aniversario-de-la-creacion\/#breadcrumb"},"inLanguage":"es","potentialAction":[{"@type":"ReadAction","target":["https:\/\/infoecos.com.ar\/index.php\/lincoln-vuelve-a-celebrar-su-fiesta-mas-tradicional-el-aniversario-de-la-creacion\/"]}]},{"@type":"ImageObject","inLanguage":"es","@id":"https:\/\/infoecos.com.ar\/index.php\/lincoln-vuelve-a-celebrar-su-fiesta-mas-tradicional-el-aniversario-de-la-creacion\/#primaryimage","url":"","contentUrl":""},{"@type":"BreadcrumbList","@id":"https:\/\/infoecos.com.ar\/index.php\/lincoln-vuelve-a-celebrar-su-fiesta-mas-tradicional-el-aniversario-de-la-creacion\/#breadcrumb","itemListElement":[{"@type":"ListItem","position":1,"name":"Portada","item":"https:\/\/infoecos.com.ar\/"},{"@type":"ListItem","position":2,"name":"Lincoln vuelve a celebrar su fiesta m\u00e1s tradicional: el aniversario de la creaci\u00f3n"}]},{"@type":"WebSite","@id":"https:\/\/infoecos.com.ar\/#website","url":"https:\/\/infoecos.com.ar\/","name":"Infoecos","description":"Noticias de trenque lauquen y la zona","publisher":{"@id":"https:\/\/infoecos.com.ar\/#organization"},"alternateName":"Noticias","potentialAction":[{"@type":"SearchAction","target":{"@type":"EntryPoint","urlTemplate":"https:\/\/infoecos.com.ar\/?s={search_term_string}"},"query-input":{"@type":"PropertyValueSpecification","valueRequired":true,"valueName":"search_term_string"}}],"inLanguage":"es"},{"@type":"Organization","@id":"https:\/\/infoecos.com.ar\/#organization","name":"Infoecos","alternateName":"Noticias","url":"https:\/\/infoecos.com.ar\/","logo":{"@type":"ImageObject","inLanguage":"es","@id":"https:\/\/infoecos.com.ar\/#\/schema\/logo\/image\/","url":"https:\/\/infoecos.com.ar\/wp-content\/uploads\/2024\/03\/cropped-logo.png","contentUrl":"https:\/\/infoecos.com.ar\/wp-content\/uploads\/2024\/03\/cropped-logo.png","width":374,"height":90,"caption":"Infoecos"},"image":{"@id":"https:\/\/infoecos.com.ar\/#\/schema\/logo\/image\/"},"sameAs":["https:\/\/www.facebook.com\/profile.php?id=100063200290284","https:\/\/x.com\/infoecos"]},{"@type":"Person","@id":"https:\/\/infoecos.com.ar\/#\/schema\/person\/8f5ace5ce73b4b4aac4b7245aee6f191","name":"Jorge Matheus","url":"https:\/\/infoecos.com.ar\/index.php\/author\/jomatheus\/"}]}},"featured_image_urls":{"full":"","thumbnail":"","medium":"","medium_large":"","large":"","1536x1536":"","2048x2048":"","covernews-slider-full":"","covernews-slider-center":"","covernews-featured":"","covernews-medium":"","covernews-medium-square":""},"author_info":{"info":["Jorge Matheus"]},"category_info":"<a href=\"https:\/\/infoecos.com.ar\/index.php\/category\/c1nota2\/\" rel=\"category tag\">C1 N2<\/a>","tag_info":"C1 N2","comment_count":"0","_links":{"self":[{"href":"https:\/\/infoecos.com.ar\/index.php\/wp-json\/wp\/v2\/posts\/93811"}],"collection":[{"href":"https:\/\/infoecos.com.ar\/index.php\/wp-json\/wp\/v2\/posts"}],"about":[{"href":"https:\/\/infoecos.com.ar\/index.php\/wp-json\/wp\/v2\/types\/post"}],"author":[{"embeddable":true,"href":"https:\/\/infoecos.com.ar\/index.php\/wp-json\/wp\/v2\/users\/2"}],"replies":[{"embeddable":true,"href":"https:\/\/infoecos.com.ar\/index.php\/wp-json\/wp\/v2\/comments?post=93811"}],"version-history":[{"count":1,"href":"https:\/\/infoecos.com.ar\/index.php\/wp-json\/wp\/v2\/posts\/93811\/revisions"}],"predecessor-version":[{"id":93812,"href":"https:\/\/infoecos.com.ar\/index.php\/wp-json\/wp\/v2\/posts\/93811\/revisions\/93812"}],"wp:featuredmedia":[{"embeddable":true,"href":"https:\/\/infoecos.com.ar\/index.php\/wp-json\/"}],"wp:attachment":[{"href":"https:\/\/infoecos.com.ar\/index.php\/wp-json\/wp\/v2\/media?parent=93811"}],"wp:term":[{"taxonomy":"category","embeddable":true,"href":"https:\/\/infoecos.com.ar\/index.php\/wp-json\/wp\/v2\/categories?post=93811"},{"taxonomy":"post_tag","embeddable":true,"href":"https:\/\/infoecos.com.ar\/index.php\/wp-json\/wp\/v2\/tags?post=93811"}],"curies":[{"name":"wp","href":"https:\/\/api.w.org\/{rel}","templated":true}]}}