{"id":93816,"date":"2022-07-02T04:57:21","date_gmt":"2022-07-02T07:57:21","guid":{"rendered":"http:\/\/infoecos.com.ar\/?p=93816"},"modified":"2022-07-02T04:57:23","modified_gmt":"2022-07-02T07:57:23","slug":"radicales-de-buenos-aires-entre-ellos-fernandez-y-miranda-estuvieron-en-jujuy","status":"publish","type":"post","link":"https:\/\/infoecos.com.ar\/index.php\/radicales-de-buenos-aires-entre-ellos-fernandez-y-miranda-estuvieron-en-jujuy\/","title":{"rendered":"Radicales de Buenos Aires, entre ellos Fern\u00e1ndez y Miranda estuvieron en Jujuy"},"content":{"rendered":"\n<p>Intendentes y legisladores del radicalismo visitaron la Provincia de Jujuy entre mi\u00e9rcoles y jueves, donde fueron recibidos por el Gobernador Gerardo Morales y otras autoridades provinciales.<\/p>\n\n\n\n<figure class=\"wp-block-image aligncenter size-large is-resized\"><img loading=\"lazy\" decoding=\"async\" src=\"http:\/\/infoecos.com.ar\/wp-content\/uploads\/2022\/07\/WhatsApp-Image-2022-06-30-at-7.30.44-PM-920x518.jpeg\" alt=\"\" class=\"wp-image-93817\" width=\"453\" height=\"254\" srcset=\"https:\/\/infoecos.com.ar\/wp-content\/uploads\/2022\/07\/WhatsApp-Image-2022-06-30-at-7.30.44-PM-920x518.jpeg 920w, https:\/\/infoecos.com.ar\/wp-content\/uploads\/2022\/07\/WhatsApp-Image-2022-06-30-at-7.30.44-PM-460x259.jpeg 460w, https:\/\/infoecos.com.ar\/wp-content\/uploads\/2022\/07\/WhatsApp-Image-2022-06-30-at-7.30.44-PM-768x432.jpeg 768w, https:\/\/infoecos.com.ar\/wp-content\/uploads\/2022\/07\/WhatsApp-Image-2022-06-30-at-7.30.44-PM-1536x864.jpeg 1536w, https:\/\/infoecos.com.ar\/wp-content\/uploads\/2022\/07\/WhatsApp-Image-2022-06-30-at-7.30.44-PM-1024x576.jpeg 1024w, https:\/\/infoecos.com.ar\/wp-content\/uploads\/2022\/07\/WhatsApp-Image-2022-06-30-at-7.30.44-PM.jpeg 1600w\" sizes=\"(max-width: 453px) 100vw, 453px\" \/><\/figure>\n\n\n\n<p>Al frente de la delegaci\u00f3n estuvo Alejandra Lord\u00e9n, presidenta de la Fundaci\u00f3n Poder. Expres\u00f3 su satisfacci\u00f3n por las jornadas compartidas en el norte argentino: \u201cNos vamos muy contentos, luego de 2 d\u00edas de trabajo intenso regresamos a Buenos Aires llenos de energ\u00eda y con muy buenas ideas para aplicar en nuestros municipios\u201d. En esa delegaci\u00f3n viajaron tambi\u00e9n Miguel Fern\u00e1ndez, intendente de Trenque Lauquen y el diputado provincial, Valent\u00edn Miranda. <\/p>\n\n\n\n<p>La presentaci\u00f3n del Programa y la visita a la planta de Gesti\u00f3n de Residuos S\u00f3lidos Urbanos (GIRSU) durante el mi\u00e9rcoles a la ma\u00f1ana estuvo a cargo de su presidenta Gabriela Albornoz, y de la ministra de Medio Ambiente y Cambio Clim\u00e1tico, Mar\u00eda In\u00e9s Zigar\u00e1n.<\/p>\n\n\n\n<p>Por la tarde, visitaron CANNAVA la sociedad del estado provincial de producci\u00f3n de cannabis medicinal. <\/p>\n\n\n\n<p>El Jueves visitaron la planta solar CAUCHARI I II y III, a 4.100 mts de altura sobre el nivel del mar, donde a trav\u00e9s de la instalaci\u00f3n de 1 mill\u00f3n de paneles solares producen y distribuyen energ\u00eda el\u00e9ctrica para Jujuy y parte del pa\u00eds.<\/p>\n\n\n\n<p><strong>El 2023<\/strong><\/p>\n\n\n\n<p>Ante las consultas sobre las candidaturas que presentar\u00e1 la UCR el pr\u00f3ximo a\u00f1o, la legisladora de Saladillo explic\u00f3 c\u00f3mo se est\u00e1 preparando el partido, que sigue en franco crecimiento con la gesti\u00f3n de Maxi Abad en el Comit\u00e9 Provincial.<\/p>\n\n\n\n<p>\u201cEstoy a cargo de la Fundaci\u00f3n que est\u00e1 armando el plan de gobierno para la Provincia de Buenos Aires. M\u00e1s all\u00e1 de los nombres propios, que por supuesto los hay y son muy valiosos, lo destacable es que vamos a presentarles a los bonaerenses una hoja de ruta, concreta y moderna, para salir del pozo y abrirle las puertas al desarrollo. Ese es nuestro objetivo y estamos trabajando muy duro para lograrlo\u201d.<\/p>\n","protected":false},"excerpt":{"rendered":"<p>Entre otras actividades visitaron CANNAVA la sociedad del estado provincial de producci\u00f3n de cannabis medicinal<\/p>\n","protected":false},"author":2,"featured_media":93819,"comment_status":"closed","ping_status":"open","sticky":false,"template":"","format":"standard","meta":{"footnotes":""},"categories":[48],"tags":[6220],"class_list":["post-93816","post","type-post","status-publish","format-standard","has-post-thumbnail","hentry","category-c2nota3","tag-fundacion-poder"],"yoast_head":"<!-- This site is optimized with the Yoast SEO plugin v23.4 - https:\/\/yoast.com\/wordpress\/plugins\/seo\/ -->\n<title>Radicales de Buenos Aires, entre ellos Fern\u00e1ndez y Miranda estuvieron en Jujuy - Infoecos<\/title>\n<meta name=\"robots\" content=\"index, follow, max-snippet:-1, max-image-preview:large, max-video-preview:-1\" \/>\n<link rel=\"canonical\" href=\"https:\/\/infoecos.com.ar\/index.php\/radicales-de-buenos-aires-entre-ellos-fernandez-y-miranda-estuvieron-en-jujuy\/\" \/>\n<meta property=\"og:locale\" content=\"es_ES\" \/>\n<meta property=\"og:type\" content=\"article\" \/>\n<meta property=\"og:title\" content=\"Radicales de Buenos Aires, entre ellos Fern\u00e1ndez y Miranda estuvieron en Jujuy - Infoecos\" \/>\n<meta property=\"og:description\" content=\"Entre otras actividades visitaron CANNAVA la sociedad del estado provincial de producci\u00f3n de cannabis medicinal\" \/>\n<meta property=\"og:url\" content=\"https:\/\/infoecos.com.ar\/index.php\/radicales-de-buenos-aires-entre-ellos-fernandez-y-miranda-estuvieron-en-jujuy\/\" \/>\n<meta property=\"og:site_name\" content=\"Infoecos\" \/>\n<meta property=\"article:publisher\" content=\"https:\/\/www.facebook.com\/profile.php?id=100063200290284\" \/>\n<meta property=\"article:published_time\" content=\"2022-07-02T07:57:21+00:00\" \/>\n<meta property=\"article:modified_time\" content=\"2022-07-02T07:57:23+00:00\" \/>\n<meta property=\"og:image\" content=\"https:\/\/infoecos.com.ar\/wp-content\/uploads\/2022\/07\/LOREDENALE.jpg\" \/>\n\t<meta property=\"og:image:width\" content=\"730\" \/>\n\t<meta property=\"og:image:height\" content=\"487\" \/>\n\t<meta property=\"og:image:type\" content=\"image\/jpeg\" \/>\n<meta name=\"author\" content=\"Jorge Matheus\" \/>\n<meta name=\"twitter:card\" content=\"summary_large_image\" \/>\n<meta name=\"twitter:creator\" content=\"@infoecos\" \/>\n<meta name=\"twitter:site\" content=\"@infoecos\" \/>\n<meta name=\"twitter:label1\" content=\"Escrito por\" \/>\n\t<meta name=\"twitter:data1\" content=\"Jorge Matheus\" \/>\n\t<meta name=\"twitter:label2\" content=\"Tiempo de lectura\" \/>\n\t<meta name=\"twitter:data2\" content=\"2 minutos\" \/>\n<script type=\"application\/ld+json\" class=\"yoast-schema-graph\">{\"@context\":\"https:\/\/schema.org\",\"@graph\":[{\"@type\":\"Article\",\"@id\":\"https:\/\/infoecos.com.ar\/index.php\/radicales-de-buenos-aires-entre-ellos-fernandez-y-miranda-estuvieron-en-jujuy\/#article\",\"isPartOf\":{\"@id\":\"https:\/\/infoecos.com.ar\/index.php\/radicales-de-buenos-aires-entre-ellos-fernandez-y-miranda-estuvieron-en-jujuy\/\"},\"author\":{\"name\":\"Jorge Matheus\",\"@id\":\"https:\/\/infoecos.com.ar\/#\/schema\/person\/8f5ace5ce73b4b4aac4b7245aee6f191\"},\"headline\":\"Radicales de Buenos Aires, entre ellos Fern\u00e1ndez y Miranda estuvieron en Jujuy\",\"datePublished\":\"2022-07-02T07:57:21+00:00\",\"dateModified\":\"2022-07-02T07:57:23+00:00\",\"mainEntityOfPage\":{\"@id\":\"https:\/\/infoecos.com.ar\/index.php\/radicales-de-buenos-aires-entre-ellos-fernandez-y-miranda-estuvieron-en-jujuy\/\"},\"wordCount\":353,\"publisher\":{\"@id\":\"https:\/\/infoecos.com.ar\/#organization\"},\"image\":{\"@id\":\"https:\/\/infoecos.com.ar\/index.php\/radicales-de-buenos-aires-entre-ellos-fernandez-y-miranda-estuvieron-en-jujuy\/#primaryimage\"},\"thumbnailUrl\":\"https:\/\/infoecos.com.ar\/wp-content\/uploads\/2022\/07\/LOREDENALE.jpg\",\"keywords\":[\"FUNDACI\u00d3N PODER\"],\"articleSection\":[\"C2 N3\"],\"inLanguage\":\"es\"},{\"@type\":\"WebPage\",\"@id\":\"https:\/\/infoecos.com.ar\/index.php\/radicales-de-buenos-aires-entre-ellos-fernandez-y-miranda-estuvieron-en-jujuy\/\",\"url\":\"https:\/\/infoecos.com.ar\/index.php\/radicales-de-buenos-aires-entre-ellos-fernandez-y-miranda-estuvieron-en-jujuy\/\",\"name\":\"Radicales de Buenos Aires, entre ellos Fern\u00e1ndez y Miranda estuvieron en Jujuy - Infoecos\",\"isPartOf\":{\"@id\":\"https:\/\/infoecos.com.ar\/#website\"},\"primaryImageOfPage\":{\"@id\":\"https:\/\/infoecos.com.ar\/index.php\/radicales-de-buenos-aires-entre-ellos-fernandez-y-miranda-estuvieron-en-jujuy\/#primaryimage\"},\"image\":{\"@id\":\"https:\/\/infoecos.com.ar\/index.php\/radicales-de-buenos-aires-entre-ellos-fernandez-y-miranda-estuvieron-en-jujuy\/#primaryimage\"},\"thumbnailUrl\":\"https:\/\/infoecos.com.ar\/wp-content\/uploads\/2022\/07\/LOREDENALE.jpg\",\"datePublished\":\"2022-07-02T07:57:21+00:00\",\"dateModified\":\"2022-07-02T07:57:23+00:00\",\"breadcrumb\":{\"@id\":\"https:\/\/infoecos.com.ar\/index.php\/radicales-de-buenos-aires-entre-ellos-fernandez-y-miranda-estuvieron-en-jujuy\/#breadcrumb\"},\"inLanguage\":\"es\",\"potentialAction\":[{\"@type\":\"ReadAction\",\"target\":[\"https:\/\/infoecos.com.ar\/index.php\/radicales-de-buenos-aires-entre-ellos-fernandez-y-miranda-estuvieron-en-jujuy\/\"]}]},{\"@type\":\"ImageObject\",\"inLanguage\":\"es\",\"@id\":\"https:\/\/infoecos.com.ar\/index.php\/radicales-de-buenos-aires-entre-ellos-fernandez-y-miranda-estuvieron-en-jujuy\/#primaryimage\",\"url\":\"https:\/\/infoecos.com.ar\/wp-content\/uploads\/2022\/07\/LOREDENALE.jpg\",\"contentUrl\":\"https:\/\/infoecos.com.ar\/wp-content\/uploads\/2022\/07\/LOREDENALE.jpg\",\"width\":730,\"height\":487},{\"@type\":\"BreadcrumbList\",\"@id\":\"https:\/\/infoecos.com.ar\/index.php\/radicales-de-buenos-aires-entre-ellos-fernandez-y-miranda-estuvieron-en-jujuy\/#breadcrumb\",\"itemListElement\":[{\"@type\":\"ListItem\",\"position\":1,\"name\":\"Portada\",\"item\":\"https:\/\/infoecos.com.ar\/\"},{\"@type\":\"ListItem\",\"position\":2,\"name\":\"Radicales de Buenos Aires, entre ellos Fern\u00e1ndez y Miranda estuvieron en Jujuy\"}]},{\"@type\":\"WebSite\",\"@id\":\"https:\/\/infoecos.com.ar\/#website\",\"url\":\"https:\/\/infoecos.com.ar\/\",\"name\":\"Infoecos\",\"description\":\"Noticias de trenque lauquen y la zona\",\"publisher\":{\"@id\":\"https:\/\/infoecos.com.ar\/#organization\"},\"alternateName\":\"Noticias\",\"potentialAction\":[{\"@type\":\"SearchAction\",\"target\":{\"@type\":\"EntryPoint\",\"urlTemplate\":\"https:\/\/infoecos.com.ar\/?s={search_term_string}\"},\"query-input\":{\"@type\":\"PropertyValueSpecification\",\"valueRequired\":true,\"valueName\":\"search_term_string\"}}],\"inLanguage\":\"es\"},{\"@type\":\"Organization\",\"@id\":\"https:\/\/infoecos.com.ar\/#organization\",\"name\":\"Infoecos\",\"alternateName\":\"Noticias\",\"url\":\"https:\/\/infoecos.com.ar\/\",\"logo\":{\"@type\":\"ImageObject\",\"inLanguage\":\"es\",\"@id\":\"https:\/\/infoecos.com.ar\/#\/schema\/logo\/image\/\",\"url\":\"https:\/\/infoecos.com.ar\/wp-content\/uploads\/2024\/03\/cropped-logo.png\",\"contentUrl\":\"https:\/\/infoecos.com.ar\/wp-content\/uploads\/2024\/03\/cropped-logo.png\",\"width\":374,\"height\":90,\"caption\":\"Infoecos\"},\"image\":{\"@id\":\"https:\/\/infoecos.com.ar\/#\/schema\/logo\/image\/\"},\"sameAs\":[\"https:\/\/www.facebook.com\/profile.php?id=100063200290284\",\"https:\/\/x.com\/infoecos\"]},{\"@type\":\"Person\",\"@id\":\"https:\/\/infoecos.com.ar\/#\/schema\/person\/8f5ace5ce73b4b4aac4b7245aee6f191\",\"name\":\"Jorge Matheus\",\"url\":\"https:\/\/infoecos.com.ar\/index.php\/author\/jomatheus\/\"}]}<\/script>\n<!-- \/ Yoast SEO plugin. -->","yoast_head_json":{"title":"Radicales de Buenos Aires, entre ellos Fern\u00e1ndez y Miranda estuvieron en Jujuy - Infoecos","robots":{"index":"index","follow":"follow","max-snippet":"max-snippet:-1","max-image-preview":"max-image-preview:large","max-video-preview":"max-video-preview:-1"},"canonical":"https:\/\/infoecos.com.ar\/index.php\/radicales-de-buenos-aires-entre-ellos-fernandez-y-miranda-estuvieron-en-jujuy\/","og_locale":"es_ES","og_type":"article","og_title":"Radicales de Buenos Aires, entre ellos Fern\u00e1ndez y Miranda estuvieron en Jujuy - Infoecos","og_description":"Entre otras actividades visitaron CANNAVA la sociedad del estado provincial de producci\u00f3n de cannabis medicinal","og_url":"https:\/\/infoecos.com.ar\/index.php\/radicales-de-buenos-aires-entre-ellos-fernandez-y-miranda-estuvieron-en-jujuy\/","og_site_name":"Infoecos","article_publisher":"https:\/\/www.facebook.com\/profile.php?id=100063200290284","article_published_time":"2022-07-02T07:57:21+00:00","article_modified_time":"2022-07-02T07:57:23+00:00","og_image":[{"width":730,"height":487,"url":"https:\/\/infoecos.com.ar\/wp-content\/uploads\/2022\/07\/LOREDENALE.jpg","type":"image\/jpeg"}],"author":"Jorge Matheus","twitter_card":"summary_large_image","twitter_creator":"@infoecos","twitter_site":"@infoecos","twitter_misc":{"Escrito por":"Jorge Matheus","Tiempo de lectura":"2 minutos"},"schema":{"@context":"https:\/\/schema.org","@graph":[{"@type":"Article","@id":"https:\/\/infoecos.com.ar\/index.php\/radicales-de-buenos-aires-entre-ellos-fernandez-y-miranda-estuvieron-en-jujuy\/#article","isPartOf":{"@id":"https:\/\/infoecos.com.ar\/index.php\/radicales-de-buenos-aires-entre-ellos-fernandez-y-miranda-estuvieron-en-jujuy\/"},"author":{"name":"Jorge Matheus","@id":"https:\/\/infoecos.com.ar\/#\/schema\/person\/8f5ace5ce73b4b4aac4b7245aee6f191"},"headline":"Radicales de Buenos Aires, entre ellos Fern\u00e1ndez y Miranda estuvieron en Jujuy","datePublished":"2022-07-02T07:57:21+00:00","dateModified":"2022-07-02T07:57:23+00:00","mainEntityOfPage":{"@id":"https:\/\/infoecos.com.ar\/index.php\/radicales-de-buenos-aires-entre-ellos-fernandez-y-miranda-estuvieron-en-jujuy\/"},"wordCount":353,"publisher":{"@id":"https:\/\/infoecos.com.ar\/#organization"},"image":{"@id":"https:\/\/infoecos.com.ar\/index.php\/radicales-de-buenos-aires-entre-ellos-fernandez-y-miranda-estuvieron-en-jujuy\/#primaryimage"},"thumbnailUrl":"https:\/\/infoecos.com.ar\/wp-content\/uploads\/2022\/07\/LOREDENALE.jpg","keywords":["FUNDACI\u00d3N PODER"],"articleSection":["C2 N3"],"inLanguage":"es"},{"@type":"WebPage","@id":"https:\/\/infoecos.com.ar\/index.php\/radicales-de-buenos-aires-entre-ellos-fernandez-y-miranda-estuvieron-en-jujuy\/","url":"https:\/\/infoecos.com.ar\/index.php\/radicales-de-buenos-aires-entre-ellos-fernandez-y-miranda-estuvieron-en-jujuy\/","name":"Radicales de Buenos Aires, entre ellos Fern\u00e1ndez y Miranda estuvieron en Jujuy - Infoecos","isPartOf":{"@id":"https:\/\/infoecos.com.ar\/#website"},"primaryImageOfPage":{"@id":"https:\/\/infoecos.com.ar\/index.php\/radicales-de-buenos-aires-entre-ellos-fernandez-y-miranda-estuvieron-en-jujuy\/#primaryimage"},"image":{"@id":"https:\/\/infoecos.com.ar\/index.php\/radicales-de-buenos-aires-entre-ellos-fernandez-y-miranda-estuvieron-en-jujuy\/#primaryimage"},"thumbnailUrl":"https:\/\/infoecos.com.ar\/wp-content\/uploads\/2022\/07\/LOREDENALE.jpg","datePublished":"2022-07-02T07:57:21+00:00","dateModified":"2022-07-02T07:57:23+00:00","breadcrumb":{"@id":"https:\/\/infoecos.com.ar\/index.php\/radicales-de-buenos-aires-entre-ellos-fernandez-y-miranda-estuvieron-en-jujuy\/#breadcrumb"},"inLanguage":"es","potentialAction":[{"@type":"ReadAction","target":["https:\/\/infoecos.com.ar\/index.php\/radicales-de-buenos-aires-entre-ellos-fernandez-y-miranda-estuvieron-en-jujuy\/"]}]},{"@type":"ImageObject","inLanguage":"es","@id":"https:\/\/infoecos.com.ar\/index.php\/radicales-de-buenos-aires-entre-ellos-fernandez-y-miranda-estuvieron-en-jujuy\/#primaryimage","url":"https:\/\/infoecos.com.ar\/wp-content\/uploads\/2022\/07\/LOREDENALE.jpg","contentUrl":"https:\/\/infoecos.com.ar\/wp-content\/uploads\/2022\/07\/LOREDENALE.jpg","width":730,"height":487},{"@type":"BreadcrumbList","@id":"https:\/\/infoecos.com.ar\/index.php\/radicales-de-buenos-aires-entre-ellos-fernandez-y-miranda-estuvieron-en-jujuy\/#breadcrumb","itemListElement":[{"@type":"ListItem","position":1,"name":"Portada","item":"https:\/\/infoecos.com.ar\/"},{"@type":"ListItem","position":2,"name":"Radicales de Buenos Aires, entre ellos Fern\u00e1ndez y Miranda estuvieron en Jujuy"}]},{"@type":"WebSite","@id":"https:\/\/infoecos.com.ar\/#website","url":"https:\/\/infoecos.com.ar\/","name":"Infoecos","description":"Noticias de trenque lauquen y la zona","publisher":{"@id":"https:\/\/infoecos.com.ar\/#organization"},"alternateName":"Noticias","potentialAction":[{"@type":"SearchAction","target":{"@type":"EntryPoint","urlTemplate":"https:\/\/infoecos.com.ar\/?s={search_term_string}"},"query-input":{"@type":"PropertyValueSpecification","valueRequired":true,"valueName":"search_term_string"}}],"inLanguage":"es"},{"@type":"Organization","@id":"https:\/\/infoecos.com.ar\/#organization","name":"Infoecos","alternateName":"Noticias","url":"https:\/\/infoecos.com.ar\/","logo":{"@type":"ImageObject","inLanguage":"es","@id":"https:\/\/infoecos.com.ar\/#\/schema\/logo\/image\/","url":"https:\/\/infoecos.com.ar\/wp-content\/uploads\/2024\/03\/cropped-logo.png","contentUrl":"https:\/\/infoecos.com.ar\/wp-content\/uploads\/2024\/03\/cropped-logo.png","width":374,"height":90,"caption":"Infoecos"},"image":{"@id":"https:\/\/infoecos.com.ar\/#\/schema\/logo\/image\/"},"sameAs":["https:\/\/www.facebook.com\/profile.php?id=100063200290284","https:\/\/x.com\/infoecos"]},{"@type":"Person","@id":"https:\/\/infoecos.com.ar\/#\/schema\/person\/8f5ace5ce73b4b4aac4b7245aee6f191","name":"Jorge Matheus","url":"https:\/\/infoecos.com.ar\/index.php\/author\/jomatheus\/"}]}},"featured_image_urls":{"full":["https:\/\/infoecos.com.ar\/wp-content\/uploads\/2022\/07\/LOREDENALE.jpg",730,487,false],"thumbnail":["https:\/\/infoecos.com.ar\/wp-content\/uploads\/2022\/07\/LOREDENALE-150x150.jpg",150,150,true],"medium":["https:\/\/infoecos.com.ar\/wp-content\/uploads\/2022\/07\/LOREDENALE-460x307.jpg",460,307,true],"medium_large":["https:\/\/infoecos.com.ar\/wp-content\/uploads\/2022\/07\/LOREDENALE.jpg",640,427,false],"large":["https:\/\/infoecos.com.ar\/wp-content\/uploads\/2022\/07\/LOREDENALE.jpg",640,427,false],"1536x1536":["https:\/\/infoecos.com.ar\/wp-content\/uploads\/2022\/07\/LOREDENALE.jpg",730,487,false],"2048x2048":["https:\/\/infoecos.com.ar\/wp-content\/uploads\/2022\/07\/LOREDENALE.jpg",730,487,false],"covernews-slider-full":["https:\/\/infoecos.com.ar\/wp-content\/uploads\/2022\/07\/LOREDENALE.jpg",730,487,false],"covernews-slider-center":["https:\/\/infoecos.com.ar\/wp-content\/uploads\/2022\/07\/LOREDENALE.jpg",730,487,false],"covernews-featured":["https:\/\/infoecos.com.ar\/wp-content\/uploads\/2022\/07\/LOREDENALE.jpg",730,487,false],"covernews-medium":["https:\/\/infoecos.com.ar\/wp-content\/uploads\/2022\/07\/LOREDENALE-720x380.jpg",540,285,true],"covernews-medium-square":["https:\/\/infoecos.com.ar\/wp-content\/uploads\/2022\/07\/LOREDENALE-675x450.jpg",375,250,true]},"author_info":{"info":["Jorge Matheus"]},"category_info":"<a href=\"https:\/\/infoecos.com.ar\/index.php\/category\/c2nota3\/\" rel=\"category tag\">C2 N3<\/a>","tag_info":"C2 N3","comment_count":"0","_links":{"self":[{"href":"https:\/\/infoecos.com.ar\/index.php\/wp-json\/wp\/v2\/posts\/93816"}],"collection":[{"href":"https:\/\/infoecos.com.ar\/index.php\/wp-json\/wp\/v2\/posts"}],"about":[{"href":"https:\/\/infoecos.com.ar\/index.php\/wp-json\/wp\/v2\/types\/post"}],"author":[{"embeddable":true,"href":"https:\/\/infoecos.com.ar\/index.php\/wp-json\/wp\/v2\/users\/2"}],"replies":[{"embeddable":true,"href":"https:\/\/infoecos.com.ar\/index.php\/wp-json\/wp\/v2\/comments?post=93816"}],"version-history":[{"count":1,"href":"https:\/\/infoecos.com.ar\/index.php\/wp-json\/wp\/v2\/posts\/93816\/revisions"}],"predecessor-version":[{"id":93820,"href":"https:\/\/infoecos.com.ar\/index.php\/wp-json\/wp\/v2\/posts\/93816\/revisions\/93820"}],"wp:featuredmedia":[{"embeddable":true,"href":"https:\/\/infoecos.com.ar\/index.php\/wp-json\/wp\/v2\/media\/93819"}],"wp:attachment":[{"href":"https:\/\/infoecos.com.ar\/index.php\/wp-json\/wp\/v2\/media?parent=93816"}],"wp:term":[{"taxonomy":"category","embeddable":true,"href":"https:\/\/infoecos.com.ar\/index.php\/wp-json\/wp\/v2\/categories?post=93816"},{"taxonomy":"post_tag","embeddable":true,"href":"https:\/\/infoecos.com.ar\/index.php\/wp-json\/wp\/v2\/tags?post=93816"}],"curies":[{"name":"wp","href":"https:\/\/api.w.org\/{rel}","templated":true}]}}