{"id":93823,"date":"2022-07-02T05:18:40","date_gmt":"2022-07-02T08:18:40","guid":{"rendered":"http:\/\/infoecos.com.ar\/?p=93823"},"modified":"2022-07-06T02:55:20","modified_gmt":"2022-07-06T05:55:20","slug":"el-senado-nacional-aprobo-la-ley-de-oncopediatria","status":"publish","type":"post","link":"https:\/\/infoecos.com.ar\/index.php\/el-senado-nacional-aprobo-la-ley-de-oncopediatria\/","title":{"rendered":"El Senado Nacional aprob\u00f3 la Ley de Oncopediatr\u00eda"},"content":{"rendered":"\n<p>\u201cComo m\u00e9dico me pone feliz y me llena de orgullo que hayamos logrado esta herramienta, potenciada por proyectos de distintos espacios pol\u00edticos, con el \u00fanico fin de desburocratizar y reducir al m\u00ednimo los tiempos para el inicio de los tratamientos oncol\u00f3gicos pedi\u00e1tricos en Argentina. Ahora seguiremos trabajando fuertemente en su reglamentaci\u00f3n, porque los ni\u00f1os nos pueden esperar\u201d, enfatiz\u00f3 el Dr. Bucca, ex intendente de Bol\u00edvar y actual senador provincial.<\/p>\n\n\n\n<figure class=\"wp-block-image size-large\"><img loading=\"lazy\" decoding=\"async\" width=\"920\" height=\"515\" src=\"http:\/\/infoecos.com.ar\/wp-content\/uploads\/2022\/07\/bucca-920x515.png\" alt=\"\" class=\"wp-image-93824\" srcset=\"https:\/\/infoecos.com.ar\/wp-content\/uploads\/2022\/07\/bucca-920x515.png 920w, https:\/\/infoecos.com.ar\/wp-content\/uploads\/2022\/07\/bucca-460x258.png 460w, https:\/\/infoecos.com.ar\/wp-content\/uploads\/2022\/07\/bucca-768x430.png 768w, https:\/\/infoecos.com.ar\/wp-content\/uploads\/2022\/07\/bucca-1536x861.png 1536w, https:\/\/infoecos.com.ar\/wp-content\/uploads\/2022\/07\/bucca-2048x1147.png 2048w, https:\/\/infoecos.com.ar\/wp-content\/uploads\/2022\/07\/bucca-1024x574.png 1024w\" sizes=\"(max-width: 920px) 100vw, 920px\" \/><\/figure>\n\n\n\n<p>El proyecto de ley \u201c<strong>R\u00e9gimen de Protecci\u00f3n Integral para los ni\u00f1os, ni\u00f1as y adolescentes con c\u00e1ncer<\/strong>\u201d, votado por unanimidad en la C\u00e1mara de Senadores de la Naci\u00f3n, incluye los aportes presentados por el m\u00e9dico y ex diputado nacional Eduardo Bucca, cuando en octubre del a\u00f1o pasado logr\u00f3 que su proyecto de c\u00e1ncer infantil \u201c<strong>Espera Cero<\/strong>\u201d, obtuviera media sanci\u00f3n, con 226 votos afirmativos y ninguno negativo.<\/p>\n\n\n\n<p>Uno de los puntos centrales que aborda \u201cEspera Cero\u201d es el acompa\u00f1amiento de las familias con ni\u00f1os y ni\u00f1as con c\u00e1ncer. El tratamiento puede prolongarse por meses e incluso hasta a\u00f1os, \u201c<strong>por este motivo, aquellas familias que viajan desde el norte, del sur del pa\u00eds, o del interior bonaerense al Garrahan por ejemplo, es necesario que puedan acceder a servicios gratuitos de transporte a\u00e9reo y\/o terrestre durante el proceso de atenci\u00f3n m\u00e9dica que les permita cercan\u00eda y acompa\u00f1amiento con el ni\u00f1o&nbsp; enfermo<\/strong>\u201d, manifest\u00f3<\/p>\n\n\n\n<figure class=\"wp-block-image size-large\"><img loading=\"lazy\" decoding=\"async\" width=\"920\" height=\"517\" src=\"http:\/\/infoecos.com.ar\/wp-content\/uploads\/2022\/07\/bucca2-920x517.png\" alt=\"\" class=\"wp-image-93825\" srcset=\"https:\/\/infoecos.com.ar\/wp-content\/uploads\/2022\/07\/bucca2-920x517.png 920w, https:\/\/infoecos.com.ar\/wp-content\/uploads\/2022\/07\/bucca2-460x258.png 460w, https:\/\/infoecos.com.ar\/wp-content\/uploads\/2022\/07\/bucca2-768x431.png 768w, https:\/\/infoecos.com.ar\/wp-content\/uploads\/2022\/07\/bucca2-1536x863.png 1536w, https:\/\/infoecos.com.ar\/wp-content\/uploads\/2022\/07\/bucca2-2048x1150.png 2048w, https:\/\/infoecos.com.ar\/wp-content\/uploads\/2022\/07\/bucca2-1024x575.png 1024w\" sizes=\"(max-width: 920px) 100vw, 920px\" \/><\/figure>\n\n\n\n<p><strong>\u00abNos estamos poniendo del lado de la gente, del lado de cada padre y madre que recibe la dura noticia del diagn\u00f3stico de c\u00e1ncer de un hijo o hija\u201d<\/strong>, afirm\u00f3 el legislador y agreg\u00f3: \u201ceso habla de empat\u00eda, algo que muchas veces la dirigencia pol\u00edtica pierde\u201d.<\/p>\n","protected":false},"excerpt":{"rendered":"<p>El proyecto de ley \u201cR\u00e9gimen de Protecci\u00f3n Integral para los ni\u00f1os, ni\u00f1as y adolescentes con c\u00e1ncer\u201d, votado por unanimidad en la C\u00e1mara de Senadores de la Naci\u00f3n, incluye los aportes presentados por el m\u00e9dico y ex diputado nacional<\/p>\n","protected":false},"author":2,"featured_media":93824,"comment_status":"closed","ping_status":"open","sticky":false,"template":"","format":"standard","meta":{"footnotes":""},"categories":[44],"tags":[6222],"class_list":["post-93823","post","type-post","status-publish","format-standard","has-post-thumbnail","hentry","category-inferior5","tag-satisfaccion-de-bali-bucca"],"yoast_head":"<!-- This site is optimized with the Yoast SEO plugin v23.4 - https:\/\/yoast.com\/wordpress\/plugins\/seo\/ -->\n<title>El Senado Nacional aprob\u00f3 la Ley de Oncopediatr\u00eda - Infoecos<\/title>\n<meta name=\"robots\" content=\"index, follow, max-snippet:-1, max-image-preview:large, max-video-preview:-1\" \/>\n<link rel=\"canonical\" href=\"https:\/\/infoecos.com.ar\/index.php\/el-senado-nacional-aprobo-la-ley-de-oncopediatria\/\" \/>\n<meta property=\"og:locale\" content=\"es_ES\" \/>\n<meta property=\"og:type\" content=\"article\" \/>\n<meta property=\"og:title\" content=\"El Senado Nacional aprob\u00f3 la Ley de Oncopediatr\u00eda - Infoecos\" \/>\n<meta property=\"og:description\" content=\"El proyecto de ley \u201cR\u00e9gimen de Protecci\u00f3n Integral para los ni\u00f1os, ni\u00f1as y adolescentes con c\u00e1ncer\u201d, votado por unanimidad en la C\u00e1mara de Senadores de la Naci\u00f3n, incluye los aportes presentados por el m\u00e9dico y ex diputado nacional\" \/>\n<meta property=\"og:url\" content=\"https:\/\/infoecos.com.ar\/index.php\/el-senado-nacional-aprobo-la-ley-de-oncopediatria\/\" \/>\n<meta property=\"og:site_name\" content=\"Infoecos\" \/>\n<meta property=\"article:publisher\" content=\"https:\/\/www.facebook.com\/profile.php?id=100063200290284\" \/>\n<meta property=\"article:published_time\" content=\"2022-07-02T08:18:40+00:00\" \/>\n<meta property=\"article:modified_time\" content=\"2022-07-06T05:55:20+00:00\" \/>\n<meta property=\"og:image\" content=\"https:\/\/infoecos.com.ar\/wp-content\/uploads\/2022\/07\/bucca-920x515.png\" \/>\n\t<meta property=\"og:image:width\" content=\"920\" \/>\n\t<meta property=\"og:image:height\" content=\"515\" \/>\n\t<meta property=\"og:image:type\" content=\"image\/png\" \/>\n<meta name=\"author\" content=\"Jorge Matheus\" \/>\n<meta name=\"twitter:card\" content=\"summary_large_image\" \/>\n<meta name=\"twitter:creator\" content=\"@infoecos\" \/>\n<meta name=\"twitter:site\" content=\"@infoecos\" \/>\n<meta name=\"twitter:label1\" content=\"Escrito por\" \/>\n\t<meta name=\"twitter:data1\" content=\"Jorge Matheus\" \/>\n\t<meta name=\"twitter:label2\" content=\"Tiempo de lectura\" \/>\n\t<meta name=\"twitter:data2\" content=\"1 minuto\" \/>\n<script type=\"application\/ld+json\" class=\"yoast-schema-graph\">{\"@context\":\"https:\/\/schema.org\",\"@graph\":[{\"@type\":\"Article\",\"@id\":\"https:\/\/infoecos.com.ar\/index.php\/el-senado-nacional-aprobo-la-ley-de-oncopediatria\/#article\",\"isPartOf\":{\"@id\":\"https:\/\/infoecos.com.ar\/index.php\/el-senado-nacional-aprobo-la-ley-de-oncopediatria\/\"},\"author\":{\"name\":\"Jorge Matheus\",\"@id\":\"https:\/\/infoecos.com.ar\/#\/schema\/person\/8f5ace5ce73b4b4aac4b7245aee6f191\"},\"headline\":\"El Senado Nacional aprob\u00f3 la Ley de Oncopediatr\u00eda\",\"datePublished\":\"2022-07-02T08:18:40+00:00\",\"dateModified\":\"2022-07-06T05:55:20+00:00\",\"mainEntityOfPage\":{\"@id\":\"https:\/\/infoecos.com.ar\/index.php\/el-senado-nacional-aprobo-la-ley-de-oncopediatria\/\"},\"wordCount\":308,\"publisher\":{\"@id\":\"https:\/\/infoecos.com.ar\/#organization\"},\"image\":{\"@id\":\"https:\/\/infoecos.com.ar\/index.php\/el-senado-nacional-aprobo-la-ley-de-oncopediatria\/#primaryimage\"},\"thumbnailUrl\":\"https:\/\/infoecos.com.ar\/wp-content\/uploads\/2022\/07\/bucca.png\",\"keywords\":[\"SATISFACCI\u00d3N DE BALI BUCCA\"],\"articleSection\":[\"Bloque inferior - 5\"],\"inLanguage\":\"es\"},{\"@type\":\"WebPage\",\"@id\":\"https:\/\/infoecos.com.ar\/index.php\/el-senado-nacional-aprobo-la-ley-de-oncopediatria\/\",\"url\":\"https:\/\/infoecos.com.ar\/index.php\/el-senado-nacional-aprobo-la-ley-de-oncopediatria\/\",\"name\":\"El Senado Nacional aprob\u00f3 la Ley de Oncopediatr\u00eda - Infoecos\",\"isPartOf\":{\"@id\":\"https:\/\/infoecos.com.ar\/#website\"},\"primaryImageOfPage\":{\"@id\":\"https:\/\/infoecos.com.ar\/index.php\/el-senado-nacional-aprobo-la-ley-de-oncopediatria\/#primaryimage\"},\"image\":{\"@id\":\"https:\/\/infoecos.com.ar\/index.php\/el-senado-nacional-aprobo-la-ley-de-oncopediatria\/#primaryimage\"},\"thumbnailUrl\":\"https:\/\/infoecos.com.ar\/wp-content\/uploads\/2022\/07\/bucca.png\",\"datePublished\":\"2022-07-02T08:18:40+00:00\",\"dateModified\":\"2022-07-06T05:55:20+00:00\",\"breadcrumb\":{\"@id\":\"https:\/\/infoecos.com.ar\/index.php\/el-senado-nacional-aprobo-la-ley-de-oncopediatria\/#breadcrumb\"},\"inLanguage\":\"es\",\"potentialAction\":[{\"@type\":\"ReadAction\",\"target\":[\"https:\/\/infoecos.com.ar\/index.php\/el-senado-nacional-aprobo-la-ley-de-oncopediatria\/\"]}]},{\"@type\":\"ImageObject\",\"inLanguage\":\"es\",\"@id\":\"https:\/\/infoecos.com.ar\/index.php\/el-senado-nacional-aprobo-la-ley-de-oncopediatria\/#primaryimage\",\"url\":\"https:\/\/infoecos.com.ar\/wp-content\/uploads\/2022\/07\/bucca.png\",\"contentUrl\":\"https:\/\/infoecos.com.ar\/wp-content\/uploads\/2022\/07\/bucca.png\",\"width\":2888,\"height\":1618},{\"@type\":\"BreadcrumbList\",\"@id\":\"https:\/\/infoecos.com.ar\/index.php\/el-senado-nacional-aprobo-la-ley-de-oncopediatria\/#breadcrumb\",\"itemListElement\":[{\"@type\":\"ListItem\",\"position\":1,\"name\":\"Portada\",\"item\":\"https:\/\/infoecos.com.ar\/\"},{\"@type\":\"ListItem\",\"position\":2,\"name\":\"El Senado Nacional aprob\u00f3 la Ley de Oncopediatr\u00eda\"}]},{\"@type\":\"WebSite\",\"@id\":\"https:\/\/infoecos.com.ar\/#website\",\"url\":\"https:\/\/infoecos.com.ar\/\",\"name\":\"Infoecos\",\"description\":\"Noticias de trenque lauquen y la zona\",\"publisher\":{\"@id\":\"https:\/\/infoecos.com.ar\/#organization\"},\"alternateName\":\"Noticias\",\"potentialAction\":[{\"@type\":\"SearchAction\",\"target\":{\"@type\":\"EntryPoint\",\"urlTemplate\":\"https:\/\/infoecos.com.ar\/?s={search_term_string}\"},\"query-input\":{\"@type\":\"PropertyValueSpecification\",\"valueRequired\":true,\"valueName\":\"search_term_string\"}}],\"inLanguage\":\"es\"},{\"@type\":\"Organization\",\"@id\":\"https:\/\/infoecos.com.ar\/#organization\",\"name\":\"Infoecos\",\"alternateName\":\"Noticias\",\"url\":\"https:\/\/infoecos.com.ar\/\",\"logo\":{\"@type\":\"ImageObject\",\"inLanguage\":\"es\",\"@id\":\"https:\/\/infoecos.com.ar\/#\/schema\/logo\/image\/\",\"url\":\"https:\/\/infoecos.com.ar\/wp-content\/uploads\/2024\/03\/cropped-logo.png\",\"contentUrl\":\"https:\/\/infoecos.com.ar\/wp-content\/uploads\/2024\/03\/cropped-logo.png\",\"width\":374,\"height\":90,\"caption\":\"Infoecos\"},\"image\":{\"@id\":\"https:\/\/infoecos.com.ar\/#\/schema\/logo\/image\/\"},\"sameAs\":[\"https:\/\/www.facebook.com\/profile.php?id=100063200290284\",\"https:\/\/x.com\/infoecos\"]},{\"@type\":\"Person\",\"@id\":\"https:\/\/infoecos.com.ar\/#\/schema\/person\/8f5ace5ce73b4b4aac4b7245aee6f191\",\"name\":\"Jorge Matheus\",\"url\":\"https:\/\/infoecos.com.ar\/index.php\/author\/jomatheus\/\"}]}<\/script>\n<!-- \/ Yoast SEO plugin. -->","yoast_head_json":{"title":"El Senado Nacional aprob\u00f3 la Ley de Oncopediatr\u00eda - Infoecos","robots":{"index":"index","follow":"follow","max-snippet":"max-snippet:-1","max-image-preview":"max-image-preview:large","max-video-preview":"max-video-preview:-1"},"canonical":"https:\/\/infoecos.com.ar\/index.php\/el-senado-nacional-aprobo-la-ley-de-oncopediatria\/","og_locale":"es_ES","og_type":"article","og_title":"El Senado Nacional aprob\u00f3 la Ley de Oncopediatr\u00eda - Infoecos","og_description":"El proyecto de ley \u201cR\u00e9gimen de Protecci\u00f3n Integral para los ni\u00f1os, ni\u00f1as y adolescentes con c\u00e1ncer\u201d, votado por unanimidad en la C\u00e1mara de Senadores de la Naci\u00f3n, incluye los aportes presentados por el m\u00e9dico y ex diputado nacional","og_url":"https:\/\/infoecos.com.ar\/index.php\/el-senado-nacional-aprobo-la-ley-de-oncopediatria\/","og_site_name":"Infoecos","article_publisher":"https:\/\/www.facebook.com\/profile.php?id=100063200290284","article_published_time":"2022-07-02T08:18:40+00:00","article_modified_time":"2022-07-06T05:55:20+00:00","og_image":[{"width":920,"height":515,"url":"https:\/\/infoecos.com.ar\/wp-content\/uploads\/2022\/07\/bucca-920x515.png","type":"image\/png"}],"author":"Jorge Matheus","twitter_card":"summary_large_image","twitter_creator":"@infoecos","twitter_site":"@infoecos","twitter_misc":{"Escrito por":"Jorge Matheus","Tiempo de lectura":"1 minuto"},"schema":{"@context":"https:\/\/schema.org","@graph":[{"@type":"Article","@id":"https:\/\/infoecos.com.ar\/index.php\/el-senado-nacional-aprobo-la-ley-de-oncopediatria\/#article","isPartOf":{"@id":"https:\/\/infoecos.com.ar\/index.php\/el-senado-nacional-aprobo-la-ley-de-oncopediatria\/"},"author":{"name":"Jorge Matheus","@id":"https:\/\/infoecos.com.ar\/#\/schema\/person\/8f5ace5ce73b4b4aac4b7245aee6f191"},"headline":"El Senado Nacional aprob\u00f3 la Ley de Oncopediatr\u00eda","datePublished":"2022-07-02T08:18:40+00:00","dateModified":"2022-07-06T05:55:20+00:00","mainEntityOfPage":{"@id":"https:\/\/infoecos.com.ar\/index.php\/el-senado-nacional-aprobo-la-ley-de-oncopediatria\/"},"wordCount":308,"publisher":{"@id":"https:\/\/infoecos.com.ar\/#organization"},"image":{"@id":"https:\/\/infoecos.com.ar\/index.php\/el-senado-nacional-aprobo-la-ley-de-oncopediatria\/#primaryimage"},"thumbnailUrl":"https:\/\/infoecos.com.ar\/wp-content\/uploads\/2022\/07\/bucca.png","keywords":["SATISFACCI\u00d3N DE BALI BUCCA"],"articleSection":["Bloque inferior - 5"],"inLanguage":"es"},{"@type":"WebPage","@id":"https:\/\/infoecos.com.ar\/index.php\/el-senado-nacional-aprobo-la-ley-de-oncopediatria\/","url":"https:\/\/infoecos.com.ar\/index.php\/el-senado-nacional-aprobo-la-ley-de-oncopediatria\/","name":"El Senado Nacional aprob\u00f3 la Ley de Oncopediatr\u00eda - Infoecos","isPartOf":{"@id":"https:\/\/infoecos.com.ar\/#website"},"primaryImageOfPage":{"@id":"https:\/\/infoecos.com.ar\/index.php\/el-senado-nacional-aprobo-la-ley-de-oncopediatria\/#primaryimage"},"image":{"@id":"https:\/\/infoecos.com.ar\/index.php\/el-senado-nacional-aprobo-la-ley-de-oncopediatria\/#primaryimage"},"thumbnailUrl":"https:\/\/infoecos.com.ar\/wp-content\/uploads\/2022\/07\/bucca.png","datePublished":"2022-07-02T08:18:40+00:00","dateModified":"2022-07-06T05:55:20+00:00","breadcrumb":{"@id":"https:\/\/infoecos.com.ar\/index.php\/el-senado-nacional-aprobo-la-ley-de-oncopediatria\/#breadcrumb"},"inLanguage":"es","potentialAction":[{"@type":"ReadAction","target":["https:\/\/infoecos.com.ar\/index.php\/el-senado-nacional-aprobo-la-ley-de-oncopediatria\/"]}]},{"@type":"ImageObject","inLanguage":"es","@id":"https:\/\/infoecos.com.ar\/index.php\/el-senado-nacional-aprobo-la-ley-de-oncopediatria\/#primaryimage","url":"https:\/\/infoecos.com.ar\/wp-content\/uploads\/2022\/07\/bucca.png","contentUrl":"https:\/\/infoecos.com.ar\/wp-content\/uploads\/2022\/07\/bucca.png","width":2888,"height":1618},{"@type":"BreadcrumbList","@id":"https:\/\/infoecos.com.ar\/index.php\/el-senado-nacional-aprobo-la-ley-de-oncopediatria\/#breadcrumb","itemListElement":[{"@type":"ListItem","position":1,"name":"Portada","item":"https:\/\/infoecos.com.ar\/"},{"@type":"ListItem","position":2,"name":"El Senado Nacional aprob\u00f3 la Ley de Oncopediatr\u00eda"}]},{"@type":"WebSite","@id":"https:\/\/infoecos.com.ar\/#website","url":"https:\/\/infoecos.com.ar\/","name":"Infoecos","description":"Noticias de trenque lauquen y la zona","publisher":{"@id":"https:\/\/infoecos.com.ar\/#organization"},"alternateName":"Noticias","potentialAction":[{"@type":"SearchAction","target":{"@type":"EntryPoint","urlTemplate":"https:\/\/infoecos.com.ar\/?s={search_term_string}"},"query-input":{"@type":"PropertyValueSpecification","valueRequired":true,"valueName":"search_term_string"}}],"inLanguage":"es"},{"@type":"Organization","@id":"https:\/\/infoecos.com.ar\/#organization","name":"Infoecos","alternateName":"Noticias","url":"https:\/\/infoecos.com.ar\/","logo":{"@type":"ImageObject","inLanguage":"es","@id":"https:\/\/infoecos.com.ar\/#\/schema\/logo\/image\/","url":"https:\/\/infoecos.com.ar\/wp-content\/uploads\/2024\/03\/cropped-logo.png","contentUrl":"https:\/\/infoecos.com.ar\/wp-content\/uploads\/2024\/03\/cropped-logo.png","width":374,"height":90,"caption":"Infoecos"},"image":{"@id":"https:\/\/infoecos.com.ar\/#\/schema\/logo\/image\/"},"sameAs":["https:\/\/www.facebook.com\/profile.php?id=100063200290284","https:\/\/x.com\/infoecos"]},{"@type":"Person","@id":"https:\/\/infoecos.com.ar\/#\/schema\/person\/8f5ace5ce73b4b4aac4b7245aee6f191","name":"Jorge Matheus","url":"https:\/\/infoecos.com.ar\/index.php\/author\/jomatheus\/"}]}},"featured_image_urls":{"full":["https:\/\/infoecos.com.ar\/wp-content\/uploads\/2022\/07\/bucca.png",2888,1618,false],"thumbnail":["https:\/\/infoecos.com.ar\/wp-content\/uploads\/2022\/07\/bucca-150x150.png",150,150,true],"medium":["https:\/\/infoecos.com.ar\/wp-content\/uploads\/2022\/07\/bucca-460x258.png",460,258,true],"medium_large":["https:\/\/infoecos.com.ar\/wp-content\/uploads\/2022\/07\/bucca-768x430.png",640,358,true],"large":["https:\/\/infoecos.com.ar\/wp-content\/uploads\/2022\/07\/bucca-920x515.png",640,358,true],"1536x1536":["https:\/\/infoecos.com.ar\/wp-content\/uploads\/2022\/07\/bucca-1536x861.png",1536,861,true],"2048x2048":["https:\/\/infoecos.com.ar\/wp-content\/uploads\/2022\/07\/bucca-2048x1147.png",2048,1147,true],"covernews-slider-full":["https:\/\/infoecos.com.ar\/wp-content\/uploads\/2022\/07\/bucca-1536x1020.png",1077,715,true],"covernews-slider-center":["https:\/\/infoecos.com.ar\/wp-content\/uploads\/2022\/07\/bucca-936x897.png",522,500,true],"covernews-featured":["https:\/\/infoecos.com.ar\/wp-content\/uploads\/2022\/07\/bucca-1024x574.png",1024,574,true],"covernews-medium":["https:\/\/infoecos.com.ar\/wp-content\/uploads\/2022\/07\/bucca-720x380.png",540,285,true],"covernews-medium-square":["https:\/\/infoecos.com.ar\/wp-content\/uploads\/2022\/07\/bucca-675x450.png",375,250,true]},"author_info":{"info":["Jorge Matheus"]},"category_info":"<a href=\"https:\/\/infoecos.com.ar\/index.php\/category\/inferior5\/\" rel=\"category tag\">Bloque inferior - 5<\/a>","tag_info":"Bloque inferior - 5","comment_count":"0","_links":{"self":[{"href":"https:\/\/infoecos.com.ar\/index.php\/wp-json\/wp\/v2\/posts\/93823"}],"collection":[{"href":"https:\/\/infoecos.com.ar\/index.php\/wp-json\/wp\/v2\/posts"}],"about":[{"href":"https:\/\/infoecos.com.ar\/index.php\/wp-json\/wp\/v2\/types\/post"}],"author":[{"embeddable":true,"href":"https:\/\/infoecos.com.ar\/index.php\/wp-json\/wp\/v2\/users\/2"}],"replies":[{"embeddable":true,"href":"https:\/\/infoecos.com.ar\/index.php\/wp-json\/wp\/v2\/comments?post=93823"}],"version-history":[{"count":2,"href":"https:\/\/infoecos.com.ar\/index.php\/wp-json\/wp\/v2\/posts\/93823\/revisions"}],"predecessor-version":[{"id":93978,"href":"https:\/\/infoecos.com.ar\/index.php\/wp-json\/wp\/v2\/posts\/93823\/revisions\/93978"}],"wp:featuredmedia":[{"embeddable":true,"href":"https:\/\/infoecos.com.ar\/index.php\/wp-json\/wp\/v2\/media\/93824"}],"wp:attachment":[{"href":"https:\/\/infoecos.com.ar\/index.php\/wp-json\/wp\/v2\/media?parent=93823"}],"wp:term":[{"taxonomy":"category","embeddable":true,"href":"https:\/\/infoecos.com.ar\/index.php\/wp-json\/wp\/v2\/categories?post=93823"},{"taxonomy":"post_tag","embeddable":true,"href":"https:\/\/infoecos.com.ar\/index.php\/wp-json\/wp\/v2\/tags?post=93823"}],"curies":[{"name":"wp","href":"https:\/\/api.w.org\/{rel}","templated":true}]}}