{"id":93936,"date":"2022-07-06T01:03:57","date_gmt":"2022-07-06T04:03:57","guid":{"rendered":"http:\/\/infoecos.com.ar\/?p=93936"},"modified":"2022-07-06T01:03:59","modified_gmt":"2022-07-06T04:03:59","slug":"los-festejos-por-el-157-aniversario-de-lincoln-se-desarrollaran-los-dias-23-y-24-de-julio","status":"publish","type":"post","link":"https:\/\/infoecos.com.ar\/index.php\/los-festejos-por-el-157-aniversario-de-lincoln-se-desarrollaran-los-dias-23-y-24-de-julio\/","title":{"rendered":"Los festejos por el 157 aniversario de Lincoln se desarrollar\u00e1n los d\u00edas 23 y 24 de Julio"},"content":{"rendered":"\n<p>En conferencia de prensa el Intendente de Lincoln, Salvador Serenal brind\u00f3 detalles sobre las distintas\u00a0actividades y espect\u00e1culos que dar\u00e1n marco al 157\u00b0 aniversario de Lincoln.\u00a0<\/p>\n\n\n\n<p>El Jefe Comunal se refiri\u00f3 a la organizaci\u00f3n de una agenda que ofrecer\u00e1 distintas propuestas para compartir en familia. Se centran en la conmemoraci\u00f3n del aniversario el pr\u00f3ximo 19 de julio y otras actividades que el\u00a0municipio acompa\u00f1a organizadas por instituciones intermedias y entidades privadas.<\/p>\n\n\n\n<figure class=\"wp-block-image aligncenter size-large is-resized\"><img loading=\"lazy\" decoding=\"async\" src=\"http:\/\/infoecos.com.ar\/wp-content\/uploads\/2022\/07\/SERENAL-INTENDENTE-LINCOLN-ANIVERSARIO-2-920x613.jpeg\" alt=\"\" class=\"wp-image-93937\" width=\"605\" height=\"402\" srcset=\"https:\/\/infoecos.com.ar\/wp-content\/uploads\/2022\/07\/SERENAL-INTENDENTE-LINCOLN-ANIVERSARIO-2-920x613.jpeg 920w, https:\/\/infoecos.com.ar\/wp-content\/uploads\/2022\/07\/SERENAL-INTENDENTE-LINCOLN-ANIVERSARIO-2-460x306.jpeg 460w, https:\/\/infoecos.com.ar\/wp-content\/uploads\/2022\/07\/SERENAL-INTENDENTE-LINCOLN-ANIVERSARIO-2-768x512.jpeg 768w, https:\/\/infoecos.com.ar\/wp-content\/uploads\/2022\/07\/SERENAL-INTENDENTE-LINCOLN-ANIVERSARIO-2-1536x1020.jpeg 1536w, https:\/\/infoecos.com.ar\/wp-content\/uploads\/2022\/07\/SERENAL-INTENDENTE-LINCOLN-ANIVERSARIO-2-1024x682.jpeg 1024w, https:\/\/infoecos.com.ar\/wp-content\/uploads\/2022\/07\/SERENAL-INTENDENTE-LINCOLN-ANIVERSARIO-2-675x450.jpeg 675w, https:\/\/infoecos.com.ar\/wp-content\/uploads\/2022\/07\/SERENAL-INTENDENTE-LINCOLN-ANIVERSARIO-2.jpeg 1600w\" sizes=\"(max-width: 605px) 100vw, 605px\" \/><\/figure>\n\n\n\n<p>\u201cCon motivo de que todos los vecinos puedan disfrutar de los eventos que dan marco al aniversario, los festejos centrales se van a realizar el&nbsp;s\u00e1bado 23 y domingo 24 de julio\u201d, puntualiz\u00f3 Serenal.&nbsp;&nbsp;<\/p>\n\n\n\n<p>El martes 19 se realizar\u00e1 el acto protocolar, en tanto el fin de semana, en plaza Rivadavia van a tener lugar los festejos centrales donde habr\u00e1 exposiciones de emprendedores, patio de comidas, feria de artesanos y&nbsp;manualistas, m\u00fasica en vivo con artistas locales y nacionales, y el regreso del desfile c\u00edvico institucional a lo largo de la Avenida&nbsp;Massey.&nbsp;<\/p>\n\n\n\n<p><\/p>\n","protected":false},"excerpt":{"rendered":"<p>En conferencia de prensa el Intendente de Lincoln, Salvador Serenal brind\u00f3 detalles sobre las distintas\u00a0actividades y espect\u00e1culos<\/p>\n","protected":false},"author":2,"featured_media":93937,"comment_status":"closed","ping_status":"open","sticky":false,"template":"","format":"standard","meta":{"footnotes":""},"categories":[50],"tags":[6231],"class_list":["post-93936","post","type-post","status-publish","format-standard","has-post-thumbnail","hentry","category-c1nota4","tag-el-19-sera-el-acto-protocolar"],"yoast_head":"<!-- This site is optimized with the Yoast SEO plugin v23.4 - https:\/\/yoast.com\/wordpress\/plugins\/seo\/ -->\n<title>Los festejos por el 157 aniversario de Lincoln se desarrollar\u00e1n los d\u00edas 23 y 24 de Julio - Infoecos<\/title>\n<meta name=\"robots\" content=\"index, follow, max-snippet:-1, max-image-preview:large, max-video-preview:-1\" \/>\n<link rel=\"canonical\" href=\"https:\/\/infoecos.com.ar\/index.php\/los-festejos-por-el-157-aniversario-de-lincoln-se-desarrollaran-los-dias-23-y-24-de-julio\/\" \/>\n<meta property=\"og:locale\" content=\"es_ES\" \/>\n<meta property=\"og:type\" content=\"article\" \/>\n<meta property=\"og:title\" content=\"Los festejos por el 157 aniversario de Lincoln se desarrollar\u00e1n los d\u00edas 23 y 24 de Julio - Infoecos\" \/>\n<meta property=\"og:description\" content=\"En conferencia de prensa el Intendente de Lincoln, Salvador Serenal brind\u00f3 detalles sobre las distintas\u00a0actividades y espect\u00e1culos\" \/>\n<meta property=\"og:url\" content=\"https:\/\/infoecos.com.ar\/index.php\/los-festejos-por-el-157-aniversario-de-lincoln-se-desarrollaran-los-dias-23-y-24-de-julio\/\" \/>\n<meta property=\"og:site_name\" content=\"Infoecos\" \/>\n<meta property=\"article:publisher\" content=\"https:\/\/www.facebook.com\/profile.php?id=100063200290284\" \/>\n<meta property=\"article:published_time\" content=\"2022-07-06T04:03:57+00:00\" \/>\n<meta property=\"article:modified_time\" content=\"2022-07-06T04:03:59+00:00\" \/>\n<meta property=\"og:image\" content=\"https:\/\/infoecos.com.ar\/wp-content\/uploads\/2022\/07\/SERENAL-INTENDENTE-LINCOLN-ANIVERSARIO-2.jpeg\" \/>\n\t<meta property=\"og:image:width\" content=\"1600\" \/>\n\t<meta property=\"og:image:height\" content=\"1066\" \/>\n\t<meta property=\"og:image:type\" content=\"image\/jpeg\" \/>\n<meta name=\"author\" content=\"Jorge Matheus\" \/>\n<meta name=\"twitter:card\" content=\"summary_large_image\" \/>\n<meta name=\"twitter:creator\" content=\"@infoecos\" \/>\n<meta name=\"twitter:site\" content=\"@infoecos\" \/>\n<meta name=\"twitter:label1\" content=\"Escrito por\" \/>\n\t<meta name=\"twitter:data1\" content=\"Jorge Matheus\" \/>\n\t<meta name=\"twitter:label2\" content=\"Tiempo de lectura\" \/>\n\t<meta name=\"twitter:data2\" content=\"1 minuto\" \/>\n<script type=\"application\/ld+json\" class=\"yoast-schema-graph\">{\"@context\":\"https:\/\/schema.org\",\"@graph\":[{\"@type\":\"Article\",\"@id\":\"https:\/\/infoecos.com.ar\/index.php\/los-festejos-por-el-157-aniversario-de-lincoln-se-desarrollaran-los-dias-23-y-24-de-julio\/#article\",\"isPartOf\":{\"@id\":\"https:\/\/infoecos.com.ar\/index.php\/los-festejos-por-el-157-aniversario-de-lincoln-se-desarrollaran-los-dias-23-y-24-de-julio\/\"},\"author\":{\"name\":\"Jorge Matheus\",\"@id\":\"https:\/\/infoecos.com.ar\/#\/schema\/person\/8f5ace5ce73b4b4aac4b7245aee6f191\"},\"headline\":\"Los festejos por el 157 aniversario de Lincoln se desarrollar\u00e1n los d\u00edas 23 y 24 de Julio\",\"datePublished\":\"2022-07-06T04:03:57+00:00\",\"dateModified\":\"2022-07-06T04:03:59+00:00\",\"mainEntityOfPage\":{\"@id\":\"https:\/\/infoecos.com.ar\/index.php\/los-festejos-por-el-157-aniversario-de-lincoln-se-desarrollaran-los-dias-23-y-24-de-julio\/\"},\"wordCount\":190,\"publisher\":{\"@id\":\"https:\/\/infoecos.com.ar\/#organization\"},\"image\":{\"@id\":\"https:\/\/infoecos.com.ar\/index.php\/los-festejos-por-el-157-aniversario-de-lincoln-se-desarrollaran-los-dias-23-y-24-de-julio\/#primaryimage\"},\"thumbnailUrl\":\"https:\/\/infoecos.com.ar\/wp-content\/uploads\/2022\/07\/SERENAL-INTENDENTE-LINCOLN-ANIVERSARIO-2.jpeg\",\"keywords\":[\"el 19 ser\u00e1 el acto protocolar\"],\"articleSection\":[\"C1 N4\"],\"inLanguage\":\"es\"},{\"@type\":\"WebPage\",\"@id\":\"https:\/\/infoecos.com.ar\/index.php\/los-festejos-por-el-157-aniversario-de-lincoln-se-desarrollaran-los-dias-23-y-24-de-julio\/\",\"url\":\"https:\/\/infoecos.com.ar\/index.php\/los-festejos-por-el-157-aniversario-de-lincoln-se-desarrollaran-los-dias-23-y-24-de-julio\/\",\"name\":\"Los festejos por el 157 aniversario de Lincoln se desarrollar\u00e1n los d\u00edas 23 y 24 de Julio - Infoecos\",\"isPartOf\":{\"@id\":\"https:\/\/infoecos.com.ar\/#website\"},\"primaryImageOfPage\":{\"@id\":\"https:\/\/infoecos.com.ar\/index.php\/los-festejos-por-el-157-aniversario-de-lincoln-se-desarrollaran-los-dias-23-y-24-de-julio\/#primaryimage\"},\"image\":{\"@id\":\"https:\/\/infoecos.com.ar\/index.php\/los-festejos-por-el-157-aniversario-de-lincoln-se-desarrollaran-los-dias-23-y-24-de-julio\/#primaryimage\"},\"thumbnailUrl\":\"https:\/\/infoecos.com.ar\/wp-content\/uploads\/2022\/07\/SERENAL-INTENDENTE-LINCOLN-ANIVERSARIO-2.jpeg\",\"datePublished\":\"2022-07-06T04:03:57+00:00\",\"dateModified\":\"2022-07-06T04:03:59+00:00\",\"breadcrumb\":{\"@id\":\"https:\/\/infoecos.com.ar\/index.php\/los-festejos-por-el-157-aniversario-de-lincoln-se-desarrollaran-los-dias-23-y-24-de-julio\/#breadcrumb\"},\"inLanguage\":\"es\",\"potentialAction\":[{\"@type\":\"ReadAction\",\"target\":[\"https:\/\/infoecos.com.ar\/index.php\/los-festejos-por-el-157-aniversario-de-lincoln-se-desarrollaran-los-dias-23-y-24-de-julio\/\"]}]},{\"@type\":\"ImageObject\",\"inLanguage\":\"es\",\"@id\":\"https:\/\/infoecos.com.ar\/index.php\/los-festejos-por-el-157-aniversario-de-lincoln-se-desarrollaran-los-dias-23-y-24-de-julio\/#primaryimage\",\"url\":\"https:\/\/infoecos.com.ar\/wp-content\/uploads\/2022\/07\/SERENAL-INTENDENTE-LINCOLN-ANIVERSARIO-2.jpeg\",\"contentUrl\":\"https:\/\/infoecos.com.ar\/wp-content\/uploads\/2022\/07\/SERENAL-INTENDENTE-LINCOLN-ANIVERSARIO-2.jpeg\",\"width\":1600,\"height\":1066},{\"@type\":\"BreadcrumbList\",\"@id\":\"https:\/\/infoecos.com.ar\/index.php\/los-festejos-por-el-157-aniversario-de-lincoln-se-desarrollaran-los-dias-23-y-24-de-julio\/#breadcrumb\",\"itemListElement\":[{\"@type\":\"ListItem\",\"position\":1,\"name\":\"Portada\",\"item\":\"https:\/\/infoecos.com.ar\/\"},{\"@type\":\"ListItem\",\"position\":2,\"name\":\"Los festejos por el 157 aniversario de Lincoln se desarrollar\u00e1n los d\u00edas 23 y 24 de Julio\"}]},{\"@type\":\"WebSite\",\"@id\":\"https:\/\/infoecos.com.ar\/#website\",\"url\":\"https:\/\/infoecos.com.ar\/\",\"name\":\"Infoecos\",\"description\":\"Noticias de trenque lauquen y la zona\",\"publisher\":{\"@id\":\"https:\/\/infoecos.com.ar\/#organization\"},\"alternateName\":\"Noticias\",\"potentialAction\":[{\"@type\":\"SearchAction\",\"target\":{\"@type\":\"EntryPoint\",\"urlTemplate\":\"https:\/\/infoecos.com.ar\/?s={search_term_string}\"},\"query-input\":{\"@type\":\"PropertyValueSpecification\",\"valueRequired\":true,\"valueName\":\"search_term_string\"}}],\"inLanguage\":\"es\"},{\"@type\":\"Organization\",\"@id\":\"https:\/\/infoecos.com.ar\/#organization\",\"name\":\"Infoecos\",\"alternateName\":\"Noticias\",\"url\":\"https:\/\/infoecos.com.ar\/\",\"logo\":{\"@type\":\"ImageObject\",\"inLanguage\":\"es\",\"@id\":\"https:\/\/infoecos.com.ar\/#\/schema\/logo\/image\/\",\"url\":\"https:\/\/infoecos.com.ar\/wp-content\/uploads\/2024\/03\/cropped-logo.png\",\"contentUrl\":\"https:\/\/infoecos.com.ar\/wp-content\/uploads\/2024\/03\/cropped-logo.png\",\"width\":374,\"height\":90,\"caption\":\"Infoecos\"},\"image\":{\"@id\":\"https:\/\/infoecos.com.ar\/#\/schema\/logo\/image\/\"},\"sameAs\":[\"https:\/\/www.facebook.com\/profile.php?id=100063200290284\",\"https:\/\/x.com\/infoecos\"]},{\"@type\":\"Person\",\"@id\":\"https:\/\/infoecos.com.ar\/#\/schema\/person\/8f5ace5ce73b4b4aac4b7245aee6f191\",\"name\":\"Jorge Matheus\",\"url\":\"https:\/\/infoecos.com.ar\/index.php\/author\/jomatheus\/\"}]}<\/script>\n<!-- \/ Yoast SEO plugin. -->","yoast_head_json":{"title":"Los festejos por el 157 aniversario de Lincoln se desarrollar\u00e1n los d\u00edas 23 y 24 de Julio - Infoecos","robots":{"index":"index","follow":"follow","max-snippet":"max-snippet:-1","max-image-preview":"max-image-preview:large","max-video-preview":"max-video-preview:-1"},"canonical":"https:\/\/infoecos.com.ar\/index.php\/los-festejos-por-el-157-aniversario-de-lincoln-se-desarrollaran-los-dias-23-y-24-de-julio\/","og_locale":"es_ES","og_type":"article","og_title":"Los festejos por el 157 aniversario de Lincoln se desarrollar\u00e1n los d\u00edas 23 y 24 de Julio - Infoecos","og_description":"En conferencia de prensa el Intendente de Lincoln, Salvador Serenal brind\u00f3 detalles sobre las distintas\u00a0actividades y espect\u00e1culos","og_url":"https:\/\/infoecos.com.ar\/index.php\/los-festejos-por-el-157-aniversario-de-lincoln-se-desarrollaran-los-dias-23-y-24-de-julio\/","og_site_name":"Infoecos","article_publisher":"https:\/\/www.facebook.com\/profile.php?id=100063200290284","article_published_time":"2022-07-06T04:03:57+00:00","article_modified_time":"2022-07-06T04:03:59+00:00","og_image":[{"width":1600,"height":1066,"url":"https:\/\/infoecos.com.ar\/wp-content\/uploads\/2022\/07\/SERENAL-INTENDENTE-LINCOLN-ANIVERSARIO-2.jpeg","type":"image\/jpeg"}],"author":"Jorge Matheus","twitter_card":"summary_large_image","twitter_creator":"@infoecos","twitter_site":"@infoecos","twitter_misc":{"Escrito por":"Jorge Matheus","Tiempo de lectura":"1 minuto"},"schema":{"@context":"https:\/\/schema.org","@graph":[{"@type":"Article","@id":"https:\/\/infoecos.com.ar\/index.php\/los-festejos-por-el-157-aniversario-de-lincoln-se-desarrollaran-los-dias-23-y-24-de-julio\/#article","isPartOf":{"@id":"https:\/\/infoecos.com.ar\/index.php\/los-festejos-por-el-157-aniversario-de-lincoln-se-desarrollaran-los-dias-23-y-24-de-julio\/"},"author":{"name":"Jorge Matheus","@id":"https:\/\/infoecos.com.ar\/#\/schema\/person\/8f5ace5ce73b4b4aac4b7245aee6f191"},"headline":"Los festejos por el 157 aniversario de Lincoln se desarrollar\u00e1n los d\u00edas 23 y 24 de Julio","datePublished":"2022-07-06T04:03:57+00:00","dateModified":"2022-07-06T04:03:59+00:00","mainEntityOfPage":{"@id":"https:\/\/infoecos.com.ar\/index.php\/los-festejos-por-el-157-aniversario-de-lincoln-se-desarrollaran-los-dias-23-y-24-de-julio\/"},"wordCount":190,"publisher":{"@id":"https:\/\/infoecos.com.ar\/#organization"},"image":{"@id":"https:\/\/infoecos.com.ar\/index.php\/los-festejos-por-el-157-aniversario-de-lincoln-se-desarrollaran-los-dias-23-y-24-de-julio\/#primaryimage"},"thumbnailUrl":"https:\/\/infoecos.com.ar\/wp-content\/uploads\/2022\/07\/SERENAL-INTENDENTE-LINCOLN-ANIVERSARIO-2.jpeg","keywords":["el 19 ser\u00e1 el acto protocolar"],"articleSection":["C1 N4"],"inLanguage":"es"},{"@type":"WebPage","@id":"https:\/\/infoecos.com.ar\/index.php\/los-festejos-por-el-157-aniversario-de-lincoln-se-desarrollaran-los-dias-23-y-24-de-julio\/","url":"https:\/\/infoecos.com.ar\/index.php\/los-festejos-por-el-157-aniversario-de-lincoln-se-desarrollaran-los-dias-23-y-24-de-julio\/","name":"Los festejos por el 157 aniversario de Lincoln se desarrollar\u00e1n los d\u00edas 23 y 24 de Julio - Infoecos","isPartOf":{"@id":"https:\/\/infoecos.com.ar\/#website"},"primaryImageOfPage":{"@id":"https:\/\/infoecos.com.ar\/index.php\/los-festejos-por-el-157-aniversario-de-lincoln-se-desarrollaran-los-dias-23-y-24-de-julio\/#primaryimage"},"image":{"@id":"https:\/\/infoecos.com.ar\/index.php\/los-festejos-por-el-157-aniversario-de-lincoln-se-desarrollaran-los-dias-23-y-24-de-julio\/#primaryimage"},"thumbnailUrl":"https:\/\/infoecos.com.ar\/wp-content\/uploads\/2022\/07\/SERENAL-INTENDENTE-LINCOLN-ANIVERSARIO-2.jpeg","datePublished":"2022-07-06T04:03:57+00:00","dateModified":"2022-07-06T04:03:59+00:00","breadcrumb":{"@id":"https:\/\/infoecos.com.ar\/index.php\/los-festejos-por-el-157-aniversario-de-lincoln-se-desarrollaran-los-dias-23-y-24-de-julio\/#breadcrumb"},"inLanguage":"es","potentialAction":[{"@type":"ReadAction","target":["https:\/\/infoecos.com.ar\/index.php\/los-festejos-por-el-157-aniversario-de-lincoln-se-desarrollaran-los-dias-23-y-24-de-julio\/"]}]},{"@type":"ImageObject","inLanguage":"es","@id":"https:\/\/infoecos.com.ar\/index.php\/los-festejos-por-el-157-aniversario-de-lincoln-se-desarrollaran-los-dias-23-y-24-de-julio\/#primaryimage","url":"https:\/\/infoecos.com.ar\/wp-content\/uploads\/2022\/07\/SERENAL-INTENDENTE-LINCOLN-ANIVERSARIO-2.jpeg","contentUrl":"https:\/\/infoecos.com.ar\/wp-content\/uploads\/2022\/07\/SERENAL-INTENDENTE-LINCOLN-ANIVERSARIO-2.jpeg","width":1600,"height":1066},{"@type":"BreadcrumbList","@id":"https:\/\/infoecos.com.ar\/index.php\/los-festejos-por-el-157-aniversario-de-lincoln-se-desarrollaran-los-dias-23-y-24-de-julio\/#breadcrumb","itemListElement":[{"@type":"ListItem","position":1,"name":"Portada","item":"https:\/\/infoecos.com.ar\/"},{"@type":"ListItem","position":2,"name":"Los festejos por el 157 aniversario de Lincoln se desarrollar\u00e1n los d\u00edas 23 y 24 de Julio"}]},{"@type":"WebSite","@id":"https:\/\/infoecos.com.ar\/#website","url":"https:\/\/infoecos.com.ar\/","name":"Infoecos","description":"Noticias de trenque lauquen y la zona","publisher":{"@id":"https:\/\/infoecos.com.ar\/#organization"},"alternateName":"Noticias","potentialAction":[{"@type":"SearchAction","target":{"@type":"EntryPoint","urlTemplate":"https:\/\/infoecos.com.ar\/?s={search_term_string}"},"query-input":{"@type":"PropertyValueSpecification","valueRequired":true,"valueName":"search_term_string"}}],"inLanguage":"es"},{"@type":"Organization","@id":"https:\/\/infoecos.com.ar\/#organization","name":"Infoecos","alternateName":"Noticias","url":"https:\/\/infoecos.com.ar\/","logo":{"@type":"ImageObject","inLanguage":"es","@id":"https:\/\/infoecos.com.ar\/#\/schema\/logo\/image\/","url":"https:\/\/infoecos.com.ar\/wp-content\/uploads\/2024\/03\/cropped-logo.png","contentUrl":"https:\/\/infoecos.com.ar\/wp-content\/uploads\/2024\/03\/cropped-logo.png","width":374,"height":90,"caption":"Infoecos"},"image":{"@id":"https:\/\/infoecos.com.ar\/#\/schema\/logo\/image\/"},"sameAs":["https:\/\/www.facebook.com\/profile.php?id=100063200290284","https:\/\/x.com\/infoecos"]},{"@type":"Person","@id":"https:\/\/infoecos.com.ar\/#\/schema\/person\/8f5ace5ce73b4b4aac4b7245aee6f191","name":"Jorge Matheus","url":"https:\/\/infoecos.com.ar\/index.php\/author\/jomatheus\/"}]}},"featured_image_urls":{"full":["https:\/\/infoecos.com.ar\/wp-content\/uploads\/2022\/07\/SERENAL-INTENDENTE-LINCOLN-ANIVERSARIO-2.jpeg",1600,1066,false],"thumbnail":["https:\/\/infoecos.com.ar\/wp-content\/uploads\/2022\/07\/SERENAL-INTENDENTE-LINCOLN-ANIVERSARIO-2-150x150.jpeg",150,150,true],"medium":["https:\/\/infoecos.com.ar\/wp-content\/uploads\/2022\/07\/SERENAL-INTENDENTE-LINCOLN-ANIVERSARIO-2-460x306.jpeg",460,306,true],"medium_large":["https:\/\/infoecos.com.ar\/wp-content\/uploads\/2022\/07\/SERENAL-INTENDENTE-LINCOLN-ANIVERSARIO-2-768x512.jpeg",640,427,true],"large":["https:\/\/infoecos.com.ar\/wp-content\/uploads\/2022\/07\/SERENAL-INTENDENTE-LINCOLN-ANIVERSARIO-2-920x613.jpeg",640,426,true],"1536x1536":["https:\/\/infoecos.com.ar\/wp-content\/uploads\/2022\/07\/SERENAL-INTENDENTE-LINCOLN-ANIVERSARIO-2-1536x1023.jpeg",1536,1023,true],"2048x2048":["https:\/\/infoecos.com.ar\/wp-content\/uploads\/2022\/07\/SERENAL-INTENDENTE-LINCOLN-ANIVERSARIO-2.jpeg",1600,1066,false],"covernews-slider-full":["https:\/\/infoecos.com.ar\/wp-content\/uploads\/2022\/07\/SERENAL-INTENDENTE-LINCOLN-ANIVERSARIO-2-1536x1020.jpeg",1077,715,true],"covernews-slider-center":["https:\/\/infoecos.com.ar\/wp-content\/uploads\/2022\/07\/SERENAL-INTENDENTE-LINCOLN-ANIVERSARIO-2-936x897.jpeg",522,500,true],"covernews-featured":["https:\/\/infoecos.com.ar\/wp-content\/uploads\/2022\/07\/SERENAL-INTENDENTE-LINCOLN-ANIVERSARIO-2-1024x682.jpeg",1024,682,true],"covernews-medium":["https:\/\/infoecos.com.ar\/wp-content\/uploads\/2022\/07\/SERENAL-INTENDENTE-LINCOLN-ANIVERSARIO-2-720x380.jpeg",540,285,true],"covernews-medium-square":["https:\/\/infoecos.com.ar\/wp-content\/uploads\/2022\/07\/SERENAL-INTENDENTE-LINCOLN-ANIVERSARIO-2-675x450.jpeg",375,250,true]},"author_info":{"info":["Jorge Matheus"]},"category_info":"<a href=\"https:\/\/infoecos.com.ar\/index.php\/category\/c1nota4\/\" rel=\"category tag\">C1 N4<\/a>","tag_info":"C1 N4","comment_count":"0","_links":{"self":[{"href":"https:\/\/infoecos.com.ar\/index.php\/wp-json\/wp\/v2\/posts\/93936"}],"collection":[{"href":"https:\/\/infoecos.com.ar\/index.php\/wp-json\/wp\/v2\/posts"}],"about":[{"href":"https:\/\/infoecos.com.ar\/index.php\/wp-json\/wp\/v2\/types\/post"}],"author":[{"embeddable":true,"href":"https:\/\/infoecos.com.ar\/index.php\/wp-json\/wp\/v2\/users\/2"}],"replies":[{"embeddable":true,"href":"https:\/\/infoecos.com.ar\/index.php\/wp-json\/wp\/v2\/comments?post=93936"}],"version-history":[{"count":1,"href":"https:\/\/infoecos.com.ar\/index.php\/wp-json\/wp\/v2\/posts\/93936\/revisions"}],"predecessor-version":[{"id":93938,"href":"https:\/\/infoecos.com.ar\/index.php\/wp-json\/wp\/v2\/posts\/93936\/revisions\/93938"}],"wp:featuredmedia":[{"embeddable":true,"href":"https:\/\/infoecos.com.ar\/index.php\/wp-json\/wp\/v2\/media\/93937"}],"wp:attachment":[{"href":"https:\/\/infoecos.com.ar\/index.php\/wp-json\/wp\/v2\/media?parent=93936"}],"wp:term":[{"taxonomy":"category","embeddable":true,"href":"https:\/\/infoecos.com.ar\/index.php\/wp-json\/wp\/v2\/categories?post=93936"},{"taxonomy":"post_tag","embeddable":true,"href":"https:\/\/infoecos.com.ar\/index.php\/wp-json\/wp\/v2\/tags?post=93936"}],"curies":[{"name":"wp","href":"https:\/\/api.w.org\/{rel}","templated":true}]}}