{"id":93945,"date":"2022-07-06T01:24:33","date_gmt":"2022-07-06T04:24:33","guid":{"rendered":"http:\/\/infoecos.com.ar\/?p=93945"},"modified":"2022-07-06T01:24:34","modified_gmt":"2022-07-06T04:24:34","slug":"valentin-miranda-brindo-mas-detalles-del-viaje-realizado-a-jujuy-y-elogio-la-gestion-de-morales","status":"publish","type":"post","link":"https:\/\/infoecos.com.ar\/index.php\/valentin-miranda-brindo-mas-detalles-del-viaje-realizado-a-jujuy-y-elogio-la-gestion-de-morales\/","title":{"rendered":"Valent\u00edn Miranda brind\u00f3 m\u00e1s detalles del viaje realizado a Jujuy y elogi\u00f3 la gesti\u00f3n de Morales"},"content":{"rendered":"\n<p>El diputado provincial de Juntos por el Cambio, Valent\u00edn Miranda, brind\u00f3 detalles de la visita que concretaron a Jujuy. <\/p>\n\n\n\n<p>A trav\u00e9s de un parte de prensa dio cuenta que  form\u00f3 parte del intercambio de experiencias de gesti\u00f3n que viene realizando la Fundaci\u00f3n Poder: Primero fue el turno de conocer el modelo de Mendoza y el pr\u00f3ximo destino ser\u00e1 Corrientes.<\/p>\n\n\n\n<figure class=\"wp-block-image aligncenter size-large is-resized\"><img loading=\"lazy\" decoding=\"async\" src=\"http:\/\/infoecos.com.ar\/wp-content\/uploads\/2022\/07\/miranda-en-junu-1-920x447.jpeg\" alt=\"\" class=\"wp-image-93946\" width=\"611\" height=\"297\" srcset=\"https:\/\/infoecos.com.ar\/wp-content\/uploads\/2022\/07\/miranda-en-junu-1-920x447.jpeg 920w, https:\/\/infoecos.com.ar\/wp-content\/uploads\/2022\/07\/miranda-en-junu-1-460x224.jpeg 460w, https:\/\/infoecos.com.ar\/wp-content\/uploads\/2022\/07\/miranda-en-junu-1-768x373.jpeg 768w, https:\/\/infoecos.com.ar\/wp-content\/uploads\/2022\/07\/miranda-en-junu-1-1024x498.jpeg 1024w, https:\/\/infoecos.com.ar\/wp-content\/uploads\/2022\/07\/miranda-en-junu-1.jpeg 1280w\" sizes=\"(max-width: 611px) 100vw, 611px\" \/><\/figure>\n\n\n\n<p>En Jujuy, los participantes asistieron a una charla con la ministra de Ambiente y Cambio Clim\u00e1tico, Mar\u00eda In\u00e9s Zigar\u00e1n, donde se abord\u00f3 el trabajo que vienen realizando en el tratamiento integral de residuos s\u00f3lidos urbanos y recorrieron el Centro Ambiental desde donde el gobierno provincial est\u00e1 avanzando en una soluci\u00f3n integral considerando la escasez de recursos de los municipios para hacer frente a este tipo de problem\u00e1ticas.<\/p>\n\n\n\n<figure class=\"wp-block-image aligncenter size-large is-resized\"><img loading=\"lazy\" decoding=\"async\" src=\"http:\/\/infoecos.com.ar\/wp-content\/uploads\/2022\/07\/miranda-en-junu-2-920x447.jpeg\" alt=\"\" class=\"wp-image-93947\" width=\"577\" height=\"280\" srcset=\"https:\/\/infoecos.com.ar\/wp-content\/uploads\/2022\/07\/miranda-en-junu-2-920x447.jpeg 920w, https:\/\/infoecos.com.ar\/wp-content\/uploads\/2022\/07\/miranda-en-junu-2-460x224.jpeg 460w, https:\/\/infoecos.com.ar\/wp-content\/uploads\/2022\/07\/miranda-en-junu-2-768x373.jpeg 768w, https:\/\/infoecos.com.ar\/wp-content\/uploads\/2022\/07\/miranda-en-junu-2-1024x498.jpeg 1024w, https:\/\/infoecos.com.ar\/wp-content\/uploads\/2022\/07\/miranda-en-junu-2.jpeg 1280w\" sizes=\"(max-width: 577px) 100vw, 577px\" \/><\/figure>\n\n\n\n<p>Los asistentes tuvieron la oportunidad tambi\u00e9n de visitar Cannaba, la empresa del Estado creada por la Provincia para la producci\u00f3n de cannabis medicinal donde se invirtieron unos 20 millones de d\u00f3lares en todo el proceso de producci\u00f3n que le permite ahora a la Provincia proveer a las farmacias de Jujuy con un medicamento seguro, investigado y trazado, buscando llegar a todo el pa\u00eds como un pr\u00f3ximo paso.<\/p>\n\n\n\n<p>Los asistentes compartieron una cena con el gobernador Gerardo Morales, quien en la primera jornada hab\u00eda inaugurado una escuela en el marco de un Programa de inversiones para construir 258 establecimientos educativos, donde intercambiaron opiniones y miradas sobre las gestiones locales y debatieron una visi\u00f3n en com\u00fan sobre las problem\u00e1ticas del pa\u00eds, que no encuentran un abordaje apropiado por el gobierno nacional y que expone a los ciudadanos a serias dificultades econ\u00f3micas diarias y frena el crecimiento y la inversi\u00f3n.<\/p>\n\n\n\n<p>Las actividades continuaron con una visita a Cauchari, el parque solar m\u00e1s importante de Latinoam\u00e9rica.<\/p>\n\n\n\n<p>\u201cFue altamente productivo y nos dio un panorama muy concreto de c\u00f3mo trabajar en el presente pensando en el futuro\u201d, coment\u00f3 el diputado provincial Valent\u00edn Miranda. Y acot\u00f3 que \u201ccuenta hoy con un mill\u00f3n de paneles solares en uno de los lugares de radiaci\u00f3n solar m\u00e1s importantes del mundo. A partir de eso se abastece el 70% de la energ\u00eda de Jujuy y ya tienen nuevas inversiones para ampliar la planta\u201d.<\/p>\n\n\n\n<figure class=\"wp-block-image aligncenter size-large is-resized\"><img loading=\"lazy\" decoding=\"async\" src=\"http:\/\/infoecos.com.ar\/wp-content\/uploads\/2022\/07\/miranda-en-junu-3-920x518.jpeg\" alt=\"\" class=\"wp-image-93948\" width=\"591\" height=\"332\" srcset=\"https:\/\/infoecos.com.ar\/wp-content\/uploads\/2022\/07\/miranda-en-junu-3-920x518.jpeg 920w, https:\/\/infoecos.com.ar\/wp-content\/uploads\/2022\/07\/miranda-en-junu-3-460x259.jpeg 460w, https:\/\/infoecos.com.ar\/wp-content\/uploads\/2022\/07\/miranda-en-junu-3-768x432.jpeg 768w, https:\/\/infoecos.com.ar\/wp-content\/uploads\/2022\/07\/miranda-en-junu-3-1536x864.jpeg 1536w, https:\/\/infoecos.com.ar\/wp-content\/uploads\/2022\/07\/miranda-en-junu-3-1024x576.jpeg 1024w, https:\/\/infoecos.com.ar\/wp-content\/uploads\/2022\/07\/miranda-en-junu-3.jpeg 1600w\" sizes=\"(max-width: 591px) 100vw, 591px\" \/><\/figure>\n\n\n\n<p>El legislador se\u00f1al\u00f3 a modo de s\u00edntesis que \u201cconocimos un modelo de gesti\u00f3n que desafi\u00f3 la mirada centralista hist\u00f3rica dependiente del Estado que limitaba el crecimiento y la creatividad de su poblaci\u00f3n apostando en los \u00faltimos a\u00f1os a un cambio de matriz productiva, generando empleo genuino y desarrollo y resolviendo las problem\u00e1ticas actuales, pero tambi\u00e9n tendiendo un puente hacia el futuro con las energ\u00edas renovables, el impulso del litio y la producci\u00f3n de cannabis medicinal\u201d.<\/p>\n\n\n\n<p>El legislador de Juntos plante\u00f3 que el modelo juje\u00f1o se explica a partir de \u201cun Estado presente en serio, que trabaja para potenciar al sector privado en todas las escalas, que combina cuidado del ambiente y crecimiento econ\u00f3mico, y que no tiene en la agenda la discusi\u00f3n est\u00e9ril entre dirigentes sino la b\u00fasqueda mediante consensos de las mejores herramientas para el impulso pleno de todos los segmentos de la econom\u00eda local\u201d.<\/p>\n","protected":false},"excerpt":{"rendered":"<p>Visitaron Cannaba, la empresa del Estado creada por la Provincia para la producci\u00f3n de cannabis medicinal, el parque solar m\u00e1s importante de Latinoam\u00e9rica y el sistema de reciclaje<\/p>\n","protected":false},"author":2,"featured_media":93948,"comment_status":"closed","ping_status":"open","sticky":false,"template":"","format":"standard","meta":{"footnotes":""},"categories":[48],"tags":[6234],"class_list":["post-93945","post","type-post","status-publish","format-standard","has-post-thumbnail","hentry","category-c2nota3","tag-la-semana-anterior"],"yoast_head":"<!-- This site is optimized with the Yoast SEO plugin v23.4 - https:\/\/yoast.com\/wordpress\/plugins\/seo\/ -->\n<title>Valent\u00edn Miranda brind\u00f3 m\u00e1s detalles del viaje realizado a Jujuy y elogi\u00f3 la gesti\u00f3n de Morales - Infoecos<\/title>\n<meta name=\"robots\" content=\"index, follow, max-snippet:-1, max-image-preview:large, max-video-preview:-1\" \/>\n<link rel=\"canonical\" href=\"https:\/\/infoecos.com.ar\/index.php\/valentin-miranda-brindo-mas-detalles-del-viaje-realizado-a-jujuy-y-elogio-la-gestion-de-morales\/\" \/>\n<meta property=\"og:locale\" content=\"es_ES\" \/>\n<meta property=\"og:type\" content=\"article\" \/>\n<meta property=\"og:title\" content=\"Valent\u00edn Miranda brind\u00f3 m\u00e1s detalles del viaje realizado a Jujuy y elogi\u00f3 la gesti\u00f3n de Morales - Infoecos\" \/>\n<meta property=\"og:description\" content=\"Visitaron Cannaba, la empresa del Estado creada por la Provincia para la producci\u00f3n de cannabis medicinal, el parque solar m\u00e1s importante de Latinoam\u00e9rica y el sistema de reciclaje\" \/>\n<meta property=\"og:url\" content=\"https:\/\/infoecos.com.ar\/index.php\/valentin-miranda-brindo-mas-detalles-del-viaje-realizado-a-jujuy-y-elogio-la-gestion-de-morales\/\" \/>\n<meta property=\"og:site_name\" content=\"Infoecos\" \/>\n<meta property=\"article:publisher\" content=\"https:\/\/www.facebook.com\/profile.php?id=100063200290284\" \/>\n<meta property=\"article:published_time\" content=\"2022-07-06T04:24:33+00:00\" \/>\n<meta property=\"article:modified_time\" content=\"2022-07-06T04:24:34+00:00\" \/>\n<meta property=\"og:image\" content=\"https:\/\/infoecos.com.ar\/wp-content\/uploads\/2022\/07\/miranda-en-junu-3.jpeg\" \/>\n\t<meta property=\"og:image:width\" content=\"1600\" \/>\n\t<meta property=\"og:image:height\" content=\"900\" \/>\n\t<meta property=\"og:image:type\" content=\"image\/jpeg\" \/>\n<meta name=\"author\" content=\"Jorge Matheus\" \/>\n<meta name=\"twitter:card\" content=\"summary_large_image\" \/>\n<meta name=\"twitter:creator\" content=\"@infoecos\" \/>\n<meta name=\"twitter:site\" content=\"@infoecos\" \/>\n<meta name=\"twitter:label1\" content=\"Escrito por\" \/>\n\t<meta name=\"twitter:data1\" content=\"Jorge Matheus\" \/>\n\t<meta name=\"twitter:label2\" content=\"Tiempo de lectura\" \/>\n\t<meta name=\"twitter:data2\" content=\"3 minutos\" \/>\n<script type=\"application\/ld+json\" class=\"yoast-schema-graph\">{\"@context\":\"https:\/\/schema.org\",\"@graph\":[{\"@type\":\"Article\",\"@id\":\"https:\/\/infoecos.com.ar\/index.php\/valentin-miranda-brindo-mas-detalles-del-viaje-realizado-a-jujuy-y-elogio-la-gestion-de-morales\/#article\",\"isPartOf\":{\"@id\":\"https:\/\/infoecos.com.ar\/index.php\/valentin-miranda-brindo-mas-detalles-del-viaje-realizado-a-jujuy-y-elogio-la-gestion-de-morales\/\"},\"author\":{\"name\":\"Jorge Matheus\",\"@id\":\"https:\/\/infoecos.com.ar\/#\/schema\/person\/8f5ace5ce73b4b4aac4b7245aee6f191\"},\"headline\":\"Valent\u00edn Miranda brind\u00f3 m\u00e1s detalles del viaje realizado a Jujuy y elogi\u00f3 la gesti\u00f3n de Morales\",\"datePublished\":\"2022-07-06T04:24:33+00:00\",\"dateModified\":\"2022-07-06T04:24:34+00:00\",\"mainEntityOfPage\":{\"@id\":\"https:\/\/infoecos.com.ar\/index.php\/valentin-miranda-brindo-mas-detalles-del-viaje-realizado-a-jujuy-y-elogio-la-gestion-de-morales\/\"},\"wordCount\":570,\"publisher\":{\"@id\":\"https:\/\/infoecos.com.ar\/#organization\"},\"image\":{\"@id\":\"https:\/\/infoecos.com.ar\/index.php\/valentin-miranda-brindo-mas-detalles-del-viaje-realizado-a-jujuy-y-elogio-la-gestion-de-morales\/#primaryimage\"},\"thumbnailUrl\":\"https:\/\/infoecos.com.ar\/wp-content\/uploads\/2022\/07\/miranda-en-junu-3.jpeg\",\"keywords\":[\"LA SEMANA ANTERIOR\"],\"articleSection\":[\"C2 N3\"],\"inLanguage\":\"es\"},{\"@type\":\"WebPage\",\"@id\":\"https:\/\/infoecos.com.ar\/index.php\/valentin-miranda-brindo-mas-detalles-del-viaje-realizado-a-jujuy-y-elogio-la-gestion-de-morales\/\",\"url\":\"https:\/\/infoecos.com.ar\/index.php\/valentin-miranda-brindo-mas-detalles-del-viaje-realizado-a-jujuy-y-elogio-la-gestion-de-morales\/\",\"name\":\"Valent\u00edn Miranda brind\u00f3 m\u00e1s detalles del viaje realizado a Jujuy y elogi\u00f3 la gesti\u00f3n de Morales - Infoecos\",\"isPartOf\":{\"@id\":\"https:\/\/infoecos.com.ar\/#website\"},\"primaryImageOfPage\":{\"@id\":\"https:\/\/infoecos.com.ar\/index.php\/valentin-miranda-brindo-mas-detalles-del-viaje-realizado-a-jujuy-y-elogio-la-gestion-de-morales\/#primaryimage\"},\"image\":{\"@id\":\"https:\/\/infoecos.com.ar\/index.php\/valentin-miranda-brindo-mas-detalles-del-viaje-realizado-a-jujuy-y-elogio-la-gestion-de-morales\/#primaryimage\"},\"thumbnailUrl\":\"https:\/\/infoecos.com.ar\/wp-content\/uploads\/2022\/07\/miranda-en-junu-3.jpeg\",\"datePublished\":\"2022-07-06T04:24:33+00:00\",\"dateModified\":\"2022-07-06T04:24:34+00:00\",\"breadcrumb\":{\"@id\":\"https:\/\/infoecos.com.ar\/index.php\/valentin-miranda-brindo-mas-detalles-del-viaje-realizado-a-jujuy-y-elogio-la-gestion-de-morales\/#breadcrumb\"},\"inLanguage\":\"es\",\"potentialAction\":[{\"@type\":\"ReadAction\",\"target\":[\"https:\/\/infoecos.com.ar\/index.php\/valentin-miranda-brindo-mas-detalles-del-viaje-realizado-a-jujuy-y-elogio-la-gestion-de-morales\/\"]}]},{\"@type\":\"ImageObject\",\"inLanguage\":\"es\",\"@id\":\"https:\/\/infoecos.com.ar\/index.php\/valentin-miranda-brindo-mas-detalles-del-viaje-realizado-a-jujuy-y-elogio-la-gestion-de-morales\/#primaryimage\",\"url\":\"https:\/\/infoecos.com.ar\/wp-content\/uploads\/2022\/07\/miranda-en-junu-3.jpeg\",\"contentUrl\":\"https:\/\/infoecos.com.ar\/wp-content\/uploads\/2022\/07\/miranda-en-junu-3.jpeg\",\"width\":1600,\"height\":900},{\"@type\":\"BreadcrumbList\",\"@id\":\"https:\/\/infoecos.com.ar\/index.php\/valentin-miranda-brindo-mas-detalles-del-viaje-realizado-a-jujuy-y-elogio-la-gestion-de-morales\/#breadcrumb\",\"itemListElement\":[{\"@type\":\"ListItem\",\"position\":1,\"name\":\"Portada\",\"item\":\"https:\/\/infoecos.com.ar\/\"},{\"@type\":\"ListItem\",\"position\":2,\"name\":\"Valent\u00edn Miranda brind\u00f3 m\u00e1s detalles del viaje realizado a Jujuy y elogi\u00f3 la gesti\u00f3n de Morales\"}]},{\"@type\":\"WebSite\",\"@id\":\"https:\/\/infoecos.com.ar\/#website\",\"url\":\"https:\/\/infoecos.com.ar\/\",\"name\":\"Infoecos\",\"description\":\"Noticias de trenque lauquen y la zona\",\"publisher\":{\"@id\":\"https:\/\/infoecos.com.ar\/#organization\"},\"alternateName\":\"Noticias\",\"potentialAction\":[{\"@type\":\"SearchAction\",\"target\":{\"@type\":\"EntryPoint\",\"urlTemplate\":\"https:\/\/infoecos.com.ar\/?s={search_term_string}\"},\"query-input\":{\"@type\":\"PropertyValueSpecification\",\"valueRequired\":true,\"valueName\":\"search_term_string\"}}],\"inLanguage\":\"es\"},{\"@type\":\"Organization\",\"@id\":\"https:\/\/infoecos.com.ar\/#organization\",\"name\":\"Infoecos\",\"alternateName\":\"Noticias\",\"url\":\"https:\/\/infoecos.com.ar\/\",\"logo\":{\"@type\":\"ImageObject\",\"inLanguage\":\"es\",\"@id\":\"https:\/\/infoecos.com.ar\/#\/schema\/logo\/image\/\",\"url\":\"https:\/\/infoecos.com.ar\/wp-content\/uploads\/2024\/03\/cropped-logo.png\",\"contentUrl\":\"https:\/\/infoecos.com.ar\/wp-content\/uploads\/2024\/03\/cropped-logo.png\",\"width\":374,\"height\":90,\"caption\":\"Infoecos\"},\"image\":{\"@id\":\"https:\/\/infoecos.com.ar\/#\/schema\/logo\/image\/\"},\"sameAs\":[\"https:\/\/www.facebook.com\/profile.php?id=100063200290284\",\"https:\/\/x.com\/infoecos\"]},{\"@type\":\"Person\",\"@id\":\"https:\/\/infoecos.com.ar\/#\/schema\/person\/8f5ace5ce73b4b4aac4b7245aee6f191\",\"name\":\"Jorge Matheus\",\"url\":\"https:\/\/infoecos.com.ar\/index.php\/author\/jomatheus\/\"}]}<\/script>\n<!-- \/ Yoast SEO plugin. -->","yoast_head_json":{"title":"Valent\u00edn Miranda brind\u00f3 m\u00e1s detalles del viaje realizado a Jujuy y elogi\u00f3 la gesti\u00f3n de Morales - Infoecos","robots":{"index":"index","follow":"follow","max-snippet":"max-snippet:-1","max-image-preview":"max-image-preview:large","max-video-preview":"max-video-preview:-1"},"canonical":"https:\/\/infoecos.com.ar\/index.php\/valentin-miranda-brindo-mas-detalles-del-viaje-realizado-a-jujuy-y-elogio-la-gestion-de-morales\/","og_locale":"es_ES","og_type":"article","og_title":"Valent\u00edn Miranda brind\u00f3 m\u00e1s detalles del viaje realizado a Jujuy y elogi\u00f3 la gesti\u00f3n de Morales - Infoecos","og_description":"Visitaron Cannaba, la empresa del Estado creada por la Provincia para la producci\u00f3n de cannabis medicinal, el parque solar m\u00e1s importante de Latinoam\u00e9rica y el sistema de reciclaje","og_url":"https:\/\/infoecos.com.ar\/index.php\/valentin-miranda-brindo-mas-detalles-del-viaje-realizado-a-jujuy-y-elogio-la-gestion-de-morales\/","og_site_name":"Infoecos","article_publisher":"https:\/\/www.facebook.com\/profile.php?id=100063200290284","article_published_time":"2022-07-06T04:24:33+00:00","article_modified_time":"2022-07-06T04:24:34+00:00","og_image":[{"width":1600,"height":900,"url":"https:\/\/infoecos.com.ar\/wp-content\/uploads\/2022\/07\/miranda-en-junu-3.jpeg","type":"image\/jpeg"}],"author":"Jorge Matheus","twitter_card":"summary_large_image","twitter_creator":"@infoecos","twitter_site":"@infoecos","twitter_misc":{"Escrito por":"Jorge Matheus","Tiempo de lectura":"3 minutos"},"schema":{"@context":"https:\/\/schema.org","@graph":[{"@type":"Article","@id":"https:\/\/infoecos.com.ar\/index.php\/valentin-miranda-brindo-mas-detalles-del-viaje-realizado-a-jujuy-y-elogio-la-gestion-de-morales\/#article","isPartOf":{"@id":"https:\/\/infoecos.com.ar\/index.php\/valentin-miranda-brindo-mas-detalles-del-viaje-realizado-a-jujuy-y-elogio-la-gestion-de-morales\/"},"author":{"name":"Jorge Matheus","@id":"https:\/\/infoecos.com.ar\/#\/schema\/person\/8f5ace5ce73b4b4aac4b7245aee6f191"},"headline":"Valent\u00edn Miranda brind\u00f3 m\u00e1s detalles del viaje realizado a Jujuy y elogi\u00f3 la gesti\u00f3n de Morales","datePublished":"2022-07-06T04:24:33+00:00","dateModified":"2022-07-06T04:24:34+00:00","mainEntityOfPage":{"@id":"https:\/\/infoecos.com.ar\/index.php\/valentin-miranda-brindo-mas-detalles-del-viaje-realizado-a-jujuy-y-elogio-la-gestion-de-morales\/"},"wordCount":570,"publisher":{"@id":"https:\/\/infoecos.com.ar\/#organization"},"image":{"@id":"https:\/\/infoecos.com.ar\/index.php\/valentin-miranda-brindo-mas-detalles-del-viaje-realizado-a-jujuy-y-elogio-la-gestion-de-morales\/#primaryimage"},"thumbnailUrl":"https:\/\/infoecos.com.ar\/wp-content\/uploads\/2022\/07\/miranda-en-junu-3.jpeg","keywords":["LA SEMANA ANTERIOR"],"articleSection":["C2 N3"],"inLanguage":"es"},{"@type":"WebPage","@id":"https:\/\/infoecos.com.ar\/index.php\/valentin-miranda-brindo-mas-detalles-del-viaje-realizado-a-jujuy-y-elogio-la-gestion-de-morales\/","url":"https:\/\/infoecos.com.ar\/index.php\/valentin-miranda-brindo-mas-detalles-del-viaje-realizado-a-jujuy-y-elogio-la-gestion-de-morales\/","name":"Valent\u00edn Miranda brind\u00f3 m\u00e1s detalles del viaje realizado a Jujuy y elogi\u00f3 la gesti\u00f3n de Morales - Infoecos","isPartOf":{"@id":"https:\/\/infoecos.com.ar\/#website"},"primaryImageOfPage":{"@id":"https:\/\/infoecos.com.ar\/index.php\/valentin-miranda-brindo-mas-detalles-del-viaje-realizado-a-jujuy-y-elogio-la-gestion-de-morales\/#primaryimage"},"image":{"@id":"https:\/\/infoecos.com.ar\/index.php\/valentin-miranda-brindo-mas-detalles-del-viaje-realizado-a-jujuy-y-elogio-la-gestion-de-morales\/#primaryimage"},"thumbnailUrl":"https:\/\/infoecos.com.ar\/wp-content\/uploads\/2022\/07\/miranda-en-junu-3.jpeg","datePublished":"2022-07-06T04:24:33+00:00","dateModified":"2022-07-06T04:24:34+00:00","breadcrumb":{"@id":"https:\/\/infoecos.com.ar\/index.php\/valentin-miranda-brindo-mas-detalles-del-viaje-realizado-a-jujuy-y-elogio-la-gestion-de-morales\/#breadcrumb"},"inLanguage":"es","potentialAction":[{"@type":"ReadAction","target":["https:\/\/infoecos.com.ar\/index.php\/valentin-miranda-brindo-mas-detalles-del-viaje-realizado-a-jujuy-y-elogio-la-gestion-de-morales\/"]}]},{"@type":"ImageObject","inLanguage":"es","@id":"https:\/\/infoecos.com.ar\/index.php\/valentin-miranda-brindo-mas-detalles-del-viaje-realizado-a-jujuy-y-elogio-la-gestion-de-morales\/#primaryimage","url":"https:\/\/infoecos.com.ar\/wp-content\/uploads\/2022\/07\/miranda-en-junu-3.jpeg","contentUrl":"https:\/\/infoecos.com.ar\/wp-content\/uploads\/2022\/07\/miranda-en-junu-3.jpeg","width":1600,"height":900},{"@type":"BreadcrumbList","@id":"https:\/\/infoecos.com.ar\/index.php\/valentin-miranda-brindo-mas-detalles-del-viaje-realizado-a-jujuy-y-elogio-la-gestion-de-morales\/#breadcrumb","itemListElement":[{"@type":"ListItem","position":1,"name":"Portada","item":"https:\/\/infoecos.com.ar\/"},{"@type":"ListItem","position":2,"name":"Valent\u00edn Miranda brind\u00f3 m\u00e1s detalles del viaje realizado a Jujuy y elogi\u00f3 la gesti\u00f3n de Morales"}]},{"@type":"WebSite","@id":"https:\/\/infoecos.com.ar\/#website","url":"https:\/\/infoecos.com.ar\/","name":"Infoecos","description":"Noticias de trenque lauquen y la zona","publisher":{"@id":"https:\/\/infoecos.com.ar\/#organization"},"alternateName":"Noticias","potentialAction":[{"@type":"SearchAction","target":{"@type":"EntryPoint","urlTemplate":"https:\/\/infoecos.com.ar\/?s={search_term_string}"},"query-input":{"@type":"PropertyValueSpecification","valueRequired":true,"valueName":"search_term_string"}}],"inLanguage":"es"},{"@type":"Organization","@id":"https:\/\/infoecos.com.ar\/#organization","name":"Infoecos","alternateName":"Noticias","url":"https:\/\/infoecos.com.ar\/","logo":{"@type":"ImageObject","inLanguage":"es","@id":"https:\/\/infoecos.com.ar\/#\/schema\/logo\/image\/","url":"https:\/\/infoecos.com.ar\/wp-content\/uploads\/2024\/03\/cropped-logo.png","contentUrl":"https:\/\/infoecos.com.ar\/wp-content\/uploads\/2024\/03\/cropped-logo.png","width":374,"height":90,"caption":"Infoecos"},"image":{"@id":"https:\/\/infoecos.com.ar\/#\/schema\/logo\/image\/"},"sameAs":["https:\/\/www.facebook.com\/profile.php?id=100063200290284","https:\/\/x.com\/infoecos"]},{"@type":"Person","@id":"https:\/\/infoecos.com.ar\/#\/schema\/person\/8f5ace5ce73b4b4aac4b7245aee6f191","name":"Jorge Matheus","url":"https:\/\/infoecos.com.ar\/index.php\/author\/jomatheus\/"}]}},"featured_image_urls":{"full":["https:\/\/infoecos.com.ar\/wp-content\/uploads\/2022\/07\/miranda-en-junu-3.jpeg",1600,900,false],"thumbnail":["https:\/\/infoecos.com.ar\/wp-content\/uploads\/2022\/07\/miranda-en-junu-3-150x150.jpeg",150,150,true],"medium":["https:\/\/infoecos.com.ar\/wp-content\/uploads\/2022\/07\/miranda-en-junu-3-460x259.jpeg",460,259,true],"medium_large":["https:\/\/infoecos.com.ar\/wp-content\/uploads\/2022\/07\/miranda-en-junu-3-768x432.jpeg",640,360,true],"large":["https:\/\/infoecos.com.ar\/wp-content\/uploads\/2022\/07\/miranda-en-junu-3-920x518.jpeg",640,360,true],"1536x1536":["https:\/\/infoecos.com.ar\/wp-content\/uploads\/2022\/07\/miranda-en-junu-3-1536x864.jpeg",1536,864,true],"2048x2048":["https:\/\/infoecos.com.ar\/wp-content\/uploads\/2022\/07\/miranda-en-junu-3.jpeg",1600,900,false],"covernews-slider-full":["https:\/\/infoecos.com.ar\/wp-content\/uploads\/2022\/07\/miranda-en-junu-3-1536x900.jpeg",1115,653,true],"covernews-slider-center":["https:\/\/infoecos.com.ar\/wp-content\/uploads\/2022\/07\/miranda-en-junu-3-936x897.jpeg",522,500,true],"covernews-featured":["https:\/\/infoecos.com.ar\/wp-content\/uploads\/2022\/07\/miranda-en-junu-3-1024x576.jpeg",1024,576,true],"covernews-medium":["https:\/\/infoecos.com.ar\/wp-content\/uploads\/2022\/07\/miranda-en-junu-3-720x380.jpeg",540,285,true],"covernews-medium-square":["https:\/\/infoecos.com.ar\/wp-content\/uploads\/2022\/07\/miranda-en-junu-3-675x450.jpeg",375,250,true]},"author_info":{"info":["Jorge Matheus"]},"category_info":"<a href=\"https:\/\/infoecos.com.ar\/index.php\/category\/c2nota3\/\" rel=\"category tag\">C2 N3<\/a>","tag_info":"C2 N3","comment_count":"0","_links":{"self":[{"href":"https:\/\/infoecos.com.ar\/index.php\/wp-json\/wp\/v2\/posts\/93945"}],"collection":[{"href":"https:\/\/infoecos.com.ar\/index.php\/wp-json\/wp\/v2\/posts"}],"about":[{"href":"https:\/\/infoecos.com.ar\/index.php\/wp-json\/wp\/v2\/types\/post"}],"author":[{"embeddable":true,"href":"https:\/\/infoecos.com.ar\/index.php\/wp-json\/wp\/v2\/users\/2"}],"replies":[{"embeddable":true,"href":"https:\/\/infoecos.com.ar\/index.php\/wp-json\/wp\/v2\/comments?post=93945"}],"version-history":[{"count":1,"href":"https:\/\/infoecos.com.ar\/index.php\/wp-json\/wp\/v2\/posts\/93945\/revisions"}],"predecessor-version":[{"id":93949,"href":"https:\/\/infoecos.com.ar\/index.php\/wp-json\/wp\/v2\/posts\/93945\/revisions\/93949"}],"wp:featuredmedia":[{"embeddable":true,"href":"https:\/\/infoecos.com.ar\/index.php\/wp-json\/wp\/v2\/media\/93948"}],"wp:attachment":[{"href":"https:\/\/infoecos.com.ar\/index.php\/wp-json\/wp\/v2\/media?parent=93945"}],"wp:term":[{"taxonomy":"category","embeddable":true,"href":"https:\/\/infoecos.com.ar\/index.php\/wp-json\/wp\/v2\/categories?post=93945"},{"taxonomy":"post_tag","embeddable":true,"href":"https:\/\/infoecos.com.ar\/index.php\/wp-json\/wp\/v2\/tags?post=93945"}],"curies":[{"name":"wp","href":"https:\/\/api.w.org\/{rel}","templated":true}]}}