{"id":94028,"date":"2022-07-08T02:41:23","date_gmt":"2022-07-08T05:41:23","guid":{"rendered":"http:\/\/infoecos.com.ar\/?p=94028"},"modified":"2022-07-10T12:51:00","modified_gmt":"2022-07-10T15:51:00","slug":"firma-de-convenios-construccion-de-viviendas-para-guamini-garre-laguna-alsina-salazar","status":"publish","type":"post","link":"https:\/\/infoecos.com.ar\/index.php\/firma-de-convenios-construccion-de-viviendas-para-guamini-garre-laguna-alsina-salazar\/","title":{"rendered":"Firma de convenios: construcci\u00f3n de viviendas para Guamin\u00ed, Garr\u00e9, Laguna Alsina, Salazar"},"content":{"rendered":"\n<p>El ministerio de H\u00e1bitat y Desarrollo Urbano bonaerense construir\u00e1 52 viviendas en el municipio de Guamin\u00ed, y otras 28 en Daireaux. En el primer caso se firmaron convenios con una inversi\u00f3n de $363 millones, para la construcci\u00f3n de 32 casas destinadas a familias de Guamin\u00ed, 10 en Garr\u00e9 y 10 Laguna Alsina; en el segundo caso, para construir 28 en la localidad de Salazar, partido de Daireaux, con inversi\u00f3n de $197 millones.<\/p>\n\n\n\n<figure class=\"wp-block-image aligncenter size-full\"><img loading=\"lazy\" decoding=\"async\" width=\"880\" height=\"512\" src=\"http:\/\/infoecos.com.ar\/wp-content\/uploads\/2022\/07\/nobreferreira.jpg\" alt=\"\" class=\"wp-image-94029\" srcset=\"https:\/\/infoecos.com.ar\/wp-content\/uploads\/2022\/07\/nobreferreira.jpg 880w, https:\/\/infoecos.com.ar\/wp-content\/uploads\/2022\/07\/nobreferreira-460x268.jpg 460w, https:\/\/infoecos.com.ar\/wp-content\/uploads\/2022\/07\/nobreferreira-768x447.jpg 768w\" sizes=\"(max-width: 880px) 100vw, 880px\" \/><figcaption>Nobre Ferreira firma el convenio para las viviendas<\/figcaption><\/figure>\n\n\n\n<p>El ministro de H\u00e1bitat y Desarrollo Urbano, Agust\u00edn Simone, acompa\u00f1ado por el administrador del Instituto de la Vivienda (IVBA), Diego Men\u00e9ndez, firm\u00f3 ayer 3 convenios con el intendente de Guamin\u00ed,&nbsp;<strong>Jos\u00e9 Nobre Ferreira.<\/strong><\/p>\n\n\n\n<figure class=\"wp-block-image size-full\"><img loading=\"lazy\" decoding=\"async\" width=\"799\" height=\"532\" src=\"http:\/\/infoecos.com.ar\/wp-content\/uploads\/2022\/07\/acerbo.jpg\" alt=\"\" class=\"wp-image-94030\" srcset=\"https:\/\/infoecos.com.ar\/wp-content\/uploads\/2022\/07\/acerbo.jpg 799w, https:\/\/infoecos.com.ar\/wp-content\/uploads\/2022\/07\/acerbo-460x306.jpg 460w, https:\/\/infoecos.com.ar\/wp-content\/uploads\/2022\/07\/acerbo-768x511.jpg 768w, https:\/\/infoecos.com.ar\/wp-content\/uploads\/2022\/07\/acerbo-675x450.jpg 675w\" sizes=\"(max-width: 799px) 100vw, 799px\" \/><figcaption>Acerbo firma el convenio para viviendas en Salazar<\/figcaption><\/figure>\n\n\n\n<p>En otro&nbsp;<strong>encuentro&nbsp;<\/strong>con el intendente de Daireaux, Alejandro Acerbo, Simone, junto al administrador del Instituto de la Vivienda, Diego Men\u00e9ndez, firm\u00f3 el convenio para la construcci\u00f3n de&nbsp;<strong>28 viviendas en la localidad de Salazar<\/strong>.<\/p>\n\n\n\n<p>El intendente A<strong>lejandro Acerbo<\/strong>&nbsp;destac\u00f3 la celeridad de la gesti\u00f3n para la aprobaci\u00f3n del proyecto y el impacto para motorizar la econom\u00eda local<\/p>\n\n\n\n<p><\/p>\n","protected":false},"excerpt":{"rendered":"<p>El intendente de Daireaux, Alejandro Acerbo, Simone, junto al administrador del Instituto de la Vivienda, Diego Men\u00e9ndez, firm\u00f3 el convenio para la construcci\u00f3n de\u00a028 viviendas en la localidad de Salazar<\/p>\n","protected":false},"author":2,"featured_media":94030,"comment_status":"closed","ping_status":"open","sticky":false,"template":"","format":"standard","meta":{"footnotes":""},"categories":[48,197],"tags":[6095],"class_list":["post-94028","post","type-post","status-publish","format-standard","has-post-thumbnail","hentry","category-c2nota3","category-c3nota4","tag-el-jueves"],"yoast_head":"<!-- This site is optimized with the Yoast SEO plugin v23.4 - https:\/\/yoast.com\/wordpress\/plugins\/seo\/ -->\n<title>Firma de convenios: construcci\u00f3n de viviendas para Guamin\u00ed, Garr\u00e9, Laguna Alsina, Salazar - Infoecos<\/title>\n<meta name=\"robots\" content=\"index, follow, max-snippet:-1, max-image-preview:large, max-video-preview:-1\" \/>\n<link rel=\"canonical\" href=\"https:\/\/infoecos.com.ar\/index.php\/firma-de-convenios-construccion-de-viviendas-para-guamini-garre-laguna-alsina-salazar\/\" \/>\n<meta property=\"og:locale\" content=\"es_ES\" \/>\n<meta property=\"og:type\" content=\"article\" \/>\n<meta property=\"og:title\" content=\"Firma de convenios: construcci\u00f3n de viviendas para Guamin\u00ed, Garr\u00e9, Laguna Alsina, Salazar - Infoecos\" \/>\n<meta property=\"og:description\" content=\"El intendente de Daireaux, Alejandro Acerbo, Simone, junto al administrador del Instituto de la Vivienda, Diego Men\u00e9ndez, firm\u00f3 el convenio para la construcci\u00f3n de\u00a028 viviendas en la localidad de Salazar\" \/>\n<meta property=\"og:url\" content=\"https:\/\/infoecos.com.ar\/index.php\/firma-de-convenios-construccion-de-viviendas-para-guamini-garre-laguna-alsina-salazar\/\" \/>\n<meta property=\"og:site_name\" content=\"Infoecos\" \/>\n<meta property=\"article:publisher\" content=\"https:\/\/www.facebook.com\/profile.php?id=100063200290284\" \/>\n<meta property=\"article:published_time\" content=\"2022-07-08T05:41:23+00:00\" \/>\n<meta property=\"article:modified_time\" content=\"2022-07-10T15:51:00+00:00\" \/>\n<meta property=\"og:image\" content=\"https:\/\/infoecos.com.ar\/wp-content\/uploads\/2022\/07\/acerbo.jpg\" \/>\n\t<meta property=\"og:image:width\" content=\"799\" \/>\n\t<meta property=\"og:image:height\" content=\"532\" \/>\n\t<meta property=\"og:image:type\" content=\"image\/jpeg\" \/>\n<meta name=\"author\" content=\"Jorge Matheus\" \/>\n<meta name=\"twitter:card\" content=\"summary_large_image\" \/>\n<meta name=\"twitter:creator\" content=\"@infoecos\" \/>\n<meta name=\"twitter:site\" content=\"@infoecos\" \/>\n<meta name=\"twitter:label1\" content=\"Escrito por\" \/>\n\t<meta name=\"twitter:data1\" content=\"Jorge Matheus\" \/>\n\t<meta name=\"twitter:label2\" content=\"Tiempo de lectura\" \/>\n\t<meta name=\"twitter:data2\" content=\"1 minuto\" \/>\n<script type=\"application\/ld+json\" class=\"yoast-schema-graph\">{\"@context\":\"https:\/\/schema.org\",\"@graph\":[{\"@type\":\"Article\",\"@id\":\"https:\/\/infoecos.com.ar\/index.php\/firma-de-convenios-construccion-de-viviendas-para-guamini-garre-laguna-alsina-salazar\/#article\",\"isPartOf\":{\"@id\":\"https:\/\/infoecos.com.ar\/index.php\/firma-de-convenios-construccion-de-viviendas-para-guamini-garre-laguna-alsina-salazar\/\"},\"author\":{\"name\":\"Jorge Matheus\",\"@id\":\"https:\/\/infoecos.com.ar\/#\/schema\/person\/8f5ace5ce73b4b4aac4b7245aee6f191\"},\"headline\":\"Firma de convenios: construcci\u00f3n de viviendas para Guamin\u00ed, Garr\u00e9, Laguna Alsina, Salazar\",\"datePublished\":\"2022-07-08T05:41:23+00:00\",\"dateModified\":\"2022-07-10T15:51:00+00:00\",\"mainEntityOfPage\":{\"@id\":\"https:\/\/infoecos.com.ar\/index.php\/firma-de-convenios-construccion-de-viviendas-para-guamini-garre-laguna-alsina-salazar\/\"},\"wordCount\":200,\"publisher\":{\"@id\":\"https:\/\/infoecos.com.ar\/#organization\"},\"image\":{\"@id\":\"https:\/\/infoecos.com.ar\/index.php\/firma-de-convenios-construccion-de-viviendas-para-guamini-garre-laguna-alsina-salazar\/#primaryimage\"},\"thumbnailUrl\":\"https:\/\/infoecos.com.ar\/wp-content\/uploads\/2022\/07\/acerbo.jpg\",\"keywords\":[\"EL JUEVES\"],\"articleSection\":[\"C2 N3\",\"C3 N4\"],\"inLanguage\":\"es\"},{\"@type\":\"WebPage\",\"@id\":\"https:\/\/infoecos.com.ar\/index.php\/firma-de-convenios-construccion-de-viviendas-para-guamini-garre-laguna-alsina-salazar\/\",\"url\":\"https:\/\/infoecos.com.ar\/index.php\/firma-de-convenios-construccion-de-viviendas-para-guamini-garre-laguna-alsina-salazar\/\",\"name\":\"Firma de convenios: construcci\u00f3n de viviendas para Guamin\u00ed, Garr\u00e9, Laguna Alsina, Salazar - Infoecos\",\"isPartOf\":{\"@id\":\"https:\/\/infoecos.com.ar\/#website\"},\"primaryImageOfPage\":{\"@id\":\"https:\/\/infoecos.com.ar\/index.php\/firma-de-convenios-construccion-de-viviendas-para-guamini-garre-laguna-alsina-salazar\/#primaryimage\"},\"image\":{\"@id\":\"https:\/\/infoecos.com.ar\/index.php\/firma-de-convenios-construccion-de-viviendas-para-guamini-garre-laguna-alsina-salazar\/#primaryimage\"},\"thumbnailUrl\":\"https:\/\/infoecos.com.ar\/wp-content\/uploads\/2022\/07\/acerbo.jpg\",\"datePublished\":\"2022-07-08T05:41:23+00:00\",\"dateModified\":\"2022-07-10T15:51:00+00:00\",\"breadcrumb\":{\"@id\":\"https:\/\/infoecos.com.ar\/index.php\/firma-de-convenios-construccion-de-viviendas-para-guamini-garre-laguna-alsina-salazar\/#breadcrumb\"},\"inLanguage\":\"es\",\"potentialAction\":[{\"@type\":\"ReadAction\",\"target\":[\"https:\/\/infoecos.com.ar\/index.php\/firma-de-convenios-construccion-de-viviendas-para-guamini-garre-laguna-alsina-salazar\/\"]}]},{\"@type\":\"ImageObject\",\"inLanguage\":\"es\",\"@id\":\"https:\/\/infoecos.com.ar\/index.php\/firma-de-convenios-construccion-de-viviendas-para-guamini-garre-laguna-alsina-salazar\/#primaryimage\",\"url\":\"https:\/\/infoecos.com.ar\/wp-content\/uploads\/2022\/07\/acerbo.jpg\",\"contentUrl\":\"https:\/\/infoecos.com.ar\/wp-content\/uploads\/2022\/07\/acerbo.jpg\",\"width\":799,\"height\":532},{\"@type\":\"BreadcrumbList\",\"@id\":\"https:\/\/infoecos.com.ar\/index.php\/firma-de-convenios-construccion-de-viviendas-para-guamini-garre-laguna-alsina-salazar\/#breadcrumb\",\"itemListElement\":[{\"@type\":\"ListItem\",\"position\":1,\"name\":\"Portada\",\"item\":\"https:\/\/infoecos.com.ar\/\"},{\"@type\":\"ListItem\",\"position\":2,\"name\":\"Firma de convenios: construcci\u00f3n de viviendas para Guamin\u00ed, Garr\u00e9, Laguna Alsina, Salazar\"}]},{\"@type\":\"WebSite\",\"@id\":\"https:\/\/infoecos.com.ar\/#website\",\"url\":\"https:\/\/infoecos.com.ar\/\",\"name\":\"Infoecos\",\"description\":\"Noticias de trenque lauquen y la zona\",\"publisher\":{\"@id\":\"https:\/\/infoecos.com.ar\/#organization\"},\"alternateName\":\"Noticias\",\"potentialAction\":[{\"@type\":\"SearchAction\",\"target\":{\"@type\":\"EntryPoint\",\"urlTemplate\":\"https:\/\/infoecos.com.ar\/?s={search_term_string}\"},\"query-input\":{\"@type\":\"PropertyValueSpecification\",\"valueRequired\":true,\"valueName\":\"search_term_string\"}}],\"inLanguage\":\"es\"},{\"@type\":\"Organization\",\"@id\":\"https:\/\/infoecos.com.ar\/#organization\",\"name\":\"Infoecos\",\"alternateName\":\"Noticias\",\"url\":\"https:\/\/infoecos.com.ar\/\",\"logo\":{\"@type\":\"ImageObject\",\"inLanguage\":\"es\",\"@id\":\"https:\/\/infoecos.com.ar\/#\/schema\/logo\/image\/\",\"url\":\"https:\/\/infoecos.com.ar\/wp-content\/uploads\/2024\/03\/cropped-logo.png\",\"contentUrl\":\"https:\/\/infoecos.com.ar\/wp-content\/uploads\/2024\/03\/cropped-logo.png\",\"width\":374,\"height\":90,\"caption\":\"Infoecos\"},\"image\":{\"@id\":\"https:\/\/infoecos.com.ar\/#\/schema\/logo\/image\/\"},\"sameAs\":[\"https:\/\/www.facebook.com\/profile.php?id=100063200290284\",\"https:\/\/x.com\/infoecos\"]},{\"@type\":\"Person\",\"@id\":\"https:\/\/infoecos.com.ar\/#\/schema\/person\/8f5ace5ce73b4b4aac4b7245aee6f191\",\"name\":\"Jorge Matheus\",\"url\":\"https:\/\/infoecos.com.ar\/index.php\/author\/jomatheus\/\"}]}<\/script>\n<!-- \/ Yoast SEO plugin. -->","yoast_head_json":{"title":"Firma de convenios: construcci\u00f3n de viviendas para Guamin\u00ed, Garr\u00e9, Laguna Alsina, Salazar - Infoecos","robots":{"index":"index","follow":"follow","max-snippet":"max-snippet:-1","max-image-preview":"max-image-preview:large","max-video-preview":"max-video-preview:-1"},"canonical":"https:\/\/infoecos.com.ar\/index.php\/firma-de-convenios-construccion-de-viviendas-para-guamini-garre-laguna-alsina-salazar\/","og_locale":"es_ES","og_type":"article","og_title":"Firma de convenios: construcci\u00f3n de viviendas para Guamin\u00ed, Garr\u00e9, Laguna Alsina, Salazar - Infoecos","og_description":"El intendente de Daireaux, Alejandro Acerbo, Simone, junto al administrador del Instituto de la Vivienda, Diego Men\u00e9ndez, firm\u00f3 el convenio para la construcci\u00f3n de\u00a028 viviendas en la localidad de Salazar","og_url":"https:\/\/infoecos.com.ar\/index.php\/firma-de-convenios-construccion-de-viviendas-para-guamini-garre-laguna-alsina-salazar\/","og_site_name":"Infoecos","article_publisher":"https:\/\/www.facebook.com\/profile.php?id=100063200290284","article_published_time":"2022-07-08T05:41:23+00:00","article_modified_time":"2022-07-10T15:51:00+00:00","og_image":[{"width":799,"height":532,"url":"https:\/\/infoecos.com.ar\/wp-content\/uploads\/2022\/07\/acerbo.jpg","type":"image\/jpeg"}],"author":"Jorge Matheus","twitter_card":"summary_large_image","twitter_creator":"@infoecos","twitter_site":"@infoecos","twitter_misc":{"Escrito por":"Jorge Matheus","Tiempo de lectura":"1 minuto"},"schema":{"@context":"https:\/\/schema.org","@graph":[{"@type":"Article","@id":"https:\/\/infoecos.com.ar\/index.php\/firma-de-convenios-construccion-de-viviendas-para-guamini-garre-laguna-alsina-salazar\/#article","isPartOf":{"@id":"https:\/\/infoecos.com.ar\/index.php\/firma-de-convenios-construccion-de-viviendas-para-guamini-garre-laguna-alsina-salazar\/"},"author":{"name":"Jorge Matheus","@id":"https:\/\/infoecos.com.ar\/#\/schema\/person\/8f5ace5ce73b4b4aac4b7245aee6f191"},"headline":"Firma de convenios: construcci\u00f3n de viviendas para Guamin\u00ed, Garr\u00e9, Laguna Alsina, Salazar","datePublished":"2022-07-08T05:41:23+00:00","dateModified":"2022-07-10T15:51:00+00:00","mainEntityOfPage":{"@id":"https:\/\/infoecos.com.ar\/index.php\/firma-de-convenios-construccion-de-viviendas-para-guamini-garre-laguna-alsina-salazar\/"},"wordCount":200,"publisher":{"@id":"https:\/\/infoecos.com.ar\/#organization"},"image":{"@id":"https:\/\/infoecos.com.ar\/index.php\/firma-de-convenios-construccion-de-viviendas-para-guamini-garre-laguna-alsina-salazar\/#primaryimage"},"thumbnailUrl":"https:\/\/infoecos.com.ar\/wp-content\/uploads\/2022\/07\/acerbo.jpg","keywords":["EL JUEVES"],"articleSection":["C2 N3","C3 N4"],"inLanguage":"es"},{"@type":"WebPage","@id":"https:\/\/infoecos.com.ar\/index.php\/firma-de-convenios-construccion-de-viviendas-para-guamini-garre-laguna-alsina-salazar\/","url":"https:\/\/infoecos.com.ar\/index.php\/firma-de-convenios-construccion-de-viviendas-para-guamini-garre-laguna-alsina-salazar\/","name":"Firma de convenios: construcci\u00f3n de viviendas para Guamin\u00ed, Garr\u00e9, Laguna Alsina, Salazar - Infoecos","isPartOf":{"@id":"https:\/\/infoecos.com.ar\/#website"},"primaryImageOfPage":{"@id":"https:\/\/infoecos.com.ar\/index.php\/firma-de-convenios-construccion-de-viviendas-para-guamini-garre-laguna-alsina-salazar\/#primaryimage"},"image":{"@id":"https:\/\/infoecos.com.ar\/index.php\/firma-de-convenios-construccion-de-viviendas-para-guamini-garre-laguna-alsina-salazar\/#primaryimage"},"thumbnailUrl":"https:\/\/infoecos.com.ar\/wp-content\/uploads\/2022\/07\/acerbo.jpg","datePublished":"2022-07-08T05:41:23+00:00","dateModified":"2022-07-10T15:51:00+00:00","breadcrumb":{"@id":"https:\/\/infoecos.com.ar\/index.php\/firma-de-convenios-construccion-de-viviendas-para-guamini-garre-laguna-alsina-salazar\/#breadcrumb"},"inLanguage":"es","potentialAction":[{"@type":"ReadAction","target":["https:\/\/infoecos.com.ar\/index.php\/firma-de-convenios-construccion-de-viviendas-para-guamini-garre-laguna-alsina-salazar\/"]}]},{"@type":"ImageObject","inLanguage":"es","@id":"https:\/\/infoecos.com.ar\/index.php\/firma-de-convenios-construccion-de-viviendas-para-guamini-garre-laguna-alsina-salazar\/#primaryimage","url":"https:\/\/infoecos.com.ar\/wp-content\/uploads\/2022\/07\/acerbo.jpg","contentUrl":"https:\/\/infoecos.com.ar\/wp-content\/uploads\/2022\/07\/acerbo.jpg","width":799,"height":532},{"@type":"BreadcrumbList","@id":"https:\/\/infoecos.com.ar\/index.php\/firma-de-convenios-construccion-de-viviendas-para-guamini-garre-laguna-alsina-salazar\/#breadcrumb","itemListElement":[{"@type":"ListItem","position":1,"name":"Portada","item":"https:\/\/infoecos.com.ar\/"},{"@type":"ListItem","position":2,"name":"Firma de convenios: construcci\u00f3n de viviendas para Guamin\u00ed, Garr\u00e9, Laguna Alsina, Salazar"}]},{"@type":"WebSite","@id":"https:\/\/infoecos.com.ar\/#website","url":"https:\/\/infoecos.com.ar\/","name":"Infoecos","description":"Noticias de trenque lauquen y la zona","publisher":{"@id":"https:\/\/infoecos.com.ar\/#organization"},"alternateName":"Noticias","potentialAction":[{"@type":"SearchAction","target":{"@type":"EntryPoint","urlTemplate":"https:\/\/infoecos.com.ar\/?s={search_term_string}"},"query-input":{"@type":"PropertyValueSpecification","valueRequired":true,"valueName":"search_term_string"}}],"inLanguage":"es"},{"@type":"Organization","@id":"https:\/\/infoecos.com.ar\/#organization","name":"Infoecos","alternateName":"Noticias","url":"https:\/\/infoecos.com.ar\/","logo":{"@type":"ImageObject","inLanguage":"es","@id":"https:\/\/infoecos.com.ar\/#\/schema\/logo\/image\/","url":"https:\/\/infoecos.com.ar\/wp-content\/uploads\/2024\/03\/cropped-logo.png","contentUrl":"https:\/\/infoecos.com.ar\/wp-content\/uploads\/2024\/03\/cropped-logo.png","width":374,"height":90,"caption":"Infoecos"},"image":{"@id":"https:\/\/infoecos.com.ar\/#\/schema\/logo\/image\/"},"sameAs":["https:\/\/www.facebook.com\/profile.php?id=100063200290284","https:\/\/x.com\/infoecos"]},{"@type":"Person","@id":"https:\/\/infoecos.com.ar\/#\/schema\/person\/8f5ace5ce73b4b4aac4b7245aee6f191","name":"Jorge Matheus","url":"https:\/\/infoecos.com.ar\/index.php\/author\/jomatheus\/"}]}},"featured_image_urls":{"full":["https:\/\/infoecos.com.ar\/wp-content\/uploads\/2022\/07\/acerbo.jpg",799,532,false],"thumbnail":["https:\/\/infoecos.com.ar\/wp-content\/uploads\/2022\/07\/acerbo-150x150.jpg",150,150,true],"medium":["https:\/\/infoecos.com.ar\/wp-content\/uploads\/2022\/07\/acerbo-460x306.jpg",460,306,true],"medium_large":["https:\/\/infoecos.com.ar\/wp-content\/uploads\/2022\/07\/acerbo-768x511.jpg",640,426,true],"large":["https:\/\/infoecos.com.ar\/wp-content\/uploads\/2022\/07\/acerbo.jpg",640,426,false],"1536x1536":["https:\/\/infoecos.com.ar\/wp-content\/uploads\/2022\/07\/acerbo.jpg",799,532,false],"2048x2048":["https:\/\/infoecos.com.ar\/wp-content\/uploads\/2022\/07\/acerbo.jpg",799,532,false],"covernews-slider-full":["https:\/\/infoecos.com.ar\/wp-content\/uploads\/2022\/07\/acerbo.jpg",799,532,false],"covernews-slider-center":["https:\/\/infoecos.com.ar\/wp-content\/uploads\/2022\/07\/acerbo.jpg",751,500,false],"covernews-featured":["https:\/\/infoecos.com.ar\/wp-content\/uploads\/2022\/07\/acerbo.jpg",799,532,false],"covernews-medium":["https:\/\/infoecos.com.ar\/wp-content\/uploads\/2022\/07\/acerbo-720x380.jpg",540,285,true],"covernews-medium-square":["https:\/\/infoecos.com.ar\/wp-content\/uploads\/2022\/07\/acerbo-675x450.jpg",375,250,true]},"author_info":{"info":["Jorge Matheus"]},"category_info":"<a href=\"https:\/\/infoecos.com.ar\/index.php\/category\/c2nota3\/\" rel=\"category tag\">C2 N3<\/a> <a href=\"https:\/\/infoecos.com.ar\/index.php\/category\/c3nota4\/\" rel=\"category tag\">C3 N4<\/a>","tag_info":"C3 N4","comment_count":"0","_links":{"self":[{"href":"https:\/\/infoecos.com.ar\/index.php\/wp-json\/wp\/v2\/posts\/94028"}],"collection":[{"href":"https:\/\/infoecos.com.ar\/index.php\/wp-json\/wp\/v2\/posts"}],"about":[{"href":"https:\/\/infoecos.com.ar\/index.php\/wp-json\/wp\/v2\/types\/post"}],"author":[{"embeddable":true,"href":"https:\/\/infoecos.com.ar\/index.php\/wp-json\/wp\/v2\/users\/2"}],"replies":[{"embeddable":true,"href":"https:\/\/infoecos.com.ar\/index.php\/wp-json\/wp\/v2\/comments?post=94028"}],"version-history":[{"count":2,"href":"https:\/\/infoecos.com.ar\/index.php\/wp-json\/wp\/v2\/posts\/94028\/revisions"}],"predecessor-version":[{"id":94138,"href":"https:\/\/infoecos.com.ar\/index.php\/wp-json\/wp\/v2\/posts\/94028\/revisions\/94138"}],"wp:featuredmedia":[{"embeddable":true,"href":"https:\/\/infoecos.com.ar\/index.php\/wp-json\/wp\/v2\/media\/94030"}],"wp:attachment":[{"href":"https:\/\/infoecos.com.ar\/index.php\/wp-json\/wp\/v2\/media?parent=94028"}],"wp:term":[{"taxonomy":"category","embeddable":true,"href":"https:\/\/infoecos.com.ar\/index.php\/wp-json\/wp\/v2\/categories?post=94028"},{"taxonomy":"post_tag","embeddable":true,"href":"https:\/\/infoecos.com.ar\/index.php\/wp-json\/wp\/v2\/tags?post=94028"}],"curies":[{"name":"wp","href":"https:\/\/api.w.org\/{rel}","templated":true}]}}