{"id":94038,"date":"2022-07-08T02:58:02","date_gmt":"2022-07-08T05:58:02","guid":{"rendered":"http:\/\/infoecos.com.ar\/?p=94038"},"modified":"2022-07-12T02:34:39","modified_gmt":"2022-07-12T05:34:39","slug":"datos-del-indec-mejoras-en-la-industria-y-la-construccion","status":"publish","type":"post","link":"https:\/\/infoecos.com.ar\/index.php\/datos-del-indec-mejoras-en-la-industria-y-la-construccion\/","title":{"rendered":"Datos del INDEC: mejoras en la industria y la construcci\u00f3n"},"content":{"rendered":"\n<p>La actividad industrial registr\u00f3 en mayo una mejora de 11,9% respecto a igual mes del a\u00f1o pasado, mientras que la construcci\u00f3n marc\u00f3 un avance de 19,9% en igual per\u00edodo, inform\u00f3 el Instituto Nacional de Estad\u00edstica y Censos (Indec).<\/p>\n\n\n\n<p>Frente al mes previo, la actividad fabril tuvo en mayo una baja de 1,1%, en tanto la construcci\u00f3n tuvo un incremento de 0,4% en el cotejo intermensual.<\/p>\n\n\n\n<p>En los primeros cinco meses del a\u00f1o, la actividad industrial acumul\u00f3 un aumento de 5,7% y la construcci\u00f3n mostr\u00f3 una mejora de 6,3%, precis\u00f3 la dependencia oficial.<\/p>\n\n\n\n<figure class=\"wp-block-image size-full\"><img loading=\"lazy\" decoding=\"async\" width=\"900\" height=\"506\" src=\"http:\/\/infoecos.com.ar\/wp-content\/uploads\/2022\/07\/INDUSTRIAACTIVIDAD.jpg\" alt=\"\" class=\"wp-image-94039\" srcset=\"https:\/\/infoecos.com.ar\/wp-content\/uploads\/2022\/07\/INDUSTRIAACTIVIDAD.jpg 900w, https:\/\/infoecos.com.ar\/wp-content\/uploads\/2022\/07\/INDUSTRIAACTIVIDAD-460x259.jpg 460w, https:\/\/infoecos.com.ar\/wp-content\/uploads\/2022\/07\/INDUSTRIAACTIVIDAD-768x432.jpg 768w\" sizes=\"(max-width: 900px) 100vw, 900px\" \/><\/figure>\n\n\n\n<p>Durante mayo, quince de las diecis\u00e9is divisiones de la industria manufacturera presentaron subas interanuales.<\/p>\n\n\n\n<p>En orden respecto de su incidencia en el nivel general, se registraron incrementos en \u201cAlimentos y bebidas\u201d, 8,8%; \u201cPrendas de vestir, cuero y calzado\u201d, 51,1%; \u201cProductos minerales no met\u00e1licos\u201d, 20,2%; \u201cVeh\u00edculos automotores, carrocer\u00edas, remolques y autopartes\u201d, 23,3%; \u201cMadera, papel, edici\u00f3n e impresi\u00f3n\u201d, 11,5%; \u201cMaquinaria y equipo\u201d, 15,8%; \u201cOtros equipos, aparatos e instrumentos\u201d, 24,1%; \u201cSustancias y productos qu\u00edmicos\u201d, 4,2%; \u201cProductos de caucho y pl\u00e1stico\u201d, 11,6%; \u201cRefinaci\u00f3n del petr\u00f3leo, coque y combustible nuclear\u201d, 12,2%.<\/p>\n\n\n\n<p>En tanto, la actividad en \u00abIndustrias met\u00e1licas b\u00e1sicas\u201d, subi\u00f3 5,7%; \u201cMuebles y colchones, y otras industrias manufactureras\u201d, 9,1%; \u201cProductos de metal\u201d, 6,5%; \u201cOtro equipo de transporte\u201d, 63,6%; y \u201cProductos textiles\u201d, 2,4%.<\/p>\n\n\n\n<p>El \u00fanico rubro que marc\u00f3 un retroceso fue \u201cProductos de tabaco\u201d, con una ca\u00edda de 17,4%.<\/p>\n","protected":false},"excerpt":{"rendered":"<p>Durante mayo, quince de las diecis\u00e9is divisiones de la industria manufacturera presentaron subas interanuales<\/p>\n","protected":false},"author":2,"featured_media":94039,"comment_status":"closed","ping_status":"open","sticky":false,"template":"","format":"standard","meta":{"footnotes":""},"categories":[40],"tags":[6253],"class_list":["post-94038","post","type-post","status-publish","format-standard","has-post-thumbnail","hentry","category-inferior1","tag-retroceso-en-el-sector-tabaco"],"yoast_head":"<!-- This site is optimized with the Yoast SEO plugin v23.4 - https:\/\/yoast.com\/wordpress\/plugins\/seo\/ -->\n<title>Datos del INDEC: mejoras en la industria y la construcci\u00f3n - Infoecos<\/title>\n<meta name=\"robots\" content=\"index, follow, max-snippet:-1, max-image-preview:large, max-video-preview:-1\" \/>\n<link rel=\"canonical\" href=\"https:\/\/infoecos.com.ar\/index.php\/datos-del-indec-mejoras-en-la-industria-y-la-construccion\/\" \/>\n<meta property=\"og:locale\" content=\"es_ES\" \/>\n<meta property=\"og:type\" content=\"article\" \/>\n<meta property=\"og:title\" content=\"Datos del INDEC: mejoras en la industria y la construcci\u00f3n - Infoecos\" \/>\n<meta property=\"og:description\" content=\"Durante mayo, quince de las diecis\u00e9is divisiones de la industria manufacturera presentaron subas interanuales\" \/>\n<meta property=\"og:url\" content=\"https:\/\/infoecos.com.ar\/index.php\/datos-del-indec-mejoras-en-la-industria-y-la-construccion\/\" \/>\n<meta property=\"og:site_name\" content=\"Infoecos\" \/>\n<meta property=\"article:publisher\" content=\"https:\/\/www.facebook.com\/profile.php?id=100063200290284\" \/>\n<meta property=\"article:published_time\" content=\"2022-07-08T05:58:02+00:00\" \/>\n<meta property=\"article:modified_time\" content=\"2022-07-12T05:34:39+00:00\" \/>\n<meta property=\"og:image\" content=\"https:\/\/infoecos.com.ar\/wp-content\/uploads\/2022\/07\/INDUSTRIAACTIVIDAD.jpg\" \/>\n\t<meta property=\"og:image:width\" content=\"900\" \/>\n\t<meta property=\"og:image:height\" content=\"506\" \/>\n\t<meta property=\"og:image:type\" content=\"image\/jpeg\" \/>\n<meta name=\"author\" content=\"Jorge Matheus\" \/>\n<meta name=\"twitter:card\" content=\"summary_large_image\" \/>\n<meta name=\"twitter:creator\" content=\"@infoecos\" \/>\n<meta name=\"twitter:site\" content=\"@infoecos\" \/>\n<meta name=\"twitter:label1\" content=\"Escrito por\" \/>\n\t<meta name=\"twitter:data1\" content=\"Jorge Matheus\" \/>\n\t<meta name=\"twitter:label2\" content=\"Tiempo de lectura\" \/>\n\t<meta name=\"twitter:data2\" content=\"1 minuto\" \/>\n<script type=\"application\/ld+json\" class=\"yoast-schema-graph\">{\"@context\":\"https:\/\/schema.org\",\"@graph\":[{\"@type\":\"Article\",\"@id\":\"https:\/\/infoecos.com.ar\/index.php\/datos-del-indec-mejoras-en-la-industria-y-la-construccion\/#article\",\"isPartOf\":{\"@id\":\"https:\/\/infoecos.com.ar\/index.php\/datos-del-indec-mejoras-en-la-industria-y-la-construccion\/\"},\"author\":{\"name\":\"Jorge Matheus\",\"@id\":\"https:\/\/infoecos.com.ar\/#\/schema\/person\/8f5ace5ce73b4b4aac4b7245aee6f191\"},\"headline\":\"Datos del INDEC: mejoras en la industria y la construcci\u00f3n\",\"datePublished\":\"2022-07-08T05:58:02+00:00\",\"dateModified\":\"2022-07-12T05:34:39+00:00\",\"mainEntityOfPage\":{\"@id\":\"https:\/\/infoecos.com.ar\/index.php\/datos-del-indec-mejoras-en-la-industria-y-la-construccion\/\"},\"wordCount\":234,\"publisher\":{\"@id\":\"https:\/\/infoecos.com.ar\/#organization\"},\"image\":{\"@id\":\"https:\/\/infoecos.com.ar\/index.php\/datos-del-indec-mejoras-en-la-industria-y-la-construccion\/#primaryimage\"},\"thumbnailUrl\":\"https:\/\/infoecos.com.ar\/wp-content\/uploads\/2022\/07\/INDUSTRIAACTIVIDAD.jpg\",\"keywords\":[\"RETROCESO EN EL SECTOR TABACO\"],\"articleSection\":[\"Bloque inferior - 1\"],\"inLanguage\":\"es\"},{\"@type\":\"WebPage\",\"@id\":\"https:\/\/infoecos.com.ar\/index.php\/datos-del-indec-mejoras-en-la-industria-y-la-construccion\/\",\"url\":\"https:\/\/infoecos.com.ar\/index.php\/datos-del-indec-mejoras-en-la-industria-y-la-construccion\/\",\"name\":\"Datos del INDEC: mejoras en la industria y la construcci\u00f3n - Infoecos\",\"isPartOf\":{\"@id\":\"https:\/\/infoecos.com.ar\/#website\"},\"primaryImageOfPage\":{\"@id\":\"https:\/\/infoecos.com.ar\/index.php\/datos-del-indec-mejoras-en-la-industria-y-la-construccion\/#primaryimage\"},\"image\":{\"@id\":\"https:\/\/infoecos.com.ar\/index.php\/datos-del-indec-mejoras-en-la-industria-y-la-construccion\/#primaryimage\"},\"thumbnailUrl\":\"https:\/\/infoecos.com.ar\/wp-content\/uploads\/2022\/07\/INDUSTRIAACTIVIDAD.jpg\",\"datePublished\":\"2022-07-08T05:58:02+00:00\",\"dateModified\":\"2022-07-12T05:34:39+00:00\",\"breadcrumb\":{\"@id\":\"https:\/\/infoecos.com.ar\/index.php\/datos-del-indec-mejoras-en-la-industria-y-la-construccion\/#breadcrumb\"},\"inLanguage\":\"es\",\"potentialAction\":[{\"@type\":\"ReadAction\",\"target\":[\"https:\/\/infoecos.com.ar\/index.php\/datos-del-indec-mejoras-en-la-industria-y-la-construccion\/\"]}]},{\"@type\":\"ImageObject\",\"inLanguage\":\"es\",\"@id\":\"https:\/\/infoecos.com.ar\/index.php\/datos-del-indec-mejoras-en-la-industria-y-la-construccion\/#primaryimage\",\"url\":\"https:\/\/infoecos.com.ar\/wp-content\/uploads\/2022\/07\/INDUSTRIAACTIVIDAD.jpg\",\"contentUrl\":\"https:\/\/infoecos.com.ar\/wp-content\/uploads\/2022\/07\/INDUSTRIAACTIVIDAD.jpg\",\"width\":900,\"height\":506},{\"@type\":\"BreadcrumbList\",\"@id\":\"https:\/\/infoecos.com.ar\/index.php\/datos-del-indec-mejoras-en-la-industria-y-la-construccion\/#breadcrumb\",\"itemListElement\":[{\"@type\":\"ListItem\",\"position\":1,\"name\":\"Portada\",\"item\":\"https:\/\/infoecos.com.ar\/\"},{\"@type\":\"ListItem\",\"position\":2,\"name\":\"Datos del INDEC: mejoras en la industria y la construcci\u00f3n\"}]},{\"@type\":\"WebSite\",\"@id\":\"https:\/\/infoecos.com.ar\/#website\",\"url\":\"https:\/\/infoecos.com.ar\/\",\"name\":\"Infoecos\",\"description\":\"Noticias de trenque lauquen y la zona\",\"publisher\":{\"@id\":\"https:\/\/infoecos.com.ar\/#organization\"},\"alternateName\":\"Noticias\",\"potentialAction\":[{\"@type\":\"SearchAction\",\"target\":{\"@type\":\"EntryPoint\",\"urlTemplate\":\"https:\/\/infoecos.com.ar\/?s={search_term_string}\"},\"query-input\":{\"@type\":\"PropertyValueSpecification\",\"valueRequired\":true,\"valueName\":\"search_term_string\"}}],\"inLanguage\":\"es\"},{\"@type\":\"Organization\",\"@id\":\"https:\/\/infoecos.com.ar\/#organization\",\"name\":\"Infoecos\",\"alternateName\":\"Noticias\",\"url\":\"https:\/\/infoecos.com.ar\/\",\"logo\":{\"@type\":\"ImageObject\",\"inLanguage\":\"es\",\"@id\":\"https:\/\/infoecos.com.ar\/#\/schema\/logo\/image\/\",\"url\":\"https:\/\/infoecos.com.ar\/wp-content\/uploads\/2024\/03\/cropped-logo.png\",\"contentUrl\":\"https:\/\/infoecos.com.ar\/wp-content\/uploads\/2024\/03\/cropped-logo.png\",\"width\":374,\"height\":90,\"caption\":\"Infoecos\"},\"image\":{\"@id\":\"https:\/\/infoecos.com.ar\/#\/schema\/logo\/image\/\"},\"sameAs\":[\"https:\/\/www.facebook.com\/profile.php?id=100063200290284\",\"https:\/\/x.com\/infoecos\"]},{\"@type\":\"Person\",\"@id\":\"https:\/\/infoecos.com.ar\/#\/schema\/person\/8f5ace5ce73b4b4aac4b7245aee6f191\",\"name\":\"Jorge Matheus\",\"url\":\"https:\/\/infoecos.com.ar\/index.php\/author\/jomatheus\/\"}]}<\/script>\n<!-- \/ Yoast SEO plugin. -->","yoast_head_json":{"title":"Datos del INDEC: mejoras en la industria y la construcci\u00f3n - Infoecos","robots":{"index":"index","follow":"follow","max-snippet":"max-snippet:-1","max-image-preview":"max-image-preview:large","max-video-preview":"max-video-preview:-1"},"canonical":"https:\/\/infoecos.com.ar\/index.php\/datos-del-indec-mejoras-en-la-industria-y-la-construccion\/","og_locale":"es_ES","og_type":"article","og_title":"Datos del INDEC: mejoras en la industria y la construcci\u00f3n - Infoecos","og_description":"Durante mayo, quince de las diecis\u00e9is divisiones de la industria manufacturera presentaron subas interanuales","og_url":"https:\/\/infoecos.com.ar\/index.php\/datos-del-indec-mejoras-en-la-industria-y-la-construccion\/","og_site_name":"Infoecos","article_publisher":"https:\/\/www.facebook.com\/profile.php?id=100063200290284","article_published_time":"2022-07-08T05:58:02+00:00","article_modified_time":"2022-07-12T05:34:39+00:00","og_image":[{"width":900,"height":506,"url":"https:\/\/infoecos.com.ar\/wp-content\/uploads\/2022\/07\/INDUSTRIAACTIVIDAD.jpg","type":"image\/jpeg"}],"author":"Jorge Matheus","twitter_card":"summary_large_image","twitter_creator":"@infoecos","twitter_site":"@infoecos","twitter_misc":{"Escrito por":"Jorge Matheus","Tiempo de lectura":"1 minuto"},"schema":{"@context":"https:\/\/schema.org","@graph":[{"@type":"Article","@id":"https:\/\/infoecos.com.ar\/index.php\/datos-del-indec-mejoras-en-la-industria-y-la-construccion\/#article","isPartOf":{"@id":"https:\/\/infoecos.com.ar\/index.php\/datos-del-indec-mejoras-en-la-industria-y-la-construccion\/"},"author":{"name":"Jorge Matheus","@id":"https:\/\/infoecos.com.ar\/#\/schema\/person\/8f5ace5ce73b4b4aac4b7245aee6f191"},"headline":"Datos del INDEC: mejoras en la industria y la construcci\u00f3n","datePublished":"2022-07-08T05:58:02+00:00","dateModified":"2022-07-12T05:34:39+00:00","mainEntityOfPage":{"@id":"https:\/\/infoecos.com.ar\/index.php\/datos-del-indec-mejoras-en-la-industria-y-la-construccion\/"},"wordCount":234,"publisher":{"@id":"https:\/\/infoecos.com.ar\/#organization"},"image":{"@id":"https:\/\/infoecos.com.ar\/index.php\/datos-del-indec-mejoras-en-la-industria-y-la-construccion\/#primaryimage"},"thumbnailUrl":"https:\/\/infoecos.com.ar\/wp-content\/uploads\/2022\/07\/INDUSTRIAACTIVIDAD.jpg","keywords":["RETROCESO EN EL SECTOR TABACO"],"articleSection":["Bloque inferior - 1"],"inLanguage":"es"},{"@type":"WebPage","@id":"https:\/\/infoecos.com.ar\/index.php\/datos-del-indec-mejoras-en-la-industria-y-la-construccion\/","url":"https:\/\/infoecos.com.ar\/index.php\/datos-del-indec-mejoras-en-la-industria-y-la-construccion\/","name":"Datos del INDEC: mejoras en la industria y la construcci\u00f3n - Infoecos","isPartOf":{"@id":"https:\/\/infoecos.com.ar\/#website"},"primaryImageOfPage":{"@id":"https:\/\/infoecos.com.ar\/index.php\/datos-del-indec-mejoras-en-la-industria-y-la-construccion\/#primaryimage"},"image":{"@id":"https:\/\/infoecos.com.ar\/index.php\/datos-del-indec-mejoras-en-la-industria-y-la-construccion\/#primaryimage"},"thumbnailUrl":"https:\/\/infoecos.com.ar\/wp-content\/uploads\/2022\/07\/INDUSTRIAACTIVIDAD.jpg","datePublished":"2022-07-08T05:58:02+00:00","dateModified":"2022-07-12T05:34:39+00:00","breadcrumb":{"@id":"https:\/\/infoecos.com.ar\/index.php\/datos-del-indec-mejoras-en-la-industria-y-la-construccion\/#breadcrumb"},"inLanguage":"es","potentialAction":[{"@type":"ReadAction","target":["https:\/\/infoecos.com.ar\/index.php\/datos-del-indec-mejoras-en-la-industria-y-la-construccion\/"]}]},{"@type":"ImageObject","inLanguage":"es","@id":"https:\/\/infoecos.com.ar\/index.php\/datos-del-indec-mejoras-en-la-industria-y-la-construccion\/#primaryimage","url":"https:\/\/infoecos.com.ar\/wp-content\/uploads\/2022\/07\/INDUSTRIAACTIVIDAD.jpg","contentUrl":"https:\/\/infoecos.com.ar\/wp-content\/uploads\/2022\/07\/INDUSTRIAACTIVIDAD.jpg","width":900,"height":506},{"@type":"BreadcrumbList","@id":"https:\/\/infoecos.com.ar\/index.php\/datos-del-indec-mejoras-en-la-industria-y-la-construccion\/#breadcrumb","itemListElement":[{"@type":"ListItem","position":1,"name":"Portada","item":"https:\/\/infoecos.com.ar\/"},{"@type":"ListItem","position":2,"name":"Datos del INDEC: mejoras en la industria y la construcci\u00f3n"}]},{"@type":"WebSite","@id":"https:\/\/infoecos.com.ar\/#website","url":"https:\/\/infoecos.com.ar\/","name":"Infoecos","description":"Noticias de trenque lauquen y la zona","publisher":{"@id":"https:\/\/infoecos.com.ar\/#organization"},"alternateName":"Noticias","potentialAction":[{"@type":"SearchAction","target":{"@type":"EntryPoint","urlTemplate":"https:\/\/infoecos.com.ar\/?s={search_term_string}"},"query-input":{"@type":"PropertyValueSpecification","valueRequired":true,"valueName":"search_term_string"}}],"inLanguage":"es"},{"@type":"Organization","@id":"https:\/\/infoecos.com.ar\/#organization","name":"Infoecos","alternateName":"Noticias","url":"https:\/\/infoecos.com.ar\/","logo":{"@type":"ImageObject","inLanguage":"es","@id":"https:\/\/infoecos.com.ar\/#\/schema\/logo\/image\/","url":"https:\/\/infoecos.com.ar\/wp-content\/uploads\/2024\/03\/cropped-logo.png","contentUrl":"https:\/\/infoecos.com.ar\/wp-content\/uploads\/2024\/03\/cropped-logo.png","width":374,"height":90,"caption":"Infoecos"},"image":{"@id":"https:\/\/infoecos.com.ar\/#\/schema\/logo\/image\/"},"sameAs":["https:\/\/www.facebook.com\/profile.php?id=100063200290284","https:\/\/x.com\/infoecos"]},{"@type":"Person","@id":"https:\/\/infoecos.com.ar\/#\/schema\/person\/8f5ace5ce73b4b4aac4b7245aee6f191","name":"Jorge Matheus","url":"https:\/\/infoecos.com.ar\/index.php\/author\/jomatheus\/"}]}},"featured_image_urls":{"full":["https:\/\/infoecos.com.ar\/wp-content\/uploads\/2022\/07\/INDUSTRIAACTIVIDAD.jpg",900,506,false],"thumbnail":["https:\/\/infoecos.com.ar\/wp-content\/uploads\/2022\/07\/INDUSTRIAACTIVIDAD-150x150.jpg",150,150,true],"medium":["https:\/\/infoecos.com.ar\/wp-content\/uploads\/2022\/07\/INDUSTRIAACTIVIDAD-460x259.jpg",460,259,true],"medium_large":["https:\/\/infoecos.com.ar\/wp-content\/uploads\/2022\/07\/INDUSTRIAACTIVIDAD-768x432.jpg",640,360,true],"large":["https:\/\/infoecos.com.ar\/wp-content\/uploads\/2022\/07\/INDUSTRIAACTIVIDAD.jpg",640,360,false],"1536x1536":["https:\/\/infoecos.com.ar\/wp-content\/uploads\/2022\/07\/INDUSTRIAACTIVIDAD.jpg",900,506,false],"2048x2048":["https:\/\/infoecos.com.ar\/wp-content\/uploads\/2022\/07\/INDUSTRIAACTIVIDAD.jpg",900,506,false],"covernews-slider-full":["https:\/\/infoecos.com.ar\/wp-content\/uploads\/2022\/07\/INDUSTRIAACTIVIDAD.jpg",900,506,false],"covernews-slider-center":["https:\/\/infoecos.com.ar\/wp-content\/uploads\/2022\/07\/INDUSTRIAACTIVIDAD.jpg",800,450,false],"covernews-featured":["https:\/\/infoecos.com.ar\/wp-content\/uploads\/2022\/07\/INDUSTRIAACTIVIDAD.jpg",900,506,false],"covernews-medium":["https:\/\/infoecos.com.ar\/wp-content\/uploads\/2022\/07\/INDUSTRIAACTIVIDAD-720x380.jpg",540,285,true],"covernews-medium-square":["https:\/\/infoecos.com.ar\/wp-content\/uploads\/2022\/07\/INDUSTRIAACTIVIDAD-675x450.jpg",375,250,true]},"author_info":{"info":["Jorge Matheus"]},"category_info":"<a href=\"https:\/\/infoecos.com.ar\/index.php\/category\/inferior1\/\" rel=\"category tag\">Bloque inferior - 1<\/a>","tag_info":"Bloque inferior - 1","comment_count":"0","_links":{"self":[{"href":"https:\/\/infoecos.com.ar\/index.php\/wp-json\/wp\/v2\/posts\/94038"}],"collection":[{"href":"https:\/\/infoecos.com.ar\/index.php\/wp-json\/wp\/v2\/posts"}],"about":[{"href":"https:\/\/infoecos.com.ar\/index.php\/wp-json\/wp\/v2\/types\/post"}],"author":[{"embeddable":true,"href":"https:\/\/infoecos.com.ar\/index.php\/wp-json\/wp\/v2\/users\/2"}],"replies":[{"embeddable":true,"href":"https:\/\/infoecos.com.ar\/index.php\/wp-json\/wp\/v2\/comments?post=94038"}],"version-history":[{"count":1,"href":"https:\/\/infoecos.com.ar\/index.php\/wp-json\/wp\/v2\/posts\/94038\/revisions"}],"predecessor-version":[{"id":94040,"href":"https:\/\/infoecos.com.ar\/index.php\/wp-json\/wp\/v2\/posts\/94038\/revisions\/94040"}],"wp:featuredmedia":[{"embeddable":true,"href":"https:\/\/infoecos.com.ar\/index.php\/wp-json\/wp\/v2\/media\/94039"}],"wp:attachment":[{"href":"https:\/\/infoecos.com.ar\/index.php\/wp-json\/wp\/v2\/media?parent=94038"}],"wp:term":[{"taxonomy":"category","embeddable":true,"href":"https:\/\/infoecos.com.ar\/index.php\/wp-json\/wp\/v2\/categories?post=94038"},{"taxonomy":"post_tag","embeddable":true,"href":"https:\/\/infoecos.com.ar\/index.php\/wp-json\/wp\/v2\/tags?post=94038"}],"curies":[{"name":"wp","href":"https:\/\/api.w.org\/{rel}","templated":true}]}}